{"id":654,"date":"2018-03-04T12:43:22","date_gmt":"2018-03-04T12:43:22","guid":{"rendered":"http:\/\/diariotextual.com\/inicio\/?p=654"},"modified":"2018-03-04T12:43:22","modified_gmt":"2018-03-04T12:43:22","slug":"pagina-12-denunciado-la-ley-polaca-prohibe-aludir-complicidad-los-nazis","status":"publish","type":"post","link":"https:\/\/diariotextual.com\/inicio\/index.php\/2018\/03\/04\/pagina-12-denunciado-la-ley-polaca-prohibe-aludir-complicidad-los-nazis\/","title":{"rendered":"P\u00e1gina\/12, denunciado por la ley polaca que proh\u00edbe aludir a complicidad con los nazis"},"content":{"rendered":"<p>El diario argentino<strong> P\u00e1gina\/12<\/strong> se convirti\u00f3 <strong>en el primer medio del mundo denunciado por una organizaci\u00f3n polaca bajo una pol\u00e9mica ley que proh\u00edbe acusar al Estado o al pueblo de ese pa\u00eds como responsable o c\u00f3mplice de los cr\u00edmenes del Holocaust<\/strong>o.<br \/>\n<!--more--><br \/>\nLa Liga Polaca contra la Difamaci\u00f3n (RDI), una ONG cuya meta es \u00abcorregir la informaci\u00f3n falsa sobre la historia polaca\u00bb, denunci\u00f3 al diario porte\u00f1o por haber incumplido con la nueva ley, que prev\u00e9 multas y hasta tres a\u00f1os de prisi\u00f3n para quien use la expresi\u00f3n \u00abcampos de concentraci\u00f3n polacos\u00bb al referirse a los centros puestos en marcha por el nacionalsocialismo en la Polonia ocupada, informaron medios polacos.<\/p>\n<p>Esa controvertida ley fue sancionada el 1 de febrero \u00faltimo, promulgada por el presidente polaco Andrzej Duda el 6 del mes pasado y entr\u00f3 el vigor el jueves de esta semana, primer d\u00eda de marzo.<\/p>\n<p>La denuncia, realizada ayer, se refiere a un art\u00edculo publicado el \u00faltimo 18 de diciembre, en el que se recuerda la masacre de jud\u00edos en el municipio polaco de Jedwabne en 1941, controlado entonces por el ej\u00e9rcito nazi.<\/p>\n<p>Seg\u00fan la querella, la informaci\u00f3n se ilustr\u00f3 \u00abde forma tendenciosa\u00bb con una imagen que no corresponde con los hechos narrados.<br \/>\nEn la fotograf\u00eda usada por el diario, aparecen los cad\u00e1veres de cuatro miembros de la resistencia anticomunista polaca de despu\u00e9s de la Segunda Guerra Mundial.<\/p>\n","protected":false},"excerpt":{"rendered":"<p>El diario argentino P\u00e1gina\/12 se convirti\u00f3 en el primer medio del mundo denunciado por una organizaci\u00f3n polaca bajo una pol\u00e9mica ley que proh\u00edbe acusar al Estado o al pueblo de&hellip;<\/p>\n","protected":false},"author":3,"featured_media":0,"comment_status":"open","ping_status":"open","sticky":false,"template":"","format":"standard","meta":{"_acf_changed":false,"footnotes":""},"categories":[1,7],"tags":[],"class_list":["post-654","post","type-post","status-publish","format-standard","hentry","category-es-noticia","category-mundo"],"acf":[],"yoast_head":"<!-- This site is optimized with the Yoast SEO plugin v27.5 - https:\/\/yoast.com\/product\/yoast-seo-wordpress\/ -->\n<title>P\u00e1gina\/12, denunciado por la ley polaca que proh\u00edbe aludir a complicidad con los nazis - Diario Textual<\/title>\n<meta name=\"robots\" content=\"index, follow, max-snippet:-1, max-image-preview:large, max-video-preview:-1\" \/>\n<link rel=\"canonical\" href=\"https:\/\/diariotextual.com\/inicio\/index.php\/2018\/03\/04\/pagina-12-denunciado-la-ley-polaca-prohibe-aludir-complicidad-los-nazis\/\" \/>\n<meta property=\"og:locale\" content=\"es_ES\" \/>\n<meta property=\"og:type\" content=\"article\" \/>\n<meta property=\"og:title\" content=\"P\u00e1gina\/12, denunciado por la ley polaca que proh\u00edbe aludir a complicidad con los nazis - Diario Textual\" \/>\n<meta property=\"og:description\" content=\"El diario argentino P\u00e1gina\/12 se convirti\u00f3 en el primer medio del mundo denunciado por una organizaci\u00f3n polaca bajo una pol\u00e9mica ley que proh\u00edbe acusar al Estado o al pueblo de&hellip;\" \/>\n<meta property=\"og:url\" content=\"https:\/\/diariotextual.com\/inicio\/index.php\/2018\/03\/04\/pagina-12-denunciado-la-ley-polaca-prohibe-aludir-complicidad-los-nazis\/\" \/>\n<meta property=\"og:site_name\" content=\"Diario Textual\" \/>\n<meta property=\"article:publisher\" content=\"https:\/\/www.facebook.com\/eltextual\" \/>\n<meta property=\"article:published_time\" content=\"2018-03-04T12:43:22+00:00\" \/>\n<meta name=\"author\" content=\"Diario1 Diario1\" \/>\n<meta name=\"twitter:card\" content=\"summary_large_image\" \/>\n<meta name=\"twitter:creator\" content=\"@eltextual\" \/>\n<meta name=\"twitter:site\" content=\"@eltextual\" \/>\n<meta name=\"twitter:label1\" content=\"Escrito por\" \/>\n\t<meta name=\"twitter:data1\" content=\"Diario1 Diario1\" \/>\n\t<meta name=\"twitter:label2\" content=\"Tiempo de lectura\" \/>\n\t<meta name=\"twitter:data2\" content=\"1 minuto\" \/>\n<script type=\"application\/ld+json\" class=\"yoast-schema-graph\">{\"@context\":\"https:\\\/\\\/schema.org\",\"@graph\":[{\"@type\":\"Article\",\"@id\":\"https:\\\/\\\/diariotextual.com\\\/inicio\\\/index.php\\\/2018\\\/03\\\/04\\\/pagina-12-denunciado-la-ley-polaca-prohibe-aludir-complicidad-los-nazis\\\/#article\",\"isPartOf\":{\"@id\":\"https:\\\/\\\/diariotextual.com\\\/inicio\\\/index.php\\\/2018\\\/03\\\/04\\\/pagina-12-denunciado-la-ley-polaca-prohibe-aludir-complicidad-los-nazis\\\/\"},\"author\":{\"name\":\"Diario1 Diario1\",\"@id\":\"https:\\\/\\\/diariotextual.com\\\/inicio\\\/#\\\/schema\\\/person\\\/418fc4093c33e86ed41562db3508f958\"},\"headline\":\"P\u00e1gina\\\/12, denunciado por la ley polaca que proh\u00edbe aludir a complicidad con los nazis\",\"datePublished\":\"2018-03-04T12:43:22+00:00\",\"mainEntityOfPage\":{\"@id\":\"https:\\\/\\\/diariotextual.com\\\/inicio\\\/index.php\\\/2018\\\/03\\\/04\\\/pagina-12-denunciado-la-ley-polaca-prohibe-aludir-complicidad-los-nazis\\\/\"},\"wordCount\":261,\"commentCount\":0,\"publisher\":{\"@id\":\"https:\\\/\\\/diariotextual.com\\\/inicio\\\/#organization\"},\"articleSection\":[\"A - ES NOTICIA (van abajo)\",\"MUNDO\"],\"inLanguage\":\"es\",\"potentialAction\":[{\"@type\":\"CommentAction\",\"name\":\"Comment\",\"target\":[\"https:\\\/\\\/diariotextual.com\\\/inicio\\\/index.php\\\/2018\\\/03\\\/04\\\/pagina-12-denunciado-la-ley-polaca-prohibe-aludir-complicidad-los-nazis\\\/#respond\"]}]},{\"@type\":\"WebPage\",\"@id\":\"https:\\\/\\\/diariotextual.com\\\/inicio\\\/index.php\\\/2018\\\/03\\\/04\\\/pagina-12-denunciado-la-ley-polaca-prohibe-aludir-complicidad-los-nazis\\\/\",\"url\":\"https:\\\/\\\/diariotextual.com\\\/inicio\\\/index.php\\\/2018\\\/03\\\/04\\\/pagina-12-denunciado-la-ley-polaca-prohibe-aludir-complicidad-los-nazis\\\/\",\"name\":\"P\u00e1gina\\\/12, denunciado por la ley polaca que proh\u00edbe aludir a complicidad con los nazis - Diario Textual\",\"isPartOf\":{\"@id\":\"https:\\\/\\\/diariotextual.com\\\/inicio\\\/#website\"},\"datePublished\":\"2018-03-04T12:43:22+00:00\",\"breadcrumb\":{\"@id\":\"https:\\\/\\\/diariotextual.com\\\/inicio\\\/index.php\\\/2018\\\/03\\\/04\\\/pagina-12-denunciado-la-ley-polaca-prohibe-aludir-complicidad-los-nazis\\\/#breadcrumb\"},\"inLanguage\":\"es\",\"potentialAction\":[{\"@type\":\"ReadAction\",\"target\":[\"https:\\\/\\\/diariotextual.com\\\/inicio\\\/index.php\\\/2018\\\/03\\\/04\\\/pagina-12-denunciado-la-ley-polaca-prohibe-aludir-complicidad-los-nazis\\\/\"]}]},{\"@type\":\"BreadcrumbList\",\"@id\":\"https:\\\/\\\/diariotextual.com\\\/inicio\\\/index.php\\\/2018\\\/03\\\/04\\\/pagina-12-denunciado-la-ley-polaca-prohibe-aludir-complicidad-los-nazis\\\/#breadcrumb\",\"itemListElement\":[{\"@type\":\"ListItem\",\"position\":1,\"name\":\"Portada\",\"item\":\"https:\\\/\\\/diariotextual.com\\\/inicio\\\/\"},{\"@type\":\"ListItem\",\"position\":2,\"name\":\"P\u00e1gina\\\/12, denunciado por la ley polaca que proh\u00edbe aludir a complicidad con los nazis\"}]},{\"@type\":\"WebSite\",\"@id\":\"https:\\\/\\\/diariotextual.com\\\/inicio\\\/#website\",\"url\":\"https:\\\/\\\/diariotextual.com\\\/inicio\\\/\",\"name\":\"Diario Textual\",\"description\":\"\",\"publisher\":{\"@id\":\"https:\\\/\\\/diariotextual.com\\\/inicio\\\/#organization\"},\"potentialAction\":[{\"@type\":\"SearchAction\",\"target\":{\"@type\":\"EntryPoint\",\"urlTemplate\":\"https:\\\/\\\/diariotextual.com\\\/inicio\\\/?s={search_term_string}\"},\"query-input\":{\"@type\":\"PropertyValueSpecification\",\"valueRequired\":true,\"valueName\":\"search_term_string\"}}],\"inLanguage\":\"es\"},{\"@type\":\"Organization\",\"@id\":\"https:\\\/\\\/diariotextual.com\\\/inicio\\\/#organization\",\"name\":\"Diario Textual\",\"url\":\"https:\\\/\\\/diariotextual.com\\\/inicio\\\/\",\"logo\":{\"@type\":\"ImageObject\",\"inLanguage\":\"es\",\"@id\":\"https:\\\/\\\/diariotextual.com\\\/inicio\\\/#\\\/schema\\\/logo\\\/image\\\/\",\"url\":\"https:\\\/\\\/diariotextual.com\\\/inicio\\\/wp-content\\\/uploads\\\/2023\\\/05\\\/logotextual1.jpg\",\"contentUrl\":\"https:\\\/\\\/diariotextual.com\\\/inicio\\\/wp-content\\\/uploads\\\/2023\\\/05\\\/logotextual1.jpg\",\"width\":516,\"height\":76,\"caption\":\"Diario Textual\"},\"image\":{\"@id\":\"https:\\\/\\\/diariotextual.com\\\/inicio\\\/#\\\/schema\\\/logo\\\/image\\\/\"},\"sameAs\":[\"https:\\\/\\\/www.facebook.com\\\/eltextual\",\"https:\\\/\\\/x.com\\\/eltextual\",\"http:\\\/\\\/www.instagram.com\\\/eltextual\"]},{\"@type\":\"Person\",\"@id\":\"https:\\\/\\\/diariotextual.com\\\/inicio\\\/#\\\/schema\\\/person\\\/418fc4093c33e86ed41562db3508f958\",\"name\":\"Diario1 Diario1\",\"image\":{\"@type\":\"ImageObject\",\"inLanguage\":\"es\",\"@id\":\"https:\\\/\\\/secure.gravatar.com\\\/avatar\\\/9167d280179c85bc18be67aa7eda765854300033af4896dd779b608640f2ef7a?s=96&d=mm&r=g\",\"url\":\"https:\\\/\\\/secure.gravatar.com\\\/avatar\\\/9167d280179c85bc18be67aa7eda765854300033af4896dd779b608640f2ef7a?s=96&d=mm&r=g\",\"contentUrl\":\"https:\\\/\\\/secure.gravatar.com\\\/avatar\\\/9167d280179c85bc18be67aa7eda765854300033af4896dd779b608640f2ef7a?s=96&d=mm&r=g\",\"caption\":\"Diario1 Diario1\"},\"url\":\"https:\\\/\\\/diariotextual.com\\\/inicio\\\/index.php\\\/author\\\/diario1\\\/\"}]}<\/script>\n<!-- \/ Yoast SEO plugin. -->","yoast_head_json":{"title":"P\u00e1gina\/12, denunciado por la ley polaca que proh\u00edbe aludir a complicidad con los nazis - Diario Textual","robots":{"index":"index","follow":"follow","max-snippet":"max-snippet:-1","max-image-preview":"max-image-preview:large","max-video-preview":"max-video-preview:-1"},"canonical":"https:\/\/diariotextual.com\/inicio\/index.php\/2018\/03\/04\/pagina-12-denunciado-la-ley-polaca-prohibe-aludir-complicidad-los-nazis\/","og_locale":"es_ES","og_type":"article","og_title":"P\u00e1gina\/12, denunciado por la ley polaca que proh\u00edbe aludir a complicidad con los nazis - Diario Textual","og_description":"El diario argentino P\u00e1gina\/12 se convirti\u00f3 en el primer medio del mundo denunciado por una organizaci\u00f3n polaca bajo una pol\u00e9mica ley que proh\u00edbe acusar al Estado o al pueblo de&hellip;","og_url":"https:\/\/diariotextual.com\/inicio\/index.php\/2018\/03\/04\/pagina-12-denunciado-la-ley-polaca-prohibe-aludir-complicidad-los-nazis\/","og_site_name":"Diario Textual","article_publisher":"https:\/\/www.facebook.com\/eltextual","article_published_time":"2018-03-04T12:43:22+00:00","author":"Diario1 Diario1","twitter_card":"summary_large_image","twitter_creator":"@eltextual","twitter_site":"@eltextual","twitter_misc":{"Escrito por":"Diario1 Diario1","Tiempo de lectura":"1 minuto"},"schema":{"@context":"https:\/\/schema.org","@graph":[{"@type":"Article","@id":"https:\/\/diariotextual.com\/inicio\/index.php\/2018\/03\/04\/pagina-12-denunciado-la-ley-polaca-prohibe-aludir-complicidad-los-nazis\/#article","isPartOf":{"@id":"https:\/\/diariotextual.com\/inicio\/index.php\/2018\/03\/04\/pagina-12-denunciado-la-ley-polaca-prohibe-aludir-complicidad-los-nazis\/"},"author":{"name":"Diario1 Diario1","@id":"https:\/\/diariotextual.com\/inicio\/#\/schema\/person\/418fc4093c33e86ed41562db3508f958"},"headline":"P\u00e1gina\/12, denunciado por la ley polaca que proh\u00edbe aludir a complicidad con los nazis","datePublished":"2018-03-04T12:43:22+00:00","mainEntityOfPage":{"@id":"https:\/\/diariotextual.com\/inicio\/index.php\/2018\/03\/04\/pagina-12-denunciado-la-ley-polaca-prohibe-aludir-complicidad-los-nazis\/"},"wordCount":261,"commentCount":0,"publisher":{"@id":"https:\/\/diariotextual.com\/inicio\/#organization"},"articleSection":["A - ES NOTICIA (van abajo)","MUNDO"],"inLanguage":"es","potentialAction":[{"@type":"CommentAction","name":"Comment","target":["https:\/\/diariotextual.com\/inicio\/index.php\/2018\/03\/04\/pagina-12-denunciado-la-ley-polaca-prohibe-aludir-complicidad-los-nazis\/#respond"]}]},{"@type":"WebPage","@id":"https:\/\/diariotextual.com\/inicio\/index.php\/2018\/03\/04\/pagina-12-denunciado-la-ley-polaca-prohibe-aludir-complicidad-los-nazis\/","url":"https:\/\/diariotextual.com\/inicio\/index.php\/2018\/03\/04\/pagina-12-denunciado-la-ley-polaca-prohibe-aludir-complicidad-los-nazis\/","name":"P\u00e1gina\/12, denunciado por la ley polaca que proh\u00edbe aludir a complicidad con los nazis - Diario Textual","isPartOf":{"@id":"https:\/\/diariotextual.com\/inicio\/#website"},"datePublished":"2018-03-04T12:43:22+00:00","breadcrumb":{"@id":"https:\/\/diariotextual.com\/inicio\/index.php\/2018\/03\/04\/pagina-12-denunciado-la-ley-polaca-prohibe-aludir-complicidad-los-nazis\/#breadcrumb"},"inLanguage":"es","potentialAction":[{"@type":"ReadAction","target":["https:\/\/diariotextual.com\/inicio\/index.php\/2018\/03\/04\/pagina-12-denunciado-la-ley-polaca-prohibe-aludir-complicidad-los-nazis\/"]}]},{"@type":"BreadcrumbList","@id":"https:\/\/diariotextual.com\/inicio\/index.php\/2018\/03\/04\/pagina-12-denunciado-la-ley-polaca-prohibe-aludir-complicidad-los-nazis\/#breadcrumb","itemListElement":[{"@type":"ListItem","position":1,"name":"Portada","item":"https:\/\/diariotextual.com\/inicio\/"},{"@type":"ListItem","position":2,"name":"P\u00e1gina\/12, denunciado por la ley polaca que proh\u00edbe aludir a complicidad con los nazis"}]},{"@type":"WebSite","@id":"https:\/\/diariotextual.com\/inicio\/#website","url":"https:\/\/diariotextual.com\/inicio\/","name":"Diario Textual","description":"","publisher":{"@id":"https:\/\/diariotextual.com\/inicio\/#organization"},"potentialAction":[{"@type":"SearchAction","target":{"@type":"EntryPoint","urlTemplate":"https:\/\/diariotextual.com\/inicio\/?s={search_term_string}"},"query-input":{"@type":"PropertyValueSpecification","valueRequired":true,"valueName":"search_term_string"}}],"inLanguage":"es"},{"@type":"Organization","@id":"https:\/\/diariotextual.com\/inicio\/#organization","name":"Diario Textual","url":"https:\/\/diariotextual.com\/inicio\/","logo":{"@type":"ImageObject","inLanguage":"es","@id":"https:\/\/diariotextual.com\/inicio\/#\/schema\/logo\/image\/","url":"https:\/\/diariotextual.com\/inicio\/wp-content\/uploads\/2023\/05\/logotextual1.jpg","contentUrl":"https:\/\/diariotextual.com\/inicio\/wp-content\/uploads\/2023\/05\/logotextual1.jpg","width":516,"height":76,"caption":"Diario Textual"},"image":{"@id":"https:\/\/diariotextual.com\/inicio\/#\/schema\/logo\/image\/"},"sameAs":["https:\/\/www.facebook.com\/eltextual","https:\/\/x.com\/eltextual","http:\/\/www.instagram.com\/eltextual"]},{"@type":"Person","@id":"https:\/\/diariotextual.com\/inicio\/#\/schema\/person\/418fc4093c33e86ed41562db3508f958","name":"Diario1 Diario1","image":{"@type":"ImageObject","inLanguage":"es","@id":"https:\/\/secure.gravatar.com\/avatar\/9167d280179c85bc18be67aa7eda765854300033af4896dd779b608640f2ef7a?s=96&d=mm&r=g","url":"https:\/\/secure.gravatar.com\/avatar\/9167d280179c85bc18be67aa7eda765854300033af4896dd779b608640f2ef7a?s=96&d=mm&r=g","contentUrl":"https:\/\/secure.gravatar.com\/avatar\/9167d280179c85bc18be67aa7eda765854300033af4896dd779b608640f2ef7a?s=96&d=mm&r=g","caption":"Diario1 Diario1"},"url":"https:\/\/diariotextual.com\/inicio\/index.php\/author\/diario1\/"}]}},"_links":{"self":[{"href":"https:\/\/diariotextual.com\/inicio\/index.php\/wp-json\/wp\/v2\/posts\/654","targetHints":{"allow":["GET"]}}],"collection":[{"href":"https:\/\/diariotextual.com\/inicio\/index.php\/wp-json\/wp\/v2\/posts"}],"about":[{"href":"https:\/\/diariotextual.com\/inicio\/index.php\/wp-json\/wp\/v2\/types\/post"}],"author":[{"embeddable":true,"href":"https:\/\/diariotextual.com\/inicio\/index.php\/wp-json\/wp\/v2\/users\/3"}],"replies":[{"embeddable":true,"href":"https:\/\/diariotextual.com\/inicio\/index.php\/wp-json\/wp\/v2\/comments?post=654"}],"version-history":[{"count":1,"href":"https:\/\/diariotextual.com\/inicio\/index.php\/wp-json\/wp\/v2\/posts\/654\/revisions"}],"predecessor-version":[{"id":655,"href":"https:\/\/diariotextual.com\/inicio\/index.php\/wp-json\/wp\/v2\/posts\/654\/revisions\/655"}],"wp:attachment":[{"href":"https:\/\/diariotextual.com\/inicio\/index.php\/wp-json\/wp\/v2\/media?parent=654"}],"wp:term":[{"taxonomy":"category","embeddable":true,"href":"https:\/\/diariotextual.com\/inicio\/index.php\/wp-json\/wp\/v2\/categories?post=654"},{"taxonomy":"post_tag","embeddable":true,"href":"https:\/\/diariotextual.com\/inicio\/index.php\/wp-json\/wp\/v2\/tags?post=654"}],"curies":[{"name":"wp","href":"https:\/\/api.w.org\/{rel}","templated":true}]}}