{"id":65464,"date":"2019-10-13T07:57:59","date_gmt":"2019-10-13T10:57:59","guid":{"rendered":"http:\/\/diariotextual.com\/inicio\/?p=65464"},"modified":"2019-10-13T22:54:51","modified_gmt":"2019-10-14T01:54:51","slug":"transur-se-va-quedar-10-anos-las-lineas-micros-santa-rosa-pico","status":"publish","type":"post","link":"https:\/\/diariotextual.com\/inicio\/index.php\/2019\/10\/13\/transur-se-va-quedar-10-anos-las-lineas-micros-santa-rosa-pico\/","title":{"rendered":"Transur se va a quedar por 10 a\u00f1os con las l\u00edneas de micros entre Santa Rosa y Pico"},"content":{"rendered":"<p>La empresa<strong> Transur<\/strong> est\u00e1 a punto de<strong> ganar la licitaci\u00f3n y quedarse con las l\u00edneas de micros de media distancia\u00a0<\/strong>m\u00e1s importantes de <strong>La Pampa<\/strong> por un per\u00edodo de <strong>10 a\u00f1os: la de Santa Rosa &#8211; Castex &#8211; Pico y la de Santa Rosa &#8211; Catril\u00f3 &#8211; Pico. Tambi\u00e9n, con la l\u00ednea Santa Rosa &#8211; Anguil.<\/strong><\/p>\n<p>Transur se hizo cargo de esas l\u00edneas a principios de a\u00f1o, a ra\u00edz de la salida intempestiva de Dumas, que ten\u00eda a cargo esas l\u00edneas.<\/p>\n<p>Recientemente <strong>la Direcci\u00f3n de Transporte de La Pampa llam\u00f3 a licitaci\u00f3n. La \u00fanica que se present\u00f3 para esas tres licencias fue Transur, propiedad de Diego Osorio<\/strong>, dijeron fuentes oficiales a <strong>Diario Textual.<\/strong><\/p>\n<p>Ahora la comisi\u00f3n de adjudicaci\u00f3n est\u00e1 por expedirse. Se descuenta que, de no mediar objeciones, le entregar\u00e1 esos tres recorridos por una d\u00e9cada.<\/p>\n<p>Adem\u00e1s,<strong> Transporte sac\u00f3 a licitaci\u00f3n la l\u00ednea Santa Rosa &#8211; Alpachiri.<\/strong> Originalmente estaba a cargo de Dumas, que tambi\u00e9n la abandon\u00f3. Se encuentra en manos de Alpachiri Bus, de Noelia Kissner. Esa firma es la \u00fanica que, tambi\u00e9n, se present\u00f3 en ese recorrido.<\/p>\n<p>&nbsp;<\/p>\n<p>&nbsp;<\/p>\n<p>&nbsp;<\/p>\n","protected":false},"excerpt":{"rendered":"<p>La empresa Transur est\u00e1 a punto de ganar la licitaci\u00f3n y quedarse con las l\u00edneas de micros de media distancia\u00a0m\u00e1s importantes de La Pampa por un per\u00edodo de 10 a\u00f1os:&hellip;<\/p>\n","protected":false},"author":3,"featured_media":33421,"comment_status":"closed","ping_status":"open","sticky":false,"template":"","format":"standard","meta":{"_acf_changed":false,"footnotes":""},"categories":[319,12],"tags":[1556],"class_list":["post-65464","post","type-post","status-publish","format-standard","has-post-thumbnail","hentry","category-a-temporales","category-sociedad","tag-transur"],"acf":[],"yoast_head":"<!-- This site is optimized with the Yoast SEO plugin v27.4 - https:\/\/yoast.com\/product\/yoast-seo-wordpress\/ -->\n<title>Transur se va a quedar por 10 a\u00f1os con las l\u00edneas de micros entre Santa Rosa y Pico - Diario Textual<\/title>\n<meta name=\"robots\" content=\"index, follow, max-snippet:-1, max-image-preview:large, max-video-preview:-1\" \/>\n<link rel=\"canonical\" href=\"https:\/\/diariotextual.com\/inicio\/index.php\/2019\/10\/13\/transur-se-va-quedar-10-anos-las-lineas-micros-santa-rosa-pico\/\" \/>\n<meta property=\"og:locale\" content=\"es_ES\" \/>\n<meta property=\"og:type\" content=\"article\" \/>\n<meta property=\"og:title\" content=\"Transur se va a quedar por 10 a\u00f1os con las l\u00edneas de micros entre Santa Rosa y Pico - Diario Textual\" \/>\n<meta property=\"og:description\" content=\"La empresa Transur est\u00e1 a punto de ganar la licitaci\u00f3n y quedarse con las l\u00edneas de micros de media distancia\u00a0m\u00e1s importantes de La Pampa por un per\u00edodo de 10 a\u00f1os:&hellip;\" \/>\n<meta property=\"og:url\" content=\"https:\/\/diariotextual.com\/inicio\/index.php\/2019\/10\/13\/transur-se-va-quedar-10-anos-las-lineas-micros-santa-rosa-pico\/\" \/>\n<meta property=\"og:site_name\" content=\"Diario Textual\" \/>\n<meta property=\"article:publisher\" content=\"https:\/\/www.facebook.com\/eltextual\" \/>\n<meta property=\"article:published_time\" content=\"2019-10-13T10:57:59+00:00\" \/>\n<meta property=\"article:modified_time\" content=\"2019-10-14T01:54:51+00:00\" \/>\n<meta property=\"og:image\" content=\"https:\/\/diariotextual.com\/inicio\/wp-content\/uploads\/2019\/01\/terminalomnibussanta4.jpg\" \/>\n\t<meta property=\"og:image:width\" content=\"1000\" \/>\n\t<meta property=\"og:image:height\" content=\"660\" \/>\n\t<meta property=\"og:image:type\" content=\"image\/jpeg\" \/>\n<meta name=\"author\" content=\"Diario1 Diario1\" \/>\n<meta name=\"twitter:card\" content=\"summary_large_image\" \/>\n<meta name=\"twitter:creator\" content=\"@eltextual\" \/>\n<meta name=\"twitter:site\" content=\"@eltextual\" \/>\n<meta name=\"twitter:label1\" content=\"Escrito por\" \/>\n\t<meta name=\"twitter:data1\" content=\"Diario1 Diario1\" \/>\n\t<meta name=\"twitter:label2\" content=\"Tiempo de lectura\" \/>\n\t<meta name=\"twitter:data2\" content=\"1 minuto\" \/>\n<script type=\"application\/ld+json\" class=\"yoast-schema-graph\">{\"@context\":\"https:\\\/\\\/schema.org\",\"@graph\":[{\"@type\":\"Article\",\"@id\":\"https:\\\/\\\/diariotextual.com\\\/inicio\\\/index.php\\\/2019\\\/10\\\/13\\\/transur-se-va-quedar-10-anos-las-lineas-micros-santa-rosa-pico\\\/#article\",\"isPartOf\":{\"@id\":\"https:\\\/\\\/diariotextual.com\\\/inicio\\\/index.php\\\/2019\\\/10\\\/13\\\/transur-se-va-quedar-10-anos-las-lineas-micros-santa-rosa-pico\\\/\"},\"author\":{\"name\":\"Diario1 Diario1\",\"@id\":\"https:\\\/\\\/diariotextual.com\\\/inicio\\\/#\\\/schema\\\/person\\\/418fc4093c33e86ed41562db3508f958\"},\"headline\":\"Transur se va a quedar por 10 a\u00f1os con las l\u00edneas de micros entre Santa Rosa y Pico\",\"datePublished\":\"2019-10-13T10:57:59+00:00\",\"dateModified\":\"2019-10-14T01:54:51+00:00\",\"mainEntityOfPage\":{\"@id\":\"https:\\\/\\\/diariotextual.com\\\/inicio\\\/index.php\\\/2019\\\/10\\\/13\\\/transur-se-va-quedar-10-anos-las-lineas-micros-santa-rosa-pico\\\/\"},\"wordCount\":222,\"publisher\":{\"@id\":\"https:\\\/\\\/diariotextual.com\\\/inicio\\\/#organization\"},\"image\":{\"@id\":\"https:\\\/\\\/diariotextual.com\\\/inicio\\\/index.php\\\/2019\\\/10\\\/13\\\/transur-se-va-quedar-10-anos-las-lineas-micros-santa-rosa-pico\\\/#primaryimage\"},\"thumbnailUrl\":\"https:\\\/\\\/diariotextual.com\\\/inicio\\\/wp-content\\\/uploads\\\/2019\\\/01\\\/terminalomnibussanta4.jpg\",\"keywords\":[\"transur\"],\"articleSection\":[\"A - TEMPORALES\",\"SOCIEDAD\"],\"inLanguage\":\"es\"},{\"@type\":\"WebPage\",\"@id\":\"https:\\\/\\\/diariotextual.com\\\/inicio\\\/index.php\\\/2019\\\/10\\\/13\\\/transur-se-va-quedar-10-anos-las-lineas-micros-santa-rosa-pico\\\/\",\"url\":\"https:\\\/\\\/diariotextual.com\\\/inicio\\\/index.php\\\/2019\\\/10\\\/13\\\/transur-se-va-quedar-10-anos-las-lineas-micros-santa-rosa-pico\\\/\",\"name\":\"Transur se va a quedar por 10 a\u00f1os con las l\u00edneas de micros entre Santa Rosa y Pico - Diario Textual\",\"isPartOf\":{\"@id\":\"https:\\\/\\\/diariotextual.com\\\/inicio\\\/#website\"},\"primaryImageOfPage\":{\"@id\":\"https:\\\/\\\/diariotextual.com\\\/inicio\\\/index.php\\\/2019\\\/10\\\/13\\\/transur-se-va-quedar-10-anos-las-lineas-micros-santa-rosa-pico\\\/#primaryimage\"},\"image\":{\"@id\":\"https:\\\/\\\/diariotextual.com\\\/inicio\\\/index.php\\\/2019\\\/10\\\/13\\\/transur-se-va-quedar-10-anos-las-lineas-micros-santa-rosa-pico\\\/#primaryimage\"},\"thumbnailUrl\":\"https:\\\/\\\/diariotextual.com\\\/inicio\\\/wp-content\\\/uploads\\\/2019\\\/01\\\/terminalomnibussanta4.jpg\",\"datePublished\":\"2019-10-13T10:57:59+00:00\",\"dateModified\":\"2019-10-14T01:54:51+00:00\",\"breadcrumb\":{\"@id\":\"https:\\\/\\\/diariotextual.com\\\/inicio\\\/index.php\\\/2019\\\/10\\\/13\\\/transur-se-va-quedar-10-anos-las-lineas-micros-santa-rosa-pico\\\/#breadcrumb\"},\"inLanguage\":\"es\",\"potentialAction\":[{\"@type\":\"ReadAction\",\"target\":[\"https:\\\/\\\/diariotextual.com\\\/inicio\\\/index.php\\\/2019\\\/10\\\/13\\\/transur-se-va-quedar-10-anos-las-lineas-micros-santa-rosa-pico\\\/\"]}]},{\"@type\":\"ImageObject\",\"inLanguage\":\"es\",\"@id\":\"https:\\\/\\\/diariotextual.com\\\/inicio\\\/index.php\\\/2019\\\/10\\\/13\\\/transur-se-va-quedar-10-anos-las-lineas-micros-santa-rosa-pico\\\/#primaryimage\",\"url\":\"https:\\\/\\\/diariotextual.com\\\/inicio\\\/wp-content\\\/uploads\\\/2019\\\/01\\\/terminalomnibussanta4.jpg\",\"contentUrl\":\"https:\\\/\\\/diariotextual.com\\\/inicio\\\/wp-content\\\/uploads\\\/2019\\\/01\\\/terminalomnibussanta4.jpg\",\"width\":1000,\"height\":660},{\"@type\":\"BreadcrumbList\",\"@id\":\"https:\\\/\\\/diariotextual.com\\\/inicio\\\/index.php\\\/2019\\\/10\\\/13\\\/transur-se-va-quedar-10-anos-las-lineas-micros-santa-rosa-pico\\\/#breadcrumb\",\"itemListElement\":[{\"@type\":\"ListItem\",\"position\":1,\"name\":\"Portada\",\"item\":\"https:\\\/\\\/diariotextual.com\\\/inicio\\\/\"},{\"@type\":\"ListItem\",\"position\":2,\"name\":\"Transur se va a quedar por 10 a\u00f1os con las l\u00edneas de micros entre Santa Rosa y Pico\"}]},{\"@type\":\"WebSite\",\"@id\":\"https:\\\/\\\/diariotextual.com\\\/inicio\\\/#website\",\"url\":\"https:\\\/\\\/diariotextual.com\\\/inicio\\\/\",\"name\":\"Diario Textual\",\"description\":\"\",\"publisher\":{\"@id\":\"https:\\\/\\\/diariotextual.com\\\/inicio\\\/#organization\"},\"potentialAction\":[{\"@type\":\"SearchAction\",\"target\":{\"@type\":\"EntryPoint\",\"urlTemplate\":\"https:\\\/\\\/diariotextual.com\\\/inicio\\\/?s={search_term_string}\"},\"query-input\":{\"@type\":\"PropertyValueSpecification\",\"valueRequired\":true,\"valueName\":\"search_term_string\"}}],\"inLanguage\":\"es\"},{\"@type\":\"Organization\",\"@id\":\"https:\\\/\\\/diariotextual.com\\\/inicio\\\/#organization\",\"name\":\"Diario Textual\",\"url\":\"https:\\\/\\\/diariotextual.com\\\/inicio\\\/\",\"logo\":{\"@type\":\"ImageObject\",\"inLanguage\":\"es\",\"@id\":\"https:\\\/\\\/diariotextual.com\\\/inicio\\\/#\\\/schema\\\/logo\\\/image\\\/\",\"url\":\"https:\\\/\\\/diariotextual.com\\\/inicio\\\/wp-content\\\/uploads\\\/2023\\\/05\\\/logotextual1.jpg\",\"contentUrl\":\"https:\\\/\\\/diariotextual.com\\\/inicio\\\/wp-content\\\/uploads\\\/2023\\\/05\\\/logotextual1.jpg\",\"width\":516,\"height\":76,\"caption\":\"Diario Textual\"},\"image\":{\"@id\":\"https:\\\/\\\/diariotextual.com\\\/inicio\\\/#\\\/schema\\\/logo\\\/image\\\/\"},\"sameAs\":[\"https:\\\/\\\/www.facebook.com\\\/eltextual\",\"https:\\\/\\\/x.com\\\/eltextual\",\"http:\\\/\\\/www.instagram.com\\\/eltextual\"]},{\"@type\":\"Person\",\"@id\":\"https:\\\/\\\/diariotextual.com\\\/inicio\\\/#\\\/schema\\\/person\\\/418fc4093c33e86ed41562db3508f958\",\"name\":\"Diario1 Diario1\",\"image\":{\"@type\":\"ImageObject\",\"inLanguage\":\"es\",\"@id\":\"https:\\\/\\\/secure.gravatar.com\\\/avatar\\\/9167d280179c85bc18be67aa7eda765854300033af4896dd779b608640f2ef7a?s=96&d=mm&r=g\",\"url\":\"https:\\\/\\\/secure.gravatar.com\\\/avatar\\\/9167d280179c85bc18be67aa7eda765854300033af4896dd779b608640f2ef7a?s=96&d=mm&r=g\",\"contentUrl\":\"https:\\\/\\\/secure.gravatar.com\\\/avatar\\\/9167d280179c85bc18be67aa7eda765854300033af4896dd779b608640f2ef7a?s=96&d=mm&r=g\",\"caption\":\"Diario1 Diario1\"},\"url\":\"https:\\\/\\\/diariotextual.com\\\/inicio\\\/index.php\\\/author\\\/diario1\\\/\"}]}<\/script>\n<!-- \/ Yoast SEO plugin. -->","yoast_head_json":{"title":"Transur se va a quedar por 10 a\u00f1os con las l\u00edneas de micros entre Santa Rosa y Pico - Diario Textual","robots":{"index":"index","follow":"follow","max-snippet":"max-snippet:-1","max-image-preview":"max-image-preview:large","max-video-preview":"max-video-preview:-1"},"canonical":"https:\/\/diariotextual.com\/inicio\/index.php\/2019\/10\/13\/transur-se-va-quedar-10-anos-las-lineas-micros-santa-rosa-pico\/","og_locale":"es_ES","og_type":"article","og_title":"Transur se va a quedar por 10 a\u00f1os con las l\u00edneas de micros entre Santa Rosa y Pico - Diario Textual","og_description":"La empresa Transur est\u00e1 a punto de ganar la licitaci\u00f3n y quedarse con las l\u00edneas de micros de media distancia\u00a0m\u00e1s importantes de La Pampa por un per\u00edodo de 10 a\u00f1os:&hellip;","og_url":"https:\/\/diariotextual.com\/inicio\/index.php\/2019\/10\/13\/transur-se-va-quedar-10-anos-las-lineas-micros-santa-rosa-pico\/","og_site_name":"Diario Textual","article_publisher":"https:\/\/www.facebook.com\/eltextual","article_published_time":"2019-10-13T10:57:59+00:00","article_modified_time":"2019-10-14T01:54:51+00:00","og_image":[{"width":1000,"height":660,"url":"https:\/\/diariotextual.com\/inicio\/wp-content\/uploads\/2019\/01\/terminalomnibussanta4.jpg","type":"image\/jpeg"}],"author":"Diario1 Diario1","twitter_card":"summary_large_image","twitter_creator":"@eltextual","twitter_site":"@eltextual","twitter_misc":{"Escrito por":"Diario1 Diario1","Tiempo de lectura":"1 minuto"},"schema":{"@context":"https:\/\/schema.org","@graph":[{"@type":"Article","@id":"https:\/\/diariotextual.com\/inicio\/index.php\/2019\/10\/13\/transur-se-va-quedar-10-anos-las-lineas-micros-santa-rosa-pico\/#article","isPartOf":{"@id":"https:\/\/diariotextual.com\/inicio\/index.php\/2019\/10\/13\/transur-se-va-quedar-10-anos-las-lineas-micros-santa-rosa-pico\/"},"author":{"name":"Diario1 Diario1","@id":"https:\/\/diariotextual.com\/inicio\/#\/schema\/person\/418fc4093c33e86ed41562db3508f958"},"headline":"Transur se va a quedar por 10 a\u00f1os con las l\u00edneas de micros entre Santa Rosa y Pico","datePublished":"2019-10-13T10:57:59+00:00","dateModified":"2019-10-14T01:54:51+00:00","mainEntityOfPage":{"@id":"https:\/\/diariotextual.com\/inicio\/index.php\/2019\/10\/13\/transur-se-va-quedar-10-anos-las-lineas-micros-santa-rosa-pico\/"},"wordCount":222,"publisher":{"@id":"https:\/\/diariotextual.com\/inicio\/#organization"},"image":{"@id":"https:\/\/diariotextual.com\/inicio\/index.php\/2019\/10\/13\/transur-se-va-quedar-10-anos-las-lineas-micros-santa-rosa-pico\/#primaryimage"},"thumbnailUrl":"https:\/\/diariotextual.com\/inicio\/wp-content\/uploads\/2019\/01\/terminalomnibussanta4.jpg","keywords":["transur"],"articleSection":["A - TEMPORALES","SOCIEDAD"],"inLanguage":"es"},{"@type":"WebPage","@id":"https:\/\/diariotextual.com\/inicio\/index.php\/2019\/10\/13\/transur-se-va-quedar-10-anos-las-lineas-micros-santa-rosa-pico\/","url":"https:\/\/diariotextual.com\/inicio\/index.php\/2019\/10\/13\/transur-se-va-quedar-10-anos-las-lineas-micros-santa-rosa-pico\/","name":"Transur se va a quedar por 10 a\u00f1os con las l\u00edneas de micros entre Santa Rosa y Pico - Diario Textual","isPartOf":{"@id":"https:\/\/diariotextual.com\/inicio\/#website"},"primaryImageOfPage":{"@id":"https:\/\/diariotextual.com\/inicio\/index.php\/2019\/10\/13\/transur-se-va-quedar-10-anos-las-lineas-micros-santa-rosa-pico\/#primaryimage"},"image":{"@id":"https:\/\/diariotextual.com\/inicio\/index.php\/2019\/10\/13\/transur-se-va-quedar-10-anos-las-lineas-micros-santa-rosa-pico\/#primaryimage"},"thumbnailUrl":"https:\/\/diariotextual.com\/inicio\/wp-content\/uploads\/2019\/01\/terminalomnibussanta4.jpg","datePublished":"2019-10-13T10:57:59+00:00","dateModified":"2019-10-14T01:54:51+00:00","breadcrumb":{"@id":"https:\/\/diariotextual.com\/inicio\/index.php\/2019\/10\/13\/transur-se-va-quedar-10-anos-las-lineas-micros-santa-rosa-pico\/#breadcrumb"},"inLanguage":"es","potentialAction":[{"@type":"ReadAction","target":["https:\/\/diariotextual.com\/inicio\/index.php\/2019\/10\/13\/transur-se-va-quedar-10-anos-las-lineas-micros-santa-rosa-pico\/"]}]},{"@type":"ImageObject","inLanguage":"es","@id":"https:\/\/diariotextual.com\/inicio\/index.php\/2019\/10\/13\/transur-se-va-quedar-10-anos-las-lineas-micros-santa-rosa-pico\/#primaryimage","url":"https:\/\/diariotextual.com\/inicio\/wp-content\/uploads\/2019\/01\/terminalomnibussanta4.jpg","contentUrl":"https:\/\/diariotextual.com\/inicio\/wp-content\/uploads\/2019\/01\/terminalomnibussanta4.jpg","width":1000,"height":660},{"@type":"BreadcrumbList","@id":"https:\/\/diariotextual.com\/inicio\/index.php\/2019\/10\/13\/transur-se-va-quedar-10-anos-las-lineas-micros-santa-rosa-pico\/#breadcrumb","itemListElement":[{"@type":"ListItem","position":1,"name":"Portada","item":"https:\/\/diariotextual.com\/inicio\/"},{"@type":"ListItem","position":2,"name":"Transur se va a quedar por 10 a\u00f1os con las l\u00edneas de micros entre Santa Rosa y Pico"}]},{"@type":"WebSite","@id":"https:\/\/diariotextual.com\/inicio\/#website","url":"https:\/\/diariotextual.com\/inicio\/","name":"Diario Textual","description":"","publisher":{"@id":"https:\/\/diariotextual.com\/inicio\/#organization"},"potentialAction":[{"@type":"SearchAction","target":{"@type":"EntryPoint","urlTemplate":"https:\/\/diariotextual.com\/inicio\/?s={search_term_string}"},"query-input":{"@type":"PropertyValueSpecification","valueRequired":true,"valueName":"search_term_string"}}],"inLanguage":"es"},{"@type":"Organization","@id":"https:\/\/diariotextual.com\/inicio\/#organization","name":"Diario Textual","url":"https:\/\/diariotextual.com\/inicio\/","logo":{"@type":"ImageObject","inLanguage":"es","@id":"https:\/\/diariotextual.com\/inicio\/#\/schema\/logo\/image\/","url":"https:\/\/diariotextual.com\/inicio\/wp-content\/uploads\/2023\/05\/logotextual1.jpg","contentUrl":"https:\/\/diariotextual.com\/inicio\/wp-content\/uploads\/2023\/05\/logotextual1.jpg","width":516,"height":76,"caption":"Diario Textual"},"image":{"@id":"https:\/\/diariotextual.com\/inicio\/#\/schema\/logo\/image\/"},"sameAs":["https:\/\/www.facebook.com\/eltextual","https:\/\/x.com\/eltextual","http:\/\/www.instagram.com\/eltextual"]},{"@type":"Person","@id":"https:\/\/diariotextual.com\/inicio\/#\/schema\/person\/418fc4093c33e86ed41562db3508f958","name":"Diario1 Diario1","image":{"@type":"ImageObject","inLanguage":"es","@id":"https:\/\/secure.gravatar.com\/avatar\/9167d280179c85bc18be67aa7eda765854300033af4896dd779b608640f2ef7a?s=96&d=mm&r=g","url":"https:\/\/secure.gravatar.com\/avatar\/9167d280179c85bc18be67aa7eda765854300033af4896dd779b608640f2ef7a?s=96&d=mm&r=g","contentUrl":"https:\/\/secure.gravatar.com\/avatar\/9167d280179c85bc18be67aa7eda765854300033af4896dd779b608640f2ef7a?s=96&d=mm&r=g","caption":"Diario1 Diario1"},"url":"https:\/\/diariotextual.com\/inicio\/index.php\/author\/diario1\/"}]}},"_links":{"self":[{"href":"https:\/\/diariotextual.com\/inicio\/index.php\/wp-json\/wp\/v2\/posts\/65464","targetHints":{"allow":["GET"]}}],"collection":[{"href":"https:\/\/diariotextual.com\/inicio\/index.php\/wp-json\/wp\/v2\/posts"}],"about":[{"href":"https:\/\/diariotextual.com\/inicio\/index.php\/wp-json\/wp\/v2\/types\/post"}],"author":[{"embeddable":true,"href":"https:\/\/diariotextual.com\/inicio\/index.php\/wp-json\/wp\/v2\/users\/3"}],"replies":[{"embeddable":true,"href":"https:\/\/diariotextual.com\/inicio\/index.php\/wp-json\/wp\/v2\/comments?post=65464"}],"version-history":[{"count":3,"href":"https:\/\/diariotextual.com\/inicio\/index.php\/wp-json\/wp\/v2\/posts\/65464\/revisions"}],"predecessor-version":[{"id":65655,"href":"https:\/\/diariotextual.com\/inicio\/index.php\/wp-json\/wp\/v2\/posts\/65464\/revisions\/65655"}],"wp:featuredmedia":[{"embeddable":true,"href":"https:\/\/diariotextual.com\/inicio\/index.php\/wp-json\/wp\/v2\/media\/33421"}],"wp:attachment":[{"href":"https:\/\/diariotextual.com\/inicio\/index.php\/wp-json\/wp\/v2\/media?parent=65464"}],"wp:term":[{"taxonomy":"category","embeddable":true,"href":"https:\/\/diariotextual.com\/inicio\/index.php\/wp-json\/wp\/v2\/categories?post=65464"},{"taxonomy":"post_tag","embeddable":true,"href":"https:\/\/diariotextual.com\/inicio\/index.php\/wp-json\/wp\/v2\/tags?post=65464"}],"curies":[{"name":"wp","href":"https:\/\/api.w.org\/{rel}","templated":true}]}}