{"id":65530,"date":"2019-10-10T22:16:25","date_gmt":"2019-10-11T01:16:25","guid":{"rendered":"http:\/\/diariotextual.com\/inicio\/?p=65530"},"modified":"2019-10-11T16:02:51","modified_gmt":"2019-10-11T19:02:51","slug":"noviembre-santa-rosa-sera-sede-la-asamblea-nacional-hijos-heroes-malvinas","status":"publish","type":"post","link":"https:\/\/diariotextual.com\/inicio\/index.php\/2019\/10\/10\/noviembre-santa-rosa-sera-sede-la-asamblea-nacional-hijos-heroes-malvinas\/","title":{"rendered":"En noviembre, Santa Rosa ser\u00e1 sede de la Asamblea Nacional de Hijos de H\u00e9roes de Malvinas"},"content":{"rendered":"<p>La Agrupaci\u00f3n Hijos de H\u00e9roes de Malvinas de La Pampa se encuentra organizando la realizaci\u00f3n en Santa Rosa de la III\u00a0Asamblea Nacional de Hijos de H\u00e9roes de Malvinas, para los d\u00edas 16 y 17 de noviembre.<\/p>\n<p>Esta ma\u00f1ana, en su despacho, el intendente Leandro Altolaguirre mantuvo un encuentro con Branco Maidana, Marianela Aranda y Celeste Yurca, integrantes de la agrupaci\u00f3n.<\/p>\n<p>Los visitantes agradecieron al jefe comunal el apoyo que est\u00e1n recibiendo de parte de la comuna en cuanto a la organizaci\u00f3n del encuentro.<\/p>\n<p>Dijeron que est\u00e1 prevista la presencia de delegaciones de distintas provincias del pa\u00eds, bajo la premisa de debatir proyectos e ideas que ayuden a difundir y reivindicar la lucha de los h\u00e9roes que dieron su vida por la recuperaci\u00f3n de la soberan\u00eda argentina sobre las Islas Malvinas, para que su sacrificio no caiga en el olvido.<\/p>\n<p>Por otro lado, comentaron que la idea es que el acto de apertura tenga como escenario el espacio verde donde se erige el monumento a los Ca\u00eddos en Malvinas. All\u00ed se inaugurar\u00e1 la primera parte de un amplio proyecto de remodelaci\u00f3n y puesta en valor del parque anexo, denominado \u201cH\u00e9roes de Malvinas\u201d, donde su agrupaci\u00f3n estuvo participando activamente de la g\u00e9nesis del proyecto.<\/p>\n<p><img fetchpriority=\"high\" decoding=\"async\" class=\"alignnone wp-image-65531 size-full\" src=\"http:\/\/diariotextual.com\/inicio\/wp-content\/uploads\/2019\/10\/altolaguirrehijosmalvinas2019-1.jpeg\" alt=\"\" width=\"939\" height=\"604\" srcset=\"https:\/\/diariotextual.com\/inicio\/wp-content\/uploads\/2019\/10\/altolaguirrehijosmalvinas2019-1.jpeg 939w, https:\/\/diariotextual.com\/inicio\/wp-content\/uploads\/2019\/10\/altolaguirrehijosmalvinas2019-1-300x193.jpeg 300w, https:\/\/diariotextual.com\/inicio\/wp-content\/uploads\/2019\/10\/altolaguirrehijosmalvinas2019-1-768x494.jpeg 768w, https:\/\/diariotextual.com\/inicio\/wp-content\/uploads\/2019\/10\/altolaguirrehijosmalvinas2019-1-585x376.jpeg 585w\" sizes=\"(max-width: 939px) 100vw, 939px\" \/><\/p>\n","protected":false},"excerpt":{"rendered":"<p>La Agrupaci\u00f3n Hijos de H\u00e9roes de Malvinas de La Pampa se encuentra organizando la realizaci\u00f3n en Santa Rosa de la III\u00a0Asamblea Nacional de Hijos de H\u00e9roes de Malvinas, para los&hellip;<\/p>\n","protected":false},"author":3,"featured_media":43792,"comment_status":"closed","ping_status":"open","sticky":false,"template":"","format":"standard","meta":{"_acf_changed":false,"footnotes":""},"categories":[319,12],"tags":[],"class_list":["post-65530","post","type-post","status-publish","format-standard","has-post-thumbnail","hentry","category-a-temporales","category-sociedad"],"acf":[],"yoast_head":"<!-- This site is optimized with the Yoast SEO plugin v27.5 - https:\/\/yoast.com\/product\/yoast-seo-wordpress\/ -->\n<title>En noviembre, Santa Rosa ser\u00e1 sede de la Asamblea Nacional de Hijos de H\u00e9roes de Malvinas - Diario Textual<\/title>\n<meta name=\"robots\" content=\"index, follow, max-snippet:-1, max-image-preview:large, max-video-preview:-1\" \/>\n<link rel=\"canonical\" href=\"https:\/\/diariotextual.com\/inicio\/index.php\/2019\/10\/10\/noviembre-santa-rosa-sera-sede-la-asamblea-nacional-hijos-heroes-malvinas\/\" \/>\n<meta property=\"og:locale\" content=\"es_ES\" \/>\n<meta property=\"og:type\" content=\"article\" \/>\n<meta property=\"og:title\" content=\"En noviembre, Santa Rosa ser\u00e1 sede de la Asamblea Nacional de Hijos de H\u00e9roes de Malvinas - Diario Textual\" \/>\n<meta property=\"og:description\" content=\"La Agrupaci\u00f3n Hijos de H\u00e9roes de Malvinas de La Pampa se encuentra organizando la realizaci\u00f3n en Santa Rosa de la III\u00a0Asamblea Nacional de Hijos de H\u00e9roes de Malvinas, para los&hellip;\" \/>\n<meta property=\"og:url\" content=\"https:\/\/diariotextual.com\/inicio\/index.php\/2019\/10\/10\/noviembre-santa-rosa-sera-sede-la-asamblea-nacional-hijos-heroes-malvinas\/\" \/>\n<meta property=\"og:site_name\" content=\"Diario Textual\" \/>\n<meta property=\"article:publisher\" content=\"https:\/\/www.facebook.com\/eltextual\" \/>\n<meta property=\"article:published_time\" content=\"2019-10-11T01:16:25+00:00\" \/>\n<meta property=\"article:modified_time\" content=\"2019-10-11T19:02:51+00:00\" \/>\n<meta property=\"og:image\" content=\"https:\/\/diariotextual.com\/inicio\/wp-content\/uploads\/2019\/03\/malvinasmonumentocaidossantarosa2.jpg\" \/>\n\t<meta property=\"og:image:width\" content=\"1100\" \/>\n\t<meta property=\"og:image:height\" content=\"731\" \/>\n\t<meta property=\"og:image:type\" content=\"image\/jpeg\" \/>\n<meta name=\"author\" content=\"Diario1 Diario1\" \/>\n<meta name=\"twitter:card\" content=\"summary_large_image\" \/>\n<meta name=\"twitter:creator\" content=\"@eltextual\" \/>\n<meta name=\"twitter:site\" content=\"@eltextual\" \/>\n<meta name=\"twitter:label1\" content=\"Escrito por\" \/>\n\t<meta name=\"twitter:data1\" content=\"Diario1 Diario1\" \/>\n\t<meta name=\"twitter:label2\" content=\"Tiempo de lectura\" \/>\n\t<meta name=\"twitter:data2\" content=\"1 minuto\" \/>\n<script type=\"application\/ld+json\" class=\"yoast-schema-graph\">{\"@context\":\"https:\\\/\\\/schema.org\",\"@graph\":[{\"@type\":\"Article\",\"@id\":\"https:\\\/\\\/diariotextual.com\\\/inicio\\\/index.php\\\/2019\\\/10\\\/10\\\/noviembre-santa-rosa-sera-sede-la-asamblea-nacional-hijos-heroes-malvinas\\\/#article\",\"isPartOf\":{\"@id\":\"https:\\\/\\\/diariotextual.com\\\/inicio\\\/index.php\\\/2019\\\/10\\\/10\\\/noviembre-santa-rosa-sera-sede-la-asamblea-nacional-hijos-heroes-malvinas\\\/\"},\"author\":{\"name\":\"Diario1 Diario1\",\"@id\":\"https:\\\/\\\/diariotextual.com\\\/inicio\\\/#\\\/schema\\\/person\\\/418fc4093c33e86ed41562db3508f958\"},\"headline\":\"En noviembre, Santa Rosa ser\u00e1 sede de la Asamblea Nacional de Hijos de H\u00e9roes de Malvinas\",\"datePublished\":\"2019-10-11T01:16:25+00:00\",\"dateModified\":\"2019-10-11T19:02:51+00:00\",\"mainEntityOfPage\":{\"@id\":\"https:\\\/\\\/diariotextual.com\\\/inicio\\\/index.php\\\/2019\\\/10\\\/10\\\/noviembre-santa-rosa-sera-sede-la-asamblea-nacional-hijos-heroes-malvinas\\\/\"},\"wordCount\":236,\"publisher\":{\"@id\":\"https:\\\/\\\/diariotextual.com\\\/inicio\\\/#organization\"},\"image\":{\"@id\":\"https:\\\/\\\/diariotextual.com\\\/inicio\\\/index.php\\\/2019\\\/10\\\/10\\\/noviembre-santa-rosa-sera-sede-la-asamblea-nacional-hijos-heroes-malvinas\\\/#primaryimage\"},\"thumbnailUrl\":\"https:\\\/\\\/diariotextual.com\\\/inicio\\\/wp-content\\\/uploads\\\/2019\\\/03\\\/malvinasmonumentocaidossantarosa2.jpg\",\"articleSection\":[\"A - TEMPORALES\",\"SOCIEDAD\"],\"inLanguage\":\"es\"},{\"@type\":\"WebPage\",\"@id\":\"https:\\\/\\\/diariotextual.com\\\/inicio\\\/index.php\\\/2019\\\/10\\\/10\\\/noviembre-santa-rosa-sera-sede-la-asamblea-nacional-hijos-heroes-malvinas\\\/\",\"url\":\"https:\\\/\\\/diariotextual.com\\\/inicio\\\/index.php\\\/2019\\\/10\\\/10\\\/noviembre-santa-rosa-sera-sede-la-asamblea-nacional-hijos-heroes-malvinas\\\/\",\"name\":\"En noviembre, Santa Rosa ser\u00e1 sede de la Asamblea Nacional de Hijos de H\u00e9roes de Malvinas - Diario Textual\",\"isPartOf\":{\"@id\":\"https:\\\/\\\/diariotextual.com\\\/inicio\\\/#website\"},\"primaryImageOfPage\":{\"@id\":\"https:\\\/\\\/diariotextual.com\\\/inicio\\\/index.php\\\/2019\\\/10\\\/10\\\/noviembre-santa-rosa-sera-sede-la-asamblea-nacional-hijos-heroes-malvinas\\\/#primaryimage\"},\"image\":{\"@id\":\"https:\\\/\\\/diariotextual.com\\\/inicio\\\/index.php\\\/2019\\\/10\\\/10\\\/noviembre-santa-rosa-sera-sede-la-asamblea-nacional-hijos-heroes-malvinas\\\/#primaryimage\"},\"thumbnailUrl\":\"https:\\\/\\\/diariotextual.com\\\/inicio\\\/wp-content\\\/uploads\\\/2019\\\/03\\\/malvinasmonumentocaidossantarosa2.jpg\",\"datePublished\":\"2019-10-11T01:16:25+00:00\",\"dateModified\":\"2019-10-11T19:02:51+00:00\",\"breadcrumb\":{\"@id\":\"https:\\\/\\\/diariotextual.com\\\/inicio\\\/index.php\\\/2019\\\/10\\\/10\\\/noviembre-santa-rosa-sera-sede-la-asamblea-nacional-hijos-heroes-malvinas\\\/#breadcrumb\"},\"inLanguage\":\"es\",\"potentialAction\":[{\"@type\":\"ReadAction\",\"target\":[\"https:\\\/\\\/diariotextual.com\\\/inicio\\\/index.php\\\/2019\\\/10\\\/10\\\/noviembre-santa-rosa-sera-sede-la-asamblea-nacional-hijos-heroes-malvinas\\\/\"]}]},{\"@type\":\"ImageObject\",\"inLanguage\":\"es\",\"@id\":\"https:\\\/\\\/diariotextual.com\\\/inicio\\\/index.php\\\/2019\\\/10\\\/10\\\/noviembre-santa-rosa-sera-sede-la-asamblea-nacional-hijos-heroes-malvinas\\\/#primaryimage\",\"url\":\"https:\\\/\\\/diariotextual.com\\\/inicio\\\/wp-content\\\/uploads\\\/2019\\\/03\\\/malvinasmonumentocaidossantarosa2.jpg\",\"contentUrl\":\"https:\\\/\\\/diariotextual.com\\\/inicio\\\/wp-content\\\/uploads\\\/2019\\\/03\\\/malvinasmonumentocaidossantarosa2.jpg\",\"width\":1100,\"height\":731},{\"@type\":\"BreadcrumbList\",\"@id\":\"https:\\\/\\\/diariotextual.com\\\/inicio\\\/index.php\\\/2019\\\/10\\\/10\\\/noviembre-santa-rosa-sera-sede-la-asamblea-nacional-hijos-heroes-malvinas\\\/#breadcrumb\",\"itemListElement\":[{\"@type\":\"ListItem\",\"position\":1,\"name\":\"Portada\",\"item\":\"https:\\\/\\\/diariotextual.com\\\/inicio\\\/\"},{\"@type\":\"ListItem\",\"position\":2,\"name\":\"En noviembre, Santa Rosa ser\u00e1 sede de la Asamblea Nacional de Hijos de H\u00e9roes de Malvinas\"}]},{\"@type\":\"WebSite\",\"@id\":\"https:\\\/\\\/diariotextual.com\\\/inicio\\\/#website\",\"url\":\"https:\\\/\\\/diariotextual.com\\\/inicio\\\/\",\"name\":\"Diario Textual\",\"description\":\"\",\"publisher\":{\"@id\":\"https:\\\/\\\/diariotextual.com\\\/inicio\\\/#organization\"},\"potentialAction\":[{\"@type\":\"SearchAction\",\"target\":{\"@type\":\"EntryPoint\",\"urlTemplate\":\"https:\\\/\\\/diariotextual.com\\\/inicio\\\/?s={search_term_string}\"},\"query-input\":{\"@type\":\"PropertyValueSpecification\",\"valueRequired\":true,\"valueName\":\"search_term_string\"}}],\"inLanguage\":\"es\"},{\"@type\":\"Organization\",\"@id\":\"https:\\\/\\\/diariotextual.com\\\/inicio\\\/#organization\",\"name\":\"Diario Textual\",\"url\":\"https:\\\/\\\/diariotextual.com\\\/inicio\\\/\",\"logo\":{\"@type\":\"ImageObject\",\"inLanguage\":\"es\",\"@id\":\"https:\\\/\\\/diariotextual.com\\\/inicio\\\/#\\\/schema\\\/logo\\\/image\\\/\",\"url\":\"https:\\\/\\\/diariotextual.com\\\/inicio\\\/wp-content\\\/uploads\\\/2023\\\/05\\\/logotextual1.jpg\",\"contentUrl\":\"https:\\\/\\\/diariotextual.com\\\/inicio\\\/wp-content\\\/uploads\\\/2023\\\/05\\\/logotextual1.jpg\",\"width\":516,\"height\":76,\"caption\":\"Diario Textual\"},\"image\":{\"@id\":\"https:\\\/\\\/diariotextual.com\\\/inicio\\\/#\\\/schema\\\/logo\\\/image\\\/\"},\"sameAs\":[\"https:\\\/\\\/www.facebook.com\\\/eltextual\",\"https:\\\/\\\/x.com\\\/eltextual\",\"http:\\\/\\\/www.instagram.com\\\/eltextual\"]},{\"@type\":\"Person\",\"@id\":\"https:\\\/\\\/diariotextual.com\\\/inicio\\\/#\\\/schema\\\/person\\\/418fc4093c33e86ed41562db3508f958\",\"name\":\"Diario1 Diario1\",\"image\":{\"@type\":\"ImageObject\",\"inLanguage\":\"es\",\"@id\":\"https:\\\/\\\/secure.gravatar.com\\\/avatar\\\/9167d280179c85bc18be67aa7eda765854300033af4896dd779b608640f2ef7a?s=96&d=mm&r=g\",\"url\":\"https:\\\/\\\/secure.gravatar.com\\\/avatar\\\/9167d280179c85bc18be67aa7eda765854300033af4896dd779b608640f2ef7a?s=96&d=mm&r=g\",\"contentUrl\":\"https:\\\/\\\/secure.gravatar.com\\\/avatar\\\/9167d280179c85bc18be67aa7eda765854300033af4896dd779b608640f2ef7a?s=96&d=mm&r=g\",\"caption\":\"Diario1 Diario1\"},\"url\":\"https:\\\/\\\/diariotextual.com\\\/inicio\\\/index.php\\\/author\\\/diario1\\\/\"}]}<\/script>\n<!-- \/ Yoast SEO plugin. -->","yoast_head_json":{"title":"En noviembre, Santa Rosa ser\u00e1 sede de la Asamblea Nacional de Hijos de H\u00e9roes de Malvinas - Diario Textual","robots":{"index":"index","follow":"follow","max-snippet":"max-snippet:-1","max-image-preview":"max-image-preview:large","max-video-preview":"max-video-preview:-1"},"canonical":"https:\/\/diariotextual.com\/inicio\/index.php\/2019\/10\/10\/noviembre-santa-rosa-sera-sede-la-asamblea-nacional-hijos-heroes-malvinas\/","og_locale":"es_ES","og_type":"article","og_title":"En noviembre, Santa Rosa ser\u00e1 sede de la Asamblea Nacional de Hijos de H\u00e9roes de Malvinas - Diario Textual","og_description":"La Agrupaci\u00f3n Hijos de H\u00e9roes de Malvinas de La Pampa se encuentra organizando la realizaci\u00f3n en Santa Rosa de la III\u00a0Asamblea Nacional de Hijos de H\u00e9roes de Malvinas, para los&hellip;","og_url":"https:\/\/diariotextual.com\/inicio\/index.php\/2019\/10\/10\/noviembre-santa-rosa-sera-sede-la-asamblea-nacional-hijos-heroes-malvinas\/","og_site_name":"Diario Textual","article_publisher":"https:\/\/www.facebook.com\/eltextual","article_published_time":"2019-10-11T01:16:25+00:00","article_modified_time":"2019-10-11T19:02:51+00:00","og_image":[{"width":1100,"height":731,"url":"https:\/\/diariotextual.com\/inicio\/wp-content\/uploads\/2019\/03\/malvinasmonumentocaidossantarosa2.jpg","type":"image\/jpeg"}],"author":"Diario1 Diario1","twitter_card":"summary_large_image","twitter_creator":"@eltextual","twitter_site":"@eltextual","twitter_misc":{"Escrito por":"Diario1 Diario1","Tiempo de lectura":"1 minuto"},"schema":{"@context":"https:\/\/schema.org","@graph":[{"@type":"Article","@id":"https:\/\/diariotextual.com\/inicio\/index.php\/2019\/10\/10\/noviembre-santa-rosa-sera-sede-la-asamblea-nacional-hijos-heroes-malvinas\/#article","isPartOf":{"@id":"https:\/\/diariotextual.com\/inicio\/index.php\/2019\/10\/10\/noviembre-santa-rosa-sera-sede-la-asamblea-nacional-hijos-heroes-malvinas\/"},"author":{"name":"Diario1 Diario1","@id":"https:\/\/diariotextual.com\/inicio\/#\/schema\/person\/418fc4093c33e86ed41562db3508f958"},"headline":"En noviembre, Santa Rosa ser\u00e1 sede de la Asamblea Nacional de Hijos de H\u00e9roes de Malvinas","datePublished":"2019-10-11T01:16:25+00:00","dateModified":"2019-10-11T19:02:51+00:00","mainEntityOfPage":{"@id":"https:\/\/diariotextual.com\/inicio\/index.php\/2019\/10\/10\/noviembre-santa-rosa-sera-sede-la-asamblea-nacional-hijos-heroes-malvinas\/"},"wordCount":236,"publisher":{"@id":"https:\/\/diariotextual.com\/inicio\/#organization"},"image":{"@id":"https:\/\/diariotextual.com\/inicio\/index.php\/2019\/10\/10\/noviembre-santa-rosa-sera-sede-la-asamblea-nacional-hijos-heroes-malvinas\/#primaryimage"},"thumbnailUrl":"https:\/\/diariotextual.com\/inicio\/wp-content\/uploads\/2019\/03\/malvinasmonumentocaidossantarosa2.jpg","articleSection":["A - TEMPORALES","SOCIEDAD"],"inLanguage":"es"},{"@type":"WebPage","@id":"https:\/\/diariotextual.com\/inicio\/index.php\/2019\/10\/10\/noviembre-santa-rosa-sera-sede-la-asamblea-nacional-hijos-heroes-malvinas\/","url":"https:\/\/diariotextual.com\/inicio\/index.php\/2019\/10\/10\/noviembre-santa-rosa-sera-sede-la-asamblea-nacional-hijos-heroes-malvinas\/","name":"En noviembre, Santa Rosa ser\u00e1 sede de la Asamblea Nacional de Hijos de H\u00e9roes de Malvinas - Diario Textual","isPartOf":{"@id":"https:\/\/diariotextual.com\/inicio\/#website"},"primaryImageOfPage":{"@id":"https:\/\/diariotextual.com\/inicio\/index.php\/2019\/10\/10\/noviembre-santa-rosa-sera-sede-la-asamblea-nacional-hijos-heroes-malvinas\/#primaryimage"},"image":{"@id":"https:\/\/diariotextual.com\/inicio\/index.php\/2019\/10\/10\/noviembre-santa-rosa-sera-sede-la-asamblea-nacional-hijos-heroes-malvinas\/#primaryimage"},"thumbnailUrl":"https:\/\/diariotextual.com\/inicio\/wp-content\/uploads\/2019\/03\/malvinasmonumentocaidossantarosa2.jpg","datePublished":"2019-10-11T01:16:25+00:00","dateModified":"2019-10-11T19:02:51+00:00","breadcrumb":{"@id":"https:\/\/diariotextual.com\/inicio\/index.php\/2019\/10\/10\/noviembre-santa-rosa-sera-sede-la-asamblea-nacional-hijos-heroes-malvinas\/#breadcrumb"},"inLanguage":"es","potentialAction":[{"@type":"ReadAction","target":["https:\/\/diariotextual.com\/inicio\/index.php\/2019\/10\/10\/noviembre-santa-rosa-sera-sede-la-asamblea-nacional-hijos-heroes-malvinas\/"]}]},{"@type":"ImageObject","inLanguage":"es","@id":"https:\/\/diariotextual.com\/inicio\/index.php\/2019\/10\/10\/noviembre-santa-rosa-sera-sede-la-asamblea-nacional-hijos-heroes-malvinas\/#primaryimage","url":"https:\/\/diariotextual.com\/inicio\/wp-content\/uploads\/2019\/03\/malvinasmonumentocaidossantarosa2.jpg","contentUrl":"https:\/\/diariotextual.com\/inicio\/wp-content\/uploads\/2019\/03\/malvinasmonumentocaidossantarosa2.jpg","width":1100,"height":731},{"@type":"BreadcrumbList","@id":"https:\/\/diariotextual.com\/inicio\/index.php\/2019\/10\/10\/noviembre-santa-rosa-sera-sede-la-asamblea-nacional-hijos-heroes-malvinas\/#breadcrumb","itemListElement":[{"@type":"ListItem","position":1,"name":"Portada","item":"https:\/\/diariotextual.com\/inicio\/"},{"@type":"ListItem","position":2,"name":"En noviembre, Santa Rosa ser\u00e1 sede de la Asamblea Nacional de Hijos de H\u00e9roes de Malvinas"}]},{"@type":"WebSite","@id":"https:\/\/diariotextual.com\/inicio\/#website","url":"https:\/\/diariotextual.com\/inicio\/","name":"Diario Textual","description":"","publisher":{"@id":"https:\/\/diariotextual.com\/inicio\/#organization"},"potentialAction":[{"@type":"SearchAction","target":{"@type":"EntryPoint","urlTemplate":"https:\/\/diariotextual.com\/inicio\/?s={search_term_string}"},"query-input":{"@type":"PropertyValueSpecification","valueRequired":true,"valueName":"search_term_string"}}],"inLanguage":"es"},{"@type":"Organization","@id":"https:\/\/diariotextual.com\/inicio\/#organization","name":"Diario Textual","url":"https:\/\/diariotextual.com\/inicio\/","logo":{"@type":"ImageObject","inLanguage":"es","@id":"https:\/\/diariotextual.com\/inicio\/#\/schema\/logo\/image\/","url":"https:\/\/diariotextual.com\/inicio\/wp-content\/uploads\/2023\/05\/logotextual1.jpg","contentUrl":"https:\/\/diariotextual.com\/inicio\/wp-content\/uploads\/2023\/05\/logotextual1.jpg","width":516,"height":76,"caption":"Diario Textual"},"image":{"@id":"https:\/\/diariotextual.com\/inicio\/#\/schema\/logo\/image\/"},"sameAs":["https:\/\/www.facebook.com\/eltextual","https:\/\/x.com\/eltextual","http:\/\/www.instagram.com\/eltextual"]},{"@type":"Person","@id":"https:\/\/diariotextual.com\/inicio\/#\/schema\/person\/418fc4093c33e86ed41562db3508f958","name":"Diario1 Diario1","image":{"@type":"ImageObject","inLanguage":"es","@id":"https:\/\/secure.gravatar.com\/avatar\/9167d280179c85bc18be67aa7eda765854300033af4896dd779b608640f2ef7a?s=96&d=mm&r=g","url":"https:\/\/secure.gravatar.com\/avatar\/9167d280179c85bc18be67aa7eda765854300033af4896dd779b608640f2ef7a?s=96&d=mm&r=g","contentUrl":"https:\/\/secure.gravatar.com\/avatar\/9167d280179c85bc18be67aa7eda765854300033af4896dd779b608640f2ef7a?s=96&d=mm&r=g","caption":"Diario1 Diario1"},"url":"https:\/\/diariotextual.com\/inicio\/index.php\/author\/diario1\/"}]}},"_links":{"self":[{"href":"https:\/\/diariotextual.com\/inicio\/index.php\/wp-json\/wp\/v2\/posts\/65530","targetHints":{"allow":["GET"]}}],"collection":[{"href":"https:\/\/diariotextual.com\/inicio\/index.php\/wp-json\/wp\/v2\/posts"}],"about":[{"href":"https:\/\/diariotextual.com\/inicio\/index.php\/wp-json\/wp\/v2\/types\/post"}],"author":[{"embeddable":true,"href":"https:\/\/diariotextual.com\/inicio\/index.php\/wp-json\/wp\/v2\/users\/3"}],"replies":[{"embeddable":true,"href":"https:\/\/diariotextual.com\/inicio\/index.php\/wp-json\/wp\/v2\/comments?post=65530"}],"version-history":[{"count":1,"href":"https:\/\/diariotextual.com\/inicio\/index.php\/wp-json\/wp\/v2\/posts\/65530\/revisions"}],"predecessor-version":[{"id":65532,"href":"https:\/\/diariotextual.com\/inicio\/index.php\/wp-json\/wp\/v2\/posts\/65530\/revisions\/65532"}],"wp:featuredmedia":[{"embeddable":true,"href":"https:\/\/diariotextual.com\/inicio\/index.php\/wp-json\/wp\/v2\/media\/43792"}],"wp:attachment":[{"href":"https:\/\/diariotextual.com\/inicio\/index.php\/wp-json\/wp\/v2\/media?parent=65530"}],"wp:term":[{"taxonomy":"category","embeddable":true,"href":"https:\/\/diariotextual.com\/inicio\/index.php\/wp-json\/wp\/v2\/categories?post=65530"},{"taxonomy":"post_tag","embeddable":true,"href":"https:\/\/diariotextual.com\/inicio\/index.php\/wp-json\/wp\/v2\/tags?post=65530"}],"curies":[{"name":"wp","href":"https:\/\/api.w.org\/{rel}","templated":true}]}}