{"id":65562,"date":"2019-10-11T09:23:23","date_gmt":"2019-10-11T12:23:23","guid":{"rendered":"http:\/\/diariotextual.com\/inicio\/?p=65562"},"modified":"2019-10-11T17:21:42","modified_gmt":"2019-10-11T20:21:42","slug":"tittarelli-acto-criminal-aparezcan-tirados-bidones-agroquimicos","status":"publish","type":"post","link":"https:\/\/diariotextual.com\/inicio\/index.php\/2019\/10\/11\/tittarelli-acto-criminal-aparezcan-tirados-bidones-agroquimicos\/","title":{"rendered":"Tittarelli: \u201cEs un acto criminal que aparezcan tirados bidones de agroqu\u00edmicos\u00bb"},"content":{"rendered":"<p>El subsecretario de Ambiente, Fabi\u00e1n Titarelli, calific\u00f3 como un \u201cacto criminal\u201d que aparezcan bidones de agroqu\u00edmicos tirados por cualquier lugar. \u201c<strong>Es inadmisible que aparezcan bidones sucios y tirados por cualquier lado, que m\u00e1s all\u00e1 del impacto ambiental que generan, es un acto criminal porque estamos hablando de la salud de las personas\u201d<\/strong>, asegur\u00f3.<\/p>\n<p>El funcionario se reuni\u00f3 este jueves con integrantes de la Fundaci\u00f3n Campo Limpio para conversar sobre el plazo de vencimiento para la construcci\u00f3n de centros de almacenamiento\u00a0para bidones vac\u00edos de agroqu\u00edmicos. Esta es una condici\u00f3n \u201cindeclinable\u201d para la continuidad de la comercializaci\u00f3n de estos productos en La Pampa.<\/p>\n<p>De la reuni\u00f3n formaron parte tambi\u00e9n los representantes de la Fundaci\u00f3n Campo Limpio, Alberto Andr\u00e9 y Andr\u00e9s Arakel\u00edan, y el gerente de la C\u00e1mara Empresaria Pampeana de Insumos Agropecuarios (CEPIA), Ra\u00fal Taboada.<\/p>\n<p>Tittarelli indic\u00f3 que el encuentro fue solicitado por representantes de la Fundaci\u00f3n.\u00a0\u201cA ra\u00edz de la nota que les enviamos comunicando que en enero se vencen los plazos para la construcci\u00f3n de los centros de almacenamiento y sistema de trazabilidad de los bidones vac\u00edos y que no iban a poder comercializar sus productos en la Provincia, fue que nos solicitaron la reuni\u00f3n de forma urgente para tratar el tema\u201d, sostuvo.<\/p>\n<p>\u201cDesde la Subsecretar\u00eda de Ambiente dejamos en claro la\u00a0decisi\u00f3n del Gobierno Provincial\u00a0que a partir de enero empezaremos a cumplir lo estipulado en la Ley de Presupuesto M\u00ednimo de Envases Fitosanitarios, y que\u00a0ensamblada a la cadena de productividad existe una cadena de responsabilidad que\u00a0involucra\u00a0al productor, aplicador, al profesional que emite las recetas agron\u00f3micas, al vendedor de agroqu\u00edmicos y los actores no menos importantes que son los intendentes\u201d, indic\u00f3 en funcionario destacando\u00a0la importancia de cumplimentar con los plazos establecidos\u00a0y el compromiso de todos actores.<\/p>\n<blockquote class=\"wp-embedded-content\" data-secret=\"OWdpwemTlu\"><p><a href=\"http:\/\/diariotextual.com\/inicio\/index.php\/2019\/09\/26\/colectivo-sanitario-insiste-se-prohiba-glifosato-la-pampa\/\">Colectivo sanitario insiste en que se proh\u00edba el glifosato en La Pampa<\/a><\/p><\/blockquote>\n<p><iframe class=\"wp-embedded-content\" sandbox=\"allow-scripts\" security=\"restricted\" style=\"position: absolute; clip: rect(1px, 1px, 1px, 1px);\" src=\"http:\/\/diariotextual.com\/inicio\/index.php\/2019\/09\/26\/colectivo-sanitario-insiste-se-prohiba-glifosato-la-pampa\/embed\/#?secret=OWdpwemTlu\" data-secret=\"OWdpwemTlu\" width=\"600\" height=\"338\" title=\"&#171;Colectivo sanitario insiste en que se proh\u00edba el glifosato en La Pampa&#187; &#8212; Diario Textual\" frameborder=\"0\" marginwidth=\"0\" marginheight=\"0\" scrolling=\"no\"><\/iframe><\/p>\n<p>&nbsp;<\/p>\n<p>Se refiri\u00f3 tambi\u00e9n a los <strong>trabajos de control<\/strong> impulsados desde el Gobierno Provincial, pero reconoci\u00f3 que es dif\u00edcil tener un control total sin el acompa\u00f1amiento de las partes. \u201cDesde el Poder Ejecutivo podemos generar la legislaci\u00f3n necesaria, que de hecho estamos haciendo, podemos monitorear c\u00f3mo lo hacemos, pero <strong>necesitamos el apoyo de todas las partes involucradas, y,\u00a0sobre todo, actuar de una manera responsable<\/strong> en todos los eslabones de la cadena. <strong>Es inadmisible que aparezcan bidones sucios y tirados por cualquier lado, que m\u00e1s all\u00e1 del impacto ambiental que generan, es un acto criminal porque estamos hablando de la salud de las personas. Se dej\u00f3 establecida la necesidad imperiosa que a partir de enero est\u00e9 organizado todo el sistema para que funcione normalmente\u201d<\/strong>, concluy\u00f3.<\/p>\n<p>&nbsp;<\/p>\n","protected":false},"excerpt":{"rendered":"<p>El subsecretario de Ambiente, Fabi\u00e1n Titarelli, calific\u00f3 como un \u201cacto criminal\u201d que aparezcan bidones de agroqu\u00edmicos tirados por cualquier lugar. \u201cEs inadmisible que aparezcan bidones sucios y tirados por cualquier&hellip;<\/p>\n","protected":false},"author":4,"featured_media":65563,"comment_status":"closed","ping_status":"open","sticky":false,"template":"","format":"standard","meta":{"_acf_changed":false,"footnotes":""},"categories":[319,20],"tags":[653,652],"class_list":["post-65562","post","type-post","status-publish","format-standard","has-post-thumbnail","hentry","category-a-temporales","category-campo","tag-agroquimicos","tag-glifosato"],"acf":[],"yoast_head":"<!-- This site is optimized with the Yoast SEO plugin v27.5 - https:\/\/yoast.com\/product\/yoast-seo-wordpress\/ -->\n<title>Tittarelli: \u201cEs un acto criminal que aparezcan tirados bidones de agroqu\u00edmicos&quot; - Diario Textual<\/title>\n<meta name=\"robots\" content=\"index, follow, max-snippet:-1, max-image-preview:large, max-video-preview:-1\" \/>\n<link rel=\"canonical\" href=\"https:\/\/diariotextual.com\/inicio\/index.php\/2019\/10\/11\/tittarelli-acto-criminal-aparezcan-tirados-bidones-agroquimicos\/\" \/>\n<meta property=\"og:locale\" content=\"es_ES\" \/>\n<meta property=\"og:type\" content=\"article\" \/>\n<meta property=\"og:title\" content=\"Tittarelli: \u201cEs un acto criminal que aparezcan tirados bidones de agroqu\u00edmicos&quot; - Diario Textual\" \/>\n<meta property=\"og:description\" content=\"El subsecretario de Ambiente, Fabi\u00e1n Titarelli, calific\u00f3 como un \u201cacto criminal\u201d que aparezcan bidones de agroqu\u00edmicos tirados por cualquier lugar. \u201cEs inadmisible que aparezcan bidones sucios y tirados por cualquier&hellip;\" \/>\n<meta property=\"og:url\" content=\"https:\/\/diariotextual.com\/inicio\/index.php\/2019\/10\/11\/tittarelli-acto-criminal-aparezcan-tirados-bidones-agroquimicos\/\" \/>\n<meta property=\"og:site_name\" content=\"Diario Textual\" \/>\n<meta property=\"article:publisher\" content=\"https:\/\/www.facebook.com\/eltextual\" \/>\n<meta property=\"article:published_time\" content=\"2019-10-11T12:23:23+00:00\" \/>\n<meta property=\"article:modified_time\" content=\"2019-10-11T20:21:42+00:00\" \/>\n<meta property=\"og:image\" content=\"https:\/\/diariotextual.com\/inicio\/wp-content\/uploads\/2019\/10\/tittarellimedioambiente674328032.jpg\" \/>\n\t<meta property=\"og:image:width\" content=\"821\" \/>\n\t<meta property=\"og:image:height\" content=\"502\" \/>\n\t<meta property=\"og:image:type\" content=\"image\/jpeg\" \/>\n<meta name=\"author\" content=\"diario2\" \/>\n<meta name=\"twitter:card\" content=\"summary_large_image\" \/>\n<meta name=\"twitter:creator\" content=\"@eltextual\" \/>\n<meta name=\"twitter:site\" content=\"@eltextual\" \/>\n<meta name=\"twitter:label1\" content=\"Escrito por\" \/>\n\t<meta name=\"twitter:data1\" content=\"diario2\" \/>\n\t<meta name=\"twitter:label2\" content=\"Tiempo de lectura\" \/>\n\t<meta name=\"twitter:data2\" content=\"2 minutos\" \/>\n<script type=\"application\/ld+json\" class=\"yoast-schema-graph\">{\"@context\":\"https:\\\/\\\/schema.org\",\"@graph\":[{\"@type\":\"Article\",\"@id\":\"https:\\\/\\\/diariotextual.com\\\/inicio\\\/index.php\\\/2019\\\/10\\\/11\\\/tittarelli-acto-criminal-aparezcan-tirados-bidones-agroquimicos\\\/#article\",\"isPartOf\":{\"@id\":\"https:\\\/\\\/diariotextual.com\\\/inicio\\\/index.php\\\/2019\\\/10\\\/11\\\/tittarelli-acto-criminal-aparezcan-tirados-bidones-agroquimicos\\\/\"},\"author\":{\"name\":\"diario2\",\"@id\":\"https:\\\/\\\/diariotextual.com\\\/inicio\\\/#\\\/schema\\\/person\\\/694f60677f23c4a530867a98f22b3768\"},\"headline\":\"Tittarelli: \u201cEs un acto criminal que aparezcan tirados bidones de agroqu\u00edmicos\u00bb\",\"datePublished\":\"2019-10-11T12:23:23+00:00\",\"dateModified\":\"2019-10-11T20:21:42+00:00\",\"mainEntityOfPage\":{\"@id\":\"https:\\\/\\\/diariotextual.com\\\/inicio\\\/index.php\\\/2019\\\/10\\\/11\\\/tittarelli-acto-criminal-aparezcan-tirados-bidones-agroquimicos\\\/\"},\"wordCount\":470,\"publisher\":{\"@id\":\"https:\\\/\\\/diariotextual.com\\\/inicio\\\/#organization\"},\"image\":{\"@id\":\"https:\\\/\\\/diariotextual.com\\\/inicio\\\/index.php\\\/2019\\\/10\\\/11\\\/tittarelli-acto-criminal-aparezcan-tirados-bidones-agroquimicos\\\/#primaryimage\"},\"thumbnailUrl\":\"https:\\\/\\\/diariotextual.com\\\/inicio\\\/wp-content\\\/uploads\\\/2019\\\/10\\\/tittarellimedioambiente674328032.jpg\",\"keywords\":[\"agroquimicos\",\"glifosato\"],\"articleSection\":[\"A - TEMPORALES\",\"CAMPO\"],\"inLanguage\":\"es\"},{\"@type\":\"WebPage\",\"@id\":\"https:\\\/\\\/diariotextual.com\\\/inicio\\\/index.php\\\/2019\\\/10\\\/11\\\/tittarelli-acto-criminal-aparezcan-tirados-bidones-agroquimicos\\\/\",\"url\":\"https:\\\/\\\/diariotextual.com\\\/inicio\\\/index.php\\\/2019\\\/10\\\/11\\\/tittarelli-acto-criminal-aparezcan-tirados-bidones-agroquimicos\\\/\",\"name\":\"Tittarelli: \u201cEs un acto criminal que aparezcan tirados bidones de agroqu\u00edmicos\\\" - Diario Textual\",\"isPartOf\":{\"@id\":\"https:\\\/\\\/diariotextual.com\\\/inicio\\\/#website\"},\"primaryImageOfPage\":{\"@id\":\"https:\\\/\\\/diariotextual.com\\\/inicio\\\/index.php\\\/2019\\\/10\\\/11\\\/tittarelli-acto-criminal-aparezcan-tirados-bidones-agroquimicos\\\/#primaryimage\"},\"image\":{\"@id\":\"https:\\\/\\\/diariotextual.com\\\/inicio\\\/index.php\\\/2019\\\/10\\\/11\\\/tittarelli-acto-criminal-aparezcan-tirados-bidones-agroquimicos\\\/#primaryimage\"},\"thumbnailUrl\":\"https:\\\/\\\/diariotextual.com\\\/inicio\\\/wp-content\\\/uploads\\\/2019\\\/10\\\/tittarellimedioambiente674328032.jpg\",\"datePublished\":\"2019-10-11T12:23:23+00:00\",\"dateModified\":\"2019-10-11T20:21:42+00:00\",\"breadcrumb\":{\"@id\":\"https:\\\/\\\/diariotextual.com\\\/inicio\\\/index.php\\\/2019\\\/10\\\/11\\\/tittarelli-acto-criminal-aparezcan-tirados-bidones-agroquimicos\\\/#breadcrumb\"},\"inLanguage\":\"es\",\"potentialAction\":[{\"@type\":\"ReadAction\",\"target\":[\"https:\\\/\\\/diariotextual.com\\\/inicio\\\/index.php\\\/2019\\\/10\\\/11\\\/tittarelli-acto-criminal-aparezcan-tirados-bidones-agroquimicos\\\/\"]}]},{\"@type\":\"ImageObject\",\"inLanguage\":\"es\",\"@id\":\"https:\\\/\\\/diariotextual.com\\\/inicio\\\/index.php\\\/2019\\\/10\\\/11\\\/tittarelli-acto-criminal-aparezcan-tirados-bidones-agroquimicos\\\/#primaryimage\",\"url\":\"https:\\\/\\\/diariotextual.com\\\/inicio\\\/wp-content\\\/uploads\\\/2019\\\/10\\\/tittarellimedioambiente674328032.jpg\",\"contentUrl\":\"https:\\\/\\\/diariotextual.com\\\/inicio\\\/wp-content\\\/uploads\\\/2019\\\/10\\\/tittarellimedioambiente674328032.jpg\",\"width\":821,\"height\":502},{\"@type\":\"BreadcrumbList\",\"@id\":\"https:\\\/\\\/diariotextual.com\\\/inicio\\\/index.php\\\/2019\\\/10\\\/11\\\/tittarelli-acto-criminal-aparezcan-tirados-bidones-agroquimicos\\\/#breadcrumb\",\"itemListElement\":[{\"@type\":\"ListItem\",\"position\":1,\"name\":\"Portada\",\"item\":\"https:\\\/\\\/diariotextual.com\\\/inicio\\\/\"},{\"@type\":\"ListItem\",\"position\":2,\"name\":\"Tittarelli: \u201cEs un acto criminal que aparezcan tirados bidones de agroqu\u00edmicos\u00bb\"}]},{\"@type\":\"WebSite\",\"@id\":\"https:\\\/\\\/diariotextual.com\\\/inicio\\\/#website\",\"url\":\"https:\\\/\\\/diariotextual.com\\\/inicio\\\/\",\"name\":\"Diario Textual\",\"description\":\"\",\"publisher\":{\"@id\":\"https:\\\/\\\/diariotextual.com\\\/inicio\\\/#organization\"},\"potentialAction\":[{\"@type\":\"SearchAction\",\"target\":{\"@type\":\"EntryPoint\",\"urlTemplate\":\"https:\\\/\\\/diariotextual.com\\\/inicio\\\/?s={search_term_string}\"},\"query-input\":{\"@type\":\"PropertyValueSpecification\",\"valueRequired\":true,\"valueName\":\"search_term_string\"}}],\"inLanguage\":\"es\"},{\"@type\":\"Organization\",\"@id\":\"https:\\\/\\\/diariotextual.com\\\/inicio\\\/#organization\",\"name\":\"Diario Textual\",\"url\":\"https:\\\/\\\/diariotextual.com\\\/inicio\\\/\",\"logo\":{\"@type\":\"ImageObject\",\"inLanguage\":\"es\",\"@id\":\"https:\\\/\\\/diariotextual.com\\\/inicio\\\/#\\\/schema\\\/logo\\\/image\\\/\",\"url\":\"https:\\\/\\\/diariotextual.com\\\/inicio\\\/wp-content\\\/uploads\\\/2023\\\/05\\\/logotextual1.jpg\",\"contentUrl\":\"https:\\\/\\\/diariotextual.com\\\/inicio\\\/wp-content\\\/uploads\\\/2023\\\/05\\\/logotextual1.jpg\",\"width\":516,\"height\":76,\"caption\":\"Diario Textual\"},\"image\":{\"@id\":\"https:\\\/\\\/diariotextual.com\\\/inicio\\\/#\\\/schema\\\/logo\\\/image\\\/\"},\"sameAs\":[\"https:\\\/\\\/www.facebook.com\\\/eltextual\",\"https:\\\/\\\/x.com\\\/eltextual\",\"http:\\\/\\\/www.instagram.com\\\/eltextual\"]},{\"@type\":\"Person\",\"@id\":\"https:\\\/\\\/diariotextual.com\\\/inicio\\\/#\\\/schema\\\/person\\\/694f60677f23c4a530867a98f22b3768\",\"name\":\"diario2\",\"image\":{\"@type\":\"ImageObject\",\"inLanguage\":\"es\",\"@id\":\"https:\\\/\\\/secure.gravatar.com\\\/avatar\\\/5a2567495ba16b852fcd8f1ed006a2e24fcace936018ed8237e95f488ad6e0a7?s=96&d=mm&r=g\",\"url\":\"https:\\\/\\\/secure.gravatar.com\\\/avatar\\\/5a2567495ba16b852fcd8f1ed006a2e24fcace936018ed8237e95f488ad6e0a7?s=96&d=mm&r=g\",\"contentUrl\":\"https:\\\/\\\/secure.gravatar.com\\\/avatar\\\/5a2567495ba16b852fcd8f1ed006a2e24fcace936018ed8237e95f488ad6e0a7?s=96&d=mm&r=g\",\"caption\":\"diario2\"},\"url\":\"https:\\\/\\\/diariotextual.com\\\/inicio\\\/index.php\\\/author\\\/diario2\\\/\"}]}<\/script>\n<!-- \/ Yoast SEO plugin. -->","yoast_head_json":{"title":"Tittarelli: \u201cEs un acto criminal que aparezcan tirados bidones de agroqu\u00edmicos\" - Diario Textual","robots":{"index":"index","follow":"follow","max-snippet":"max-snippet:-1","max-image-preview":"max-image-preview:large","max-video-preview":"max-video-preview:-1"},"canonical":"https:\/\/diariotextual.com\/inicio\/index.php\/2019\/10\/11\/tittarelli-acto-criminal-aparezcan-tirados-bidones-agroquimicos\/","og_locale":"es_ES","og_type":"article","og_title":"Tittarelli: \u201cEs un acto criminal que aparezcan tirados bidones de agroqu\u00edmicos\" - Diario Textual","og_description":"El subsecretario de Ambiente, Fabi\u00e1n Titarelli, calific\u00f3 como un \u201cacto criminal\u201d que aparezcan bidones de agroqu\u00edmicos tirados por cualquier lugar. \u201cEs inadmisible que aparezcan bidones sucios y tirados por cualquier&hellip;","og_url":"https:\/\/diariotextual.com\/inicio\/index.php\/2019\/10\/11\/tittarelli-acto-criminal-aparezcan-tirados-bidones-agroquimicos\/","og_site_name":"Diario Textual","article_publisher":"https:\/\/www.facebook.com\/eltextual","article_published_time":"2019-10-11T12:23:23+00:00","article_modified_time":"2019-10-11T20:21:42+00:00","og_image":[{"width":821,"height":502,"url":"https:\/\/diariotextual.com\/inicio\/wp-content\/uploads\/2019\/10\/tittarellimedioambiente674328032.jpg","type":"image\/jpeg"}],"author":"diario2","twitter_card":"summary_large_image","twitter_creator":"@eltextual","twitter_site":"@eltextual","twitter_misc":{"Escrito por":"diario2","Tiempo de lectura":"2 minutos"},"schema":{"@context":"https:\/\/schema.org","@graph":[{"@type":"Article","@id":"https:\/\/diariotextual.com\/inicio\/index.php\/2019\/10\/11\/tittarelli-acto-criminal-aparezcan-tirados-bidones-agroquimicos\/#article","isPartOf":{"@id":"https:\/\/diariotextual.com\/inicio\/index.php\/2019\/10\/11\/tittarelli-acto-criminal-aparezcan-tirados-bidones-agroquimicos\/"},"author":{"name":"diario2","@id":"https:\/\/diariotextual.com\/inicio\/#\/schema\/person\/694f60677f23c4a530867a98f22b3768"},"headline":"Tittarelli: \u201cEs un acto criminal que aparezcan tirados bidones de agroqu\u00edmicos\u00bb","datePublished":"2019-10-11T12:23:23+00:00","dateModified":"2019-10-11T20:21:42+00:00","mainEntityOfPage":{"@id":"https:\/\/diariotextual.com\/inicio\/index.php\/2019\/10\/11\/tittarelli-acto-criminal-aparezcan-tirados-bidones-agroquimicos\/"},"wordCount":470,"publisher":{"@id":"https:\/\/diariotextual.com\/inicio\/#organization"},"image":{"@id":"https:\/\/diariotextual.com\/inicio\/index.php\/2019\/10\/11\/tittarelli-acto-criminal-aparezcan-tirados-bidones-agroquimicos\/#primaryimage"},"thumbnailUrl":"https:\/\/diariotextual.com\/inicio\/wp-content\/uploads\/2019\/10\/tittarellimedioambiente674328032.jpg","keywords":["agroquimicos","glifosato"],"articleSection":["A - TEMPORALES","CAMPO"],"inLanguage":"es"},{"@type":"WebPage","@id":"https:\/\/diariotextual.com\/inicio\/index.php\/2019\/10\/11\/tittarelli-acto-criminal-aparezcan-tirados-bidones-agroquimicos\/","url":"https:\/\/diariotextual.com\/inicio\/index.php\/2019\/10\/11\/tittarelli-acto-criminal-aparezcan-tirados-bidones-agroquimicos\/","name":"Tittarelli: \u201cEs un acto criminal que aparezcan tirados bidones de agroqu\u00edmicos\" - Diario Textual","isPartOf":{"@id":"https:\/\/diariotextual.com\/inicio\/#website"},"primaryImageOfPage":{"@id":"https:\/\/diariotextual.com\/inicio\/index.php\/2019\/10\/11\/tittarelli-acto-criminal-aparezcan-tirados-bidones-agroquimicos\/#primaryimage"},"image":{"@id":"https:\/\/diariotextual.com\/inicio\/index.php\/2019\/10\/11\/tittarelli-acto-criminal-aparezcan-tirados-bidones-agroquimicos\/#primaryimage"},"thumbnailUrl":"https:\/\/diariotextual.com\/inicio\/wp-content\/uploads\/2019\/10\/tittarellimedioambiente674328032.jpg","datePublished":"2019-10-11T12:23:23+00:00","dateModified":"2019-10-11T20:21:42+00:00","breadcrumb":{"@id":"https:\/\/diariotextual.com\/inicio\/index.php\/2019\/10\/11\/tittarelli-acto-criminal-aparezcan-tirados-bidones-agroquimicos\/#breadcrumb"},"inLanguage":"es","potentialAction":[{"@type":"ReadAction","target":["https:\/\/diariotextual.com\/inicio\/index.php\/2019\/10\/11\/tittarelli-acto-criminal-aparezcan-tirados-bidones-agroquimicos\/"]}]},{"@type":"ImageObject","inLanguage":"es","@id":"https:\/\/diariotextual.com\/inicio\/index.php\/2019\/10\/11\/tittarelli-acto-criminal-aparezcan-tirados-bidones-agroquimicos\/#primaryimage","url":"https:\/\/diariotextual.com\/inicio\/wp-content\/uploads\/2019\/10\/tittarellimedioambiente674328032.jpg","contentUrl":"https:\/\/diariotextual.com\/inicio\/wp-content\/uploads\/2019\/10\/tittarellimedioambiente674328032.jpg","width":821,"height":502},{"@type":"BreadcrumbList","@id":"https:\/\/diariotextual.com\/inicio\/index.php\/2019\/10\/11\/tittarelli-acto-criminal-aparezcan-tirados-bidones-agroquimicos\/#breadcrumb","itemListElement":[{"@type":"ListItem","position":1,"name":"Portada","item":"https:\/\/diariotextual.com\/inicio\/"},{"@type":"ListItem","position":2,"name":"Tittarelli: \u201cEs un acto criminal que aparezcan tirados bidones de agroqu\u00edmicos\u00bb"}]},{"@type":"WebSite","@id":"https:\/\/diariotextual.com\/inicio\/#website","url":"https:\/\/diariotextual.com\/inicio\/","name":"Diario Textual","description":"","publisher":{"@id":"https:\/\/diariotextual.com\/inicio\/#organization"},"potentialAction":[{"@type":"SearchAction","target":{"@type":"EntryPoint","urlTemplate":"https:\/\/diariotextual.com\/inicio\/?s={search_term_string}"},"query-input":{"@type":"PropertyValueSpecification","valueRequired":true,"valueName":"search_term_string"}}],"inLanguage":"es"},{"@type":"Organization","@id":"https:\/\/diariotextual.com\/inicio\/#organization","name":"Diario Textual","url":"https:\/\/diariotextual.com\/inicio\/","logo":{"@type":"ImageObject","inLanguage":"es","@id":"https:\/\/diariotextual.com\/inicio\/#\/schema\/logo\/image\/","url":"https:\/\/diariotextual.com\/inicio\/wp-content\/uploads\/2023\/05\/logotextual1.jpg","contentUrl":"https:\/\/diariotextual.com\/inicio\/wp-content\/uploads\/2023\/05\/logotextual1.jpg","width":516,"height":76,"caption":"Diario Textual"},"image":{"@id":"https:\/\/diariotextual.com\/inicio\/#\/schema\/logo\/image\/"},"sameAs":["https:\/\/www.facebook.com\/eltextual","https:\/\/x.com\/eltextual","http:\/\/www.instagram.com\/eltextual"]},{"@type":"Person","@id":"https:\/\/diariotextual.com\/inicio\/#\/schema\/person\/694f60677f23c4a530867a98f22b3768","name":"diario2","image":{"@type":"ImageObject","inLanguage":"es","@id":"https:\/\/secure.gravatar.com\/avatar\/5a2567495ba16b852fcd8f1ed006a2e24fcace936018ed8237e95f488ad6e0a7?s=96&d=mm&r=g","url":"https:\/\/secure.gravatar.com\/avatar\/5a2567495ba16b852fcd8f1ed006a2e24fcace936018ed8237e95f488ad6e0a7?s=96&d=mm&r=g","contentUrl":"https:\/\/secure.gravatar.com\/avatar\/5a2567495ba16b852fcd8f1ed006a2e24fcace936018ed8237e95f488ad6e0a7?s=96&d=mm&r=g","caption":"diario2"},"url":"https:\/\/diariotextual.com\/inicio\/index.php\/author\/diario2\/"}]}},"_links":{"self":[{"href":"https:\/\/diariotextual.com\/inicio\/index.php\/wp-json\/wp\/v2\/posts\/65562","targetHints":{"allow":["GET"]}}],"collection":[{"href":"https:\/\/diariotextual.com\/inicio\/index.php\/wp-json\/wp\/v2\/posts"}],"about":[{"href":"https:\/\/diariotextual.com\/inicio\/index.php\/wp-json\/wp\/v2\/types\/post"}],"author":[{"embeddable":true,"href":"https:\/\/diariotextual.com\/inicio\/index.php\/wp-json\/wp\/v2\/users\/4"}],"replies":[{"embeddable":true,"href":"https:\/\/diariotextual.com\/inicio\/index.php\/wp-json\/wp\/v2\/comments?post=65562"}],"version-history":[{"count":4,"href":"https:\/\/diariotextual.com\/inicio\/index.php\/wp-json\/wp\/v2\/posts\/65562\/revisions"}],"predecessor-version":[{"id":65569,"href":"https:\/\/diariotextual.com\/inicio\/index.php\/wp-json\/wp\/v2\/posts\/65562\/revisions\/65569"}],"wp:featuredmedia":[{"embeddable":true,"href":"https:\/\/diariotextual.com\/inicio\/index.php\/wp-json\/wp\/v2\/media\/65563"}],"wp:attachment":[{"href":"https:\/\/diariotextual.com\/inicio\/index.php\/wp-json\/wp\/v2\/media?parent=65562"}],"wp:term":[{"taxonomy":"category","embeddable":true,"href":"https:\/\/diariotextual.com\/inicio\/index.php\/wp-json\/wp\/v2\/categories?post=65562"},{"taxonomy":"post_tag","embeddable":true,"href":"https:\/\/diariotextual.com\/inicio\/index.php\/wp-json\/wp\/v2\/tags?post=65562"}],"curies":[{"name":"wp","href":"https:\/\/api.w.org\/{rel}","templated":true}]}}