{"id":65589,"date":"2019-10-11T11:24:54","date_gmt":"2019-10-11T14:24:54","guid":{"rendered":"http:\/\/diariotextual.com\/inicio\/?p=65589"},"modified":"2019-10-11T17:38:13","modified_gmt":"2019-10-11T20:38:13","slug":"incendios-la-policia-abrio-causas-penales-dos-productores-quehue-guatrache","status":"publish","type":"post","link":"https:\/\/diariotextual.com\/inicio\/index.php\/2019\/10\/11\/incendios-la-policia-abrio-causas-penales-dos-productores-quehue-guatrache\/","title":{"rendered":"Incendios: la Polic\u00eda abri\u00f3 causas penales a dos productores de Quehu\u00e9 y Guatrach\u00e9"},"content":{"rendered":"<p>La Polic\u00eda provincial abri\u00f3 en las \u00faltimas horas dos causas penales a productores rurales de Quehu\u00e9 y Guatrach\u00e9: est\u00e1n acusados del <strong>delito de \u00abda\u00f1o\u00bb<\/strong> por haber iniciado, presuntamente, quemas no autorizadas en sus predios, informaron fuentes oficiales a Diario Textual.<\/p>\n<p>En el caso de <strong>Quehu\u00e9<\/strong>, el fuego -iniciado el lunes, que ya fue controlado- gener\u00f3 p\u00e9rdidas materiales y ambientales en unas <strong>6.500 hect\u00e1reas: logr\u00f3 pasar los l\u00edmites del campo y se propag\u00f3 por una docena de predios de otros productores rurales<\/strong>. Incluso oblig\u00f3, por unas cinco horas, a cortar el tr\u00e1nsito en la ruta nacional 35.<\/p>\n<p>En tanto,<strong> el incendio de Guatrach\u00e9 se produjo el mi\u00e9rcoles. Un productor rural fue encontrado quemando sus campos, sin autorizaci\u00f3n<\/strong>. \u00abEn este caso, el fuego fue contenido.<strong> No sali\u00f3 de los l\u00edmites del predio del due\u00f1o. Pero a\u00fan as\u00ed hizo algo ilegal<\/strong>\u00ab, dijeron fuentes de la causa a Diario Textual.<\/p>\n<p><iframe style=\"border: none; overflow: hidden;\" src=\"https:\/\/www.facebook.com\/plugins\/video.php?href=https%3A%2F%2Fwww.facebook.com%2Feltextual%2Fvideos%2F680231085801074%2F&amp;show_text=1&amp;width=560\" width=\"560\" height=\"438\" frameborder=\"0\" scrolling=\"no\" allowfullscreen=\"allowfullscreen\"><\/iframe><\/p>\n<p>A su vez, hubo otra causa en Victorica: un hombre de 34 a\u00f1os de edad quem\u00f3 varios campos al noreste de la localidad. Se incendiaron unas mil hect\u00e1reas. Sin embargo, el muchacho tiene problemas psiqui\u00e1tricos y por eso ser\u00e1 declarado inimputable.<\/p>\n<p>&nbsp;<\/p>\n<p><iframe style=\"border: none; overflow: hidden;\" src=\"https:\/\/www.facebook.com\/plugins\/post.php?href=https%3A%2F%2Fwww.facebook.com%2Feltextual%2Fposts%2F2491001780993743&amp;width=500\" width=\"500\" height=\"462\" frameborder=\"0\" scrolling=\"no\"><\/iframe><\/p>\n<p>Recientemente el Instituto Nacional del Tecnolog\u00eda Agropecuaria (INTA) advirti\u00f3 que, <strong>por la sequ\u00eda, hay un \u00abalto riesgo\u00bb de incendios en unas 2 millones de hect\u00e1reas<\/strong> en La Pampa.<\/p>\n<p>La temporada de incendios se extiende desde el 15 de noviembre al 15 de marzo. En la \u00faltima temporada se quemaron unas 160 mil hect\u00e1reas en 78 incendios y en la 2017\/2018 un total de 900 mil.<\/p>\n<p>&nbsp;<\/p>\n<p>&nbsp;<\/p>\n","protected":false},"excerpt":{"rendered":"<p>La Polic\u00eda provincial abri\u00f3 en las \u00faltimas horas dos causas penales a productores rurales de Quehu\u00e9 y Guatrach\u00e9: est\u00e1n acusados del delito de \u00abda\u00f1o\u00bb por haber iniciado, presuntamente, quemas no&hellip;<\/p>\n","protected":false},"author":3,"featured_media":65397,"comment_status":"closed","ping_status":"open","sticky":false,"template":"","format":"standard","meta":{"_acf_changed":false,"footnotes":""},"categories":[10,319,20],"tags":[32],"class_list":["post-65589","post","type-post","status-publish","format-standard","has-post-thumbnail","hentry","category-portada-2","category-a-temporales","category-campo","tag-incendios"],"acf":[],"yoast_head":"<!-- This site is optimized with the Yoast SEO plugin v27.4 - https:\/\/yoast.com\/product\/yoast-seo-wordpress\/ -->\n<title>Incendios: la Polic\u00eda abri\u00f3 causas penales a dos productores de Quehu\u00e9 y Guatrach\u00e9 - Diario Textual<\/title>\n<meta name=\"robots\" content=\"index, follow, max-snippet:-1, max-image-preview:large, max-video-preview:-1\" \/>\n<link rel=\"canonical\" href=\"https:\/\/diariotextual.com\/inicio\/index.php\/2019\/10\/11\/incendios-la-policia-abrio-causas-penales-dos-productores-quehue-guatrache\/\" \/>\n<meta property=\"og:locale\" content=\"es_ES\" \/>\n<meta property=\"og:type\" content=\"article\" \/>\n<meta property=\"og:title\" content=\"Incendios: la Polic\u00eda abri\u00f3 causas penales a dos productores de Quehu\u00e9 y Guatrach\u00e9 - Diario Textual\" \/>\n<meta property=\"og:description\" content=\"La Polic\u00eda provincial abri\u00f3 en las \u00faltimas horas dos causas penales a productores rurales de Quehu\u00e9 y Guatrach\u00e9: est\u00e1n acusados del delito de \u00abda\u00f1o\u00bb por haber iniciado, presuntamente, quemas no&hellip;\" \/>\n<meta property=\"og:url\" content=\"https:\/\/diariotextual.com\/inicio\/index.php\/2019\/10\/11\/incendios-la-policia-abrio-causas-penales-dos-productores-quehue-guatrache\/\" \/>\n<meta property=\"og:site_name\" content=\"Diario Textual\" \/>\n<meta property=\"article:publisher\" content=\"https:\/\/www.facebook.com\/eltextual\" \/>\n<meta property=\"article:published_time\" content=\"2019-10-11T14:24:54+00:00\" \/>\n<meta property=\"article:modified_time\" content=\"2019-10-11T20:38:13+00:00\" \/>\n<meta property=\"og:image\" content=\"https:\/\/diariotextual.com\/inicio\/wp-content\/uploads\/2019\/10\/incendioquehubelkismartin2019-105.jpg\" \/>\n\t<meta property=\"og:image:width\" content=\"1000\" \/>\n\t<meta property=\"og:image:height\" content=\"667\" \/>\n\t<meta property=\"og:image:type\" content=\"image\/jpeg\" \/>\n<meta name=\"author\" content=\"Diario1 Diario1\" \/>\n<meta name=\"twitter:card\" content=\"summary_large_image\" \/>\n<meta name=\"twitter:creator\" content=\"@eltextual\" \/>\n<meta name=\"twitter:site\" content=\"@eltextual\" \/>\n<meta name=\"twitter:label1\" content=\"Escrito por\" \/>\n\t<meta name=\"twitter:data1\" content=\"Diario1 Diario1\" \/>\n\t<meta name=\"twitter:label2\" content=\"Tiempo de lectura\" \/>\n\t<meta name=\"twitter:data2\" content=\"1 minuto\" \/>\n<script type=\"application\/ld+json\" class=\"yoast-schema-graph\">{\"@context\":\"https:\\\/\\\/schema.org\",\"@graph\":[{\"@type\":\"Article\",\"@id\":\"https:\\\/\\\/diariotextual.com\\\/inicio\\\/index.php\\\/2019\\\/10\\\/11\\\/incendios-la-policia-abrio-causas-penales-dos-productores-quehue-guatrache\\\/#article\",\"isPartOf\":{\"@id\":\"https:\\\/\\\/diariotextual.com\\\/inicio\\\/index.php\\\/2019\\\/10\\\/11\\\/incendios-la-policia-abrio-causas-penales-dos-productores-quehue-guatrache\\\/\"},\"author\":{\"name\":\"Diario1 Diario1\",\"@id\":\"https:\\\/\\\/diariotextual.com\\\/inicio\\\/#\\\/schema\\\/person\\\/418fc4093c33e86ed41562db3508f958\"},\"headline\":\"Incendios: la Polic\u00eda abri\u00f3 causas penales a dos productores de Quehu\u00e9 y Guatrach\u00e9\",\"datePublished\":\"2019-10-11T14:24:54+00:00\",\"dateModified\":\"2019-10-11T20:38:13+00:00\",\"mainEntityOfPage\":{\"@id\":\"https:\\\/\\\/diariotextual.com\\\/inicio\\\/index.php\\\/2019\\\/10\\\/11\\\/incendios-la-policia-abrio-causas-penales-dos-productores-quehue-guatrache\\\/\"},\"wordCount\":278,\"publisher\":{\"@id\":\"https:\\\/\\\/diariotextual.com\\\/inicio\\\/#organization\"},\"image\":{\"@id\":\"https:\\\/\\\/diariotextual.com\\\/inicio\\\/index.php\\\/2019\\\/10\\\/11\\\/incendios-la-policia-abrio-causas-penales-dos-productores-quehue-guatrache\\\/#primaryimage\"},\"thumbnailUrl\":\"https:\\\/\\\/diariotextual.com\\\/inicio\\\/wp-content\\\/uploads\\\/2019\\\/10\\\/incendioquehubelkismartin2019-105.jpg\",\"keywords\":[\"incendios\"],\"articleSection\":[\"A - PORTADA2\",\"A - TEMPORALES\",\"CAMPO\"],\"inLanguage\":\"es\"},{\"@type\":\"WebPage\",\"@id\":\"https:\\\/\\\/diariotextual.com\\\/inicio\\\/index.php\\\/2019\\\/10\\\/11\\\/incendios-la-policia-abrio-causas-penales-dos-productores-quehue-guatrache\\\/\",\"url\":\"https:\\\/\\\/diariotextual.com\\\/inicio\\\/index.php\\\/2019\\\/10\\\/11\\\/incendios-la-policia-abrio-causas-penales-dos-productores-quehue-guatrache\\\/\",\"name\":\"Incendios: la Polic\u00eda abri\u00f3 causas penales a dos productores de Quehu\u00e9 y Guatrach\u00e9 - Diario Textual\",\"isPartOf\":{\"@id\":\"https:\\\/\\\/diariotextual.com\\\/inicio\\\/#website\"},\"primaryImageOfPage\":{\"@id\":\"https:\\\/\\\/diariotextual.com\\\/inicio\\\/index.php\\\/2019\\\/10\\\/11\\\/incendios-la-policia-abrio-causas-penales-dos-productores-quehue-guatrache\\\/#primaryimage\"},\"image\":{\"@id\":\"https:\\\/\\\/diariotextual.com\\\/inicio\\\/index.php\\\/2019\\\/10\\\/11\\\/incendios-la-policia-abrio-causas-penales-dos-productores-quehue-guatrache\\\/#primaryimage\"},\"thumbnailUrl\":\"https:\\\/\\\/diariotextual.com\\\/inicio\\\/wp-content\\\/uploads\\\/2019\\\/10\\\/incendioquehubelkismartin2019-105.jpg\",\"datePublished\":\"2019-10-11T14:24:54+00:00\",\"dateModified\":\"2019-10-11T20:38:13+00:00\",\"breadcrumb\":{\"@id\":\"https:\\\/\\\/diariotextual.com\\\/inicio\\\/index.php\\\/2019\\\/10\\\/11\\\/incendios-la-policia-abrio-causas-penales-dos-productores-quehue-guatrache\\\/#breadcrumb\"},\"inLanguage\":\"es\",\"potentialAction\":[{\"@type\":\"ReadAction\",\"target\":[\"https:\\\/\\\/diariotextual.com\\\/inicio\\\/index.php\\\/2019\\\/10\\\/11\\\/incendios-la-policia-abrio-causas-penales-dos-productores-quehue-guatrache\\\/\"]}]},{\"@type\":\"ImageObject\",\"inLanguage\":\"es\",\"@id\":\"https:\\\/\\\/diariotextual.com\\\/inicio\\\/index.php\\\/2019\\\/10\\\/11\\\/incendios-la-policia-abrio-causas-penales-dos-productores-quehue-guatrache\\\/#primaryimage\",\"url\":\"https:\\\/\\\/diariotextual.com\\\/inicio\\\/wp-content\\\/uploads\\\/2019\\\/10\\\/incendioquehubelkismartin2019-105.jpg\",\"contentUrl\":\"https:\\\/\\\/diariotextual.com\\\/inicio\\\/wp-content\\\/uploads\\\/2019\\\/10\\\/incendioquehubelkismartin2019-105.jpg\",\"width\":1000,\"height\":667},{\"@type\":\"BreadcrumbList\",\"@id\":\"https:\\\/\\\/diariotextual.com\\\/inicio\\\/index.php\\\/2019\\\/10\\\/11\\\/incendios-la-policia-abrio-causas-penales-dos-productores-quehue-guatrache\\\/#breadcrumb\",\"itemListElement\":[{\"@type\":\"ListItem\",\"position\":1,\"name\":\"Portada\",\"item\":\"https:\\\/\\\/diariotextual.com\\\/inicio\\\/\"},{\"@type\":\"ListItem\",\"position\":2,\"name\":\"Incendios: la Polic\u00eda abri\u00f3 causas penales a dos productores de Quehu\u00e9 y Guatrach\u00e9\"}]},{\"@type\":\"WebSite\",\"@id\":\"https:\\\/\\\/diariotextual.com\\\/inicio\\\/#website\",\"url\":\"https:\\\/\\\/diariotextual.com\\\/inicio\\\/\",\"name\":\"Diario Textual\",\"description\":\"\",\"publisher\":{\"@id\":\"https:\\\/\\\/diariotextual.com\\\/inicio\\\/#organization\"},\"potentialAction\":[{\"@type\":\"SearchAction\",\"target\":{\"@type\":\"EntryPoint\",\"urlTemplate\":\"https:\\\/\\\/diariotextual.com\\\/inicio\\\/?s={search_term_string}\"},\"query-input\":{\"@type\":\"PropertyValueSpecification\",\"valueRequired\":true,\"valueName\":\"search_term_string\"}}],\"inLanguage\":\"es\"},{\"@type\":\"Organization\",\"@id\":\"https:\\\/\\\/diariotextual.com\\\/inicio\\\/#organization\",\"name\":\"Diario Textual\",\"url\":\"https:\\\/\\\/diariotextual.com\\\/inicio\\\/\",\"logo\":{\"@type\":\"ImageObject\",\"inLanguage\":\"es\",\"@id\":\"https:\\\/\\\/diariotextual.com\\\/inicio\\\/#\\\/schema\\\/logo\\\/image\\\/\",\"url\":\"https:\\\/\\\/diariotextual.com\\\/inicio\\\/wp-content\\\/uploads\\\/2023\\\/05\\\/logotextual1.jpg\",\"contentUrl\":\"https:\\\/\\\/diariotextual.com\\\/inicio\\\/wp-content\\\/uploads\\\/2023\\\/05\\\/logotextual1.jpg\",\"width\":516,\"height\":76,\"caption\":\"Diario Textual\"},\"image\":{\"@id\":\"https:\\\/\\\/diariotextual.com\\\/inicio\\\/#\\\/schema\\\/logo\\\/image\\\/\"},\"sameAs\":[\"https:\\\/\\\/www.facebook.com\\\/eltextual\",\"https:\\\/\\\/x.com\\\/eltextual\",\"http:\\\/\\\/www.instagram.com\\\/eltextual\"]},{\"@type\":\"Person\",\"@id\":\"https:\\\/\\\/diariotextual.com\\\/inicio\\\/#\\\/schema\\\/person\\\/418fc4093c33e86ed41562db3508f958\",\"name\":\"Diario1 Diario1\",\"image\":{\"@type\":\"ImageObject\",\"inLanguage\":\"es\",\"@id\":\"https:\\\/\\\/secure.gravatar.com\\\/avatar\\\/9167d280179c85bc18be67aa7eda765854300033af4896dd779b608640f2ef7a?s=96&d=mm&r=g\",\"url\":\"https:\\\/\\\/secure.gravatar.com\\\/avatar\\\/9167d280179c85bc18be67aa7eda765854300033af4896dd779b608640f2ef7a?s=96&d=mm&r=g\",\"contentUrl\":\"https:\\\/\\\/secure.gravatar.com\\\/avatar\\\/9167d280179c85bc18be67aa7eda765854300033af4896dd779b608640f2ef7a?s=96&d=mm&r=g\",\"caption\":\"Diario1 Diario1\"},\"url\":\"https:\\\/\\\/diariotextual.com\\\/inicio\\\/index.php\\\/author\\\/diario1\\\/\"}]}<\/script>\n<!-- \/ Yoast SEO plugin. -->","yoast_head_json":{"title":"Incendios: la Polic\u00eda abri\u00f3 causas penales a dos productores de Quehu\u00e9 y Guatrach\u00e9 - Diario Textual","robots":{"index":"index","follow":"follow","max-snippet":"max-snippet:-1","max-image-preview":"max-image-preview:large","max-video-preview":"max-video-preview:-1"},"canonical":"https:\/\/diariotextual.com\/inicio\/index.php\/2019\/10\/11\/incendios-la-policia-abrio-causas-penales-dos-productores-quehue-guatrache\/","og_locale":"es_ES","og_type":"article","og_title":"Incendios: la Polic\u00eda abri\u00f3 causas penales a dos productores de Quehu\u00e9 y Guatrach\u00e9 - Diario Textual","og_description":"La Polic\u00eda provincial abri\u00f3 en las \u00faltimas horas dos causas penales a productores rurales de Quehu\u00e9 y Guatrach\u00e9: est\u00e1n acusados del delito de \u00abda\u00f1o\u00bb por haber iniciado, presuntamente, quemas no&hellip;","og_url":"https:\/\/diariotextual.com\/inicio\/index.php\/2019\/10\/11\/incendios-la-policia-abrio-causas-penales-dos-productores-quehue-guatrache\/","og_site_name":"Diario Textual","article_publisher":"https:\/\/www.facebook.com\/eltextual","article_published_time":"2019-10-11T14:24:54+00:00","article_modified_time":"2019-10-11T20:38:13+00:00","og_image":[{"width":1000,"height":667,"url":"https:\/\/diariotextual.com\/inicio\/wp-content\/uploads\/2019\/10\/incendioquehubelkismartin2019-105.jpg","type":"image\/jpeg"}],"author":"Diario1 Diario1","twitter_card":"summary_large_image","twitter_creator":"@eltextual","twitter_site":"@eltextual","twitter_misc":{"Escrito por":"Diario1 Diario1","Tiempo de lectura":"1 minuto"},"schema":{"@context":"https:\/\/schema.org","@graph":[{"@type":"Article","@id":"https:\/\/diariotextual.com\/inicio\/index.php\/2019\/10\/11\/incendios-la-policia-abrio-causas-penales-dos-productores-quehue-guatrache\/#article","isPartOf":{"@id":"https:\/\/diariotextual.com\/inicio\/index.php\/2019\/10\/11\/incendios-la-policia-abrio-causas-penales-dos-productores-quehue-guatrache\/"},"author":{"name":"Diario1 Diario1","@id":"https:\/\/diariotextual.com\/inicio\/#\/schema\/person\/418fc4093c33e86ed41562db3508f958"},"headline":"Incendios: la Polic\u00eda abri\u00f3 causas penales a dos productores de Quehu\u00e9 y Guatrach\u00e9","datePublished":"2019-10-11T14:24:54+00:00","dateModified":"2019-10-11T20:38:13+00:00","mainEntityOfPage":{"@id":"https:\/\/diariotextual.com\/inicio\/index.php\/2019\/10\/11\/incendios-la-policia-abrio-causas-penales-dos-productores-quehue-guatrache\/"},"wordCount":278,"publisher":{"@id":"https:\/\/diariotextual.com\/inicio\/#organization"},"image":{"@id":"https:\/\/diariotextual.com\/inicio\/index.php\/2019\/10\/11\/incendios-la-policia-abrio-causas-penales-dos-productores-quehue-guatrache\/#primaryimage"},"thumbnailUrl":"https:\/\/diariotextual.com\/inicio\/wp-content\/uploads\/2019\/10\/incendioquehubelkismartin2019-105.jpg","keywords":["incendios"],"articleSection":["A - PORTADA2","A - TEMPORALES","CAMPO"],"inLanguage":"es"},{"@type":"WebPage","@id":"https:\/\/diariotextual.com\/inicio\/index.php\/2019\/10\/11\/incendios-la-policia-abrio-causas-penales-dos-productores-quehue-guatrache\/","url":"https:\/\/diariotextual.com\/inicio\/index.php\/2019\/10\/11\/incendios-la-policia-abrio-causas-penales-dos-productores-quehue-guatrache\/","name":"Incendios: la Polic\u00eda abri\u00f3 causas penales a dos productores de Quehu\u00e9 y Guatrach\u00e9 - Diario Textual","isPartOf":{"@id":"https:\/\/diariotextual.com\/inicio\/#website"},"primaryImageOfPage":{"@id":"https:\/\/diariotextual.com\/inicio\/index.php\/2019\/10\/11\/incendios-la-policia-abrio-causas-penales-dos-productores-quehue-guatrache\/#primaryimage"},"image":{"@id":"https:\/\/diariotextual.com\/inicio\/index.php\/2019\/10\/11\/incendios-la-policia-abrio-causas-penales-dos-productores-quehue-guatrache\/#primaryimage"},"thumbnailUrl":"https:\/\/diariotextual.com\/inicio\/wp-content\/uploads\/2019\/10\/incendioquehubelkismartin2019-105.jpg","datePublished":"2019-10-11T14:24:54+00:00","dateModified":"2019-10-11T20:38:13+00:00","breadcrumb":{"@id":"https:\/\/diariotextual.com\/inicio\/index.php\/2019\/10\/11\/incendios-la-policia-abrio-causas-penales-dos-productores-quehue-guatrache\/#breadcrumb"},"inLanguage":"es","potentialAction":[{"@type":"ReadAction","target":["https:\/\/diariotextual.com\/inicio\/index.php\/2019\/10\/11\/incendios-la-policia-abrio-causas-penales-dos-productores-quehue-guatrache\/"]}]},{"@type":"ImageObject","inLanguage":"es","@id":"https:\/\/diariotextual.com\/inicio\/index.php\/2019\/10\/11\/incendios-la-policia-abrio-causas-penales-dos-productores-quehue-guatrache\/#primaryimage","url":"https:\/\/diariotextual.com\/inicio\/wp-content\/uploads\/2019\/10\/incendioquehubelkismartin2019-105.jpg","contentUrl":"https:\/\/diariotextual.com\/inicio\/wp-content\/uploads\/2019\/10\/incendioquehubelkismartin2019-105.jpg","width":1000,"height":667},{"@type":"BreadcrumbList","@id":"https:\/\/diariotextual.com\/inicio\/index.php\/2019\/10\/11\/incendios-la-policia-abrio-causas-penales-dos-productores-quehue-guatrache\/#breadcrumb","itemListElement":[{"@type":"ListItem","position":1,"name":"Portada","item":"https:\/\/diariotextual.com\/inicio\/"},{"@type":"ListItem","position":2,"name":"Incendios: la Polic\u00eda abri\u00f3 causas penales a dos productores de Quehu\u00e9 y Guatrach\u00e9"}]},{"@type":"WebSite","@id":"https:\/\/diariotextual.com\/inicio\/#website","url":"https:\/\/diariotextual.com\/inicio\/","name":"Diario Textual","description":"","publisher":{"@id":"https:\/\/diariotextual.com\/inicio\/#organization"},"potentialAction":[{"@type":"SearchAction","target":{"@type":"EntryPoint","urlTemplate":"https:\/\/diariotextual.com\/inicio\/?s={search_term_string}"},"query-input":{"@type":"PropertyValueSpecification","valueRequired":true,"valueName":"search_term_string"}}],"inLanguage":"es"},{"@type":"Organization","@id":"https:\/\/diariotextual.com\/inicio\/#organization","name":"Diario Textual","url":"https:\/\/diariotextual.com\/inicio\/","logo":{"@type":"ImageObject","inLanguage":"es","@id":"https:\/\/diariotextual.com\/inicio\/#\/schema\/logo\/image\/","url":"https:\/\/diariotextual.com\/inicio\/wp-content\/uploads\/2023\/05\/logotextual1.jpg","contentUrl":"https:\/\/diariotextual.com\/inicio\/wp-content\/uploads\/2023\/05\/logotextual1.jpg","width":516,"height":76,"caption":"Diario Textual"},"image":{"@id":"https:\/\/diariotextual.com\/inicio\/#\/schema\/logo\/image\/"},"sameAs":["https:\/\/www.facebook.com\/eltextual","https:\/\/x.com\/eltextual","http:\/\/www.instagram.com\/eltextual"]},{"@type":"Person","@id":"https:\/\/diariotextual.com\/inicio\/#\/schema\/person\/418fc4093c33e86ed41562db3508f958","name":"Diario1 Diario1","image":{"@type":"ImageObject","inLanguage":"es","@id":"https:\/\/secure.gravatar.com\/avatar\/9167d280179c85bc18be67aa7eda765854300033af4896dd779b608640f2ef7a?s=96&d=mm&r=g","url":"https:\/\/secure.gravatar.com\/avatar\/9167d280179c85bc18be67aa7eda765854300033af4896dd779b608640f2ef7a?s=96&d=mm&r=g","contentUrl":"https:\/\/secure.gravatar.com\/avatar\/9167d280179c85bc18be67aa7eda765854300033af4896dd779b608640f2ef7a?s=96&d=mm&r=g","caption":"Diario1 Diario1"},"url":"https:\/\/diariotextual.com\/inicio\/index.php\/author\/diario1\/"}]}},"_links":{"self":[{"href":"https:\/\/diariotextual.com\/inicio\/index.php\/wp-json\/wp\/v2\/posts\/65589","targetHints":{"allow":["GET"]}}],"collection":[{"href":"https:\/\/diariotextual.com\/inicio\/index.php\/wp-json\/wp\/v2\/posts"}],"about":[{"href":"https:\/\/diariotextual.com\/inicio\/index.php\/wp-json\/wp\/v2\/types\/post"}],"author":[{"embeddable":true,"href":"https:\/\/diariotextual.com\/inicio\/index.php\/wp-json\/wp\/v2\/users\/3"}],"replies":[{"embeddable":true,"href":"https:\/\/diariotextual.com\/inicio\/index.php\/wp-json\/wp\/v2\/comments?post=65589"}],"version-history":[{"count":6,"href":"https:\/\/diariotextual.com\/inicio\/index.php\/wp-json\/wp\/v2\/posts\/65589\/revisions"}],"predecessor-version":[{"id":65603,"href":"https:\/\/diariotextual.com\/inicio\/index.php\/wp-json\/wp\/v2\/posts\/65589\/revisions\/65603"}],"wp:featuredmedia":[{"embeddable":true,"href":"https:\/\/diariotextual.com\/inicio\/index.php\/wp-json\/wp\/v2\/media\/65397"}],"wp:attachment":[{"href":"https:\/\/diariotextual.com\/inicio\/index.php\/wp-json\/wp\/v2\/media?parent=65589"}],"wp:term":[{"taxonomy":"category","embeddable":true,"href":"https:\/\/diariotextual.com\/inicio\/index.php\/wp-json\/wp\/v2\/categories?post=65589"},{"taxonomy":"post_tag","embeddable":true,"href":"https:\/\/diariotextual.com\/inicio\/index.php\/wp-json\/wp\/v2\/tags?post=65589"}],"curies":[{"name":"wp","href":"https:\/\/api.w.org\/{rel}","templated":true}]}}