{"id":65616,"date":"2019-10-11T14:01:23","date_gmt":"2019-10-11T17:01:23","guid":{"rendered":"http:\/\/diariotextual.com\/inicio\/?p=65616"},"modified":"2019-10-13T09:00:59","modified_gmt":"2019-10-13T12:00:59","slug":"verna-envio-la-legislatura-proyecto-aumentar-la-representatividad-femenina","status":"publish","type":"post","link":"https:\/\/diariotextual.com\/inicio\/index.php\/2019\/10\/11\/verna-envio-la-legislatura-proyecto-aumentar-la-representatividad-femenina\/","title":{"rendered":"Verna envi\u00f3 a la Legislatura un proyecto para que haya al menos 50% de mujeres en la Legislatura y concejos"},"content":{"rendered":"<p>El gobernador <strong>Carlos Verna<\/strong>, mediante Nota N\u00b0171\/19, elev\u00f3 este viernes al Poder Legislativo el proyecto de ley que contempla la modificaci\u00f3n de diversos art\u00edculos de las Leyes N\u00ba1593 y 2042, con el objetivo de que <strong>se incremente la representaci\u00f3n femenina del 30% al menos al 50% en la Legislatura provincial\u00a0 y los concejos deliberantes<\/strong> de las localidades.<\/p>\n<p>\u201cEste Poder Ejecutivo remite consideraci\u00f3n de ese Cuerpo Legislativo el adjunto proyecto de ley por el que se propicia la modificaci\u00f3n de los art\u00edculos 4, 8, 12 y 31 de la Ley N\u00b01593 y del articulo 9 de la Ley N\u00b02042&#8243;, se lee en la nota. \u00abAl respecto, el articulo 31 de la mencionada Ley N\u00b01593 establece que las listas que presenten candidatos a diputados provinciales y concejales deben estar compuestas con un m\u00ednimo del 30% de mujeres, ubicadas en lugares de las listas con posibilidades ciertas de resultar electas. Esta norma se encontraba en armon\u00eda con la Ley Nacional N\u00b024012 de cupo femenino, que fuera sancionada en el a\u00f1o 1991 y tuvo vigencia hasta el a\u00f1o 2017, momento a partir del cual se estableci\u00f3, a trav\u00e9s de la Ley N\u00b027412, el sistema de paridad de g\u00e9nero en los \u00f3rganos legislativos nacionales\u00bb.<\/p>\n<p>Ese 30% cumpli\u00f3 un importante rol impulsando y ampliando la presencia de las mujeres en pol\u00edtica. \u00abSin embargo, ese porcentaje surgido como un l\u00edmite m\u00ednimo se transform\u00f3, mayoritariamente, en el m\u00e1ximo de participaci\u00f3n y de representatividad pol\u00edtica femenina, ya que el nivel de representaci\u00f3n de mujeres en los \u00f3rganos colegiados se ha mantenido en torno de los porcentajes m\u00ednimos legalmente exigidos\u00bb, dijo.<\/p>\n<p>\u00abPor eso la modificaci\u00f3n medular del presente proyecto se relaciona y armoniza con lo dispuesto en el articulo 31 de la Ley 1593\u00bb, expres\u00f3. \u00abAs\u00ed por el presente proyecto<strong> se propone que en la composici\u00f3n de las listas que se presenten con candidatos a diputados provinciales, concejales y vocales de las Comisiones de Fomento, se deba respetar la igualdad de g\u00e9nero, debiendo conformarse ubicado de manera intercalada a mujeres y varones, pudiendo ser encabezada de manera indistinta por cualquiera de ellos. De esta manera se consigue la igualdad efectiva en la participaci\u00f3n pol\u00edtica<\/strong>\u201d, indica.<\/p>\n<p>\u201cCon la reforma propuesta se prev\u00e9 que, en tales situaciones, el diputado ser\u00e1 sustituido por el diputado del mismo g\u00e9nero que figure en la lista de titulares seg\u00fan el orden establecido; agotado el listado de titulares, la suplencia deber\u00e1 surgir del diputado del mismo g\u00e9nero que figure en la lista de suplentes y, solo en caso que no pueda cubrirse la vacancia por un diputado del mismo g\u00e9nero, ser\u00e1 cubierta con un diputado de distinto g\u00e9nero. De esta manera, se establece un mecanismo de reemplazos que logra, en principio, mantener la representatividad del g\u00e9nero femenino en la composici\u00f3n de la C\u00e1mara de Diputados\u201d, finaliza.<\/p>\n<p>&nbsp;<\/p>\n<p>&nbsp;<\/p>\n","protected":false},"excerpt":{"rendered":"<p>El gobernador Carlos Verna, mediante Nota N\u00b0171\/19, elev\u00f3 este viernes al Poder Legislativo el proyecto de ley que contempla la modificaci\u00f3n de diversos art\u00edculos de las Leyes N\u00ba1593 y 2042,&hellip;<\/p>\n","protected":false},"author":3,"featured_media":20705,"comment_status":"closed","ping_status":"open","sticky":false,"template":"","format":"standard","meta":{"_acf_changed":false,"footnotes":""},"categories":[319,8],"tags":[],"class_list":["post-65616","post","type-post","status-publish","format-standard","has-post-thumbnail","hentry","category-a-temporales","category-politica"],"acf":[],"yoast_head":"<!-- This site is optimized with the Yoast SEO plugin v27.4 - https:\/\/yoast.com\/product\/yoast-seo-wordpress\/ -->\n<title>Verna envi\u00f3 a la Legislatura un proyecto para que haya al menos 50% de mujeres en la Legislatura y concejos - Diario Textual<\/title>\n<meta name=\"robots\" content=\"index, follow, max-snippet:-1, max-image-preview:large, max-video-preview:-1\" \/>\n<link rel=\"canonical\" href=\"https:\/\/diariotextual.com\/inicio\/index.php\/2019\/10\/11\/verna-envio-la-legislatura-proyecto-aumentar-la-representatividad-femenina\/\" \/>\n<meta property=\"og:locale\" content=\"es_ES\" \/>\n<meta property=\"og:type\" content=\"article\" \/>\n<meta property=\"og:title\" content=\"Verna envi\u00f3 a la Legislatura un proyecto para que haya al menos 50% de mujeres en la Legislatura y concejos - Diario Textual\" \/>\n<meta property=\"og:description\" content=\"El gobernador Carlos Verna, mediante Nota N\u00b0171\/19, elev\u00f3 este viernes al Poder Legislativo el proyecto de ley que contempla la modificaci\u00f3n de diversos art\u00edculos de las Leyes N\u00ba1593 y 2042,&hellip;\" \/>\n<meta property=\"og:url\" content=\"https:\/\/diariotextual.com\/inicio\/index.php\/2019\/10\/11\/verna-envio-la-legislatura-proyecto-aumentar-la-representatividad-femenina\/\" \/>\n<meta property=\"og:site_name\" content=\"Diario Textual\" \/>\n<meta property=\"article:publisher\" content=\"https:\/\/www.facebook.com\/eltextual\" \/>\n<meta property=\"article:published_time\" content=\"2019-10-11T17:01:23+00:00\" \/>\n<meta property=\"article:modified_time\" content=\"2019-10-13T12:00:59+00:00\" \/>\n<meta property=\"og:image\" content=\"https:\/\/diariotextual.com\/inicio\/wp-content\/uploads\/2018\/09\/vernacarlos00002.jpg\" \/>\n\t<meta property=\"og:image:width\" content=\"960\" \/>\n\t<meta property=\"og:image:height\" content=\"652\" \/>\n\t<meta property=\"og:image:type\" content=\"image\/jpeg\" \/>\n<meta name=\"author\" content=\"Diario1 Diario1\" \/>\n<meta name=\"twitter:card\" content=\"summary_large_image\" \/>\n<meta name=\"twitter:creator\" content=\"@eltextual\" \/>\n<meta name=\"twitter:site\" content=\"@eltextual\" \/>\n<meta name=\"twitter:label1\" content=\"Escrito por\" \/>\n\t<meta name=\"twitter:data1\" content=\"Diario1 Diario1\" \/>\n\t<meta name=\"twitter:label2\" content=\"Tiempo de lectura\" \/>\n\t<meta name=\"twitter:data2\" content=\"2 minutos\" \/>\n<script type=\"application\/ld+json\" class=\"yoast-schema-graph\">{\"@context\":\"https:\\\/\\\/schema.org\",\"@graph\":[{\"@type\":\"Article\",\"@id\":\"https:\\\/\\\/diariotextual.com\\\/inicio\\\/index.php\\\/2019\\\/10\\\/11\\\/verna-envio-la-legislatura-proyecto-aumentar-la-representatividad-femenina\\\/#article\",\"isPartOf\":{\"@id\":\"https:\\\/\\\/diariotextual.com\\\/inicio\\\/index.php\\\/2019\\\/10\\\/11\\\/verna-envio-la-legislatura-proyecto-aumentar-la-representatividad-femenina\\\/\"},\"author\":{\"name\":\"Diario1 Diario1\",\"@id\":\"https:\\\/\\\/diariotextual.com\\\/inicio\\\/#\\\/schema\\\/person\\\/418fc4093c33e86ed41562db3508f958\"},\"headline\":\"Verna envi\u00f3 a la Legislatura un proyecto para que haya al menos 50% de mujeres en la Legislatura y concejos\",\"datePublished\":\"2019-10-11T17:01:23+00:00\",\"dateModified\":\"2019-10-13T12:00:59+00:00\",\"mainEntityOfPage\":{\"@id\":\"https:\\\/\\\/diariotextual.com\\\/inicio\\\/index.php\\\/2019\\\/10\\\/11\\\/verna-envio-la-legislatura-proyecto-aumentar-la-representatividad-femenina\\\/\"},\"wordCount\":498,\"publisher\":{\"@id\":\"https:\\\/\\\/diariotextual.com\\\/inicio\\\/#organization\"},\"image\":{\"@id\":\"https:\\\/\\\/diariotextual.com\\\/inicio\\\/index.php\\\/2019\\\/10\\\/11\\\/verna-envio-la-legislatura-proyecto-aumentar-la-representatividad-femenina\\\/#primaryimage\"},\"thumbnailUrl\":\"https:\\\/\\\/diariotextual.com\\\/inicio\\\/wp-content\\\/uploads\\\/2018\\\/09\\\/vernacarlos00002.jpg\",\"articleSection\":[\"A - TEMPORALES\",\"POLITICA\"],\"inLanguage\":\"es\"},{\"@type\":\"WebPage\",\"@id\":\"https:\\\/\\\/diariotextual.com\\\/inicio\\\/index.php\\\/2019\\\/10\\\/11\\\/verna-envio-la-legislatura-proyecto-aumentar-la-representatividad-femenina\\\/\",\"url\":\"https:\\\/\\\/diariotextual.com\\\/inicio\\\/index.php\\\/2019\\\/10\\\/11\\\/verna-envio-la-legislatura-proyecto-aumentar-la-representatividad-femenina\\\/\",\"name\":\"Verna envi\u00f3 a la Legislatura un proyecto para que haya al menos 50% de mujeres en la Legislatura y concejos - Diario Textual\",\"isPartOf\":{\"@id\":\"https:\\\/\\\/diariotextual.com\\\/inicio\\\/#website\"},\"primaryImageOfPage\":{\"@id\":\"https:\\\/\\\/diariotextual.com\\\/inicio\\\/index.php\\\/2019\\\/10\\\/11\\\/verna-envio-la-legislatura-proyecto-aumentar-la-representatividad-femenina\\\/#primaryimage\"},\"image\":{\"@id\":\"https:\\\/\\\/diariotextual.com\\\/inicio\\\/index.php\\\/2019\\\/10\\\/11\\\/verna-envio-la-legislatura-proyecto-aumentar-la-representatividad-femenina\\\/#primaryimage\"},\"thumbnailUrl\":\"https:\\\/\\\/diariotextual.com\\\/inicio\\\/wp-content\\\/uploads\\\/2018\\\/09\\\/vernacarlos00002.jpg\",\"datePublished\":\"2019-10-11T17:01:23+00:00\",\"dateModified\":\"2019-10-13T12:00:59+00:00\",\"breadcrumb\":{\"@id\":\"https:\\\/\\\/diariotextual.com\\\/inicio\\\/index.php\\\/2019\\\/10\\\/11\\\/verna-envio-la-legislatura-proyecto-aumentar-la-representatividad-femenina\\\/#breadcrumb\"},\"inLanguage\":\"es\",\"potentialAction\":[{\"@type\":\"ReadAction\",\"target\":[\"https:\\\/\\\/diariotextual.com\\\/inicio\\\/index.php\\\/2019\\\/10\\\/11\\\/verna-envio-la-legislatura-proyecto-aumentar-la-representatividad-femenina\\\/\"]}]},{\"@type\":\"ImageObject\",\"inLanguage\":\"es\",\"@id\":\"https:\\\/\\\/diariotextual.com\\\/inicio\\\/index.php\\\/2019\\\/10\\\/11\\\/verna-envio-la-legislatura-proyecto-aumentar-la-representatividad-femenina\\\/#primaryimage\",\"url\":\"https:\\\/\\\/diariotextual.com\\\/inicio\\\/wp-content\\\/uploads\\\/2018\\\/09\\\/vernacarlos00002.jpg\",\"contentUrl\":\"https:\\\/\\\/diariotextual.com\\\/inicio\\\/wp-content\\\/uploads\\\/2018\\\/09\\\/vernacarlos00002.jpg\",\"width\":960,\"height\":652},{\"@type\":\"BreadcrumbList\",\"@id\":\"https:\\\/\\\/diariotextual.com\\\/inicio\\\/index.php\\\/2019\\\/10\\\/11\\\/verna-envio-la-legislatura-proyecto-aumentar-la-representatividad-femenina\\\/#breadcrumb\",\"itemListElement\":[{\"@type\":\"ListItem\",\"position\":1,\"name\":\"Portada\",\"item\":\"https:\\\/\\\/diariotextual.com\\\/inicio\\\/\"},{\"@type\":\"ListItem\",\"position\":2,\"name\":\"Verna envi\u00f3 a la Legislatura un proyecto para que haya al menos 50% de mujeres en la Legislatura y concejos\"}]},{\"@type\":\"WebSite\",\"@id\":\"https:\\\/\\\/diariotextual.com\\\/inicio\\\/#website\",\"url\":\"https:\\\/\\\/diariotextual.com\\\/inicio\\\/\",\"name\":\"Diario Textual\",\"description\":\"\",\"publisher\":{\"@id\":\"https:\\\/\\\/diariotextual.com\\\/inicio\\\/#organization\"},\"potentialAction\":[{\"@type\":\"SearchAction\",\"target\":{\"@type\":\"EntryPoint\",\"urlTemplate\":\"https:\\\/\\\/diariotextual.com\\\/inicio\\\/?s={search_term_string}\"},\"query-input\":{\"@type\":\"PropertyValueSpecification\",\"valueRequired\":true,\"valueName\":\"search_term_string\"}}],\"inLanguage\":\"es\"},{\"@type\":\"Organization\",\"@id\":\"https:\\\/\\\/diariotextual.com\\\/inicio\\\/#organization\",\"name\":\"Diario Textual\",\"url\":\"https:\\\/\\\/diariotextual.com\\\/inicio\\\/\",\"logo\":{\"@type\":\"ImageObject\",\"inLanguage\":\"es\",\"@id\":\"https:\\\/\\\/diariotextual.com\\\/inicio\\\/#\\\/schema\\\/logo\\\/image\\\/\",\"url\":\"https:\\\/\\\/diariotextual.com\\\/inicio\\\/wp-content\\\/uploads\\\/2023\\\/05\\\/logotextual1.jpg\",\"contentUrl\":\"https:\\\/\\\/diariotextual.com\\\/inicio\\\/wp-content\\\/uploads\\\/2023\\\/05\\\/logotextual1.jpg\",\"width\":516,\"height\":76,\"caption\":\"Diario Textual\"},\"image\":{\"@id\":\"https:\\\/\\\/diariotextual.com\\\/inicio\\\/#\\\/schema\\\/logo\\\/image\\\/\"},\"sameAs\":[\"https:\\\/\\\/www.facebook.com\\\/eltextual\",\"https:\\\/\\\/x.com\\\/eltextual\",\"http:\\\/\\\/www.instagram.com\\\/eltextual\"]},{\"@type\":\"Person\",\"@id\":\"https:\\\/\\\/diariotextual.com\\\/inicio\\\/#\\\/schema\\\/person\\\/418fc4093c33e86ed41562db3508f958\",\"name\":\"Diario1 Diario1\",\"image\":{\"@type\":\"ImageObject\",\"inLanguage\":\"es\",\"@id\":\"https:\\\/\\\/secure.gravatar.com\\\/avatar\\\/9167d280179c85bc18be67aa7eda765854300033af4896dd779b608640f2ef7a?s=96&d=mm&r=g\",\"url\":\"https:\\\/\\\/secure.gravatar.com\\\/avatar\\\/9167d280179c85bc18be67aa7eda765854300033af4896dd779b608640f2ef7a?s=96&d=mm&r=g\",\"contentUrl\":\"https:\\\/\\\/secure.gravatar.com\\\/avatar\\\/9167d280179c85bc18be67aa7eda765854300033af4896dd779b608640f2ef7a?s=96&d=mm&r=g\",\"caption\":\"Diario1 Diario1\"},\"url\":\"https:\\\/\\\/diariotextual.com\\\/inicio\\\/index.php\\\/author\\\/diario1\\\/\"}]}<\/script>\n<!-- \/ Yoast SEO plugin. -->","yoast_head_json":{"title":"Verna envi\u00f3 a la Legislatura un proyecto para que haya al menos 50% de mujeres en la Legislatura y concejos - Diario Textual","robots":{"index":"index","follow":"follow","max-snippet":"max-snippet:-1","max-image-preview":"max-image-preview:large","max-video-preview":"max-video-preview:-1"},"canonical":"https:\/\/diariotextual.com\/inicio\/index.php\/2019\/10\/11\/verna-envio-la-legislatura-proyecto-aumentar-la-representatividad-femenina\/","og_locale":"es_ES","og_type":"article","og_title":"Verna envi\u00f3 a la Legislatura un proyecto para que haya al menos 50% de mujeres en la Legislatura y concejos - Diario Textual","og_description":"El gobernador Carlos Verna, mediante Nota N\u00b0171\/19, elev\u00f3 este viernes al Poder Legislativo el proyecto de ley que contempla la modificaci\u00f3n de diversos art\u00edculos de las Leyes N\u00ba1593 y 2042,&hellip;","og_url":"https:\/\/diariotextual.com\/inicio\/index.php\/2019\/10\/11\/verna-envio-la-legislatura-proyecto-aumentar-la-representatividad-femenina\/","og_site_name":"Diario Textual","article_publisher":"https:\/\/www.facebook.com\/eltextual","article_published_time":"2019-10-11T17:01:23+00:00","article_modified_time":"2019-10-13T12:00:59+00:00","og_image":[{"width":960,"height":652,"url":"https:\/\/diariotextual.com\/inicio\/wp-content\/uploads\/2018\/09\/vernacarlos00002.jpg","type":"image\/jpeg"}],"author":"Diario1 Diario1","twitter_card":"summary_large_image","twitter_creator":"@eltextual","twitter_site":"@eltextual","twitter_misc":{"Escrito por":"Diario1 Diario1","Tiempo de lectura":"2 minutos"},"schema":{"@context":"https:\/\/schema.org","@graph":[{"@type":"Article","@id":"https:\/\/diariotextual.com\/inicio\/index.php\/2019\/10\/11\/verna-envio-la-legislatura-proyecto-aumentar-la-representatividad-femenina\/#article","isPartOf":{"@id":"https:\/\/diariotextual.com\/inicio\/index.php\/2019\/10\/11\/verna-envio-la-legislatura-proyecto-aumentar-la-representatividad-femenina\/"},"author":{"name":"Diario1 Diario1","@id":"https:\/\/diariotextual.com\/inicio\/#\/schema\/person\/418fc4093c33e86ed41562db3508f958"},"headline":"Verna envi\u00f3 a la Legislatura un proyecto para que haya al menos 50% de mujeres en la Legislatura y concejos","datePublished":"2019-10-11T17:01:23+00:00","dateModified":"2019-10-13T12:00:59+00:00","mainEntityOfPage":{"@id":"https:\/\/diariotextual.com\/inicio\/index.php\/2019\/10\/11\/verna-envio-la-legislatura-proyecto-aumentar-la-representatividad-femenina\/"},"wordCount":498,"publisher":{"@id":"https:\/\/diariotextual.com\/inicio\/#organization"},"image":{"@id":"https:\/\/diariotextual.com\/inicio\/index.php\/2019\/10\/11\/verna-envio-la-legislatura-proyecto-aumentar-la-representatividad-femenina\/#primaryimage"},"thumbnailUrl":"https:\/\/diariotextual.com\/inicio\/wp-content\/uploads\/2018\/09\/vernacarlos00002.jpg","articleSection":["A - TEMPORALES","POLITICA"],"inLanguage":"es"},{"@type":"WebPage","@id":"https:\/\/diariotextual.com\/inicio\/index.php\/2019\/10\/11\/verna-envio-la-legislatura-proyecto-aumentar-la-representatividad-femenina\/","url":"https:\/\/diariotextual.com\/inicio\/index.php\/2019\/10\/11\/verna-envio-la-legislatura-proyecto-aumentar-la-representatividad-femenina\/","name":"Verna envi\u00f3 a la Legislatura un proyecto para que haya al menos 50% de mujeres en la Legislatura y concejos - Diario Textual","isPartOf":{"@id":"https:\/\/diariotextual.com\/inicio\/#website"},"primaryImageOfPage":{"@id":"https:\/\/diariotextual.com\/inicio\/index.php\/2019\/10\/11\/verna-envio-la-legislatura-proyecto-aumentar-la-representatividad-femenina\/#primaryimage"},"image":{"@id":"https:\/\/diariotextual.com\/inicio\/index.php\/2019\/10\/11\/verna-envio-la-legislatura-proyecto-aumentar-la-representatividad-femenina\/#primaryimage"},"thumbnailUrl":"https:\/\/diariotextual.com\/inicio\/wp-content\/uploads\/2018\/09\/vernacarlos00002.jpg","datePublished":"2019-10-11T17:01:23+00:00","dateModified":"2019-10-13T12:00:59+00:00","breadcrumb":{"@id":"https:\/\/diariotextual.com\/inicio\/index.php\/2019\/10\/11\/verna-envio-la-legislatura-proyecto-aumentar-la-representatividad-femenina\/#breadcrumb"},"inLanguage":"es","potentialAction":[{"@type":"ReadAction","target":["https:\/\/diariotextual.com\/inicio\/index.php\/2019\/10\/11\/verna-envio-la-legislatura-proyecto-aumentar-la-representatividad-femenina\/"]}]},{"@type":"ImageObject","inLanguage":"es","@id":"https:\/\/diariotextual.com\/inicio\/index.php\/2019\/10\/11\/verna-envio-la-legislatura-proyecto-aumentar-la-representatividad-femenina\/#primaryimage","url":"https:\/\/diariotextual.com\/inicio\/wp-content\/uploads\/2018\/09\/vernacarlos00002.jpg","contentUrl":"https:\/\/diariotextual.com\/inicio\/wp-content\/uploads\/2018\/09\/vernacarlos00002.jpg","width":960,"height":652},{"@type":"BreadcrumbList","@id":"https:\/\/diariotextual.com\/inicio\/index.php\/2019\/10\/11\/verna-envio-la-legislatura-proyecto-aumentar-la-representatividad-femenina\/#breadcrumb","itemListElement":[{"@type":"ListItem","position":1,"name":"Portada","item":"https:\/\/diariotextual.com\/inicio\/"},{"@type":"ListItem","position":2,"name":"Verna envi\u00f3 a la Legislatura un proyecto para que haya al menos 50% de mujeres en la Legislatura y concejos"}]},{"@type":"WebSite","@id":"https:\/\/diariotextual.com\/inicio\/#website","url":"https:\/\/diariotextual.com\/inicio\/","name":"Diario Textual","description":"","publisher":{"@id":"https:\/\/diariotextual.com\/inicio\/#organization"},"potentialAction":[{"@type":"SearchAction","target":{"@type":"EntryPoint","urlTemplate":"https:\/\/diariotextual.com\/inicio\/?s={search_term_string}"},"query-input":{"@type":"PropertyValueSpecification","valueRequired":true,"valueName":"search_term_string"}}],"inLanguage":"es"},{"@type":"Organization","@id":"https:\/\/diariotextual.com\/inicio\/#organization","name":"Diario Textual","url":"https:\/\/diariotextual.com\/inicio\/","logo":{"@type":"ImageObject","inLanguage":"es","@id":"https:\/\/diariotextual.com\/inicio\/#\/schema\/logo\/image\/","url":"https:\/\/diariotextual.com\/inicio\/wp-content\/uploads\/2023\/05\/logotextual1.jpg","contentUrl":"https:\/\/diariotextual.com\/inicio\/wp-content\/uploads\/2023\/05\/logotextual1.jpg","width":516,"height":76,"caption":"Diario Textual"},"image":{"@id":"https:\/\/diariotextual.com\/inicio\/#\/schema\/logo\/image\/"},"sameAs":["https:\/\/www.facebook.com\/eltextual","https:\/\/x.com\/eltextual","http:\/\/www.instagram.com\/eltextual"]},{"@type":"Person","@id":"https:\/\/diariotextual.com\/inicio\/#\/schema\/person\/418fc4093c33e86ed41562db3508f958","name":"Diario1 Diario1","image":{"@type":"ImageObject","inLanguage":"es","@id":"https:\/\/secure.gravatar.com\/avatar\/9167d280179c85bc18be67aa7eda765854300033af4896dd779b608640f2ef7a?s=96&d=mm&r=g","url":"https:\/\/secure.gravatar.com\/avatar\/9167d280179c85bc18be67aa7eda765854300033af4896dd779b608640f2ef7a?s=96&d=mm&r=g","contentUrl":"https:\/\/secure.gravatar.com\/avatar\/9167d280179c85bc18be67aa7eda765854300033af4896dd779b608640f2ef7a?s=96&d=mm&r=g","caption":"Diario1 Diario1"},"url":"https:\/\/diariotextual.com\/inicio\/index.php\/author\/diario1\/"}]}},"_links":{"self":[{"href":"https:\/\/diariotextual.com\/inicio\/index.php\/wp-json\/wp\/v2\/posts\/65616","targetHints":{"allow":["GET"]}}],"collection":[{"href":"https:\/\/diariotextual.com\/inicio\/index.php\/wp-json\/wp\/v2\/posts"}],"about":[{"href":"https:\/\/diariotextual.com\/inicio\/index.php\/wp-json\/wp\/v2\/types\/post"}],"author":[{"embeddable":true,"href":"https:\/\/diariotextual.com\/inicio\/index.php\/wp-json\/wp\/v2\/users\/3"}],"replies":[{"embeddable":true,"href":"https:\/\/diariotextual.com\/inicio\/index.php\/wp-json\/wp\/v2\/comments?post=65616"}],"version-history":[{"count":4,"href":"https:\/\/diariotextual.com\/inicio\/index.php\/wp-json\/wp\/v2\/posts\/65616\/revisions"}],"predecessor-version":[{"id":65770,"href":"https:\/\/diariotextual.com\/inicio\/index.php\/wp-json\/wp\/v2\/posts\/65616\/revisions\/65770"}],"wp:featuredmedia":[{"embeddable":true,"href":"https:\/\/diariotextual.com\/inicio\/index.php\/wp-json\/wp\/v2\/media\/20705"}],"wp:attachment":[{"href":"https:\/\/diariotextual.com\/inicio\/index.php\/wp-json\/wp\/v2\/media?parent=65616"}],"wp:term":[{"taxonomy":"category","embeddable":true,"href":"https:\/\/diariotextual.com\/inicio\/index.php\/wp-json\/wp\/v2\/categories?post=65616"},{"taxonomy":"post_tag","embeddable":true,"href":"https:\/\/diariotextual.com\/inicio\/index.php\/wp-json\/wp\/v2\/tags?post=65616"}],"curies":[{"name":"wp","href":"https:\/\/api.w.org\/{rel}","templated":true}]}}