{"id":65753,"date":"2019-10-13T13:36:19","date_gmt":"2019-10-13T16:36:19","guid":{"rendered":"http:\/\/diariotextual.com\/inicio\/?p=65753"},"modified":"2019-10-13T18:03:50","modified_gmt":"2019-10-13T21:03:50","slug":"ahora-macri-volvio-prometer-la-quita-las-retenciones-al-agro","status":"publish","type":"post","link":"https:\/\/diariotextual.com\/inicio\/index.php\/2019\/10\/13\/ahora-macri-volvio-prometer-la-quita-las-retenciones-al-agro\/","title":{"rendered":"Ahora Macri volvi\u00f3 a prometer la quita de las retenciones al agro"},"content":{"rendered":"<p>Como en la campa\u00f1a electoral de 2015 cuando era candidato, el presidente<strong> Mauricio Macri<\/strong> anunci\u00f3 este s\u00e1bado que, en caso de ser reelecto el pr\u00f3ximo 27 de octubre, <strong>volver\u00e1 a eliminar las retenciones a las exportaciones<\/strong> tal como ocurriera en la primera etapa de su mandato, una medida que dur\u00f3 hasta septiembre de 2018, cuando ese tributo volvi\u00f3 a aplicarse. Ahora, dice que lo va a eliminar para todos los productos, menos para la soja.<\/p>\n<p>Macri lo anunci\u00f3 a trav\u00e9s de su cuenta de twitter y en el marco de una propuesta por d\u00eda que se propuso hacer en el marco de la gira #S\u00edSePuede, la estrategia con la planea achicar la diferencia que le sac\u00f3 el candidato del Frente de Todos, Alberto Fern\u00e1ndez, en las elecciones Primarias del pasado 11 de agosto.<\/p>\n<p><strong>Fue el propio Macri quien en septiembre del a\u00f1o pasado volvi\u00f3 a aplicar el tributo del cual reneg\u00f3 durante su etapa de candidato presidencial.<\/strong> \u201cSe desataron todas las tormentas juntas, pero no por ello vamos a perder las esperanzas. Logramos poner en marcha industrias importantes, dimos un impulso importante al campo, que logr\u00f3 una cosecha r\u00e9cord tras una sequ\u00eda\u201d, dec\u00eda el mandatario el 3 de septiembre de 2018, en el inicio de una fuerte crisis econ\u00f3mica a\u00fan no resuelta. \u201cSabemos que es un impuesto malo, pero es una emergencia\u201d, sosten\u00eda Macri para explicar el regreso de las retenciones. <strong>Ahora, en plena campa\u00f1a y 15 d\u00edas de las elecciones generales vuelve a prometer que quitar\u00e1 el tributo a la exportaci\u00f3n de los productos que produce el agro.<\/strong><\/p>\n<blockquote class=\"twitter-tweet\">\n<p dir=\"ltr\" lang=\"es\">3. ELIMINAREMOS LAS RETENCIONES AL CAMPO. Desde enero de 2021, ninguna exportaci\u00f3n del campo pagar\u00e1 retenciones. La \u00fanica excepci\u00f3n ser\u00e1 la soja, cuyas retenciones seguir\u00e1n bajando progresivamente.<\/p>\n<p>\u2014 Mauricio Macri (@mauriciomacri) <a href=\"https:\/\/twitter.com\/mauriciomacri\/status\/1183075886670716928?ref_src=twsrc%5Etfw\">October 12, 2019<\/a><\/p><\/blockquote>\n<p><script async src=\"https:\/\/platform.twitter.com\/widgets.js\" charset=\"utf-8\"><\/script><\/p>\n<p>Adem\u00e1s de la quita de retenciones, el presidente tambi\u00e9n habl\u00f3 de que, en caso de que sea reelecto, impulsar\u00e1 una nueva ley de semillas.<\/p>\n<p>A priori, lejos de la matriz industrial, el presidente advirti\u00f3 que la actualizaci\u00f3n de una ley de semillas (la vigente fue sancionada en 1973) \u201cva a abrir mercados nuevos para exportar m\u00e1s productos agroindustriales, incentivar a los cient\u00edficos a seguir innovando en el desarrollo de semillas y modernizar todo el campo argentino. Es un punto de partida clave para mirar hacia el futuro del agro\u201d, estim\u00f3.<\/p>\n<p>&nbsp;<\/p>\n<p>&nbsp;<\/p>\n<p>&nbsp;<\/p>\n<p>&nbsp;<\/p>\n<p>&nbsp;<\/p>\n<p>&nbsp;<\/p>\n","protected":false},"excerpt":{"rendered":"<p>Como en la campa\u00f1a electoral de 2015 cuando era candidato, el presidente Mauricio Macri anunci\u00f3 este s\u00e1bado que, en caso de ser reelecto el pr\u00f3ximo 27 de octubre, volver\u00e1 a&hellip;<\/p>\n","protected":false},"author":3,"featured_media":63438,"comment_status":"closed","ping_status":"open","sticky":false,"template":"","format":"standard","meta":{"_acf_changed":false,"footnotes":""},"categories":[11,5],"tags":[],"class_list":["post-65753","post","type-post","status-publish","format-standard","has-post-thumbnail","hentry","category-que-pasa","category-economia"],"acf":[],"yoast_head":"<!-- This site is optimized with the Yoast SEO plugin v27.5 - https:\/\/yoast.com\/product\/yoast-seo-wordpress\/ -->\n<title>Ahora Macri volvi\u00f3 a prometer la quita de las retenciones al agro - Diario Textual<\/title>\n<meta name=\"robots\" content=\"index, follow, max-snippet:-1, max-image-preview:large, max-video-preview:-1\" \/>\n<link rel=\"canonical\" href=\"https:\/\/diariotextual.com\/inicio\/index.php\/2019\/10\/13\/ahora-macri-volvio-prometer-la-quita-las-retenciones-al-agro\/\" \/>\n<meta property=\"og:locale\" content=\"es_ES\" \/>\n<meta property=\"og:type\" content=\"article\" \/>\n<meta property=\"og:title\" content=\"Ahora Macri volvi\u00f3 a prometer la quita de las retenciones al agro - Diario Textual\" \/>\n<meta property=\"og:description\" content=\"Como en la campa\u00f1a electoral de 2015 cuando era candidato, el presidente Mauricio Macri anunci\u00f3 este s\u00e1bado que, en caso de ser reelecto el pr\u00f3ximo 27 de octubre, volver\u00e1 a&hellip;\" \/>\n<meta property=\"og:url\" content=\"https:\/\/diariotextual.com\/inicio\/index.php\/2019\/10\/13\/ahora-macri-volvio-prometer-la-quita-las-retenciones-al-agro\/\" \/>\n<meta property=\"og:site_name\" content=\"Diario Textual\" \/>\n<meta property=\"article:publisher\" content=\"https:\/\/www.facebook.com\/eltextual\" \/>\n<meta property=\"article:published_time\" content=\"2019-10-13T16:36:19+00:00\" \/>\n<meta property=\"article:modified_time\" content=\"2019-10-13T21:03:50+00:00\" \/>\n<meta property=\"og:image\" content=\"https:\/\/diariotextual.com\/inicio\/wp-content\/uploads\/2019\/09\/macrimauricioselfie2019-1.jpg\" \/>\n\t<meta property=\"og:image:width\" content=\"960\" \/>\n\t<meta property=\"og:image:height\" content=\"640\" \/>\n\t<meta property=\"og:image:type\" content=\"image\/jpeg\" \/>\n<meta name=\"author\" content=\"Diario1 Diario1\" \/>\n<meta name=\"twitter:card\" content=\"summary_large_image\" \/>\n<meta name=\"twitter:creator\" content=\"@eltextual\" \/>\n<meta name=\"twitter:site\" content=\"@eltextual\" \/>\n<meta name=\"twitter:label1\" content=\"Escrito por\" \/>\n\t<meta name=\"twitter:data1\" content=\"Diario1 Diario1\" \/>\n\t<meta name=\"twitter:label2\" content=\"Tiempo de lectura\" \/>\n\t<meta name=\"twitter:data2\" content=\"2 minutos\" \/>\n<script type=\"application\/ld+json\" class=\"yoast-schema-graph\">{\"@context\":\"https:\\\/\\\/schema.org\",\"@graph\":[{\"@type\":\"Article\",\"@id\":\"https:\\\/\\\/diariotextual.com\\\/inicio\\\/index.php\\\/2019\\\/10\\\/13\\\/ahora-macri-volvio-prometer-la-quita-las-retenciones-al-agro\\\/#article\",\"isPartOf\":{\"@id\":\"https:\\\/\\\/diariotextual.com\\\/inicio\\\/index.php\\\/2019\\\/10\\\/13\\\/ahora-macri-volvio-prometer-la-quita-las-retenciones-al-agro\\\/\"},\"author\":{\"name\":\"Diario1 Diario1\",\"@id\":\"https:\\\/\\\/diariotextual.com\\\/inicio\\\/#\\\/schema\\\/person\\\/418fc4093c33e86ed41562db3508f958\"},\"headline\":\"Ahora Macri volvi\u00f3 a prometer la quita de las retenciones al agro\",\"datePublished\":\"2019-10-13T16:36:19+00:00\",\"dateModified\":\"2019-10-13T21:03:50+00:00\",\"mainEntityOfPage\":{\"@id\":\"https:\\\/\\\/diariotextual.com\\\/inicio\\\/index.php\\\/2019\\\/10\\\/13\\\/ahora-macri-volvio-prometer-la-quita-las-retenciones-al-agro\\\/\"},\"wordCount\":413,\"publisher\":{\"@id\":\"https:\\\/\\\/diariotextual.com\\\/inicio\\\/#organization\"},\"image\":{\"@id\":\"https:\\\/\\\/diariotextual.com\\\/inicio\\\/index.php\\\/2019\\\/10\\\/13\\\/ahora-macri-volvio-prometer-la-quita-las-retenciones-al-agro\\\/#primaryimage\"},\"thumbnailUrl\":\"https:\\\/\\\/diariotextual.com\\\/inicio\\\/wp-content\\\/uploads\\\/2019\\\/09\\\/macrimauricioselfie2019-1.jpg\",\"articleSection\":[\"A - QUE PASA (al costado)\",\"ECONOMIA\"],\"inLanguage\":\"es\"},{\"@type\":\"WebPage\",\"@id\":\"https:\\\/\\\/diariotextual.com\\\/inicio\\\/index.php\\\/2019\\\/10\\\/13\\\/ahora-macri-volvio-prometer-la-quita-las-retenciones-al-agro\\\/\",\"url\":\"https:\\\/\\\/diariotextual.com\\\/inicio\\\/index.php\\\/2019\\\/10\\\/13\\\/ahora-macri-volvio-prometer-la-quita-las-retenciones-al-agro\\\/\",\"name\":\"Ahora Macri volvi\u00f3 a prometer la quita de las retenciones al agro - Diario Textual\",\"isPartOf\":{\"@id\":\"https:\\\/\\\/diariotextual.com\\\/inicio\\\/#website\"},\"primaryImageOfPage\":{\"@id\":\"https:\\\/\\\/diariotextual.com\\\/inicio\\\/index.php\\\/2019\\\/10\\\/13\\\/ahora-macri-volvio-prometer-la-quita-las-retenciones-al-agro\\\/#primaryimage\"},\"image\":{\"@id\":\"https:\\\/\\\/diariotextual.com\\\/inicio\\\/index.php\\\/2019\\\/10\\\/13\\\/ahora-macri-volvio-prometer-la-quita-las-retenciones-al-agro\\\/#primaryimage\"},\"thumbnailUrl\":\"https:\\\/\\\/diariotextual.com\\\/inicio\\\/wp-content\\\/uploads\\\/2019\\\/09\\\/macrimauricioselfie2019-1.jpg\",\"datePublished\":\"2019-10-13T16:36:19+00:00\",\"dateModified\":\"2019-10-13T21:03:50+00:00\",\"breadcrumb\":{\"@id\":\"https:\\\/\\\/diariotextual.com\\\/inicio\\\/index.php\\\/2019\\\/10\\\/13\\\/ahora-macri-volvio-prometer-la-quita-las-retenciones-al-agro\\\/#breadcrumb\"},\"inLanguage\":\"es\",\"potentialAction\":[{\"@type\":\"ReadAction\",\"target\":[\"https:\\\/\\\/diariotextual.com\\\/inicio\\\/index.php\\\/2019\\\/10\\\/13\\\/ahora-macri-volvio-prometer-la-quita-las-retenciones-al-agro\\\/\"]}]},{\"@type\":\"ImageObject\",\"inLanguage\":\"es\",\"@id\":\"https:\\\/\\\/diariotextual.com\\\/inicio\\\/index.php\\\/2019\\\/10\\\/13\\\/ahora-macri-volvio-prometer-la-quita-las-retenciones-al-agro\\\/#primaryimage\",\"url\":\"https:\\\/\\\/diariotextual.com\\\/inicio\\\/wp-content\\\/uploads\\\/2019\\\/09\\\/macrimauricioselfie2019-1.jpg\",\"contentUrl\":\"https:\\\/\\\/diariotextual.com\\\/inicio\\\/wp-content\\\/uploads\\\/2019\\\/09\\\/macrimauricioselfie2019-1.jpg\",\"width\":960,\"height\":640},{\"@type\":\"BreadcrumbList\",\"@id\":\"https:\\\/\\\/diariotextual.com\\\/inicio\\\/index.php\\\/2019\\\/10\\\/13\\\/ahora-macri-volvio-prometer-la-quita-las-retenciones-al-agro\\\/#breadcrumb\",\"itemListElement\":[{\"@type\":\"ListItem\",\"position\":1,\"name\":\"Portada\",\"item\":\"https:\\\/\\\/diariotextual.com\\\/inicio\\\/\"},{\"@type\":\"ListItem\",\"position\":2,\"name\":\"Ahora Macri volvi\u00f3 a prometer la quita de las retenciones al agro\"}]},{\"@type\":\"WebSite\",\"@id\":\"https:\\\/\\\/diariotextual.com\\\/inicio\\\/#website\",\"url\":\"https:\\\/\\\/diariotextual.com\\\/inicio\\\/\",\"name\":\"Diario Textual\",\"description\":\"\",\"publisher\":{\"@id\":\"https:\\\/\\\/diariotextual.com\\\/inicio\\\/#organization\"},\"potentialAction\":[{\"@type\":\"SearchAction\",\"target\":{\"@type\":\"EntryPoint\",\"urlTemplate\":\"https:\\\/\\\/diariotextual.com\\\/inicio\\\/?s={search_term_string}\"},\"query-input\":{\"@type\":\"PropertyValueSpecification\",\"valueRequired\":true,\"valueName\":\"search_term_string\"}}],\"inLanguage\":\"es\"},{\"@type\":\"Organization\",\"@id\":\"https:\\\/\\\/diariotextual.com\\\/inicio\\\/#organization\",\"name\":\"Diario Textual\",\"url\":\"https:\\\/\\\/diariotextual.com\\\/inicio\\\/\",\"logo\":{\"@type\":\"ImageObject\",\"inLanguage\":\"es\",\"@id\":\"https:\\\/\\\/diariotextual.com\\\/inicio\\\/#\\\/schema\\\/logo\\\/image\\\/\",\"url\":\"https:\\\/\\\/diariotextual.com\\\/inicio\\\/wp-content\\\/uploads\\\/2023\\\/05\\\/logotextual1.jpg\",\"contentUrl\":\"https:\\\/\\\/diariotextual.com\\\/inicio\\\/wp-content\\\/uploads\\\/2023\\\/05\\\/logotextual1.jpg\",\"width\":516,\"height\":76,\"caption\":\"Diario Textual\"},\"image\":{\"@id\":\"https:\\\/\\\/diariotextual.com\\\/inicio\\\/#\\\/schema\\\/logo\\\/image\\\/\"},\"sameAs\":[\"https:\\\/\\\/www.facebook.com\\\/eltextual\",\"https:\\\/\\\/x.com\\\/eltextual\",\"http:\\\/\\\/www.instagram.com\\\/eltextual\"]},{\"@type\":\"Person\",\"@id\":\"https:\\\/\\\/diariotextual.com\\\/inicio\\\/#\\\/schema\\\/person\\\/418fc4093c33e86ed41562db3508f958\",\"name\":\"Diario1 Diario1\",\"image\":{\"@type\":\"ImageObject\",\"inLanguage\":\"es\",\"@id\":\"https:\\\/\\\/secure.gravatar.com\\\/avatar\\\/9167d280179c85bc18be67aa7eda765854300033af4896dd779b608640f2ef7a?s=96&d=mm&r=g\",\"url\":\"https:\\\/\\\/secure.gravatar.com\\\/avatar\\\/9167d280179c85bc18be67aa7eda765854300033af4896dd779b608640f2ef7a?s=96&d=mm&r=g\",\"contentUrl\":\"https:\\\/\\\/secure.gravatar.com\\\/avatar\\\/9167d280179c85bc18be67aa7eda765854300033af4896dd779b608640f2ef7a?s=96&d=mm&r=g\",\"caption\":\"Diario1 Diario1\"},\"url\":\"https:\\\/\\\/diariotextual.com\\\/inicio\\\/index.php\\\/author\\\/diario1\\\/\"}]}<\/script>\n<!-- \/ Yoast SEO plugin. -->","yoast_head_json":{"title":"Ahora Macri volvi\u00f3 a prometer la quita de las retenciones al agro - Diario Textual","robots":{"index":"index","follow":"follow","max-snippet":"max-snippet:-1","max-image-preview":"max-image-preview:large","max-video-preview":"max-video-preview:-1"},"canonical":"https:\/\/diariotextual.com\/inicio\/index.php\/2019\/10\/13\/ahora-macri-volvio-prometer-la-quita-las-retenciones-al-agro\/","og_locale":"es_ES","og_type":"article","og_title":"Ahora Macri volvi\u00f3 a prometer la quita de las retenciones al agro - Diario Textual","og_description":"Como en la campa\u00f1a electoral de 2015 cuando era candidato, el presidente Mauricio Macri anunci\u00f3 este s\u00e1bado que, en caso de ser reelecto el pr\u00f3ximo 27 de octubre, volver\u00e1 a&hellip;","og_url":"https:\/\/diariotextual.com\/inicio\/index.php\/2019\/10\/13\/ahora-macri-volvio-prometer-la-quita-las-retenciones-al-agro\/","og_site_name":"Diario Textual","article_publisher":"https:\/\/www.facebook.com\/eltextual","article_published_time":"2019-10-13T16:36:19+00:00","article_modified_time":"2019-10-13T21:03:50+00:00","og_image":[{"width":960,"height":640,"url":"https:\/\/diariotextual.com\/inicio\/wp-content\/uploads\/2019\/09\/macrimauricioselfie2019-1.jpg","type":"image\/jpeg"}],"author":"Diario1 Diario1","twitter_card":"summary_large_image","twitter_creator":"@eltextual","twitter_site":"@eltextual","twitter_misc":{"Escrito por":"Diario1 Diario1","Tiempo de lectura":"2 minutos"},"schema":{"@context":"https:\/\/schema.org","@graph":[{"@type":"Article","@id":"https:\/\/diariotextual.com\/inicio\/index.php\/2019\/10\/13\/ahora-macri-volvio-prometer-la-quita-las-retenciones-al-agro\/#article","isPartOf":{"@id":"https:\/\/diariotextual.com\/inicio\/index.php\/2019\/10\/13\/ahora-macri-volvio-prometer-la-quita-las-retenciones-al-agro\/"},"author":{"name":"Diario1 Diario1","@id":"https:\/\/diariotextual.com\/inicio\/#\/schema\/person\/418fc4093c33e86ed41562db3508f958"},"headline":"Ahora Macri volvi\u00f3 a prometer la quita de las retenciones al agro","datePublished":"2019-10-13T16:36:19+00:00","dateModified":"2019-10-13T21:03:50+00:00","mainEntityOfPage":{"@id":"https:\/\/diariotextual.com\/inicio\/index.php\/2019\/10\/13\/ahora-macri-volvio-prometer-la-quita-las-retenciones-al-agro\/"},"wordCount":413,"publisher":{"@id":"https:\/\/diariotextual.com\/inicio\/#organization"},"image":{"@id":"https:\/\/diariotextual.com\/inicio\/index.php\/2019\/10\/13\/ahora-macri-volvio-prometer-la-quita-las-retenciones-al-agro\/#primaryimage"},"thumbnailUrl":"https:\/\/diariotextual.com\/inicio\/wp-content\/uploads\/2019\/09\/macrimauricioselfie2019-1.jpg","articleSection":["A - QUE PASA (al costado)","ECONOMIA"],"inLanguage":"es"},{"@type":"WebPage","@id":"https:\/\/diariotextual.com\/inicio\/index.php\/2019\/10\/13\/ahora-macri-volvio-prometer-la-quita-las-retenciones-al-agro\/","url":"https:\/\/diariotextual.com\/inicio\/index.php\/2019\/10\/13\/ahora-macri-volvio-prometer-la-quita-las-retenciones-al-agro\/","name":"Ahora Macri volvi\u00f3 a prometer la quita de las retenciones al agro - Diario Textual","isPartOf":{"@id":"https:\/\/diariotextual.com\/inicio\/#website"},"primaryImageOfPage":{"@id":"https:\/\/diariotextual.com\/inicio\/index.php\/2019\/10\/13\/ahora-macri-volvio-prometer-la-quita-las-retenciones-al-agro\/#primaryimage"},"image":{"@id":"https:\/\/diariotextual.com\/inicio\/index.php\/2019\/10\/13\/ahora-macri-volvio-prometer-la-quita-las-retenciones-al-agro\/#primaryimage"},"thumbnailUrl":"https:\/\/diariotextual.com\/inicio\/wp-content\/uploads\/2019\/09\/macrimauricioselfie2019-1.jpg","datePublished":"2019-10-13T16:36:19+00:00","dateModified":"2019-10-13T21:03:50+00:00","breadcrumb":{"@id":"https:\/\/diariotextual.com\/inicio\/index.php\/2019\/10\/13\/ahora-macri-volvio-prometer-la-quita-las-retenciones-al-agro\/#breadcrumb"},"inLanguage":"es","potentialAction":[{"@type":"ReadAction","target":["https:\/\/diariotextual.com\/inicio\/index.php\/2019\/10\/13\/ahora-macri-volvio-prometer-la-quita-las-retenciones-al-agro\/"]}]},{"@type":"ImageObject","inLanguage":"es","@id":"https:\/\/diariotextual.com\/inicio\/index.php\/2019\/10\/13\/ahora-macri-volvio-prometer-la-quita-las-retenciones-al-agro\/#primaryimage","url":"https:\/\/diariotextual.com\/inicio\/wp-content\/uploads\/2019\/09\/macrimauricioselfie2019-1.jpg","contentUrl":"https:\/\/diariotextual.com\/inicio\/wp-content\/uploads\/2019\/09\/macrimauricioselfie2019-1.jpg","width":960,"height":640},{"@type":"BreadcrumbList","@id":"https:\/\/diariotextual.com\/inicio\/index.php\/2019\/10\/13\/ahora-macri-volvio-prometer-la-quita-las-retenciones-al-agro\/#breadcrumb","itemListElement":[{"@type":"ListItem","position":1,"name":"Portada","item":"https:\/\/diariotextual.com\/inicio\/"},{"@type":"ListItem","position":2,"name":"Ahora Macri volvi\u00f3 a prometer la quita de las retenciones al agro"}]},{"@type":"WebSite","@id":"https:\/\/diariotextual.com\/inicio\/#website","url":"https:\/\/diariotextual.com\/inicio\/","name":"Diario Textual","description":"","publisher":{"@id":"https:\/\/diariotextual.com\/inicio\/#organization"},"potentialAction":[{"@type":"SearchAction","target":{"@type":"EntryPoint","urlTemplate":"https:\/\/diariotextual.com\/inicio\/?s={search_term_string}"},"query-input":{"@type":"PropertyValueSpecification","valueRequired":true,"valueName":"search_term_string"}}],"inLanguage":"es"},{"@type":"Organization","@id":"https:\/\/diariotextual.com\/inicio\/#organization","name":"Diario Textual","url":"https:\/\/diariotextual.com\/inicio\/","logo":{"@type":"ImageObject","inLanguage":"es","@id":"https:\/\/diariotextual.com\/inicio\/#\/schema\/logo\/image\/","url":"https:\/\/diariotextual.com\/inicio\/wp-content\/uploads\/2023\/05\/logotextual1.jpg","contentUrl":"https:\/\/diariotextual.com\/inicio\/wp-content\/uploads\/2023\/05\/logotextual1.jpg","width":516,"height":76,"caption":"Diario Textual"},"image":{"@id":"https:\/\/diariotextual.com\/inicio\/#\/schema\/logo\/image\/"},"sameAs":["https:\/\/www.facebook.com\/eltextual","https:\/\/x.com\/eltextual","http:\/\/www.instagram.com\/eltextual"]},{"@type":"Person","@id":"https:\/\/diariotextual.com\/inicio\/#\/schema\/person\/418fc4093c33e86ed41562db3508f958","name":"Diario1 Diario1","image":{"@type":"ImageObject","inLanguage":"es","@id":"https:\/\/secure.gravatar.com\/avatar\/9167d280179c85bc18be67aa7eda765854300033af4896dd779b608640f2ef7a?s=96&d=mm&r=g","url":"https:\/\/secure.gravatar.com\/avatar\/9167d280179c85bc18be67aa7eda765854300033af4896dd779b608640f2ef7a?s=96&d=mm&r=g","contentUrl":"https:\/\/secure.gravatar.com\/avatar\/9167d280179c85bc18be67aa7eda765854300033af4896dd779b608640f2ef7a?s=96&d=mm&r=g","caption":"Diario1 Diario1"},"url":"https:\/\/diariotextual.com\/inicio\/index.php\/author\/diario1\/"}]}},"_links":{"self":[{"href":"https:\/\/diariotextual.com\/inicio\/index.php\/wp-json\/wp\/v2\/posts\/65753","targetHints":{"allow":["GET"]}}],"collection":[{"href":"https:\/\/diariotextual.com\/inicio\/index.php\/wp-json\/wp\/v2\/posts"}],"about":[{"href":"https:\/\/diariotextual.com\/inicio\/index.php\/wp-json\/wp\/v2\/types\/post"}],"author":[{"embeddable":true,"href":"https:\/\/diariotextual.com\/inicio\/index.php\/wp-json\/wp\/v2\/users\/3"}],"replies":[{"embeddable":true,"href":"https:\/\/diariotextual.com\/inicio\/index.php\/wp-json\/wp\/v2\/comments?post=65753"}],"version-history":[{"count":2,"href":"https:\/\/diariotextual.com\/inicio\/index.php\/wp-json\/wp\/v2\/posts\/65753\/revisions"}],"predecessor-version":[{"id":65755,"href":"https:\/\/diariotextual.com\/inicio\/index.php\/wp-json\/wp\/v2\/posts\/65753\/revisions\/65755"}],"wp:featuredmedia":[{"embeddable":true,"href":"https:\/\/diariotextual.com\/inicio\/index.php\/wp-json\/wp\/v2\/media\/63438"}],"wp:attachment":[{"href":"https:\/\/diariotextual.com\/inicio\/index.php\/wp-json\/wp\/v2\/media?parent=65753"}],"wp:term":[{"taxonomy":"category","embeddable":true,"href":"https:\/\/diariotextual.com\/inicio\/index.php\/wp-json\/wp\/v2\/categories?post=65753"},{"taxonomy":"post_tag","embeddable":true,"href":"https:\/\/diariotextual.com\/inicio\/index.php\/wp-json\/wp\/v2\/tags?post=65753"}],"curies":[{"name":"wp","href":"https:\/\/api.w.org\/{rel}","templated":true}]}}