{"id":65764,"date":"2019-10-13T08:57:47","date_gmt":"2019-10-13T11:57:47","guid":{"rendered":"http:\/\/diariotextual.com\/inicio\/?p=65764"},"modified":"2019-10-13T18:00:28","modified_gmt":"2019-10-13T21:00:28","slug":"frente-barrial-se-abre-la-densa-niebla-la-nos-arrojo-neoliberalismo","status":"publish","type":"post","link":"https:\/\/diariotextual.com\/inicio\/index.php\/2019\/10\/13\/frente-barrial-se-abre-la-densa-niebla-la-nos-arrojo-neoliberalismo\/","title":{"rendered":"Frente Barrial: \u00abSe abre la densa niebla a la que nos arroj\u00f3 el neoliberalismo\u00bb"},"content":{"rendered":"<p>El<strong> Frente Peronista Barrial<\/strong> resalt\u00f3, en un documento resalt\u00f3 la creaci\u00f3n de la empresa de telecomunicaciones Empatel y el avance en la legislaci\u00f3n para que\u00a0<strong>se incremente la representaci\u00f3n femenina del 30% al menos al 50% en la Legislatura provincial y los concejos deliberantes<\/strong>\u00a0de las localidades.<\/p>\n<p>El documento es el siguiente:<\/p>\n<p><em>\u00abVamos marchando. Falta mucho a\u00fan, pero se despeja la telara\u00f1a del oscurantismo. Se est\u00e1 abriendo la densa niebla a la que nos arroj\u00f3 el neoliberalismo. La resistencia no ha sido en vano. Tampoco lo ha sido mantenernos libres en plazas y calles, sostener nuestra Memoria, reforzar los lazos solidarios con los m\u00e1s vulnerables, abrazarnos con conciencia de la otredad, construir con aciertos y errores el complejo desaf\u00edo de un frente de Unidad en una Patria arrasada.<\/em><\/p>\n<p><em>Vamos marchando en este territorio cercano y federal de la Patria chica levantando las banderas que hoy son pol\u00edticas de Estado en La Pampa, como la hist\u00f3rica lucha por las aguas de r\u00edos compartidos que no son propiedad privada de nadie y el actual &#8216;No a Portezuelo del Viento&#8217; que nos identifica, porque no estamos dispuestos a callar que la famosa &#8216;obra del Siglo&#8217;, impulsada desde la alianza PRO\/UCR (Macri-Cornejo), si se concreta, provocar\u00e1 otra tragedia ambiental de la que no seremos c\u00f3mplices.<\/em><\/p>\n<p><em>Vamos marchando y ya tenemos logros para exhibir ante toda la Naci\u00f3n: La Pampa es pionera en impulsar la creaci\u00f3n de una empresa inclusiva de Telecomunicaciones, Empatel Sapem, en la que el Estado Provincial se asociar\u00e1 con cooperativas y Pymes locales para que todos y todas en nuestro espacio pampeano (m\u00e1s all\u00e1 de la obtenci\u00f3n de fr\u00edas rentas a las que apunta el neoliberalismo para el que todo es transformable en mercanc\u00eda), tengan acceso social a la comunicaci\u00f3n como derecho humano.<\/em><\/p>\n<p><em>Y en el mismo sentido, el Frente Peronista Barrial destaca el gesto del Gobernador de La Pampa al elevar al Poder Legislativo el proyecto de ley para modificar art\u00edculos de las leyes 1593 y 2042 y, en un acto de equidad que responde a la lucha que sostienen miles de mujeres argentinas en todos los \u00e1mbitos (compa\u00f1eras del FPB nos representan ahora en el 34\u00ba Encuentro Plurinacional de Mujeres en La Plata) para garantizar la participaci\u00f3n femenina en listas provinciales en un 50%: paridad sin tapujos ni declamaciones especulativas.<\/em><\/p>\n<p><em>Vamos marchando y falta mucho. Pero, a pesar de que transitaremos el dif\u00edcil camino de un gobierno nacional de coalici\u00f3n y transici\u00f3n que deber\u00e1 hacerse cargo de resurgir de las ruinas, la telara\u00f1a se despeja y la herramienta que esgrimimos ante ese desaf\u00edo, es la Pol\u00edtica: romperemos con el faro de la militancia, la niebla a la que pretendieron condenarnos\u00bb.<\/em><\/p>\n<p>&nbsp;<\/p>\n<blockquote class=\"wp-embedded-content\" data-secret=\"3yy6iOEXV5\"><p><a href=\"http:\/\/diariotextual.com\/inicio\/index.php\/2019\/10\/11\/verna-envio-la-legislatura-proyecto-aumentar-la-representatividad-femenina\/\">Verna envi\u00f3 a la Legislatura un proyecto para aumentar la representatividad femenina<\/a><\/p><\/blockquote>\n<p><iframe class=\"wp-embedded-content\" sandbox=\"allow-scripts\" security=\"restricted\" style=\"position: absolute; clip: rect(1px, 1px, 1px, 1px);\" src=\"http:\/\/diariotextual.com\/inicio\/index.php\/2019\/10\/11\/verna-envio-la-legislatura-proyecto-aumentar-la-representatividad-femenina\/embed\/#?secret=3yy6iOEXV5\" data-secret=\"3yy6iOEXV5\" width=\"600\" height=\"338\" title=\"&#171;Verna envi\u00f3 a la Legislatura un proyecto para aumentar la representatividad femenina&#187; &#8212; Diario Textual\" frameborder=\"0\" marginwidth=\"0\" marginheight=\"0\" scrolling=\"no\"><\/iframe><\/p>\n<p>&nbsp;<\/p>\n<p>&nbsp;<\/p>\n","protected":false},"excerpt":{"rendered":"<p>El Frente Peronista Barrial resalt\u00f3, en un documento resalt\u00f3 la creaci\u00f3n de la empresa de telecomunicaciones Empatel y el avance en la legislaci\u00f3n para que\u00a0se incremente la representaci\u00f3n femenina del&hellip;<\/p>\n","protected":false},"author":3,"featured_media":23743,"comment_status":"closed","ping_status":"open","sticky":false,"template":"","format":"standard","meta":{"_acf_changed":false,"footnotes":""},"categories":[11,319,8],"tags":[],"class_list":["post-65764","post","type-post","status-publish","format-standard","has-post-thumbnail","hentry","category-que-pasa","category-a-temporales","category-politica"],"acf":[],"yoast_head":"<!-- This site is optimized with the Yoast SEO plugin v27.4 - https:\/\/yoast.com\/product\/yoast-seo-wordpress\/ -->\n<title>Frente Barrial: &quot;Se abre la densa niebla a la que nos arroj\u00f3 el neoliberalismo&quot; - Diario Textual<\/title>\n<meta name=\"robots\" content=\"index, follow, max-snippet:-1, max-image-preview:large, max-video-preview:-1\" \/>\n<link rel=\"canonical\" href=\"https:\/\/diariotextual.com\/inicio\/index.php\/2019\/10\/13\/frente-barrial-se-abre-la-densa-niebla-la-nos-arrojo-neoliberalismo\/\" \/>\n<meta property=\"og:locale\" content=\"es_ES\" \/>\n<meta property=\"og:type\" content=\"article\" \/>\n<meta property=\"og:title\" content=\"Frente Barrial: &quot;Se abre la densa niebla a la que nos arroj\u00f3 el neoliberalismo&quot; - Diario Textual\" \/>\n<meta property=\"og:description\" content=\"El Frente Peronista Barrial resalt\u00f3, en un documento resalt\u00f3 la creaci\u00f3n de la empresa de telecomunicaciones Empatel y el avance en la legislaci\u00f3n para que\u00a0se incremente la representaci\u00f3n femenina del&hellip;\" \/>\n<meta property=\"og:url\" content=\"https:\/\/diariotextual.com\/inicio\/index.php\/2019\/10\/13\/frente-barrial-se-abre-la-densa-niebla-la-nos-arrojo-neoliberalismo\/\" \/>\n<meta property=\"og:site_name\" content=\"Diario Textual\" \/>\n<meta property=\"article:publisher\" content=\"https:\/\/www.facebook.com\/eltextual\" \/>\n<meta property=\"article:published_time\" content=\"2019-10-13T11:57:47+00:00\" \/>\n<meta property=\"article:modified_time\" content=\"2019-10-13T21:00:28+00:00\" \/>\n<meta property=\"og:image\" content=\"https:\/\/diariotextual.com\/inicio\/wp-content\/uploads\/2018\/10\/frenteperonistabarrial9999.jpg\" \/>\n\t<meta property=\"og:image:width\" content=\"960\" \/>\n\t<meta property=\"og:image:height\" content=\"640\" \/>\n\t<meta property=\"og:image:type\" content=\"image\/jpeg\" \/>\n<meta name=\"author\" content=\"Diario1 Diario1\" \/>\n<meta name=\"twitter:card\" content=\"summary_large_image\" \/>\n<meta name=\"twitter:creator\" content=\"@eltextual\" \/>\n<meta name=\"twitter:site\" content=\"@eltextual\" \/>\n<meta name=\"twitter:label1\" content=\"Escrito por\" \/>\n\t<meta name=\"twitter:data1\" content=\"Diario1 Diario1\" \/>\n\t<meta name=\"twitter:label2\" content=\"Tiempo de lectura\" \/>\n\t<meta name=\"twitter:data2\" content=\"2 minutos\" \/>\n<script type=\"application\/ld+json\" class=\"yoast-schema-graph\">{\"@context\":\"https:\\\/\\\/schema.org\",\"@graph\":[{\"@type\":\"Article\",\"@id\":\"https:\\\/\\\/diariotextual.com\\\/inicio\\\/index.php\\\/2019\\\/10\\\/13\\\/frente-barrial-se-abre-la-densa-niebla-la-nos-arrojo-neoliberalismo\\\/#article\",\"isPartOf\":{\"@id\":\"https:\\\/\\\/diariotextual.com\\\/inicio\\\/index.php\\\/2019\\\/10\\\/13\\\/frente-barrial-se-abre-la-densa-niebla-la-nos-arrojo-neoliberalismo\\\/\"},\"author\":{\"name\":\"Diario1 Diario1\",\"@id\":\"https:\\\/\\\/diariotextual.com\\\/inicio\\\/#\\\/schema\\\/person\\\/418fc4093c33e86ed41562db3508f958\"},\"headline\":\"Frente Barrial: \u00abSe abre la densa niebla a la que nos arroj\u00f3 el neoliberalismo\u00bb\",\"datePublished\":\"2019-10-13T11:57:47+00:00\",\"dateModified\":\"2019-10-13T21:00:28+00:00\",\"mainEntityOfPage\":{\"@id\":\"https:\\\/\\\/diariotextual.com\\\/inicio\\\/index.php\\\/2019\\\/10\\\/13\\\/frente-barrial-se-abre-la-densa-niebla-la-nos-arrojo-neoliberalismo\\\/\"},\"wordCount\":487,\"publisher\":{\"@id\":\"https:\\\/\\\/diariotextual.com\\\/inicio\\\/#organization\"},\"image\":{\"@id\":\"https:\\\/\\\/diariotextual.com\\\/inicio\\\/index.php\\\/2019\\\/10\\\/13\\\/frente-barrial-se-abre-la-densa-niebla-la-nos-arrojo-neoliberalismo\\\/#primaryimage\"},\"thumbnailUrl\":\"https:\\\/\\\/diariotextual.com\\\/inicio\\\/wp-content\\\/uploads\\\/2018\\\/10\\\/frenteperonistabarrial9999.jpg\",\"articleSection\":[\"A - QUE PASA (al costado)\",\"A - TEMPORALES\",\"POLITICA\"],\"inLanguage\":\"es\"},{\"@type\":\"WebPage\",\"@id\":\"https:\\\/\\\/diariotextual.com\\\/inicio\\\/index.php\\\/2019\\\/10\\\/13\\\/frente-barrial-se-abre-la-densa-niebla-la-nos-arrojo-neoliberalismo\\\/\",\"url\":\"https:\\\/\\\/diariotextual.com\\\/inicio\\\/index.php\\\/2019\\\/10\\\/13\\\/frente-barrial-se-abre-la-densa-niebla-la-nos-arrojo-neoliberalismo\\\/\",\"name\":\"Frente Barrial: \\\"Se abre la densa niebla a la que nos arroj\u00f3 el neoliberalismo\\\" - Diario Textual\",\"isPartOf\":{\"@id\":\"https:\\\/\\\/diariotextual.com\\\/inicio\\\/#website\"},\"primaryImageOfPage\":{\"@id\":\"https:\\\/\\\/diariotextual.com\\\/inicio\\\/index.php\\\/2019\\\/10\\\/13\\\/frente-barrial-se-abre-la-densa-niebla-la-nos-arrojo-neoliberalismo\\\/#primaryimage\"},\"image\":{\"@id\":\"https:\\\/\\\/diariotextual.com\\\/inicio\\\/index.php\\\/2019\\\/10\\\/13\\\/frente-barrial-se-abre-la-densa-niebla-la-nos-arrojo-neoliberalismo\\\/#primaryimage\"},\"thumbnailUrl\":\"https:\\\/\\\/diariotextual.com\\\/inicio\\\/wp-content\\\/uploads\\\/2018\\\/10\\\/frenteperonistabarrial9999.jpg\",\"datePublished\":\"2019-10-13T11:57:47+00:00\",\"dateModified\":\"2019-10-13T21:00:28+00:00\",\"breadcrumb\":{\"@id\":\"https:\\\/\\\/diariotextual.com\\\/inicio\\\/index.php\\\/2019\\\/10\\\/13\\\/frente-barrial-se-abre-la-densa-niebla-la-nos-arrojo-neoliberalismo\\\/#breadcrumb\"},\"inLanguage\":\"es\",\"potentialAction\":[{\"@type\":\"ReadAction\",\"target\":[\"https:\\\/\\\/diariotextual.com\\\/inicio\\\/index.php\\\/2019\\\/10\\\/13\\\/frente-barrial-se-abre-la-densa-niebla-la-nos-arrojo-neoliberalismo\\\/\"]}]},{\"@type\":\"ImageObject\",\"inLanguage\":\"es\",\"@id\":\"https:\\\/\\\/diariotextual.com\\\/inicio\\\/index.php\\\/2019\\\/10\\\/13\\\/frente-barrial-se-abre-la-densa-niebla-la-nos-arrojo-neoliberalismo\\\/#primaryimage\",\"url\":\"https:\\\/\\\/diariotextual.com\\\/inicio\\\/wp-content\\\/uploads\\\/2018\\\/10\\\/frenteperonistabarrial9999.jpg\",\"contentUrl\":\"https:\\\/\\\/diariotextual.com\\\/inicio\\\/wp-content\\\/uploads\\\/2018\\\/10\\\/frenteperonistabarrial9999.jpg\",\"width\":960,\"height\":640},{\"@type\":\"BreadcrumbList\",\"@id\":\"https:\\\/\\\/diariotextual.com\\\/inicio\\\/index.php\\\/2019\\\/10\\\/13\\\/frente-barrial-se-abre-la-densa-niebla-la-nos-arrojo-neoliberalismo\\\/#breadcrumb\",\"itemListElement\":[{\"@type\":\"ListItem\",\"position\":1,\"name\":\"Portada\",\"item\":\"https:\\\/\\\/diariotextual.com\\\/inicio\\\/\"},{\"@type\":\"ListItem\",\"position\":2,\"name\":\"Frente Barrial: \u00abSe abre la densa niebla a la que nos arroj\u00f3 el neoliberalismo\u00bb\"}]},{\"@type\":\"WebSite\",\"@id\":\"https:\\\/\\\/diariotextual.com\\\/inicio\\\/#website\",\"url\":\"https:\\\/\\\/diariotextual.com\\\/inicio\\\/\",\"name\":\"Diario Textual\",\"description\":\"\",\"publisher\":{\"@id\":\"https:\\\/\\\/diariotextual.com\\\/inicio\\\/#organization\"},\"potentialAction\":[{\"@type\":\"SearchAction\",\"target\":{\"@type\":\"EntryPoint\",\"urlTemplate\":\"https:\\\/\\\/diariotextual.com\\\/inicio\\\/?s={search_term_string}\"},\"query-input\":{\"@type\":\"PropertyValueSpecification\",\"valueRequired\":true,\"valueName\":\"search_term_string\"}}],\"inLanguage\":\"es\"},{\"@type\":\"Organization\",\"@id\":\"https:\\\/\\\/diariotextual.com\\\/inicio\\\/#organization\",\"name\":\"Diario Textual\",\"url\":\"https:\\\/\\\/diariotextual.com\\\/inicio\\\/\",\"logo\":{\"@type\":\"ImageObject\",\"inLanguage\":\"es\",\"@id\":\"https:\\\/\\\/diariotextual.com\\\/inicio\\\/#\\\/schema\\\/logo\\\/image\\\/\",\"url\":\"https:\\\/\\\/diariotextual.com\\\/inicio\\\/wp-content\\\/uploads\\\/2023\\\/05\\\/logotextual1.jpg\",\"contentUrl\":\"https:\\\/\\\/diariotextual.com\\\/inicio\\\/wp-content\\\/uploads\\\/2023\\\/05\\\/logotextual1.jpg\",\"width\":516,\"height\":76,\"caption\":\"Diario Textual\"},\"image\":{\"@id\":\"https:\\\/\\\/diariotextual.com\\\/inicio\\\/#\\\/schema\\\/logo\\\/image\\\/\"},\"sameAs\":[\"https:\\\/\\\/www.facebook.com\\\/eltextual\",\"https:\\\/\\\/x.com\\\/eltextual\",\"http:\\\/\\\/www.instagram.com\\\/eltextual\"]},{\"@type\":\"Person\",\"@id\":\"https:\\\/\\\/diariotextual.com\\\/inicio\\\/#\\\/schema\\\/person\\\/418fc4093c33e86ed41562db3508f958\",\"name\":\"Diario1 Diario1\",\"image\":{\"@type\":\"ImageObject\",\"inLanguage\":\"es\",\"@id\":\"https:\\\/\\\/secure.gravatar.com\\\/avatar\\\/9167d280179c85bc18be67aa7eda765854300033af4896dd779b608640f2ef7a?s=96&d=mm&r=g\",\"url\":\"https:\\\/\\\/secure.gravatar.com\\\/avatar\\\/9167d280179c85bc18be67aa7eda765854300033af4896dd779b608640f2ef7a?s=96&d=mm&r=g\",\"contentUrl\":\"https:\\\/\\\/secure.gravatar.com\\\/avatar\\\/9167d280179c85bc18be67aa7eda765854300033af4896dd779b608640f2ef7a?s=96&d=mm&r=g\",\"caption\":\"Diario1 Diario1\"},\"url\":\"https:\\\/\\\/diariotextual.com\\\/inicio\\\/index.php\\\/author\\\/diario1\\\/\"}]}<\/script>\n<!-- \/ Yoast SEO plugin. -->","yoast_head_json":{"title":"Frente Barrial: \"Se abre la densa niebla a la que nos arroj\u00f3 el neoliberalismo\" - Diario Textual","robots":{"index":"index","follow":"follow","max-snippet":"max-snippet:-1","max-image-preview":"max-image-preview:large","max-video-preview":"max-video-preview:-1"},"canonical":"https:\/\/diariotextual.com\/inicio\/index.php\/2019\/10\/13\/frente-barrial-se-abre-la-densa-niebla-la-nos-arrojo-neoliberalismo\/","og_locale":"es_ES","og_type":"article","og_title":"Frente Barrial: \"Se abre la densa niebla a la que nos arroj\u00f3 el neoliberalismo\" - Diario Textual","og_description":"El Frente Peronista Barrial resalt\u00f3, en un documento resalt\u00f3 la creaci\u00f3n de la empresa de telecomunicaciones Empatel y el avance en la legislaci\u00f3n para que\u00a0se incremente la representaci\u00f3n femenina del&hellip;","og_url":"https:\/\/diariotextual.com\/inicio\/index.php\/2019\/10\/13\/frente-barrial-se-abre-la-densa-niebla-la-nos-arrojo-neoliberalismo\/","og_site_name":"Diario Textual","article_publisher":"https:\/\/www.facebook.com\/eltextual","article_published_time":"2019-10-13T11:57:47+00:00","article_modified_time":"2019-10-13T21:00:28+00:00","og_image":[{"width":960,"height":640,"url":"https:\/\/diariotextual.com\/inicio\/wp-content\/uploads\/2018\/10\/frenteperonistabarrial9999.jpg","type":"image\/jpeg"}],"author":"Diario1 Diario1","twitter_card":"summary_large_image","twitter_creator":"@eltextual","twitter_site":"@eltextual","twitter_misc":{"Escrito por":"Diario1 Diario1","Tiempo de lectura":"2 minutos"},"schema":{"@context":"https:\/\/schema.org","@graph":[{"@type":"Article","@id":"https:\/\/diariotextual.com\/inicio\/index.php\/2019\/10\/13\/frente-barrial-se-abre-la-densa-niebla-la-nos-arrojo-neoliberalismo\/#article","isPartOf":{"@id":"https:\/\/diariotextual.com\/inicio\/index.php\/2019\/10\/13\/frente-barrial-se-abre-la-densa-niebla-la-nos-arrojo-neoliberalismo\/"},"author":{"name":"Diario1 Diario1","@id":"https:\/\/diariotextual.com\/inicio\/#\/schema\/person\/418fc4093c33e86ed41562db3508f958"},"headline":"Frente Barrial: \u00abSe abre la densa niebla a la que nos arroj\u00f3 el neoliberalismo\u00bb","datePublished":"2019-10-13T11:57:47+00:00","dateModified":"2019-10-13T21:00:28+00:00","mainEntityOfPage":{"@id":"https:\/\/diariotextual.com\/inicio\/index.php\/2019\/10\/13\/frente-barrial-se-abre-la-densa-niebla-la-nos-arrojo-neoliberalismo\/"},"wordCount":487,"publisher":{"@id":"https:\/\/diariotextual.com\/inicio\/#organization"},"image":{"@id":"https:\/\/diariotextual.com\/inicio\/index.php\/2019\/10\/13\/frente-barrial-se-abre-la-densa-niebla-la-nos-arrojo-neoliberalismo\/#primaryimage"},"thumbnailUrl":"https:\/\/diariotextual.com\/inicio\/wp-content\/uploads\/2018\/10\/frenteperonistabarrial9999.jpg","articleSection":["A - QUE PASA (al costado)","A - TEMPORALES","POLITICA"],"inLanguage":"es"},{"@type":"WebPage","@id":"https:\/\/diariotextual.com\/inicio\/index.php\/2019\/10\/13\/frente-barrial-se-abre-la-densa-niebla-la-nos-arrojo-neoliberalismo\/","url":"https:\/\/diariotextual.com\/inicio\/index.php\/2019\/10\/13\/frente-barrial-se-abre-la-densa-niebla-la-nos-arrojo-neoliberalismo\/","name":"Frente Barrial: \"Se abre la densa niebla a la que nos arroj\u00f3 el neoliberalismo\" - Diario Textual","isPartOf":{"@id":"https:\/\/diariotextual.com\/inicio\/#website"},"primaryImageOfPage":{"@id":"https:\/\/diariotextual.com\/inicio\/index.php\/2019\/10\/13\/frente-barrial-se-abre-la-densa-niebla-la-nos-arrojo-neoliberalismo\/#primaryimage"},"image":{"@id":"https:\/\/diariotextual.com\/inicio\/index.php\/2019\/10\/13\/frente-barrial-se-abre-la-densa-niebla-la-nos-arrojo-neoliberalismo\/#primaryimage"},"thumbnailUrl":"https:\/\/diariotextual.com\/inicio\/wp-content\/uploads\/2018\/10\/frenteperonistabarrial9999.jpg","datePublished":"2019-10-13T11:57:47+00:00","dateModified":"2019-10-13T21:00:28+00:00","breadcrumb":{"@id":"https:\/\/diariotextual.com\/inicio\/index.php\/2019\/10\/13\/frente-barrial-se-abre-la-densa-niebla-la-nos-arrojo-neoliberalismo\/#breadcrumb"},"inLanguage":"es","potentialAction":[{"@type":"ReadAction","target":["https:\/\/diariotextual.com\/inicio\/index.php\/2019\/10\/13\/frente-barrial-se-abre-la-densa-niebla-la-nos-arrojo-neoliberalismo\/"]}]},{"@type":"ImageObject","inLanguage":"es","@id":"https:\/\/diariotextual.com\/inicio\/index.php\/2019\/10\/13\/frente-barrial-se-abre-la-densa-niebla-la-nos-arrojo-neoliberalismo\/#primaryimage","url":"https:\/\/diariotextual.com\/inicio\/wp-content\/uploads\/2018\/10\/frenteperonistabarrial9999.jpg","contentUrl":"https:\/\/diariotextual.com\/inicio\/wp-content\/uploads\/2018\/10\/frenteperonistabarrial9999.jpg","width":960,"height":640},{"@type":"BreadcrumbList","@id":"https:\/\/diariotextual.com\/inicio\/index.php\/2019\/10\/13\/frente-barrial-se-abre-la-densa-niebla-la-nos-arrojo-neoliberalismo\/#breadcrumb","itemListElement":[{"@type":"ListItem","position":1,"name":"Portada","item":"https:\/\/diariotextual.com\/inicio\/"},{"@type":"ListItem","position":2,"name":"Frente Barrial: \u00abSe abre la densa niebla a la que nos arroj\u00f3 el neoliberalismo\u00bb"}]},{"@type":"WebSite","@id":"https:\/\/diariotextual.com\/inicio\/#website","url":"https:\/\/diariotextual.com\/inicio\/","name":"Diario Textual","description":"","publisher":{"@id":"https:\/\/diariotextual.com\/inicio\/#organization"},"potentialAction":[{"@type":"SearchAction","target":{"@type":"EntryPoint","urlTemplate":"https:\/\/diariotextual.com\/inicio\/?s={search_term_string}"},"query-input":{"@type":"PropertyValueSpecification","valueRequired":true,"valueName":"search_term_string"}}],"inLanguage":"es"},{"@type":"Organization","@id":"https:\/\/diariotextual.com\/inicio\/#organization","name":"Diario Textual","url":"https:\/\/diariotextual.com\/inicio\/","logo":{"@type":"ImageObject","inLanguage":"es","@id":"https:\/\/diariotextual.com\/inicio\/#\/schema\/logo\/image\/","url":"https:\/\/diariotextual.com\/inicio\/wp-content\/uploads\/2023\/05\/logotextual1.jpg","contentUrl":"https:\/\/diariotextual.com\/inicio\/wp-content\/uploads\/2023\/05\/logotextual1.jpg","width":516,"height":76,"caption":"Diario Textual"},"image":{"@id":"https:\/\/diariotextual.com\/inicio\/#\/schema\/logo\/image\/"},"sameAs":["https:\/\/www.facebook.com\/eltextual","https:\/\/x.com\/eltextual","http:\/\/www.instagram.com\/eltextual"]},{"@type":"Person","@id":"https:\/\/diariotextual.com\/inicio\/#\/schema\/person\/418fc4093c33e86ed41562db3508f958","name":"Diario1 Diario1","image":{"@type":"ImageObject","inLanguage":"es","@id":"https:\/\/secure.gravatar.com\/avatar\/9167d280179c85bc18be67aa7eda765854300033af4896dd779b608640f2ef7a?s=96&d=mm&r=g","url":"https:\/\/secure.gravatar.com\/avatar\/9167d280179c85bc18be67aa7eda765854300033af4896dd779b608640f2ef7a?s=96&d=mm&r=g","contentUrl":"https:\/\/secure.gravatar.com\/avatar\/9167d280179c85bc18be67aa7eda765854300033af4896dd779b608640f2ef7a?s=96&d=mm&r=g","caption":"Diario1 Diario1"},"url":"https:\/\/diariotextual.com\/inicio\/index.php\/author\/diario1\/"}]}},"_links":{"self":[{"href":"https:\/\/diariotextual.com\/inicio\/index.php\/wp-json\/wp\/v2\/posts\/65764","targetHints":{"allow":["GET"]}}],"collection":[{"href":"https:\/\/diariotextual.com\/inicio\/index.php\/wp-json\/wp\/v2\/posts"}],"about":[{"href":"https:\/\/diariotextual.com\/inicio\/index.php\/wp-json\/wp\/v2\/types\/post"}],"author":[{"embeddable":true,"href":"https:\/\/diariotextual.com\/inicio\/index.php\/wp-json\/wp\/v2\/users\/3"}],"replies":[{"embeddable":true,"href":"https:\/\/diariotextual.com\/inicio\/index.php\/wp-json\/wp\/v2\/comments?post=65764"}],"version-history":[{"count":5,"href":"https:\/\/diariotextual.com\/inicio\/index.php\/wp-json\/wp\/v2\/posts\/65764\/revisions"}],"predecessor-version":[{"id":65772,"href":"https:\/\/diariotextual.com\/inicio\/index.php\/wp-json\/wp\/v2\/posts\/65764\/revisions\/65772"}],"wp:featuredmedia":[{"embeddable":true,"href":"https:\/\/diariotextual.com\/inicio\/index.php\/wp-json\/wp\/v2\/media\/23743"}],"wp:attachment":[{"href":"https:\/\/diariotextual.com\/inicio\/index.php\/wp-json\/wp\/v2\/media?parent=65764"}],"wp:term":[{"taxonomy":"category","embeddable":true,"href":"https:\/\/diariotextual.com\/inicio\/index.php\/wp-json\/wp\/v2\/categories?post=65764"},{"taxonomy":"post_tag","embeddable":true,"href":"https:\/\/diariotextual.com\/inicio\/index.php\/wp-json\/wp\/v2\/tags?post=65764"}],"curies":[{"name":"wp","href":"https:\/\/api.w.org\/{rel}","templated":true}]}}