{"id":65782,"date":"2019-10-13T12:39:57","date_gmt":"2019-10-13T15:39:57","guid":{"rendered":"http:\/\/diariotextual.com\/inicio\/?p=65782"},"modified":"2019-10-13T20:33:02","modified_gmt":"2019-10-13T23:33:02","slug":"mendoza-convoco-interesados-construir-portezuelo-del-viento-visitar-la-zona","status":"publish","type":"post","link":"https:\/\/diariotextual.com\/inicio\/index.php\/2019\/10\/13\/mendoza-convoco-interesados-construir-portezuelo-del-viento-visitar-la-zona\/","title":{"rendered":"Mendoza convoc\u00f3 a interesados en construir Portezuelo del Viento a visitar la zona"},"content":{"rendered":"<p>El\u00a0Gobierno de Mendoza sigue adelante en su objetivo de construir Portezuelo del Viento: ahora\u00a0convoc\u00f3 para el mi\u00e9rcoles a las empresas interesadas en construir la represa a la primera visita de obra en Malarg\u00fce.<\/p>\n<blockquote class=\"wp-embedded-content\" data-secret=\"PLlKqcEhsg\"><p><a href=\"http:\/\/diariotextual.com\/inicio\/index.php\/2019\/09\/30\/mendoza-inscribe-interesados-trabajar-portezuelo-abre-registro-pymes\/\">Mendoza inscribe a interesados en trabajar en Portezuelo y abre un registro de pymes<\/a><\/p><\/blockquote>\n<p><iframe class=\"wp-embedded-content\" sandbox=\"allow-scripts\" security=\"restricted\" style=\"position: absolute; clip: rect(1px, 1px, 1px, 1px);\" src=\"http:\/\/diariotextual.com\/inicio\/index.php\/2019\/09\/30\/mendoza-inscribe-interesados-trabajar-portezuelo-abre-registro-pymes\/embed\/#?secret=PLlKqcEhsg\" data-secret=\"PLlKqcEhsg\" width=\"600\" height=\"338\" title=\"&#171;Mendoza inscribe a interesados en trabajar en Portezuelo y abre un registro de pymes&#187; &#8212; Diario Textual\" frameborder=\"0\" marginwidth=\"0\" marginheight=\"0\" scrolling=\"no\"><\/iframe><\/p>\n<p>La convocatoria es el mi\u00e9rcoles 16 de octubre, a las 9, en la Municipalidad de Malarg\u00fce. Es de car\u00e1cter obligatorio para todas las empresas y pymes que est\u00e9n interesadas, seg\u00fan inform\u00f3 este domingo la agencia oficial de noticias T\u00e9lam.<\/p>\n<p>\u00abLa visita de obra es fundamental para reconocer el terreno, ver d\u00f3nde estar\u00e1 emplazada la represa y sus obras conexas y familiarizarse con un lugar en la cordillera en el que habr\u00e1 que trabajar en todas las estaciones del a\u00f1o\u00bb, afirm\u00f3 el subsecretario de Energ\u00eda y Miner\u00eda,\u00a0Emilio Gui\u00f1az\u00fa.<\/p>\n<p>\u00abHay que conocer el lugar y las condiciones para saber d\u00f3nde se emplazar\u00e1n los obradores, c\u00f3mo se ejecutar\u00e1n los distintos pasos\u00a0para las m\u00faltiples construcciones que vendr\u00e1n adem\u00e1s del dique\u00bb, especific\u00f3 Gui\u00f1az\u00fa.<\/p>\n<p>El gobierno mendocino avanza en su objetivo de construir la represa pese al fuerte pedido que hicieron las provincias que integran el Comit\u00e9 Interprovincial del R\u00edo Colorado para que se haga\u00a0un nuevo estudio de impacto ambiental\u00a0y\u00a0una audiencia p\u00fablica nacional. Es que, como viene planteando desde hace tiempo La Pampa, la megaobra se construir\u00eda sobre el r\u00edo Grande, tributario del Colorado, y eso podr\u00eda afectar la cantidad y calidad de agua.<\/p>\n<p>El gobierno pampeano reclama, adem\u00e1s de un nuevo estudio de impacto ambiental, un plan de llenado y otro de manejo en conjunto por las provincias integrantes del Coirco.<\/p>\n<p>Pero Mendoza, igual avanza:\u00a0el gobierno nacional sac\u00f3 un decreto para el financiamiento -1023 millones de d\u00f3lares- y el 13 de septiembre el gobernador Alfredo Cornejo (Cambiemos) convoc\u00f3 a una licitaci\u00f3n p\u00fablica para que las empresas levanten la obra.<\/p>\n<p>Luego, abrieron inscripciones para, en conjunto con la Universidad de Cuyo, capacitar a los interesados en trabajar y ahora llevar\u00e1 a las empresas al lugar donde se har\u00e1 la represa.<\/p>\n<p>&nbsp;<\/p>\n","protected":false},"excerpt":{"rendered":"<p>El\u00a0Gobierno de Mendoza sigue adelante en su objetivo de construir Portezuelo del Viento: ahora\u00a0convoc\u00f3 para el mi\u00e9rcoles a las empresas interesadas en construir la represa a la primera visita de&hellip;<\/p>\n","protected":false},"author":7,"featured_media":21429,"comment_status":"closed","ping_status":"open","sticky":false,"template":"","format":"standard","meta":{"_acf_changed":false,"footnotes":""},"categories":[11,8],"tags":[2305],"class_list":["post-65782","post","type-post","status-publish","format-standard","has-post-thumbnail","hentry","category-que-pasa","category-politica","tag-portezuelo-del-viento"],"acf":[],"yoast_head":"<!-- This site is optimized with the Yoast SEO plugin v27.4 - https:\/\/yoast.com\/product\/yoast-seo-wordpress\/ -->\n<title>Mendoza convoc\u00f3 a interesados en construir Portezuelo del Viento a visitar la zona - Diario Textual<\/title>\n<meta name=\"robots\" content=\"index, follow, max-snippet:-1, max-image-preview:large, max-video-preview:-1\" \/>\n<link rel=\"canonical\" href=\"https:\/\/diariotextual.com\/inicio\/index.php\/2019\/10\/13\/mendoza-convoco-interesados-construir-portezuelo-del-viento-visitar-la-zona\/\" \/>\n<meta property=\"og:locale\" content=\"es_ES\" \/>\n<meta property=\"og:type\" content=\"article\" \/>\n<meta property=\"og:title\" content=\"Mendoza convoc\u00f3 a interesados en construir Portezuelo del Viento a visitar la zona - Diario Textual\" \/>\n<meta property=\"og:description\" content=\"El\u00a0Gobierno de Mendoza sigue adelante en su objetivo de construir Portezuelo del Viento: ahora\u00a0convoc\u00f3 para el mi\u00e9rcoles a las empresas interesadas en construir la represa a la primera visita de&hellip;\" \/>\n<meta property=\"og:url\" content=\"https:\/\/diariotextual.com\/inicio\/index.php\/2019\/10\/13\/mendoza-convoco-interesados-construir-portezuelo-del-viento-visitar-la-zona\/\" \/>\n<meta property=\"og:site_name\" content=\"Diario Textual\" \/>\n<meta property=\"article:publisher\" content=\"https:\/\/www.facebook.com\/eltextual\" \/>\n<meta property=\"article:published_time\" content=\"2019-10-13T15:39:57+00:00\" \/>\n<meta property=\"article:modified_time\" content=\"2019-10-13T23:33:02+00:00\" \/>\n<meta property=\"og:image\" content=\"https:\/\/diariotextual.com\/inicio\/wp-content\/uploads\/2018\/09\/portezuelodelvientodibujo111.jpg\" \/>\n\t<meta property=\"og:image:width\" content=\"874\" \/>\n\t<meta property=\"og:image:height\" content=\"570\" \/>\n\t<meta property=\"og:image:type\" content=\"image\/jpeg\" \/>\n<meta name=\"author\" content=\"diario5\" \/>\n<meta name=\"twitter:card\" content=\"summary_large_image\" \/>\n<meta name=\"twitter:creator\" content=\"@eltextual\" \/>\n<meta name=\"twitter:site\" content=\"@eltextual\" \/>\n<meta name=\"twitter:label1\" content=\"Escrito por\" \/>\n\t<meta name=\"twitter:data1\" content=\"diario5\" \/>\n\t<meta name=\"twitter:label2\" content=\"Tiempo de lectura\" \/>\n\t<meta name=\"twitter:data2\" content=\"2 minutos\" \/>\n<script type=\"application\/ld+json\" class=\"yoast-schema-graph\">{\"@context\":\"https:\\\/\\\/schema.org\",\"@graph\":[{\"@type\":\"Article\",\"@id\":\"https:\\\/\\\/diariotextual.com\\\/inicio\\\/index.php\\\/2019\\\/10\\\/13\\\/mendoza-convoco-interesados-construir-portezuelo-del-viento-visitar-la-zona\\\/#article\",\"isPartOf\":{\"@id\":\"https:\\\/\\\/diariotextual.com\\\/inicio\\\/index.php\\\/2019\\\/10\\\/13\\\/mendoza-convoco-interesados-construir-portezuelo-del-viento-visitar-la-zona\\\/\"},\"author\":{\"name\":\"diario5\",\"@id\":\"https:\\\/\\\/diariotextual.com\\\/inicio\\\/#\\\/schema\\\/person\\\/c7834961ad8b29b1d9cdbf4571299067\"},\"headline\":\"Mendoza convoc\u00f3 a interesados en construir Portezuelo del Viento a visitar la zona\",\"datePublished\":\"2019-10-13T15:39:57+00:00\",\"dateModified\":\"2019-10-13T23:33:02+00:00\",\"mainEntityOfPage\":{\"@id\":\"https:\\\/\\\/diariotextual.com\\\/inicio\\\/index.php\\\/2019\\\/10\\\/13\\\/mendoza-convoco-interesados-construir-portezuelo-del-viento-visitar-la-zona\\\/\"},\"wordCount\":373,\"publisher\":{\"@id\":\"https:\\\/\\\/diariotextual.com\\\/inicio\\\/#organization\"},\"image\":{\"@id\":\"https:\\\/\\\/diariotextual.com\\\/inicio\\\/index.php\\\/2019\\\/10\\\/13\\\/mendoza-convoco-interesados-construir-portezuelo-del-viento-visitar-la-zona\\\/#primaryimage\"},\"thumbnailUrl\":\"https:\\\/\\\/diariotextual.com\\\/inicio\\\/wp-content\\\/uploads\\\/2018\\\/09\\\/portezuelodelvientodibujo111.jpg\",\"keywords\":[\"Portezuelo del Viento\"],\"articleSection\":[\"A - QUE PASA (al costado)\",\"POLITICA\"],\"inLanguage\":\"es\"},{\"@type\":\"WebPage\",\"@id\":\"https:\\\/\\\/diariotextual.com\\\/inicio\\\/index.php\\\/2019\\\/10\\\/13\\\/mendoza-convoco-interesados-construir-portezuelo-del-viento-visitar-la-zona\\\/\",\"url\":\"https:\\\/\\\/diariotextual.com\\\/inicio\\\/index.php\\\/2019\\\/10\\\/13\\\/mendoza-convoco-interesados-construir-portezuelo-del-viento-visitar-la-zona\\\/\",\"name\":\"Mendoza convoc\u00f3 a interesados en construir Portezuelo del Viento a visitar la zona - Diario Textual\",\"isPartOf\":{\"@id\":\"https:\\\/\\\/diariotextual.com\\\/inicio\\\/#website\"},\"primaryImageOfPage\":{\"@id\":\"https:\\\/\\\/diariotextual.com\\\/inicio\\\/index.php\\\/2019\\\/10\\\/13\\\/mendoza-convoco-interesados-construir-portezuelo-del-viento-visitar-la-zona\\\/#primaryimage\"},\"image\":{\"@id\":\"https:\\\/\\\/diariotextual.com\\\/inicio\\\/index.php\\\/2019\\\/10\\\/13\\\/mendoza-convoco-interesados-construir-portezuelo-del-viento-visitar-la-zona\\\/#primaryimage\"},\"thumbnailUrl\":\"https:\\\/\\\/diariotextual.com\\\/inicio\\\/wp-content\\\/uploads\\\/2018\\\/09\\\/portezuelodelvientodibujo111.jpg\",\"datePublished\":\"2019-10-13T15:39:57+00:00\",\"dateModified\":\"2019-10-13T23:33:02+00:00\",\"breadcrumb\":{\"@id\":\"https:\\\/\\\/diariotextual.com\\\/inicio\\\/index.php\\\/2019\\\/10\\\/13\\\/mendoza-convoco-interesados-construir-portezuelo-del-viento-visitar-la-zona\\\/#breadcrumb\"},\"inLanguage\":\"es\",\"potentialAction\":[{\"@type\":\"ReadAction\",\"target\":[\"https:\\\/\\\/diariotextual.com\\\/inicio\\\/index.php\\\/2019\\\/10\\\/13\\\/mendoza-convoco-interesados-construir-portezuelo-del-viento-visitar-la-zona\\\/\"]}]},{\"@type\":\"ImageObject\",\"inLanguage\":\"es\",\"@id\":\"https:\\\/\\\/diariotextual.com\\\/inicio\\\/index.php\\\/2019\\\/10\\\/13\\\/mendoza-convoco-interesados-construir-portezuelo-del-viento-visitar-la-zona\\\/#primaryimage\",\"url\":\"https:\\\/\\\/diariotextual.com\\\/inicio\\\/wp-content\\\/uploads\\\/2018\\\/09\\\/portezuelodelvientodibujo111.jpg\",\"contentUrl\":\"https:\\\/\\\/diariotextual.com\\\/inicio\\\/wp-content\\\/uploads\\\/2018\\\/09\\\/portezuelodelvientodibujo111.jpg\",\"width\":874,\"height\":570},{\"@type\":\"BreadcrumbList\",\"@id\":\"https:\\\/\\\/diariotextual.com\\\/inicio\\\/index.php\\\/2019\\\/10\\\/13\\\/mendoza-convoco-interesados-construir-portezuelo-del-viento-visitar-la-zona\\\/#breadcrumb\",\"itemListElement\":[{\"@type\":\"ListItem\",\"position\":1,\"name\":\"Portada\",\"item\":\"https:\\\/\\\/diariotextual.com\\\/inicio\\\/\"},{\"@type\":\"ListItem\",\"position\":2,\"name\":\"Mendoza convoc\u00f3 a interesados en construir Portezuelo del Viento a visitar la zona\"}]},{\"@type\":\"WebSite\",\"@id\":\"https:\\\/\\\/diariotextual.com\\\/inicio\\\/#website\",\"url\":\"https:\\\/\\\/diariotextual.com\\\/inicio\\\/\",\"name\":\"Diario Textual\",\"description\":\"\",\"publisher\":{\"@id\":\"https:\\\/\\\/diariotextual.com\\\/inicio\\\/#organization\"},\"potentialAction\":[{\"@type\":\"SearchAction\",\"target\":{\"@type\":\"EntryPoint\",\"urlTemplate\":\"https:\\\/\\\/diariotextual.com\\\/inicio\\\/?s={search_term_string}\"},\"query-input\":{\"@type\":\"PropertyValueSpecification\",\"valueRequired\":true,\"valueName\":\"search_term_string\"}}],\"inLanguage\":\"es\"},{\"@type\":\"Organization\",\"@id\":\"https:\\\/\\\/diariotextual.com\\\/inicio\\\/#organization\",\"name\":\"Diario Textual\",\"url\":\"https:\\\/\\\/diariotextual.com\\\/inicio\\\/\",\"logo\":{\"@type\":\"ImageObject\",\"inLanguage\":\"es\",\"@id\":\"https:\\\/\\\/diariotextual.com\\\/inicio\\\/#\\\/schema\\\/logo\\\/image\\\/\",\"url\":\"https:\\\/\\\/diariotextual.com\\\/inicio\\\/wp-content\\\/uploads\\\/2023\\\/05\\\/logotextual1.jpg\",\"contentUrl\":\"https:\\\/\\\/diariotextual.com\\\/inicio\\\/wp-content\\\/uploads\\\/2023\\\/05\\\/logotextual1.jpg\",\"width\":516,\"height\":76,\"caption\":\"Diario Textual\"},\"image\":{\"@id\":\"https:\\\/\\\/diariotextual.com\\\/inicio\\\/#\\\/schema\\\/logo\\\/image\\\/\"},\"sameAs\":[\"https:\\\/\\\/www.facebook.com\\\/eltextual\",\"https:\\\/\\\/x.com\\\/eltextual\",\"http:\\\/\\\/www.instagram.com\\\/eltextual\"]},{\"@type\":\"Person\",\"@id\":\"https:\\\/\\\/diariotextual.com\\\/inicio\\\/#\\\/schema\\\/person\\\/c7834961ad8b29b1d9cdbf4571299067\",\"name\":\"diario5\",\"image\":{\"@type\":\"ImageObject\",\"inLanguage\":\"es\",\"@id\":\"https:\\\/\\\/secure.gravatar.com\\\/avatar\\\/948c893b847ca6df68216ead81b63f363408ec9b0f600fefc0641ce78613b111?s=96&d=mm&r=g\",\"url\":\"https:\\\/\\\/secure.gravatar.com\\\/avatar\\\/948c893b847ca6df68216ead81b63f363408ec9b0f600fefc0641ce78613b111?s=96&d=mm&r=g\",\"contentUrl\":\"https:\\\/\\\/secure.gravatar.com\\\/avatar\\\/948c893b847ca6df68216ead81b63f363408ec9b0f600fefc0641ce78613b111?s=96&d=mm&r=g\",\"caption\":\"diario5\"},\"url\":\"https:\\\/\\\/diariotextual.com\\\/inicio\\\/index.php\\\/author\\\/diario5\\\/\"}]}<\/script>\n<!-- \/ Yoast SEO plugin. -->","yoast_head_json":{"title":"Mendoza convoc\u00f3 a interesados en construir Portezuelo del Viento a visitar la zona - Diario Textual","robots":{"index":"index","follow":"follow","max-snippet":"max-snippet:-1","max-image-preview":"max-image-preview:large","max-video-preview":"max-video-preview:-1"},"canonical":"https:\/\/diariotextual.com\/inicio\/index.php\/2019\/10\/13\/mendoza-convoco-interesados-construir-portezuelo-del-viento-visitar-la-zona\/","og_locale":"es_ES","og_type":"article","og_title":"Mendoza convoc\u00f3 a interesados en construir Portezuelo del Viento a visitar la zona - Diario Textual","og_description":"El\u00a0Gobierno de Mendoza sigue adelante en su objetivo de construir Portezuelo del Viento: ahora\u00a0convoc\u00f3 para el mi\u00e9rcoles a las empresas interesadas en construir la represa a la primera visita de&hellip;","og_url":"https:\/\/diariotextual.com\/inicio\/index.php\/2019\/10\/13\/mendoza-convoco-interesados-construir-portezuelo-del-viento-visitar-la-zona\/","og_site_name":"Diario Textual","article_publisher":"https:\/\/www.facebook.com\/eltextual","article_published_time":"2019-10-13T15:39:57+00:00","article_modified_time":"2019-10-13T23:33:02+00:00","og_image":[{"width":874,"height":570,"url":"https:\/\/diariotextual.com\/inicio\/wp-content\/uploads\/2018\/09\/portezuelodelvientodibujo111.jpg","type":"image\/jpeg"}],"author":"diario5","twitter_card":"summary_large_image","twitter_creator":"@eltextual","twitter_site":"@eltextual","twitter_misc":{"Escrito por":"diario5","Tiempo de lectura":"2 minutos"},"schema":{"@context":"https:\/\/schema.org","@graph":[{"@type":"Article","@id":"https:\/\/diariotextual.com\/inicio\/index.php\/2019\/10\/13\/mendoza-convoco-interesados-construir-portezuelo-del-viento-visitar-la-zona\/#article","isPartOf":{"@id":"https:\/\/diariotextual.com\/inicio\/index.php\/2019\/10\/13\/mendoza-convoco-interesados-construir-portezuelo-del-viento-visitar-la-zona\/"},"author":{"name":"diario5","@id":"https:\/\/diariotextual.com\/inicio\/#\/schema\/person\/c7834961ad8b29b1d9cdbf4571299067"},"headline":"Mendoza convoc\u00f3 a interesados en construir Portezuelo del Viento a visitar la zona","datePublished":"2019-10-13T15:39:57+00:00","dateModified":"2019-10-13T23:33:02+00:00","mainEntityOfPage":{"@id":"https:\/\/diariotextual.com\/inicio\/index.php\/2019\/10\/13\/mendoza-convoco-interesados-construir-portezuelo-del-viento-visitar-la-zona\/"},"wordCount":373,"publisher":{"@id":"https:\/\/diariotextual.com\/inicio\/#organization"},"image":{"@id":"https:\/\/diariotextual.com\/inicio\/index.php\/2019\/10\/13\/mendoza-convoco-interesados-construir-portezuelo-del-viento-visitar-la-zona\/#primaryimage"},"thumbnailUrl":"https:\/\/diariotextual.com\/inicio\/wp-content\/uploads\/2018\/09\/portezuelodelvientodibujo111.jpg","keywords":["Portezuelo del Viento"],"articleSection":["A - QUE PASA (al costado)","POLITICA"],"inLanguage":"es"},{"@type":"WebPage","@id":"https:\/\/diariotextual.com\/inicio\/index.php\/2019\/10\/13\/mendoza-convoco-interesados-construir-portezuelo-del-viento-visitar-la-zona\/","url":"https:\/\/diariotextual.com\/inicio\/index.php\/2019\/10\/13\/mendoza-convoco-interesados-construir-portezuelo-del-viento-visitar-la-zona\/","name":"Mendoza convoc\u00f3 a interesados en construir Portezuelo del Viento a visitar la zona - Diario Textual","isPartOf":{"@id":"https:\/\/diariotextual.com\/inicio\/#website"},"primaryImageOfPage":{"@id":"https:\/\/diariotextual.com\/inicio\/index.php\/2019\/10\/13\/mendoza-convoco-interesados-construir-portezuelo-del-viento-visitar-la-zona\/#primaryimage"},"image":{"@id":"https:\/\/diariotextual.com\/inicio\/index.php\/2019\/10\/13\/mendoza-convoco-interesados-construir-portezuelo-del-viento-visitar-la-zona\/#primaryimage"},"thumbnailUrl":"https:\/\/diariotextual.com\/inicio\/wp-content\/uploads\/2018\/09\/portezuelodelvientodibujo111.jpg","datePublished":"2019-10-13T15:39:57+00:00","dateModified":"2019-10-13T23:33:02+00:00","breadcrumb":{"@id":"https:\/\/diariotextual.com\/inicio\/index.php\/2019\/10\/13\/mendoza-convoco-interesados-construir-portezuelo-del-viento-visitar-la-zona\/#breadcrumb"},"inLanguage":"es","potentialAction":[{"@type":"ReadAction","target":["https:\/\/diariotextual.com\/inicio\/index.php\/2019\/10\/13\/mendoza-convoco-interesados-construir-portezuelo-del-viento-visitar-la-zona\/"]}]},{"@type":"ImageObject","inLanguage":"es","@id":"https:\/\/diariotextual.com\/inicio\/index.php\/2019\/10\/13\/mendoza-convoco-interesados-construir-portezuelo-del-viento-visitar-la-zona\/#primaryimage","url":"https:\/\/diariotextual.com\/inicio\/wp-content\/uploads\/2018\/09\/portezuelodelvientodibujo111.jpg","contentUrl":"https:\/\/diariotextual.com\/inicio\/wp-content\/uploads\/2018\/09\/portezuelodelvientodibujo111.jpg","width":874,"height":570},{"@type":"BreadcrumbList","@id":"https:\/\/diariotextual.com\/inicio\/index.php\/2019\/10\/13\/mendoza-convoco-interesados-construir-portezuelo-del-viento-visitar-la-zona\/#breadcrumb","itemListElement":[{"@type":"ListItem","position":1,"name":"Portada","item":"https:\/\/diariotextual.com\/inicio\/"},{"@type":"ListItem","position":2,"name":"Mendoza convoc\u00f3 a interesados en construir Portezuelo del Viento a visitar la zona"}]},{"@type":"WebSite","@id":"https:\/\/diariotextual.com\/inicio\/#website","url":"https:\/\/diariotextual.com\/inicio\/","name":"Diario Textual","description":"","publisher":{"@id":"https:\/\/diariotextual.com\/inicio\/#organization"},"potentialAction":[{"@type":"SearchAction","target":{"@type":"EntryPoint","urlTemplate":"https:\/\/diariotextual.com\/inicio\/?s={search_term_string}"},"query-input":{"@type":"PropertyValueSpecification","valueRequired":true,"valueName":"search_term_string"}}],"inLanguage":"es"},{"@type":"Organization","@id":"https:\/\/diariotextual.com\/inicio\/#organization","name":"Diario Textual","url":"https:\/\/diariotextual.com\/inicio\/","logo":{"@type":"ImageObject","inLanguage":"es","@id":"https:\/\/diariotextual.com\/inicio\/#\/schema\/logo\/image\/","url":"https:\/\/diariotextual.com\/inicio\/wp-content\/uploads\/2023\/05\/logotextual1.jpg","contentUrl":"https:\/\/diariotextual.com\/inicio\/wp-content\/uploads\/2023\/05\/logotextual1.jpg","width":516,"height":76,"caption":"Diario Textual"},"image":{"@id":"https:\/\/diariotextual.com\/inicio\/#\/schema\/logo\/image\/"},"sameAs":["https:\/\/www.facebook.com\/eltextual","https:\/\/x.com\/eltextual","http:\/\/www.instagram.com\/eltextual"]},{"@type":"Person","@id":"https:\/\/diariotextual.com\/inicio\/#\/schema\/person\/c7834961ad8b29b1d9cdbf4571299067","name":"diario5","image":{"@type":"ImageObject","inLanguage":"es","@id":"https:\/\/secure.gravatar.com\/avatar\/948c893b847ca6df68216ead81b63f363408ec9b0f600fefc0641ce78613b111?s=96&d=mm&r=g","url":"https:\/\/secure.gravatar.com\/avatar\/948c893b847ca6df68216ead81b63f363408ec9b0f600fefc0641ce78613b111?s=96&d=mm&r=g","contentUrl":"https:\/\/secure.gravatar.com\/avatar\/948c893b847ca6df68216ead81b63f363408ec9b0f600fefc0641ce78613b111?s=96&d=mm&r=g","caption":"diario5"},"url":"https:\/\/diariotextual.com\/inicio\/index.php\/author\/diario5\/"}]}},"_links":{"self":[{"href":"https:\/\/diariotextual.com\/inicio\/index.php\/wp-json\/wp\/v2\/posts\/65782","targetHints":{"allow":["GET"]}}],"collection":[{"href":"https:\/\/diariotextual.com\/inicio\/index.php\/wp-json\/wp\/v2\/posts"}],"about":[{"href":"https:\/\/diariotextual.com\/inicio\/index.php\/wp-json\/wp\/v2\/types\/post"}],"author":[{"embeddable":true,"href":"https:\/\/diariotextual.com\/inicio\/index.php\/wp-json\/wp\/v2\/users\/7"}],"replies":[{"embeddable":true,"href":"https:\/\/diariotextual.com\/inicio\/index.php\/wp-json\/wp\/v2\/comments?post=65782"}],"version-history":[{"count":1,"href":"https:\/\/diariotextual.com\/inicio\/index.php\/wp-json\/wp\/v2\/posts\/65782\/revisions"}],"predecessor-version":[{"id":65784,"href":"https:\/\/diariotextual.com\/inicio\/index.php\/wp-json\/wp\/v2\/posts\/65782\/revisions\/65784"}],"wp:featuredmedia":[{"embeddable":true,"href":"https:\/\/diariotextual.com\/inicio\/index.php\/wp-json\/wp\/v2\/media\/21429"}],"wp:attachment":[{"href":"https:\/\/diariotextual.com\/inicio\/index.php\/wp-json\/wp\/v2\/media?parent=65782"}],"wp:term":[{"taxonomy":"category","embeddable":true,"href":"https:\/\/diariotextual.com\/inicio\/index.php\/wp-json\/wp\/v2\/categories?post=65782"},{"taxonomy":"post_tag","embeddable":true,"href":"https:\/\/diariotextual.com\/inicio\/index.php\/wp-json\/wp\/v2\/tags?post=65782"}],"curies":[{"name":"wp","href":"https:\/\/api.w.org\/{rel}","templated":true}]}}