{"id":65812,"date":"2019-10-13T20:31:46","date_gmt":"2019-10-13T23:31:46","guid":{"rendered":"http:\/\/diariotextual.com\/inicio\/?p=65812"},"modified":"2019-10-14T11:41:38","modified_gmt":"2019-10-14T14:41:38","slug":"unas-25-mil-personas-recorrieron-la-expo-vivero-2019","status":"publish","type":"post","link":"https:\/\/diariotextual.com\/inicio\/index.php\/2019\/10\/13\/unas-25-mil-personas-recorrieron-la-expo-vivero-2019\/","title":{"rendered":"Unas 25 mil personas recorrieron la Expo Vivero 2019"},"content":{"rendered":"<p>Este domingo termin\u00f3 la Expo Vivero 2019, en el predio del Jard\u00edn Bot\u00e1nico Provincial. Seg\u00fan inform\u00f3 el Gobierno, durante los dos d\u00edas se registraron cientos de ventas y recorrieron el predio -ubicado en Chimango y Per\u00f3n- unas 25 mil personas.<\/p>\n<p>Hubo diversos shows musicales, locales de gastronom\u00eda y unos 75 viveristas. Las ventas, como el a\u00f1o pasado, fueron \u00abmuy buenas\u00bb, dijeron los expositores a Diario Textual.<\/p>\n<p><img fetchpriority=\"high\" decoding=\"async\" class=\"alignnone wp-image-65816 size-full\" src=\"http:\/\/diariotextual.com\/inicio\/wp-content\/uploads\/2019\/10\/expovivero2019-8.jpg\" alt=\"\" width=\"1000\" height=\"667\" srcset=\"https:\/\/diariotextual.com\/inicio\/wp-content\/uploads\/2019\/10\/expovivero2019-8.jpg 1000w, https:\/\/diariotextual.com\/inicio\/wp-content\/uploads\/2019\/10\/expovivero2019-8-300x200.jpg 300w, https:\/\/diariotextual.com\/inicio\/wp-content\/uploads\/2019\/10\/expovivero2019-8-768x512.jpg 768w, https:\/\/diariotextual.com\/inicio\/wp-content\/uploads\/2019\/10\/expovivero2019-8-585x390.jpg 585w, https:\/\/diariotextual.com\/inicio\/wp-content\/uploads\/2019\/10\/expovivero2019-8-263x175.jpg 263w\" sizes=\"(max-width: 1000px) 100vw, 1000px\" \/><\/p>\n<p><img decoding=\"async\" class=\"alignnone wp-image-65712 size-large\" src=\"http:\/\/diariotextual.com\/inicio\/wp-content\/uploads\/2019\/10\/expovivero2019-6-1024x595.jpg\" alt=\"\" width=\"1024\" height=\"595\" srcset=\"https:\/\/diariotextual.com\/inicio\/wp-content\/uploads\/2019\/10\/expovivero2019-6-1024x595.jpg 1024w, https:\/\/diariotextual.com\/inicio\/wp-content\/uploads\/2019\/10\/expovivero2019-6-300x174.jpg 300w, https:\/\/diariotextual.com\/inicio\/wp-content\/uploads\/2019\/10\/expovivero2019-6-768x446.jpg 768w, https:\/\/diariotextual.com\/inicio\/wp-content\/uploads\/2019\/10\/expovivero2019-6-1170x680.jpg 1170w, https:\/\/diariotextual.com\/inicio\/wp-content\/uploads\/2019\/10\/expovivero2019-6-585x340.jpg 585w, https:\/\/diariotextual.com\/inicio\/wp-content\/uploads\/2019\/10\/expovivero2019-6.jpg 1200w\" sizes=\"(max-width: 1024px) 100vw, 1024px\" \/> <img decoding=\"async\" class=\"alignnone wp-image-65711 size-large\" src=\"http:\/\/diariotextual.com\/inicio\/wp-content\/uploads\/2019\/10\/expovivero2019-5-1024x611.jpg\" alt=\"\" width=\"1024\" height=\"611\" srcset=\"https:\/\/diariotextual.com\/inicio\/wp-content\/uploads\/2019\/10\/expovivero2019-5-1024x611.jpg 1024w, https:\/\/diariotextual.com\/inicio\/wp-content\/uploads\/2019\/10\/expovivero2019-5-300x179.jpg 300w, https:\/\/diariotextual.com\/inicio\/wp-content\/uploads\/2019\/10\/expovivero2019-5-768x458.jpg 768w, https:\/\/diariotextual.com\/inicio\/wp-content\/uploads\/2019\/10\/expovivero2019-5-1170x698.jpg 1170w, https:\/\/diariotextual.com\/inicio\/wp-content\/uploads\/2019\/10\/expovivero2019-5-585x349.jpg 585w, https:\/\/diariotextual.com\/inicio\/wp-content\/uploads\/2019\/10\/expovivero2019-5.jpg 1200w\" sizes=\"(max-width: 1024px) 100vw, 1024px\" \/><\/p>\n<p>&nbsp;<\/p>\n<p>&nbsp;<\/p>\n","protected":false},"excerpt":{"rendered":"<p>Este domingo termin\u00f3 la Expo Vivero 2019, en el predio del Jard\u00edn Bot\u00e1nico Provincial. Seg\u00fan inform\u00f3 el Gobierno, durante los dos d\u00edas se registraron cientos de ventas y recorrieron el&hellip;<\/p>\n","protected":false},"author":3,"featured_media":65814,"comment_status":"closed","ping_status":"open","sticky":false,"template":"","format":"standard","meta":{"_acf_changed":false,"footnotes":""},"categories":[319,12],"tags":[2223],"class_list":["post-65812","post","type-post","status-publish","format-standard","has-post-thumbnail","hentry","category-a-temporales","category-sociedad","tag-vivero"],"acf":[],"yoast_head":"<!-- This site is optimized with the Yoast SEO plugin v27.4 - https:\/\/yoast.com\/product\/yoast-seo-wordpress\/ -->\n<title>Unas 25 mil personas recorrieron la Expo Vivero 2019 - Diario Textual<\/title>\n<meta name=\"robots\" content=\"index, follow, max-snippet:-1, max-image-preview:large, max-video-preview:-1\" \/>\n<link rel=\"canonical\" href=\"https:\/\/diariotextual.com\/inicio\/index.php\/2019\/10\/13\/unas-25-mil-personas-recorrieron-la-expo-vivero-2019\/\" \/>\n<meta property=\"og:locale\" content=\"es_ES\" \/>\n<meta property=\"og:type\" content=\"article\" \/>\n<meta property=\"og:title\" content=\"Unas 25 mil personas recorrieron la Expo Vivero 2019 - Diario Textual\" \/>\n<meta property=\"og:description\" content=\"Este domingo termin\u00f3 la Expo Vivero 2019, en el predio del Jard\u00edn Bot\u00e1nico Provincial. Seg\u00fan inform\u00f3 el Gobierno, durante los dos d\u00edas se registraron cientos de ventas y recorrieron el&hellip;\" \/>\n<meta property=\"og:url\" content=\"https:\/\/diariotextual.com\/inicio\/index.php\/2019\/10\/13\/unas-25-mil-personas-recorrieron-la-expo-vivero-2019\/\" \/>\n<meta property=\"og:site_name\" content=\"Diario Textual\" \/>\n<meta property=\"article:publisher\" content=\"https:\/\/www.facebook.com\/eltextual\" \/>\n<meta property=\"article:published_time\" content=\"2019-10-13T23:31:46+00:00\" \/>\n<meta property=\"article:modified_time\" content=\"2019-10-14T14:41:38+00:00\" \/>\n<meta property=\"og:image\" content=\"https:\/\/diariotextual.com\/inicio\/wp-content\/uploads\/2019\/10\/expovivero2019-7.jpg\" \/>\n\t<meta property=\"og:image:width\" content=\"1000\" \/>\n\t<meta property=\"og:image:height\" content=\"667\" \/>\n\t<meta property=\"og:image:type\" content=\"image\/jpeg\" \/>\n<meta name=\"author\" content=\"Diario1 Diario1\" \/>\n<meta name=\"twitter:card\" content=\"summary_large_image\" \/>\n<meta name=\"twitter:creator\" content=\"@eltextual\" \/>\n<meta name=\"twitter:site\" content=\"@eltextual\" \/>\n<meta name=\"twitter:label1\" content=\"Escrito por\" \/>\n\t<meta name=\"twitter:data1\" content=\"Diario1 Diario1\" \/>\n<script type=\"application\/ld+json\" class=\"yoast-schema-graph\">{\"@context\":\"https:\\\/\\\/schema.org\",\"@graph\":[{\"@type\":\"Article\",\"@id\":\"https:\\\/\\\/diariotextual.com\\\/inicio\\\/index.php\\\/2019\\\/10\\\/13\\\/unas-25-mil-personas-recorrieron-la-expo-vivero-2019\\\/#article\",\"isPartOf\":{\"@id\":\"https:\\\/\\\/diariotextual.com\\\/inicio\\\/index.php\\\/2019\\\/10\\\/13\\\/unas-25-mil-personas-recorrieron-la-expo-vivero-2019\\\/\"},\"author\":{\"name\":\"Diario1 Diario1\",\"@id\":\"https:\\\/\\\/diariotextual.com\\\/inicio\\\/#\\\/schema\\\/person\\\/418fc4093c33e86ed41562db3508f958\"},\"headline\":\"Unas 25 mil personas recorrieron la Expo Vivero 2019\",\"datePublished\":\"2019-10-13T23:31:46+00:00\",\"dateModified\":\"2019-10-14T14:41:38+00:00\",\"mainEntityOfPage\":{\"@id\":\"https:\\\/\\\/diariotextual.com\\\/inicio\\\/index.php\\\/2019\\\/10\\\/13\\\/unas-25-mil-personas-recorrieron-la-expo-vivero-2019\\\/\"},\"wordCount\":79,\"publisher\":{\"@id\":\"https:\\\/\\\/diariotextual.com\\\/inicio\\\/#organization\"},\"image\":{\"@id\":\"https:\\\/\\\/diariotextual.com\\\/inicio\\\/index.php\\\/2019\\\/10\\\/13\\\/unas-25-mil-personas-recorrieron-la-expo-vivero-2019\\\/#primaryimage\"},\"thumbnailUrl\":\"https:\\\/\\\/diariotextual.com\\\/inicio\\\/wp-content\\\/uploads\\\/2019\\\/10\\\/expovivero2019-7.jpg\",\"keywords\":[\"vivero\"],\"articleSection\":[\"A - TEMPORALES\",\"SOCIEDAD\"],\"inLanguage\":\"es\"},{\"@type\":\"WebPage\",\"@id\":\"https:\\\/\\\/diariotextual.com\\\/inicio\\\/index.php\\\/2019\\\/10\\\/13\\\/unas-25-mil-personas-recorrieron-la-expo-vivero-2019\\\/\",\"url\":\"https:\\\/\\\/diariotextual.com\\\/inicio\\\/index.php\\\/2019\\\/10\\\/13\\\/unas-25-mil-personas-recorrieron-la-expo-vivero-2019\\\/\",\"name\":\"Unas 25 mil personas recorrieron la Expo Vivero 2019 - Diario Textual\",\"isPartOf\":{\"@id\":\"https:\\\/\\\/diariotextual.com\\\/inicio\\\/#website\"},\"primaryImageOfPage\":{\"@id\":\"https:\\\/\\\/diariotextual.com\\\/inicio\\\/index.php\\\/2019\\\/10\\\/13\\\/unas-25-mil-personas-recorrieron-la-expo-vivero-2019\\\/#primaryimage\"},\"image\":{\"@id\":\"https:\\\/\\\/diariotextual.com\\\/inicio\\\/index.php\\\/2019\\\/10\\\/13\\\/unas-25-mil-personas-recorrieron-la-expo-vivero-2019\\\/#primaryimage\"},\"thumbnailUrl\":\"https:\\\/\\\/diariotextual.com\\\/inicio\\\/wp-content\\\/uploads\\\/2019\\\/10\\\/expovivero2019-7.jpg\",\"datePublished\":\"2019-10-13T23:31:46+00:00\",\"dateModified\":\"2019-10-14T14:41:38+00:00\",\"breadcrumb\":{\"@id\":\"https:\\\/\\\/diariotextual.com\\\/inicio\\\/index.php\\\/2019\\\/10\\\/13\\\/unas-25-mil-personas-recorrieron-la-expo-vivero-2019\\\/#breadcrumb\"},\"inLanguage\":\"es\",\"potentialAction\":[{\"@type\":\"ReadAction\",\"target\":[\"https:\\\/\\\/diariotextual.com\\\/inicio\\\/index.php\\\/2019\\\/10\\\/13\\\/unas-25-mil-personas-recorrieron-la-expo-vivero-2019\\\/\"]}]},{\"@type\":\"ImageObject\",\"inLanguage\":\"es\",\"@id\":\"https:\\\/\\\/diariotextual.com\\\/inicio\\\/index.php\\\/2019\\\/10\\\/13\\\/unas-25-mil-personas-recorrieron-la-expo-vivero-2019\\\/#primaryimage\",\"url\":\"https:\\\/\\\/diariotextual.com\\\/inicio\\\/wp-content\\\/uploads\\\/2019\\\/10\\\/expovivero2019-7.jpg\",\"contentUrl\":\"https:\\\/\\\/diariotextual.com\\\/inicio\\\/wp-content\\\/uploads\\\/2019\\\/10\\\/expovivero2019-7.jpg\",\"width\":1000,\"height\":667},{\"@type\":\"BreadcrumbList\",\"@id\":\"https:\\\/\\\/diariotextual.com\\\/inicio\\\/index.php\\\/2019\\\/10\\\/13\\\/unas-25-mil-personas-recorrieron-la-expo-vivero-2019\\\/#breadcrumb\",\"itemListElement\":[{\"@type\":\"ListItem\",\"position\":1,\"name\":\"Portada\",\"item\":\"https:\\\/\\\/diariotextual.com\\\/inicio\\\/\"},{\"@type\":\"ListItem\",\"position\":2,\"name\":\"Unas 25 mil personas recorrieron la Expo Vivero 2019\"}]},{\"@type\":\"WebSite\",\"@id\":\"https:\\\/\\\/diariotextual.com\\\/inicio\\\/#website\",\"url\":\"https:\\\/\\\/diariotextual.com\\\/inicio\\\/\",\"name\":\"Diario Textual\",\"description\":\"\",\"publisher\":{\"@id\":\"https:\\\/\\\/diariotextual.com\\\/inicio\\\/#organization\"},\"potentialAction\":[{\"@type\":\"SearchAction\",\"target\":{\"@type\":\"EntryPoint\",\"urlTemplate\":\"https:\\\/\\\/diariotextual.com\\\/inicio\\\/?s={search_term_string}\"},\"query-input\":{\"@type\":\"PropertyValueSpecification\",\"valueRequired\":true,\"valueName\":\"search_term_string\"}}],\"inLanguage\":\"es\"},{\"@type\":\"Organization\",\"@id\":\"https:\\\/\\\/diariotextual.com\\\/inicio\\\/#organization\",\"name\":\"Diario Textual\",\"url\":\"https:\\\/\\\/diariotextual.com\\\/inicio\\\/\",\"logo\":{\"@type\":\"ImageObject\",\"inLanguage\":\"es\",\"@id\":\"https:\\\/\\\/diariotextual.com\\\/inicio\\\/#\\\/schema\\\/logo\\\/image\\\/\",\"url\":\"https:\\\/\\\/diariotextual.com\\\/inicio\\\/wp-content\\\/uploads\\\/2023\\\/05\\\/logotextual1.jpg\",\"contentUrl\":\"https:\\\/\\\/diariotextual.com\\\/inicio\\\/wp-content\\\/uploads\\\/2023\\\/05\\\/logotextual1.jpg\",\"width\":516,\"height\":76,\"caption\":\"Diario Textual\"},\"image\":{\"@id\":\"https:\\\/\\\/diariotextual.com\\\/inicio\\\/#\\\/schema\\\/logo\\\/image\\\/\"},\"sameAs\":[\"https:\\\/\\\/www.facebook.com\\\/eltextual\",\"https:\\\/\\\/x.com\\\/eltextual\",\"http:\\\/\\\/www.instagram.com\\\/eltextual\"]},{\"@type\":\"Person\",\"@id\":\"https:\\\/\\\/diariotextual.com\\\/inicio\\\/#\\\/schema\\\/person\\\/418fc4093c33e86ed41562db3508f958\",\"name\":\"Diario1 Diario1\",\"image\":{\"@type\":\"ImageObject\",\"inLanguage\":\"es\",\"@id\":\"https:\\\/\\\/secure.gravatar.com\\\/avatar\\\/9167d280179c85bc18be67aa7eda765854300033af4896dd779b608640f2ef7a?s=96&d=mm&r=g\",\"url\":\"https:\\\/\\\/secure.gravatar.com\\\/avatar\\\/9167d280179c85bc18be67aa7eda765854300033af4896dd779b608640f2ef7a?s=96&d=mm&r=g\",\"contentUrl\":\"https:\\\/\\\/secure.gravatar.com\\\/avatar\\\/9167d280179c85bc18be67aa7eda765854300033af4896dd779b608640f2ef7a?s=96&d=mm&r=g\",\"caption\":\"Diario1 Diario1\"},\"url\":\"https:\\\/\\\/diariotextual.com\\\/inicio\\\/index.php\\\/author\\\/diario1\\\/\"}]}<\/script>\n<!-- \/ Yoast SEO plugin. -->","yoast_head_json":{"title":"Unas 25 mil personas recorrieron la Expo Vivero 2019 - Diario Textual","robots":{"index":"index","follow":"follow","max-snippet":"max-snippet:-1","max-image-preview":"max-image-preview:large","max-video-preview":"max-video-preview:-1"},"canonical":"https:\/\/diariotextual.com\/inicio\/index.php\/2019\/10\/13\/unas-25-mil-personas-recorrieron-la-expo-vivero-2019\/","og_locale":"es_ES","og_type":"article","og_title":"Unas 25 mil personas recorrieron la Expo Vivero 2019 - Diario Textual","og_description":"Este domingo termin\u00f3 la Expo Vivero 2019, en el predio del Jard\u00edn Bot\u00e1nico Provincial. Seg\u00fan inform\u00f3 el Gobierno, durante los dos d\u00edas se registraron cientos de ventas y recorrieron el&hellip;","og_url":"https:\/\/diariotextual.com\/inicio\/index.php\/2019\/10\/13\/unas-25-mil-personas-recorrieron-la-expo-vivero-2019\/","og_site_name":"Diario Textual","article_publisher":"https:\/\/www.facebook.com\/eltextual","article_published_time":"2019-10-13T23:31:46+00:00","article_modified_time":"2019-10-14T14:41:38+00:00","og_image":[{"width":1000,"height":667,"url":"https:\/\/diariotextual.com\/inicio\/wp-content\/uploads\/2019\/10\/expovivero2019-7.jpg","type":"image\/jpeg"}],"author":"Diario1 Diario1","twitter_card":"summary_large_image","twitter_creator":"@eltextual","twitter_site":"@eltextual","twitter_misc":{"Escrito por":"Diario1 Diario1"},"schema":{"@context":"https:\/\/schema.org","@graph":[{"@type":"Article","@id":"https:\/\/diariotextual.com\/inicio\/index.php\/2019\/10\/13\/unas-25-mil-personas-recorrieron-la-expo-vivero-2019\/#article","isPartOf":{"@id":"https:\/\/diariotextual.com\/inicio\/index.php\/2019\/10\/13\/unas-25-mil-personas-recorrieron-la-expo-vivero-2019\/"},"author":{"name":"Diario1 Diario1","@id":"https:\/\/diariotextual.com\/inicio\/#\/schema\/person\/418fc4093c33e86ed41562db3508f958"},"headline":"Unas 25 mil personas recorrieron la Expo Vivero 2019","datePublished":"2019-10-13T23:31:46+00:00","dateModified":"2019-10-14T14:41:38+00:00","mainEntityOfPage":{"@id":"https:\/\/diariotextual.com\/inicio\/index.php\/2019\/10\/13\/unas-25-mil-personas-recorrieron-la-expo-vivero-2019\/"},"wordCount":79,"publisher":{"@id":"https:\/\/diariotextual.com\/inicio\/#organization"},"image":{"@id":"https:\/\/diariotextual.com\/inicio\/index.php\/2019\/10\/13\/unas-25-mil-personas-recorrieron-la-expo-vivero-2019\/#primaryimage"},"thumbnailUrl":"https:\/\/diariotextual.com\/inicio\/wp-content\/uploads\/2019\/10\/expovivero2019-7.jpg","keywords":["vivero"],"articleSection":["A - TEMPORALES","SOCIEDAD"],"inLanguage":"es"},{"@type":"WebPage","@id":"https:\/\/diariotextual.com\/inicio\/index.php\/2019\/10\/13\/unas-25-mil-personas-recorrieron-la-expo-vivero-2019\/","url":"https:\/\/diariotextual.com\/inicio\/index.php\/2019\/10\/13\/unas-25-mil-personas-recorrieron-la-expo-vivero-2019\/","name":"Unas 25 mil personas recorrieron la Expo Vivero 2019 - Diario Textual","isPartOf":{"@id":"https:\/\/diariotextual.com\/inicio\/#website"},"primaryImageOfPage":{"@id":"https:\/\/diariotextual.com\/inicio\/index.php\/2019\/10\/13\/unas-25-mil-personas-recorrieron-la-expo-vivero-2019\/#primaryimage"},"image":{"@id":"https:\/\/diariotextual.com\/inicio\/index.php\/2019\/10\/13\/unas-25-mil-personas-recorrieron-la-expo-vivero-2019\/#primaryimage"},"thumbnailUrl":"https:\/\/diariotextual.com\/inicio\/wp-content\/uploads\/2019\/10\/expovivero2019-7.jpg","datePublished":"2019-10-13T23:31:46+00:00","dateModified":"2019-10-14T14:41:38+00:00","breadcrumb":{"@id":"https:\/\/diariotextual.com\/inicio\/index.php\/2019\/10\/13\/unas-25-mil-personas-recorrieron-la-expo-vivero-2019\/#breadcrumb"},"inLanguage":"es","potentialAction":[{"@type":"ReadAction","target":["https:\/\/diariotextual.com\/inicio\/index.php\/2019\/10\/13\/unas-25-mil-personas-recorrieron-la-expo-vivero-2019\/"]}]},{"@type":"ImageObject","inLanguage":"es","@id":"https:\/\/diariotextual.com\/inicio\/index.php\/2019\/10\/13\/unas-25-mil-personas-recorrieron-la-expo-vivero-2019\/#primaryimage","url":"https:\/\/diariotextual.com\/inicio\/wp-content\/uploads\/2019\/10\/expovivero2019-7.jpg","contentUrl":"https:\/\/diariotextual.com\/inicio\/wp-content\/uploads\/2019\/10\/expovivero2019-7.jpg","width":1000,"height":667},{"@type":"BreadcrumbList","@id":"https:\/\/diariotextual.com\/inicio\/index.php\/2019\/10\/13\/unas-25-mil-personas-recorrieron-la-expo-vivero-2019\/#breadcrumb","itemListElement":[{"@type":"ListItem","position":1,"name":"Portada","item":"https:\/\/diariotextual.com\/inicio\/"},{"@type":"ListItem","position":2,"name":"Unas 25 mil personas recorrieron la Expo Vivero 2019"}]},{"@type":"WebSite","@id":"https:\/\/diariotextual.com\/inicio\/#website","url":"https:\/\/diariotextual.com\/inicio\/","name":"Diario Textual","description":"","publisher":{"@id":"https:\/\/diariotextual.com\/inicio\/#organization"},"potentialAction":[{"@type":"SearchAction","target":{"@type":"EntryPoint","urlTemplate":"https:\/\/diariotextual.com\/inicio\/?s={search_term_string}"},"query-input":{"@type":"PropertyValueSpecification","valueRequired":true,"valueName":"search_term_string"}}],"inLanguage":"es"},{"@type":"Organization","@id":"https:\/\/diariotextual.com\/inicio\/#organization","name":"Diario Textual","url":"https:\/\/diariotextual.com\/inicio\/","logo":{"@type":"ImageObject","inLanguage":"es","@id":"https:\/\/diariotextual.com\/inicio\/#\/schema\/logo\/image\/","url":"https:\/\/diariotextual.com\/inicio\/wp-content\/uploads\/2023\/05\/logotextual1.jpg","contentUrl":"https:\/\/diariotextual.com\/inicio\/wp-content\/uploads\/2023\/05\/logotextual1.jpg","width":516,"height":76,"caption":"Diario Textual"},"image":{"@id":"https:\/\/diariotextual.com\/inicio\/#\/schema\/logo\/image\/"},"sameAs":["https:\/\/www.facebook.com\/eltextual","https:\/\/x.com\/eltextual","http:\/\/www.instagram.com\/eltextual"]},{"@type":"Person","@id":"https:\/\/diariotextual.com\/inicio\/#\/schema\/person\/418fc4093c33e86ed41562db3508f958","name":"Diario1 Diario1","image":{"@type":"ImageObject","inLanguage":"es","@id":"https:\/\/secure.gravatar.com\/avatar\/9167d280179c85bc18be67aa7eda765854300033af4896dd779b608640f2ef7a?s=96&d=mm&r=g","url":"https:\/\/secure.gravatar.com\/avatar\/9167d280179c85bc18be67aa7eda765854300033af4896dd779b608640f2ef7a?s=96&d=mm&r=g","contentUrl":"https:\/\/secure.gravatar.com\/avatar\/9167d280179c85bc18be67aa7eda765854300033af4896dd779b608640f2ef7a?s=96&d=mm&r=g","caption":"Diario1 Diario1"},"url":"https:\/\/diariotextual.com\/inicio\/index.php\/author\/diario1\/"}]}},"_links":{"self":[{"href":"https:\/\/diariotextual.com\/inicio\/index.php\/wp-json\/wp\/v2\/posts\/65812","targetHints":{"allow":["GET"]}}],"collection":[{"href":"https:\/\/diariotextual.com\/inicio\/index.php\/wp-json\/wp\/v2\/posts"}],"about":[{"href":"https:\/\/diariotextual.com\/inicio\/index.php\/wp-json\/wp\/v2\/types\/post"}],"author":[{"embeddable":true,"href":"https:\/\/diariotextual.com\/inicio\/index.php\/wp-json\/wp\/v2\/users\/3"}],"replies":[{"embeddable":true,"href":"https:\/\/diariotextual.com\/inicio\/index.php\/wp-json\/wp\/v2\/comments?post=65812"}],"version-history":[{"count":3,"href":"https:\/\/diariotextual.com\/inicio\/index.php\/wp-json\/wp\/v2\/posts\/65812\/revisions"}],"predecessor-version":[{"id":65817,"href":"https:\/\/diariotextual.com\/inicio\/index.php\/wp-json\/wp\/v2\/posts\/65812\/revisions\/65817"}],"wp:featuredmedia":[{"embeddable":true,"href":"https:\/\/diariotextual.com\/inicio\/index.php\/wp-json\/wp\/v2\/media\/65814"}],"wp:attachment":[{"href":"https:\/\/diariotextual.com\/inicio\/index.php\/wp-json\/wp\/v2\/media?parent=65812"}],"wp:term":[{"taxonomy":"category","embeddable":true,"href":"https:\/\/diariotextual.com\/inicio\/index.php\/wp-json\/wp\/v2\/categories?post=65812"},{"taxonomy":"post_tag","embeddable":true,"href":"https:\/\/diariotextual.com\/inicio\/index.php\/wp-json\/wp\/v2\/tags?post=65812"}],"curies":[{"name":"wp","href":"https:\/\/api.w.org\/{rel}","templated":true}]}}