{"id":65869,"date":"2019-10-14T10:41:12","date_gmt":"2019-10-14T13:41:12","guid":{"rendered":"http:\/\/diariotextual.com\/inicio\/?p=65869"},"modified":"2019-10-15T11:00:54","modified_gmt":"2019-10-15T14:00:54","slug":"volco-micro-tucuman-una-las-victimas-fatales-seria-la-pampa","status":"publish","type":"post","link":"https:\/\/diariotextual.com\/inicio\/index.php\/2019\/10\/14\/volco-micro-tucuman-una-las-victimas-fatales-seria-la-pampa\/","title":{"rendered":"Volc\u00f3 un micro en Tucum\u00e1n y falleci\u00f3 una nena de 3 a\u00f1os de La Pampa"},"content":{"rendered":"<p>Una<strong> nena que viv\u00eda en Santa Rosa<\/strong>, de<strong> 3 a\u00f1os<\/strong> de edad, es una de las <strong>v\u00edctimas fatales<\/strong> en el <strong>choque y vuelco de un micro en Tucum\u00e1n<\/strong>.<\/p>\n<p>Tres personas murieron,\u00a0entre ellas la ni\u00f1a,\u00a0y otras 35 resultaron heridas en el siniestro que se registr\u00f3 este lunes a la madrugada en la autopista que une San Miguel de Tucum\u00e1n con Famaill\u00e1.<\/p>\n<p>El siniestro fue protagonizado por un\u00a0\u00f3mnibus de larga distancia de la empresa Balut\u00a0que hab\u00eda partido desde Jujuy con destino a Mendoza.<\/p>\n<p>Viajaban pasajeros de C\u00f3rdoba, Jujuy y La Pampa. Los pampeanos -que son de Tel\u00e9n y Victorica y residen en Santa Rosa- hab\u00edan viajado a Jujuy para visitar a familiares el fin de semana largo.<\/p>\n<p>Seg\u00fan dijeron fuentes oficiales a medios tucumanos la nena fallecida es oriunda de La Pampa. Viajaba junto a sus padres y muri\u00f3 camino al hospital. Las otras dos v\u00edctimas son un joven de 17 a\u00f1os y una mujer de 49 a\u00f1os.<\/p>\n<p><img fetchpriority=\"high\" decoding=\"async\" class=\"alignnone size-full wp-image-65874\" src=\"http:\/\/diariotextual.com\/inicio\/wp-content\/uploads\/2019\/10\/vuelcotucumanmicro0999.jpg\" alt=\"\" width=\"808\" height=\"446\" srcset=\"https:\/\/diariotextual.com\/inicio\/wp-content\/uploads\/2019\/10\/vuelcotucumanmicro0999.jpg 808w, https:\/\/diariotextual.com\/inicio\/wp-content\/uploads\/2019\/10\/vuelcotucumanmicro0999-300x166.jpg 300w, https:\/\/diariotextual.com\/inicio\/wp-content\/uploads\/2019\/10\/vuelcotucumanmicro0999-768x424.jpg 768w, https:\/\/diariotextual.com\/inicio\/wp-content\/uploads\/2019\/10\/vuelcotucumanmicro0999-585x323.jpg 585w\" sizes=\"(max-width: 808px) 100vw, 808px\" \/><\/p>\n<p>El siniestro se habr\u00eda producido alrededor de la 1.30, cuando un joven que caminaba por el costado de la ruta se arroj\u00f3 delante del colectivo. El chofer del micro volc\u00f3 al intentar una brusca maniobra para esquivarlo, public\u00f3 La Gaceta.<\/p>\n<p>La unidad de la empresa Balut qued\u00f3 de costado, al borde de la ruta. Por el impacto, una ni\u00f1a de tres a\u00f1os que viajaba con sus padres, falleci\u00f3 camino al hospital. Otros 17 pasajeros resultaron heridos y fueron trasladados al hospital Padilla y al Centro de Salud.<\/p>\n<p>Un pasajero, identificado como Jos\u00e9 Mar\u00edn, dijo a\u00a0<b>Cadena 3<\/b> que el siniestro ocurri\u00f3 cuando un hombre se cruz\u00f3 en la ruta.\u00bbUn se\u00f1or de pronto se cruz\u00f3 y cuando quiso esquivarlo, el chofer lo agarr\u00f3 y volcamos\u00bb, dijo. \u00abVen\u00edamos todos dormidos. Fue entre la 1 y 1.30. Creo que ven\u00eda completo, arriba y abajo\u00bb, agreg\u00f3.<\/p>\n<p>&nbsp;<\/p>\n<blockquote class=\"twitter-tweet\">\n<p dir=\"ltr\" lang=\"es\">La ni\u00f1a fallecida en el accidente iba con sus padres hacia Cordoba, muri\u00f3 cuando era trasladada hacia el hospital de ni\u00f1os donde se encuentra actualmente, un joven bajo los efectos de estupefacientes se tir\u00f3 delante del colectivo provocando que volcara \u2066<a href=\"https:\/\/twitter.com\/telefetucuman?ref_src=twsrc%5Etfw\">@telefetucuman<\/a>\u2069 <a href=\"https:\/\/t.co\/qzYfvWDC1H\">pic.twitter.com\/qzYfvWDC1H<\/a><\/p>\n<p>\u2014 Luis Medina (@luismedinapiriz) <a href=\"https:\/\/twitter.com\/luismedinapiriz\/status\/1183656785519038464?ref_src=twsrc%5Etfw\">October 14, 2019<\/a><\/p><\/blockquote>\n<p><script async src=\"https:\/\/platform.twitter.com\/widgets.js\" charset=\"utf-8\"><\/script><\/p>\n<p><img decoding=\"async\" class=\"alignnone size-full wp-image-65870\" src=\"http:\/\/diariotextual.com\/inicio\/wp-content\/uploads\/2019\/10\/vuelcomicrotucuman4454.jpg\" alt=\"\" width=\"669\" height=\"424\" srcset=\"https:\/\/diariotextual.com\/inicio\/wp-content\/uploads\/2019\/10\/vuelcomicrotucuman4454.jpg 669w, https:\/\/diariotextual.com\/inicio\/wp-content\/uploads\/2019\/10\/vuelcomicrotucuman4454-300x190.jpg 300w, https:\/\/diariotextual.com\/inicio\/wp-content\/uploads\/2019\/10\/vuelcomicrotucuman4454-585x371.jpg 585w\" sizes=\"(max-width: 669px) 100vw, 669px\" \/><\/p>\n<p>&nbsp;<\/p>\n","protected":false},"excerpt":{"rendered":"<p>Una nena que viv\u00eda en Santa Rosa, de 3 a\u00f1os de edad, es una de las v\u00edctimas fatales en el choque y vuelco de un micro en Tucum\u00e1n. Tres personas&hellip;<\/p>\n","protected":false},"author":4,"featured_media":65878,"comment_status":"closed","ping_status":"open","sticky":false,"template":"","format":"standard","meta":{"_acf_changed":false,"footnotes":""},"categories":[319,12],"tags":[],"class_list":["post-65869","post","type-post","status-publish","format-standard","has-post-thumbnail","hentry","category-a-temporales","category-sociedad"],"acf":[],"yoast_head":"<!-- This site is optimized with the Yoast SEO plugin v27.4 - https:\/\/yoast.com\/product\/yoast-seo-wordpress\/ -->\n<title>Volc\u00f3 un micro en Tucum\u00e1n y falleci\u00f3 una nena de 3 a\u00f1os de La Pampa - Diario Textual<\/title>\n<meta name=\"robots\" content=\"index, follow, max-snippet:-1, max-image-preview:large, max-video-preview:-1\" \/>\n<link rel=\"canonical\" href=\"https:\/\/diariotextual.com\/inicio\/index.php\/2019\/10\/14\/volco-micro-tucuman-una-las-victimas-fatales-seria-la-pampa\/\" \/>\n<meta property=\"og:locale\" content=\"es_ES\" \/>\n<meta property=\"og:type\" content=\"article\" \/>\n<meta property=\"og:title\" content=\"Volc\u00f3 un micro en Tucum\u00e1n y falleci\u00f3 una nena de 3 a\u00f1os de La Pampa - Diario Textual\" \/>\n<meta property=\"og:description\" content=\"Una nena que viv\u00eda en Santa Rosa, de 3 a\u00f1os de edad, es una de las v\u00edctimas fatales en el choque y vuelco de un micro en Tucum\u00e1n. Tres personas&hellip;\" \/>\n<meta property=\"og:url\" content=\"https:\/\/diariotextual.com\/inicio\/index.php\/2019\/10\/14\/volco-micro-tucuman-una-las-victimas-fatales-seria-la-pampa\/\" \/>\n<meta property=\"og:site_name\" content=\"Diario Textual\" \/>\n<meta property=\"article:publisher\" content=\"https:\/\/www.facebook.com\/eltextual\" \/>\n<meta property=\"article:published_time\" content=\"2019-10-14T13:41:12+00:00\" \/>\n<meta property=\"article:modified_time\" content=\"2019-10-15T14:00:54+00:00\" \/>\n<meta property=\"og:image\" content=\"https:\/\/diariotextual.com\/inicio\/wp-content\/uploads\/2019\/10\/vuelcomicrotucuman34347689.jpg\" \/>\n\t<meta property=\"og:image:width\" content=\"760\" \/>\n\t<meta property=\"og:image:height\" content=\"469\" \/>\n\t<meta property=\"og:image:type\" content=\"image\/jpeg\" \/>\n<meta name=\"author\" content=\"diario2\" \/>\n<meta name=\"twitter:card\" content=\"summary_large_image\" \/>\n<meta name=\"twitter:creator\" content=\"@eltextual\" \/>\n<meta name=\"twitter:site\" content=\"@eltextual\" \/>\n<meta name=\"twitter:label1\" content=\"Escrito por\" \/>\n\t<meta name=\"twitter:data1\" content=\"diario2\" \/>\n\t<meta name=\"twitter:label2\" content=\"Tiempo de lectura\" \/>\n\t<meta name=\"twitter:data2\" content=\"2 minutos\" \/>\n<script type=\"application\/ld+json\" class=\"yoast-schema-graph\">{\"@context\":\"https:\\\/\\\/schema.org\",\"@graph\":[{\"@type\":\"Article\",\"@id\":\"https:\\\/\\\/diariotextual.com\\\/inicio\\\/index.php\\\/2019\\\/10\\\/14\\\/volco-micro-tucuman-una-las-victimas-fatales-seria-la-pampa\\\/#article\",\"isPartOf\":{\"@id\":\"https:\\\/\\\/diariotextual.com\\\/inicio\\\/index.php\\\/2019\\\/10\\\/14\\\/volco-micro-tucuman-una-las-victimas-fatales-seria-la-pampa\\\/\"},\"author\":{\"name\":\"diario2\",\"@id\":\"https:\\\/\\\/diariotextual.com\\\/inicio\\\/#\\\/schema\\\/person\\\/694f60677f23c4a530867a98f22b3768\"},\"headline\":\"Volc\u00f3 un micro en Tucum\u00e1n y falleci\u00f3 una nena de 3 a\u00f1os de La Pampa\",\"datePublished\":\"2019-10-14T13:41:12+00:00\",\"dateModified\":\"2019-10-15T14:00:54+00:00\",\"mainEntityOfPage\":{\"@id\":\"https:\\\/\\\/diariotextual.com\\\/inicio\\\/index.php\\\/2019\\\/10\\\/14\\\/volco-micro-tucuman-una-las-victimas-fatales-seria-la-pampa\\\/\"},\"wordCount\":385,\"publisher\":{\"@id\":\"https:\\\/\\\/diariotextual.com\\\/inicio\\\/#organization\"},\"image\":{\"@id\":\"https:\\\/\\\/diariotextual.com\\\/inicio\\\/index.php\\\/2019\\\/10\\\/14\\\/volco-micro-tucuman-una-las-victimas-fatales-seria-la-pampa\\\/#primaryimage\"},\"thumbnailUrl\":\"https:\\\/\\\/diariotextual.com\\\/inicio\\\/wp-content\\\/uploads\\\/2019\\\/10\\\/vuelcomicrotucuman34347689.jpg\",\"articleSection\":[\"A - TEMPORALES\",\"SOCIEDAD\"],\"inLanguage\":\"es\"},{\"@type\":\"WebPage\",\"@id\":\"https:\\\/\\\/diariotextual.com\\\/inicio\\\/index.php\\\/2019\\\/10\\\/14\\\/volco-micro-tucuman-una-las-victimas-fatales-seria-la-pampa\\\/\",\"url\":\"https:\\\/\\\/diariotextual.com\\\/inicio\\\/index.php\\\/2019\\\/10\\\/14\\\/volco-micro-tucuman-una-las-victimas-fatales-seria-la-pampa\\\/\",\"name\":\"Volc\u00f3 un micro en Tucum\u00e1n y falleci\u00f3 una nena de 3 a\u00f1os de La Pampa - Diario Textual\",\"isPartOf\":{\"@id\":\"https:\\\/\\\/diariotextual.com\\\/inicio\\\/#website\"},\"primaryImageOfPage\":{\"@id\":\"https:\\\/\\\/diariotextual.com\\\/inicio\\\/index.php\\\/2019\\\/10\\\/14\\\/volco-micro-tucuman-una-las-victimas-fatales-seria-la-pampa\\\/#primaryimage\"},\"image\":{\"@id\":\"https:\\\/\\\/diariotextual.com\\\/inicio\\\/index.php\\\/2019\\\/10\\\/14\\\/volco-micro-tucuman-una-las-victimas-fatales-seria-la-pampa\\\/#primaryimage\"},\"thumbnailUrl\":\"https:\\\/\\\/diariotextual.com\\\/inicio\\\/wp-content\\\/uploads\\\/2019\\\/10\\\/vuelcomicrotucuman34347689.jpg\",\"datePublished\":\"2019-10-14T13:41:12+00:00\",\"dateModified\":\"2019-10-15T14:00:54+00:00\",\"breadcrumb\":{\"@id\":\"https:\\\/\\\/diariotextual.com\\\/inicio\\\/index.php\\\/2019\\\/10\\\/14\\\/volco-micro-tucuman-una-las-victimas-fatales-seria-la-pampa\\\/#breadcrumb\"},\"inLanguage\":\"es\",\"potentialAction\":[{\"@type\":\"ReadAction\",\"target\":[\"https:\\\/\\\/diariotextual.com\\\/inicio\\\/index.php\\\/2019\\\/10\\\/14\\\/volco-micro-tucuman-una-las-victimas-fatales-seria-la-pampa\\\/\"]}]},{\"@type\":\"ImageObject\",\"inLanguage\":\"es\",\"@id\":\"https:\\\/\\\/diariotextual.com\\\/inicio\\\/index.php\\\/2019\\\/10\\\/14\\\/volco-micro-tucuman-una-las-victimas-fatales-seria-la-pampa\\\/#primaryimage\",\"url\":\"https:\\\/\\\/diariotextual.com\\\/inicio\\\/wp-content\\\/uploads\\\/2019\\\/10\\\/vuelcomicrotucuman34347689.jpg\",\"contentUrl\":\"https:\\\/\\\/diariotextual.com\\\/inicio\\\/wp-content\\\/uploads\\\/2019\\\/10\\\/vuelcomicrotucuman34347689.jpg\",\"width\":760,\"height\":469},{\"@type\":\"BreadcrumbList\",\"@id\":\"https:\\\/\\\/diariotextual.com\\\/inicio\\\/index.php\\\/2019\\\/10\\\/14\\\/volco-micro-tucuman-una-las-victimas-fatales-seria-la-pampa\\\/#breadcrumb\",\"itemListElement\":[{\"@type\":\"ListItem\",\"position\":1,\"name\":\"Portada\",\"item\":\"https:\\\/\\\/diariotextual.com\\\/inicio\\\/\"},{\"@type\":\"ListItem\",\"position\":2,\"name\":\"Volc\u00f3 un micro en Tucum\u00e1n y falleci\u00f3 una nena de 3 a\u00f1os de La Pampa\"}]},{\"@type\":\"WebSite\",\"@id\":\"https:\\\/\\\/diariotextual.com\\\/inicio\\\/#website\",\"url\":\"https:\\\/\\\/diariotextual.com\\\/inicio\\\/\",\"name\":\"Diario Textual\",\"description\":\"\",\"publisher\":{\"@id\":\"https:\\\/\\\/diariotextual.com\\\/inicio\\\/#organization\"},\"potentialAction\":[{\"@type\":\"SearchAction\",\"target\":{\"@type\":\"EntryPoint\",\"urlTemplate\":\"https:\\\/\\\/diariotextual.com\\\/inicio\\\/?s={search_term_string}\"},\"query-input\":{\"@type\":\"PropertyValueSpecification\",\"valueRequired\":true,\"valueName\":\"search_term_string\"}}],\"inLanguage\":\"es\"},{\"@type\":\"Organization\",\"@id\":\"https:\\\/\\\/diariotextual.com\\\/inicio\\\/#organization\",\"name\":\"Diario Textual\",\"url\":\"https:\\\/\\\/diariotextual.com\\\/inicio\\\/\",\"logo\":{\"@type\":\"ImageObject\",\"inLanguage\":\"es\",\"@id\":\"https:\\\/\\\/diariotextual.com\\\/inicio\\\/#\\\/schema\\\/logo\\\/image\\\/\",\"url\":\"https:\\\/\\\/diariotextual.com\\\/inicio\\\/wp-content\\\/uploads\\\/2023\\\/05\\\/logotextual1.jpg\",\"contentUrl\":\"https:\\\/\\\/diariotextual.com\\\/inicio\\\/wp-content\\\/uploads\\\/2023\\\/05\\\/logotextual1.jpg\",\"width\":516,\"height\":76,\"caption\":\"Diario Textual\"},\"image\":{\"@id\":\"https:\\\/\\\/diariotextual.com\\\/inicio\\\/#\\\/schema\\\/logo\\\/image\\\/\"},\"sameAs\":[\"https:\\\/\\\/www.facebook.com\\\/eltextual\",\"https:\\\/\\\/x.com\\\/eltextual\",\"http:\\\/\\\/www.instagram.com\\\/eltextual\"]},{\"@type\":\"Person\",\"@id\":\"https:\\\/\\\/diariotextual.com\\\/inicio\\\/#\\\/schema\\\/person\\\/694f60677f23c4a530867a98f22b3768\",\"name\":\"diario2\",\"image\":{\"@type\":\"ImageObject\",\"inLanguage\":\"es\",\"@id\":\"https:\\\/\\\/secure.gravatar.com\\\/avatar\\\/5a2567495ba16b852fcd8f1ed006a2e24fcace936018ed8237e95f488ad6e0a7?s=96&d=mm&r=g\",\"url\":\"https:\\\/\\\/secure.gravatar.com\\\/avatar\\\/5a2567495ba16b852fcd8f1ed006a2e24fcace936018ed8237e95f488ad6e0a7?s=96&d=mm&r=g\",\"contentUrl\":\"https:\\\/\\\/secure.gravatar.com\\\/avatar\\\/5a2567495ba16b852fcd8f1ed006a2e24fcace936018ed8237e95f488ad6e0a7?s=96&d=mm&r=g\",\"caption\":\"diario2\"},\"url\":\"https:\\\/\\\/diariotextual.com\\\/inicio\\\/index.php\\\/author\\\/diario2\\\/\"}]}<\/script>\n<!-- \/ Yoast SEO plugin. -->","yoast_head_json":{"title":"Volc\u00f3 un micro en Tucum\u00e1n y falleci\u00f3 una nena de 3 a\u00f1os de La Pampa - Diario Textual","robots":{"index":"index","follow":"follow","max-snippet":"max-snippet:-1","max-image-preview":"max-image-preview:large","max-video-preview":"max-video-preview:-1"},"canonical":"https:\/\/diariotextual.com\/inicio\/index.php\/2019\/10\/14\/volco-micro-tucuman-una-las-victimas-fatales-seria-la-pampa\/","og_locale":"es_ES","og_type":"article","og_title":"Volc\u00f3 un micro en Tucum\u00e1n y falleci\u00f3 una nena de 3 a\u00f1os de La Pampa - Diario Textual","og_description":"Una nena que viv\u00eda en Santa Rosa, de 3 a\u00f1os de edad, es una de las v\u00edctimas fatales en el choque y vuelco de un micro en Tucum\u00e1n. Tres personas&hellip;","og_url":"https:\/\/diariotextual.com\/inicio\/index.php\/2019\/10\/14\/volco-micro-tucuman-una-las-victimas-fatales-seria-la-pampa\/","og_site_name":"Diario Textual","article_publisher":"https:\/\/www.facebook.com\/eltextual","article_published_time":"2019-10-14T13:41:12+00:00","article_modified_time":"2019-10-15T14:00:54+00:00","og_image":[{"width":760,"height":469,"url":"https:\/\/diariotextual.com\/inicio\/wp-content\/uploads\/2019\/10\/vuelcomicrotucuman34347689.jpg","type":"image\/jpeg"}],"author":"diario2","twitter_card":"summary_large_image","twitter_creator":"@eltextual","twitter_site":"@eltextual","twitter_misc":{"Escrito por":"diario2","Tiempo de lectura":"2 minutos"},"schema":{"@context":"https:\/\/schema.org","@graph":[{"@type":"Article","@id":"https:\/\/diariotextual.com\/inicio\/index.php\/2019\/10\/14\/volco-micro-tucuman-una-las-victimas-fatales-seria-la-pampa\/#article","isPartOf":{"@id":"https:\/\/diariotextual.com\/inicio\/index.php\/2019\/10\/14\/volco-micro-tucuman-una-las-victimas-fatales-seria-la-pampa\/"},"author":{"name":"diario2","@id":"https:\/\/diariotextual.com\/inicio\/#\/schema\/person\/694f60677f23c4a530867a98f22b3768"},"headline":"Volc\u00f3 un micro en Tucum\u00e1n y falleci\u00f3 una nena de 3 a\u00f1os de La Pampa","datePublished":"2019-10-14T13:41:12+00:00","dateModified":"2019-10-15T14:00:54+00:00","mainEntityOfPage":{"@id":"https:\/\/diariotextual.com\/inicio\/index.php\/2019\/10\/14\/volco-micro-tucuman-una-las-victimas-fatales-seria-la-pampa\/"},"wordCount":385,"publisher":{"@id":"https:\/\/diariotextual.com\/inicio\/#organization"},"image":{"@id":"https:\/\/diariotextual.com\/inicio\/index.php\/2019\/10\/14\/volco-micro-tucuman-una-las-victimas-fatales-seria-la-pampa\/#primaryimage"},"thumbnailUrl":"https:\/\/diariotextual.com\/inicio\/wp-content\/uploads\/2019\/10\/vuelcomicrotucuman34347689.jpg","articleSection":["A - TEMPORALES","SOCIEDAD"],"inLanguage":"es"},{"@type":"WebPage","@id":"https:\/\/diariotextual.com\/inicio\/index.php\/2019\/10\/14\/volco-micro-tucuman-una-las-victimas-fatales-seria-la-pampa\/","url":"https:\/\/diariotextual.com\/inicio\/index.php\/2019\/10\/14\/volco-micro-tucuman-una-las-victimas-fatales-seria-la-pampa\/","name":"Volc\u00f3 un micro en Tucum\u00e1n y falleci\u00f3 una nena de 3 a\u00f1os de La Pampa - Diario Textual","isPartOf":{"@id":"https:\/\/diariotextual.com\/inicio\/#website"},"primaryImageOfPage":{"@id":"https:\/\/diariotextual.com\/inicio\/index.php\/2019\/10\/14\/volco-micro-tucuman-una-las-victimas-fatales-seria-la-pampa\/#primaryimage"},"image":{"@id":"https:\/\/diariotextual.com\/inicio\/index.php\/2019\/10\/14\/volco-micro-tucuman-una-las-victimas-fatales-seria-la-pampa\/#primaryimage"},"thumbnailUrl":"https:\/\/diariotextual.com\/inicio\/wp-content\/uploads\/2019\/10\/vuelcomicrotucuman34347689.jpg","datePublished":"2019-10-14T13:41:12+00:00","dateModified":"2019-10-15T14:00:54+00:00","breadcrumb":{"@id":"https:\/\/diariotextual.com\/inicio\/index.php\/2019\/10\/14\/volco-micro-tucuman-una-las-victimas-fatales-seria-la-pampa\/#breadcrumb"},"inLanguage":"es","potentialAction":[{"@type":"ReadAction","target":["https:\/\/diariotextual.com\/inicio\/index.php\/2019\/10\/14\/volco-micro-tucuman-una-las-victimas-fatales-seria-la-pampa\/"]}]},{"@type":"ImageObject","inLanguage":"es","@id":"https:\/\/diariotextual.com\/inicio\/index.php\/2019\/10\/14\/volco-micro-tucuman-una-las-victimas-fatales-seria-la-pampa\/#primaryimage","url":"https:\/\/diariotextual.com\/inicio\/wp-content\/uploads\/2019\/10\/vuelcomicrotucuman34347689.jpg","contentUrl":"https:\/\/diariotextual.com\/inicio\/wp-content\/uploads\/2019\/10\/vuelcomicrotucuman34347689.jpg","width":760,"height":469},{"@type":"BreadcrumbList","@id":"https:\/\/diariotextual.com\/inicio\/index.php\/2019\/10\/14\/volco-micro-tucuman-una-las-victimas-fatales-seria-la-pampa\/#breadcrumb","itemListElement":[{"@type":"ListItem","position":1,"name":"Portada","item":"https:\/\/diariotextual.com\/inicio\/"},{"@type":"ListItem","position":2,"name":"Volc\u00f3 un micro en Tucum\u00e1n y falleci\u00f3 una nena de 3 a\u00f1os de La Pampa"}]},{"@type":"WebSite","@id":"https:\/\/diariotextual.com\/inicio\/#website","url":"https:\/\/diariotextual.com\/inicio\/","name":"Diario Textual","description":"","publisher":{"@id":"https:\/\/diariotextual.com\/inicio\/#organization"},"potentialAction":[{"@type":"SearchAction","target":{"@type":"EntryPoint","urlTemplate":"https:\/\/diariotextual.com\/inicio\/?s={search_term_string}"},"query-input":{"@type":"PropertyValueSpecification","valueRequired":true,"valueName":"search_term_string"}}],"inLanguage":"es"},{"@type":"Organization","@id":"https:\/\/diariotextual.com\/inicio\/#organization","name":"Diario Textual","url":"https:\/\/diariotextual.com\/inicio\/","logo":{"@type":"ImageObject","inLanguage":"es","@id":"https:\/\/diariotextual.com\/inicio\/#\/schema\/logo\/image\/","url":"https:\/\/diariotextual.com\/inicio\/wp-content\/uploads\/2023\/05\/logotextual1.jpg","contentUrl":"https:\/\/diariotextual.com\/inicio\/wp-content\/uploads\/2023\/05\/logotextual1.jpg","width":516,"height":76,"caption":"Diario Textual"},"image":{"@id":"https:\/\/diariotextual.com\/inicio\/#\/schema\/logo\/image\/"},"sameAs":["https:\/\/www.facebook.com\/eltextual","https:\/\/x.com\/eltextual","http:\/\/www.instagram.com\/eltextual"]},{"@type":"Person","@id":"https:\/\/diariotextual.com\/inicio\/#\/schema\/person\/694f60677f23c4a530867a98f22b3768","name":"diario2","image":{"@type":"ImageObject","inLanguage":"es","@id":"https:\/\/secure.gravatar.com\/avatar\/5a2567495ba16b852fcd8f1ed006a2e24fcace936018ed8237e95f488ad6e0a7?s=96&d=mm&r=g","url":"https:\/\/secure.gravatar.com\/avatar\/5a2567495ba16b852fcd8f1ed006a2e24fcace936018ed8237e95f488ad6e0a7?s=96&d=mm&r=g","contentUrl":"https:\/\/secure.gravatar.com\/avatar\/5a2567495ba16b852fcd8f1ed006a2e24fcace936018ed8237e95f488ad6e0a7?s=96&d=mm&r=g","caption":"diario2"},"url":"https:\/\/diariotextual.com\/inicio\/index.php\/author\/diario2\/"}]}},"_links":{"self":[{"href":"https:\/\/diariotextual.com\/inicio\/index.php\/wp-json\/wp\/v2\/posts\/65869","targetHints":{"allow":["GET"]}}],"collection":[{"href":"https:\/\/diariotextual.com\/inicio\/index.php\/wp-json\/wp\/v2\/posts"}],"about":[{"href":"https:\/\/diariotextual.com\/inicio\/index.php\/wp-json\/wp\/v2\/types\/post"}],"author":[{"embeddable":true,"href":"https:\/\/diariotextual.com\/inicio\/index.php\/wp-json\/wp\/v2\/users\/4"}],"replies":[{"embeddable":true,"href":"https:\/\/diariotextual.com\/inicio\/index.php\/wp-json\/wp\/v2\/comments?post=65869"}],"version-history":[{"count":11,"href":"https:\/\/diariotextual.com\/inicio\/index.php\/wp-json\/wp\/v2\/posts\/65869\/revisions"}],"predecessor-version":[{"id":65899,"href":"https:\/\/diariotextual.com\/inicio\/index.php\/wp-json\/wp\/v2\/posts\/65869\/revisions\/65899"}],"wp:featuredmedia":[{"embeddable":true,"href":"https:\/\/diariotextual.com\/inicio\/index.php\/wp-json\/wp\/v2\/media\/65878"}],"wp:attachment":[{"href":"https:\/\/diariotextual.com\/inicio\/index.php\/wp-json\/wp\/v2\/media?parent=65869"}],"wp:term":[{"taxonomy":"category","embeddable":true,"href":"https:\/\/diariotextual.com\/inicio\/index.php\/wp-json\/wp\/v2\/categories?post=65869"},{"taxonomy":"post_tag","embeddable":true,"href":"https:\/\/diariotextual.com\/inicio\/index.php\/wp-json\/wp\/v2\/tags?post=65869"}],"curies":[{"name":"wp","href":"https:\/\/api.w.org\/{rel}","templated":true}]}}