{"id":65880,"date":"2019-10-14T10:54:27","date_gmt":"2019-10-14T13:54:27","guid":{"rendered":"http:\/\/diariotextual.com\/inicio\/?p=65880"},"modified":"2019-10-15T06:44:18","modified_gmt":"2019-10-15T09:44:18","slug":"miercoles-lo-revelara-indec-la-inflacion-septiembre-llegaria-al-58","status":"publish","type":"post","link":"https:\/\/diariotextual.com\/inicio\/index.php\/2019\/10\/14\/miercoles-lo-revelara-indec-la-inflacion-septiembre-llegaria-al-58\/","title":{"rendered":"El mi\u00e9rcoles lo revelar\u00e1 el Indec: la inflaci\u00f3n de septiembre llegar\u00eda al 5,8%"},"content":{"rendered":"<p>El Instituto Nacional de Estad\u00edstica y Censos (Indec) dar\u00e1 a conocer este mi\u00e9rcoles los datos de inflaci\u00f3n de septiembre. El Relevamiento de Expectativas de Mercado (REM), realizado por el Banco Central, revel\u00f3 que la tasa de inflaci\u00f3n para septiembre fue de 5,8%, m\u00e1s elevada que la de agosto.<\/p>\n<p>Estudios privados tambi\u00e9n ubican la inflaci\u00f3n del mes pasado en esas cifras, El profesor titular de Microeconom\u00eda de la Universidad Nacional de Entre R\u00edos (UNER), Marcelo di Ciano, dijo que fue del 5,8%, llevando a una inflaci\u00f3n anual del 55%.<\/p>\n<p>La consultora Ecolatina registr\u00f3 que los precios en el Gran Buenos Aires crecieron entre 5,5% en septiembre, por lo que en sus c\u00e1lculos la inflaci\u00f3n llegar\u00e1 a un 53,5% interanual.<\/p>\n<p>Mientras que un informe del Instituto Estad\u00edstico de los Trabajadores (IET), proyect\u00f3 que la inflaci\u00f3n fue de 5,5%, en lo que va del a\u00f1o acumula 37,7% y en los \u00faltimos 12 meses llega al 53,5%.<\/p>\n","protected":false},"excerpt":{"rendered":"<p>El Instituto Nacional de Estad\u00edstica y Censos (Indec) dar\u00e1 a conocer este mi\u00e9rcoles los datos de inflaci\u00f3n de septiembre. El Relevamiento de Expectativas de Mercado (REM), realizado por el Banco&hellip;<\/p>\n","protected":false},"author":7,"featured_media":33471,"comment_status":"closed","ping_status":"open","sticky":false,"template":"","format":"standard","meta":{"_acf_changed":false,"footnotes":""},"categories":[319,5],"tags":[],"class_list":["post-65880","post","type-post","status-publish","format-standard","has-post-thumbnail","hentry","category-a-temporales","category-economia"],"acf":[],"yoast_head":"<!-- This site is optimized with the Yoast SEO plugin v27.4 - https:\/\/yoast.com\/product\/yoast-seo-wordpress\/ -->\n<title>El mi\u00e9rcoles lo revelar\u00e1 el Indec: la inflaci\u00f3n de septiembre llegar\u00eda al 5,8% - Diario Textual<\/title>\n<meta name=\"robots\" content=\"index, follow, max-snippet:-1, max-image-preview:large, max-video-preview:-1\" \/>\n<link rel=\"canonical\" href=\"https:\/\/diariotextual.com\/inicio\/index.php\/2019\/10\/14\/miercoles-lo-revelara-indec-la-inflacion-septiembre-llegaria-al-58\/\" \/>\n<meta property=\"og:locale\" content=\"es_ES\" \/>\n<meta property=\"og:type\" content=\"article\" \/>\n<meta property=\"og:title\" content=\"El mi\u00e9rcoles lo revelar\u00e1 el Indec: la inflaci\u00f3n de septiembre llegar\u00eda al 5,8% - Diario Textual\" \/>\n<meta property=\"og:description\" content=\"El Instituto Nacional de Estad\u00edstica y Censos (Indec) dar\u00e1 a conocer este mi\u00e9rcoles los datos de inflaci\u00f3n de septiembre. El Relevamiento de Expectativas de Mercado (REM), realizado por el Banco&hellip;\" \/>\n<meta property=\"og:url\" content=\"https:\/\/diariotextual.com\/inicio\/index.php\/2019\/10\/14\/miercoles-lo-revelara-indec-la-inflacion-septiembre-llegaria-al-58\/\" \/>\n<meta property=\"og:site_name\" content=\"Diario Textual\" \/>\n<meta property=\"article:publisher\" content=\"https:\/\/www.facebook.com\/eltextual\" \/>\n<meta property=\"article:published_time\" content=\"2019-10-14T13:54:27+00:00\" \/>\n<meta property=\"article:modified_time\" content=\"2019-10-15T09:44:18+00:00\" \/>\n<meta property=\"og:image\" content=\"https:\/\/diariotextual.com\/inicio\/wp-content\/uploads\/2019\/01\/supermercadochango.jpg\" \/>\n\t<meta property=\"og:image:width\" content=\"700\" \/>\n\t<meta property=\"og:image:height\" content=\"393\" \/>\n\t<meta property=\"og:image:type\" content=\"image\/jpeg\" \/>\n<meta name=\"author\" content=\"diario5\" \/>\n<meta name=\"twitter:card\" content=\"summary_large_image\" \/>\n<meta name=\"twitter:creator\" content=\"@eltextual\" \/>\n<meta name=\"twitter:site\" content=\"@eltextual\" \/>\n<meta name=\"twitter:label1\" content=\"Escrito por\" \/>\n\t<meta name=\"twitter:data1\" content=\"diario5\" \/>\n\t<meta name=\"twitter:label2\" content=\"Tiempo de lectura\" \/>\n\t<meta name=\"twitter:data2\" content=\"1 minuto\" \/>\n<script type=\"application\/ld+json\" class=\"yoast-schema-graph\">{\"@context\":\"https:\\\/\\\/schema.org\",\"@graph\":[{\"@type\":\"Article\",\"@id\":\"https:\\\/\\\/diariotextual.com\\\/inicio\\\/index.php\\\/2019\\\/10\\\/14\\\/miercoles-lo-revelara-indec-la-inflacion-septiembre-llegaria-al-58\\\/#article\",\"isPartOf\":{\"@id\":\"https:\\\/\\\/diariotextual.com\\\/inicio\\\/index.php\\\/2019\\\/10\\\/14\\\/miercoles-lo-revelara-indec-la-inflacion-septiembre-llegaria-al-58\\\/\"},\"author\":{\"name\":\"diario5\",\"@id\":\"https:\\\/\\\/diariotextual.com\\\/inicio\\\/#\\\/schema\\\/person\\\/c7834961ad8b29b1d9cdbf4571299067\"},\"headline\":\"El mi\u00e9rcoles lo revelar\u00e1 el Indec: la inflaci\u00f3n de septiembre llegar\u00eda al 5,8%\",\"datePublished\":\"2019-10-14T13:54:27+00:00\",\"dateModified\":\"2019-10-15T09:44:18+00:00\",\"mainEntityOfPage\":{\"@id\":\"https:\\\/\\\/diariotextual.com\\\/inicio\\\/index.php\\\/2019\\\/10\\\/14\\\/miercoles-lo-revelara-indec-la-inflacion-septiembre-llegaria-al-58\\\/\"},\"wordCount\":174,\"publisher\":{\"@id\":\"https:\\\/\\\/diariotextual.com\\\/inicio\\\/#organization\"},\"image\":{\"@id\":\"https:\\\/\\\/diariotextual.com\\\/inicio\\\/index.php\\\/2019\\\/10\\\/14\\\/miercoles-lo-revelara-indec-la-inflacion-septiembre-llegaria-al-58\\\/#primaryimage\"},\"thumbnailUrl\":\"https:\\\/\\\/diariotextual.com\\\/inicio\\\/wp-content\\\/uploads\\\/2019\\\/01\\\/supermercadochango.jpg\",\"articleSection\":[\"A - TEMPORALES\",\"ECONOMIA\"],\"inLanguage\":\"es\"},{\"@type\":\"WebPage\",\"@id\":\"https:\\\/\\\/diariotextual.com\\\/inicio\\\/index.php\\\/2019\\\/10\\\/14\\\/miercoles-lo-revelara-indec-la-inflacion-septiembre-llegaria-al-58\\\/\",\"url\":\"https:\\\/\\\/diariotextual.com\\\/inicio\\\/index.php\\\/2019\\\/10\\\/14\\\/miercoles-lo-revelara-indec-la-inflacion-septiembre-llegaria-al-58\\\/\",\"name\":\"El mi\u00e9rcoles lo revelar\u00e1 el Indec: la inflaci\u00f3n de septiembre llegar\u00eda al 5,8% - Diario Textual\",\"isPartOf\":{\"@id\":\"https:\\\/\\\/diariotextual.com\\\/inicio\\\/#website\"},\"primaryImageOfPage\":{\"@id\":\"https:\\\/\\\/diariotextual.com\\\/inicio\\\/index.php\\\/2019\\\/10\\\/14\\\/miercoles-lo-revelara-indec-la-inflacion-septiembre-llegaria-al-58\\\/#primaryimage\"},\"image\":{\"@id\":\"https:\\\/\\\/diariotextual.com\\\/inicio\\\/index.php\\\/2019\\\/10\\\/14\\\/miercoles-lo-revelara-indec-la-inflacion-septiembre-llegaria-al-58\\\/#primaryimage\"},\"thumbnailUrl\":\"https:\\\/\\\/diariotextual.com\\\/inicio\\\/wp-content\\\/uploads\\\/2019\\\/01\\\/supermercadochango.jpg\",\"datePublished\":\"2019-10-14T13:54:27+00:00\",\"dateModified\":\"2019-10-15T09:44:18+00:00\",\"breadcrumb\":{\"@id\":\"https:\\\/\\\/diariotextual.com\\\/inicio\\\/index.php\\\/2019\\\/10\\\/14\\\/miercoles-lo-revelara-indec-la-inflacion-septiembre-llegaria-al-58\\\/#breadcrumb\"},\"inLanguage\":\"es\",\"potentialAction\":[{\"@type\":\"ReadAction\",\"target\":[\"https:\\\/\\\/diariotextual.com\\\/inicio\\\/index.php\\\/2019\\\/10\\\/14\\\/miercoles-lo-revelara-indec-la-inflacion-septiembre-llegaria-al-58\\\/\"]}]},{\"@type\":\"ImageObject\",\"inLanguage\":\"es\",\"@id\":\"https:\\\/\\\/diariotextual.com\\\/inicio\\\/index.php\\\/2019\\\/10\\\/14\\\/miercoles-lo-revelara-indec-la-inflacion-septiembre-llegaria-al-58\\\/#primaryimage\",\"url\":\"https:\\\/\\\/diariotextual.com\\\/inicio\\\/wp-content\\\/uploads\\\/2019\\\/01\\\/supermercadochango.jpg\",\"contentUrl\":\"https:\\\/\\\/diariotextual.com\\\/inicio\\\/wp-content\\\/uploads\\\/2019\\\/01\\\/supermercadochango.jpg\",\"width\":700,\"height\":393},{\"@type\":\"BreadcrumbList\",\"@id\":\"https:\\\/\\\/diariotextual.com\\\/inicio\\\/index.php\\\/2019\\\/10\\\/14\\\/miercoles-lo-revelara-indec-la-inflacion-septiembre-llegaria-al-58\\\/#breadcrumb\",\"itemListElement\":[{\"@type\":\"ListItem\",\"position\":1,\"name\":\"Portada\",\"item\":\"https:\\\/\\\/diariotextual.com\\\/inicio\\\/\"},{\"@type\":\"ListItem\",\"position\":2,\"name\":\"El mi\u00e9rcoles lo revelar\u00e1 el Indec: la inflaci\u00f3n de septiembre llegar\u00eda al 5,8%\"}]},{\"@type\":\"WebSite\",\"@id\":\"https:\\\/\\\/diariotextual.com\\\/inicio\\\/#website\",\"url\":\"https:\\\/\\\/diariotextual.com\\\/inicio\\\/\",\"name\":\"Diario Textual\",\"description\":\"\",\"publisher\":{\"@id\":\"https:\\\/\\\/diariotextual.com\\\/inicio\\\/#organization\"},\"potentialAction\":[{\"@type\":\"SearchAction\",\"target\":{\"@type\":\"EntryPoint\",\"urlTemplate\":\"https:\\\/\\\/diariotextual.com\\\/inicio\\\/?s={search_term_string}\"},\"query-input\":{\"@type\":\"PropertyValueSpecification\",\"valueRequired\":true,\"valueName\":\"search_term_string\"}}],\"inLanguage\":\"es\"},{\"@type\":\"Organization\",\"@id\":\"https:\\\/\\\/diariotextual.com\\\/inicio\\\/#organization\",\"name\":\"Diario Textual\",\"url\":\"https:\\\/\\\/diariotextual.com\\\/inicio\\\/\",\"logo\":{\"@type\":\"ImageObject\",\"inLanguage\":\"es\",\"@id\":\"https:\\\/\\\/diariotextual.com\\\/inicio\\\/#\\\/schema\\\/logo\\\/image\\\/\",\"url\":\"https:\\\/\\\/diariotextual.com\\\/inicio\\\/wp-content\\\/uploads\\\/2023\\\/05\\\/logotextual1.jpg\",\"contentUrl\":\"https:\\\/\\\/diariotextual.com\\\/inicio\\\/wp-content\\\/uploads\\\/2023\\\/05\\\/logotextual1.jpg\",\"width\":516,\"height\":76,\"caption\":\"Diario Textual\"},\"image\":{\"@id\":\"https:\\\/\\\/diariotextual.com\\\/inicio\\\/#\\\/schema\\\/logo\\\/image\\\/\"},\"sameAs\":[\"https:\\\/\\\/www.facebook.com\\\/eltextual\",\"https:\\\/\\\/x.com\\\/eltextual\",\"http:\\\/\\\/www.instagram.com\\\/eltextual\"]},{\"@type\":\"Person\",\"@id\":\"https:\\\/\\\/diariotextual.com\\\/inicio\\\/#\\\/schema\\\/person\\\/c7834961ad8b29b1d9cdbf4571299067\",\"name\":\"diario5\",\"image\":{\"@type\":\"ImageObject\",\"inLanguage\":\"es\",\"@id\":\"https:\\\/\\\/secure.gravatar.com\\\/avatar\\\/948c893b847ca6df68216ead81b63f363408ec9b0f600fefc0641ce78613b111?s=96&d=mm&r=g\",\"url\":\"https:\\\/\\\/secure.gravatar.com\\\/avatar\\\/948c893b847ca6df68216ead81b63f363408ec9b0f600fefc0641ce78613b111?s=96&d=mm&r=g\",\"contentUrl\":\"https:\\\/\\\/secure.gravatar.com\\\/avatar\\\/948c893b847ca6df68216ead81b63f363408ec9b0f600fefc0641ce78613b111?s=96&d=mm&r=g\",\"caption\":\"diario5\"},\"url\":\"https:\\\/\\\/diariotextual.com\\\/inicio\\\/index.php\\\/author\\\/diario5\\\/\"}]}<\/script>\n<!-- \/ Yoast SEO plugin. -->","yoast_head_json":{"title":"El mi\u00e9rcoles lo revelar\u00e1 el Indec: la inflaci\u00f3n de septiembre llegar\u00eda al 5,8% - Diario Textual","robots":{"index":"index","follow":"follow","max-snippet":"max-snippet:-1","max-image-preview":"max-image-preview:large","max-video-preview":"max-video-preview:-1"},"canonical":"https:\/\/diariotextual.com\/inicio\/index.php\/2019\/10\/14\/miercoles-lo-revelara-indec-la-inflacion-septiembre-llegaria-al-58\/","og_locale":"es_ES","og_type":"article","og_title":"El mi\u00e9rcoles lo revelar\u00e1 el Indec: la inflaci\u00f3n de septiembre llegar\u00eda al 5,8% - Diario Textual","og_description":"El Instituto Nacional de Estad\u00edstica y Censos (Indec) dar\u00e1 a conocer este mi\u00e9rcoles los datos de inflaci\u00f3n de septiembre. El Relevamiento de Expectativas de Mercado (REM), realizado por el Banco&hellip;","og_url":"https:\/\/diariotextual.com\/inicio\/index.php\/2019\/10\/14\/miercoles-lo-revelara-indec-la-inflacion-septiembre-llegaria-al-58\/","og_site_name":"Diario Textual","article_publisher":"https:\/\/www.facebook.com\/eltextual","article_published_time":"2019-10-14T13:54:27+00:00","article_modified_time":"2019-10-15T09:44:18+00:00","og_image":[{"width":700,"height":393,"url":"https:\/\/diariotextual.com\/inicio\/wp-content\/uploads\/2019\/01\/supermercadochango.jpg","type":"image\/jpeg"}],"author":"diario5","twitter_card":"summary_large_image","twitter_creator":"@eltextual","twitter_site":"@eltextual","twitter_misc":{"Escrito por":"diario5","Tiempo de lectura":"1 minuto"},"schema":{"@context":"https:\/\/schema.org","@graph":[{"@type":"Article","@id":"https:\/\/diariotextual.com\/inicio\/index.php\/2019\/10\/14\/miercoles-lo-revelara-indec-la-inflacion-septiembre-llegaria-al-58\/#article","isPartOf":{"@id":"https:\/\/diariotextual.com\/inicio\/index.php\/2019\/10\/14\/miercoles-lo-revelara-indec-la-inflacion-septiembre-llegaria-al-58\/"},"author":{"name":"diario5","@id":"https:\/\/diariotextual.com\/inicio\/#\/schema\/person\/c7834961ad8b29b1d9cdbf4571299067"},"headline":"El mi\u00e9rcoles lo revelar\u00e1 el Indec: la inflaci\u00f3n de septiembre llegar\u00eda al 5,8%","datePublished":"2019-10-14T13:54:27+00:00","dateModified":"2019-10-15T09:44:18+00:00","mainEntityOfPage":{"@id":"https:\/\/diariotextual.com\/inicio\/index.php\/2019\/10\/14\/miercoles-lo-revelara-indec-la-inflacion-septiembre-llegaria-al-58\/"},"wordCount":174,"publisher":{"@id":"https:\/\/diariotextual.com\/inicio\/#organization"},"image":{"@id":"https:\/\/diariotextual.com\/inicio\/index.php\/2019\/10\/14\/miercoles-lo-revelara-indec-la-inflacion-septiembre-llegaria-al-58\/#primaryimage"},"thumbnailUrl":"https:\/\/diariotextual.com\/inicio\/wp-content\/uploads\/2019\/01\/supermercadochango.jpg","articleSection":["A - TEMPORALES","ECONOMIA"],"inLanguage":"es"},{"@type":"WebPage","@id":"https:\/\/diariotextual.com\/inicio\/index.php\/2019\/10\/14\/miercoles-lo-revelara-indec-la-inflacion-septiembre-llegaria-al-58\/","url":"https:\/\/diariotextual.com\/inicio\/index.php\/2019\/10\/14\/miercoles-lo-revelara-indec-la-inflacion-septiembre-llegaria-al-58\/","name":"El mi\u00e9rcoles lo revelar\u00e1 el Indec: la inflaci\u00f3n de septiembre llegar\u00eda al 5,8% - Diario Textual","isPartOf":{"@id":"https:\/\/diariotextual.com\/inicio\/#website"},"primaryImageOfPage":{"@id":"https:\/\/diariotextual.com\/inicio\/index.php\/2019\/10\/14\/miercoles-lo-revelara-indec-la-inflacion-septiembre-llegaria-al-58\/#primaryimage"},"image":{"@id":"https:\/\/diariotextual.com\/inicio\/index.php\/2019\/10\/14\/miercoles-lo-revelara-indec-la-inflacion-septiembre-llegaria-al-58\/#primaryimage"},"thumbnailUrl":"https:\/\/diariotextual.com\/inicio\/wp-content\/uploads\/2019\/01\/supermercadochango.jpg","datePublished":"2019-10-14T13:54:27+00:00","dateModified":"2019-10-15T09:44:18+00:00","breadcrumb":{"@id":"https:\/\/diariotextual.com\/inicio\/index.php\/2019\/10\/14\/miercoles-lo-revelara-indec-la-inflacion-septiembre-llegaria-al-58\/#breadcrumb"},"inLanguage":"es","potentialAction":[{"@type":"ReadAction","target":["https:\/\/diariotextual.com\/inicio\/index.php\/2019\/10\/14\/miercoles-lo-revelara-indec-la-inflacion-septiembre-llegaria-al-58\/"]}]},{"@type":"ImageObject","inLanguage":"es","@id":"https:\/\/diariotextual.com\/inicio\/index.php\/2019\/10\/14\/miercoles-lo-revelara-indec-la-inflacion-septiembre-llegaria-al-58\/#primaryimage","url":"https:\/\/diariotextual.com\/inicio\/wp-content\/uploads\/2019\/01\/supermercadochango.jpg","contentUrl":"https:\/\/diariotextual.com\/inicio\/wp-content\/uploads\/2019\/01\/supermercadochango.jpg","width":700,"height":393},{"@type":"BreadcrumbList","@id":"https:\/\/diariotextual.com\/inicio\/index.php\/2019\/10\/14\/miercoles-lo-revelara-indec-la-inflacion-septiembre-llegaria-al-58\/#breadcrumb","itemListElement":[{"@type":"ListItem","position":1,"name":"Portada","item":"https:\/\/diariotextual.com\/inicio\/"},{"@type":"ListItem","position":2,"name":"El mi\u00e9rcoles lo revelar\u00e1 el Indec: la inflaci\u00f3n de septiembre llegar\u00eda al 5,8%"}]},{"@type":"WebSite","@id":"https:\/\/diariotextual.com\/inicio\/#website","url":"https:\/\/diariotextual.com\/inicio\/","name":"Diario Textual","description":"","publisher":{"@id":"https:\/\/diariotextual.com\/inicio\/#organization"},"potentialAction":[{"@type":"SearchAction","target":{"@type":"EntryPoint","urlTemplate":"https:\/\/diariotextual.com\/inicio\/?s={search_term_string}"},"query-input":{"@type":"PropertyValueSpecification","valueRequired":true,"valueName":"search_term_string"}}],"inLanguage":"es"},{"@type":"Organization","@id":"https:\/\/diariotextual.com\/inicio\/#organization","name":"Diario Textual","url":"https:\/\/diariotextual.com\/inicio\/","logo":{"@type":"ImageObject","inLanguage":"es","@id":"https:\/\/diariotextual.com\/inicio\/#\/schema\/logo\/image\/","url":"https:\/\/diariotextual.com\/inicio\/wp-content\/uploads\/2023\/05\/logotextual1.jpg","contentUrl":"https:\/\/diariotextual.com\/inicio\/wp-content\/uploads\/2023\/05\/logotextual1.jpg","width":516,"height":76,"caption":"Diario Textual"},"image":{"@id":"https:\/\/diariotextual.com\/inicio\/#\/schema\/logo\/image\/"},"sameAs":["https:\/\/www.facebook.com\/eltextual","https:\/\/x.com\/eltextual","http:\/\/www.instagram.com\/eltextual"]},{"@type":"Person","@id":"https:\/\/diariotextual.com\/inicio\/#\/schema\/person\/c7834961ad8b29b1d9cdbf4571299067","name":"diario5","image":{"@type":"ImageObject","inLanguage":"es","@id":"https:\/\/secure.gravatar.com\/avatar\/948c893b847ca6df68216ead81b63f363408ec9b0f600fefc0641ce78613b111?s=96&d=mm&r=g","url":"https:\/\/secure.gravatar.com\/avatar\/948c893b847ca6df68216ead81b63f363408ec9b0f600fefc0641ce78613b111?s=96&d=mm&r=g","contentUrl":"https:\/\/secure.gravatar.com\/avatar\/948c893b847ca6df68216ead81b63f363408ec9b0f600fefc0641ce78613b111?s=96&d=mm&r=g","caption":"diario5"},"url":"https:\/\/diariotextual.com\/inicio\/index.php\/author\/diario5\/"}]}},"_links":{"self":[{"href":"https:\/\/diariotextual.com\/inicio\/index.php\/wp-json\/wp\/v2\/posts\/65880","targetHints":{"allow":["GET"]}}],"collection":[{"href":"https:\/\/diariotextual.com\/inicio\/index.php\/wp-json\/wp\/v2\/posts"}],"about":[{"href":"https:\/\/diariotextual.com\/inicio\/index.php\/wp-json\/wp\/v2\/types\/post"}],"author":[{"embeddable":true,"href":"https:\/\/diariotextual.com\/inicio\/index.php\/wp-json\/wp\/v2\/users\/7"}],"replies":[{"embeddable":true,"href":"https:\/\/diariotextual.com\/inicio\/index.php\/wp-json\/wp\/v2\/comments?post=65880"}],"version-history":[{"count":1,"href":"https:\/\/diariotextual.com\/inicio\/index.php\/wp-json\/wp\/v2\/posts\/65880\/revisions"}],"predecessor-version":[{"id":65882,"href":"https:\/\/diariotextual.com\/inicio\/index.php\/wp-json\/wp\/v2\/posts\/65880\/revisions\/65882"}],"wp:featuredmedia":[{"embeddable":true,"href":"https:\/\/diariotextual.com\/inicio\/index.php\/wp-json\/wp\/v2\/media\/33471"}],"wp:attachment":[{"href":"https:\/\/diariotextual.com\/inicio\/index.php\/wp-json\/wp\/v2\/media?parent=65880"}],"wp:term":[{"taxonomy":"category","embeddable":true,"href":"https:\/\/diariotextual.com\/inicio\/index.php\/wp-json\/wp\/v2\/categories?post=65880"},{"taxonomy":"post_tag","embeddable":true,"href":"https:\/\/diariotextual.com\/inicio\/index.php\/wp-json\/wp\/v2\/tags?post=65880"}],"curies":[{"name":"wp","href":"https:\/\/api.w.org\/{rel}","templated":true}]}}