{"id":65883,"date":"2019-10-14T11:09:28","date_gmt":"2019-10-14T14:09:28","guid":{"rendered":"http:\/\/diariotextual.com\/inicio\/?p=65883"},"modified":"2019-10-15T09:17:52","modified_gmt":"2019-10-15T12:17:52","slug":"mendoza-inscribio-6-445-personas-trabajar-portezuelo-del-viento","status":"publish","type":"post","link":"https:\/\/diariotextual.com\/inicio\/index.php\/2019\/10\/14\/mendoza-inscribio-6-445-personas-trabajar-portezuelo-del-viento\/","title":{"rendered":"Mendoza inscribi\u00f3 a 6.445 personas para trabajar en Portezuelo del Viento"},"content":{"rendered":"<p>El gobierno mendocino revel\u00f3 que <strong>6.445 personas se anotaron para trabajar en la represa Portezuelo del Viento.<\/strong> Lo hicieron tanto en los registros manuales como en forma virtual. La provincia cuyana avanza desoyendo y desafiando <a href=\"http:\/\/diariotextual.com\/inicio\/index.php\/2019\/09\/12\/tres-provincias-cambian-posicion-portezuelo-piden-audiencia-publica-e-informe-ambiental\/\" target=\"_blank\" rel=\"noopener\"><strong>los pedidos de Coirco.<\/strong><\/a><\/p>\n<blockquote class=\"wp-embedded-content\" data-secret=\"xMt0rVFz9O\"><p><a href=\"http:\/\/diariotextual.com\/inicio\/index.php\/2019\/10\/13\/mendoza-convoco-interesados-construir-portezuelo-del-viento-visitar-la-zona\/\">Mendoza convoc\u00f3 a interesados en construir Portezuelo del Viento a visitar la zona<\/a><\/p><\/blockquote>\n<p><iframe class=\"wp-embedded-content\" sandbox=\"allow-scripts\" security=\"restricted\" style=\"position: absolute; clip: rect(1px, 1px, 1px, 1px);\" src=\"http:\/\/diariotextual.com\/inicio\/index.php\/2019\/10\/13\/mendoza-convoco-interesados-construir-portezuelo-del-viento-visitar-la-zona\/embed\/#?secret=xMt0rVFz9O\" data-secret=\"xMt0rVFz9O\" width=\"600\" height=\"338\" title=\"&#171;Mendoza convoc\u00f3 a interesados en construir Portezuelo del Viento a visitar la zona&#187; &#8212; Diario Textual\" frameborder=\"0\" marginwidth=\"0\" marginheight=\"0\" scrolling=\"no\"><\/iframe><\/p>\n<p>Adem\u00e1s del <strong>registro de personas\u00a0con oficios y profesionales interesados en trabajar en la obra<\/strong>, tambi\u00e9n cre\u00f3 un\u00a0<strong>registro de pymes\u00a0mendocinas<\/strong> para darles prioridad en la construcci\u00f3n. Y anunci\u00f3 cursos de <strong>capacitaci\u00f3n de mano de obra con la Universidad Nacional de Cuyo.<\/strong>\u00a0Adem\u00e1s, convoc\u00f3 para el mi\u00e9rcoles a las empresas interesadas a recorrer la zona donde se emplazar\u00e1 la presa.<\/p>\n<p><strong>Todo esto lo hizo desafiando y desoyendo al\u00a0Comit\u00e9 Interprovincial del r\u00edo Colorado, que pidi\u00f3 un nuevo estudio de impacto ambiental\u00a0y\u00a0una audiencia p\u00fablica nacional antes de avanzar.<\/strong><\/p>\n<p>Las provincias que integran el comit\u00e9 de cuenca avalaron el planteo que desde hace tiempo viene realizando La Pampa, que sostiene que la megaobra que se construir\u00eda sobre el r\u00edo Grande, tributario del Colorado, podr\u00eda afectar la cantidad y calidad de agua.<\/p>\n<p>El gobierno pampeano solicit\u00f3 adem\u00e1s un plan de llenado y otro de manejo en conjunto por las provincias integrantes del Coirco. Es decir, que Portezuelo no sea manejado por Mendoza.<\/p>\n<p>&nbsp;<\/p>\n","protected":false},"excerpt":{"rendered":"<p>El gobierno mendocino revel\u00f3 que 6.445 personas se anotaron para trabajar en la represa Portezuelo del Viento. Lo hicieron tanto en los registros manuales como en forma virtual. La provincia&hellip;<\/p>\n","protected":false},"author":7,"featured_media":58218,"comment_status":"closed","ping_status":"open","sticky":false,"template":"","format":"standard","meta":{"_acf_changed":false,"footnotes":""},"categories":[319,12],"tags":[],"class_list":["post-65883","post","type-post","status-publish","format-standard","has-post-thumbnail","hentry","category-a-temporales","category-sociedad"],"acf":[],"yoast_head":"<!-- This site is optimized with the Yoast SEO plugin v27.4 - https:\/\/yoast.com\/product\/yoast-seo-wordpress\/ -->\n<title>Mendoza inscribi\u00f3 a 6.445 personas para trabajar en Portezuelo del Viento - Diario Textual<\/title>\n<meta name=\"robots\" content=\"index, follow, max-snippet:-1, max-image-preview:large, max-video-preview:-1\" \/>\n<link rel=\"canonical\" href=\"https:\/\/diariotextual.com\/inicio\/index.php\/2019\/10\/14\/mendoza-inscribio-6-445-personas-trabajar-portezuelo-del-viento\/\" \/>\n<meta property=\"og:locale\" content=\"es_ES\" \/>\n<meta property=\"og:type\" content=\"article\" \/>\n<meta property=\"og:title\" content=\"Mendoza inscribi\u00f3 a 6.445 personas para trabajar en Portezuelo del Viento - Diario Textual\" \/>\n<meta property=\"og:description\" content=\"El gobierno mendocino revel\u00f3 que 6.445 personas se anotaron para trabajar en la represa Portezuelo del Viento. Lo hicieron tanto en los registros manuales como en forma virtual. La provincia&hellip;\" \/>\n<meta property=\"og:url\" content=\"https:\/\/diariotextual.com\/inicio\/index.php\/2019\/10\/14\/mendoza-inscribio-6-445-personas-trabajar-portezuelo-del-viento\/\" \/>\n<meta property=\"og:site_name\" content=\"Diario Textual\" \/>\n<meta property=\"article:publisher\" content=\"https:\/\/www.facebook.com\/eltextual\" \/>\n<meta property=\"article:published_time\" content=\"2019-10-14T14:09:28+00:00\" \/>\n<meta property=\"article:modified_time\" content=\"2019-10-15T12:17:52+00:00\" \/>\n<meta property=\"og:image\" content=\"https:\/\/diariotextual.com\/inicio\/wp-content\/uploads\/2019\/08\/portezuelodelvientodibujo112.jpg\" \/>\n\t<meta property=\"og:image:width\" content=\"920\" \/>\n\t<meta property=\"og:image:height\" content=\"520\" \/>\n\t<meta property=\"og:image:type\" content=\"image\/jpeg\" \/>\n<meta name=\"author\" content=\"diario5\" \/>\n<meta name=\"twitter:card\" content=\"summary_large_image\" \/>\n<meta name=\"twitter:creator\" content=\"@eltextual\" \/>\n<meta name=\"twitter:site\" content=\"@eltextual\" \/>\n<meta name=\"twitter:label1\" content=\"Escrito por\" \/>\n\t<meta name=\"twitter:data1\" content=\"diario5\" \/>\n\t<meta name=\"twitter:label2\" content=\"Tiempo de lectura\" \/>\n\t<meta name=\"twitter:data2\" content=\"1 minuto\" \/>\n<script type=\"application\/ld+json\" class=\"yoast-schema-graph\">{\"@context\":\"https:\\\/\\\/schema.org\",\"@graph\":[{\"@type\":\"Article\",\"@id\":\"https:\\\/\\\/diariotextual.com\\\/inicio\\\/index.php\\\/2019\\\/10\\\/14\\\/mendoza-inscribio-6-445-personas-trabajar-portezuelo-del-viento\\\/#article\",\"isPartOf\":{\"@id\":\"https:\\\/\\\/diariotextual.com\\\/inicio\\\/index.php\\\/2019\\\/10\\\/14\\\/mendoza-inscribio-6-445-personas-trabajar-portezuelo-del-viento\\\/\"},\"author\":{\"name\":\"diario5\",\"@id\":\"https:\\\/\\\/diariotextual.com\\\/inicio\\\/#\\\/schema\\\/person\\\/c7834961ad8b29b1d9cdbf4571299067\"},\"headline\":\"Mendoza inscribi\u00f3 a 6.445 personas para trabajar en Portezuelo del Viento\",\"datePublished\":\"2019-10-14T14:09:28+00:00\",\"dateModified\":\"2019-10-15T12:17:52+00:00\",\"mainEntityOfPage\":{\"@id\":\"https:\\\/\\\/diariotextual.com\\\/inicio\\\/index.php\\\/2019\\\/10\\\/14\\\/mendoza-inscribio-6-445-personas-trabajar-portezuelo-del-viento\\\/\"},\"wordCount\":230,\"publisher\":{\"@id\":\"https:\\\/\\\/diariotextual.com\\\/inicio\\\/#organization\"},\"image\":{\"@id\":\"https:\\\/\\\/diariotextual.com\\\/inicio\\\/index.php\\\/2019\\\/10\\\/14\\\/mendoza-inscribio-6-445-personas-trabajar-portezuelo-del-viento\\\/#primaryimage\"},\"thumbnailUrl\":\"https:\\\/\\\/diariotextual.com\\\/inicio\\\/wp-content\\\/uploads\\\/2019\\\/08\\\/portezuelodelvientodibujo112.jpg\",\"articleSection\":[\"A - TEMPORALES\",\"SOCIEDAD\"],\"inLanguage\":\"es\"},{\"@type\":\"WebPage\",\"@id\":\"https:\\\/\\\/diariotextual.com\\\/inicio\\\/index.php\\\/2019\\\/10\\\/14\\\/mendoza-inscribio-6-445-personas-trabajar-portezuelo-del-viento\\\/\",\"url\":\"https:\\\/\\\/diariotextual.com\\\/inicio\\\/index.php\\\/2019\\\/10\\\/14\\\/mendoza-inscribio-6-445-personas-trabajar-portezuelo-del-viento\\\/\",\"name\":\"Mendoza inscribi\u00f3 a 6.445 personas para trabajar en Portezuelo del Viento - Diario Textual\",\"isPartOf\":{\"@id\":\"https:\\\/\\\/diariotextual.com\\\/inicio\\\/#website\"},\"primaryImageOfPage\":{\"@id\":\"https:\\\/\\\/diariotextual.com\\\/inicio\\\/index.php\\\/2019\\\/10\\\/14\\\/mendoza-inscribio-6-445-personas-trabajar-portezuelo-del-viento\\\/#primaryimage\"},\"image\":{\"@id\":\"https:\\\/\\\/diariotextual.com\\\/inicio\\\/index.php\\\/2019\\\/10\\\/14\\\/mendoza-inscribio-6-445-personas-trabajar-portezuelo-del-viento\\\/#primaryimage\"},\"thumbnailUrl\":\"https:\\\/\\\/diariotextual.com\\\/inicio\\\/wp-content\\\/uploads\\\/2019\\\/08\\\/portezuelodelvientodibujo112.jpg\",\"datePublished\":\"2019-10-14T14:09:28+00:00\",\"dateModified\":\"2019-10-15T12:17:52+00:00\",\"breadcrumb\":{\"@id\":\"https:\\\/\\\/diariotextual.com\\\/inicio\\\/index.php\\\/2019\\\/10\\\/14\\\/mendoza-inscribio-6-445-personas-trabajar-portezuelo-del-viento\\\/#breadcrumb\"},\"inLanguage\":\"es\",\"potentialAction\":[{\"@type\":\"ReadAction\",\"target\":[\"https:\\\/\\\/diariotextual.com\\\/inicio\\\/index.php\\\/2019\\\/10\\\/14\\\/mendoza-inscribio-6-445-personas-trabajar-portezuelo-del-viento\\\/\"]}]},{\"@type\":\"ImageObject\",\"inLanguage\":\"es\",\"@id\":\"https:\\\/\\\/diariotextual.com\\\/inicio\\\/index.php\\\/2019\\\/10\\\/14\\\/mendoza-inscribio-6-445-personas-trabajar-portezuelo-del-viento\\\/#primaryimage\",\"url\":\"https:\\\/\\\/diariotextual.com\\\/inicio\\\/wp-content\\\/uploads\\\/2019\\\/08\\\/portezuelodelvientodibujo112.jpg\",\"contentUrl\":\"https:\\\/\\\/diariotextual.com\\\/inicio\\\/wp-content\\\/uploads\\\/2019\\\/08\\\/portezuelodelvientodibujo112.jpg\",\"width\":920,\"height\":520},{\"@type\":\"BreadcrumbList\",\"@id\":\"https:\\\/\\\/diariotextual.com\\\/inicio\\\/index.php\\\/2019\\\/10\\\/14\\\/mendoza-inscribio-6-445-personas-trabajar-portezuelo-del-viento\\\/#breadcrumb\",\"itemListElement\":[{\"@type\":\"ListItem\",\"position\":1,\"name\":\"Portada\",\"item\":\"https:\\\/\\\/diariotextual.com\\\/inicio\\\/\"},{\"@type\":\"ListItem\",\"position\":2,\"name\":\"Mendoza inscribi\u00f3 a 6.445 personas para trabajar en Portezuelo del Viento\"}]},{\"@type\":\"WebSite\",\"@id\":\"https:\\\/\\\/diariotextual.com\\\/inicio\\\/#website\",\"url\":\"https:\\\/\\\/diariotextual.com\\\/inicio\\\/\",\"name\":\"Diario Textual\",\"description\":\"\",\"publisher\":{\"@id\":\"https:\\\/\\\/diariotextual.com\\\/inicio\\\/#organization\"},\"potentialAction\":[{\"@type\":\"SearchAction\",\"target\":{\"@type\":\"EntryPoint\",\"urlTemplate\":\"https:\\\/\\\/diariotextual.com\\\/inicio\\\/?s={search_term_string}\"},\"query-input\":{\"@type\":\"PropertyValueSpecification\",\"valueRequired\":true,\"valueName\":\"search_term_string\"}}],\"inLanguage\":\"es\"},{\"@type\":\"Organization\",\"@id\":\"https:\\\/\\\/diariotextual.com\\\/inicio\\\/#organization\",\"name\":\"Diario Textual\",\"url\":\"https:\\\/\\\/diariotextual.com\\\/inicio\\\/\",\"logo\":{\"@type\":\"ImageObject\",\"inLanguage\":\"es\",\"@id\":\"https:\\\/\\\/diariotextual.com\\\/inicio\\\/#\\\/schema\\\/logo\\\/image\\\/\",\"url\":\"https:\\\/\\\/diariotextual.com\\\/inicio\\\/wp-content\\\/uploads\\\/2023\\\/05\\\/logotextual1.jpg\",\"contentUrl\":\"https:\\\/\\\/diariotextual.com\\\/inicio\\\/wp-content\\\/uploads\\\/2023\\\/05\\\/logotextual1.jpg\",\"width\":516,\"height\":76,\"caption\":\"Diario Textual\"},\"image\":{\"@id\":\"https:\\\/\\\/diariotextual.com\\\/inicio\\\/#\\\/schema\\\/logo\\\/image\\\/\"},\"sameAs\":[\"https:\\\/\\\/www.facebook.com\\\/eltextual\",\"https:\\\/\\\/x.com\\\/eltextual\",\"http:\\\/\\\/www.instagram.com\\\/eltextual\"]},{\"@type\":\"Person\",\"@id\":\"https:\\\/\\\/diariotextual.com\\\/inicio\\\/#\\\/schema\\\/person\\\/c7834961ad8b29b1d9cdbf4571299067\",\"name\":\"diario5\",\"image\":{\"@type\":\"ImageObject\",\"inLanguage\":\"es\",\"@id\":\"https:\\\/\\\/secure.gravatar.com\\\/avatar\\\/948c893b847ca6df68216ead81b63f363408ec9b0f600fefc0641ce78613b111?s=96&d=mm&r=g\",\"url\":\"https:\\\/\\\/secure.gravatar.com\\\/avatar\\\/948c893b847ca6df68216ead81b63f363408ec9b0f600fefc0641ce78613b111?s=96&d=mm&r=g\",\"contentUrl\":\"https:\\\/\\\/secure.gravatar.com\\\/avatar\\\/948c893b847ca6df68216ead81b63f363408ec9b0f600fefc0641ce78613b111?s=96&d=mm&r=g\",\"caption\":\"diario5\"},\"url\":\"https:\\\/\\\/diariotextual.com\\\/inicio\\\/index.php\\\/author\\\/diario5\\\/\"}]}<\/script>\n<!-- \/ Yoast SEO plugin. -->","yoast_head_json":{"title":"Mendoza inscribi\u00f3 a 6.445 personas para trabajar en Portezuelo del Viento - Diario Textual","robots":{"index":"index","follow":"follow","max-snippet":"max-snippet:-1","max-image-preview":"max-image-preview:large","max-video-preview":"max-video-preview:-1"},"canonical":"https:\/\/diariotextual.com\/inicio\/index.php\/2019\/10\/14\/mendoza-inscribio-6-445-personas-trabajar-portezuelo-del-viento\/","og_locale":"es_ES","og_type":"article","og_title":"Mendoza inscribi\u00f3 a 6.445 personas para trabajar en Portezuelo del Viento - Diario Textual","og_description":"El gobierno mendocino revel\u00f3 que 6.445 personas se anotaron para trabajar en la represa Portezuelo del Viento. Lo hicieron tanto en los registros manuales como en forma virtual. La provincia&hellip;","og_url":"https:\/\/diariotextual.com\/inicio\/index.php\/2019\/10\/14\/mendoza-inscribio-6-445-personas-trabajar-portezuelo-del-viento\/","og_site_name":"Diario Textual","article_publisher":"https:\/\/www.facebook.com\/eltextual","article_published_time":"2019-10-14T14:09:28+00:00","article_modified_time":"2019-10-15T12:17:52+00:00","og_image":[{"width":920,"height":520,"url":"https:\/\/diariotextual.com\/inicio\/wp-content\/uploads\/2019\/08\/portezuelodelvientodibujo112.jpg","type":"image\/jpeg"}],"author":"diario5","twitter_card":"summary_large_image","twitter_creator":"@eltextual","twitter_site":"@eltextual","twitter_misc":{"Escrito por":"diario5","Tiempo de lectura":"1 minuto"},"schema":{"@context":"https:\/\/schema.org","@graph":[{"@type":"Article","@id":"https:\/\/diariotextual.com\/inicio\/index.php\/2019\/10\/14\/mendoza-inscribio-6-445-personas-trabajar-portezuelo-del-viento\/#article","isPartOf":{"@id":"https:\/\/diariotextual.com\/inicio\/index.php\/2019\/10\/14\/mendoza-inscribio-6-445-personas-trabajar-portezuelo-del-viento\/"},"author":{"name":"diario5","@id":"https:\/\/diariotextual.com\/inicio\/#\/schema\/person\/c7834961ad8b29b1d9cdbf4571299067"},"headline":"Mendoza inscribi\u00f3 a 6.445 personas para trabajar en Portezuelo del Viento","datePublished":"2019-10-14T14:09:28+00:00","dateModified":"2019-10-15T12:17:52+00:00","mainEntityOfPage":{"@id":"https:\/\/diariotextual.com\/inicio\/index.php\/2019\/10\/14\/mendoza-inscribio-6-445-personas-trabajar-portezuelo-del-viento\/"},"wordCount":230,"publisher":{"@id":"https:\/\/diariotextual.com\/inicio\/#organization"},"image":{"@id":"https:\/\/diariotextual.com\/inicio\/index.php\/2019\/10\/14\/mendoza-inscribio-6-445-personas-trabajar-portezuelo-del-viento\/#primaryimage"},"thumbnailUrl":"https:\/\/diariotextual.com\/inicio\/wp-content\/uploads\/2019\/08\/portezuelodelvientodibujo112.jpg","articleSection":["A - TEMPORALES","SOCIEDAD"],"inLanguage":"es"},{"@type":"WebPage","@id":"https:\/\/diariotextual.com\/inicio\/index.php\/2019\/10\/14\/mendoza-inscribio-6-445-personas-trabajar-portezuelo-del-viento\/","url":"https:\/\/diariotextual.com\/inicio\/index.php\/2019\/10\/14\/mendoza-inscribio-6-445-personas-trabajar-portezuelo-del-viento\/","name":"Mendoza inscribi\u00f3 a 6.445 personas para trabajar en Portezuelo del Viento - Diario Textual","isPartOf":{"@id":"https:\/\/diariotextual.com\/inicio\/#website"},"primaryImageOfPage":{"@id":"https:\/\/diariotextual.com\/inicio\/index.php\/2019\/10\/14\/mendoza-inscribio-6-445-personas-trabajar-portezuelo-del-viento\/#primaryimage"},"image":{"@id":"https:\/\/diariotextual.com\/inicio\/index.php\/2019\/10\/14\/mendoza-inscribio-6-445-personas-trabajar-portezuelo-del-viento\/#primaryimage"},"thumbnailUrl":"https:\/\/diariotextual.com\/inicio\/wp-content\/uploads\/2019\/08\/portezuelodelvientodibujo112.jpg","datePublished":"2019-10-14T14:09:28+00:00","dateModified":"2019-10-15T12:17:52+00:00","breadcrumb":{"@id":"https:\/\/diariotextual.com\/inicio\/index.php\/2019\/10\/14\/mendoza-inscribio-6-445-personas-trabajar-portezuelo-del-viento\/#breadcrumb"},"inLanguage":"es","potentialAction":[{"@type":"ReadAction","target":["https:\/\/diariotextual.com\/inicio\/index.php\/2019\/10\/14\/mendoza-inscribio-6-445-personas-trabajar-portezuelo-del-viento\/"]}]},{"@type":"ImageObject","inLanguage":"es","@id":"https:\/\/diariotextual.com\/inicio\/index.php\/2019\/10\/14\/mendoza-inscribio-6-445-personas-trabajar-portezuelo-del-viento\/#primaryimage","url":"https:\/\/diariotextual.com\/inicio\/wp-content\/uploads\/2019\/08\/portezuelodelvientodibujo112.jpg","contentUrl":"https:\/\/diariotextual.com\/inicio\/wp-content\/uploads\/2019\/08\/portezuelodelvientodibujo112.jpg","width":920,"height":520},{"@type":"BreadcrumbList","@id":"https:\/\/diariotextual.com\/inicio\/index.php\/2019\/10\/14\/mendoza-inscribio-6-445-personas-trabajar-portezuelo-del-viento\/#breadcrumb","itemListElement":[{"@type":"ListItem","position":1,"name":"Portada","item":"https:\/\/diariotextual.com\/inicio\/"},{"@type":"ListItem","position":2,"name":"Mendoza inscribi\u00f3 a 6.445 personas para trabajar en Portezuelo del Viento"}]},{"@type":"WebSite","@id":"https:\/\/diariotextual.com\/inicio\/#website","url":"https:\/\/diariotextual.com\/inicio\/","name":"Diario Textual","description":"","publisher":{"@id":"https:\/\/diariotextual.com\/inicio\/#organization"},"potentialAction":[{"@type":"SearchAction","target":{"@type":"EntryPoint","urlTemplate":"https:\/\/diariotextual.com\/inicio\/?s={search_term_string}"},"query-input":{"@type":"PropertyValueSpecification","valueRequired":true,"valueName":"search_term_string"}}],"inLanguage":"es"},{"@type":"Organization","@id":"https:\/\/diariotextual.com\/inicio\/#organization","name":"Diario Textual","url":"https:\/\/diariotextual.com\/inicio\/","logo":{"@type":"ImageObject","inLanguage":"es","@id":"https:\/\/diariotextual.com\/inicio\/#\/schema\/logo\/image\/","url":"https:\/\/diariotextual.com\/inicio\/wp-content\/uploads\/2023\/05\/logotextual1.jpg","contentUrl":"https:\/\/diariotextual.com\/inicio\/wp-content\/uploads\/2023\/05\/logotextual1.jpg","width":516,"height":76,"caption":"Diario Textual"},"image":{"@id":"https:\/\/diariotextual.com\/inicio\/#\/schema\/logo\/image\/"},"sameAs":["https:\/\/www.facebook.com\/eltextual","https:\/\/x.com\/eltextual","http:\/\/www.instagram.com\/eltextual"]},{"@type":"Person","@id":"https:\/\/diariotextual.com\/inicio\/#\/schema\/person\/c7834961ad8b29b1d9cdbf4571299067","name":"diario5","image":{"@type":"ImageObject","inLanguage":"es","@id":"https:\/\/secure.gravatar.com\/avatar\/948c893b847ca6df68216ead81b63f363408ec9b0f600fefc0641ce78613b111?s=96&d=mm&r=g","url":"https:\/\/secure.gravatar.com\/avatar\/948c893b847ca6df68216ead81b63f363408ec9b0f600fefc0641ce78613b111?s=96&d=mm&r=g","contentUrl":"https:\/\/secure.gravatar.com\/avatar\/948c893b847ca6df68216ead81b63f363408ec9b0f600fefc0641ce78613b111?s=96&d=mm&r=g","caption":"diario5"},"url":"https:\/\/diariotextual.com\/inicio\/index.php\/author\/diario5\/"}]}},"_links":{"self":[{"href":"https:\/\/diariotextual.com\/inicio\/index.php\/wp-json\/wp\/v2\/posts\/65883","targetHints":{"allow":["GET"]}}],"collection":[{"href":"https:\/\/diariotextual.com\/inicio\/index.php\/wp-json\/wp\/v2\/posts"}],"about":[{"href":"https:\/\/diariotextual.com\/inicio\/index.php\/wp-json\/wp\/v2\/types\/post"}],"author":[{"embeddable":true,"href":"https:\/\/diariotextual.com\/inicio\/index.php\/wp-json\/wp\/v2\/users\/7"}],"replies":[{"embeddable":true,"href":"https:\/\/diariotextual.com\/inicio\/index.php\/wp-json\/wp\/v2\/comments?post=65883"}],"version-history":[{"count":1,"href":"https:\/\/diariotextual.com\/inicio\/index.php\/wp-json\/wp\/v2\/posts\/65883\/revisions"}],"predecessor-version":[{"id":65885,"href":"https:\/\/diariotextual.com\/inicio\/index.php\/wp-json\/wp\/v2\/posts\/65883\/revisions\/65885"}],"wp:featuredmedia":[{"embeddable":true,"href":"https:\/\/diariotextual.com\/inicio\/index.php\/wp-json\/wp\/v2\/media\/58218"}],"wp:attachment":[{"href":"https:\/\/diariotextual.com\/inicio\/index.php\/wp-json\/wp\/v2\/media?parent=65883"}],"wp:term":[{"taxonomy":"category","embeddable":true,"href":"https:\/\/diariotextual.com\/inicio\/index.php\/wp-json\/wp\/v2\/categories?post=65883"},{"taxonomy":"post_tag","embeddable":true,"href":"https:\/\/diariotextual.com\/inicio\/index.php\/wp-json\/wp\/v2\/tags?post=65883"}],"curies":[{"name":"wp","href":"https:\/\/api.w.org\/{rel}","templated":true}]}}