{"id":65937,"date":"2019-10-15T10:59:56","date_gmt":"2019-10-15T13:59:56","guid":{"rendered":"http:\/\/diariotextual.com\/inicio\/?p=65937"},"modified":"2019-10-16T13:37:55","modified_gmt":"2019-10-16T16:37:55","slug":"acto-del-17-octubre-habra-200-policias-afectados-al-dispositivo-seguridad","status":"publish","type":"post","link":"https:\/\/diariotextual.com\/inicio\/index.php\/2019\/10\/15\/acto-del-17-octubre-habra-200-policias-afectados-al-dispositivo-seguridad\/","title":{"rendered":"Acto del 17 de octubre: habr\u00e1 200 polic\u00edas afectados al dispositivo de seguridad"},"content":{"rendered":"<p>La polic\u00eda pampeana dispondr\u00e1 de 200 efectivos afectados al dispositivo de seguridad del acto del 17 de octubre en el Parque Don Tom\u00e1s, que contar\u00e1 con la presencia de la f\u00f3rmula presidencial del Frente de Todos, Alberto Fern\u00e1ndez y Cristina Fern\u00e1ndez de Kirchner, confirm\u00f3 a Diario Textual el jefe de la fuerza, Roberto Ayala.<\/p>\n<p>Para ese d\u00eda se espera una multitud en el predio. Desde el lunes el comando de campa\u00f1a del Frente de Todos est\u00e1n armando el escenario principal, que estar\u00e1 ubicado en proximidades de la pista de atletismo.<\/p>\n<p>El acto en el que se conmemorar\u00e1 el D\u00eda de la Lealtad Peronista, comenzar\u00e1 pasado el mediod\u00eda. Habr\u00e1 espect\u00e1culos musicales y, a las 18 horas, se esperan los discursos. Habr\u00e1\u00a0tres oradores: el gobernador Carlos Verna, la candidata a vicepresidenta, Cristina Fern\u00e1ndez de Kirchner y el candidato a presidente, Alberto Fenr\u00e1ndez.<\/p>\n","protected":false},"excerpt":{"rendered":"<p>La polic\u00eda pampeana dispondr\u00e1 de 200 efectivos afectados al dispositivo de seguridad del acto del 17 de octubre en el Parque Don Tom\u00e1s, que contar\u00e1 con la presencia de la&hellip;<\/p>\n","protected":false},"author":7,"featured_media":628,"comment_status":"closed","ping_status":"open","sticky":false,"template":"","format":"standard","meta":{"_acf_changed":false,"footnotes":""},"categories":[1,12],"tags":[],"class_list":["post-65937","post","type-post","status-publish","format-standard","has-post-thumbnail","hentry","category-es-noticia","category-sociedad"],"acf":[],"yoast_head":"<!-- This site is optimized with the Yoast SEO plugin v27.4 - https:\/\/yoast.com\/product\/yoast-seo-wordpress\/ -->\n<title>Acto del 17 de octubre: habr\u00e1 200 polic\u00edas afectados al dispositivo de seguridad - Diario Textual<\/title>\n<meta name=\"robots\" content=\"index, follow, max-snippet:-1, max-image-preview:large, max-video-preview:-1\" \/>\n<link rel=\"canonical\" href=\"https:\/\/diariotextual.com\/inicio\/index.php\/2019\/10\/15\/acto-del-17-octubre-habra-200-policias-afectados-al-dispositivo-seguridad\/\" \/>\n<meta property=\"og:locale\" content=\"es_ES\" \/>\n<meta property=\"og:type\" content=\"article\" \/>\n<meta property=\"og:title\" content=\"Acto del 17 de octubre: habr\u00e1 200 polic\u00edas afectados al dispositivo de seguridad - Diario Textual\" \/>\n<meta property=\"og:description\" content=\"La polic\u00eda pampeana dispondr\u00e1 de 200 efectivos afectados al dispositivo de seguridad del acto del 17 de octubre en el Parque Don Tom\u00e1s, que contar\u00e1 con la presencia de la&hellip;\" \/>\n<meta property=\"og:url\" content=\"https:\/\/diariotextual.com\/inicio\/index.php\/2019\/10\/15\/acto-del-17-octubre-habra-200-policias-afectados-al-dispositivo-seguridad\/\" \/>\n<meta property=\"og:site_name\" content=\"Diario Textual\" \/>\n<meta property=\"article:publisher\" content=\"https:\/\/www.facebook.com\/eltextual\" \/>\n<meta property=\"article:published_time\" content=\"2019-10-15T13:59:56+00:00\" \/>\n<meta property=\"article:modified_time\" content=\"2019-10-16T16:37:55+00:00\" \/>\n<meta property=\"og:image\" content=\"https:\/\/diariotextual.com\/inicio\/wp-content\/uploads\/2018\/03\/policiapatrullero3111.jpg\" \/>\n\t<meta property=\"og:image:width\" content=\"624\" \/>\n\t<meta property=\"og:image:height\" content=\"410\" \/>\n\t<meta property=\"og:image:type\" content=\"image\/jpeg\" \/>\n<meta name=\"author\" content=\"diario5\" \/>\n<meta name=\"twitter:card\" content=\"summary_large_image\" \/>\n<meta name=\"twitter:creator\" content=\"@eltextual\" \/>\n<meta name=\"twitter:site\" content=\"@eltextual\" \/>\n<meta name=\"twitter:label1\" content=\"Escrito por\" \/>\n\t<meta name=\"twitter:data1\" content=\"diario5\" \/>\n\t<meta name=\"twitter:label2\" content=\"Tiempo de lectura\" \/>\n\t<meta name=\"twitter:data2\" content=\"1 minuto\" \/>\n<script type=\"application\/ld+json\" class=\"yoast-schema-graph\">{\"@context\":\"https:\\\/\\\/schema.org\",\"@graph\":[{\"@type\":\"Article\",\"@id\":\"https:\\\/\\\/diariotextual.com\\\/inicio\\\/index.php\\\/2019\\\/10\\\/15\\\/acto-del-17-octubre-habra-200-policias-afectados-al-dispositivo-seguridad\\\/#article\",\"isPartOf\":{\"@id\":\"https:\\\/\\\/diariotextual.com\\\/inicio\\\/index.php\\\/2019\\\/10\\\/15\\\/acto-del-17-octubre-habra-200-policias-afectados-al-dispositivo-seguridad\\\/\"},\"author\":{\"name\":\"diario5\",\"@id\":\"https:\\\/\\\/diariotextual.com\\\/inicio\\\/#\\\/schema\\\/person\\\/c7834961ad8b29b1d9cdbf4571299067\"},\"headline\":\"Acto del 17 de octubre: habr\u00e1 200 polic\u00edas afectados al dispositivo de seguridad\",\"datePublished\":\"2019-10-15T13:59:56+00:00\",\"dateModified\":\"2019-10-16T16:37:55+00:00\",\"mainEntityOfPage\":{\"@id\":\"https:\\\/\\\/diariotextual.com\\\/inicio\\\/index.php\\\/2019\\\/10\\\/15\\\/acto-del-17-octubre-habra-200-policias-afectados-al-dispositivo-seguridad\\\/\"},\"wordCount\":163,\"publisher\":{\"@id\":\"https:\\\/\\\/diariotextual.com\\\/inicio\\\/#organization\"},\"image\":{\"@id\":\"https:\\\/\\\/diariotextual.com\\\/inicio\\\/index.php\\\/2019\\\/10\\\/15\\\/acto-del-17-octubre-habra-200-policias-afectados-al-dispositivo-seguridad\\\/#primaryimage\"},\"thumbnailUrl\":\"https:\\\/\\\/diariotextual.com\\\/inicio\\\/wp-content\\\/uploads\\\/2018\\\/03\\\/policiapatrullero3111.jpg\",\"articleSection\":[\"A - ES NOTICIA (van abajo)\",\"SOCIEDAD\"],\"inLanguage\":\"es\"},{\"@type\":\"WebPage\",\"@id\":\"https:\\\/\\\/diariotextual.com\\\/inicio\\\/index.php\\\/2019\\\/10\\\/15\\\/acto-del-17-octubre-habra-200-policias-afectados-al-dispositivo-seguridad\\\/\",\"url\":\"https:\\\/\\\/diariotextual.com\\\/inicio\\\/index.php\\\/2019\\\/10\\\/15\\\/acto-del-17-octubre-habra-200-policias-afectados-al-dispositivo-seguridad\\\/\",\"name\":\"Acto del 17 de octubre: habr\u00e1 200 polic\u00edas afectados al dispositivo de seguridad - Diario Textual\",\"isPartOf\":{\"@id\":\"https:\\\/\\\/diariotextual.com\\\/inicio\\\/#website\"},\"primaryImageOfPage\":{\"@id\":\"https:\\\/\\\/diariotextual.com\\\/inicio\\\/index.php\\\/2019\\\/10\\\/15\\\/acto-del-17-octubre-habra-200-policias-afectados-al-dispositivo-seguridad\\\/#primaryimage\"},\"image\":{\"@id\":\"https:\\\/\\\/diariotextual.com\\\/inicio\\\/index.php\\\/2019\\\/10\\\/15\\\/acto-del-17-octubre-habra-200-policias-afectados-al-dispositivo-seguridad\\\/#primaryimage\"},\"thumbnailUrl\":\"https:\\\/\\\/diariotextual.com\\\/inicio\\\/wp-content\\\/uploads\\\/2018\\\/03\\\/policiapatrullero3111.jpg\",\"datePublished\":\"2019-10-15T13:59:56+00:00\",\"dateModified\":\"2019-10-16T16:37:55+00:00\",\"breadcrumb\":{\"@id\":\"https:\\\/\\\/diariotextual.com\\\/inicio\\\/index.php\\\/2019\\\/10\\\/15\\\/acto-del-17-octubre-habra-200-policias-afectados-al-dispositivo-seguridad\\\/#breadcrumb\"},\"inLanguage\":\"es\",\"potentialAction\":[{\"@type\":\"ReadAction\",\"target\":[\"https:\\\/\\\/diariotextual.com\\\/inicio\\\/index.php\\\/2019\\\/10\\\/15\\\/acto-del-17-octubre-habra-200-policias-afectados-al-dispositivo-seguridad\\\/\"]}]},{\"@type\":\"ImageObject\",\"inLanguage\":\"es\",\"@id\":\"https:\\\/\\\/diariotextual.com\\\/inicio\\\/index.php\\\/2019\\\/10\\\/15\\\/acto-del-17-octubre-habra-200-policias-afectados-al-dispositivo-seguridad\\\/#primaryimage\",\"url\":\"https:\\\/\\\/diariotextual.com\\\/inicio\\\/wp-content\\\/uploads\\\/2018\\\/03\\\/policiapatrullero3111.jpg\",\"contentUrl\":\"https:\\\/\\\/diariotextual.com\\\/inicio\\\/wp-content\\\/uploads\\\/2018\\\/03\\\/policiapatrullero3111.jpg\",\"width\":624,\"height\":410},{\"@type\":\"BreadcrumbList\",\"@id\":\"https:\\\/\\\/diariotextual.com\\\/inicio\\\/index.php\\\/2019\\\/10\\\/15\\\/acto-del-17-octubre-habra-200-policias-afectados-al-dispositivo-seguridad\\\/#breadcrumb\",\"itemListElement\":[{\"@type\":\"ListItem\",\"position\":1,\"name\":\"Portada\",\"item\":\"https:\\\/\\\/diariotextual.com\\\/inicio\\\/\"},{\"@type\":\"ListItem\",\"position\":2,\"name\":\"Acto del 17 de octubre: habr\u00e1 200 polic\u00edas afectados al dispositivo de seguridad\"}]},{\"@type\":\"WebSite\",\"@id\":\"https:\\\/\\\/diariotextual.com\\\/inicio\\\/#website\",\"url\":\"https:\\\/\\\/diariotextual.com\\\/inicio\\\/\",\"name\":\"Diario Textual\",\"description\":\"\",\"publisher\":{\"@id\":\"https:\\\/\\\/diariotextual.com\\\/inicio\\\/#organization\"},\"potentialAction\":[{\"@type\":\"SearchAction\",\"target\":{\"@type\":\"EntryPoint\",\"urlTemplate\":\"https:\\\/\\\/diariotextual.com\\\/inicio\\\/?s={search_term_string}\"},\"query-input\":{\"@type\":\"PropertyValueSpecification\",\"valueRequired\":true,\"valueName\":\"search_term_string\"}}],\"inLanguage\":\"es\"},{\"@type\":\"Organization\",\"@id\":\"https:\\\/\\\/diariotextual.com\\\/inicio\\\/#organization\",\"name\":\"Diario Textual\",\"url\":\"https:\\\/\\\/diariotextual.com\\\/inicio\\\/\",\"logo\":{\"@type\":\"ImageObject\",\"inLanguage\":\"es\",\"@id\":\"https:\\\/\\\/diariotextual.com\\\/inicio\\\/#\\\/schema\\\/logo\\\/image\\\/\",\"url\":\"https:\\\/\\\/diariotextual.com\\\/inicio\\\/wp-content\\\/uploads\\\/2023\\\/05\\\/logotextual1.jpg\",\"contentUrl\":\"https:\\\/\\\/diariotextual.com\\\/inicio\\\/wp-content\\\/uploads\\\/2023\\\/05\\\/logotextual1.jpg\",\"width\":516,\"height\":76,\"caption\":\"Diario Textual\"},\"image\":{\"@id\":\"https:\\\/\\\/diariotextual.com\\\/inicio\\\/#\\\/schema\\\/logo\\\/image\\\/\"},\"sameAs\":[\"https:\\\/\\\/www.facebook.com\\\/eltextual\",\"https:\\\/\\\/x.com\\\/eltextual\",\"http:\\\/\\\/www.instagram.com\\\/eltextual\"]},{\"@type\":\"Person\",\"@id\":\"https:\\\/\\\/diariotextual.com\\\/inicio\\\/#\\\/schema\\\/person\\\/c7834961ad8b29b1d9cdbf4571299067\",\"name\":\"diario5\",\"image\":{\"@type\":\"ImageObject\",\"inLanguage\":\"es\",\"@id\":\"https:\\\/\\\/secure.gravatar.com\\\/avatar\\\/948c893b847ca6df68216ead81b63f363408ec9b0f600fefc0641ce78613b111?s=96&d=mm&r=g\",\"url\":\"https:\\\/\\\/secure.gravatar.com\\\/avatar\\\/948c893b847ca6df68216ead81b63f363408ec9b0f600fefc0641ce78613b111?s=96&d=mm&r=g\",\"contentUrl\":\"https:\\\/\\\/secure.gravatar.com\\\/avatar\\\/948c893b847ca6df68216ead81b63f363408ec9b0f600fefc0641ce78613b111?s=96&d=mm&r=g\",\"caption\":\"diario5\"},\"url\":\"https:\\\/\\\/diariotextual.com\\\/inicio\\\/index.php\\\/author\\\/diario5\\\/\"}]}<\/script>\n<!-- \/ Yoast SEO plugin. -->","yoast_head_json":{"title":"Acto del 17 de octubre: habr\u00e1 200 polic\u00edas afectados al dispositivo de seguridad - Diario Textual","robots":{"index":"index","follow":"follow","max-snippet":"max-snippet:-1","max-image-preview":"max-image-preview:large","max-video-preview":"max-video-preview:-1"},"canonical":"https:\/\/diariotextual.com\/inicio\/index.php\/2019\/10\/15\/acto-del-17-octubre-habra-200-policias-afectados-al-dispositivo-seguridad\/","og_locale":"es_ES","og_type":"article","og_title":"Acto del 17 de octubre: habr\u00e1 200 polic\u00edas afectados al dispositivo de seguridad - Diario Textual","og_description":"La polic\u00eda pampeana dispondr\u00e1 de 200 efectivos afectados al dispositivo de seguridad del acto del 17 de octubre en el Parque Don Tom\u00e1s, que contar\u00e1 con la presencia de la&hellip;","og_url":"https:\/\/diariotextual.com\/inicio\/index.php\/2019\/10\/15\/acto-del-17-octubre-habra-200-policias-afectados-al-dispositivo-seguridad\/","og_site_name":"Diario Textual","article_publisher":"https:\/\/www.facebook.com\/eltextual","article_published_time":"2019-10-15T13:59:56+00:00","article_modified_time":"2019-10-16T16:37:55+00:00","og_image":[{"width":624,"height":410,"url":"https:\/\/diariotextual.com\/inicio\/wp-content\/uploads\/2018\/03\/policiapatrullero3111.jpg","type":"image\/jpeg"}],"author":"diario5","twitter_card":"summary_large_image","twitter_creator":"@eltextual","twitter_site":"@eltextual","twitter_misc":{"Escrito por":"diario5","Tiempo de lectura":"1 minuto"},"schema":{"@context":"https:\/\/schema.org","@graph":[{"@type":"Article","@id":"https:\/\/diariotextual.com\/inicio\/index.php\/2019\/10\/15\/acto-del-17-octubre-habra-200-policias-afectados-al-dispositivo-seguridad\/#article","isPartOf":{"@id":"https:\/\/diariotextual.com\/inicio\/index.php\/2019\/10\/15\/acto-del-17-octubre-habra-200-policias-afectados-al-dispositivo-seguridad\/"},"author":{"name":"diario5","@id":"https:\/\/diariotextual.com\/inicio\/#\/schema\/person\/c7834961ad8b29b1d9cdbf4571299067"},"headline":"Acto del 17 de octubre: habr\u00e1 200 polic\u00edas afectados al dispositivo de seguridad","datePublished":"2019-10-15T13:59:56+00:00","dateModified":"2019-10-16T16:37:55+00:00","mainEntityOfPage":{"@id":"https:\/\/diariotextual.com\/inicio\/index.php\/2019\/10\/15\/acto-del-17-octubre-habra-200-policias-afectados-al-dispositivo-seguridad\/"},"wordCount":163,"publisher":{"@id":"https:\/\/diariotextual.com\/inicio\/#organization"},"image":{"@id":"https:\/\/diariotextual.com\/inicio\/index.php\/2019\/10\/15\/acto-del-17-octubre-habra-200-policias-afectados-al-dispositivo-seguridad\/#primaryimage"},"thumbnailUrl":"https:\/\/diariotextual.com\/inicio\/wp-content\/uploads\/2018\/03\/policiapatrullero3111.jpg","articleSection":["A - ES NOTICIA (van abajo)","SOCIEDAD"],"inLanguage":"es"},{"@type":"WebPage","@id":"https:\/\/diariotextual.com\/inicio\/index.php\/2019\/10\/15\/acto-del-17-octubre-habra-200-policias-afectados-al-dispositivo-seguridad\/","url":"https:\/\/diariotextual.com\/inicio\/index.php\/2019\/10\/15\/acto-del-17-octubre-habra-200-policias-afectados-al-dispositivo-seguridad\/","name":"Acto del 17 de octubre: habr\u00e1 200 polic\u00edas afectados al dispositivo de seguridad - Diario Textual","isPartOf":{"@id":"https:\/\/diariotextual.com\/inicio\/#website"},"primaryImageOfPage":{"@id":"https:\/\/diariotextual.com\/inicio\/index.php\/2019\/10\/15\/acto-del-17-octubre-habra-200-policias-afectados-al-dispositivo-seguridad\/#primaryimage"},"image":{"@id":"https:\/\/diariotextual.com\/inicio\/index.php\/2019\/10\/15\/acto-del-17-octubre-habra-200-policias-afectados-al-dispositivo-seguridad\/#primaryimage"},"thumbnailUrl":"https:\/\/diariotextual.com\/inicio\/wp-content\/uploads\/2018\/03\/policiapatrullero3111.jpg","datePublished":"2019-10-15T13:59:56+00:00","dateModified":"2019-10-16T16:37:55+00:00","breadcrumb":{"@id":"https:\/\/diariotextual.com\/inicio\/index.php\/2019\/10\/15\/acto-del-17-octubre-habra-200-policias-afectados-al-dispositivo-seguridad\/#breadcrumb"},"inLanguage":"es","potentialAction":[{"@type":"ReadAction","target":["https:\/\/diariotextual.com\/inicio\/index.php\/2019\/10\/15\/acto-del-17-octubre-habra-200-policias-afectados-al-dispositivo-seguridad\/"]}]},{"@type":"ImageObject","inLanguage":"es","@id":"https:\/\/diariotextual.com\/inicio\/index.php\/2019\/10\/15\/acto-del-17-octubre-habra-200-policias-afectados-al-dispositivo-seguridad\/#primaryimage","url":"https:\/\/diariotextual.com\/inicio\/wp-content\/uploads\/2018\/03\/policiapatrullero3111.jpg","contentUrl":"https:\/\/diariotextual.com\/inicio\/wp-content\/uploads\/2018\/03\/policiapatrullero3111.jpg","width":624,"height":410},{"@type":"BreadcrumbList","@id":"https:\/\/diariotextual.com\/inicio\/index.php\/2019\/10\/15\/acto-del-17-octubre-habra-200-policias-afectados-al-dispositivo-seguridad\/#breadcrumb","itemListElement":[{"@type":"ListItem","position":1,"name":"Portada","item":"https:\/\/diariotextual.com\/inicio\/"},{"@type":"ListItem","position":2,"name":"Acto del 17 de octubre: habr\u00e1 200 polic\u00edas afectados al dispositivo de seguridad"}]},{"@type":"WebSite","@id":"https:\/\/diariotextual.com\/inicio\/#website","url":"https:\/\/diariotextual.com\/inicio\/","name":"Diario Textual","description":"","publisher":{"@id":"https:\/\/diariotextual.com\/inicio\/#organization"},"potentialAction":[{"@type":"SearchAction","target":{"@type":"EntryPoint","urlTemplate":"https:\/\/diariotextual.com\/inicio\/?s={search_term_string}"},"query-input":{"@type":"PropertyValueSpecification","valueRequired":true,"valueName":"search_term_string"}}],"inLanguage":"es"},{"@type":"Organization","@id":"https:\/\/diariotextual.com\/inicio\/#organization","name":"Diario Textual","url":"https:\/\/diariotextual.com\/inicio\/","logo":{"@type":"ImageObject","inLanguage":"es","@id":"https:\/\/diariotextual.com\/inicio\/#\/schema\/logo\/image\/","url":"https:\/\/diariotextual.com\/inicio\/wp-content\/uploads\/2023\/05\/logotextual1.jpg","contentUrl":"https:\/\/diariotextual.com\/inicio\/wp-content\/uploads\/2023\/05\/logotextual1.jpg","width":516,"height":76,"caption":"Diario Textual"},"image":{"@id":"https:\/\/diariotextual.com\/inicio\/#\/schema\/logo\/image\/"},"sameAs":["https:\/\/www.facebook.com\/eltextual","https:\/\/x.com\/eltextual","http:\/\/www.instagram.com\/eltextual"]},{"@type":"Person","@id":"https:\/\/diariotextual.com\/inicio\/#\/schema\/person\/c7834961ad8b29b1d9cdbf4571299067","name":"diario5","image":{"@type":"ImageObject","inLanguage":"es","@id":"https:\/\/secure.gravatar.com\/avatar\/948c893b847ca6df68216ead81b63f363408ec9b0f600fefc0641ce78613b111?s=96&d=mm&r=g","url":"https:\/\/secure.gravatar.com\/avatar\/948c893b847ca6df68216ead81b63f363408ec9b0f600fefc0641ce78613b111?s=96&d=mm&r=g","contentUrl":"https:\/\/secure.gravatar.com\/avatar\/948c893b847ca6df68216ead81b63f363408ec9b0f600fefc0641ce78613b111?s=96&d=mm&r=g","caption":"diario5"},"url":"https:\/\/diariotextual.com\/inicio\/index.php\/author\/diario5\/"}]}},"_links":{"self":[{"href":"https:\/\/diariotextual.com\/inicio\/index.php\/wp-json\/wp\/v2\/posts\/65937","targetHints":{"allow":["GET"]}}],"collection":[{"href":"https:\/\/diariotextual.com\/inicio\/index.php\/wp-json\/wp\/v2\/posts"}],"about":[{"href":"https:\/\/diariotextual.com\/inicio\/index.php\/wp-json\/wp\/v2\/types\/post"}],"author":[{"embeddable":true,"href":"https:\/\/diariotextual.com\/inicio\/index.php\/wp-json\/wp\/v2\/users\/7"}],"replies":[{"embeddable":true,"href":"https:\/\/diariotextual.com\/inicio\/index.php\/wp-json\/wp\/v2\/comments?post=65937"}],"version-history":[{"count":2,"href":"https:\/\/diariotextual.com\/inicio\/index.php\/wp-json\/wp\/v2\/posts\/65937\/revisions"}],"predecessor-version":[{"id":65942,"href":"https:\/\/diariotextual.com\/inicio\/index.php\/wp-json\/wp\/v2\/posts\/65937\/revisions\/65942"}],"wp:featuredmedia":[{"embeddable":true,"href":"https:\/\/diariotextual.com\/inicio\/index.php\/wp-json\/wp\/v2\/media\/628"}],"wp:attachment":[{"href":"https:\/\/diariotextual.com\/inicio\/index.php\/wp-json\/wp\/v2\/media?parent=65937"}],"wp:term":[{"taxonomy":"category","embeddable":true,"href":"https:\/\/diariotextual.com\/inicio\/index.php\/wp-json\/wp\/v2\/categories?post=65937"},{"taxonomy":"post_tag","embeddable":true,"href":"https:\/\/diariotextual.com\/inicio\/index.php\/wp-json\/wp\/v2\/tags?post=65937"}],"curies":[{"name":"wp","href":"https:\/\/api.w.org\/{rel}","templated":true}]}}