{"id":66009,"date":"2019-10-15T16:06:30","date_gmt":"2019-10-15T19:06:30","guid":{"rendered":"http:\/\/diariotextual.com\/inicio\/?p=66009"},"modified":"2019-10-16T17:10:11","modified_gmt":"2019-10-16T20:10:11","slug":"macri-tambien-convocatoria-nombramientos-anticipa-fin-mandato","status":"publish","type":"post","link":"https:\/\/diariotextual.com\/inicio\/index.php\/2019\/10\/15\/macri-tambien-convocatoria-nombramientos-anticipa-fin-mandato\/","title":{"rendered":"Macri tambi\u00e9n: convocatoria a nombramientos que anticipa fin de mandato"},"content":{"rendered":"<p>A s\u00f3lo dos semanas de las elecciones presidenciales, el<strong> Gobierno Nacional public\u00f3 la convocatoria para cubrir nada menos que 313 cargos vacantes en la administraci\u00f3n p\u00fablica.<\/strong> A trav\u00e9s del Bolet\u00edn Oficial publicado este martes, la Casa Rosada lanz\u00f3 una <strong>serie de nombramientos que ser\u00e1n realizados \u201cpor convocatoria interna\u201d.<\/strong><\/p>\n<p><!--more--><\/p>\n<p>La convocatoria abarca a cuatro oficinas:<strong> Jefatura de Gabinete, los ministerios de Justicia y del Interior, y la Secretar\u00eda de Legal y T\u00e9cnica. Con 101 vacantes, la oficina a cargo de Pablo Clusellas se coloc\u00f3 al tope del r\u00e1nking<\/strong> de las dependencias que lideran el operativo de pase a planta permanente en la administraci\u00f3n p\u00fablica.<\/p>\n<p>A trav\u00e9s de la resoluci\u00f3n <strong>384\/2019, el presidente Mauricio Macri quiere cubrir puestos como asistentes de asuntos jur\u00eddicos, referentes de despacho y decretos, personal administrativo, personal de soporte inform\u00e1tico, entre otros<\/strong>. Sin embargo, en el anexo de la normativa se destaca el curioso requerimiento para pasar a planta permanente a un mozo y a nada menos que cinco choferes de esa dependencia.<\/p>\n<p><strong>Segundo en la lista aparece el Ministerio del Interior que comanda Rogelio Frigerio<\/strong>. En este caso, el Gobierno busca cubrir 95 cargos vacantes. En la Resoluci\u00f3n 388\/2019 se explica que en esa oficina se pasar\u00e1 a planta permanente asistentes de atenci\u00f3n al ciudadano, asistente de presupuesto, asistente de contabilidad, asistente de comunicaci\u00f3n, entre otros.<\/p>\n<p>En tanto,<strong> la Secretar\u00eda de Modernizaci\u00f3n que maneja Andr\u00e9s Ibarra solicit\u00f3 cubrir 63 cargos vacantes<\/strong>. En este caso, de acuerdo a la Resoluci\u00f3n 387\/2019 en la oficina que depende de la Jefatura de Gabinete s\u00f3lo es necesario ocupar puestos de asistentes administrativos.<\/p>\n<p>Por su parte, <strong>en la Resoluci\u00f3n 389\/2019 se oficializ\u00f3 el pedido para ocupar nada menos que 41 puestos vacantes en el Ministerio de Justicia que conduce Germ\u00e1n Garavano.<\/strong> De acuerdo al anexo de la normativa, los puestos a cubrir van desde personal de soporte t\u00e9cnico a asistentes administrativos, inform\u00f3 el diario \u00c1mbito Financiero.<\/p>\n<p>Por \u00faltimo, <strong>en la Direcci\u00f3n Nacional de Migraciones que depende del ministerio del Interior buscan cubrir 13 puestos vacantes.<\/strong> En este caso, la b\u00fasqueda apunta a asistentes en gesti\u00f3n de migraciones.<\/p>\n<p>Como era de esperarse, <strong>desde la oposici\u00f3n salieron con los tapones de punta por la novedad y anticiparon que presentar\u00e1n un proyecto de ley en el Congreso para congelar las designaciones en la administraci\u00f3n p\u00fablica<\/strong> hasta tanto se consagre al ganador de las pr\u00f3ximas elecciones.<\/p>\n<p>As\u00ed lo expres\u00f3 el <strong>diputado nacional de Mendoza por FPV-PJ, Guillermo Carmona<\/strong>, quien pidi\u00f3 detener esta \u201catrocidad\u201d. A trav\u00e9s de su cuenta en redes sociales, el titular del peronismo en la provincia cuyana, critic\u00f3: <strong>\u201cAc\u00e1 est\u00e1n los muchachos del republicanismo depredador del Estado que se preparan para pasar a cuarteles de invierno\u201d.<\/strong><\/p>\n","protected":false},"excerpt":{"rendered":"<p>A s\u00f3lo dos semanas de las elecciones presidenciales, el Gobierno Nacional public\u00f3 la convocatoria para cubrir nada menos que 313 cargos vacantes en la administraci\u00f3n p\u00fablica. A trav\u00e9s del Bolet\u00edn&hellip;<\/p>\n","protected":false},"author":5,"featured_media":26628,"comment_status":"closed","ping_status":"open","sticky":false,"template":"","format":"standard","meta":{"_acf_changed":false,"footnotes":""},"categories":[319,8],"tags":[],"class_list":["post-66009","post","type-post","status-publish","format-standard","has-post-thumbnail","hentry","category-a-temporales","category-politica"],"acf":[],"yoast_head":"<!-- This site is optimized with the Yoast SEO plugin v27.4 - https:\/\/yoast.com\/product\/yoast-seo-wordpress\/ -->\n<title>Macri tambi\u00e9n: convocatoria a nombramientos que anticipa fin de mandato - Diario Textual<\/title>\n<meta name=\"robots\" content=\"index, follow, max-snippet:-1, max-image-preview:large, max-video-preview:-1\" \/>\n<link rel=\"canonical\" href=\"https:\/\/diariotextual.com\/inicio\/index.php\/2019\/10\/15\/macri-tambien-convocatoria-nombramientos-anticipa-fin-mandato\/\" \/>\n<meta property=\"og:locale\" content=\"es_ES\" \/>\n<meta property=\"og:type\" content=\"article\" \/>\n<meta property=\"og:title\" content=\"Macri tambi\u00e9n: convocatoria a nombramientos que anticipa fin de mandato - Diario Textual\" \/>\n<meta property=\"og:description\" content=\"A s\u00f3lo dos semanas de las elecciones presidenciales, el Gobierno Nacional public\u00f3 la convocatoria para cubrir nada menos que 313 cargos vacantes en la administraci\u00f3n p\u00fablica. A trav\u00e9s del Bolet\u00edn&hellip;\" \/>\n<meta property=\"og:url\" content=\"https:\/\/diariotextual.com\/inicio\/index.php\/2019\/10\/15\/macri-tambien-convocatoria-nombramientos-anticipa-fin-mandato\/\" \/>\n<meta property=\"og:site_name\" content=\"Diario Textual\" \/>\n<meta property=\"article:publisher\" content=\"https:\/\/www.facebook.com\/eltextual\" \/>\n<meta property=\"article:published_time\" content=\"2019-10-15T19:06:30+00:00\" \/>\n<meta property=\"article:modified_time\" content=\"2019-10-16T20:10:11+00:00\" \/>\n<meta property=\"og:image\" content=\"https:\/\/diariotextual.com\/inicio\/wp-content\/uploads\/2018\/11\/casarosada99.jpg\" \/>\n\t<meta property=\"og:image:width\" content=\"947\" \/>\n\t<meta property=\"og:image:height\" content=\"606\" \/>\n\t<meta property=\"og:image:type\" content=\"image\/jpeg\" \/>\n<meta name=\"author\" content=\"diario3\" \/>\n<meta name=\"twitter:card\" content=\"summary_large_image\" \/>\n<meta name=\"twitter:creator\" content=\"@eltextual\" \/>\n<meta name=\"twitter:site\" content=\"@eltextual\" \/>\n<meta name=\"twitter:label1\" content=\"Escrito por\" \/>\n\t<meta name=\"twitter:data1\" content=\"diario3\" \/>\n\t<meta name=\"twitter:label2\" content=\"Tiempo de lectura\" \/>\n\t<meta name=\"twitter:data2\" content=\"2 minutos\" \/>\n<script type=\"application\/ld+json\" class=\"yoast-schema-graph\">{\"@context\":\"https:\\\/\\\/schema.org\",\"@graph\":[{\"@type\":\"Article\",\"@id\":\"https:\\\/\\\/diariotextual.com\\\/inicio\\\/index.php\\\/2019\\\/10\\\/15\\\/macri-tambien-convocatoria-nombramientos-anticipa-fin-mandato\\\/#article\",\"isPartOf\":{\"@id\":\"https:\\\/\\\/diariotextual.com\\\/inicio\\\/index.php\\\/2019\\\/10\\\/15\\\/macri-tambien-convocatoria-nombramientos-anticipa-fin-mandato\\\/\"},\"author\":{\"name\":\"diario3\",\"@id\":\"https:\\\/\\\/diariotextual.com\\\/inicio\\\/#\\\/schema\\\/person\\\/a1b6f563e0ee944c60f98119389a4d9f\"},\"headline\":\"Macri tambi\u00e9n: convocatoria a nombramientos que anticipa fin de mandato\",\"datePublished\":\"2019-10-15T19:06:30+00:00\",\"dateModified\":\"2019-10-16T20:10:11+00:00\",\"mainEntityOfPage\":{\"@id\":\"https:\\\/\\\/diariotextual.com\\\/inicio\\\/index.php\\\/2019\\\/10\\\/15\\\/macri-tambien-convocatoria-nombramientos-anticipa-fin-mandato\\\/\"},\"wordCount\":479,\"publisher\":{\"@id\":\"https:\\\/\\\/diariotextual.com\\\/inicio\\\/#organization\"},\"image\":{\"@id\":\"https:\\\/\\\/diariotextual.com\\\/inicio\\\/index.php\\\/2019\\\/10\\\/15\\\/macri-tambien-convocatoria-nombramientos-anticipa-fin-mandato\\\/#primaryimage\"},\"thumbnailUrl\":\"https:\\\/\\\/diariotextual.com\\\/inicio\\\/wp-content\\\/uploads\\\/2018\\\/11\\\/casarosada99.jpg\",\"articleSection\":[\"A - TEMPORALES\",\"POLITICA\"],\"inLanguage\":\"es\"},{\"@type\":\"WebPage\",\"@id\":\"https:\\\/\\\/diariotextual.com\\\/inicio\\\/index.php\\\/2019\\\/10\\\/15\\\/macri-tambien-convocatoria-nombramientos-anticipa-fin-mandato\\\/\",\"url\":\"https:\\\/\\\/diariotextual.com\\\/inicio\\\/index.php\\\/2019\\\/10\\\/15\\\/macri-tambien-convocatoria-nombramientos-anticipa-fin-mandato\\\/\",\"name\":\"Macri tambi\u00e9n: convocatoria a nombramientos que anticipa fin de mandato - Diario Textual\",\"isPartOf\":{\"@id\":\"https:\\\/\\\/diariotextual.com\\\/inicio\\\/#website\"},\"primaryImageOfPage\":{\"@id\":\"https:\\\/\\\/diariotextual.com\\\/inicio\\\/index.php\\\/2019\\\/10\\\/15\\\/macri-tambien-convocatoria-nombramientos-anticipa-fin-mandato\\\/#primaryimage\"},\"image\":{\"@id\":\"https:\\\/\\\/diariotextual.com\\\/inicio\\\/index.php\\\/2019\\\/10\\\/15\\\/macri-tambien-convocatoria-nombramientos-anticipa-fin-mandato\\\/#primaryimage\"},\"thumbnailUrl\":\"https:\\\/\\\/diariotextual.com\\\/inicio\\\/wp-content\\\/uploads\\\/2018\\\/11\\\/casarosada99.jpg\",\"datePublished\":\"2019-10-15T19:06:30+00:00\",\"dateModified\":\"2019-10-16T20:10:11+00:00\",\"breadcrumb\":{\"@id\":\"https:\\\/\\\/diariotextual.com\\\/inicio\\\/index.php\\\/2019\\\/10\\\/15\\\/macri-tambien-convocatoria-nombramientos-anticipa-fin-mandato\\\/#breadcrumb\"},\"inLanguage\":\"es\",\"potentialAction\":[{\"@type\":\"ReadAction\",\"target\":[\"https:\\\/\\\/diariotextual.com\\\/inicio\\\/index.php\\\/2019\\\/10\\\/15\\\/macri-tambien-convocatoria-nombramientos-anticipa-fin-mandato\\\/\"]}]},{\"@type\":\"ImageObject\",\"inLanguage\":\"es\",\"@id\":\"https:\\\/\\\/diariotextual.com\\\/inicio\\\/index.php\\\/2019\\\/10\\\/15\\\/macri-tambien-convocatoria-nombramientos-anticipa-fin-mandato\\\/#primaryimage\",\"url\":\"https:\\\/\\\/diariotextual.com\\\/inicio\\\/wp-content\\\/uploads\\\/2018\\\/11\\\/casarosada99.jpg\",\"contentUrl\":\"https:\\\/\\\/diariotextual.com\\\/inicio\\\/wp-content\\\/uploads\\\/2018\\\/11\\\/casarosada99.jpg\",\"width\":947,\"height\":606,\"caption\":\"Stitched Panorama\"},{\"@type\":\"BreadcrumbList\",\"@id\":\"https:\\\/\\\/diariotextual.com\\\/inicio\\\/index.php\\\/2019\\\/10\\\/15\\\/macri-tambien-convocatoria-nombramientos-anticipa-fin-mandato\\\/#breadcrumb\",\"itemListElement\":[{\"@type\":\"ListItem\",\"position\":1,\"name\":\"Portada\",\"item\":\"https:\\\/\\\/diariotextual.com\\\/inicio\\\/\"},{\"@type\":\"ListItem\",\"position\":2,\"name\":\"Macri tambi\u00e9n: convocatoria a nombramientos que anticipa fin de mandato\"}]},{\"@type\":\"WebSite\",\"@id\":\"https:\\\/\\\/diariotextual.com\\\/inicio\\\/#website\",\"url\":\"https:\\\/\\\/diariotextual.com\\\/inicio\\\/\",\"name\":\"Diario Textual\",\"description\":\"\",\"publisher\":{\"@id\":\"https:\\\/\\\/diariotextual.com\\\/inicio\\\/#organization\"},\"potentialAction\":[{\"@type\":\"SearchAction\",\"target\":{\"@type\":\"EntryPoint\",\"urlTemplate\":\"https:\\\/\\\/diariotextual.com\\\/inicio\\\/?s={search_term_string}\"},\"query-input\":{\"@type\":\"PropertyValueSpecification\",\"valueRequired\":true,\"valueName\":\"search_term_string\"}}],\"inLanguage\":\"es\"},{\"@type\":\"Organization\",\"@id\":\"https:\\\/\\\/diariotextual.com\\\/inicio\\\/#organization\",\"name\":\"Diario Textual\",\"url\":\"https:\\\/\\\/diariotextual.com\\\/inicio\\\/\",\"logo\":{\"@type\":\"ImageObject\",\"inLanguage\":\"es\",\"@id\":\"https:\\\/\\\/diariotextual.com\\\/inicio\\\/#\\\/schema\\\/logo\\\/image\\\/\",\"url\":\"https:\\\/\\\/diariotextual.com\\\/inicio\\\/wp-content\\\/uploads\\\/2023\\\/05\\\/logotextual1.jpg\",\"contentUrl\":\"https:\\\/\\\/diariotextual.com\\\/inicio\\\/wp-content\\\/uploads\\\/2023\\\/05\\\/logotextual1.jpg\",\"width\":516,\"height\":76,\"caption\":\"Diario Textual\"},\"image\":{\"@id\":\"https:\\\/\\\/diariotextual.com\\\/inicio\\\/#\\\/schema\\\/logo\\\/image\\\/\"},\"sameAs\":[\"https:\\\/\\\/www.facebook.com\\\/eltextual\",\"https:\\\/\\\/x.com\\\/eltextual\",\"http:\\\/\\\/www.instagram.com\\\/eltextual\"]},{\"@type\":\"Person\",\"@id\":\"https:\\\/\\\/diariotextual.com\\\/inicio\\\/#\\\/schema\\\/person\\\/a1b6f563e0ee944c60f98119389a4d9f\",\"name\":\"diario3\",\"image\":{\"@type\":\"ImageObject\",\"inLanguage\":\"es\",\"@id\":\"https:\\\/\\\/secure.gravatar.com\\\/avatar\\\/5e7ee62c82fc04d9dd79d746a390d93c69c43223e5faeeb3ea9461ef752bfc5d?s=96&d=mm&r=g\",\"url\":\"https:\\\/\\\/secure.gravatar.com\\\/avatar\\\/5e7ee62c82fc04d9dd79d746a390d93c69c43223e5faeeb3ea9461ef752bfc5d?s=96&d=mm&r=g\",\"contentUrl\":\"https:\\\/\\\/secure.gravatar.com\\\/avatar\\\/5e7ee62c82fc04d9dd79d746a390d93c69c43223e5faeeb3ea9461ef752bfc5d?s=96&d=mm&r=g\",\"caption\":\"diario3\"},\"url\":\"https:\\\/\\\/diariotextual.com\\\/inicio\\\/index.php\\\/author\\\/diario3\\\/\"}]}<\/script>\n<!-- \/ Yoast SEO plugin. -->","yoast_head_json":{"title":"Macri tambi\u00e9n: convocatoria a nombramientos que anticipa fin de mandato - Diario Textual","robots":{"index":"index","follow":"follow","max-snippet":"max-snippet:-1","max-image-preview":"max-image-preview:large","max-video-preview":"max-video-preview:-1"},"canonical":"https:\/\/diariotextual.com\/inicio\/index.php\/2019\/10\/15\/macri-tambien-convocatoria-nombramientos-anticipa-fin-mandato\/","og_locale":"es_ES","og_type":"article","og_title":"Macri tambi\u00e9n: convocatoria a nombramientos que anticipa fin de mandato - Diario Textual","og_description":"A s\u00f3lo dos semanas de las elecciones presidenciales, el Gobierno Nacional public\u00f3 la convocatoria para cubrir nada menos que 313 cargos vacantes en la administraci\u00f3n p\u00fablica. A trav\u00e9s del Bolet\u00edn&hellip;","og_url":"https:\/\/diariotextual.com\/inicio\/index.php\/2019\/10\/15\/macri-tambien-convocatoria-nombramientos-anticipa-fin-mandato\/","og_site_name":"Diario Textual","article_publisher":"https:\/\/www.facebook.com\/eltextual","article_published_time":"2019-10-15T19:06:30+00:00","article_modified_time":"2019-10-16T20:10:11+00:00","og_image":[{"width":947,"height":606,"url":"https:\/\/diariotextual.com\/inicio\/wp-content\/uploads\/2018\/11\/casarosada99.jpg","type":"image\/jpeg"}],"author":"diario3","twitter_card":"summary_large_image","twitter_creator":"@eltextual","twitter_site":"@eltextual","twitter_misc":{"Escrito por":"diario3","Tiempo de lectura":"2 minutos"},"schema":{"@context":"https:\/\/schema.org","@graph":[{"@type":"Article","@id":"https:\/\/diariotextual.com\/inicio\/index.php\/2019\/10\/15\/macri-tambien-convocatoria-nombramientos-anticipa-fin-mandato\/#article","isPartOf":{"@id":"https:\/\/diariotextual.com\/inicio\/index.php\/2019\/10\/15\/macri-tambien-convocatoria-nombramientos-anticipa-fin-mandato\/"},"author":{"name":"diario3","@id":"https:\/\/diariotextual.com\/inicio\/#\/schema\/person\/a1b6f563e0ee944c60f98119389a4d9f"},"headline":"Macri tambi\u00e9n: convocatoria a nombramientos que anticipa fin de mandato","datePublished":"2019-10-15T19:06:30+00:00","dateModified":"2019-10-16T20:10:11+00:00","mainEntityOfPage":{"@id":"https:\/\/diariotextual.com\/inicio\/index.php\/2019\/10\/15\/macri-tambien-convocatoria-nombramientos-anticipa-fin-mandato\/"},"wordCount":479,"publisher":{"@id":"https:\/\/diariotextual.com\/inicio\/#organization"},"image":{"@id":"https:\/\/diariotextual.com\/inicio\/index.php\/2019\/10\/15\/macri-tambien-convocatoria-nombramientos-anticipa-fin-mandato\/#primaryimage"},"thumbnailUrl":"https:\/\/diariotextual.com\/inicio\/wp-content\/uploads\/2018\/11\/casarosada99.jpg","articleSection":["A - TEMPORALES","POLITICA"],"inLanguage":"es"},{"@type":"WebPage","@id":"https:\/\/diariotextual.com\/inicio\/index.php\/2019\/10\/15\/macri-tambien-convocatoria-nombramientos-anticipa-fin-mandato\/","url":"https:\/\/diariotextual.com\/inicio\/index.php\/2019\/10\/15\/macri-tambien-convocatoria-nombramientos-anticipa-fin-mandato\/","name":"Macri tambi\u00e9n: convocatoria a nombramientos que anticipa fin de mandato - Diario Textual","isPartOf":{"@id":"https:\/\/diariotextual.com\/inicio\/#website"},"primaryImageOfPage":{"@id":"https:\/\/diariotextual.com\/inicio\/index.php\/2019\/10\/15\/macri-tambien-convocatoria-nombramientos-anticipa-fin-mandato\/#primaryimage"},"image":{"@id":"https:\/\/diariotextual.com\/inicio\/index.php\/2019\/10\/15\/macri-tambien-convocatoria-nombramientos-anticipa-fin-mandato\/#primaryimage"},"thumbnailUrl":"https:\/\/diariotextual.com\/inicio\/wp-content\/uploads\/2018\/11\/casarosada99.jpg","datePublished":"2019-10-15T19:06:30+00:00","dateModified":"2019-10-16T20:10:11+00:00","breadcrumb":{"@id":"https:\/\/diariotextual.com\/inicio\/index.php\/2019\/10\/15\/macri-tambien-convocatoria-nombramientos-anticipa-fin-mandato\/#breadcrumb"},"inLanguage":"es","potentialAction":[{"@type":"ReadAction","target":["https:\/\/diariotextual.com\/inicio\/index.php\/2019\/10\/15\/macri-tambien-convocatoria-nombramientos-anticipa-fin-mandato\/"]}]},{"@type":"ImageObject","inLanguage":"es","@id":"https:\/\/diariotextual.com\/inicio\/index.php\/2019\/10\/15\/macri-tambien-convocatoria-nombramientos-anticipa-fin-mandato\/#primaryimage","url":"https:\/\/diariotextual.com\/inicio\/wp-content\/uploads\/2018\/11\/casarosada99.jpg","contentUrl":"https:\/\/diariotextual.com\/inicio\/wp-content\/uploads\/2018\/11\/casarosada99.jpg","width":947,"height":606,"caption":"Stitched Panorama"},{"@type":"BreadcrumbList","@id":"https:\/\/diariotextual.com\/inicio\/index.php\/2019\/10\/15\/macri-tambien-convocatoria-nombramientos-anticipa-fin-mandato\/#breadcrumb","itemListElement":[{"@type":"ListItem","position":1,"name":"Portada","item":"https:\/\/diariotextual.com\/inicio\/"},{"@type":"ListItem","position":2,"name":"Macri tambi\u00e9n: convocatoria a nombramientos que anticipa fin de mandato"}]},{"@type":"WebSite","@id":"https:\/\/diariotextual.com\/inicio\/#website","url":"https:\/\/diariotextual.com\/inicio\/","name":"Diario Textual","description":"","publisher":{"@id":"https:\/\/diariotextual.com\/inicio\/#organization"},"potentialAction":[{"@type":"SearchAction","target":{"@type":"EntryPoint","urlTemplate":"https:\/\/diariotextual.com\/inicio\/?s={search_term_string}"},"query-input":{"@type":"PropertyValueSpecification","valueRequired":true,"valueName":"search_term_string"}}],"inLanguage":"es"},{"@type":"Organization","@id":"https:\/\/diariotextual.com\/inicio\/#organization","name":"Diario Textual","url":"https:\/\/diariotextual.com\/inicio\/","logo":{"@type":"ImageObject","inLanguage":"es","@id":"https:\/\/diariotextual.com\/inicio\/#\/schema\/logo\/image\/","url":"https:\/\/diariotextual.com\/inicio\/wp-content\/uploads\/2023\/05\/logotextual1.jpg","contentUrl":"https:\/\/diariotextual.com\/inicio\/wp-content\/uploads\/2023\/05\/logotextual1.jpg","width":516,"height":76,"caption":"Diario Textual"},"image":{"@id":"https:\/\/diariotextual.com\/inicio\/#\/schema\/logo\/image\/"},"sameAs":["https:\/\/www.facebook.com\/eltextual","https:\/\/x.com\/eltextual","http:\/\/www.instagram.com\/eltextual"]},{"@type":"Person","@id":"https:\/\/diariotextual.com\/inicio\/#\/schema\/person\/a1b6f563e0ee944c60f98119389a4d9f","name":"diario3","image":{"@type":"ImageObject","inLanguage":"es","@id":"https:\/\/secure.gravatar.com\/avatar\/5e7ee62c82fc04d9dd79d746a390d93c69c43223e5faeeb3ea9461ef752bfc5d?s=96&d=mm&r=g","url":"https:\/\/secure.gravatar.com\/avatar\/5e7ee62c82fc04d9dd79d746a390d93c69c43223e5faeeb3ea9461ef752bfc5d?s=96&d=mm&r=g","contentUrl":"https:\/\/secure.gravatar.com\/avatar\/5e7ee62c82fc04d9dd79d746a390d93c69c43223e5faeeb3ea9461ef752bfc5d?s=96&d=mm&r=g","caption":"diario3"},"url":"https:\/\/diariotextual.com\/inicio\/index.php\/author\/diario3\/"}]}},"_links":{"self":[{"href":"https:\/\/diariotextual.com\/inicio\/index.php\/wp-json\/wp\/v2\/posts\/66009","targetHints":{"allow":["GET"]}}],"collection":[{"href":"https:\/\/diariotextual.com\/inicio\/index.php\/wp-json\/wp\/v2\/posts"}],"about":[{"href":"https:\/\/diariotextual.com\/inicio\/index.php\/wp-json\/wp\/v2\/types\/post"}],"author":[{"embeddable":true,"href":"https:\/\/diariotextual.com\/inicio\/index.php\/wp-json\/wp\/v2\/users\/5"}],"replies":[{"embeddable":true,"href":"https:\/\/diariotextual.com\/inicio\/index.php\/wp-json\/wp\/v2\/comments?post=66009"}],"version-history":[{"count":1,"href":"https:\/\/diariotextual.com\/inicio\/index.php\/wp-json\/wp\/v2\/posts\/66009\/revisions"}],"predecessor-version":[{"id":66010,"href":"https:\/\/diariotextual.com\/inicio\/index.php\/wp-json\/wp\/v2\/posts\/66009\/revisions\/66010"}],"wp:featuredmedia":[{"embeddable":true,"href":"https:\/\/diariotextual.com\/inicio\/index.php\/wp-json\/wp\/v2\/media\/26628"}],"wp:attachment":[{"href":"https:\/\/diariotextual.com\/inicio\/index.php\/wp-json\/wp\/v2\/media?parent=66009"}],"wp:term":[{"taxonomy":"category","embeddable":true,"href":"https:\/\/diariotextual.com\/inicio\/index.php\/wp-json\/wp\/v2\/categories?post=66009"},{"taxonomy":"post_tag","embeddable":true,"href":"https:\/\/diariotextual.com\/inicio\/index.php\/wp-json\/wp\/v2\/tags?post=66009"}],"curies":[{"name":"wp","href":"https:\/\/api.w.org\/{rel}","templated":true}]}}