{"id":66098,"date":"2019-10-16T17:00:01","date_gmt":"2019-10-16T20:00:01","guid":{"rendered":"http:\/\/diariotextual.com\/inicio\/?p=66098"},"modified":"2019-10-17T08:31:51","modified_gmt":"2019-10-17T11:31:51","slug":"la-inflacion-se-acelero-septiembre-al-59-mayor-nivel-ano","status":"publish","type":"post","link":"https:\/\/diariotextual.com\/inicio\/index.php\/2019\/10\/16\/la-inflacion-se-acelero-septiembre-al-59-mayor-nivel-ano\/","title":{"rendered":"La inflaci\u00f3n se aceler\u00f3 en septiembre al 5,9%, el mayor nivel en un a\u00f1o"},"content":{"rendered":"<p>Por efecto de la devaluaci\u00f3n, <strong>la inflaci\u00f3n de septiembre se aceler\u00f3 al 5,9%,<\/strong> el mayor nivel en un a\u00f1o, inform\u00f3 este mi\u00e9rcoles el Instituto Nacional de Estad\u00edsticas y Censos (Indec).<\/p>\n<p><!--more--><\/p>\n<p>De esta manera, el indicador acumula <strong>en los primeros nueve meses del a\u00f1o un alza del 37,7%, mientras que en los \u00faltimos 12 meses arrastra un avance del 53,5%.<\/strong><\/p>\n<p>El rubro <strong>Alimentos y Bebidas -el que m\u00e1s incidencia tiene en los sectores de menores recursos- creci\u00f3 5,7% pero el que tuvo el registro m\u00e1s elevado fue Prendas de Vestir y Calzado, con el 9,5%, por impacto directo de la suba del d\u00f3lar de 45 a 58 pesos despu\u00e9s del 11 de agosto<\/strong> en las elecciones primarias.<\/p>\n<p>Tambi\u00e9n verificaron <strong>fuertes alzas en los siguientes sectores: Salud con el 8,3%; Bienes y Servicios Varios con el 8,2%; Recreaci\u00f3n y Cultura con el 7,6%; Equipamiento y Mantenimiento del Hogar, 7,4%; Comunicaci\u00f3n, 6,7%;<\/strong> Restaurantes y Hoteles, con el 5,2% y Transporte con el 4,7%.<\/p>\n<p>El dato result\u00f3 el m\u00e1s alto <strong>desde septiembre del a\u00f1o pasado cuando lleg\u00f3 al 6,5% y el tercero en la gesti\u00f3n de Mauricio Macri, ya que tambi\u00e9n lo supera el registrado en abril de 2016 con el 7%<\/strong>, aunque en este \u00faltimo caso fue medido por consultoras privadas.<\/p>\n<p>Los precios de los bienes que subieron un 7,1%, por encima de los de los Servicios, que se elevaron 3,6%. Fuentes del BCRA indicaron: \u201cEste dato era esperable por su condici\u00f3n de productos potencialmente transables, que los hace m\u00e1s sensibles a los movimientos del tipo de cambio\u201d.<\/p>\n<p>\u201c<strong>Para acotar la suba de los precios y mitigar su efecto en los hogares, particularmente los de menores ingresos, el Gobierno Nacional lanz\u00f3 una serie de medidas como la eliminaci\u00f3n del IVA para productos de la canasta alimentaria<\/strong> (para consumidores finales), lo que amortigu\u00f3 la suba de los precios de los alimentos\u201d, destacaron.<\/p>\n<p>Y agregaron que a ello <strong>se suma la decisi\u00f3n que el Gobierno Nacional de no aplicar nuevos aumentos a las tarifas de servicios p\u00fablicos hasta fin de a\u00f1o.<\/strong><\/p>\n<p>Desde el BCRA resaltaron: \u201c<strong>La entidad continu\u00f3 manteniendo una pol\u00edtica monetaria contractiva e implement\u00f3 un conjunto de medidas destinadas a regular el acceso al mercado cambiario y a reducir la demanda de d\u00f3lares<\/strong>. Las medidas implementadas permitieron estabilizar el tipo de cambio, y que la inflaci\u00f3n retome su sendero decreciente a partir de octubre\u201d.<\/p>\n<p>Adem\u00e1s, estimaron que <strong>en octubre, los indicadores muestran que la inflaci\u00f3n ser\u00e1 significativamente menor a la de septiembre.<\/strong><\/p>\n","protected":false},"excerpt":{"rendered":"<p>Por efecto de la devaluaci\u00f3n, la inflaci\u00f3n de septiembre se aceler\u00f3 al 5,9%, el mayor nivel en un a\u00f1o, inform\u00f3 este mi\u00e9rcoles el Instituto Nacional de Estad\u00edsticas y Censos (Indec).<\/p>\n","protected":false},"author":5,"featured_media":13707,"comment_status":"closed","ping_status":"open","sticky":false,"template":"","format":"standard","meta":{"_acf_changed":false,"footnotes":""},"categories":[319,5],"tags":[],"class_list":["post-66098","post","type-post","status-publish","format-standard","has-post-thumbnail","hentry","category-a-temporales","category-economia"],"acf":[],"yoast_head":"<!-- This site is optimized with the Yoast SEO plugin v27.4 - https:\/\/yoast.com\/product\/yoast-seo-wordpress\/ -->\n<title>La inflaci\u00f3n se aceler\u00f3 en septiembre al 5,9%, el mayor nivel en un a\u00f1o - Diario Textual<\/title>\n<meta name=\"robots\" content=\"index, follow, max-snippet:-1, max-image-preview:large, max-video-preview:-1\" \/>\n<link rel=\"canonical\" href=\"https:\/\/diariotextual.com\/inicio\/index.php\/2019\/10\/16\/la-inflacion-se-acelero-septiembre-al-59-mayor-nivel-ano\/\" \/>\n<meta property=\"og:locale\" content=\"es_ES\" \/>\n<meta property=\"og:type\" content=\"article\" \/>\n<meta property=\"og:title\" content=\"La inflaci\u00f3n se aceler\u00f3 en septiembre al 5,9%, el mayor nivel en un a\u00f1o - Diario Textual\" \/>\n<meta property=\"og:description\" content=\"Por efecto de la devaluaci\u00f3n, la inflaci\u00f3n de septiembre se aceler\u00f3 al 5,9%, el mayor nivel en un a\u00f1o, inform\u00f3 este mi\u00e9rcoles el Instituto Nacional de Estad\u00edsticas y Censos (Indec).\" \/>\n<meta property=\"og:url\" content=\"https:\/\/diariotextual.com\/inicio\/index.php\/2019\/10\/16\/la-inflacion-se-acelero-septiembre-al-59-mayor-nivel-ano\/\" \/>\n<meta property=\"og:site_name\" content=\"Diario Textual\" \/>\n<meta property=\"article:publisher\" content=\"https:\/\/www.facebook.com\/eltextual\" \/>\n<meta property=\"article:published_time\" content=\"2019-10-16T20:00:01+00:00\" \/>\n<meta property=\"article:modified_time\" content=\"2019-10-17T11:31:51+00:00\" \/>\n<meta property=\"og:image\" content=\"https:\/\/diariotextual.com\/inicio\/wp-content\/uploads\/2018\/07\/supermercadochango.jpg\" \/>\n\t<meta property=\"og:image:width\" content=\"645\" \/>\n\t<meta property=\"og:image:height\" content=\"430\" \/>\n\t<meta property=\"og:image:type\" content=\"image\/jpeg\" \/>\n<meta name=\"author\" content=\"diario3\" \/>\n<meta name=\"twitter:card\" content=\"summary_large_image\" \/>\n<meta name=\"twitter:creator\" content=\"@eltextual\" \/>\n<meta name=\"twitter:site\" content=\"@eltextual\" \/>\n<meta name=\"twitter:label1\" content=\"Escrito por\" \/>\n\t<meta name=\"twitter:data1\" content=\"diario3\" \/>\n\t<meta name=\"twitter:label2\" content=\"Tiempo de lectura\" \/>\n\t<meta name=\"twitter:data2\" content=\"2 minutos\" \/>\n<script type=\"application\/ld+json\" class=\"yoast-schema-graph\">{\"@context\":\"https:\\\/\\\/schema.org\",\"@graph\":[{\"@type\":\"Article\",\"@id\":\"https:\\\/\\\/diariotextual.com\\\/inicio\\\/index.php\\\/2019\\\/10\\\/16\\\/la-inflacion-se-acelero-septiembre-al-59-mayor-nivel-ano\\\/#article\",\"isPartOf\":{\"@id\":\"https:\\\/\\\/diariotextual.com\\\/inicio\\\/index.php\\\/2019\\\/10\\\/16\\\/la-inflacion-se-acelero-septiembre-al-59-mayor-nivel-ano\\\/\"},\"author\":{\"name\":\"diario3\",\"@id\":\"https:\\\/\\\/diariotextual.com\\\/inicio\\\/#\\\/schema\\\/person\\\/a1b6f563e0ee944c60f98119389a4d9f\"},\"headline\":\"La inflaci\u00f3n se aceler\u00f3 en septiembre al 5,9%, el mayor nivel en un a\u00f1o\",\"datePublished\":\"2019-10-16T20:00:01+00:00\",\"dateModified\":\"2019-10-17T11:31:51+00:00\",\"mainEntityOfPage\":{\"@id\":\"https:\\\/\\\/diariotextual.com\\\/inicio\\\/index.php\\\/2019\\\/10\\\/16\\\/la-inflacion-se-acelero-septiembre-al-59-mayor-nivel-ano\\\/\"},\"wordCount\":430,\"publisher\":{\"@id\":\"https:\\\/\\\/diariotextual.com\\\/inicio\\\/#organization\"},\"image\":{\"@id\":\"https:\\\/\\\/diariotextual.com\\\/inicio\\\/index.php\\\/2019\\\/10\\\/16\\\/la-inflacion-se-acelero-septiembre-al-59-mayor-nivel-ano\\\/#primaryimage\"},\"thumbnailUrl\":\"https:\\\/\\\/diariotextual.com\\\/inicio\\\/wp-content\\\/uploads\\\/2018\\\/07\\\/supermercadochango.jpg\",\"articleSection\":[\"A - TEMPORALES\",\"ECONOMIA\"],\"inLanguage\":\"es\"},{\"@type\":\"WebPage\",\"@id\":\"https:\\\/\\\/diariotextual.com\\\/inicio\\\/index.php\\\/2019\\\/10\\\/16\\\/la-inflacion-se-acelero-septiembre-al-59-mayor-nivel-ano\\\/\",\"url\":\"https:\\\/\\\/diariotextual.com\\\/inicio\\\/index.php\\\/2019\\\/10\\\/16\\\/la-inflacion-se-acelero-septiembre-al-59-mayor-nivel-ano\\\/\",\"name\":\"La inflaci\u00f3n se aceler\u00f3 en septiembre al 5,9%, el mayor nivel en un a\u00f1o - Diario Textual\",\"isPartOf\":{\"@id\":\"https:\\\/\\\/diariotextual.com\\\/inicio\\\/#website\"},\"primaryImageOfPage\":{\"@id\":\"https:\\\/\\\/diariotextual.com\\\/inicio\\\/index.php\\\/2019\\\/10\\\/16\\\/la-inflacion-se-acelero-septiembre-al-59-mayor-nivel-ano\\\/#primaryimage\"},\"image\":{\"@id\":\"https:\\\/\\\/diariotextual.com\\\/inicio\\\/index.php\\\/2019\\\/10\\\/16\\\/la-inflacion-se-acelero-septiembre-al-59-mayor-nivel-ano\\\/#primaryimage\"},\"thumbnailUrl\":\"https:\\\/\\\/diariotextual.com\\\/inicio\\\/wp-content\\\/uploads\\\/2018\\\/07\\\/supermercadochango.jpg\",\"datePublished\":\"2019-10-16T20:00:01+00:00\",\"dateModified\":\"2019-10-17T11:31:51+00:00\",\"breadcrumb\":{\"@id\":\"https:\\\/\\\/diariotextual.com\\\/inicio\\\/index.php\\\/2019\\\/10\\\/16\\\/la-inflacion-se-acelero-septiembre-al-59-mayor-nivel-ano\\\/#breadcrumb\"},\"inLanguage\":\"es\",\"potentialAction\":[{\"@type\":\"ReadAction\",\"target\":[\"https:\\\/\\\/diariotextual.com\\\/inicio\\\/index.php\\\/2019\\\/10\\\/16\\\/la-inflacion-se-acelero-septiembre-al-59-mayor-nivel-ano\\\/\"]}]},{\"@type\":\"ImageObject\",\"inLanguage\":\"es\",\"@id\":\"https:\\\/\\\/diariotextual.com\\\/inicio\\\/index.php\\\/2019\\\/10\\\/16\\\/la-inflacion-se-acelero-septiembre-al-59-mayor-nivel-ano\\\/#primaryimage\",\"url\":\"https:\\\/\\\/diariotextual.com\\\/inicio\\\/wp-content\\\/uploads\\\/2018\\\/07\\\/supermercadochango.jpg\",\"contentUrl\":\"https:\\\/\\\/diariotextual.com\\\/inicio\\\/wp-content\\\/uploads\\\/2018\\\/07\\\/supermercadochango.jpg\",\"width\":645,\"height\":430},{\"@type\":\"BreadcrumbList\",\"@id\":\"https:\\\/\\\/diariotextual.com\\\/inicio\\\/index.php\\\/2019\\\/10\\\/16\\\/la-inflacion-se-acelero-septiembre-al-59-mayor-nivel-ano\\\/#breadcrumb\",\"itemListElement\":[{\"@type\":\"ListItem\",\"position\":1,\"name\":\"Portada\",\"item\":\"https:\\\/\\\/diariotextual.com\\\/inicio\\\/\"},{\"@type\":\"ListItem\",\"position\":2,\"name\":\"La inflaci\u00f3n se aceler\u00f3 en septiembre al 5,9%, el mayor nivel en un a\u00f1o\"}]},{\"@type\":\"WebSite\",\"@id\":\"https:\\\/\\\/diariotextual.com\\\/inicio\\\/#website\",\"url\":\"https:\\\/\\\/diariotextual.com\\\/inicio\\\/\",\"name\":\"Diario Textual\",\"description\":\"\",\"publisher\":{\"@id\":\"https:\\\/\\\/diariotextual.com\\\/inicio\\\/#organization\"},\"potentialAction\":[{\"@type\":\"SearchAction\",\"target\":{\"@type\":\"EntryPoint\",\"urlTemplate\":\"https:\\\/\\\/diariotextual.com\\\/inicio\\\/?s={search_term_string}\"},\"query-input\":{\"@type\":\"PropertyValueSpecification\",\"valueRequired\":true,\"valueName\":\"search_term_string\"}}],\"inLanguage\":\"es\"},{\"@type\":\"Organization\",\"@id\":\"https:\\\/\\\/diariotextual.com\\\/inicio\\\/#organization\",\"name\":\"Diario Textual\",\"url\":\"https:\\\/\\\/diariotextual.com\\\/inicio\\\/\",\"logo\":{\"@type\":\"ImageObject\",\"inLanguage\":\"es\",\"@id\":\"https:\\\/\\\/diariotextual.com\\\/inicio\\\/#\\\/schema\\\/logo\\\/image\\\/\",\"url\":\"https:\\\/\\\/diariotextual.com\\\/inicio\\\/wp-content\\\/uploads\\\/2023\\\/05\\\/logotextual1.jpg\",\"contentUrl\":\"https:\\\/\\\/diariotextual.com\\\/inicio\\\/wp-content\\\/uploads\\\/2023\\\/05\\\/logotextual1.jpg\",\"width\":516,\"height\":76,\"caption\":\"Diario Textual\"},\"image\":{\"@id\":\"https:\\\/\\\/diariotextual.com\\\/inicio\\\/#\\\/schema\\\/logo\\\/image\\\/\"},\"sameAs\":[\"https:\\\/\\\/www.facebook.com\\\/eltextual\",\"https:\\\/\\\/x.com\\\/eltextual\",\"http:\\\/\\\/www.instagram.com\\\/eltextual\"]},{\"@type\":\"Person\",\"@id\":\"https:\\\/\\\/diariotextual.com\\\/inicio\\\/#\\\/schema\\\/person\\\/a1b6f563e0ee944c60f98119389a4d9f\",\"name\":\"diario3\",\"image\":{\"@type\":\"ImageObject\",\"inLanguage\":\"es\",\"@id\":\"https:\\\/\\\/secure.gravatar.com\\\/avatar\\\/5e7ee62c82fc04d9dd79d746a390d93c69c43223e5faeeb3ea9461ef752bfc5d?s=96&d=mm&r=g\",\"url\":\"https:\\\/\\\/secure.gravatar.com\\\/avatar\\\/5e7ee62c82fc04d9dd79d746a390d93c69c43223e5faeeb3ea9461ef752bfc5d?s=96&d=mm&r=g\",\"contentUrl\":\"https:\\\/\\\/secure.gravatar.com\\\/avatar\\\/5e7ee62c82fc04d9dd79d746a390d93c69c43223e5faeeb3ea9461ef752bfc5d?s=96&d=mm&r=g\",\"caption\":\"diario3\"},\"url\":\"https:\\\/\\\/diariotextual.com\\\/inicio\\\/index.php\\\/author\\\/diario3\\\/\"}]}<\/script>\n<!-- \/ Yoast SEO plugin. -->","yoast_head_json":{"title":"La inflaci\u00f3n se aceler\u00f3 en septiembre al 5,9%, el mayor nivel en un a\u00f1o - Diario Textual","robots":{"index":"index","follow":"follow","max-snippet":"max-snippet:-1","max-image-preview":"max-image-preview:large","max-video-preview":"max-video-preview:-1"},"canonical":"https:\/\/diariotextual.com\/inicio\/index.php\/2019\/10\/16\/la-inflacion-se-acelero-septiembre-al-59-mayor-nivel-ano\/","og_locale":"es_ES","og_type":"article","og_title":"La inflaci\u00f3n se aceler\u00f3 en septiembre al 5,9%, el mayor nivel en un a\u00f1o - Diario Textual","og_description":"Por efecto de la devaluaci\u00f3n, la inflaci\u00f3n de septiembre se aceler\u00f3 al 5,9%, el mayor nivel en un a\u00f1o, inform\u00f3 este mi\u00e9rcoles el Instituto Nacional de Estad\u00edsticas y Censos (Indec).","og_url":"https:\/\/diariotextual.com\/inicio\/index.php\/2019\/10\/16\/la-inflacion-se-acelero-septiembre-al-59-mayor-nivel-ano\/","og_site_name":"Diario Textual","article_publisher":"https:\/\/www.facebook.com\/eltextual","article_published_time":"2019-10-16T20:00:01+00:00","article_modified_time":"2019-10-17T11:31:51+00:00","og_image":[{"width":645,"height":430,"url":"https:\/\/diariotextual.com\/inicio\/wp-content\/uploads\/2018\/07\/supermercadochango.jpg","type":"image\/jpeg"}],"author":"diario3","twitter_card":"summary_large_image","twitter_creator":"@eltextual","twitter_site":"@eltextual","twitter_misc":{"Escrito por":"diario3","Tiempo de lectura":"2 minutos"},"schema":{"@context":"https:\/\/schema.org","@graph":[{"@type":"Article","@id":"https:\/\/diariotextual.com\/inicio\/index.php\/2019\/10\/16\/la-inflacion-se-acelero-septiembre-al-59-mayor-nivel-ano\/#article","isPartOf":{"@id":"https:\/\/diariotextual.com\/inicio\/index.php\/2019\/10\/16\/la-inflacion-se-acelero-septiembre-al-59-mayor-nivel-ano\/"},"author":{"name":"diario3","@id":"https:\/\/diariotextual.com\/inicio\/#\/schema\/person\/a1b6f563e0ee944c60f98119389a4d9f"},"headline":"La inflaci\u00f3n se aceler\u00f3 en septiembre al 5,9%, el mayor nivel en un a\u00f1o","datePublished":"2019-10-16T20:00:01+00:00","dateModified":"2019-10-17T11:31:51+00:00","mainEntityOfPage":{"@id":"https:\/\/diariotextual.com\/inicio\/index.php\/2019\/10\/16\/la-inflacion-se-acelero-septiembre-al-59-mayor-nivel-ano\/"},"wordCount":430,"publisher":{"@id":"https:\/\/diariotextual.com\/inicio\/#organization"},"image":{"@id":"https:\/\/diariotextual.com\/inicio\/index.php\/2019\/10\/16\/la-inflacion-se-acelero-septiembre-al-59-mayor-nivel-ano\/#primaryimage"},"thumbnailUrl":"https:\/\/diariotextual.com\/inicio\/wp-content\/uploads\/2018\/07\/supermercadochango.jpg","articleSection":["A - TEMPORALES","ECONOMIA"],"inLanguage":"es"},{"@type":"WebPage","@id":"https:\/\/diariotextual.com\/inicio\/index.php\/2019\/10\/16\/la-inflacion-se-acelero-septiembre-al-59-mayor-nivel-ano\/","url":"https:\/\/diariotextual.com\/inicio\/index.php\/2019\/10\/16\/la-inflacion-se-acelero-septiembre-al-59-mayor-nivel-ano\/","name":"La inflaci\u00f3n se aceler\u00f3 en septiembre al 5,9%, el mayor nivel en un a\u00f1o - Diario Textual","isPartOf":{"@id":"https:\/\/diariotextual.com\/inicio\/#website"},"primaryImageOfPage":{"@id":"https:\/\/diariotextual.com\/inicio\/index.php\/2019\/10\/16\/la-inflacion-se-acelero-septiembre-al-59-mayor-nivel-ano\/#primaryimage"},"image":{"@id":"https:\/\/diariotextual.com\/inicio\/index.php\/2019\/10\/16\/la-inflacion-se-acelero-septiembre-al-59-mayor-nivel-ano\/#primaryimage"},"thumbnailUrl":"https:\/\/diariotextual.com\/inicio\/wp-content\/uploads\/2018\/07\/supermercadochango.jpg","datePublished":"2019-10-16T20:00:01+00:00","dateModified":"2019-10-17T11:31:51+00:00","breadcrumb":{"@id":"https:\/\/diariotextual.com\/inicio\/index.php\/2019\/10\/16\/la-inflacion-se-acelero-septiembre-al-59-mayor-nivel-ano\/#breadcrumb"},"inLanguage":"es","potentialAction":[{"@type":"ReadAction","target":["https:\/\/diariotextual.com\/inicio\/index.php\/2019\/10\/16\/la-inflacion-se-acelero-septiembre-al-59-mayor-nivel-ano\/"]}]},{"@type":"ImageObject","inLanguage":"es","@id":"https:\/\/diariotextual.com\/inicio\/index.php\/2019\/10\/16\/la-inflacion-se-acelero-septiembre-al-59-mayor-nivel-ano\/#primaryimage","url":"https:\/\/diariotextual.com\/inicio\/wp-content\/uploads\/2018\/07\/supermercadochango.jpg","contentUrl":"https:\/\/diariotextual.com\/inicio\/wp-content\/uploads\/2018\/07\/supermercadochango.jpg","width":645,"height":430},{"@type":"BreadcrumbList","@id":"https:\/\/diariotextual.com\/inicio\/index.php\/2019\/10\/16\/la-inflacion-se-acelero-septiembre-al-59-mayor-nivel-ano\/#breadcrumb","itemListElement":[{"@type":"ListItem","position":1,"name":"Portada","item":"https:\/\/diariotextual.com\/inicio\/"},{"@type":"ListItem","position":2,"name":"La inflaci\u00f3n se aceler\u00f3 en septiembre al 5,9%, el mayor nivel en un a\u00f1o"}]},{"@type":"WebSite","@id":"https:\/\/diariotextual.com\/inicio\/#website","url":"https:\/\/diariotextual.com\/inicio\/","name":"Diario Textual","description":"","publisher":{"@id":"https:\/\/diariotextual.com\/inicio\/#organization"},"potentialAction":[{"@type":"SearchAction","target":{"@type":"EntryPoint","urlTemplate":"https:\/\/diariotextual.com\/inicio\/?s={search_term_string}"},"query-input":{"@type":"PropertyValueSpecification","valueRequired":true,"valueName":"search_term_string"}}],"inLanguage":"es"},{"@type":"Organization","@id":"https:\/\/diariotextual.com\/inicio\/#organization","name":"Diario Textual","url":"https:\/\/diariotextual.com\/inicio\/","logo":{"@type":"ImageObject","inLanguage":"es","@id":"https:\/\/diariotextual.com\/inicio\/#\/schema\/logo\/image\/","url":"https:\/\/diariotextual.com\/inicio\/wp-content\/uploads\/2023\/05\/logotextual1.jpg","contentUrl":"https:\/\/diariotextual.com\/inicio\/wp-content\/uploads\/2023\/05\/logotextual1.jpg","width":516,"height":76,"caption":"Diario Textual"},"image":{"@id":"https:\/\/diariotextual.com\/inicio\/#\/schema\/logo\/image\/"},"sameAs":["https:\/\/www.facebook.com\/eltextual","https:\/\/x.com\/eltextual","http:\/\/www.instagram.com\/eltextual"]},{"@type":"Person","@id":"https:\/\/diariotextual.com\/inicio\/#\/schema\/person\/a1b6f563e0ee944c60f98119389a4d9f","name":"diario3","image":{"@type":"ImageObject","inLanguage":"es","@id":"https:\/\/secure.gravatar.com\/avatar\/5e7ee62c82fc04d9dd79d746a390d93c69c43223e5faeeb3ea9461ef752bfc5d?s=96&d=mm&r=g","url":"https:\/\/secure.gravatar.com\/avatar\/5e7ee62c82fc04d9dd79d746a390d93c69c43223e5faeeb3ea9461ef752bfc5d?s=96&d=mm&r=g","contentUrl":"https:\/\/secure.gravatar.com\/avatar\/5e7ee62c82fc04d9dd79d746a390d93c69c43223e5faeeb3ea9461ef752bfc5d?s=96&d=mm&r=g","caption":"diario3"},"url":"https:\/\/diariotextual.com\/inicio\/index.php\/author\/diario3\/"}]}},"_links":{"self":[{"href":"https:\/\/diariotextual.com\/inicio\/index.php\/wp-json\/wp\/v2\/posts\/66098","targetHints":{"allow":["GET"]}}],"collection":[{"href":"https:\/\/diariotextual.com\/inicio\/index.php\/wp-json\/wp\/v2\/posts"}],"about":[{"href":"https:\/\/diariotextual.com\/inicio\/index.php\/wp-json\/wp\/v2\/types\/post"}],"author":[{"embeddable":true,"href":"https:\/\/diariotextual.com\/inicio\/index.php\/wp-json\/wp\/v2\/users\/5"}],"replies":[{"embeddable":true,"href":"https:\/\/diariotextual.com\/inicio\/index.php\/wp-json\/wp\/v2\/comments?post=66098"}],"version-history":[{"count":1,"href":"https:\/\/diariotextual.com\/inicio\/index.php\/wp-json\/wp\/v2\/posts\/66098\/revisions"}],"predecessor-version":[{"id":66099,"href":"https:\/\/diariotextual.com\/inicio\/index.php\/wp-json\/wp\/v2\/posts\/66098\/revisions\/66099"}],"wp:featuredmedia":[{"embeddable":true,"href":"https:\/\/diariotextual.com\/inicio\/index.php\/wp-json\/wp\/v2\/media\/13707"}],"wp:attachment":[{"href":"https:\/\/diariotextual.com\/inicio\/index.php\/wp-json\/wp\/v2\/media?parent=66098"}],"wp:term":[{"taxonomy":"category","embeddable":true,"href":"https:\/\/diariotextual.com\/inicio\/index.php\/wp-json\/wp\/v2\/categories?post=66098"},{"taxonomy":"post_tag","embeddable":true,"href":"https:\/\/diariotextual.com\/inicio\/index.php\/wp-json\/wp\/v2\/tags?post=66098"}],"curies":[{"name":"wp","href":"https:\/\/api.w.org\/{rel}","templated":true}]}}