{"id":66103,"date":"2019-10-16T17:21:35","date_gmt":"2019-10-16T20:21:35","guid":{"rendered":"http:\/\/diariotextual.com\/inicio\/?p=66103"},"modified":"2019-10-17T08:27:32","modified_gmt":"2019-10-17T11:27:32","slug":"hipertehuelche-crisis-dueno-pedira-quita-impuestos","status":"publish","type":"post","link":"https:\/\/diariotextual.com\/inicio\/index.php\/2019\/10\/16\/hipertehuelche-crisis-dueno-pedira-quita-impuestos\/","title":{"rendered":"Hipertehuelche en crisis: due\u00f1o pedir\u00e1 quita de impuestos"},"content":{"rendered":"<p><strong>Hipertehuelche, la cadena de venta de art\u00edculos para la construcci\u00f3n<\/strong>, con fuerte presencia en la Patagonia y con presencia en Santa Rosa, confirm\u00f3 su presentaci\u00f3n ante la Justicia comercial la apertura de un procedimiento preventivo de crisis (PPC) y de esta manera se sum\u00f3 a la <strong>ya interminable lista de empresas que buscan achicar su plantilla de personal o pagar menos impuestos.<\/strong><\/p>\n<p><!--more--><\/p>\n<p>La empresa que opera bajo la <strong>raz\u00f3n social El Tehuelche S.A., pertenece al senador por Cambiemos Eduardo Costa, quien incluso fue candidato a gobernador por la provincia de Santa Cruz.<\/strong><\/p>\n<p>Lo cierto, es que <strong>en este momento la firma, que tiene bajo su \u00f3rbita m\u00e1s de 600 empleados y 15 sucursales distribuidas en las provincias de Bah\u00eda Blanca, Bariloche, Santa Cruz, Chubut, Neuqu\u00e9n, R\u00edo Negro, La Pampa y Buenos Aires, no muestra, a simple vista n\u00fameros alarmantes<\/strong>, public\u00f3 el portal \u00c1mbito Financiero.<\/p>\n<p>Seg\u00fan su informaci\u00f3n contable,<strong> en su \u00faltimo balance anual cerrado en junio del a\u00f1o pasado, tuvo ventas totales por m\u00e1s de $2.456 millones y obtuvo una ganancia despu\u00e9s de impuestos de $24,9 millones<\/strong>. Un a\u00f1o antes, con una facturaci\u00f3n de $2.100 millones, obtuvo ganancias de $23,96 millones.<\/p>\n<p>Al mismo tiempo, <strong>seg\u00fan el BCRA sus deudas bancarias ascienden a $651,5 millones, toda en situaci\u00f3n 1 (sin atrasos en los pagos).<\/strong><\/p>\n<p>A <strong>la fecha tampoco cuenta con cheques rechazados<\/strong> y quiz\u00e1s una clara se\u00f1al de lo que se viene es que actualmente adeuda tres meses de los aportes a la seguridad social de sus empleados y un mes de obra social.<\/p>\n<p>En este marco<a href=\"http:\/\/diariotextual.com\/inicio\/index.php\/2019\/10\/07\/hipertehuelche-propiedad-dirigente-macrista-pidio-procedimiento-preventivo-crisis\/\"><strong> la empresa, solicit\u00f3 d\u00edas atr\u00e1s la apertura del PPC ante el Ministerio de Producci\u00f3n y Trabajo de la Naci\u00f3n y finalmente result\u00f3 aceptado por la Federaci\u00f3n Argentina de Empleados de Comercio.<\/strong><\/a><\/p>\n<p>La <strong>clave est\u00e1 en que prometi\u00f3 no ejecutar despidos pero si pagar\u00eda en cuotas lo que adeuda de aportes patronales<\/strong>, lo que seguir\u00eda a continuaci\u00f3n es negociar con el ministerio de Producci\u00f3n la exclusi\u00f3n de parte de los aportes y contribuciones correspondientes a la seguridad social.<\/p>\n<p><strong>Algo similar hizo tiempo atr\u00e1s la cadena de electrodom\u00e9sticos Ribeiro, que consigui\u00f3 una exclusi\u00f3n de nada menos que el 70%<\/strong> y la empresa del senador ir\u00eda por el mismo camino.<\/p>\n<p>&nbsp;<\/p>\n","protected":false},"excerpt":{"rendered":"<p>Hipertehuelche, la cadena de venta de art\u00edculos para la construcci\u00f3n, con fuerte presencia en la Patagonia y con presencia en Santa Rosa, confirm\u00f3 su presentaci\u00f3n ante la Justicia comercial la&hellip;<\/p>\n","protected":false},"author":5,"featured_media":14425,"comment_status":"closed","ping_status":"open","sticky":false,"template":"","format":"standard","meta":{"_acf_changed":false,"footnotes":""},"categories":[11,5],"tags":[],"class_list":["post-66103","post","type-post","status-publish","format-standard","has-post-thumbnail","hentry","category-que-pasa","category-economia"],"acf":[],"yoast_head":"<!-- This site is optimized with the Yoast SEO plugin v27.5 - https:\/\/yoast.com\/product\/yoast-seo-wordpress\/ -->\n<title>Hipertehuelche en crisis: due\u00f1o pedir\u00e1 quita de impuestos - Diario Textual<\/title>\n<meta name=\"robots\" content=\"index, follow, max-snippet:-1, max-image-preview:large, max-video-preview:-1\" \/>\n<link rel=\"canonical\" href=\"https:\/\/diariotextual.com\/inicio\/index.php\/2019\/10\/16\/hipertehuelche-crisis-dueno-pedira-quita-impuestos\/\" \/>\n<meta property=\"og:locale\" content=\"es_ES\" \/>\n<meta property=\"og:type\" content=\"article\" \/>\n<meta property=\"og:title\" content=\"Hipertehuelche en crisis: due\u00f1o pedir\u00e1 quita de impuestos - Diario Textual\" \/>\n<meta property=\"og:description\" content=\"Hipertehuelche, la cadena de venta de art\u00edculos para la construcci\u00f3n, con fuerte presencia en la Patagonia y con presencia en Santa Rosa, confirm\u00f3 su presentaci\u00f3n ante la Justicia comercial la&hellip;\" \/>\n<meta property=\"og:url\" content=\"https:\/\/diariotextual.com\/inicio\/index.php\/2019\/10\/16\/hipertehuelche-crisis-dueno-pedira-quita-impuestos\/\" \/>\n<meta property=\"og:site_name\" content=\"Diario Textual\" \/>\n<meta property=\"article:publisher\" content=\"https:\/\/www.facebook.com\/eltextual\" \/>\n<meta property=\"article:published_time\" content=\"2019-10-16T20:21:35+00:00\" \/>\n<meta property=\"article:modified_time\" content=\"2019-10-17T11:27:32+00:00\" \/>\n<meta property=\"og:image\" content=\"https:\/\/diariotextual.com\/inicio\/wp-content\/uploads\/2018\/07\/hipertehuelche.jpg\" \/>\n\t<meta property=\"og:image:width\" content=\"939\" \/>\n\t<meta property=\"og:image:height\" content=\"536\" \/>\n\t<meta property=\"og:image:type\" content=\"image\/jpeg\" \/>\n<meta name=\"author\" content=\"diario3\" \/>\n<meta name=\"twitter:card\" content=\"summary_large_image\" \/>\n<meta name=\"twitter:creator\" content=\"@eltextual\" \/>\n<meta name=\"twitter:site\" content=\"@eltextual\" \/>\n<meta name=\"twitter:label1\" content=\"Escrito por\" \/>\n\t<meta name=\"twitter:data1\" content=\"diario3\" \/>\n\t<meta name=\"twitter:label2\" content=\"Tiempo de lectura\" \/>\n\t<meta name=\"twitter:data2\" content=\"2 minutos\" \/>\n<script type=\"application\/ld+json\" class=\"yoast-schema-graph\">{\"@context\":\"https:\\\/\\\/schema.org\",\"@graph\":[{\"@type\":\"Article\",\"@id\":\"https:\\\/\\\/diariotextual.com\\\/inicio\\\/index.php\\\/2019\\\/10\\\/16\\\/hipertehuelche-crisis-dueno-pedira-quita-impuestos\\\/#article\",\"isPartOf\":{\"@id\":\"https:\\\/\\\/diariotextual.com\\\/inicio\\\/index.php\\\/2019\\\/10\\\/16\\\/hipertehuelche-crisis-dueno-pedira-quita-impuestos\\\/\"},\"author\":{\"name\":\"diario3\",\"@id\":\"https:\\\/\\\/diariotextual.com\\\/inicio\\\/#\\\/schema\\\/person\\\/a1b6f563e0ee944c60f98119389a4d9f\"},\"headline\":\"Hipertehuelche en crisis: due\u00f1o pedir\u00e1 quita de impuestos\",\"datePublished\":\"2019-10-16T20:21:35+00:00\",\"dateModified\":\"2019-10-17T11:27:32+00:00\",\"mainEntityOfPage\":{\"@id\":\"https:\\\/\\\/diariotextual.com\\\/inicio\\\/index.php\\\/2019\\\/10\\\/16\\\/hipertehuelche-crisis-dueno-pedira-quita-impuestos\\\/\"},\"wordCount\":399,\"publisher\":{\"@id\":\"https:\\\/\\\/diariotextual.com\\\/inicio\\\/#organization\"},\"image\":{\"@id\":\"https:\\\/\\\/diariotextual.com\\\/inicio\\\/index.php\\\/2019\\\/10\\\/16\\\/hipertehuelche-crisis-dueno-pedira-quita-impuestos\\\/#primaryimage\"},\"thumbnailUrl\":\"https:\\\/\\\/diariotextual.com\\\/inicio\\\/wp-content\\\/uploads\\\/2018\\\/07\\\/hipertehuelche.jpg\",\"articleSection\":[\"A - QUE PASA (al costado)\",\"ECONOMIA\"],\"inLanguage\":\"es\"},{\"@type\":\"WebPage\",\"@id\":\"https:\\\/\\\/diariotextual.com\\\/inicio\\\/index.php\\\/2019\\\/10\\\/16\\\/hipertehuelche-crisis-dueno-pedira-quita-impuestos\\\/\",\"url\":\"https:\\\/\\\/diariotextual.com\\\/inicio\\\/index.php\\\/2019\\\/10\\\/16\\\/hipertehuelche-crisis-dueno-pedira-quita-impuestos\\\/\",\"name\":\"Hipertehuelche en crisis: due\u00f1o pedir\u00e1 quita de impuestos - Diario Textual\",\"isPartOf\":{\"@id\":\"https:\\\/\\\/diariotextual.com\\\/inicio\\\/#website\"},\"primaryImageOfPage\":{\"@id\":\"https:\\\/\\\/diariotextual.com\\\/inicio\\\/index.php\\\/2019\\\/10\\\/16\\\/hipertehuelche-crisis-dueno-pedira-quita-impuestos\\\/#primaryimage\"},\"image\":{\"@id\":\"https:\\\/\\\/diariotextual.com\\\/inicio\\\/index.php\\\/2019\\\/10\\\/16\\\/hipertehuelche-crisis-dueno-pedira-quita-impuestos\\\/#primaryimage\"},\"thumbnailUrl\":\"https:\\\/\\\/diariotextual.com\\\/inicio\\\/wp-content\\\/uploads\\\/2018\\\/07\\\/hipertehuelche.jpg\",\"datePublished\":\"2019-10-16T20:21:35+00:00\",\"dateModified\":\"2019-10-17T11:27:32+00:00\",\"breadcrumb\":{\"@id\":\"https:\\\/\\\/diariotextual.com\\\/inicio\\\/index.php\\\/2019\\\/10\\\/16\\\/hipertehuelche-crisis-dueno-pedira-quita-impuestos\\\/#breadcrumb\"},\"inLanguage\":\"es\",\"potentialAction\":[{\"@type\":\"ReadAction\",\"target\":[\"https:\\\/\\\/diariotextual.com\\\/inicio\\\/index.php\\\/2019\\\/10\\\/16\\\/hipertehuelche-crisis-dueno-pedira-quita-impuestos\\\/\"]}]},{\"@type\":\"ImageObject\",\"inLanguage\":\"es\",\"@id\":\"https:\\\/\\\/diariotextual.com\\\/inicio\\\/index.php\\\/2019\\\/10\\\/16\\\/hipertehuelche-crisis-dueno-pedira-quita-impuestos\\\/#primaryimage\",\"url\":\"https:\\\/\\\/diariotextual.com\\\/inicio\\\/wp-content\\\/uploads\\\/2018\\\/07\\\/hipertehuelche.jpg\",\"contentUrl\":\"https:\\\/\\\/diariotextual.com\\\/inicio\\\/wp-content\\\/uploads\\\/2018\\\/07\\\/hipertehuelche.jpg\",\"width\":939,\"height\":536},{\"@type\":\"BreadcrumbList\",\"@id\":\"https:\\\/\\\/diariotextual.com\\\/inicio\\\/index.php\\\/2019\\\/10\\\/16\\\/hipertehuelche-crisis-dueno-pedira-quita-impuestos\\\/#breadcrumb\",\"itemListElement\":[{\"@type\":\"ListItem\",\"position\":1,\"name\":\"Portada\",\"item\":\"https:\\\/\\\/diariotextual.com\\\/inicio\\\/\"},{\"@type\":\"ListItem\",\"position\":2,\"name\":\"Hipertehuelche en crisis: due\u00f1o pedir\u00e1 quita de impuestos\"}]},{\"@type\":\"WebSite\",\"@id\":\"https:\\\/\\\/diariotextual.com\\\/inicio\\\/#website\",\"url\":\"https:\\\/\\\/diariotextual.com\\\/inicio\\\/\",\"name\":\"Diario Textual\",\"description\":\"\",\"publisher\":{\"@id\":\"https:\\\/\\\/diariotextual.com\\\/inicio\\\/#organization\"},\"potentialAction\":[{\"@type\":\"SearchAction\",\"target\":{\"@type\":\"EntryPoint\",\"urlTemplate\":\"https:\\\/\\\/diariotextual.com\\\/inicio\\\/?s={search_term_string}\"},\"query-input\":{\"@type\":\"PropertyValueSpecification\",\"valueRequired\":true,\"valueName\":\"search_term_string\"}}],\"inLanguage\":\"es\"},{\"@type\":\"Organization\",\"@id\":\"https:\\\/\\\/diariotextual.com\\\/inicio\\\/#organization\",\"name\":\"Diario Textual\",\"url\":\"https:\\\/\\\/diariotextual.com\\\/inicio\\\/\",\"logo\":{\"@type\":\"ImageObject\",\"inLanguage\":\"es\",\"@id\":\"https:\\\/\\\/diariotextual.com\\\/inicio\\\/#\\\/schema\\\/logo\\\/image\\\/\",\"url\":\"https:\\\/\\\/diariotextual.com\\\/inicio\\\/wp-content\\\/uploads\\\/2023\\\/05\\\/logotextual1.jpg\",\"contentUrl\":\"https:\\\/\\\/diariotextual.com\\\/inicio\\\/wp-content\\\/uploads\\\/2023\\\/05\\\/logotextual1.jpg\",\"width\":516,\"height\":76,\"caption\":\"Diario Textual\"},\"image\":{\"@id\":\"https:\\\/\\\/diariotextual.com\\\/inicio\\\/#\\\/schema\\\/logo\\\/image\\\/\"},\"sameAs\":[\"https:\\\/\\\/www.facebook.com\\\/eltextual\",\"https:\\\/\\\/x.com\\\/eltextual\",\"http:\\\/\\\/www.instagram.com\\\/eltextual\"]},{\"@type\":\"Person\",\"@id\":\"https:\\\/\\\/diariotextual.com\\\/inicio\\\/#\\\/schema\\\/person\\\/a1b6f563e0ee944c60f98119389a4d9f\",\"name\":\"diario3\",\"image\":{\"@type\":\"ImageObject\",\"inLanguage\":\"es\",\"@id\":\"https:\\\/\\\/secure.gravatar.com\\\/avatar\\\/5e7ee62c82fc04d9dd79d746a390d93c69c43223e5faeeb3ea9461ef752bfc5d?s=96&d=mm&r=g\",\"url\":\"https:\\\/\\\/secure.gravatar.com\\\/avatar\\\/5e7ee62c82fc04d9dd79d746a390d93c69c43223e5faeeb3ea9461ef752bfc5d?s=96&d=mm&r=g\",\"contentUrl\":\"https:\\\/\\\/secure.gravatar.com\\\/avatar\\\/5e7ee62c82fc04d9dd79d746a390d93c69c43223e5faeeb3ea9461ef752bfc5d?s=96&d=mm&r=g\",\"caption\":\"diario3\"},\"url\":\"https:\\\/\\\/diariotextual.com\\\/inicio\\\/index.php\\\/author\\\/diario3\\\/\"}]}<\/script>\n<!-- \/ Yoast SEO plugin. -->","yoast_head_json":{"title":"Hipertehuelche en crisis: due\u00f1o pedir\u00e1 quita de impuestos - Diario Textual","robots":{"index":"index","follow":"follow","max-snippet":"max-snippet:-1","max-image-preview":"max-image-preview:large","max-video-preview":"max-video-preview:-1"},"canonical":"https:\/\/diariotextual.com\/inicio\/index.php\/2019\/10\/16\/hipertehuelche-crisis-dueno-pedira-quita-impuestos\/","og_locale":"es_ES","og_type":"article","og_title":"Hipertehuelche en crisis: due\u00f1o pedir\u00e1 quita de impuestos - Diario Textual","og_description":"Hipertehuelche, la cadena de venta de art\u00edculos para la construcci\u00f3n, con fuerte presencia en la Patagonia y con presencia en Santa Rosa, confirm\u00f3 su presentaci\u00f3n ante la Justicia comercial la&hellip;","og_url":"https:\/\/diariotextual.com\/inicio\/index.php\/2019\/10\/16\/hipertehuelche-crisis-dueno-pedira-quita-impuestos\/","og_site_name":"Diario Textual","article_publisher":"https:\/\/www.facebook.com\/eltextual","article_published_time":"2019-10-16T20:21:35+00:00","article_modified_time":"2019-10-17T11:27:32+00:00","og_image":[{"width":939,"height":536,"url":"https:\/\/diariotextual.com\/inicio\/wp-content\/uploads\/2018\/07\/hipertehuelche.jpg","type":"image\/jpeg"}],"author":"diario3","twitter_card":"summary_large_image","twitter_creator":"@eltextual","twitter_site":"@eltextual","twitter_misc":{"Escrito por":"diario3","Tiempo de lectura":"2 minutos"},"schema":{"@context":"https:\/\/schema.org","@graph":[{"@type":"Article","@id":"https:\/\/diariotextual.com\/inicio\/index.php\/2019\/10\/16\/hipertehuelche-crisis-dueno-pedira-quita-impuestos\/#article","isPartOf":{"@id":"https:\/\/diariotextual.com\/inicio\/index.php\/2019\/10\/16\/hipertehuelche-crisis-dueno-pedira-quita-impuestos\/"},"author":{"name":"diario3","@id":"https:\/\/diariotextual.com\/inicio\/#\/schema\/person\/a1b6f563e0ee944c60f98119389a4d9f"},"headline":"Hipertehuelche en crisis: due\u00f1o pedir\u00e1 quita de impuestos","datePublished":"2019-10-16T20:21:35+00:00","dateModified":"2019-10-17T11:27:32+00:00","mainEntityOfPage":{"@id":"https:\/\/diariotextual.com\/inicio\/index.php\/2019\/10\/16\/hipertehuelche-crisis-dueno-pedira-quita-impuestos\/"},"wordCount":399,"publisher":{"@id":"https:\/\/diariotextual.com\/inicio\/#organization"},"image":{"@id":"https:\/\/diariotextual.com\/inicio\/index.php\/2019\/10\/16\/hipertehuelche-crisis-dueno-pedira-quita-impuestos\/#primaryimage"},"thumbnailUrl":"https:\/\/diariotextual.com\/inicio\/wp-content\/uploads\/2018\/07\/hipertehuelche.jpg","articleSection":["A - QUE PASA (al costado)","ECONOMIA"],"inLanguage":"es"},{"@type":"WebPage","@id":"https:\/\/diariotextual.com\/inicio\/index.php\/2019\/10\/16\/hipertehuelche-crisis-dueno-pedira-quita-impuestos\/","url":"https:\/\/diariotextual.com\/inicio\/index.php\/2019\/10\/16\/hipertehuelche-crisis-dueno-pedira-quita-impuestos\/","name":"Hipertehuelche en crisis: due\u00f1o pedir\u00e1 quita de impuestos - Diario Textual","isPartOf":{"@id":"https:\/\/diariotextual.com\/inicio\/#website"},"primaryImageOfPage":{"@id":"https:\/\/diariotextual.com\/inicio\/index.php\/2019\/10\/16\/hipertehuelche-crisis-dueno-pedira-quita-impuestos\/#primaryimage"},"image":{"@id":"https:\/\/diariotextual.com\/inicio\/index.php\/2019\/10\/16\/hipertehuelche-crisis-dueno-pedira-quita-impuestos\/#primaryimage"},"thumbnailUrl":"https:\/\/diariotextual.com\/inicio\/wp-content\/uploads\/2018\/07\/hipertehuelche.jpg","datePublished":"2019-10-16T20:21:35+00:00","dateModified":"2019-10-17T11:27:32+00:00","breadcrumb":{"@id":"https:\/\/diariotextual.com\/inicio\/index.php\/2019\/10\/16\/hipertehuelche-crisis-dueno-pedira-quita-impuestos\/#breadcrumb"},"inLanguage":"es","potentialAction":[{"@type":"ReadAction","target":["https:\/\/diariotextual.com\/inicio\/index.php\/2019\/10\/16\/hipertehuelche-crisis-dueno-pedira-quita-impuestos\/"]}]},{"@type":"ImageObject","inLanguage":"es","@id":"https:\/\/diariotextual.com\/inicio\/index.php\/2019\/10\/16\/hipertehuelche-crisis-dueno-pedira-quita-impuestos\/#primaryimage","url":"https:\/\/diariotextual.com\/inicio\/wp-content\/uploads\/2018\/07\/hipertehuelche.jpg","contentUrl":"https:\/\/diariotextual.com\/inicio\/wp-content\/uploads\/2018\/07\/hipertehuelche.jpg","width":939,"height":536},{"@type":"BreadcrumbList","@id":"https:\/\/diariotextual.com\/inicio\/index.php\/2019\/10\/16\/hipertehuelche-crisis-dueno-pedira-quita-impuestos\/#breadcrumb","itemListElement":[{"@type":"ListItem","position":1,"name":"Portada","item":"https:\/\/diariotextual.com\/inicio\/"},{"@type":"ListItem","position":2,"name":"Hipertehuelche en crisis: due\u00f1o pedir\u00e1 quita de impuestos"}]},{"@type":"WebSite","@id":"https:\/\/diariotextual.com\/inicio\/#website","url":"https:\/\/diariotextual.com\/inicio\/","name":"Diario Textual","description":"","publisher":{"@id":"https:\/\/diariotextual.com\/inicio\/#organization"},"potentialAction":[{"@type":"SearchAction","target":{"@type":"EntryPoint","urlTemplate":"https:\/\/diariotextual.com\/inicio\/?s={search_term_string}"},"query-input":{"@type":"PropertyValueSpecification","valueRequired":true,"valueName":"search_term_string"}}],"inLanguage":"es"},{"@type":"Organization","@id":"https:\/\/diariotextual.com\/inicio\/#organization","name":"Diario Textual","url":"https:\/\/diariotextual.com\/inicio\/","logo":{"@type":"ImageObject","inLanguage":"es","@id":"https:\/\/diariotextual.com\/inicio\/#\/schema\/logo\/image\/","url":"https:\/\/diariotextual.com\/inicio\/wp-content\/uploads\/2023\/05\/logotextual1.jpg","contentUrl":"https:\/\/diariotextual.com\/inicio\/wp-content\/uploads\/2023\/05\/logotextual1.jpg","width":516,"height":76,"caption":"Diario Textual"},"image":{"@id":"https:\/\/diariotextual.com\/inicio\/#\/schema\/logo\/image\/"},"sameAs":["https:\/\/www.facebook.com\/eltextual","https:\/\/x.com\/eltextual","http:\/\/www.instagram.com\/eltextual"]},{"@type":"Person","@id":"https:\/\/diariotextual.com\/inicio\/#\/schema\/person\/a1b6f563e0ee944c60f98119389a4d9f","name":"diario3","image":{"@type":"ImageObject","inLanguage":"es","@id":"https:\/\/secure.gravatar.com\/avatar\/5e7ee62c82fc04d9dd79d746a390d93c69c43223e5faeeb3ea9461ef752bfc5d?s=96&d=mm&r=g","url":"https:\/\/secure.gravatar.com\/avatar\/5e7ee62c82fc04d9dd79d746a390d93c69c43223e5faeeb3ea9461ef752bfc5d?s=96&d=mm&r=g","contentUrl":"https:\/\/secure.gravatar.com\/avatar\/5e7ee62c82fc04d9dd79d746a390d93c69c43223e5faeeb3ea9461ef752bfc5d?s=96&d=mm&r=g","caption":"diario3"},"url":"https:\/\/diariotextual.com\/inicio\/index.php\/author\/diario3\/"}]}},"_links":{"self":[{"href":"https:\/\/diariotextual.com\/inicio\/index.php\/wp-json\/wp\/v2\/posts\/66103","targetHints":{"allow":["GET"]}}],"collection":[{"href":"https:\/\/diariotextual.com\/inicio\/index.php\/wp-json\/wp\/v2\/posts"}],"about":[{"href":"https:\/\/diariotextual.com\/inicio\/index.php\/wp-json\/wp\/v2\/types\/post"}],"author":[{"embeddable":true,"href":"https:\/\/diariotextual.com\/inicio\/index.php\/wp-json\/wp\/v2\/users\/5"}],"replies":[{"embeddable":true,"href":"https:\/\/diariotextual.com\/inicio\/index.php\/wp-json\/wp\/v2\/comments?post=66103"}],"version-history":[{"count":1,"href":"https:\/\/diariotextual.com\/inicio\/index.php\/wp-json\/wp\/v2\/posts\/66103\/revisions"}],"predecessor-version":[{"id":66104,"href":"https:\/\/diariotextual.com\/inicio\/index.php\/wp-json\/wp\/v2\/posts\/66103\/revisions\/66104"}],"wp:featuredmedia":[{"embeddable":true,"href":"https:\/\/diariotextual.com\/inicio\/index.php\/wp-json\/wp\/v2\/media\/14425"}],"wp:attachment":[{"href":"https:\/\/diariotextual.com\/inicio\/index.php\/wp-json\/wp\/v2\/media?parent=66103"}],"wp:term":[{"taxonomy":"category","embeddable":true,"href":"https:\/\/diariotextual.com\/inicio\/index.php\/wp-json\/wp\/v2\/categories?post=66103"},{"taxonomy":"post_tag","embeddable":true,"href":"https:\/\/diariotextual.com\/inicio\/index.php\/wp-json\/wp\/v2\/tags?post=66103"}],"curies":[{"name":"wp","href":"https:\/\/api.w.org\/{rel}","templated":true}]}}