{"id":66115,"date":"2019-10-16T20:50:57","date_gmt":"2019-10-16T23:50:57","guid":{"rendered":"http:\/\/diariotextual.com\/inicio\/?p=66115"},"modified":"2019-10-17T11:55:42","modified_gmt":"2019-10-17T14:55:42","slug":"se-activo-la-clausula-gatillo-la-inflacion-los-estatales-obtienen-otra-suba-22","status":"publish","type":"post","link":"https:\/\/diariotextual.com\/inicio\/index.php\/2019\/10\/16\/se-activo-la-clausula-gatillo-la-inflacion-los-estatales-obtienen-otra-suba-22\/","title":{"rendered":"Se activ\u00f3 la cl\u00e1usula gatillo por la inflaci\u00f3n y los estatales obtienen otra suba: 2,2%"},"content":{"rendered":"<p>Hoy se conocieron los<a href=\"http:\/\/diariotextual.com\/inicio\/index.php\/2019\/10\/16\/la-inflacion-se-acelero-septiembre-al-59-mayor-nivel-ano\/\" target=\"_blank\" rel=\"noopener\"><strong> nuevos datos de la inflaci\u00f3n<\/strong> <\/a>y ya se activ\u00f3, autom\u00e1ticamente, <strong>la cl\u00e1usula gatillo<\/strong> y los estatales pampeanos -a los que luego se sumar\u00e1n los municipales- co<strong>brar\u00e1n un nuevo aumento: ser\u00e1 del 2,2 por ciento<\/strong>, pudo saber <strong>Diario Textual<\/strong> de fuentes oficiales. De esta manera,<strong> los salarios estatales equiparar\u00e1n los incrementos de precios al consumidor<\/strong>.<\/p>\n<p>En agosto, los trabajadores -en dos mesas paritarias- firmaron un acuerdo con un incremento del 5% para agosto, 5% para septiembre, con cl\u00e1usula gatillo en octubre para revisar los n\u00fameros de acuerdo a la inflaci\u00f3n, otro aumento del 3% en noviembre,\u00a0 y una cl\u00e1usula gatillo en diciembre para terminar el a\u00f1o.<\/p>\n<p><strong>\u201cEse incremento del 5 por ciento en agosto y otro 5 por ciento en septiembre fueron dados para equiparar, en rigor, la inflaci\u00f3n del trimestre julio, agosto y septiembre\u201d<\/strong>, explic\u00f3 <strong>Guido Bisterfeld<\/strong>, del Ministerio de Hacienda, a <strong>Diario Textual<\/strong>. Es decir, <strong>un 10 por ciento por esos tres meses<\/strong>.<\/p>\n<p><strong>\u00bfDe cu\u00e1nto fue la inflaci\u00f3n en La Pampa en el trimestre julio, agosto y septiembre?<\/strong>\u00a0Para ese c\u00e1lculo se toma en cuenta el \u00edndice de la regi\u00f3n pampeana, que fue del 2,2% en julio; 3,9% en agosto; y 6,1% en septiembre, siempre seg\u00fan datos del INDEC. As\u00ed, el incremento de los precios fue del 12,2%. De esta manera, <strong>queda un 2,2% para compensar en los salarios de los trabajadores delEstado de La Pampa. Ese porcentaje estar\u00e1 depositado, con los sueldos, el primer d\u00eda de noviembre<\/strong>.<\/p>\n<p>&nbsp;<\/p>\n<p>&nbsp;<\/p>\n<blockquote class=\"twitter-tweet\">\n<p dir=\"ltr\" lang=\"es\"><a href=\"https:\/\/twitter.com\/hashtag\/DatoINDEC?src=hash&amp;ref_src=twsrc%5Etfw\">#DatoINDEC<\/a><br \/>\nLos precios al consumidor (<a href=\"https:\/\/twitter.com\/hashtag\/IPC?src=hash&amp;ref_src=twsrc%5Etfw\">#IPC<\/a>) subieron 5,9% en septiembre de 2019 respecto de agosto y acumularon un alza de 37,7% en los \u00faltimos nueve meses <a href=\"https:\/\/t.co\/PLzJD30gNW\">https:\/\/t.co\/PLzJD30gNW<\/a> <a href=\"https:\/\/t.co\/WalWO8qB7b\">pic.twitter.com\/WalWO8qB7b<\/a><\/p>\n<p>\u2014 INDEC Argentina (@INDECArgentina) <a href=\"https:\/\/twitter.com\/INDECArgentina\/status\/1184544636930547713?ref_src=twsrc%5Etfw\">October 16, 2019<\/a><\/p><\/blockquote>\n<p><script async src=\"https:\/\/platform.twitter.com\/widgets.js\" charset=\"utf-8\"><\/script><\/p>\n<p>&nbsp;<\/p>\n<p>&nbsp;<\/p>\n","protected":false},"excerpt":{"rendered":"<p>Hoy se conocieron los nuevos datos de la inflaci\u00f3n y ya se activ\u00f3, autom\u00e1ticamente, la cl\u00e1usula gatillo y los estatales pampeanos -a los que luego se sumar\u00e1n los municipales- cobrar\u00e1n&hellip;<\/p>\n","protected":false},"author":3,"featured_media":1762,"comment_status":"closed","ping_status":"open","sticky":false,"template":"","format":"standard","meta":{"_acf_changed":false,"footnotes":""},"categories":[11,319,8],"tags":[],"class_list":["post-66115","post","type-post","status-publish","format-standard","has-post-thumbnail","hentry","category-que-pasa","category-a-temporales","category-politica"],"acf":[],"yoast_head":"<!-- This site is optimized with the Yoast SEO plugin v27.4 - https:\/\/yoast.com\/product\/yoast-seo-wordpress\/ -->\n<title>Se activ\u00f3 la cl\u00e1usula gatillo por la inflaci\u00f3n y los estatales obtienen otra suba: 2,2% - Diario Textual<\/title>\n<meta name=\"robots\" content=\"index, follow, max-snippet:-1, max-image-preview:large, max-video-preview:-1\" \/>\n<link rel=\"canonical\" href=\"https:\/\/diariotextual.com\/inicio\/index.php\/2019\/10\/16\/se-activo-la-clausula-gatillo-la-inflacion-los-estatales-obtienen-otra-suba-22\/\" \/>\n<meta property=\"og:locale\" content=\"es_ES\" \/>\n<meta property=\"og:type\" content=\"article\" \/>\n<meta property=\"og:title\" content=\"Se activ\u00f3 la cl\u00e1usula gatillo por la inflaci\u00f3n y los estatales obtienen otra suba: 2,2% - Diario Textual\" \/>\n<meta property=\"og:description\" content=\"Hoy se conocieron los nuevos datos de la inflaci\u00f3n y ya se activ\u00f3, autom\u00e1ticamente, la cl\u00e1usula gatillo y los estatales pampeanos -a los que luego se sumar\u00e1n los municipales- cobrar\u00e1n&hellip;\" \/>\n<meta property=\"og:url\" content=\"https:\/\/diariotextual.com\/inicio\/index.php\/2019\/10\/16\/se-activo-la-clausula-gatillo-la-inflacion-los-estatales-obtienen-otra-suba-22\/\" \/>\n<meta property=\"og:site_name\" content=\"Diario Textual\" \/>\n<meta property=\"article:publisher\" content=\"https:\/\/www.facebook.com\/eltextual\" \/>\n<meta property=\"article:published_time\" content=\"2019-10-16T23:50:57+00:00\" \/>\n<meta property=\"article:modified_time\" content=\"2019-10-17T14:55:42+00:00\" \/>\n<meta property=\"og:image\" content=\"https:\/\/diariotextual.com\/inicio\/wp-content\/uploads\/2018\/03\/casadegobierno73232.jpg\" \/>\n\t<meta property=\"og:image:width\" content=\"600\" \/>\n\t<meta property=\"og:image:height\" content=\"400\" \/>\n\t<meta property=\"og:image:type\" content=\"image\/jpeg\" \/>\n<meta name=\"author\" content=\"Diario1 Diario1\" \/>\n<meta name=\"twitter:card\" content=\"summary_large_image\" \/>\n<meta name=\"twitter:creator\" content=\"@eltextual\" \/>\n<meta name=\"twitter:site\" content=\"@eltextual\" \/>\n<meta name=\"twitter:label1\" content=\"Escrito por\" \/>\n\t<meta name=\"twitter:data1\" content=\"Diario1 Diario1\" \/>\n\t<meta name=\"twitter:label2\" content=\"Tiempo de lectura\" \/>\n\t<meta name=\"twitter:data2\" content=\"1 minuto\" \/>\n<script type=\"application\/ld+json\" class=\"yoast-schema-graph\">{\"@context\":\"https:\\\/\\\/schema.org\",\"@graph\":[{\"@type\":\"Article\",\"@id\":\"https:\\\/\\\/diariotextual.com\\\/inicio\\\/index.php\\\/2019\\\/10\\\/16\\\/se-activo-la-clausula-gatillo-la-inflacion-los-estatales-obtienen-otra-suba-22\\\/#article\",\"isPartOf\":{\"@id\":\"https:\\\/\\\/diariotextual.com\\\/inicio\\\/index.php\\\/2019\\\/10\\\/16\\\/se-activo-la-clausula-gatillo-la-inflacion-los-estatales-obtienen-otra-suba-22\\\/\"},\"author\":{\"name\":\"Diario1 Diario1\",\"@id\":\"https:\\\/\\\/diariotextual.com\\\/inicio\\\/#\\\/schema\\\/person\\\/418fc4093c33e86ed41562db3508f958\"},\"headline\":\"Se activ\u00f3 la cl\u00e1usula gatillo por la inflaci\u00f3n y los estatales obtienen otra suba: 2,2%\",\"datePublished\":\"2019-10-16T23:50:57+00:00\",\"dateModified\":\"2019-10-17T14:55:42+00:00\",\"mainEntityOfPage\":{\"@id\":\"https:\\\/\\\/diariotextual.com\\\/inicio\\\/index.php\\\/2019\\\/10\\\/16\\\/se-activo-la-clausula-gatillo-la-inflacion-los-estatales-obtienen-otra-suba-22\\\/\"},\"wordCount\":307,\"publisher\":{\"@id\":\"https:\\\/\\\/diariotextual.com\\\/inicio\\\/#organization\"},\"image\":{\"@id\":\"https:\\\/\\\/diariotextual.com\\\/inicio\\\/index.php\\\/2019\\\/10\\\/16\\\/se-activo-la-clausula-gatillo-la-inflacion-los-estatales-obtienen-otra-suba-22\\\/#primaryimage\"},\"thumbnailUrl\":\"https:\\\/\\\/diariotextual.com\\\/inicio\\\/wp-content\\\/uploads\\\/2018\\\/03\\\/casadegobierno73232.jpg\",\"articleSection\":[\"A - QUE PASA (al costado)\",\"A - TEMPORALES\",\"POLITICA\"],\"inLanguage\":\"es\"},{\"@type\":\"WebPage\",\"@id\":\"https:\\\/\\\/diariotextual.com\\\/inicio\\\/index.php\\\/2019\\\/10\\\/16\\\/se-activo-la-clausula-gatillo-la-inflacion-los-estatales-obtienen-otra-suba-22\\\/\",\"url\":\"https:\\\/\\\/diariotextual.com\\\/inicio\\\/index.php\\\/2019\\\/10\\\/16\\\/se-activo-la-clausula-gatillo-la-inflacion-los-estatales-obtienen-otra-suba-22\\\/\",\"name\":\"Se activ\u00f3 la cl\u00e1usula gatillo por la inflaci\u00f3n y los estatales obtienen otra suba: 2,2% - Diario Textual\",\"isPartOf\":{\"@id\":\"https:\\\/\\\/diariotextual.com\\\/inicio\\\/#website\"},\"primaryImageOfPage\":{\"@id\":\"https:\\\/\\\/diariotextual.com\\\/inicio\\\/index.php\\\/2019\\\/10\\\/16\\\/se-activo-la-clausula-gatillo-la-inflacion-los-estatales-obtienen-otra-suba-22\\\/#primaryimage\"},\"image\":{\"@id\":\"https:\\\/\\\/diariotextual.com\\\/inicio\\\/index.php\\\/2019\\\/10\\\/16\\\/se-activo-la-clausula-gatillo-la-inflacion-los-estatales-obtienen-otra-suba-22\\\/#primaryimage\"},\"thumbnailUrl\":\"https:\\\/\\\/diariotextual.com\\\/inicio\\\/wp-content\\\/uploads\\\/2018\\\/03\\\/casadegobierno73232.jpg\",\"datePublished\":\"2019-10-16T23:50:57+00:00\",\"dateModified\":\"2019-10-17T14:55:42+00:00\",\"breadcrumb\":{\"@id\":\"https:\\\/\\\/diariotextual.com\\\/inicio\\\/index.php\\\/2019\\\/10\\\/16\\\/se-activo-la-clausula-gatillo-la-inflacion-los-estatales-obtienen-otra-suba-22\\\/#breadcrumb\"},\"inLanguage\":\"es\",\"potentialAction\":[{\"@type\":\"ReadAction\",\"target\":[\"https:\\\/\\\/diariotextual.com\\\/inicio\\\/index.php\\\/2019\\\/10\\\/16\\\/se-activo-la-clausula-gatillo-la-inflacion-los-estatales-obtienen-otra-suba-22\\\/\"]}]},{\"@type\":\"ImageObject\",\"inLanguage\":\"es\",\"@id\":\"https:\\\/\\\/diariotextual.com\\\/inicio\\\/index.php\\\/2019\\\/10\\\/16\\\/se-activo-la-clausula-gatillo-la-inflacion-los-estatales-obtienen-otra-suba-22\\\/#primaryimage\",\"url\":\"https:\\\/\\\/diariotextual.com\\\/inicio\\\/wp-content\\\/uploads\\\/2018\\\/03\\\/casadegobierno73232.jpg\",\"contentUrl\":\"https:\\\/\\\/diariotextual.com\\\/inicio\\\/wp-content\\\/uploads\\\/2018\\\/03\\\/casadegobierno73232.jpg\",\"width\":600,\"height\":400},{\"@type\":\"BreadcrumbList\",\"@id\":\"https:\\\/\\\/diariotextual.com\\\/inicio\\\/index.php\\\/2019\\\/10\\\/16\\\/se-activo-la-clausula-gatillo-la-inflacion-los-estatales-obtienen-otra-suba-22\\\/#breadcrumb\",\"itemListElement\":[{\"@type\":\"ListItem\",\"position\":1,\"name\":\"Portada\",\"item\":\"https:\\\/\\\/diariotextual.com\\\/inicio\\\/\"},{\"@type\":\"ListItem\",\"position\":2,\"name\":\"Se activ\u00f3 la cl\u00e1usula gatillo por la inflaci\u00f3n y los estatales obtienen otra suba: 2,2%\"}]},{\"@type\":\"WebSite\",\"@id\":\"https:\\\/\\\/diariotextual.com\\\/inicio\\\/#website\",\"url\":\"https:\\\/\\\/diariotextual.com\\\/inicio\\\/\",\"name\":\"Diario Textual\",\"description\":\"\",\"publisher\":{\"@id\":\"https:\\\/\\\/diariotextual.com\\\/inicio\\\/#organization\"},\"potentialAction\":[{\"@type\":\"SearchAction\",\"target\":{\"@type\":\"EntryPoint\",\"urlTemplate\":\"https:\\\/\\\/diariotextual.com\\\/inicio\\\/?s={search_term_string}\"},\"query-input\":{\"@type\":\"PropertyValueSpecification\",\"valueRequired\":true,\"valueName\":\"search_term_string\"}}],\"inLanguage\":\"es\"},{\"@type\":\"Organization\",\"@id\":\"https:\\\/\\\/diariotextual.com\\\/inicio\\\/#organization\",\"name\":\"Diario Textual\",\"url\":\"https:\\\/\\\/diariotextual.com\\\/inicio\\\/\",\"logo\":{\"@type\":\"ImageObject\",\"inLanguage\":\"es\",\"@id\":\"https:\\\/\\\/diariotextual.com\\\/inicio\\\/#\\\/schema\\\/logo\\\/image\\\/\",\"url\":\"https:\\\/\\\/diariotextual.com\\\/inicio\\\/wp-content\\\/uploads\\\/2023\\\/05\\\/logotextual1.jpg\",\"contentUrl\":\"https:\\\/\\\/diariotextual.com\\\/inicio\\\/wp-content\\\/uploads\\\/2023\\\/05\\\/logotextual1.jpg\",\"width\":516,\"height\":76,\"caption\":\"Diario Textual\"},\"image\":{\"@id\":\"https:\\\/\\\/diariotextual.com\\\/inicio\\\/#\\\/schema\\\/logo\\\/image\\\/\"},\"sameAs\":[\"https:\\\/\\\/www.facebook.com\\\/eltextual\",\"https:\\\/\\\/x.com\\\/eltextual\",\"http:\\\/\\\/www.instagram.com\\\/eltextual\"]},{\"@type\":\"Person\",\"@id\":\"https:\\\/\\\/diariotextual.com\\\/inicio\\\/#\\\/schema\\\/person\\\/418fc4093c33e86ed41562db3508f958\",\"name\":\"Diario1 Diario1\",\"image\":{\"@type\":\"ImageObject\",\"inLanguage\":\"es\",\"@id\":\"https:\\\/\\\/secure.gravatar.com\\\/avatar\\\/9167d280179c85bc18be67aa7eda765854300033af4896dd779b608640f2ef7a?s=96&d=mm&r=g\",\"url\":\"https:\\\/\\\/secure.gravatar.com\\\/avatar\\\/9167d280179c85bc18be67aa7eda765854300033af4896dd779b608640f2ef7a?s=96&d=mm&r=g\",\"contentUrl\":\"https:\\\/\\\/secure.gravatar.com\\\/avatar\\\/9167d280179c85bc18be67aa7eda765854300033af4896dd779b608640f2ef7a?s=96&d=mm&r=g\",\"caption\":\"Diario1 Diario1\"},\"url\":\"https:\\\/\\\/diariotextual.com\\\/inicio\\\/index.php\\\/author\\\/diario1\\\/\"}]}<\/script>\n<!-- \/ Yoast SEO plugin. -->","yoast_head_json":{"title":"Se activ\u00f3 la cl\u00e1usula gatillo por la inflaci\u00f3n y los estatales obtienen otra suba: 2,2% - Diario Textual","robots":{"index":"index","follow":"follow","max-snippet":"max-snippet:-1","max-image-preview":"max-image-preview:large","max-video-preview":"max-video-preview:-1"},"canonical":"https:\/\/diariotextual.com\/inicio\/index.php\/2019\/10\/16\/se-activo-la-clausula-gatillo-la-inflacion-los-estatales-obtienen-otra-suba-22\/","og_locale":"es_ES","og_type":"article","og_title":"Se activ\u00f3 la cl\u00e1usula gatillo por la inflaci\u00f3n y los estatales obtienen otra suba: 2,2% - Diario Textual","og_description":"Hoy se conocieron los nuevos datos de la inflaci\u00f3n y ya se activ\u00f3, autom\u00e1ticamente, la cl\u00e1usula gatillo y los estatales pampeanos -a los que luego se sumar\u00e1n los municipales- cobrar\u00e1n&hellip;","og_url":"https:\/\/diariotextual.com\/inicio\/index.php\/2019\/10\/16\/se-activo-la-clausula-gatillo-la-inflacion-los-estatales-obtienen-otra-suba-22\/","og_site_name":"Diario Textual","article_publisher":"https:\/\/www.facebook.com\/eltextual","article_published_time":"2019-10-16T23:50:57+00:00","article_modified_time":"2019-10-17T14:55:42+00:00","og_image":[{"width":600,"height":400,"url":"https:\/\/diariotextual.com\/inicio\/wp-content\/uploads\/2018\/03\/casadegobierno73232.jpg","type":"image\/jpeg"}],"author":"Diario1 Diario1","twitter_card":"summary_large_image","twitter_creator":"@eltextual","twitter_site":"@eltextual","twitter_misc":{"Escrito por":"Diario1 Diario1","Tiempo de lectura":"1 minuto"},"schema":{"@context":"https:\/\/schema.org","@graph":[{"@type":"Article","@id":"https:\/\/diariotextual.com\/inicio\/index.php\/2019\/10\/16\/se-activo-la-clausula-gatillo-la-inflacion-los-estatales-obtienen-otra-suba-22\/#article","isPartOf":{"@id":"https:\/\/diariotextual.com\/inicio\/index.php\/2019\/10\/16\/se-activo-la-clausula-gatillo-la-inflacion-los-estatales-obtienen-otra-suba-22\/"},"author":{"name":"Diario1 Diario1","@id":"https:\/\/diariotextual.com\/inicio\/#\/schema\/person\/418fc4093c33e86ed41562db3508f958"},"headline":"Se activ\u00f3 la cl\u00e1usula gatillo por la inflaci\u00f3n y los estatales obtienen otra suba: 2,2%","datePublished":"2019-10-16T23:50:57+00:00","dateModified":"2019-10-17T14:55:42+00:00","mainEntityOfPage":{"@id":"https:\/\/diariotextual.com\/inicio\/index.php\/2019\/10\/16\/se-activo-la-clausula-gatillo-la-inflacion-los-estatales-obtienen-otra-suba-22\/"},"wordCount":307,"publisher":{"@id":"https:\/\/diariotextual.com\/inicio\/#organization"},"image":{"@id":"https:\/\/diariotextual.com\/inicio\/index.php\/2019\/10\/16\/se-activo-la-clausula-gatillo-la-inflacion-los-estatales-obtienen-otra-suba-22\/#primaryimage"},"thumbnailUrl":"https:\/\/diariotextual.com\/inicio\/wp-content\/uploads\/2018\/03\/casadegobierno73232.jpg","articleSection":["A - QUE PASA (al costado)","A - TEMPORALES","POLITICA"],"inLanguage":"es"},{"@type":"WebPage","@id":"https:\/\/diariotextual.com\/inicio\/index.php\/2019\/10\/16\/se-activo-la-clausula-gatillo-la-inflacion-los-estatales-obtienen-otra-suba-22\/","url":"https:\/\/diariotextual.com\/inicio\/index.php\/2019\/10\/16\/se-activo-la-clausula-gatillo-la-inflacion-los-estatales-obtienen-otra-suba-22\/","name":"Se activ\u00f3 la cl\u00e1usula gatillo por la inflaci\u00f3n y los estatales obtienen otra suba: 2,2% - Diario Textual","isPartOf":{"@id":"https:\/\/diariotextual.com\/inicio\/#website"},"primaryImageOfPage":{"@id":"https:\/\/diariotextual.com\/inicio\/index.php\/2019\/10\/16\/se-activo-la-clausula-gatillo-la-inflacion-los-estatales-obtienen-otra-suba-22\/#primaryimage"},"image":{"@id":"https:\/\/diariotextual.com\/inicio\/index.php\/2019\/10\/16\/se-activo-la-clausula-gatillo-la-inflacion-los-estatales-obtienen-otra-suba-22\/#primaryimage"},"thumbnailUrl":"https:\/\/diariotextual.com\/inicio\/wp-content\/uploads\/2018\/03\/casadegobierno73232.jpg","datePublished":"2019-10-16T23:50:57+00:00","dateModified":"2019-10-17T14:55:42+00:00","breadcrumb":{"@id":"https:\/\/diariotextual.com\/inicio\/index.php\/2019\/10\/16\/se-activo-la-clausula-gatillo-la-inflacion-los-estatales-obtienen-otra-suba-22\/#breadcrumb"},"inLanguage":"es","potentialAction":[{"@type":"ReadAction","target":["https:\/\/diariotextual.com\/inicio\/index.php\/2019\/10\/16\/se-activo-la-clausula-gatillo-la-inflacion-los-estatales-obtienen-otra-suba-22\/"]}]},{"@type":"ImageObject","inLanguage":"es","@id":"https:\/\/diariotextual.com\/inicio\/index.php\/2019\/10\/16\/se-activo-la-clausula-gatillo-la-inflacion-los-estatales-obtienen-otra-suba-22\/#primaryimage","url":"https:\/\/diariotextual.com\/inicio\/wp-content\/uploads\/2018\/03\/casadegobierno73232.jpg","contentUrl":"https:\/\/diariotextual.com\/inicio\/wp-content\/uploads\/2018\/03\/casadegobierno73232.jpg","width":600,"height":400},{"@type":"BreadcrumbList","@id":"https:\/\/diariotextual.com\/inicio\/index.php\/2019\/10\/16\/se-activo-la-clausula-gatillo-la-inflacion-los-estatales-obtienen-otra-suba-22\/#breadcrumb","itemListElement":[{"@type":"ListItem","position":1,"name":"Portada","item":"https:\/\/diariotextual.com\/inicio\/"},{"@type":"ListItem","position":2,"name":"Se activ\u00f3 la cl\u00e1usula gatillo por la inflaci\u00f3n y los estatales obtienen otra suba: 2,2%"}]},{"@type":"WebSite","@id":"https:\/\/diariotextual.com\/inicio\/#website","url":"https:\/\/diariotextual.com\/inicio\/","name":"Diario Textual","description":"","publisher":{"@id":"https:\/\/diariotextual.com\/inicio\/#organization"},"potentialAction":[{"@type":"SearchAction","target":{"@type":"EntryPoint","urlTemplate":"https:\/\/diariotextual.com\/inicio\/?s={search_term_string}"},"query-input":{"@type":"PropertyValueSpecification","valueRequired":true,"valueName":"search_term_string"}}],"inLanguage":"es"},{"@type":"Organization","@id":"https:\/\/diariotextual.com\/inicio\/#organization","name":"Diario Textual","url":"https:\/\/diariotextual.com\/inicio\/","logo":{"@type":"ImageObject","inLanguage":"es","@id":"https:\/\/diariotextual.com\/inicio\/#\/schema\/logo\/image\/","url":"https:\/\/diariotextual.com\/inicio\/wp-content\/uploads\/2023\/05\/logotextual1.jpg","contentUrl":"https:\/\/diariotextual.com\/inicio\/wp-content\/uploads\/2023\/05\/logotextual1.jpg","width":516,"height":76,"caption":"Diario Textual"},"image":{"@id":"https:\/\/diariotextual.com\/inicio\/#\/schema\/logo\/image\/"},"sameAs":["https:\/\/www.facebook.com\/eltextual","https:\/\/x.com\/eltextual","http:\/\/www.instagram.com\/eltextual"]},{"@type":"Person","@id":"https:\/\/diariotextual.com\/inicio\/#\/schema\/person\/418fc4093c33e86ed41562db3508f958","name":"Diario1 Diario1","image":{"@type":"ImageObject","inLanguage":"es","@id":"https:\/\/secure.gravatar.com\/avatar\/9167d280179c85bc18be67aa7eda765854300033af4896dd779b608640f2ef7a?s=96&d=mm&r=g","url":"https:\/\/secure.gravatar.com\/avatar\/9167d280179c85bc18be67aa7eda765854300033af4896dd779b608640f2ef7a?s=96&d=mm&r=g","contentUrl":"https:\/\/secure.gravatar.com\/avatar\/9167d280179c85bc18be67aa7eda765854300033af4896dd779b608640f2ef7a?s=96&d=mm&r=g","caption":"Diario1 Diario1"},"url":"https:\/\/diariotextual.com\/inicio\/index.php\/author\/diario1\/"}]}},"_links":{"self":[{"href":"https:\/\/diariotextual.com\/inicio\/index.php\/wp-json\/wp\/v2\/posts\/66115","targetHints":{"allow":["GET"]}}],"collection":[{"href":"https:\/\/diariotextual.com\/inicio\/index.php\/wp-json\/wp\/v2\/posts"}],"about":[{"href":"https:\/\/diariotextual.com\/inicio\/index.php\/wp-json\/wp\/v2\/types\/post"}],"author":[{"embeddable":true,"href":"https:\/\/diariotextual.com\/inicio\/index.php\/wp-json\/wp\/v2\/users\/3"}],"replies":[{"embeddable":true,"href":"https:\/\/diariotextual.com\/inicio\/index.php\/wp-json\/wp\/v2\/comments?post=66115"}],"version-history":[{"count":3,"href":"https:\/\/diariotextual.com\/inicio\/index.php\/wp-json\/wp\/v2\/posts\/66115\/revisions"}],"predecessor-version":[{"id":66118,"href":"https:\/\/diariotextual.com\/inicio\/index.php\/wp-json\/wp\/v2\/posts\/66115\/revisions\/66118"}],"wp:featuredmedia":[{"embeddable":true,"href":"https:\/\/diariotextual.com\/inicio\/index.php\/wp-json\/wp\/v2\/media\/1762"}],"wp:attachment":[{"href":"https:\/\/diariotextual.com\/inicio\/index.php\/wp-json\/wp\/v2\/media?parent=66115"}],"wp:term":[{"taxonomy":"category","embeddable":true,"href":"https:\/\/diariotextual.com\/inicio\/index.php\/wp-json\/wp\/v2\/categories?post=66115"},{"taxonomy":"post_tag","embeddable":true,"href":"https:\/\/diariotextual.com\/inicio\/index.php\/wp-json\/wp\/v2\/tags?post=66115"}],"curies":[{"name":"wp","href":"https:\/\/api.w.org\/{rel}","templated":true}]}}