{"id":66148,"date":"2019-10-16T23:14:19","date_gmt":"2019-10-17T02:14:19","guid":{"rendered":"http:\/\/diariotextual.com\/inicio\/?p=66148"},"modified":"2019-10-17T17:08:20","modified_gmt":"2019-10-17T20:08:20","slug":"llego-cristina-alegria-estar-la-pampa","status":"publish","type":"post","link":"https:\/\/diariotextual.com\/inicio\/index.php\/2019\/10\/16\/llego-cristina-alegria-estar-la-pampa\/","title":{"rendered":"Lleg\u00f3 Cristina: \u00abQu\u00e9 alegr\u00eda volver a La Pampa\u00bb"},"content":{"rendered":"<p>La candidata a vicepresidenta del Frente de Todos, <strong>Cristina Fern\u00e1ndez<\/strong>, lleg\u00f3 en la noche de este mi\u00e9rcoles a la ciudad de Santa Rosa y, pese a la lluvia, fue recibida por una multitud.<strong>\u00a0\u00abQu\u00e9 alegr\u00eda volver a estar en la provincia\u00bb<\/strong>, dijo la exmandataria.<\/p>\n<p><img fetchpriority=\"high\" decoding=\"async\" class=\"alignnone wp-image-66145 size-large\" src=\"http:\/\/diariotextual.com\/inicio\/wp-content\/uploads\/2019\/10\/cristinasantarosa2019-4-1024x682.jpeg\" alt=\"\" width=\"1024\" height=\"682\" srcset=\"https:\/\/diariotextual.com\/inicio\/wp-content\/uploads\/2019\/10\/cristinasantarosa2019-4-1024x682.jpeg 1024w, https:\/\/diariotextual.com\/inicio\/wp-content\/uploads\/2019\/10\/cristinasantarosa2019-4-300x200.jpeg 300w, https:\/\/diariotextual.com\/inicio\/wp-content\/uploads\/2019\/10\/cristinasantarosa2019-4-768x512.jpeg 768w, https:\/\/diariotextual.com\/inicio\/wp-content\/uploads\/2019\/10\/cristinasantarosa2019-4-1170x780.jpeg 1170w, https:\/\/diariotextual.com\/inicio\/wp-content\/uploads\/2019\/10\/cristinasantarosa2019-4-585x390.jpeg 585w, https:\/\/diariotextual.com\/inicio\/wp-content\/uploads\/2019\/10\/cristinasantarosa2019-4-263x175.jpeg 263w, https:\/\/diariotextual.com\/inicio\/wp-content\/uploads\/2019\/10\/cristinasantarosa2019-4.jpeg 1280w\" sizes=\"(max-width: 1024px) 100vw, 1024px\" \/><\/p>\n<p>Hubo unas 500 personas que fueron a esperarla al aeropuerto capitalino. Otras 300 la aguardaron en el ingreso del Hotel Mercure.<\/p>\n<p>La dirigente kirchnerista lleg\u00f3 en un vuelo privado desde El Calafate, Santa Cruz. Fue recibida a las 21.27 horas por el gobernador Carlos Verna, en el Hangar Provincial ubicado sobre la ruta 35.<\/p>\n<p>Tambi\u00e9n estuvieron el presidente del PJ, Rub\u00e9n Mar\u00edn; el gobernador electo Sergio Ziliotto; el intendente electo Luciano di N\u00e1poli; la exdiputada Mar\u00eda Luz Alonso; ministros de Verna y otros dirigentes del peronismo.<\/p>\n<p>&nbsp;<\/p>\n<p><img decoding=\"async\" class=\"alignnone wp-image-66138 \" src=\"http:\/\/diariotextual.com\/inicio\/wp-content\/uploads\/2019\/10\/cristinasantarosa2019-2.jpg\" alt=\"\" width=\"731\" height=\"433\" srcset=\"https:\/\/diariotextual.com\/inicio\/wp-content\/uploads\/2019\/10\/cristinasantarosa2019-2.jpg 978w, https:\/\/diariotextual.com\/inicio\/wp-content\/uploads\/2019\/10\/cristinasantarosa2019-2-300x178.jpg 300w, https:\/\/diariotextual.com\/inicio\/wp-content\/uploads\/2019\/10\/cristinasantarosa2019-2-768x455.jpg 768w, https:\/\/diariotextual.com\/inicio\/wp-content\/uploads\/2019\/10\/cristinasantarosa2019-2-585x346.jpg 585w\" sizes=\"(max-width: 731px) 100vw, 731px\" \/><\/p>\n<p>La expresidenta se subi\u00f3 a un combi, junto a Verna, y parti\u00f3 al Hotel Mercure. Pas\u00f3 por la rotonda del Avi\u00f3n, donde hubo tambi\u00e9n numerosos militantes del peronismo.<\/p>\n<p>En el hotel, en tanto, la esperaron unas 300 personas. \u00abCristina, Cristina, Cristina coraz\u00f3n, ac\u00e1 ten\u00e9s los pibes para la Revoluci\u00f3n\u00bb, fueron algunos de los c\u00e1nticos que se escucharon en el hotel propiedad de Crist\u00f3bal L\u00f3pez. La dirigente salud\u00f3 e ingres\u00f3. Unos minutos despu\u00e9s, desde un segundo piso, la expresidenta volvi\u00f3 a saludar a los militantes. Hubo euforia y m\u00e1s c\u00e1nticos.<\/p>\n<p>Ya a las 23 escribi\u00f3 un tuit. \u00abQu\u00e9 alegr\u00eda volver a estar en la provincia. Ma\u00f1ana nos encontramos junto a la Laguna Don Tom\u00e1s de Santa Rosa para conmemorar el 17 de octubre\u00bb, dijo.<\/p>\n<p><iframe style=\"border: none; overflow: hidden;\" src=\"https:\/\/www.facebook.com\/plugins\/video.php?href=https%3A%2F%2Fwww.facebook.com%2Feltextual%2Fvideos%2F1337790989730442%2F&amp;show_text=1&amp;width=560\" width=\"560\" height=\"400\" frameborder=\"0\" scrolling=\"no\" allowfullscreen=\"allowfullscreen\" data-mce-fragment=\"1\"><\/iframe><\/p>\n<p>&nbsp;<\/p>\n<p>Este jueves, en el D\u00eda de la Lealtad Peronista, encabezar\u00e1\u00a0 un acto en el Parque Don Tom\u00e1s junto al candidato presidencial Alberto Fern\u00e1ndez y el gobernador Carlos Verna.<\/p>\n<p>&nbsp;<\/p>\n<p>&nbsp;<\/p>\n<p>&nbsp;<\/p>\n<p>&nbsp;<\/p>\n","protected":false},"excerpt":{"rendered":"<p>La candidata a vicepresidenta del Frente de Todos, Cristina Fern\u00e1ndez, lleg\u00f3 en la noche de este mi\u00e9rcoles a la ciudad de Santa Rosa y, pese a la lluvia, fue recibida&hellip;<\/p>\n","protected":false},"author":3,"featured_media":66142,"comment_status":"closed","ping_status":"open","sticky":false,"template":"","format":"standard","meta":{"_acf_changed":false,"footnotes":""},"categories":[319,8],"tags":[31],"class_list":["post-66148","post","type-post","status-publish","format-standard","has-post-thumbnail","hentry","category-a-temporales","category-politica","tag-cristina"],"acf":[],"yoast_head":"<!-- This site is optimized with the Yoast SEO plugin v27.4 - https:\/\/yoast.com\/product\/yoast-seo-wordpress\/ -->\n<title>Lleg\u00f3 Cristina: &quot;Qu\u00e9 alegr\u00eda volver a La Pampa&quot; - Diario Textual<\/title>\n<meta name=\"robots\" content=\"index, follow, max-snippet:-1, max-image-preview:large, max-video-preview:-1\" \/>\n<link rel=\"canonical\" href=\"https:\/\/diariotextual.com\/inicio\/index.php\/2019\/10\/16\/llego-cristina-alegria-estar-la-pampa\/\" \/>\n<meta property=\"og:locale\" content=\"es_ES\" \/>\n<meta property=\"og:type\" content=\"article\" \/>\n<meta property=\"og:title\" content=\"Lleg\u00f3 Cristina: &quot;Qu\u00e9 alegr\u00eda volver a La Pampa&quot; - Diario Textual\" \/>\n<meta property=\"og:description\" content=\"La candidata a vicepresidenta del Frente de Todos, Cristina Fern\u00e1ndez, lleg\u00f3 en la noche de este mi\u00e9rcoles a la ciudad de Santa Rosa y, pese a la lluvia, fue recibida&hellip;\" \/>\n<meta property=\"og:url\" content=\"https:\/\/diariotextual.com\/inicio\/index.php\/2019\/10\/16\/llego-cristina-alegria-estar-la-pampa\/\" \/>\n<meta property=\"og:site_name\" content=\"Diario Textual\" \/>\n<meta property=\"article:publisher\" content=\"https:\/\/www.facebook.com\/eltextual\" \/>\n<meta property=\"article:published_time\" content=\"2019-10-17T02:14:19+00:00\" \/>\n<meta property=\"article:modified_time\" content=\"2019-10-17T20:08:20+00:00\" \/>\n<meta property=\"og:image\" content=\"https:\/\/diariotextual.com\/inicio\/wp-content\/uploads\/2019\/10\/cristinasantarosa2019-3.jpeg\" \/>\n\t<meta property=\"og:image:width\" content=\"1280\" \/>\n\t<meta property=\"og:image:height\" content=\"853\" \/>\n\t<meta property=\"og:image:type\" content=\"image\/jpeg\" \/>\n<meta name=\"author\" content=\"Diario1 Diario1\" \/>\n<meta name=\"twitter:card\" content=\"summary_large_image\" \/>\n<meta name=\"twitter:creator\" content=\"@eltextual\" \/>\n<meta name=\"twitter:site\" content=\"@eltextual\" \/>\n<meta name=\"twitter:label1\" content=\"Escrito por\" \/>\n\t<meta name=\"twitter:data1\" content=\"Diario1 Diario1\" \/>\n\t<meta name=\"twitter:label2\" content=\"Tiempo de lectura\" \/>\n\t<meta name=\"twitter:data2\" content=\"2 minutos\" \/>\n<script type=\"application\/ld+json\" class=\"yoast-schema-graph\">{\"@context\":\"https:\\\/\\\/schema.org\",\"@graph\":[{\"@type\":\"Article\",\"@id\":\"https:\\\/\\\/diariotextual.com\\\/inicio\\\/index.php\\\/2019\\\/10\\\/16\\\/llego-cristina-alegria-estar-la-pampa\\\/#article\",\"isPartOf\":{\"@id\":\"https:\\\/\\\/diariotextual.com\\\/inicio\\\/index.php\\\/2019\\\/10\\\/16\\\/llego-cristina-alegria-estar-la-pampa\\\/\"},\"author\":{\"name\":\"Diario1 Diario1\",\"@id\":\"https:\\\/\\\/diariotextual.com\\\/inicio\\\/#\\\/schema\\\/person\\\/418fc4093c33e86ed41562db3508f958\"},\"headline\":\"Lleg\u00f3 Cristina: \u00abQu\u00e9 alegr\u00eda volver a La Pampa\u00bb\",\"datePublished\":\"2019-10-17T02:14:19+00:00\",\"dateModified\":\"2019-10-17T20:08:20+00:00\",\"mainEntityOfPage\":{\"@id\":\"https:\\\/\\\/diariotextual.com\\\/inicio\\\/index.php\\\/2019\\\/10\\\/16\\\/llego-cristina-alegria-estar-la-pampa\\\/\"},\"wordCount\":314,\"publisher\":{\"@id\":\"https:\\\/\\\/diariotextual.com\\\/inicio\\\/#organization\"},\"image\":{\"@id\":\"https:\\\/\\\/diariotextual.com\\\/inicio\\\/index.php\\\/2019\\\/10\\\/16\\\/llego-cristina-alegria-estar-la-pampa\\\/#primaryimage\"},\"thumbnailUrl\":\"https:\\\/\\\/diariotextual.com\\\/inicio\\\/wp-content\\\/uploads\\\/2019\\\/10\\\/cristinasantarosa2019-3.jpeg\",\"keywords\":[\"cristina\"],\"articleSection\":[\"A - TEMPORALES\",\"POLITICA\"],\"inLanguage\":\"es\"},{\"@type\":\"WebPage\",\"@id\":\"https:\\\/\\\/diariotextual.com\\\/inicio\\\/index.php\\\/2019\\\/10\\\/16\\\/llego-cristina-alegria-estar-la-pampa\\\/\",\"url\":\"https:\\\/\\\/diariotextual.com\\\/inicio\\\/index.php\\\/2019\\\/10\\\/16\\\/llego-cristina-alegria-estar-la-pampa\\\/\",\"name\":\"Lleg\u00f3 Cristina: \\\"Qu\u00e9 alegr\u00eda volver a La Pampa\\\" - Diario Textual\",\"isPartOf\":{\"@id\":\"https:\\\/\\\/diariotextual.com\\\/inicio\\\/#website\"},\"primaryImageOfPage\":{\"@id\":\"https:\\\/\\\/diariotextual.com\\\/inicio\\\/index.php\\\/2019\\\/10\\\/16\\\/llego-cristina-alegria-estar-la-pampa\\\/#primaryimage\"},\"image\":{\"@id\":\"https:\\\/\\\/diariotextual.com\\\/inicio\\\/index.php\\\/2019\\\/10\\\/16\\\/llego-cristina-alegria-estar-la-pampa\\\/#primaryimage\"},\"thumbnailUrl\":\"https:\\\/\\\/diariotextual.com\\\/inicio\\\/wp-content\\\/uploads\\\/2019\\\/10\\\/cristinasantarosa2019-3.jpeg\",\"datePublished\":\"2019-10-17T02:14:19+00:00\",\"dateModified\":\"2019-10-17T20:08:20+00:00\",\"breadcrumb\":{\"@id\":\"https:\\\/\\\/diariotextual.com\\\/inicio\\\/index.php\\\/2019\\\/10\\\/16\\\/llego-cristina-alegria-estar-la-pampa\\\/#breadcrumb\"},\"inLanguage\":\"es\",\"potentialAction\":[{\"@type\":\"ReadAction\",\"target\":[\"https:\\\/\\\/diariotextual.com\\\/inicio\\\/index.php\\\/2019\\\/10\\\/16\\\/llego-cristina-alegria-estar-la-pampa\\\/\"]}]},{\"@type\":\"ImageObject\",\"inLanguage\":\"es\",\"@id\":\"https:\\\/\\\/diariotextual.com\\\/inicio\\\/index.php\\\/2019\\\/10\\\/16\\\/llego-cristina-alegria-estar-la-pampa\\\/#primaryimage\",\"url\":\"https:\\\/\\\/diariotextual.com\\\/inicio\\\/wp-content\\\/uploads\\\/2019\\\/10\\\/cristinasantarosa2019-3.jpeg\",\"contentUrl\":\"https:\\\/\\\/diariotextual.com\\\/inicio\\\/wp-content\\\/uploads\\\/2019\\\/10\\\/cristinasantarosa2019-3.jpeg\",\"width\":1280,\"height\":853},{\"@type\":\"BreadcrumbList\",\"@id\":\"https:\\\/\\\/diariotextual.com\\\/inicio\\\/index.php\\\/2019\\\/10\\\/16\\\/llego-cristina-alegria-estar-la-pampa\\\/#breadcrumb\",\"itemListElement\":[{\"@type\":\"ListItem\",\"position\":1,\"name\":\"Portada\",\"item\":\"https:\\\/\\\/diariotextual.com\\\/inicio\\\/\"},{\"@type\":\"ListItem\",\"position\":2,\"name\":\"Lleg\u00f3 Cristina: \u00abQu\u00e9 alegr\u00eda volver a La Pampa\u00bb\"}]},{\"@type\":\"WebSite\",\"@id\":\"https:\\\/\\\/diariotextual.com\\\/inicio\\\/#website\",\"url\":\"https:\\\/\\\/diariotextual.com\\\/inicio\\\/\",\"name\":\"Diario Textual\",\"description\":\"\",\"publisher\":{\"@id\":\"https:\\\/\\\/diariotextual.com\\\/inicio\\\/#organization\"},\"potentialAction\":[{\"@type\":\"SearchAction\",\"target\":{\"@type\":\"EntryPoint\",\"urlTemplate\":\"https:\\\/\\\/diariotextual.com\\\/inicio\\\/?s={search_term_string}\"},\"query-input\":{\"@type\":\"PropertyValueSpecification\",\"valueRequired\":true,\"valueName\":\"search_term_string\"}}],\"inLanguage\":\"es\"},{\"@type\":\"Organization\",\"@id\":\"https:\\\/\\\/diariotextual.com\\\/inicio\\\/#organization\",\"name\":\"Diario Textual\",\"url\":\"https:\\\/\\\/diariotextual.com\\\/inicio\\\/\",\"logo\":{\"@type\":\"ImageObject\",\"inLanguage\":\"es\",\"@id\":\"https:\\\/\\\/diariotextual.com\\\/inicio\\\/#\\\/schema\\\/logo\\\/image\\\/\",\"url\":\"https:\\\/\\\/diariotextual.com\\\/inicio\\\/wp-content\\\/uploads\\\/2023\\\/05\\\/logotextual1.jpg\",\"contentUrl\":\"https:\\\/\\\/diariotextual.com\\\/inicio\\\/wp-content\\\/uploads\\\/2023\\\/05\\\/logotextual1.jpg\",\"width\":516,\"height\":76,\"caption\":\"Diario Textual\"},\"image\":{\"@id\":\"https:\\\/\\\/diariotextual.com\\\/inicio\\\/#\\\/schema\\\/logo\\\/image\\\/\"},\"sameAs\":[\"https:\\\/\\\/www.facebook.com\\\/eltextual\",\"https:\\\/\\\/x.com\\\/eltextual\",\"http:\\\/\\\/www.instagram.com\\\/eltextual\"]},{\"@type\":\"Person\",\"@id\":\"https:\\\/\\\/diariotextual.com\\\/inicio\\\/#\\\/schema\\\/person\\\/418fc4093c33e86ed41562db3508f958\",\"name\":\"Diario1 Diario1\",\"image\":{\"@type\":\"ImageObject\",\"inLanguage\":\"es\",\"@id\":\"https:\\\/\\\/secure.gravatar.com\\\/avatar\\\/9167d280179c85bc18be67aa7eda765854300033af4896dd779b608640f2ef7a?s=96&d=mm&r=g\",\"url\":\"https:\\\/\\\/secure.gravatar.com\\\/avatar\\\/9167d280179c85bc18be67aa7eda765854300033af4896dd779b608640f2ef7a?s=96&d=mm&r=g\",\"contentUrl\":\"https:\\\/\\\/secure.gravatar.com\\\/avatar\\\/9167d280179c85bc18be67aa7eda765854300033af4896dd779b608640f2ef7a?s=96&d=mm&r=g\",\"caption\":\"Diario1 Diario1\"},\"url\":\"https:\\\/\\\/diariotextual.com\\\/inicio\\\/index.php\\\/author\\\/diario1\\\/\"}]}<\/script>\n<!-- \/ Yoast SEO plugin. -->","yoast_head_json":{"title":"Lleg\u00f3 Cristina: \"Qu\u00e9 alegr\u00eda volver a La Pampa\" - Diario Textual","robots":{"index":"index","follow":"follow","max-snippet":"max-snippet:-1","max-image-preview":"max-image-preview:large","max-video-preview":"max-video-preview:-1"},"canonical":"https:\/\/diariotextual.com\/inicio\/index.php\/2019\/10\/16\/llego-cristina-alegria-estar-la-pampa\/","og_locale":"es_ES","og_type":"article","og_title":"Lleg\u00f3 Cristina: \"Qu\u00e9 alegr\u00eda volver a La Pampa\" - Diario Textual","og_description":"La candidata a vicepresidenta del Frente de Todos, Cristina Fern\u00e1ndez, lleg\u00f3 en la noche de este mi\u00e9rcoles a la ciudad de Santa Rosa y, pese a la lluvia, fue recibida&hellip;","og_url":"https:\/\/diariotextual.com\/inicio\/index.php\/2019\/10\/16\/llego-cristina-alegria-estar-la-pampa\/","og_site_name":"Diario Textual","article_publisher":"https:\/\/www.facebook.com\/eltextual","article_published_time":"2019-10-17T02:14:19+00:00","article_modified_time":"2019-10-17T20:08:20+00:00","og_image":[{"width":1280,"height":853,"url":"https:\/\/diariotextual.com\/inicio\/wp-content\/uploads\/2019\/10\/cristinasantarosa2019-3.jpeg","type":"image\/jpeg"}],"author":"Diario1 Diario1","twitter_card":"summary_large_image","twitter_creator":"@eltextual","twitter_site":"@eltextual","twitter_misc":{"Escrito por":"Diario1 Diario1","Tiempo de lectura":"2 minutos"},"schema":{"@context":"https:\/\/schema.org","@graph":[{"@type":"Article","@id":"https:\/\/diariotextual.com\/inicio\/index.php\/2019\/10\/16\/llego-cristina-alegria-estar-la-pampa\/#article","isPartOf":{"@id":"https:\/\/diariotextual.com\/inicio\/index.php\/2019\/10\/16\/llego-cristina-alegria-estar-la-pampa\/"},"author":{"name":"Diario1 Diario1","@id":"https:\/\/diariotextual.com\/inicio\/#\/schema\/person\/418fc4093c33e86ed41562db3508f958"},"headline":"Lleg\u00f3 Cristina: \u00abQu\u00e9 alegr\u00eda volver a La Pampa\u00bb","datePublished":"2019-10-17T02:14:19+00:00","dateModified":"2019-10-17T20:08:20+00:00","mainEntityOfPage":{"@id":"https:\/\/diariotextual.com\/inicio\/index.php\/2019\/10\/16\/llego-cristina-alegria-estar-la-pampa\/"},"wordCount":314,"publisher":{"@id":"https:\/\/diariotextual.com\/inicio\/#organization"},"image":{"@id":"https:\/\/diariotextual.com\/inicio\/index.php\/2019\/10\/16\/llego-cristina-alegria-estar-la-pampa\/#primaryimage"},"thumbnailUrl":"https:\/\/diariotextual.com\/inicio\/wp-content\/uploads\/2019\/10\/cristinasantarosa2019-3.jpeg","keywords":["cristina"],"articleSection":["A - TEMPORALES","POLITICA"],"inLanguage":"es"},{"@type":"WebPage","@id":"https:\/\/diariotextual.com\/inicio\/index.php\/2019\/10\/16\/llego-cristina-alegria-estar-la-pampa\/","url":"https:\/\/diariotextual.com\/inicio\/index.php\/2019\/10\/16\/llego-cristina-alegria-estar-la-pampa\/","name":"Lleg\u00f3 Cristina: \"Qu\u00e9 alegr\u00eda volver a La Pampa\" - Diario Textual","isPartOf":{"@id":"https:\/\/diariotextual.com\/inicio\/#website"},"primaryImageOfPage":{"@id":"https:\/\/diariotextual.com\/inicio\/index.php\/2019\/10\/16\/llego-cristina-alegria-estar-la-pampa\/#primaryimage"},"image":{"@id":"https:\/\/diariotextual.com\/inicio\/index.php\/2019\/10\/16\/llego-cristina-alegria-estar-la-pampa\/#primaryimage"},"thumbnailUrl":"https:\/\/diariotextual.com\/inicio\/wp-content\/uploads\/2019\/10\/cristinasantarosa2019-3.jpeg","datePublished":"2019-10-17T02:14:19+00:00","dateModified":"2019-10-17T20:08:20+00:00","breadcrumb":{"@id":"https:\/\/diariotextual.com\/inicio\/index.php\/2019\/10\/16\/llego-cristina-alegria-estar-la-pampa\/#breadcrumb"},"inLanguage":"es","potentialAction":[{"@type":"ReadAction","target":["https:\/\/diariotextual.com\/inicio\/index.php\/2019\/10\/16\/llego-cristina-alegria-estar-la-pampa\/"]}]},{"@type":"ImageObject","inLanguage":"es","@id":"https:\/\/diariotextual.com\/inicio\/index.php\/2019\/10\/16\/llego-cristina-alegria-estar-la-pampa\/#primaryimage","url":"https:\/\/diariotextual.com\/inicio\/wp-content\/uploads\/2019\/10\/cristinasantarosa2019-3.jpeg","contentUrl":"https:\/\/diariotextual.com\/inicio\/wp-content\/uploads\/2019\/10\/cristinasantarosa2019-3.jpeg","width":1280,"height":853},{"@type":"BreadcrumbList","@id":"https:\/\/diariotextual.com\/inicio\/index.php\/2019\/10\/16\/llego-cristina-alegria-estar-la-pampa\/#breadcrumb","itemListElement":[{"@type":"ListItem","position":1,"name":"Portada","item":"https:\/\/diariotextual.com\/inicio\/"},{"@type":"ListItem","position":2,"name":"Lleg\u00f3 Cristina: \u00abQu\u00e9 alegr\u00eda volver a La Pampa\u00bb"}]},{"@type":"WebSite","@id":"https:\/\/diariotextual.com\/inicio\/#website","url":"https:\/\/diariotextual.com\/inicio\/","name":"Diario Textual","description":"","publisher":{"@id":"https:\/\/diariotextual.com\/inicio\/#organization"},"potentialAction":[{"@type":"SearchAction","target":{"@type":"EntryPoint","urlTemplate":"https:\/\/diariotextual.com\/inicio\/?s={search_term_string}"},"query-input":{"@type":"PropertyValueSpecification","valueRequired":true,"valueName":"search_term_string"}}],"inLanguage":"es"},{"@type":"Organization","@id":"https:\/\/diariotextual.com\/inicio\/#organization","name":"Diario Textual","url":"https:\/\/diariotextual.com\/inicio\/","logo":{"@type":"ImageObject","inLanguage":"es","@id":"https:\/\/diariotextual.com\/inicio\/#\/schema\/logo\/image\/","url":"https:\/\/diariotextual.com\/inicio\/wp-content\/uploads\/2023\/05\/logotextual1.jpg","contentUrl":"https:\/\/diariotextual.com\/inicio\/wp-content\/uploads\/2023\/05\/logotextual1.jpg","width":516,"height":76,"caption":"Diario Textual"},"image":{"@id":"https:\/\/diariotextual.com\/inicio\/#\/schema\/logo\/image\/"},"sameAs":["https:\/\/www.facebook.com\/eltextual","https:\/\/x.com\/eltextual","http:\/\/www.instagram.com\/eltextual"]},{"@type":"Person","@id":"https:\/\/diariotextual.com\/inicio\/#\/schema\/person\/418fc4093c33e86ed41562db3508f958","name":"Diario1 Diario1","image":{"@type":"ImageObject","inLanguage":"es","@id":"https:\/\/secure.gravatar.com\/avatar\/9167d280179c85bc18be67aa7eda765854300033af4896dd779b608640f2ef7a?s=96&d=mm&r=g","url":"https:\/\/secure.gravatar.com\/avatar\/9167d280179c85bc18be67aa7eda765854300033af4896dd779b608640f2ef7a?s=96&d=mm&r=g","contentUrl":"https:\/\/secure.gravatar.com\/avatar\/9167d280179c85bc18be67aa7eda765854300033af4896dd779b608640f2ef7a?s=96&d=mm&r=g","caption":"Diario1 Diario1"},"url":"https:\/\/diariotextual.com\/inicio\/index.php\/author\/diario1\/"}]}},"_links":{"self":[{"href":"https:\/\/diariotextual.com\/inicio\/index.php\/wp-json\/wp\/v2\/posts\/66148","targetHints":{"allow":["GET"]}}],"collection":[{"href":"https:\/\/diariotextual.com\/inicio\/index.php\/wp-json\/wp\/v2\/posts"}],"about":[{"href":"https:\/\/diariotextual.com\/inicio\/index.php\/wp-json\/wp\/v2\/types\/post"}],"author":[{"embeddable":true,"href":"https:\/\/diariotextual.com\/inicio\/index.php\/wp-json\/wp\/v2\/users\/3"}],"replies":[{"embeddable":true,"href":"https:\/\/diariotextual.com\/inicio\/index.php\/wp-json\/wp\/v2\/comments?post=66148"}],"version-history":[{"count":3,"href":"https:\/\/diariotextual.com\/inicio\/index.php\/wp-json\/wp\/v2\/posts\/66148\/revisions"}],"predecessor-version":[{"id":66152,"href":"https:\/\/diariotextual.com\/inicio\/index.php\/wp-json\/wp\/v2\/posts\/66148\/revisions\/66152"}],"wp:featuredmedia":[{"embeddable":true,"href":"https:\/\/diariotextual.com\/inicio\/index.php\/wp-json\/wp\/v2\/media\/66142"}],"wp:attachment":[{"href":"https:\/\/diariotextual.com\/inicio\/index.php\/wp-json\/wp\/v2\/media?parent=66148"}],"wp:term":[{"taxonomy":"category","embeddable":true,"href":"https:\/\/diariotextual.com\/inicio\/index.php\/wp-json\/wp\/v2\/categories?post=66148"},{"taxonomy":"post_tag","embeddable":true,"href":"https:\/\/diariotextual.com\/inicio\/index.php\/wp-json\/wp\/v2\/tags?post=66148"}],"curies":[{"name":"wp","href":"https:\/\/api.w.org\/{rel}","templated":true}]}}