{"id":66177,"date":"2019-10-17T09:50:24","date_gmt":"2019-10-17T12:50:24","guid":{"rendered":"http:\/\/diariotextual.com\/inicio\/?p=66177"},"modified":"2019-10-17T12:30:30","modified_gmt":"2019-10-17T15:30:30","slug":"la-foto-cristina-verna","status":"publish","type":"post","link":"https:\/\/diariotextual.com\/inicio\/index.php\/2019\/10\/17\/la-foto-cristina-verna\/","title":{"rendered":"La foto de Cristina y Verna"},"content":{"rendered":"<p>Cristina Fern\u00e1ndez y Carlos Verna compartieron anoche una cena, en una casa particular de Santa Rosa. Desde el peronismo pampeano, divulgaron una foto de ellos juntos. Hoy almorzar\u00e1n juntos en el Hotel Mercure y ya a las 17.30 compartir\u00e1n el acto por el D\u00eda de la Lealtad, en el Parque Don Tom\u00e1s.<\/p>\n<blockquote class=\"wp-embedded-content\" data-secret=\"gcHBATkNvm\"><p><a href=\"http:\/\/diariotextual.com\/inicio\/index.php\/2019\/10\/16\/llego-cristina-alegria-estar-la-pampa\/\">Lleg\u00f3 Cristina: &#171;Qu\u00e9 alegr\u00eda volver a La Pampa&#187;<\/a><\/p><\/blockquote>\n<p><iframe class=\"wp-embedded-content\" sandbox=\"allow-scripts\" security=\"restricted\" style=\"position: absolute; clip: rect(1px, 1px, 1px, 1px);\" src=\"http:\/\/diariotextual.com\/inicio\/index.php\/2019\/10\/16\/llego-cristina-alegria-estar-la-pampa\/embed\/#?secret=gcHBATkNvm\" data-secret=\"gcHBATkNvm\" width=\"600\" height=\"338\" title=\"&#171;Lleg\u00f3 Cristina: &#171;Qu\u00e9 alegr\u00eda volver a La Pampa&#187;&#187; &#8212; Diario Textual\" frameborder=\"0\" marginwidth=\"0\" marginheight=\"0\" scrolling=\"no\"><\/iframe><\/p>\n<p>&nbsp;<\/p>\n<p>Esta foto entre Cristina y Verna, hist\u00f3ricamente enfrentados, es <strong>uno de los s\u00edmbolos de la unidad<\/strong> del peronismo.<\/p>\n<p>Ambos <strong>estuvieron fuertemente enfrentados por dos d\u00e9cadas.<\/strong> Los roces comenzaron en el Congreso de la Naci\u00f3n y luego se extendieron cuando los Kirchner llegaron a Casa Rosada.<\/p>\n<p><strong>\u201cAnd\u00e1 a lavar los platos\u201d<\/strong>. Eso le habr\u00eda dicho Verna, seg\u00fan el mito popular. Nadie lo ha confirmado. Incluso el propio Verna lo ha negado, pero se instal\u00f3 en el imaginario como una verdad indiscutible.<\/p>\n<p>En 2011, Verna<strong> decidi\u00f3 pegar el portazo<\/strong> y <strong>se baj\u00f3<\/strong> de su candidatura:<strong> fue luego de que CFK impusiera el \u201cdedo\u201d y le bajara a los candidatos del vernismo para imponer a los de La C\u00e1mpora, y tuviera la certeza de que iba a \u201csufrir\u201d el retaceo de fondos de Casa Rosada.<\/strong><\/p>\n<p>En 2015, preparando el regreso a Casa de Gobierno, hizo campa\u00f1a decididamente en contra de la entonces presidenta. \u201cEs La Pampa o La C\u00e1mpora\u201d, fue su eslogan. La presidenta contraatac\u00f3. \u201cSon el pasado\u201d, dijo la l\u00edder del kirchnerismo, en referencia a Carlos Verna y Rub\u00e9n Mar\u00edn.<\/p>\n<p>Ya con Mauricio Macri en el poder, a fines de 2016 y principios de 2017, Verna entendi\u00f3 la necesidad de unir al peronismo. Para eso se reuni\u00f3 con Mar\u00eda Luz Alonso, una de las referentes del kirchnerismo en La Pampa, y decidi\u00f3 crear un frente para bajar al macrismo. As\u00ed logr\u00f3 ganar las legislativas de 2017 y abri\u00f3 el camino que, luego, ser\u00eda replicado en todo el pa\u00eds.<\/p>\n<p>&nbsp;<\/p>\n<p>&nbsp;<\/p>\n<p>&nbsp;<\/p>\n","protected":false},"excerpt":{"rendered":"<p>Cristina Fern\u00e1ndez y Carlos Verna compartieron anoche una cena, en una casa particular de Santa Rosa. Desde el peronismo pampeano, divulgaron una foto de ellos juntos. Hoy almorzar\u00e1n juntos en&hellip;<\/p>\n","protected":false},"author":3,"featured_media":66179,"comment_status":"closed","ping_status":"open","sticky":false,"template":"","format":"standard","meta":{"_acf_changed":false,"footnotes":""},"categories":[11,319,8],"tags":[],"class_list":["post-66177","post","type-post","status-publish","format-standard","has-post-thumbnail","hentry","category-que-pasa","category-a-temporales","category-politica"],"acf":[],"yoast_head":"<!-- This site is optimized with the Yoast SEO plugin v27.4 - https:\/\/yoast.com\/product\/yoast-seo-wordpress\/ -->\n<title>La foto de Cristina y Verna - Diario Textual<\/title>\n<meta name=\"robots\" content=\"index, follow, max-snippet:-1, max-image-preview:large, max-video-preview:-1\" \/>\n<link rel=\"canonical\" href=\"https:\/\/diariotextual.com\/inicio\/index.php\/2019\/10\/17\/la-foto-cristina-verna\/\" \/>\n<meta property=\"og:locale\" content=\"es_ES\" \/>\n<meta property=\"og:type\" content=\"article\" \/>\n<meta property=\"og:title\" content=\"La foto de Cristina y Verna - Diario Textual\" \/>\n<meta property=\"og:description\" content=\"Cristina Fern\u00e1ndez y Carlos Verna compartieron anoche una cena, en una casa particular de Santa Rosa. Desde el peronismo pampeano, divulgaron una foto de ellos juntos. Hoy almorzar\u00e1n juntos en&hellip;\" \/>\n<meta property=\"og:url\" content=\"https:\/\/diariotextual.com\/inicio\/index.php\/2019\/10\/17\/la-foto-cristina-verna\/\" \/>\n<meta property=\"og:site_name\" content=\"Diario Textual\" \/>\n<meta property=\"article:publisher\" content=\"https:\/\/www.facebook.com\/eltextual\" \/>\n<meta property=\"article:published_time\" content=\"2019-10-17T12:50:24+00:00\" \/>\n<meta property=\"article:modified_time\" content=\"2019-10-17T15:30:30+00:00\" \/>\n<meta property=\"og:image\" content=\"https:\/\/diariotextual.com\/inicio\/wp-content\/uploads\/2019\/10\/vernacristinafernandez2.jpg\" \/>\n\t<meta property=\"og:image:width\" content=\"619\" \/>\n\t<meta property=\"og:image:height\" content=\"482\" \/>\n\t<meta property=\"og:image:type\" content=\"image\/jpeg\" \/>\n<meta name=\"author\" content=\"Diario1 Diario1\" \/>\n<meta name=\"twitter:card\" content=\"summary_large_image\" \/>\n<meta name=\"twitter:creator\" content=\"@eltextual\" \/>\n<meta name=\"twitter:site\" content=\"@eltextual\" \/>\n<meta name=\"twitter:label1\" content=\"Escrito por\" \/>\n\t<meta name=\"twitter:data1\" content=\"Diario1 Diario1\" \/>\n\t<meta name=\"twitter:label2\" content=\"Tiempo de lectura\" \/>\n\t<meta name=\"twitter:data2\" content=\"2 minutos\" \/>\n<script type=\"application\/ld+json\" class=\"yoast-schema-graph\">{\"@context\":\"https:\\\/\\\/schema.org\",\"@graph\":[{\"@type\":\"Article\",\"@id\":\"https:\\\/\\\/diariotextual.com\\\/inicio\\\/index.php\\\/2019\\\/10\\\/17\\\/la-foto-cristina-verna\\\/#article\",\"isPartOf\":{\"@id\":\"https:\\\/\\\/diariotextual.com\\\/inicio\\\/index.php\\\/2019\\\/10\\\/17\\\/la-foto-cristina-verna\\\/\"},\"author\":{\"name\":\"Diario1 Diario1\",\"@id\":\"https:\\\/\\\/diariotextual.com\\\/inicio\\\/#\\\/schema\\\/person\\\/418fc4093c33e86ed41562db3508f958\"},\"headline\":\"La foto de Cristina y Verna\",\"datePublished\":\"2019-10-17T12:50:24+00:00\",\"dateModified\":\"2019-10-17T15:30:30+00:00\",\"mainEntityOfPage\":{\"@id\":\"https:\\\/\\\/diariotextual.com\\\/inicio\\\/index.php\\\/2019\\\/10\\\/17\\\/la-foto-cristina-verna\\\/\"},\"wordCount\":329,\"publisher\":{\"@id\":\"https:\\\/\\\/diariotextual.com\\\/inicio\\\/#organization\"},\"image\":{\"@id\":\"https:\\\/\\\/diariotextual.com\\\/inicio\\\/index.php\\\/2019\\\/10\\\/17\\\/la-foto-cristina-verna\\\/#primaryimage\"},\"thumbnailUrl\":\"https:\\\/\\\/diariotextual.com\\\/inicio\\\/wp-content\\\/uploads\\\/2019\\\/10\\\/vernacristinafernandez2.jpg\",\"articleSection\":[\"A - QUE PASA (al costado)\",\"A - TEMPORALES\",\"POLITICA\"],\"inLanguage\":\"es\"},{\"@type\":\"WebPage\",\"@id\":\"https:\\\/\\\/diariotextual.com\\\/inicio\\\/index.php\\\/2019\\\/10\\\/17\\\/la-foto-cristina-verna\\\/\",\"url\":\"https:\\\/\\\/diariotextual.com\\\/inicio\\\/index.php\\\/2019\\\/10\\\/17\\\/la-foto-cristina-verna\\\/\",\"name\":\"La foto de Cristina y Verna - Diario Textual\",\"isPartOf\":{\"@id\":\"https:\\\/\\\/diariotextual.com\\\/inicio\\\/#website\"},\"primaryImageOfPage\":{\"@id\":\"https:\\\/\\\/diariotextual.com\\\/inicio\\\/index.php\\\/2019\\\/10\\\/17\\\/la-foto-cristina-verna\\\/#primaryimage\"},\"image\":{\"@id\":\"https:\\\/\\\/diariotextual.com\\\/inicio\\\/index.php\\\/2019\\\/10\\\/17\\\/la-foto-cristina-verna\\\/#primaryimage\"},\"thumbnailUrl\":\"https:\\\/\\\/diariotextual.com\\\/inicio\\\/wp-content\\\/uploads\\\/2019\\\/10\\\/vernacristinafernandez2.jpg\",\"datePublished\":\"2019-10-17T12:50:24+00:00\",\"dateModified\":\"2019-10-17T15:30:30+00:00\",\"breadcrumb\":{\"@id\":\"https:\\\/\\\/diariotextual.com\\\/inicio\\\/index.php\\\/2019\\\/10\\\/17\\\/la-foto-cristina-verna\\\/#breadcrumb\"},\"inLanguage\":\"es\",\"potentialAction\":[{\"@type\":\"ReadAction\",\"target\":[\"https:\\\/\\\/diariotextual.com\\\/inicio\\\/index.php\\\/2019\\\/10\\\/17\\\/la-foto-cristina-verna\\\/\"]}]},{\"@type\":\"ImageObject\",\"inLanguage\":\"es\",\"@id\":\"https:\\\/\\\/diariotextual.com\\\/inicio\\\/index.php\\\/2019\\\/10\\\/17\\\/la-foto-cristina-verna\\\/#primaryimage\",\"url\":\"https:\\\/\\\/diariotextual.com\\\/inicio\\\/wp-content\\\/uploads\\\/2019\\\/10\\\/vernacristinafernandez2.jpg\",\"contentUrl\":\"https:\\\/\\\/diariotextual.com\\\/inicio\\\/wp-content\\\/uploads\\\/2019\\\/10\\\/vernacristinafernandez2.jpg\",\"width\":619,\"height\":482},{\"@type\":\"BreadcrumbList\",\"@id\":\"https:\\\/\\\/diariotextual.com\\\/inicio\\\/index.php\\\/2019\\\/10\\\/17\\\/la-foto-cristina-verna\\\/#breadcrumb\",\"itemListElement\":[{\"@type\":\"ListItem\",\"position\":1,\"name\":\"Portada\",\"item\":\"https:\\\/\\\/diariotextual.com\\\/inicio\\\/\"},{\"@type\":\"ListItem\",\"position\":2,\"name\":\"La foto de Cristina y Verna\"}]},{\"@type\":\"WebSite\",\"@id\":\"https:\\\/\\\/diariotextual.com\\\/inicio\\\/#website\",\"url\":\"https:\\\/\\\/diariotextual.com\\\/inicio\\\/\",\"name\":\"Diario Textual\",\"description\":\"\",\"publisher\":{\"@id\":\"https:\\\/\\\/diariotextual.com\\\/inicio\\\/#organization\"},\"potentialAction\":[{\"@type\":\"SearchAction\",\"target\":{\"@type\":\"EntryPoint\",\"urlTemplate\":\"https:\\\/\\\/diariotextual.com\\\/inicio\\\/?s={search_term_string}\"},\"query-input\":{\"@type\":\"PropertyValueSpecification\",\"valueRequired\":true,\"valueName\":\"search_term_string\"}}],\"inLanguage\":\"es\"},{\"@type\":\"Organization\",\"@id\":\"https:\\\/\\\/diariotextual.com\\\/inicio\\\/#organization\",\"name\":\"Diario Textual\",\"url\":\"https:\\\/\\\/diariotextual.com\\\/inicio\\\/\",\"logo\":{\"@type\":\"ImageObject\",\"inLanguage\":\"es\",\"@id\":\"https:\\\/\\\/diariotextual.com\\\/inicio\\\/#\\\/schema\\\/logo\\\/image\\\/\",\"url\":\"https:\\\/\\\/diariotextual.com\\\/inicio\\\/wp-content\\\/uploads\\\/2023\\\/05\\\/logotextual1.jpg\",\"contentUrl\":\"https:\\\/\\\/diariotextual.com\\\/inicio\\\/wp-content\\\/uploads\\\/2023\\\/05\\\/logotextual1.jpg\",\"width\":516,\"height\":76,\"caption\":\"Diario Textual\"},\"image\":{\"@id\":\"https:\\\/\\\/diariotextual.com\\\/inicio\\\/#\\\/schema\\\/logo\\\/image\\\/\"},\"sameAs\":[\"https:\\\/\\\/www.facebook.com\\\/eltextual\",\"https:\\\/\\\/x.com\\\/eltextual\",\"http:\\\/\\\/www.instagram.com\\\/eltextual\"]},{\"@type\":\"Person\",\"@id\":\"https:\\\/\\\/diariotextual.com\\\/inicio\\\/#\\\/schema\\\/person\\\/418fc4093c33e86ed41562db3508f958\",\"name\":\"Diario1 Diario1\",\"image\":{\"@type\":\"ImageObject\",\"inLanguage\":\"es\",\"@id\":\"https:\\\/\\\/secure.gravatar.com\\\/avatar\\\/9167d280179c85bc18be67aa7eda765854300033af4896dd779b608640f2ef7a?s=96&d=mm&r=g\",\"url\":\"https:\\\/\\\/secure.gravatar.com\\\/avatar\\\/9167d280179c85bc18be67aa7eda765854300033af4896dd779b608640f2ef7a?s=96&d=mm&r=g\",\"contentUrl\":\"https:\\\/\\\/secure.gravatar.com\\\/avatar\\\/9167d280179c85bc18be67aa7eda765854300033af4896dd779b608640f2ef7a?s=96&d=mm&r=g\",\"caption\":\"Diario1 Diario1\"},\"url\":\"https:\\\/\\\/diariotextual.com\\\/inicio\\\/index.php\\\/author\\\/diario1\\\/\"}]}<\/script>\n<!-- \/ Yoast SEO plugin. -->","yoast_head_json":{"title":"La foto de Cristina y Verna - Diario Textual","robots":{"index":"index","follow":"follow","max-snippet":"max-snippet:-1","max-image-preview":"max-image-preview:large","max-video-preview":"max-video-preview:-1"},"canonical":"https:\/\/diariotextual.com\/inicio\/index.php\/2019\/10\/17\/la-foto-cristina-verna\/","og_locale":"es_ES","og_type":"article","og_title":"La foto de Cristina y Verna - Diario Textual","og_description":"Cristina Fern\u00e1ndez y Carlos Verna compartieron anoche una cena, en una casa particular de Santa Rosa. Desde el peronismo pampeano, divulgaron una foto de ellos juntos. Hoy almorzar\u00e1n juntos en&hellip;","og_url":"https:\/\/diariotextual.com\/inicio\/index.php\/2019\/10\/17\/la-foto-cristina-verna\/","og_site_name":"Diario Textual","article_publisher":"https:\/\/www.facebook.com\/eltextual","article_published_time":"2019-10-17T12:50:24+00:00","article_modified_time":"2019-10-17T15:30:30+00:00","og_image":[{"width":619,"height":482,"url":"https:\/\/diariotextual.com\/inicio\/wp-content\/uploads\/2019\/10\/vernacristinafernandez2.jpg","type":"image\/jpeg"}],"author":"Diario1 Diario1","twitter_card":"summary_large_image","twitter_creator":"@eltextual","twitter_site":"@eltextual","twitter_misc":{"Escrito por":"Diario1 Diario1","Tiempo de lectura":"2 minutos"},"schema":{"@context":"https:\/\/schema.org","@graph":[{"@type":"Article","@id":"https:\/\/diariotextual.com\/inicio\/index.php\/2019\/10\/17\/la-foto-cristina-verna\/#article","isPartOf":{"@id":"https:\/\/diariotextual.com\/inicio\/index.php\/2019\/10\/17\/la-foto-cristina-verna\/"},"author":{"name":"Diario1 Diario1","@id":"https:\/\/diariotextual.com\/inicio\/#\/schema\/person\/418fc4093c33e86ed41562db3508f958"},"headline":"La foto de Cristina y Verna","datePublished":"2019-10-17T12:50:24+00:00","dateModified":"2019-10-17T15:30:30+00:00","mainEntityOfPage":{"@id":"https:\/\/diariotextual.com\/inicio\/index.php\/2019\/10\/17\/la-foto-cristina-verna\/"},"wordCount":329,"publisher":{"@id":"https:\/\/diariotextual.com\/inicio\/#organization"},"image":{"@id":"https:\/\/diariotextual.com\/inicio\/index.php\/2019\/10\/17\/la-foto-cristina-verna\/#primaryimage"},"thumbnailUrl":"https:\/\/diariotextual.com\/inicio\/wp-content\/uploads\/2019\/10\/vernacristinafernandez2.jpg","articleSection":["A - QUE PASA (al costado)","A - TEMPORALES","POLITICA"],"inLanguage":"es"},{"@type":"WebPage","@id":"https:\/\/diariotextual.com\/inicio\/index.php\/2019\/10\/17\/la-foto-cristina-verna\/","url":"https:\/\/diariotextual.com\/inicio\/index.php\/2019\/10\/17\/la-foto-cristina-verna\/","name":"La foto de Cristina y Verna - Diario Textual","isPartOf":{"@id":"https:\/\/diariotextual.com\/inicio\/#website"},"primaryImageOfPage":{"@id":"https:\/\/diariotextual.com\/inicio\/index.php\/2019\/10\/17\/la-foto-cristina-verna\/#primaryimage"},"image":{"@id":"https:\/\/diariotextual.com\/inicio\/index.php\/2019\/10\/17\/la-foto-cristina-verna\/#primaryimage"},"thumbnailUrl":"https:\/\/diariotextual.com\/inicio\/wp-content\/uploads\/2019\/10\/vernacristinafernandez2.jpg","datePublished":"2019-10-17T12:50:24+00:00","dateModified":"2019-10-17T15:30:30+00:00","breadcrumb":{"@id":"https:\/\/diariotextual.com\/inicio\/index.php\/2019\/10\/17\/la-foto-cristina-verna\/#breadcrumb"},"inLanguage":"es","potentialAction":[{"@type":"ReadAction","target":["https:\/\/diariotextual.com\/inicio\/index.php\/2019\/10\/17\/la-foto-cristina-verna\/"]}]},{"@type":"ImageObject","inLanguage":"es","@id":"https:\/\/diariotextual.com\/inicio\/index.php\/2019\/10\/17\/la-foto-cristina-verna\/#primaryimage","url":"https:\/\/diariotextual.com\/inicio\/wp-content\/uploads\/2019\/10\/vernacristinafernandez2.jpg","contentUrl":"https:\/\/diariotextual.com\/inicio\/wp-content\/uploads\/2019\/10\/vernacristinafernandez2.jpg","width":619,"height":482},{"@type":"BreadcrumbList","@id":"https:\/\/diariotextual.com\/inicio\/index.php\/2019\/10\/17\/la-foto-cristina-verna\/#breadcrumb","itemListElement":[{"@type":"ListItem","position":1,"name":"Portada","item":"https:\/\/diariotextual.com\/inicio\/"},{"@type":"ListItem","position":2,"name":"La foto de Cristina y Verna"}]},{"@type":"WebSite","@id":"https:\/\/diariotextual.com\/inicio\/#website","url":"https:\/\/diariotextual.com\/inicio\/","name":"Diario Textual","description":"","publisher":{"@id":"https:\/\/diariotextual.com\/inicio\/#organization"},"potentialAction":[{"@type":"SearchAction","target":{"@type":"EntryPoint","urlTemplate":"https:\/\/diariotextual.com\/inicio\/?s={search_term_string}"},"query-input":{"@type":"PropertyValueSpecification","valueRequired":true,"valueName":"search_term_string"}}],"inLanguage":"es"},{"@type":"Organization","@id":"https:\/\/diariotextual.com\/inicio\/#organization","name":"Diario Textual","url":"https:\/\/diariotextual.com\/inicio\/","logo":{"@type":"ImageObject","inLanguage":"es","@id":"https:\/\/diariotextual.com\/inicio\/#\/schema\/logo\/image\/","url":"https:\/\/diariotextual.com\/inicio\/wp-content\/uploads\/2023\/05\/logotextual1.jpg","contentUrl":"https:\/\/diariotextual.com\/inicio\/wp-content\/uploads\/2023\/05\/logotextual1.jpg","width":516,"height":76,"caption":"Diario Textual"},"image":{"@id":"https:\/\/diariotextual.com\/inicio\/#\/schema\/logo\/image\/"},"sameAs":["https:\/\/www.facebook.com\/eltextual","https:\/\/x.com\/eltextual","http:\/\/www.instagram.com\/eltextual"]},{"@type":"Person","@id":"https:\/\/diariotextual.com\/inicio\/#\/schema\/person\/418fc4093c33e86ed41562db3508f958","name":"Diario1 Diario1","image":{"@type":"ImageObject","inLanguage":"es","@id":"https:\/\/secure.gravatar.com\/avatar\/9167d280179c85bc18be67aa7eda765854300033af4896dd779b608640f2ef7a?s=96&d=mm&r=g","url":"https:\/\/secure.gravatar.com\/avatar\/9167d280179c85bc18be67aa7eda765854300033af4896dd779b608640f2ef7a?s=96&d=mm&r=g","contentUrl":"https:\/\/secure.gravatar.com\/avatar\/9167d280179c85bc18be67aa7eda765854300033af4896dd779b608640f2ef7a?s=96&d=mm&r=g","caption":"Diario1 Diario1"},"url":"https:\/\/diariotextual.com\/inicio\/index.php\/author\/diario1\/"}]}},"_links":{"self":[{"href":"https:\/\/diariotextual.com\/inicio\/index.php\/wp-json\/wp\/v2\/posts\/66177","targetHints":{"allow":["GET"]}}],"collection":[{"href":"https:\/\/diariotextual.com\/inicio\/index.php\/wp-json\/wp\/v2\/posts"}],"about":[{"href":"https:\/\/diariotextual.com\/inicio\/index.php\/wp-json\/wp\/v2\/types\/post"}],"author":[{"embeddable":true,"href":"https:\/\/diariotextual.com\/inicio\/index.php\/wp-json\/wp\/v2\/users\/3"}],"replies":[{"embeddable":true,"href":"https:\/\/diariotextual.com\/inicio\/index.php\/wp-json\/wp\/v2\/comments?post=66177"}],"version-history":[{"count":6,"href":"https:\/\/diariotextual.com\/inicio\/index.php\/wp-json\/wp\/v2\/posts\/66177\/revisions"}],"predecessor-version":[{"id":66218,"href":"https:\/\/diariotextual.com\/inicio\/index.php\/wp-json\/wp\/v2\/posts\/66177\/revisions\/66218"}],"wp:featuredmedia":[{"embeddable":true,"href":"https:\/\/diariotextual.com\/inicio\/index.php\/wp-json\/wp\/v2\/media\/66179"}],"wp:attachment":[{"href":"https:\/\/diariotextual.com\/inicio\/index.php\/wp-json\/wp\/v2\/media?parent=66177"}],"wp:term":[{"taxonomy":"category","embeddable":true,"href":"https:\/\/diariotextual.com\/inicio\/index.php\/wp-json\/wp\/v2\/categories?post=66177"},{"taxonomy":"post_tag","embeddable":true,"href":"https:\/\/diariotextual.com\/inicio\/index.php\/wp-json\/wp\/v2\/tags?post=66177"}],"curies":[{"name":"wp","href":"https:\/\/api.w.org\/{rel}","templated":true}]}}