{"id":66195,"date":"2019-10-17T12:04:29","date_gmt":"2019-10-17T15:04:29","guid":{"rendered":"http:\/\/diariotextual.com\/inicio\/?p=66195"},"modified":"2019-10-17T21:19:06","modified_gmt":"2019-10-18T00:19:06","slug":"verna-me-llama-la-atencion-grado-caradurez-macri-mentir","status":"publish","type":"post","link":"https:\/\/diariotextual.com\/inicio\/index.php\/2019\/10\/17\/verna-me-llama-la-atencion-grado-caradurez-macri-mentir\/","title":{"rendered":"Verna: \u00abMe llama la atenci\u00f3n el grado de caradurez de Macri para mentir\u00bb"},"content":{"rendered":"<p>El gobernador <strong>Carlos Verna<\/strong> dijo que le <strong>\u00abllam\u00f3 la atenci\u00f3n el grado de caradurez de Macri\u00bb<\/strong> en el debate presidencial del pasado domingo. Asegur\u00f3 que <strong>\u00abest\u00e1 todo el peronismo\u00bb detr\u00e1s de la candidatura de Alberto Fern\u00e1ndez<\/strong>\u00a0 y sobre a posibilidad de un cargo en el futuro gabinete nacional dijo: <strong>\u00abEsto para ayudar donde venga\u00bb.<\/strong><\/p>\n<blockquote class=\"wp-embedded-content\" data-secret=\"pfX83N46dX\"><p><a href=\"http:\/\/diariotextual.com\/inicio\/index.php\/2019\/10\/17\/la-foto-cristina-verna\/\">La foto de Cristina y Verna<\/a><\/p><\/blockquote>\n<p><iframe class=\"wp-embedded-content\" sandbox=\"allow-scripts\" security=\"restricted\" style=\"position: absolute; clip: rect(1px, 1px, 1px, 1px);\" src=\"http:\/\/diariotextual.com\/inicio\/index.php\/2019\/10\/17\/la-foto-cristina-verna\/embed\/#?secret=pfX83N46dX\" data-secret=\"pfX83N46dX\" width=\"600\" height=\"338\" title=\"&#171;La foto de Cristina y Verna&#187; &#8212; Diario Textual\" frameborder=\"0\" marginwidth=\"0\" marginheight=\"0\" scrolling=\"no\"><\/iframe><\/p>\n<p>Verna hizo estas declaraciones en el Hotel Mercure, adonde lleg\u00f3 para almorzar con el resto de los gobernadores que llegaron a Santa Rosa para el acto del <strong>D\u00eda de la Lealtad.<\/strong><\/p>\n<p><strong>\u00abQue la f\u00f3rmula haya elegido La Pampa para festejar el D\u00eda de la Lealtad es una gran alegr\u00eda. Ha parado la lluvia y se transforma en un d\u00eda peronista. Esperamos pasarla bien y esperemos que el peronismo pueda recuperar la conducci\u00f3n nacional\u00bb<\/strong>, dijo.<\/p>\n<blockquote class=\"wp-embedded-content\" data-secret=\"4bc6o02Xc9\"><p><a href=\"http:\/\/diariotextual.com\/inicio\/index.php\/2019\/10\/17\/verna-recibio-los-presidentes-bloque-distintas-provincias\/\">Verna recibi\u00f3 a los presidentes de bloque de distintas provincias<\/a><\/p><\/blockquote>\n<p><iframe class=\"wp-embedded-content\" sandbox=\"allow-scripts\" security=\"restricted\" style=\"position: absolute; clip: rect(1px, 1px, 1px, 1px);\" src=\"http:\/\/diariotextual.com\/inicio\/index.php\/2019\/10\/17\/verna-recibio-los-presidentes-bloque-distintas-provincias\/embed\/#?secret=4bc6o02Xc9\" data-secret=\"4bc6o02Xc9\" width=\"600\" height=\"338\" title=\"&#171;Verna recibi\u00f3 a los presidentes de bloque de distintas provincias&#187; &#8212; Diario Textual\" frameborder=\"0\" marginwidth=\"0\" marginheight=\"0\" scrolling=\"no\"><\/iframe><\/p>\n<p>\u00bfPor qu\u00e9 la f\u00f3rmula del Frente de Todos eligi\u00f3 La Pampa para festejar un d\u00eda tan importante para los peronistas? \u00ab<strong>Creo que reconocen que defiendo la provincia, que digo las cosas de frente en las reuniones y fuera de las reuniones y no cambio lo que pensaba, ni lo que dec\u00eda. Quise tener buena relaci\u00f3n con el gobierno nacional, no nos cumplieron y no firmamos el pacto fiscal. Tuvimos que achicar la inversi\u00f3n p\u00fablica y el pueblo de La Pampa nos acompa\u00f1\u00f3\u00bb<\/strong>, afirm\u00f3.<\/p>\n<p>\u00bfSi le gustar\u00eda estar en el futuro gabinete nacional? <strong>\u00abEstoy para ayudar donde venga. Nunca tuve demasiada apetencia para un cargo nacional\u00bb.<\/strong><\/p>\n<p>Verna cont\u00f3 que anoche charl\u00f3 con Cristina Fern\u00e1ndez de Kirchner. <strong>\u00abHablamos de la deuda, que es legal porque est\u00e1 firmada, pero es ileg\u00edtima porque no est\u00e1 reconocida por la c\u00e1mara. Hay que atenderla, pero primero hay que atender la deuda interna\u00bb<\/strong>, dijo.<\/p>\n<p>Sobre el debate presidencial, dijo: <strong>\u00abMe llam\u00f3 la atenci\u00f3n el grado de caradurez de Macri para mentir. Decir que dos de cada tres d\u00f3lares era para pagar deuda es mentira. Eso hace que la gente no le crea\u00bb.<\/strong><\/p>\n<blockquote class=\"wp-embedded-content\" data-secret=\"pocC6neGIK\"><p><a href=\"http:\/\/diariotextual.com\/inicio\/index.php\/2019\/10\/16\/llego-cristina-alegria-estar-la-pampa\/\">Lleg\u00f3 Cristina: &#171;Qu\u00e9 alegr\u00eda volver a La Pampa&#187;<\/a><\/p><\/blockquote>\n<p><iframe class=\"wp-embedded-content\" sandbox=\"allow-scripts\" security=\"restricted\" style=\"position: absolute; clip: rect(1px, 1px, 1px, 1px);\" src=\"http:\/\/diariotextual.com\/inicio\/index.php\/2019\/10\/16\/llego-cristina-alegria-estar-la-pampa\/embed\/#?secret=pocC6neGIK\" data-secret=\"pocC6neGIK\" width=\"600\" height=\"338\" title=\"&#171;Lleg\u00f3 Cristina: &#171;Qu\u00e9 alegr\u00eda volver a La Pampa&#187;&#187; &#8212; Diario Textual\" frameborder=\"0\" marginwidth=\"0\" marginheight=\"0\" scrolling=\"no\"><\/iframe><\/p>\n","protected":false},"excerpt":{"rendered":"<p>El gobernador Carlos Verna dijo que le \u00abllam\u00f3 la atenci\u00f3n el grado de caradurez de Macri\u00bb en el debate presidencial del pasado domingo. Asegur\u00f3 que \u00abest\u00e1 todo el peronismo\u00bb detr\u00e1s&hellip;<\/p>\n","protected":false},"author":7,"featured_media":66212,"comment_status":"closed","ping_status":"open","sticky":false,"template":"","format":"standard","meta":{"_acf_changed":false,"footnotes":""},"categories":[11,319,8],"tags":[],"class_list":["post-66195","post","type-post","status-publish","format-standard","has-post-thumbnail","hentry","category-que-pasa","category-a-temporales","category-politica"],"acf":[],"yoast_head":"<!-- This site is optimized with the Yoast SEO plugin v27.4 - https:\/\/yoast.com\/product\/yoast-seo-wordpress\/ -->\n<title>Verna: &quot;Me llama la atenci\u00f3n el grado de caradurez de Macri para mentir&quot; - Diario Textual<\/title>\n<meta name=\"robots\" content=\"index, follow, max-snippet:-1, max-image-preview:large, max-video-preview:-1\" \/>\n<link rel=\"canonical\" href=\"https:\/\/diariotextual.com\/inicio\/index.php\/2019\/10\/17\/verna-me-llama-la-atencion-grado-caradurez-macri-mentir\/\" \/>\n<meta property=\"og:locale\" content=\"es_ES\" \/>\n<meta property=\"og:type\" content=\"article\" \/>\n<meta property=\"og:title\" content=\"Verna: &quot;Me llama la atenci\u00f3n el grado de caradurez de Macri para mentir&quot; - Diario Textual\" \/>\n<meta property=\"og:description\" content=\"El gobernador Carlos Verna dijo que le \u00abllam\u00f3 la atenci\u00f3n el grado de caradurez de Macri\u00bb en el debate presidencial del pasado domingo. Asegur\u00f3 que \u00abest\u00e1 todo el peronismo\u00bb detr\u00e1s&hellip;\" \/>\n<meta property=\"og:url\" content=\"https:\/\/diariotextual.com\/inicio\/index.php\/2019\/10\/17\/verna-me-llama-la-atencion-grado-caradurez-macri-mentir\/\" \/>\n<meta property=\"og:site_name\" content=\"Diario Textual\" \/>\n<meta property=\"article:publisher\" content=\"https:\/\/www.facebook.com\/eltextual\" \/>\n<meta property=\"article:published_time\" content=\"2019-10-17T15:04:29+00:00\" \/>\n<meta property=\"article:modified_time\" content=\"2019-10-18T00:19:06+00:00\" \/>\n<meta property=\"og:image\" content=\"https:\/\/diariotextual.com\/inicio\/wp-content\/uploads\/2019\/10\/verna7776666.jpg\" \/>\n\t<meta property=\"og:image:width\" content=\"1280\" \/>\n\t<meta property=\"og:image:height\" content=\"852\" \/>\n\t<meta property=\"og:image:type\" content=\"image\/jpeg\" \/>\n<meta name=\"author\" content=\"diario5\" \/>\n<meta name=\"twitter:card\" content=\"summary_large_image\" \/>\n<meta name=\"twitter:creator\" content=\"@eltextual\" \/>\n<meta name=\"twitter:site\" content=\"@eltextual\" \/>\n<meta name=\"twitter:label1\" content=\"Escrito por\" \/>\n\t<meta name=\"twitter:data1\" content=\"diario5\" \/>\n\t<meta name=\"twitter:label2\" content=\"Tiempo de lectura\" \/>\n\t<meta name=\"twitter:data2\" content=\"2 minutos\" \/>\n<script type=\"application\/ld+json\" class=\"yoast-schema-graph\">{\"@context\":\"https:\\\/\\\/schema.org\",\"@graph\":[{\"@type\":\"Article\",\"@id\":\"https:\\\/\\\/diariotextual.com\\\/inicio\\\/index.php\\\/2019\\\/10\\\/17\\\/verna-me-llama-la-atencion-grado-caradurez-macri-mentir\\\/#article\",\"isPartOf\":{\"@id\":\"https:\\\/\\\/diariotextual.com\\\/inicio\\\/index.php\\\/2019\\\/10\\\/17\\\/verna-me-llama-la-atencion-grado-caradurez-macri-mentir\\\/\"},\"author\":{\"name\":\"diario5\",\"@id\":\"https:\\\/\\\/diariotextual.com\\\/inicio\\\/#\\\/schema\\\/person\\\/c7834961ad8b29b1d9cdbf4571299067\"},\"headline\":\"Verna: \u00abMe llama la atenci\u00f3n el grado de caradurez de Macri para mentir\u00bb\",\"datePublished\":\"2019-10-17T15:04:29+00:00\",\"dateModified\":\"2019-10-18T00:19:06+00:00\",\"mainEntityOfPage\":{\"@id\":\"https:\\\/\\\/diariotextual.com\\\/inicio\\\/index.php\\\/2019\\\/10\\\/17\\\/verna-me-llama-la-atencion-grado-caradurez-macri-mentir\\\/\"},\"wordCount\":369,\"publisher\":{\"@id\":\"https:\\\/\\\/diariotextual.com\\\/inicio\\\/#organization\"},\"image\":{\"@id\":\"https:\\\/\\\/diariotextual.com\\\/inicio\\\/index.php\\\/2019\\\/10\\\/17\\\/verna-me-llama-la-atencion-grado-caradurez-macri-mentir\\\/#primaryimage\"},\"thumbnailUrl\":\"https:\\\/\\\/diariotextual.com\\\/inicio\\\/wp-content\\\/uploads\\\/2019\\\/10\\\/verna7776666.jpg\",\"articleSection\":[\"A - QUE PASA (al costado)\",\"A - TEMPORALES\",\"POLITICA\"],\"inLanguage\":\"es\"},{\"@type\":\"WebPage\",\"@id\":\"https:\\\/\\\/diariotextual.com\\\/inicio\\\/index.php\\\/2019\\\/10\\\/17\\\/verna-me-llama-la-atencion-grado-caradurez-macri-mentir\\\/\",\"url\":\"https:\\\/\\\/diariotextual.com\\\/inicio\\\/index.php\\\/2019\\\/10\\\/17\\\/verna-me-llama-la-atencion-grado-caradurez-macri-mentir\\\/\",\"name\":\"Verna: \\\"Me llama la atenci\u00f3n el grado de caradurez de Macri para mentir\\\" - Diario Textual\",\"isPartOf\":{\"@id\":\"https:\\\/\\\/diariotextual.com\\\/inicio\\\/#website\"},\"primaryImageOfPage\":{\"@id\":\"https:\\\/\\\/diariotextual.com\\\/inicio\\\/index.php\\\/2019\\\/10\\\/17\\\/verna-me-llama-la-atencion-grado-caradurez-macri-mentir\\\/#primaryimage\"},\"image\":{\"@id\":\"https:\\\/\\\/diariotextual.com\\\/inicio\\\/index.php\\\/2019\\\/10\\\/17\\\/verna-me-llama-la-atencion-grado-caradurez-macri-mentir\\\/#primaryimage\"},\"thumbnailUrl\":\"https:\\\/\\\/diariotextual.com\\\/inicio\\\/wp-content\\\/uploads\\\/2019\\\/10\\\/verna7776666.jpg\",\"datePublished\":\"2019-10-17T15:04:29+00:00\",\"dateModified\":\"2019-10-18T00:19:06+00:00\",\"breadcrumb\":{\"@id\":\"https:\\\/\\\/diariotextual.com\\\/inicio\\\/index.php\\\/2019\\\/10\\\/17\\\/verna-me-llama-la-atencion-grado-caradurez-macri-mentir\\\/#breadcrumb\"},\"inLanguage\":\"es\",\"potentialAction\":[{\"@type\":\"ReadAction\",\"target\":[\"https:\\\/\\\/diariotextual.com\\\/inicio\\\/index.php\\\/2019\\\/10\\\/17\\\/verna-me-llama-la-atencion-grado-caradurez-macri-mentir\\\/\"]}]},{\"@type\":\"ImageObject\",\"inLanguage\":\"es\",\"@id\":\"https:\\\/\\\/diariotextual.com\\\/inicio\\\/index.php\\\/2019\\\/10\\\/17\\\/verna-me-llama-la-atencion-grado-caradurez-macri-mentir\\\/#primaryimage\",\"url\":\"https:\\\/\\\/diariotextual.com\\\/inicio\\\/wp-content\\\/uploads\\\/2019\\\/10\\\/verna7776666.jpg\",\"contentUrl\":\"https:\\\/\\\/diariotextual.com\\\/inicio\\\/wp-content\\\/uploads\\\/2019\\\/10\\\/verna7776666.jpg\",\"width\":1280,\"height\":852},{\"@type\":\"BreadcrumbList\",\"@id\":\"https:\\\/\\\/diariotextual.com\\\/inicio\\\/index.php\\\/2019\\\/10\\\/17\\\/verna-me-llama-la-atencion-grado-caradurez-macri-mentir\\\/#breadcrumb\",\"itemListElement\":[{\"@type\":\"ListItem\",\"position\":1,\"name\":\"Portada\",\"item\":\"https:\\\/\\\/diariotextual.com\\\/inicio\\\/\"},{\"@type\":\"ListItem\",\"position\":2,\"name\":\"Verna: \u00abMe llama la atenci\u00f3n el grado de caradurez de Macri para mentir\u00bb\"}]},{\"@type\":\"WebSite\",\"@id\":\"https:\\\/\\\/diariotextual.com\\\/inicio\\\/#website\",\"url\":\"https:\\\/\\\/diariotextual.com\\\/inicio\\\/\",\"name\":\"Diario Textual\",\"description\":\"\",\"publisher\":{\"@id\":\"https:\\\/\\\/diariotextual.com\\\/inicio\\\/#organization\"},\"potentialAction\":[{\"@type\":\"SearchAction\",\"target\":{\"@type\":\"EntryPoint\",\"urlTemplate\":\"https:\\\/\\\/diariotextual.com\\\/inicio\\\/?s={search_term_string}\"},\"query-input\":{\"@type\":\"PropertyValueSpecification\",\"valueRequired\":true,\"valueName\":\"search_term_string\"}}],\"inLanguage\":\"es\"},{\"@type\":\"Organization\",\"@id\":\"https:\\\/\\\/diariotextual.com\\\/inicio\\\/#organization\",\"name\":\"Diario Textual\",\"url\":\"https:\\\/\\\/diariotextual.com\\\/inicio\\\/\",\"logo\":{\"@type\":\"ImageObject\",\"inLanguage\":\"es\",\"@id\":\"https:\\\/\\\/diariotextual.com\\\/inicio\\\/#\\\/schema\\\/logo\\\/image\\\/\",\"url\":\"https:\\\/\\\/diariotextual.com\\\/inicio\\\/wp-content\\\/uploads\\\/2023\\\/05\\\/logotextual1.jpg\",\"contentUrl\":\"https:\\\/\\\/diariotextual.com\\\/inicio\\\/wp-content\\\/uploads\\\/2023\\\/05\\\/logotextual1.jpg\",\"width\":516,\"height\":76,\"caption\":\"Diario Textual\"},\"image\":{\"@id\":\"https:\\\/\\\/diariotextual.com\\\/inicio\\\/#\\\/schema\\\/logo\\\/image\\\/\"},\"sameAs\":[\"https:\\\/\\\/www.facebook.com\\\/eltextual\",\"https:\\\/\\\/x.com\\\/eltextual\",\"http:\\\/\\\/www.instagram.com\\\/eltextual\"]},{\"@type\":\"Person\",\"@id\":\"https:\\\/\\\/diariotextual.com\\\/inicio\\\/#\\\/schema\\\/person\\\/c7834961ad8b29b1d9cdbf4571299067\",\"name\":\"diario5\",\"image\":{\"@type\":\"ImageObject\",\"inLanguage\":\"es\",\"@id\":\"https:\\\/\\\/secure.gravatar.com\\\/avatar\\\/948c893b847ca6df68216ead81b63f363408ec9b0f600fefc0641ce78613b111?s=96&d=mm&r=g\",\"url\":\"https:\\\/\\\/secure.gravatar.com\\\/avatar\\\/948c893b847ca6df68216ead81b63f363408ec9b0f600fefc0641ce78613b111?s=96&d=mm&r=g\",\"contentUrl\":\"https:\\\/\\\/secure.gravatar.com\\\/avatar\\\/948c893b847ca6df68216ead81b63f363408ec9b0f600fefc0641ce78613b111?s=96&d=mm&r=g\",\"caption\":\"diario5\"},\"url\":\"https:\\\/\\\/diariotextual.com\\\/inicio\\\/index.php\\\/author\\\/diario5\\\/\"}]}<\/script>\n<!-- \/ Yoast SEO plugin. -->","yoast_head_json":{"title":"Verna: \"Me llama la atenci\u00f3n el grado de caradurez de Macri para mentir\" - Diario Textual","robots":{"index":"index","follow":"follow","max-snippet":"max-snippet:-1","max-image-preview":"max-image-preview:large","max-video-preview":"max-video-preview:-1"},"canonical":"https:\/\/diariotextual.com\/inicio\/index.php\/2019\/10\/17\/verna-me-llama-la-atencion-grado-caradurez-macri-mentir\/","og_locale":"es_ES","og_type":"article","og_title":"Verna: \"Me llama la atenci\u00f3n el grado de caradurez de Macri para mentir\" - Diario Textual","og_description":"El gobernador Carlos Verna dijo que le \u00abllam\u00f3 la atenci\u00f3n el grado de caradurez de Macri\u00bb en el debate presidencial del pasado domingo. Asegur\u00f3 que \u00abest\u00e1 todo el peronismo\u00bb detr\u00e1s&hellip;","og_url":"https:\/\/diariotextual.com\/inicio\/index.php\/2019\/10\/17\/verna-me-llama-la-atencion-grado-caradurez-macri-mentir\/","og_site_name":"Diario Textual","article_publisher":"https:\/\/www.facebook.com\/eltextual","article_published_time":"2019-10-17T15:04:29+00:00","article_modified_time":"2019-10-18T00:19:06+00:00","og_image":[{"width":1280,"height":852,"url":"https:\/\/diariotextual.com\/inicio\/wp-content\/uploads\/2019\/10\/verna7776666.jpg","type":"image\/jpeg"}],"author":"diario5","twitter_card":"summary_large_image","twitter_creator":"@eltextual","twitter_site":"@eltextual","twitter_misc":{"Escrito por":"diario5","Tiempo de lectura":"2 minutos"},"schema":{"@context":"https:\/\/schema.org","@graph":[{"@type":"Article","@id":"https:\/\/diariotextual.com\/inicio\/index.php\/2019\/10\/17\/verna-me-llama-la-atencion-grado-caradurez-macri-mentir\/#article","isPartOf":{"@id":"https:\/\/diariotextual.com\/inicio\/index.php\/2019\/10\/17\/verna-me-llama-la-atencion-grado-caradurez-macri-mentir\/"},"author":{"name":"diario5","@id":"https:\/\/diariotextual.com\/inicio\/#\/schema\/person\/c7834961ad8b29b1d9cdbf4571299067"},"headline":"Verna: \u00abMe llama la atenci\u00f3n el grado de caradurez de Macri para mentir\u00bb","datePublished":"2019-10-17T15:04:29+00:00","dateModified":"2019-10-18T00:19:06+00:00","mainEntityOfPage":{"@id":"https:\/\/diariotextual.com\/inicio\/index.php\/2019\/10\/17\/verna-me-llama-la-atencion-grado-caradurez-macri-mentir\/"},"wordCount":369,"publisher":{"@id":"https:\/\/diariotextual.com\/inicio\/#organization"},"image":{"@id":"https:\/\/diariotextual.com\/inicio\/index.php\/2019\/10\/17\/verna-me-llama-la-atencion-grado-caradurez-macri-mentir\/#primaryimage"},"thumbnailUrl":"https:\/\/diariotextual.com\/inicio\/wp-content\/uploads\/2019\/10\/verna7776666.jpg","articleSection":["A - QUE PASA (al costado)","A - TEMPORALES","POLITICA"],"inLanguage":"es"},{"@type":"WebPage","@id":"https:\/\/diariotextual.com\/inicio\/index.php\/2019\/10\/17\/verna-me-llama-la-atencion-grado-caradurez-macri-mentir\/","url":"https:\/\/diariotextual.com\/inicio\/index.php\/2019\/10\/17\/verna-me-llama-la-atencion-grado-caradurez-macri-mentir\/","name":"Verna: \"Me llama la atenci\u00f3n el grado de caradurez de Macri para mentir\" - Diario Textual","isPartOf":{"@id":"https:\/\/diariotextual.com\/inicio\/#website"},"primaryImageOfPage":{"@id":"https:\/\/diariotextual.com\/inicio\/index.php\/2019\/10\/17\/verna-me-llama-la-atencion-grado-caradurez-macri-mentir\/#primaryimage"},"image":{"@id":"https:\/\/diariotextual.com\/inicio\/index.php\/2019\/10\/17\/verna-me-llama-la-atencion-grado-caradurez-macri-mentir\/#primaryimage"},"thumbnailUrl":"https:\/\/diariotextual.com\/inicio\/wp-content\/uploads\/2019\/10\/verna7776666.jpg","datePublished":"2019-10-17T15:04:29+00:00","dateModified":"2019-10-18T00:19:06+00:00","breadcrumb":{"@id":"https:\/\/diariotextual.com\/inicio\/index.php\/2019\/10\/17\/verna-me-llama-la-atencion-grado-caradurez-macri-mentir\/#breadcrumb"},"inLanguage":"es","potentialAction":[{"@type":"ReadAction","target":["https:\/\/diariotextual.com\/inicio\/index.php\/2019\/10\/17\/verna-me-llama-la-atencion-grado-caradurez-macri-mentir\/"]}]},{"@type":"ImageObject","inLanguage":"es","@id":"https:\/\/diariotextual.com\/inicio\/index.php\/2019\/10\/17\/verna-me-llama-la-atencion-grado-caradurez-macri-mentir\/#primaryimage","url":"https:\/\/diariotextual.com\/inicio\/wp-content\/uploads\/2019\/10\/verna7776666.jpg","contentUrl":"https:\/\/diariotextual.com\/inicio\/wp-content\/uploads\/2019\/10\/verna7776666.jpg","width":1280,"height":852},{"@type":"BreadcrumbList","@id":"https:\/\/diariotextual.com\/inicio\/index.php\/2019\/10\/17\/verna-me-llama-la-atencion-grado-caradurez-macri-mentir\/#breadcrumb","itemListElement":[{"@type":"ListItem","position":1,"name":"Portada","item":"https:\/\/diariotextual.com\/inicio\/"},{"@type":"ListItem","position":2,"name":"Verna: \u00abMe llama la atenci\u00f3n el grado de caradurez de Macri para mentir\u00bb"}]},{"@type":"WebSite","@id":"https:\/\/diariotextual.com\/inicio\/#website","url":"https:\/\/diariotextual.com\/inicio\/","name":"Diario Textual","description":"","publisher":{"@id":"https:\/\/diariotextual.com\/inicio\/#organization"},"potentialAction":[{"@type":"SearchAction","target":{"@type":"EntryPoint","urlTemplate":"https:\/\/diariotextual.com\/inicio\/?s={search_term_string}"},"query-input":{"@type":"PropertyValueSpecification","valueRequired":true,"valueName":"search_term_string"}}],"inLanguage":"es"},{"@type":"Organization","@id":"https:\/\/diariotextual.com\/inicio\/#organization","name":"Diario Textual","url":"https:\/\/diariotextual.com\/inicio\/","logo":{"@type":"ImageObject","inLanguage":"es","@id":"https:\/\/diariotextual.com\/inicio\/#\/schema\/logo\/image\/","url":"https:\/\/diariotextual.com\/inicio\/wp-content\/uploads\/2023\/05\/logotextual1.jpg","contentUrl":"https:\/\/diariotextual.com\/inicio\/wp-content\/uploads\/2023\/05\/logotextual1.jpg","width":516,"height":76,"caption":"Diario Textual"},"image":{"@id":"https:\/\/diariotextual.com\/inicio\/#\/schema\/logo\/image\/"},"sameAs":["https:\/\/www.facebook.com\/eltextual","https:\/\/x.com\/eltextual","http:\/\/www.instagram.com\/eltextual"]},{"@type":"Person","@id":"https:\/\/diariotextual.com\/inicio\/#\/schema\/person\/c7834961ad8b29b1d9cdbf4571299067","name":"diario5","image":{"@type":"ImageObject","inLanguage":"es","@id":"https:\/\/secure.gravatar.com\/avatar\/948c893b847ca6df68216ead81b63f363408ec9b0f600fefc0641ce78613b111?s=96&d=mm&r=g","url":"https:\/\/secure.gravatar.com\/avatar\/948c893b847ca6df68216ead81b63f363408ec9b0f600fefc0641ce78613b111?s=96&d=mm&r=g","contentUrl":"https:\/\/secure.gravatar.com\/avatar\/948c893b847ca6df68216ead81b63f363408ec9b0f600fefc0641ce78613b111?s=96&d=mm&r=g","caption":"diario5"},"url":"https:\/\/diariotextual.com\/inicio\/index.php\/author\/diario5\/"}]}},"_links":{"self":[{"href":"https:\/\/diariotextual.com\/inicio\/index.php\/wp-json\/wp\/v2\/posts\/66195","targetHints":{"allow":["GET"]}}],"collection":[{"href":"https:\/\/diariotextual.com\/inicio\/index.php\/wp-json\/wp\/v2\/posts"}],"about":[{"href":"https:\/\/diariotextual.com\/inicio\/index.php\/wp-json\/wp\/v2\/types\/post"}],"author":[{"embeddable":true,"href":"https:\/\/diariotextual.com\/inicio\/index.php\/wp-json\/wp\/v2\/users\/7"}],"replies":[{"embeddable":true,"href":"https:\/\/diariotextual.com\/inicio\/index.php\/wp-json\/wp\/v2\/comments?post=66195"}],"version-history":[{"count":3,"href":"https:\/\/diariotextual.com\/inicio\/index.php\/wp-json\/wp\/v2\/posts\/66195\/revisions"}],"predecessor-version":[{"id":66214,"href":"https:\/\/diariotextual.com\/inicio\/index.php\/wp-json\/wp\/v2\/posts\/66195\/revisions\/66214"}],"wp:featuredmedia":[{"embeddable":true,"href":"https:\/\/diariotextual.com\/inicio\/index.php\/wp-json\/wp\/v2\/media\/66212"}],"wp:attachment":[{"href":"https:\/\/diariotextual.com\/inicio\/index.php\/wp-json\/wp\/v2\/media?parent=66195"}],"wp:term":[{"taxonomy":"category","embeddable":true,"href":"https:\/\/diariotextual.com\/inicio\/index.php\/wp-json\/wp\/v2\/categories?post=66195"},{"taxonomy":"post_tag","embeddable":true,"href":"https:\/\/diariotextual.com\/inicio\/index.php\/wp-json\/wp\/v2\/tags?post=66195"}],"curies":[{"name":"wp","href":"https:\/\/api.w.org\/{rel}","templated":true}]}}