{"id":66465,"date":"2019-10-19T10:00:27","date_gmt":"2019-10-19T13:00:27","guid":{"rendered":"http:\/\/diariotextual.com\/inicio\/?p=66465"},"modified":"2019-10-20T07:46:13","modified_gmt":"2019-10-20T10:46:13","slug":"ziliotto-carlos-verna-deja-gobierno-no-la-politica","status":"publish","type":"post","link":"https:\/\/diariotextual.com\/inicio\/index.php\/2019\/10\/19\/ziliotto-carlos-verna-deja-gobierno-no-la-politica\/","title":{"rendered":"Ziliotto: \u00abCarlos (Verna) deja el gobierno, pero no la pol\u00edtica\u00bb"},"content":{"rendered":"<p><b>Sergio Ziliotto<\/b>, gobernador electo de La Pampa, dijo este s\u00e1bado que<strong> Carlos Verna<\/strong> continuar\u00e1 siendo una \u00abfuente de consulta\u00bb luego del 10 de diciembre, pero desech\u00f3 la posibilidad de que se sume al Gabinete de <strong>Alberto Fern\u00e1ndez<\/strong>.<\/p>\n<p>De esta manera, dio por tierra con un rumor que llegaron a agitar algunos vernistas: que Alberto pretend\u00eda designarlo en el cargo de ministro del Interior de la Naci\u00f3n.<\/p>\n<p><strong>\u201cHoy creo que esa posibilidad es no\u201d<\/strong>, sostuvo Ziliotto, en di\u00e1logo con <strong>Radio Textual<\/strong> (FM Sonar). El mandatario electo dijo que el \u201cescenario nacional\u201d demandar\u00e1 una intensa actividad que podr\u00eda ser contraproducente para la recuperaci\u00f3n de Verna, a quien el a\u00f1o pasado le detectaron c\u00e1ncer.<\/p>\n<p><img fetchpriority=\"high\" decoding=\"async\" class=\"alignnone wp-image-66391 size-large\" src=\"http:\/\/diariotextual.com\/inicio\/wp-content\/uploads\/2019\/10\/diadelalealtad2019cristinafernandezverna10-1024x683.jpg\" alt=\"\" width=\"1024\" height=\"683\" srcset=\"https:\/\/diariotextual.com\/inicio\/wp-content\/uploads\/2019\/10\/diadelalealtad2019cristinafernandezverna10-1024x683.jpg 1024w, https:\/\/diariotextual.com\/inicio\/wp-content\/uploads\/2019\/10\/diadelalealtad2019cristinafernandezverna10-300x200.jpg 300w, https:\/\/diariotextual.com\/inicio\/wp-content\/uploads\/2019\/10\/diadelalealtad2019cristinafernandezverna10-768x512.jpg 768w, https:\/\/diariotextual.com\/inicio\/wp-content\/uploads\/2019\/10\/diadelalealtad2019cristinafernandezverna10-585x390.jpg 585w, https:\/\/diariotextual.com\/inicio\/wp-content\/uploads\/2019\/10\/diadelalealtad2019cristinafernandezverna10-263x175.jpg 263w, https:\/\/diariotextual.com\/inicio\/wp-content\/uploads\/2019\/10\/diadelalealtad2019cristinafernandezverna10.jpg 1080w\" sizes=\"(max-width: 1024px) 100vw, 1024px\" \/><\/p>\n<p>\u201cHay que dejar algo en claro:<strong> el 10 de diciembre, Carlos deja el gobierno, pero no la pol\u00edtica<\/strong>. Ser\u00e1, como lo es, un <strong>hombre de consulta<\/strong>. <strong>Por eso (lo del cargo de ministro) no es algo cierto que pueda pasar. No nos olvidemos que Carlos a\u00fan debe vencer a su enfermedad<\/strong>. Es fuente de consulta nacional, pero de ah\u00ed a un cargo\u2026 Hay que ir despacio&#8230; <strong>Es cierto que si fuera ministro, no necesito ni viajar a Buenos Aires<\/strong>\u201d, sostuvo, entre risas.<\/p>\n<p>&nbsp;<\/p>\n<p><strong>Shock<\/strong><\/p>\n<p>\u00bfCu\u00e1les son las primeras medidas que debe tomar Alberto? \u201cLa soluci\u00f3n no va a estar el 11 de diciembre. Lo primero es reactivar el consumo interno. <strong>Hay que terminar con el hambre y reactivar la obra p\u00fablica, con la vivienda principalmente<\/strong>\u201d, sostuvo. \u201cEs el efecto dinamizador m\u00e1s r\u00e1pido\u201d, cont\u00f3. \u201cHay que dar una pol\u00edtica de shock, ponerle dinero en el bolsillo de la gente, hasta que se reactive la econom\u00eda\u201d.<\/p>\n<p>\u201cEl desaf\u00edo a partir del 10 de diciembre es c\u00f3mo lograr un acuerdo nacional. Alberto Fern\u00e1ndez dijo que iba a gobernar con 24 gobernadores y nosotros estamos dispuestos a colaborar en ese sentido. Hay que mejorar la calidad de vida de todos los argentinos, m\u00e1s all\u00e1 de donde vivan\u201d, sostuvo.<\/p>\n<p>\u201cHay que reordenar la econom\u00eda y, tambi\u00e9n, hacernos fuertes en el escenario internacional. Debe haber una cohesi\u00f3n muy fuerte bajo un mismo objetivo:<strong> no vamos a pagar la deuda con m\u00e1s ajuste, sino con el crecimiento de la econom\u00eda<\/strong>\u201d, sostuvo.<\/p>\n<p>\u00abLa unidad del PJ fue un proceso para llegar al poder, ahora hay que demostrar grandeza para lograr una mejor calidad de vida de los argentinos\u00bb, dijo.<\/p>\n<p>&nbsp;<\/p>\n<p><strong>Schiaretti, \u201cdependiente\u201d de Macri<\/strong><\/p>\n<p>Se refiri\u00f3 a la ausencia de Juan Schiaretti, gobernador de C\u00f3rdoba, en el acto del D\u00eda de la Lealtad en Santa Rosa .\u201c<strong>A Schiaretti lo veo muy dependiente a Macri<\/strong>. No ha cuestionado al modelo de Macri, a pesar de que ese modelo ha golpeado muy fuertemente en C\u00f3rdoba. Pero, bueno, son v\u00ednculos. El Gobierno nacional no le debe ni un centavo de las cajas previsionales y a nosotros nos debe 5 mil millones de pesos. Ah\u00ed puede estar la explicaci\u00f3n\u201d, sostuvo.<\/p>\n<p>&nbsp;<\/p>\n<p><strong>Columna<\/strong><\/p>\n<p>El gobernador electo recientemente fue sometido a una operaci\u00f3n de columna, por un fuerte dolor del ci\u00e1tico. \u201cEstoy en plena recuperaci\u00f3n. Seguramente me falta un tiempo para recuperar los movimientos totales de uno de los pies\u201d, dijo.<\/p>\n<p>&nbsp;<\/p>\n<p>&nbsp;<\/p>\n","protected":false},"excerpt":{"rendered":"<p>Sergio Ziliotto, gobernador electo de La Pampa, dijo este s\u00e1bado que Carlos Verna continuar\u00e1 siendo una \u00abfuente de consulta\u00bb luego del 10 de diciembre, pero desech\u00f3 la posibilidad de que&hellip;<\/p>\n","protected":false},"author":3,"featured_media":49983,"comment_status":"closed","ping_status":"open","sticky":false,"template":"","format":"standard","meta":{"_acf_changed":false,"footnotes":""},"categories":[319,8],"tags":[],"class_list":["post-66465","post","type-post","status-publish","format-standard","has-post-thumbnail","hentry","category-a-temporales","category-politica"],"acf":[],"yoast_head":"<!-- This site is optimized with the Yoast SEO plugin v27.4 - https:\/\/yoast.com\/product\/yoast-seo-wordpress\/ -->\n<title>Ziliotto: &quot;Carlos (Verna) deja el gobierno, pero no la pol\u00edtica&quot; - Diario Textual<\/title>\n<meta name=\"robots\" content=\"index, follow, max-snippet:-1, max-image-preview:large, max-video-preview:-1\" \/>\n<link rel=\"canonical\" href=\"https:\/\/diariotextual.com\/inicio\/index.php\/2019\/10\/19\/ziliotto-carlos-verna-deja-gobierno-no-la-politica\/\" \/>\n<meta property=\"og:locale\" content=\"es_ES\" \/>\n<meta property=\"og:type\" content=\"article\" \/>\n<meta property=\"og:title\" content=\"Ziliotto: &quot;Carlos (Verna) deja el gobierno, pero no la pol\u00edtica&quot; - Diario Textual\" \/>\n<meta property=\"og:description\" content=\"Sergio Ziliotto, gobernador electo de La Pampa, dijo este s\u00e1bado que Carlos Verna continuar\u00e1 siendo una \u00abfuente de consulta\u00bb luego del 10 de diciembre, pero desech\u00f3 la posibilidad de que&hellip;\" \/>\n<meta property=\"og:url\" content=\"https:\/\/diariotextual.com\/inicio\/index.php\/2019\/10\/19\/ziliotto-carlos-verna-deja-gobierno-no-la-politica\/\" \/>\n<meta property=\"og:site_name\" content=\"Diario Textual\" \/>\n<meta property=\"article:publisher\" content=\"https:\/\/www.facebook.com\/eltextual\" \/>\n<meta property=\"article:published_time\" content=\"2019-10-19T13:00:27+00:00\" \/>\n<meta property=\"article:modified_time\" content=\"2019-10-20T10:46:13+00:00\" \/>\n<meta property=\"og:image\" content=\"https:\/\/diariotextual.com\/inicio\/wp-content\/uploads\/2019\/05\/vernaziliotto2019-1001.jpg\" \/>\n\t<meta property=\"og:image:width\" content=\"1000\" \/>\n\t<meta property=\"og:image:height\" content=\"666\" \/>\n\t<meta property=\"og:image:type\" content=\"image\/jpeg\" \/>\n<meta name=\"author\" content=\"Diario1 Diario1\" \/>\n<meta name=\"twitter:card\" content=\"summary_large_image\" \/>\n<meta name=\"twitter:creator\" content=\"@eltextual\" \/>\n<meta name=\"twitter:site\" content=\"@eltextual\" \/>\n<meta name=\"twitter:label1\" content=\"Escrito por\" \/>\n\t<meta name=\"twitter:data1\" content=\"Diario1 Diario1\" \/>\n\t<meta name=\"twitter:label2\" content=\"Tiempo de lectura\" \/>\n\t<meta name=\"twitter:data2\" content=\"3 minutos\" \/>\n<script type=\"application\/ld+json\" class=\"yoast-schema-graph\">{\"@context\":\"https:\\\/\\\/schema.org\",\"@graph\":[{\"@type\":\"Article\",\"@id\":\"https:\\\/\\\/diariotextual.com\\\/inicio\\\/index.php\\\/2019\\\/10\\\/19\\\/ziliotto-carlos-verna-deja-gobierno-no-la-politica\\\/#article\",\"isPartOf\":{\"@id\":\"https:\\\/\\\/diariotextual.com\\\/inicio\\\/index.php\\\/2019\\\/10\\\/19\\\/ziliotto-carlos-verna-deja-gobierno-no-la-politica\\\/\"},\"author\":{\"name\":\"Diario1 Diario1\",\"@id\":\"https:\\\/\\\/diariotextual.com\\\/inicio\\\/#\\\/schema\\\/person\\\/418fc4093c33e86ed41562db3508f958\"},\"headline\":\"Ziliotto: \u00abCarlos (Verna) deja el gobierno, pero no la pol\u00edtica\u00bb\",\"datePublished\":\"2019-10-19T13:00:27+00:00\",\"dateModified\":\"2019-10-20T10:46:13+00:00\",\"mainEntityOfPage\":{\"@id\":\"https:\\\/\\\/diariotextual.com\\\/inicio\\\/index.php\\\/2019\\\/10\\\/19\\\/ziliotto-carlos-verna-deja-gobierno-no-la-politica\\\/\"},\"wordCount\":550,\"publisher\":{\"@id\":\"https:\\\/\\\/diariotextual.com\\\/inicio\\\/#organization\"},\"image\":{\"@id\":\"https:\\\/\\\/diariotextual.com\\\/inicio\\\/index.php\\\/2019\\\/10\\\/19\\\/ziliotto-carlos-verna-deja-gobierno-no-la-politica\\\/#primaryimage\"},\"thumbnailUrl\":\"https:\\\/\\\/diariotextual.com\\\/inicio\\\/wp-content\\\/uploads\\\/2019\\\/05\\\/vernaziliotto2019-1001.jpg\",\"articleSection\":[\"A - TEMPORALES\",\"POLITICA\"],\"inLanguage\":\"es\"},{\"@type\":\"WebPage\",\"@id\":\"https:\\\/\\\/diariotextual.com\\\/inicio\\\/index.php\\\/2019\\\/10\\\/19\\\/ziliotto-carlos-verna-deja-gobierno-no-la-politica\\\/\",\"url\":\"https:\\\/\\\/diariotextual.com\\\/inicio\\\/index.php\\\/2019\\\/10\\\/19\\\/ziliotto-carlos-verna-deja-gobierno-no-la-politica\\\/\",\"name\":\"Ziliotto: \\\"Carlos (Verna) deja el gobierno, pero no la pol\u00edtica\\\" - Diario Textual\",\"isPartOf\":{\"@id\":\"https:\\\/\\\/diariotextual.com\\\/inicio\\\/#website\"},\"primaryImageOfPage\":{\"@id\":\"https:\\\/\\\/diariotextual.com\\\/inicio\\\/index.php\\\/2019\\\/10\\\/19\\\/ziliotto-carlos-verna-deja-gobierno-no-la-politica\\\/#primaryimage\"},\"image\":{\"@id\":\"https:\\\/\\\/diariotextual.com\\\/inicio\\\/index.php\\\/2019\\\/10\\\/19\\\/ziliotto-carlos-verna-deja-gobierno-no-la-politica\\\/#primaryimage\"},\"thumbnailUrl\":\"https:\\\/\\\/diariotextual.com\\\/inicio\\\/wp-content\\\/uploads\\\/2019\\\/05\\\/vernaziliotto2019-1001.jpg\",\"datePublished\":\"2019-10-19T13:00:27+00:00\",\"dateModified\":\"2019-10-20T10:46:13+00:00\",\"breadcrumb\":{\"@id\":\"https:\\\/\\\/diariotextual.com\\\/inicio\\\/index.php\\\/2019\\\/10\\\/19\\\/ziliotto-carlos-verna-deja-gobierno-no-la-politica\\\/#breadcrumb\"},\"inLanguage\":\"es\",\"potentialAction\":[{\"@type\":\"ReadAction\",\"target\":[\"https:\\\/\\\/diariotextual.com\\\/inicio\\\/index.php\\\/2019\\\/10\\\/19\\\/ziliotto-carlos-verna-deja-gobierno-no-la-politica\\\/\"]}]},{\"@type\":\"ImageObject\",\"inLanguage\":\"es\",\"@id\":\"https:\\\/\\\/diariotextual.com\\\/inicio\\\/index.php\\\/2019\\\/10\\\/19\\\/ziliotto-carlos-verna-deja-gobierno-no-la-politica\\\/#primaryimage\",\"url\":\"https:\\\/\\\/diariotextual.com\\\/inicio\\\/wp-content\\\/uploads\\\/2019\\\/05\\\/vernaziliotto2019-1001.jpg\",\"contentUrl\":\"https:\\\/\\\/diariotextual.com\\\/inicio\\\/wp-content\\\/uploads\\\/2019\\\/05\\\/vernaziliotto2019-1001.jpg\",\"width\":1000,\"height\":666},{\"@type\":\"BreadcrumbList\",\"@id\":\"https:\\\/\\\/diariotextual.com\\\/inicio\\\/index.php\\\/2019\\\/10\\\/19\\\/ziliotto-carlos-verna-deja-gobierno-no-la-politica\\\/#breadcrumb\",\"itemListElement\":[{\"@type\":\"ListItem\",\"position\":1,\"name\":\"Portada\",\"item\":\"https:\\\/\\\/diariotextual.com\\\/inicio\\\/\"},{\"@type\":\"ListItem\",\"position\":2,\"name\":\"Ziliotto: \u00abCarlos (Verna) deja el gobierno, pero no la pol\u00edtica\u00bb\"}]},{\"@type\":\"WebSite\",\"@id\":\"https:\\\/\\\/diariotextual.com\\\/inicio\\\/#website\",\"url\":\"https:\\\/\\\/diariotextual.com\\\/inicio\\\/\",\"name\":\"Diario Textual\",\"description\":\"\",\"publisher\":{\"@id\":\"https:\\\/\\\/diariotextual.com\\\/inicio\\\/#organization\"},\"potentialAction\":[{\"@type\":\"SearchAction\",\"target\":{\"@type\":\"EntryPoint\",\"urlTemplate\":\"https:\\\/\\\/diariotextual.com\\\/inicio\\\/?s={search_term_string}\"},\"query-input\":{\"@type\":\"PropertyValueSpecification\",\"valueRequired\":true,\"valueName\":\"search_term_string\"}}],\"inLanguage\":\"es\"},{\"@type\":\"Organization\",\"@id\":\"https:\\\/\\\/diariotextual.com\\\/inicio\\\/#organization\",\"name\":\"Diario Textual\",\"url\":\"https:\\\/\\\/diariotextual.com\\\/inicio\\\/\",\"logo\":{\"@type\":\"ImageObject\",\"inLanguage\":\"es\",\"@id\":\"https:\\\/\\\/diariotextual.com\\\/inicio\\\/#\\\/schema\\\/logo\\\/image\\\/\",\"url\":\"https:\\\/\\\/diariotextual.com\\\/inicio\\\/wp-content\\\/uploads\\\/2023\\\/05\\\/logotextual1.jpg\",\"contentUrl\":\"https:\\\/\\\/diariotextual.com\\\/inicio\\\/wp-content\\\/uploads\\\/2023\\\/05\\\/logotextual1.jpg\",\"width\":516,\"height\":76,\"caption\":\"Diario Textual\"},\"image\":{\"@id\":\"https:\\\/\\\/diariotextual.com\\\/inicio\\\/#\\\/schema\\\/logo\\\/image\\\/\"},\"sameAs\":[\"https:\\\/\\\/www.facebook.com\\\/eltextual\",\"https:\\\/\\\/x.com\\\/eltextual\",\"http:\\\/\\\/www.instagram.com\\\/eltextual\"]},{\"@type\":\"Person\",\"@id\":\"https:\\\/\\\/diariotextual.com\\\/inicio\\\/#\\\/schema\\\/person\\\/418fc4093c33e86ed41562db3508f958\",\"name\":\"Diario1 Diario1\",\"image\":{\"@type\":\"ImageObject\",\"inLanguage\":\"es\",\"@id\":\"https:\\\/\\\/secure.gravatar.com\\\/avatar\\\/9167d280179c85bc18be67aa7eda765854300033af4896dd779b608640f2ef7a?s=96&d=mm&r=g\",\"url\":\"https:\\\/\\\/secure.gravatar.com\\\/avatar\\\/9167d280179c85bc18be67aa7eda765854300033af4896dd779b608640f2ef7a?s=96&d=mm&r=g\",\"contentUrl\":\"https:\\\/\\\/secure.gravatar.com\\\/avatar\\\/9167d280179c85bc18be67aa7eda765854300033af4896dd779b608640f2ef7a?s=96&d=mm&r=g\",\"caption\":\"Diario1 Diario1\"},\"url\":\"https:\\\/\\\/diariotextual.com\\\/inicio\\\/index.php\\\/author\\\/diario1\\\/\"}]}<\/script>\n<!-- \/ Yoast SEO plugin. -->","yoast_head_json":{"title":"Ziliotto: \"Carlos (Verna) deja el gobierno, pero no la pol\u00edtica\" - Diario Textual","robots":{"index":"index","follow":"follow","max-snippet":"max-snippet:-1","max-image-preview":"max-image-preview:large","max-video-preview":"max-video-preview:-1"},"canonical":"https:\/\/diariotextual.com\/inicio\/index.php\/2019\/10\/19\/ziliotto-carlos-verna-deja-gobierno-no-la-politica\/","og_locale":"es_ES","og_type":"article","og_title":"Ziliotto: \"Carlos (Verna) deja el gobierno, pero no la pol\u00edtica\" - Diario Textual","og_description":"Sergio Ziliotto, gobernador electo de La Pampa, dijo este s\u00e1bado que Carlos Verna continuar\u00e1 siendo una \u00abfuente de consulta\u00bb luego del 10 de diciembre, pero desech\u00f3 la posibilidad de que&hellip;","og_url":"https:\/\/diariotextual.com\/inicio\/index.php\/2019\/10\/19\/ziliotto-carlos-verna-deja-gobierno-no-la-politica\/","og_site_name":"Diario Textual","article_publisher":"https:\/\/www.facebook.com\/eltextual","article_published_time":"2019-10-19T13:00:27+00:00","article_modified_time":"2019-10-20T10:46:13+00:00","og_image":[{"width":1000,"height":666,"url":"https:\/\/diariotextual.com\/inicio\/wp-content\/uploads\/2019\/05\/vernaziliotto2019-1001.jpg","type":"image\/jpeg"}],"author":"Diario1 Diario1","twitter_card":"summary_large_image","twitter_creator":"@eltextual","twitter_site":"@eltextual","twitter_misc":{"Escrito por":"Diario1 Diario1","Tiempo de lectura":"3 minutos"},"schema":{"@context":"https:\/\/schema.org","@graph":[{"@type":"Article","@id":"https:\/\/diariotextual.com\/inicio\/index.php\/2019\/10\/19\/ziliotto-carlos-verna-deja-gobierno-no-la-politica\/#article","isPartOf":{"@id":"https:\/\/diariotextual.com\/inicio\/index.php\/2019\/10\/19\/ziliotto-carlos-verna-deja-gobierno-no-la-politica\/"},"author":{"name":"Diario1 Diario1","@id":"https:\/\/diariotextual.com\/inicio\/#\/schema\/person\/418fc4093c33e86ed41562db3508f958"},"headline":"Ziliotto: \u00abCarlos (Verna) deja el gobierno, pero no la pol\u00edtica\u00bb","datePublished":"2019-10-19T13:00:27+00:00","dateModified":"2019-10-20T10:46:13+00:00","mainEntityOfPage":{"@id":"https:\/\/diariotextual.com\/inicio\/index.php\/2019\/10\/19\/ziliotto-carlos-verna-deja-gobierno-no-la-politica\/"},"wordCount":550,"publisher":{"@id":"https:\/\/diariotextual.com\/inicio\/#organization"},"image":{"@id":"https:\/\/diariotextual.com\/inicio\/index.php\/2019\/10\/19\/ziliotto-carlos-verna-deja-gobierno-no-la-politica\/#primaryimage"},"thumbnailUrl":"https:\/\/diariotextual.com\/inicio\/wp-content\/uploads\/2019\/05\/vernaziliotto2019-1001.jpg","articleSection":["A - TEMPORALES","POLITICA"],"inLanguage":"es"},{"@type":"WebPage","@id":"https:\/\/diariotextual.com\/inicio\/index.php\/2019\/10\/19\/ziliotto-carlos-verna-deja-gobierno-no-la-politica\/","url":"https:\/\/diariotextual.com\/inicio\/index.php\/2019\/10\/19\/ziliotto-carlos-verna-deja-gobierno-no-la-politica\/","name":"Ziliotto: \"Carlos (Verna) deja el gobierno, pero no la pol\u00edtica\" - Diario Textual","isPartOf":{"@id":"https:\/\/diariotextual.com\/inicio\/#website"},"primaryImageOfPage":{"@id":"https:\/\/diariotextual.com\/inicio\/index.php\/2019\/10\/19\/ziliotto-carlos-verna-deja-gobierno-no-la-politica\/#primaryimage"},"image":{"@id":"https:\/\/diariotextual.com\/inicio\/index.php\/2019\/10\/19\/ziliotto-carlos-verna-deja-gobierno-no-la-politica\/#primaryimage"},"thumbnailUrl":"https:\/\/diariotextual.com\/inicio\/wp-content\/uploads\/2019\/05\/vernaziliotto2019-1001.jpg","datePublished":"2019-10-19T13:00:27+00:00","dateModified":"2019-10-20T10:46:13+00:00","breadcrumb":{"@id":"https:\/\/diariotextual.com\/inicio\/index.php\/2019\/10\/19\/ziliotto-carlos-verna-deja-gobierno-no-la-politica\/#breadcrumb"},"inLanguage":"es","potentialAction":[{"@type":"ReadAction","target":["https:\/\/diariotextual.com\/inicio\/index.php\/2019\/10\/19\/ziliotto-carlos-verna-deja-gobierno-no-la-politica\/"]}]},{"@type":"ImageObject","inLanguage":"es","@id":"https:\/\/diariotextual.com\/inicio\/index.php\/2019\/10\/19\/ziliotto-carlos-verna-deja-gobierno-no-la-politica\/#primaryimage","url":"https:\/\/diariotextual.com\/inicio\/wp-content\/uploads\/2019\/05\/vernaziliotto2019-1001.jpg","contentUrl":"https:\/\/diariotextual.com\/inicio\/wp-content\/uploads\/2019\/05\/vernaziliotto2019-1001.jpg","width":1000,"height":666},{"@type":"BreadcrumbList","@id":"https:\/\/diariotextual.com\/inicio\/index.php\/2019\/10\/19\/ziliotto-carlos-verna-deja-gobierno-no-la-politica\/#breadcrumb","itemListElement":[{"@type":"ListItem","position":1,"name":"Portada","item":"https:\/\/diariotextual.com\/inicio\/"},{"@type":"ListItem","position":2,"name":"Ziliotto: \u00abCarlos (Verna) deja el gobierno, pero no la pol\u00edtica\u00bb"}]},{"@type":"WebSite","@id":"https:\/\/diariotextual.com\/inicio\/#website","url":"https:\/\/diariotextual.com\/inicio\/","name":"Diario Textual","description":"","publisher":{"@id":"https:\/\/diariotextual.com\/inicio\/#organization"},"potentialAction":[{"@type":"SearchAction","target":{"@type":"EntryPoint","urlTemplate":"https:\/\/diariotextual.com\/inicio\/?s={search_term_string}"},"query-input":{"@type":"PropertyValueSpecification","valueRequired":true,"valueName":"search_term_string"}}],"inLanguage":"es"},{"@type":"Organization","@id":"https:\/\/diariotextual.com\/inicio\/#organization","name":"Diario Textual","url":"https:\/\/diariotextual.com\/inicio\/","logo":{"@type":"ImageObject","inLanguage":"es","@id":"https:\/\/diariotextual.com\/inicio\/#\/schema\/logo\/image\/","url":"https:\/\/diariotextual.com\/inicio\/wp-content\/uploads\/2023\/05\/logotextual1.jpg","contentUrl":"https:\/\/diariotextual.com\/inicio\/wp-content\/uploads\/2023\/05\/logotextual1.jpg","width":516,"height":76,"caption":"Diario Textual"},"image":{"@id":"https:\/\/diariotextual.com\/inicio\/#\/schema\/logo\/image\/"},"sameAs":["https:\/\/www.facebook.com\/eltextual","https:\/\/x.com\/eltextual","http:\/\/www.instagram.com\/eltextual"]},{"@type":"Person","@id":"https:\/\/diariotextual.com\/inicio\/#\/schema\/person\/418fc4093c33e86ed41562db3508f958","name":"Diario1 Diario1","image":{"@type":"ImageObject","inLanguage":"es","@id":"https:\/\/secure.gravatar.com\/avatar\/9167d280179c85bc18be67aa7eda765854300033af4896dd779b608640f2ef7a?s=96&d=mm&r=g","url":"https:\/\/secure.gravatar.com\/avatar\/9167d280179c85bc18be67aa7eda765854300033af4896dd779b608640f2ef7a?s=96&d=mm&r=g","contentUrl":"https:\/\/secure.gravatar.com\/avatar\/9167d280179c85bc18be67aa7eda765854300033af4896dd779b608640f2ef7a?s=96&d=mm&r=g","caption":"Diario1 Diario1"},"url":"https:\/\/diariotextual.com\/inicio\/index.php\/author\/diario1\/"}]}},"_links":{"self":[{"href":"https:\/\/diariotextual.com\/inicio\/index.php\/wp-json\/wp\/v2\/posts\/66465","targetHints":{"allow":["GET"]}}],"collection":[{"href":"https:\/\/diariotextual.com\/inicio\/index.php\/wp-json\/wp\/v2\/posts"}],"about":[{"href":"https:\/\/diariotextual.com\/inicio\/index.php\/wp-json\/wp\/v2\/types\/post"}],"author":[{"embeddable":true,"href":"https:\/\/diariotextual.com\/inicio\/index.php\/wp-json\/wp\/v2\/users\/3"}],"replies":[{"embeddable":true,"href":"https:\/\/diariotextual.com\/inicio\/index.php\/wp-json\/wp\/v2\/comments?post=66465"}],"version-history":[{"count":11,"href":"https:\/\/diariotextual.com\/inicio\/index.php\/wp-json\/wp\/v2\/posts\/66465\/revisions"}],"predecessor-version":[{"id":66476,"href":"https:\/\/diariotextual.com\/inicio\/index.php\/wp-json\/wp\/v2\/posts\/66465\/revisions\/66476"}],"wp:featuredmedia":[{"embeddable":true,"href":"https:\/\/diariotextual.com\/inicio\/index.php\/wp-json\/wp\/v2\/media\/49983"}],"wp:attachment":[{"href":"https:\/\/diariotextual.com\/inicio\/index.php\/wp-json\/wp\/v2\/media?parent=66465"}],"wp:term":[{"taxonomy":"category","embeddable":true,"href":"https:\/\/diariotextual.com\/inicio\/index.php\/wp-json\/wp\/v2\/categories?post=66465"},{"taxonomy":"post_tag","embeddable":true,"href":"https:\/\/diariotextual.com\/inicio\/index.php\/wp-json\/wp\/v2\/tags?post=66465"}],"curies":[{"name":"wp","href":"https:\/\/api.w.org\/{rel}","templated":true}]}}