{"id":66585,"date":"2019-10-20T17:21:21","date_gmt":"2019-10-20T20:21:21","guid":{"rendered":"http:\/\/diariotextual.com\/inicio\/?p=66585"},"modified":"2019-10-20T21:39:09","modified_gmt":"2019-10-21T00:39:09","slug":"ecolatina-la-inflacion-seguira-del-3-mensual-primer-trimestre-2020","status":"publish","type":"post","link":"https:\/\/diariotextual.com\/inicio\/index.php\/2019\/10\/20\/ecolatina-la-inflacion-seguira-del-3-mensual-primer-trimestre-2020\/","title":{"rendered":"Ecolatina: la inflaci\u00f3n seguir\u00e1 por encima del 3% mensual hasta el primer trimestre de 2020"},"content":{"rendered":"<p>La inflaci\u00f3n seguir\u00e1 elevada, por encima del 3% mensual, por lo menos hasta el primer trimestre del a\u00f1o que viene, de acuerdo con un informe de la<strong> consultora Ecolatina titulado \u201cLa eterna relatividad del sistema de precios\u201d<\/strong>.<\/p>\n<p><!--more--><\/p>\n<p>\u201cEl <strong>proceso de reacomodamiento de precios relativos no dar\u00e1 respiro al inicio del pr\u00f3ximo gobierno y la inflaci\u00f3n seguir\u00e1 elevada (es decir, por encima del 3% mensual) por lo menos<\/strong>, durante el primer trimestre del a\u00f1o que viene\u201d, indic\u00f3 Ecolatina.<\/p>\n<p>El documento remarc\u00f3 que a lo largo de la historia, <strong>nuestro pa\u00eds se caracteriz\u00f3 por tener una econom\u00eda vol\u00e1til e incierta, marcada por una elevada inflaci\u00f3n.<\/strong><\/p>\n<p>\u201cLos \u00faltimos a\u00f1os no estuvieron exentos de esta din\u00e1mica err\u00e1tica. Por caso, <strong>entre 2007 y 2015, los precios de los bienes aventajaron a los de los servicios privados (540% y 470%, respectivamente) y, en ambos casos, ganaron terreno frente a los servicios p\u00fablicos,<\/strong> que acumularon un alza de \u2018solo\u2019 280% en el per\u00edodo\u201d, detall\u00f3 la consultora.<\/p>\n<p>En tanto, \u201c<strong>producto del elevado gasto en subsidios al que conduc\u00eda esta configuraci\u00f3n de precios relativos, el nuevo gobierno se propuso encarar en 2016 un reacomodamiento de precios relativos<\/strong>, virando hacia un esquema que conforme a su concepci\u00f3n ser\u00eda m\u00e1s sostenible\u201d.<\/p>\n<p>\u201cEntre <strong>2016 y 2017, las tarifas de servicios p\u00fablicos treparon casi 200%, m\u00e1s que duplicando a la inflaci\u00f3n, que acumul\u00f3 alrededor de 80% en el per\u00edodo<\/strong>. De esta forma, se recompuso, parcialmente, su precio relativo. Sin embargo, el tipo de cambio avanz\u00f3 menos de 60%, de modo que continu\u00f3 atras\u00e1ndose\u201d, agreg\u00f3 el informe.<\/p>\n<p>El <strong>d\u00f3lar fue el gran ganador de la carrera nominal de 2018 y 2019 (+220% a lo largo del a\u00f1o pasado y hasta septiembre de 2019),<\/strong> y aunque las tarifas de servicios p\u00fablicos subieron alrededor de 115%, quedaron rezagadas frente a sus costos dolarizados.<\/p>\n<p>Seg\u00fan el informe, esta diferencia seguir\u00e1 increment\u00e1ndose en los pr\u00f3ximos meses ya que las tarifas permanecer\u00e1n congeladas, de modo que el gasto en subsidios crecer\u00eda en los pr\u00f3ximos meses, concluy\u00f3.<\/p>\n","protected":false},"excerpt":{"rendered":"<p>La inflaci\u00f3n seguir\u00e1 elevada, por encima del 3% mensual, por lo menos hasta el primer trimestre del a\u00f1o que viene, de acuerdo con un informe de la consultora Ecolatina titulado&hellip;<\/p>\n","protected":false},"author":5,"featured_media":13033,"comment_status":"closed","ping_status":"open","sticky":false,"template":"","format":"standard","meta":{"_acf_changed":false,"footnotes":""},"categories":[11,5],"tags":[],"class_list":["post-66585","post","type-post","status-publish","format-standard","has-post-thumbnail","hentry","category-que-pasa","category-economia"],"acf":[],"yoast_head":"<!-- This site is optimized with the Yoast SEO plugin v27.5 - https:\/\/yoast.com\/product\/yoast-seo-wordpress\/ -->\n<title>Ecolatina: la inflaci\u00f3n seguir\u00e1 por encima del 3% mensual hasta el primer trimestre de 2020 - Diario Textual<\/title>\n<meta name=\"robots\" content=\"index, follow, max-snippet:-1, max-image-preview:large, max-video-preview:-1\" \/>\n<link rel=\"canonical\" href=\"https:\/\/diariotextual.com\/inicio\/index.php\/2019\/10\/20\/ecolatina-la-inflacion-seguira-del-3-mensual-primer-trimestre-2020\/\" \/>\n<meta property=\"og:locale\" content=\"es_ES\" \/>\n<meta property=\"og:type\" content=\"article\" \/>\n<meta property=\"og:title\" content=\"Ecolatina: la inflaci\u00f3n seguir\u00e1 por encima del 3% mensual hasta el primer trimestre de 2020 - Diario Textual\" \/>\n<meta property=\"og:description\" content=\"La inflaci\u00f3n seguir\u00e1 elevada, por encima del 3% mensual, por lo menos hasta el primer trimestre del a\u00f1o que viene, de acuerdo con un informe de la consultora Ecolatina titulado&hellip;\" \/>\n<meta property=\"og:url\" content=\"https:\/\/diariotextual.com\/inicio\/index.php\/2019\/10\/20\/ecolatina-la-inflacion-seguira-del-3-mensual-primer-trimestre-2020\/\" \/>\n<meta property=\"og:site_name\" content=\"Diario Textual\" \/>\n<meta property=\"article:publisher\" content=\"https:\/\/www.facebook.com\/eltextual\" \/>\n<meta property=\"article:published_time\" content=\"2019-10-20T20:21:21+00:00\" \/>\n<meta property=\"article:modified_time\" content=\"2019-10-21T00:39:09+00:00\" \/>\n<meta property=\"og:image\" content=\"https:\/\/diariotextual.com\/inicio\/wp-content\/uploads\/2018\/07\/gondolassupermercadoinflaciontelam1111.jpg\" \/>\n\t<meta property=\"og:image:width\" content=\"645\" \/>\n\t<meta property=\"og:image:height\" content=\"429\" \/>\n\t<meta property=\"og:image:type\" content=\"image\/jpeg\" \/>\n<meta name=\"author\" content=\"diario3\" \/>\n<meta name=\"twitter:card\" content=\"summary_large_image\" \/>\n<meta name=\"twitter:creator\" content=\"@eltextual\" \/>\n<meta name=\"twitter:site\" content=\"@eltextual\" \/>\n<meta name=\"twitter:label1\" content=\"Escrito por\" \/>\n\t<meta name=\"twitter:data1\" content=\"diario3\" \/>\n\t<meta name=\"twitter:label2\" content=\"Tiempo de lectura\" \/>\n\t<meta name=\"twitter:data2\" content=\"2 minutos\" \/>\n<script type=\"application\/ld+json\" class=\"yoast-schema-graph\">{\"@context\":\"https:\\\/\\\/schema.org\",\"@graph\":[{\"@type\":\"Article\",\"@id\":\"https:\\\/\\\/diariotextual.com\\\/inicio\\\/index.php\\\/2019\\\/10\\\/20\\\/ecolatina-la-inflacion-seguira-del-3-mensual-primer-trimestre-2020\\\/#article\",\"isPartOf\":{\"@id\":\"https:\\\/\\\/diariotextual.com\\\/inicio\\\/index.php\\\/2019\\\/10\\\/20\\\/ecolatina-la-inflacion-seguira-del-3-mensual-primer-trimestre-2020\\\/\"},\"author\":{\"name\":\"diario3\",\"@id\":\"https:\\\/\\\/diariotextual.com\\\/inicio\\\/#\\\/schema\\\/person\\\/a1b6f563e0ee944c60f98119389a4d9f\"},\"headline\":\"Ecolatina: la inflaci\u00f3n seguir\u00e1 por encima del 3% mensual hasta el primer trimestre de 2020\",\"datePublished\":\"2019-10-20T20:21:21+00:00\",\"dateModified\":\"2019-10-21T00:39:09+00:00\",\"mainEntityOfPage\":{\"@id\":\"https:\\\/\\\/diariotextual.com\\\/inicio\\\/index.php\\\/2019\\\/10\\\/20\\\/ecolatina-la-inflacion-seguira-del-3-mensual-primer-trimestre-2020\\\/\"},\"wordCount\":356,\"publisher\":{\"@id\":\"https:\\\/\\\/diariotextual.com\\\/inicio\\\/#organization\"},\"image\":{\"@id\":\"https:\\\/\\\/diariotextual.com\\\/inicio\\\/index.php\\\/2019\\\/10\\\/20\\\/ecolatina-la-inflacion-seguira-del-3-mensual-primer-trimestre-2020\\\/#primaryimage\"},\"thumbnailUrl\":\"https:\\\/\\\/diariotextual.com\\\/inicio\\\/wp-content\\\/uploads\\\/2018\\\/07\\\/gondolassupermercadoinflaciontelam1111.jpg\",\"articleSection\":[\"A - QUE PASA (al costado)\",\"ECONOMIA\"],\"inLanguage\":\"es\"},{\"@type\":\"WebPage\",\"@id\":\"https:\\\/\\\/diariotextual.com\\\/inicio\\\/index.php\\\/2019\\\/10\\\/20\\\/ecolatina-la-inflacion-seguira-del-3-mensual-primer-trimestre-2020\\\/\",\"url\":\"https:\\\/\\\/diariotextual.com\\\/inicio\\\/index.php\\\/2019\\\/10\\\/20\\\/ecolatina-la-inflacion-seguira-del-3-mensual-primer-trimestre-2020\\\/\",\"name\":\"Ecolatina: la inflaci\u00f3n seguir\u00e1 por encima del 3% mensual hasta el primer trimestre de 2020 - Diario Textual\",\"isPartOf\":{\"@id\":\"https:\\\/\\\/diariotextual.com\\\/inicio\\\/#website\"},\"primaryImageOfPage\":{\"@id\":\"https:\\\/\\\/diariotextual.com\\\/inicio\\\/index.php\\\/2019\\\/10\\\/20\\\/ecolatina-la-inflacion-seguira-del-3-mensual-primer-trimestre-2020\\\/#primaryimage\"},\"image\":{\"@id\":\"https:\\\/\\\/diariotextual.com\\\/inicio\\\/index.php\\\/2019\\\/10\\\/20\\\/ecolatina-la-inflacion-seguira-del-3-mensual-primer-trimestre-2020\\\/#primaryimage\"},\"thumbnailUrl\":\"https:\\\/\\\/diariotextual.com\\\/inicio\\\/wp-content\\\/uploads\\\/2018\\\/07\\\/gondolassupermercadoinflaciontelam1111.jpg\",\"datePublished\":\"2019-10-20T20:21:21+00:00\",\"dateModified\":\"2019-10-21T00:39:09+00:00\",\"breadcrumb\":{\"@id\":\"https:\\\/\\\/diariotextual.com\\\/inicio\\\/index.php\\\/2019\\\/10\\\/20\\\/ecolatina-la-inflacion-seguira-del-3-mensual-primer-trimestre-2020\\\/#breadcrumb\"},\"inLanguage\":\"es\",\"potentialAction\":[{\"@type\":\"ReadAction\",\"target\":[\"https:\\\/\\\/diariotextual.com\\\/inicio\\\/index.php\\\/2019\\\/10\\\/20\\\/ecolatina-la-inflacion-seguira-del-3-mensual-primer-trimestre-2020\\\/\"]}]},{\"@type\":\"ImageObject\",\"inLanguage\":\"es\",\"@id\":\"https:\\\/\\\/diariotextual.com\\\/inicio\\\/index.php\\\/2019\\\/10\\\/20\\\/ecolatina-la-inflacion-seguira-del-3-mensual-primer-trimestre-2020\\\/#primaryimage\",\"url\":\"https:\\\/\\\/diariotextual.com\\\/inicio\\\/wp-content\\\/uploads\\\/2018\\\/07\\\/gondolassupermercadoinflaciontelam1111.jpg\",\"contentUrl\":\"https:\\\/\\\/diariotextual.com\\\/inicio\\\/wp-content\\\/uploads\\\/2018\\\/07\\\/gondolassupermercadoinflaciontelam1111.jpg\",\"width\":645,\"height\":429},{\"@type\":\"BreadcrumbList\",\"@id\":\"https:\\\/\\\/diariotextual.com\\\/inicio\\\/index.php\\\/2019\\\/10\\\/20\\\/ecolatina-la-inflacion-seguira-del-3-mensual-primer-trimestre-2020\\\/#breadcrumb\",\"itemListElement\":[{\"@type\":\"ListItem\",\"position\":1,\"name\":\"Portada\",\"item\":\"https:\\\/\\\/diariotextual.com\\\/inicio\\\/\"},{\"@type\":\"ListItem\",\"position\":2,\"name\":\"Ecolatina: la inflaci\u00f3n seguir\u00e1 por encima del 3% mensual hasta el primer trimestre de 2020\"}]},{\"@type\":\"WebSite\",\"@id\":\"https:\\\/\\\/diariotextual.com\\\/inicio\\\/#website\",\"url\":\"https:\\\/\\\/diariotextual.com\\\/inicio\\\/\",\"name\":\"Diario Textual\",\"description\":\"\",\"publisher\":{\"@id\":\"https:\\\/\\\/diariotextual.com\\\/inicio\\\/#organization\"},\"potentialAction\":[{\"@type\":\"SearchAction\",\"target\":{\"@type\":\"EntryPoint\",\"urlTemplate\":\"https:\\\/\\\/diariotextual.com\\\/inicio\\\/?s={search_term_string}\"},\"query-input\":{\"@type\":\"PropertyValueSpecification\",\"valueRequired\":true,\"valueName\":\"search_term_string\"}}],\"inLanguage\":\"es\"},{\"@type\":\"Organization\",\"@id\":\"https:\\\/\\\/diariotextual.com\\\/inicio\\\/#organization\",\"name\":\"Diario Textual\",\"url\":\"https:\\\/\\\/diariotextual.com\\\/inicio\\\/\",\"logo\":{\"@type\":\"ImageObject\",\"inLanguage\":\"es\",\"@id\":\"https:\\\/\\\/diariotextual.com\\\/inicio\\\/#\\\/schema\\\/logo\\\/image\\\/\",\"url\":\"https:\\\/\\\/diariotextual.com\\\/inicio\\\/wp-content\\\/uploads\\\/2023\\\/05\\\/logotextual1.jpg\",\"contentUrl\":\"https:\\\/\\\/diariotextual.com\\\/inicio\\\/wp-content\\\/uploads\\\/2023\\\/05\\\/logotextual1.jpg\",\"width\":516,\"height\":76,\"caption\":\"Diario Textual\"},\"image\":{\"@id\":\"https:\\\/\\\/diariotextual.com\\\/inicio\\\/#\\\/schema\\\/logo\\\/image\\\/\"},\"sameAs\":[\"https:\\\/\\\/www.facebook.com\\\/eltextual\",\"https:\\\/\\\/x.com\\\/eltextual\",\"http:\\\/\\\/www.instagram.com\\\/eltextual\"]},{\"@type\":\"Person\",\"@id\":\"https:\\\/\\\/diariotextual.com\\\/inicio\\\/#\\\/schema\\\/person\\\/a1b6f563e0ee944c60f98119389a4d9f\",\"name\":\"diario3\",\"image\":{\"@type\":\"ImageObject\",\"inLanguage\":\"es\",\"@id\":\"https:\\\/\\\/secure.gravatar.com\\\/avatar\\\/5e7ee62c82fc04d9dd79d746a390d93c69c43223e5faeeb3ea9461ef752bfc5d?s=96&d=mm&r=g\",\"url\":\"https:\\\/\\\/secure.gravatar.com\\\/avatar\\\/5e7ee62c82fc04d9dd79d746a390d93c69c43223e5faeeb3ea9461ef752bfc5d?s=96&d=mm&r=g\",\"contentUrl\":\"https:\\\/\\\/secure.gravatar.com\\\/avatar\\\/5e7ee62c82fc04d9dd79d746a390d93c69c43223e5faeeb3ea9461ef752bfc5d?s=96&d=mm&r=g\",\"caption\":\"diario3\"},\"url\":\"https:\\\/\\\/diariotextual.com\\\/inicio\\\/index.php\\\/author\\\/diario3\\\/\"}]}<\/script>\n<!-- \/ Yoast SEO plugin. -->","yoast_head_json":{"title":"Ecolatina: la inflaci\u00f3n seguir\u00e1 por encima del 3% mensual hasta el primer trimestre de 2020 - Diario Textual","robots":{"index":"index","follow":"follow","max-snippet":"max-snippet:-1","max-image-preview":"max-image-preview:large","max-video-preview":"max-video-preview:-1"},"canonical":"https:\/\/diariotextual.com\/inicio\/index.php\/2019\/10\/20\/ecolatina-la-inflacion-seguira-del-3-mensual-primer-trimestre-2020\/","og_locale":"es_ES","og_type":"article","og_title":"Ecolatina: la inflaci\u00f3n seguir\u00e1 por encima del 3% mensual hasta el primer trimestre de 2020 - Diario Textual","og_description":"La inflaci\u00f3n seguir\u00e1 elevada, por encima del 3% mensual, por lo menos hasta el primer trimestre del a\u00f1o que viene, de acuerdo con un informe de la consultora Ecolatina titulado&hellip;","og_url":"https:\/\/diariotextual.com\/inicio\/index.php\/2019\/10\/20\/ecolatina-la-inflacion-seguira-del-3-mensual-primer-trimestre-2020\/","og_site_name":"Diario Textual","article_publisher":"https:\/\/www.facebook.com\/eltextual","article_published_time":"2019-10-20T20:21:21+00:00","article_modified_time":"2019-10-21T00:39:09+00:00","og_image":[{"width":645,"height":429,"url":"https:\/\/diariotextual.com\/inicio\/wp-content\/uploads\/2018\/07\/gondolassupermercadoinflaciontelam1111.jpg","type":"image\/jpeg"}],"author":"diario3","twitter_card":"summary_large_image","twitter_creator":"@eltextual","twitter_site":"@eltextual","twitter_misc":{"Escrito por":"diario3","Tiempo de lectura":"2 minutos"},"schema":{"@context":"https:\/\/schema.org","@graph":[{"@type":"Article","@id":"https:\/\/diariotextual.com\/inicio\/index.php\/2019\/10\/20\/ecolatina-la-inflacion-seguira-del-3-mensual-primer-trimestre-2020\/#article","isPartOf":{"@id":"https:\/\/diariotextual.com\/inicio\/index.php\/2019\/10\/20\/ecolatina-la-inflacion-seguira-del-3-mensual-primer-trimestre-2020\/"},"author":{"name":"diario3","@id":"https:\/\/diariotextual.com\/inicio\/#\/schema\/person\/a1b6f563e0ee944c60f98119389a4d9f"},"headline":"Ecolatina: la inflaci\u00f3n seguir\u00e1 por encima del 3% mensual hasta el primer trimestre de 2020","datePublished":"2019-10-20T20:21:21+00:00","dateModified":"2019-10-21T00:39:09+00:00","mainEntityOfPage":{"@id":"https:\/\/diariotextual.com\/inicio\/index.php\/2019\/10\/20\/ecolatina-la-inflacion-seguira-del-3-mensual-primer-trimestre-2020\/"},"wordCount":356,"publisher":{"@id":"https:\/\/diariotextual.com\/inicio\/#organization"},"image":{"@id":"https:\/\/diariotextual.com\/inicio\/index.php\/2019\/10\/20\/ecolatina-la-inflacion-seguira-del-3-mensual-primer-trimestre-2020\/#primaryimage"},"thumbnailUrl":"https:\/\/diariotextual.com\/inicio\/wp-content\/uploads\/2018\/07\/gondolassupermercadoinflaciontelam1111.jpg","articleSection":["A - QUE PASA (al costado)","ECONOMIA"],"inLanguage":"es"},{"@type":"WebPage","@id":"https:\/\/diariotextual.com\/inicio\/index.php\/2019\/10\/20\/ecolatina-la-inflacion-seguira-del-3-mensual-primer-trimestre-2020\/","url":"https:\/\/diariotextual.com\/inicio\/index.php\/2019\/10\/20\/ecolatina-la-inflacion-seguira-del-3-mensual-primer-trimestre-2020\/","name":"Ecolatina: la inflaci\u00f3n seguir\u00e1 por encima del 3% mensual hasta el primer trimestre de 2020 - Diario Textual","isPartOf":{"@id":"https:\/\/diariotextual.com\/inicio\/#website"},"primaryImageOfPage":{"@id":"https:\/\/diariotextual.com\/inicio\/index.php\/2019\/10\/20\/ecolatina-la-inflacion-seguira-del-3-mensual-primer-trimestre-2020\/#primaryimage"},"image":{"@id":"https:\/\/diariotextual.com\/inicio\/index.php\/2019\/10\/20\/ecolatina-la-inflacion-seguira-del-3-mensual-primer-trimestre-2020\/#primaryimage"},"thumbnailUrl":"https:\/\/diariotextual.com\/inicio\/wp-content\/uploads\/2018\/07\/gondolassupermercadoinflaciontelam1111.jpg","datePublished":"2019-10-20T20:21:21+00:00","dateModified":"2019-10-21T00:39:09+00:00","breadcrumb":{"@id":"https:\/\/diariotextual.com\/inicio\/index.php\/2019\/10\/20\/ecolatina-la-inflacion-seguira-del-3-mensual-primer-trimestre-2020\/#breadcrumb"},"inLanguage":"es","potentialAction":[{"@type":"ReadAction","target":["https:\/\/diariotextual.com\/inicio\/index.php\/2019\/10\/20\/ecolatina-la-inflacion-seguira-del-3-mensual-primer-trimestre-2020\/"]}]},{"@type":"ImageObject","inLanguage":"es","@id":"https:\/\/diariotextual.com\/inicio\/index.php\/2019\/10\/20\/ecolatina-la-inflacion-seguira-del-3-mensual-primer-trimestre-2020\/#primaryimage","url":"https:\/\/diariotextual.com\/inicio\/wp-content\/uploads\/2018\/07\/gondolassupermercadoinflaciontelam1111.jpg","contentUrl":"https:\/\/diariotextual.com\/inicio\/wp-content\/uploads\/2018\/07\/gondolassupermercadoinflaciontelam1111.jpg","width":645,"height":429},{"@type":"BreadcrumbList","@id":"https:\/\/diariotextual.com\/inicio\/index.php\/2019\/10\/20\/ecolatina-la-inflacion-seguira-del-3-mensual-primer-trimestre-2020\/#breadcrumb","itemListElement":[{"@type":"ListItem","position":1,"name":"Portada","item":"https:\/\/diariotextual.com\/inicio\/"},{"@type":"ListItem","position":2,"name":"Ecolatina: la inflaci\u00f3n seguir\u00e1 por encima del 3% mensual hasta el primer trimestre de 2020"}]},{"@type":"WebSite","@id":"https:\/\/diariotextual.com\/inicio\/#website","url":"https:\/\/diariotextual.com\/inicio\/","name":"Diario Textual","description":"","publisher":{"@id":"https:\/\/diariotextual.com\/inicio\/#organization"},"potentialAction":[{"@type":"SearchAction","target":{"@type":"EntryPoint","urlTemplate":"https:\/\/diariotextual.com\/inicio\/?s={search_term_string}"},"query-input":{"@type":"PropertyValueSpecification","valueRequired":true,"valueName":"search_term_string"}}],"inLanguage":"es"},{"@type":"Organization","@id":"https:\/\/diariotextual.com\/inicio\/#organization","name":"Diario Textual","url":"https:\/\/diariotextual.com\/inicio\/","logo":{"@type":"ImageObject","inLanguage":"es","@id":"https:\/\/diariotextual.com\/inicio\/#\/schema\/logo\/image\/","url":"https:\/\/diariotextual.com\/inicio\/wp-content\/uploads\/2023\/05\/logotextual1.jpg","contentUrl":"https:\/\/diariotextual.com\/inicio\/wp-content\/uploads\/2023\/05\/logotextual1.jpg","width":516,"height":76,"caption":"Diario Textual"},"image":{"@id":"https:\/\/diariotextual.com\/inicio\/#\/schema\/logo\/image\/"},"sameAs":["https:\/\/www.facebook.com\/eltextual","https:\/\/x.com\/eltextual","http:\/\/www.instagram.com\/eltextual"]},{"@type":"Person","@id":"https:\/\/diariotextual.com\/inicio\/#\/schema\/person\/a1b6f563e0ee944c60f98119389a4d9f","name":"diario3","image":{"@type":"ImageObject","inLanguage":"es","@id":"https:\/\/secure.gravatar.com\/avatar\/5e7ee62c82fc04d9dd79d746a390d93c69c43223e5faeeb3ea9461ef752bfc5d?s=96&d=mm&r=g","url":"https:\/\/secure.gravatar.com\/avatar\/5e7ee62c82fc04d9dd79d746a390d93c69c43223e5faeeb3ea9461ef752bfc5d?s=96&d=mm&r=g","contentUrl":"https:\/\/secure.gravatar.com\/avatar\/5e7ee62c82fc04d9dd79d746a390d93c69c43223e5faeeb3ea9461ef752bfc5d?s=96&d=mm&r=g","caption":"diario3"},"url":"https:\/\/diariotextual.com\/inicio\/index.php\/author\/diario3\/"}]}},"_links":{"self":[{"href":"https:\/\/diariotextual.com\/inicio\/index.php\/wp-json\/wp\/v2\/posts\/66585","targetHints":{"allow":["GET"]}}],"collection":[{"href":"https:\/\/diariotextual.com\/inicio\/index.php\/wp-json\/wp\/v2\/posts"}],"about":[{"href":"https:\/\/diariotextual.com\/inicio\/index.php\/wp-json\/wp\/v2\/types\/post"}],"author":[{"embeddable":true,"href":"https:\/\/diariotextual.com\/inicio\/index.php\/wp-json\/wp\/v2\/users\/5"}],"replies":[{"embeddable":true,"href":"https:\/\/diariotextual.com\/inicio\/index.php\/wp-json\/wp\/v2\/comments?post=66585"}],"version-history":[{"count":1,"href":"https:\/\/diariotextual.com\/inicio\/index.php\/wp-json\/wp\/v2\/posts\/66585\/revisions"}],"predecessor-version":[{"id":66586,"href":"https:\/\/diariotextual.com\/inicio\/index.php\/wp-json\/wp\/v2\/posts\/66585\/revisions\/66586"}],"wp:featuredmedia":[{"embeddable":true,"href":"https:\/\/diariotextual.com\/inicio\/index.php\/wp-json\/wp\/v2\/media\/13033"}],"wp:attachment":[{"href":"https:\/\/diariotextual.com\/inicio\/index.php\/wp-json\/wp\/v2\/media?parent=66585"}],"wp:term":[{"taxonomy":"category","embeddable":true,"href":"https:\/\/diariotextual.com\/inicio\/index.php\/wp-json\/wp\/v2\/categories?post=66585"},{"taxonomy":"post_tag","embeddable":true,"href":"https:\/\/diariotextual.com\/inicio\/index.php\/wp-json\/wp\/v2\/tags?post=66585"}],"curies":[{"name":"wp","href":"https:\/\/api.w.org\/{rel}","templated":true}]}}