{"id":66645,"date":"2019-10-21T08:36:54","date_gmt":"2019-10-21T11:36:54","guid":{"rendered":"http:\/\/diariotextual.com\/inicio\/?p=66645"},"modified":"2019-10-21T16:55:07","modified_gmt":"2019-10-21T19:55:07","slug":"comienza-juicio-crimen-aldo-chueco-fuentes","status":"publish","type":"post","link":"https:\/\/diariotextual.com\/inicio\/index.php\/2019\/10\/21\/comienza-juicio-crimen-aldo-chueco-fuentes\/","title":{"rendered":"Comenz\u00f3 el juicio por el crimen del \u00abChueco\u00bb Fuentes: los acusados no declararon"},"content":{"rendered":"<p>Este lunes en el centro judicial de Santa Rosa comenz\u00f3 el <strong>juicio oral y p\u00fablico<\/strong> por el homicidio de <strong>Aldo \u201cChueco\u201d Fuentes<\/strong>, ocurrido el 30 de enero de 2018. Los imputados, <strong>Manuel \u00abMono\u00bb Santill\u00e1n<\/strong>\u00a0y <strong>Alan P\u00e9rez Barreiro<\/strong>, no declararon. S\u00ed lo hizo uno de los hijos de la v\u00edctima, <strong>Benicio Fuentes. \u00abEsto nos mat\u00f3 a todos\u00bb, dijo.\u00a0<\/strong>Las audiencias se extender\u00e1n hasta el viernes.<\/p>\n<p>Santill\u00e1n est\u00e1 detenido acusado de\u00a0<strong>homicidio calificado por ensa\u00f1amiento y alevos\u00eda. <\/strong>En tanto, P\u00e9rez Barreiro, est\u00e1 en libertad, imputado por<strong> encubrimiento.<\/strong><\/p>\n<p>La fiscala Cecilia Martin\u00ed acus\u00f3 a Santill\u00e1n de haber matado a Fuentes de <strong>tres hachazos en la cabeza<\/strong> mientras dorm\u00eda para robarle una serie de pertenencias, entre ellos, una moto <strong>Honda Wave<\/strong>, que luego vendi\u00f3 a un precio \u00abirrisorio\u00bb a P\u00e9rez Barreiro. El querellante,\u00a0Juan Jos\u00e9 Herm\u00faa, adhiri\u00f3 a la acusaci\u00f3n fiscal.<\/p>\n<p>La defensora de P\u00e9rez Barreiro, <strong>Paula Arrigone<\/strong>, calific\u00f3 de <strong>\u00abfalsa\u00bb<\/strong> <strong>la teor\u00eda de la fiscal\u00eda<\/strong> y dijo que \u00e9ste es <strong>un caso \u00abconstituido sobre la base de probabilidades y no de certezas\u00bb.<\/strong><\/p>\n<p>El defensor de Santill\u00e1n, Pablo De Biasi, anticip\u00f3 que pedir\u00e1 la absoluci\u00f3n de su defendido. Atac\u00f3 la<strong> \u00abactividad procesal defectuosa\u00bb<\/strong> del caso y sostuvo que <strong>\u00abno hay certezas\u00bb<\/strong> de que haya cometido el crimen.<\/p>\n<p><strong>\u00abEsta es una investigaci\u00f3n con serias falencias, desprolija y con un d\u00e9ficit probatorio\u00bb<\/strong>, sostuvo.<\/p>\n<p>Los imputados se sentaron frente al tribunal -compuesto por Gast\u00f3n Boulenaz, Daniel Saez Zamora y Flavia Ongaro- pero prefirieron no declarar.<\/p>\n<p>El que s\u00ed declar\u00f3 fue uno de los hijos de la v\u00edctima, Benicio Fuentes.\u00a0<strong>\u00abEsto nos mat\u00f3 a todos\u00bb<\/strong>, dijo, y record\u00f3 que su pap\u00e1 era <strong>\u00abel motor\u00bb <\/strong>de la familia.<\/p>\n<p>Revel\u00f3 que \u00e9l <strong>se enter\u00f3 que Santill\u00e1n hab\u00eda matado a su padre por un carnicero<\/strong>, que le cont\u00f3 a su se\u00f1ora que el acusado se andaba \u00abjactando\u00bb de que hab\u00eda matado a Fuentes con un hacha y que le hab\u00eda robado una moto y un equipo de m\u00fasica.<\/p>\n<p><img fetchpriority=\"high\" decoding=\"async\" class=\"alignnone wp-image-18696\" src=\"http:\/\/diariotextual.com\/inicio\/wp-content\/uploads\/2018\/08\/fuentesaldochueco2018-999.jpg\" alt=\"\" width=\"628\" height=\"427\" srcset=\"https:\/\/diariotextual.com\/inicio\/wp-content\/uploads\/2018\/08\/fuentesaldochueco2018-999.jpg 1000w, https:\/\/diariotextual.com\/inicio\/wp-content\/uploads\/2018\/08\/fuentesaldochueco2018-999-300x204.jpg 300w, https:\/\/diariotextual.com\/inicio\/wp-content\/uploads\/2018\/08\/fuentesaldochueco2018-999-768x522.jpg 768w, https:\/\/diariotextual.com\/inicio\/wp-content\/uploads\/2018\/08\/fuentesaldochueco2018-999-585x398.jpg 585w\" sizes=\"(max-width: 628px) 100vw, 628px\" \/><\/p>\n<p>El crimen de Fuentes ocurri\u00f3 en su casa de Neveu y Luther King, en Santa Rosa, entre las 22.30 y las 23 horas, del 30 de enero de 2018. El m\u00f3vil fue el\u00a0robo de una moto, que luego fue desmantelada, y otros objetos de la vivienda.<\/p>\n<p>Un dato: sobre el principal acusado, el \u00abMono\u00bb Santill\u00e1n, pesa tambi\u00e9n una acusaci\u00f3n por la muerte del joven Facundo P\u00e9rez, en la Alcaid\u00eda de Santa Rosa, mientras se encontraba detenido por el femicidio de su novia, Flavia Fern\u00e1ndez.<\/p>\n<p><img decoding=\"async\" class=\"alignnone size-full wp-image-367\" src=\"http:\/\/diariotextual.com\/inicio\/wp-content\/uploads\/2018\/03\/fuenteschuecocaso111.jpg\" alt=\"\" width=\"627\" height=\"386\" srcset=\"https:\/\/diariotextual.com\/inicio\/wp-content\/uploads\/2018\/03\/fuenteschuecocaso111.jpg 627w, https:\/\/diariotextual.com\/inicio\/wp-content\/uploads\/2018\/03\/fuenteschuecocaso111-300x185.jpg 300w, https:\/\/diariotextual.com\/inicio\/wp-content\/uploads\/2018\/03\/fuenteschuecocaso111-585x360.jpg 585w\" sizes=\"(max-width: 627px) 100vw, 627px\" \/><\/p>\n","protected":false},"excerpt":{"rendered":"<p>Este lunes en el centro judicial de Santa Rosa comenz\u00f3 el juicio oral y p\u00fablico por el homicidio de Aldo \u201cChueco\u201d Fuentes, ocurrido el 30 de enero de 2018. Los&hellip;<\/p>\n","protected":false},"author":7,"featured_media":66662,"comment_status":"closed","ping_status":"open","sticky":false,"template":"","format":"standard","meta":{"_acf_changed":false,"footnotes":""},"categories":[319,12],"tags":[],"class_list":["post-66645","post","type-post","status-publish","format-standard","has-post-thumbnail","hentry","category-a-temporales","category-sociedad"],"acf":[],"yoast_head":"<!-- This site is optimized with the Yoast SEO plugin v27.4 - https:\/\/yoast.com\/product\/yoast-seo-wordpress\/ -->\n<title>Comenz\u00f3 el juicio por el crimen del &quot;Chueco&quot; Fuentes: los acusados no declararon - Diario Textual<\/title>\n<meta name=\"robots\" content=\"index, follow, max-snippet:-1, max-image-preview:large, max-video-preview:-1\" \/>\n<link rel=\"canonical\" href=\"https:\/\/diariotextual.com\/inicio\/index.php\/2019\/10\/21\/comienza-juicio-crimen-aldo-chueco-fuentes\/\" \/>\n<meta property=\"og:locale\" content=\"es_ES\" \/>\n<meta property=\"og:type\" content=\"article\" \/>\n<meta property=\"og:title\" content=\"Comenz\u00f3 el juicio por el crimen del &quot;Chueco&quot; Fuentes: los acusados no declararon - Diario Textual\" \/>\n<meta property=\"og:description\" content=\"Este lunes en el centro judicial de Santa Rosa comenz\u00f3 el juicio oral y p\u00fablico por el homicidio de Aldo \u201cChueco\u201d Fuentes, ocurrido el 30 de enero de 2018. Los&hellip;\" \/>\n<meta property=\"og:url\" content=\"https:\/\/diariotextual.com\/inicio\/index.php\/2019\/10\/21\/comienza-juicio-crimen-aldo-chueco-fuentes\/\" \/>\n<meta property=\"og:site_name\" content=\"Diario Textual\" \/>\n<meta property=\"article:publisher\" content=\"https:\/\/www.facebook.com\/eltextual\" \/>\n<meta property=\"article:published_time\" content=\"2019-10-21T11:36:54+00:00\" \/>\n<meta property=\"article:modified_time\" content=\"2019-10-21T19:55:07+00:00\" \/>\n<meta property=\"og:image\" content=\"https:\/\/diariotextual.com\/inicio\/wp-content\/uploads\/2019\/10\/juiciofuentessantillan111.jpg\" \/>\n\t<meta property=\"og:image:width\" content=\"4160\" \/>\n\t<meta property=\"og:image:height\" content=\"2340\" \/>\n\t<meta property=\"og:image:type\" content=\"image\/jpeg\" \/>\n<meta name=\"author\" content=\"diario5\" \/>\n<meta name=\"twitter:card\" content=\"summary_large_image\" \/>\n<meta name=\"twitter:creator\" content=\"@eltextual\" \/>\n<meta name=\"twitter:site\" content=\"@eltextual\" \/>\n<meta name=\"twitter:label1\" content=\"Escrito por\" \/>\n\t<meta name=\"twitter:data1\" content=\"diario5\" \/>\n\t<meta name=\"twitter:label2\" content=\"Tiempo de lectura\" \/>\n\t<meta name=\"twitter:data2\" content=\"2 minutos\" \/>\n<script type=\"application\/ld+json\" class=\"yoast-schema-graph\">{\"@context\":\"https:\\\/\\\/schema.org\",\"@graph\":[{\"@type\":\"Article\",\"@id\":\"https:\\\/\\\/diariotextual.com\\\/inicio\\\/index.php\\\/2019\\\/10\\\/21\\\/comienza-juicio-crimen-aldo-chueco-fuentes\\\/#article\",\"isPartOf\":{\"@id\":\"https:\\\/\\\/diariotextual.com\\\/inicio\\\/index.php\\\/2019\\\/10\\\/21\\\/comienza-juicio-crimen-aldo-chueco-fuentes\\\/\"},\"author\":{\"name\":\"diario5\",\"@id\":\"https:\\\/\\\/diariotextual.com\\\/inicio\\\/#\\\/schema\\\/person\\\/c7834961ad8b29b1d9cdbf4571299067\"},\"headline\":\"Comenz\u00f3 el juicio por el crimen del \u00abChueco\u00bb Fuentes: los acusados no declararon\",\"datePublished\":\"2019-10-21T11:36:54+00:00\",\"dateModified\":\"2019-10-21T19:55:07+00:00\",\"mainEntityOfPage\":{\"@id\":\"https:\\\/\\\/diariotextual.com\\\/inicio\\\/index.php\\\/2019\\\/10\\\/21\\\/comienza-juicio-crimen-aldo-chueco-fuentes\\\/\"},\"wordCount\":446,\"publisher\":{\"@id\":\"https:\\\/\\\/diariotextual.com\\\/inicio\\\/#organization\"},\"image\":{\"@id\":\"https:\\\/\\\/diariotextual.com\\\/inicio\\\/index.php\\\/2019\\\/10\\\/21\\\/comienza-juicio-crimen-aldo-chueco-fuentes\\\/#primaryimage\"},\"thumbnailUrl\":\"https:\\\/\\\/diariotextual.com\\\/inicio\\\/wp-content\\\/uploads\\\/2019\\\/10\\\/juiciofuentessantillan111.jpg\",\"articleSection\":[\"A - TEMPORALES\",\"SOCIEDAD\"],\"inLanguage\":\"es\"},{\"@type\":\"WebPage\",\"@id\":\"https:\\\/\\\/diariotextual.com\\\/inicio\\\/index.php\\\/2019\\\/10\\\/21\\\/comienza-juicio-crimen-aldo-chueco-fuentes\\\/\",\"url\":\"https:\\\/\\\/diariotextual.com\\\/inicio\\\/index.php\\\/2019\\\/10\\\/21\\\/comienza-juicio-crimen-aldo-chueco-fuentes\\\/\",\"name\":\"Comenz\u00f3 el juicio por el crimen del \\\"Chueco\\\" Fuentes: los acusados no declararon - Diario Textual\",\"isPartOf\":{\"@id\":\"https:\\\/\\\/diariotextual.com\\\/inicio\\\/#website\"},\"primaryImageOfPage\":{\"@id\":\"https:\\\/\\\/diariotextual.com\\\/inicio\\\/index.php\\\/2019\\\/10\\\/21\\\/comienza-juicio-crimen-aldo-chueco-fuentes\\\/#primaryimage\"},\"image\":{\"@id\":\"https:\\\/\\\/diariotextual.com\\\/inicio\\\/index.php\\\/2019\\\/10\\\/21\\\/comienza-juicio-crimen-aldo-chueco-fuentes\\\/#primaryimage\"},\"thumbnailUrl\":\"https:\\\/\\\/diariotextual.com\\\/inicio\\\/wp-content\\\/uploads\\\/2019\\\/10\\\/juiciofuentessantillan111.jpg\",\"datePublished\":\"2019-10-21T11:36:54+00:00\",\"dateModified\":\"2019-10-21T19:55:07+00:00\",\"breadcrumb\":{\"@id\":\"https:\\\/\\\/diariotextual.com\\\/inicio\\\/index.php\\\/2019\\\/10\\\/21\\\/comienza-juicio-crimen-aldo-chueco-fuentes\\\/#breadcrumb\"},\"inLanguage\":\"es\",\"potentialAction\":[{\"@type\":\"ReadAction\",\"target\":[\"https:\\\/\\\/diariotextual.com\\\/inicio\\\/index.php\\\/2019\\\/10\\\/21\\\/comienza-juicio-crimen-aldo-chueco-fuentes\\\/\"]}]},{\"@type\":\"ImageObject\",\"inLanguage\":\"es\",\"@id\":\"https:\\\/\\\/diariotextual.com\\\/inicio\\\/index.php\\\/2019\\\/10\\\/21\\\/comienza-juicio-crimen-aldo-chueco-fuentes\\\/#primaryimage\",\"url\":\"https:\\\/\\\/diariotextual.com\\\/inicio\\\/wp-content\\\/uploads\\\/2019\\\/10\\\/juiciofuentessantillan111.jpg\",\"contentUrl\":\"https:\\\/\\\/diariotextual.com\\\/inicio\\\/wp-content\\\/uploads\\\/2019\\\/10\\\/juiciofuentessantillan111.jpg\",\"width\":4160,\"height\":2340},{\"@type\":\"BreadcrumbList\",\"@id\":\"https:\\\/\\\/diariotextual.com\\\/inicio\\\/index.php\\\/2019\\\/10\\\/21\\\/comienza-juicio-crimen-aldo-chueco-fuentes\\\/#breadcrumb\",\"itemListElement\":[{\"@type\":\"ListItem\",\"position\":1,\"name\":\"Portada\",\"item\":\"https:\\\/\\\/diariotextual.com\\\/inicio\\\/\"},{\"@type\":\"ListItem\",\"position\":2,\"name\":\"Comenz\u00f3 el juicio por el crimen del \u00abChueco\u00bb Fuentes: los acusados no declararon\"}]},{\"@type\":\"WebSite\",\"@id\":\"https:\\\/\\\/diariotextual.com\\\/inicio\\\/#website\",\"url\":\"https:\\\/\\\/diariotextual.com\\\/inicio\\\/\",\"name\":\"Diario Textual\",\"description\":\"\",\"publisher\":{\"@id\":\"https:\\\/\\\/diariotextual.com\\\/inicio\\\/#organization\"},\"potentialAction\":[{\"@type\":\"SearchAction\",\"target\":{\"@type\":\"EntryPoint\",\"urlTemplate\":\"https:\\\/\\\/diariotextual.com\\\/inicio\\\/?s={search_term_string}\"},\"query-input\":{\"@type\":\"PropertyValueSpecification\",\"valueRequired\":true,\"valueName\":\"search_term_string\"}}],\"inLanguage\":\"es\"},{\"@type\":\"Organization\",\"@id\":\"https:\\\/\\\/diariotextual.com\\\/inicio\\\/#organization\",\"name\":\"Diario Textual\",\"url\":\"https:\\\/\\\/diariotextual.com\\\/inicio\\\/\",\"logo\":{\"@type\":\"ImageObject\",\"inLanguage\":\"es\",\"@id\":\"https:\\\/\\\/diariotextual.com\\\/inicio\\\/#\\\/schema\\\/logo\\\/image\\\/\",\"url\":\"https:\\\/\\\/diariotextual.com\\\/inicio\\\/wp-content\\\/uploads\\\/2023\\\/05\\\/logotextual1.jpg\",\"contentUrl\":\"https:\\\/\\\/diariotextual.com\\\/inicio\\\/wp-content\\\/uploads\\\/2023\\\/05\\\/logotextual1.jpg\",\"width\":516,\"height\":76,\"caption\":\"Diario Textual\"},\"image\":{\"@id\":\"https:\\\/\\\/diariotextual.com\\\/inicio\\\/#\\\/schema\\\/logo\\\/image\\\/\"},\"sameAs\":[\"https:\\\/\\\/www.facebook.com\\\/eltextual\",\"https:\\\/\\\/x.com\\\/eltextual\",\"http:\\\/\\\/www.instagram.com\\\/eltextual\"]},{\"@type\":\"Person\",\"@id\":\"https:\\\/\\\/diariotextual.com\\\/inicio\\\/#\\\/schema\\\/person\\\/c7834961ad8b29b1d9cdbf4571299067\",\"name\":\"diario5\",\"image\":{\"@type\":\"ImageObject\",\"inLanguage\":\"es\",\"@id\":\"https:\\\/\\\/secure.gravatar.com\\\/avatar\\\/948c893b847ca6df68216ead81b63f363408ec9b0f600fefc0641ce78613b111?s=96&d=mm&r=g\",\"url\":\"https:\\\/\\\/secure.gravatar.com\\\/avatar\\\/948c893b847ca6df68216ead81b63f363408ec9b0f600fefc0641ce78613b111?s=96&d=mm&r=g\",\"contentUrl\":\"https:\\\/\\\/secure.gravatar.com\\\/avatar\\\/948c893b847ca6df68216ead81b63f363408ec9b0f600fefc0641ce78613b111?s=96&d=mm&r=g\",\"caption\":\"diario5\"},\"url\":\"https:\\\/\\\/diariotextual.com\\\/inicio\\\/index.php\\\/author\\\/diario5\\\/\"}]}<\/script>\n<!-- \/ Yoast SEO plugin. -->","yoast_head_json":{"title":"Comenz\u00f3 el juicio por el crimen del \"Chueco\" Fuentes: los acusados no declararon - Diario Textual","robots":{"index":"index","follow":"follow","max-snippet":"max-snippet:-1","max-image-preview":"max-image-preview:large","max-video-preview":"max-video-preview:-1"},"canonical":"https:\/\/diariotextual.com\/inicio\/index.php\/2019\/10\/21\/comienza-juicio-crimen-aldo-chueco-fuentes\/","og_locale":"es_ES","og_type":"article","og_title":"Comenz\u00f3 el juicio por el crimen del \"Chueco\" Fuentes: los acusados no declararon - Diario Textual","og_description":"Este lunes en el centro judicial de Santa Rosa comenz\u00f3 el juicio oral y p\u00fablico por el homicidio de Aldo \u201cChueco\u201d Fuentes, ocurrido el 30 de enero de 2018. Los&hellip;","og_url":"https:\/\/diariotextual.com\/inicio\/index.php\/2019\/10\/21\/comienza-juicio-crimen-aldo-chueco-fuentes\/","og_site_name":"Diario Textual","article_publisher":"https:\/\/www.facebook.com\/eltextual","article_published_time":"2019-10-21T11:36:54+00:00","article_modified_time":"2019-10-21T19:55:07+00:00","og_image":[{"width":4160,"height":2340,"url":"https:\/\/diariotextual.com\/inicio\/wp-content\/uploads\/2019\/10\/juiciofuentessantillan111.jpg","type":"image\/jpeg"}],"author":"diario5","twitter_card":"summary_large_image","twitter_creator":"@eltextual","twitter_site":"@eltextual","twitter_misc":{"Escrito por":"diario5","Tiempo de lectura":"2 minutos"},"schema":{"@context":"https:\/\/schema.org","@graph":[{"@type":"Article","@id":"https:\/\/diariotextual.com\/inicio\/index.php\/2019\/10\/21\/comienza-juicio-crimen-aldo-chueco-fuentes\/#article","isPartOf":{"@id":"https:\/\/diariotextual.com\/inicio\/index.php\/2019\/10\/21\/comienza-juicio-crimen-aldo-chueco-fuentes\/"},"author":{"name":"diario5","@id":"https:\/\/diariotextual.com\/inicio\/#\/schema\/person\/c7834961ad8b29b1d9cdbf4571299067"},"headline":"Comenz\u00f3 el juicio por el crimen del \u00abChueco\u00bb Fuentes: los acusados no declararon","datePublished":"2019-10-21T11:36:54+00:00","dateModified":"2019-10-21T19:55:07+00:00","mainEntityOfPage":{"@id":"https:\/\/diariotextual.com\/inicio\/index.php\/2019\/10\/21\/comienza-juicio-crimen-aldo-chueco-fuentes\/"},"wordCount":446,"publisher":{"@id":"https:\/\/diariotextual.com\/inicio\/#organization"},"image":{"@id":"https:\/\/diariotextual.com\/inicio\/index.php\/2019\/10\/21\/comienza-juicio-crimen-aldo-chueco-fuentes\/#primaryimage"},"thumbnailUrl":"https:\/\/diariotextual.com\/inicio\/wp-content\/uploads\/2019\/10\/juiciofuentessantillan111.jpg","articleSection":["A - TEMPORALES","SOCIEDAD"],"inLanguage":"es"},{"@type":"WebPage","@id":"https:\/\/diariotextual.com\/inicio\/index.php\/2019\/10\/21\/comienza-juicio-crimen-aldo-chueco-fuentes\/","url":"https:\/\/diariotextual.com\/inicio\/index.php\/2019\/10\/21\/comienza-juicio-crimen-aldo-chueco-fuentes\/","name":"Comenz\u00f3 el juicio por el crimen del \"Chueco\" Fuentes: los acusados no declararon - Diario Textual","isPartOf":{"@id":"https:\/\/diariotextual.com\/inicio\/#website"},"primaryImageOfPage":{"@id":"https:\/\/diariotextual.com\/inicio\/index.php\/2019\/10\/21\/comienza-juicio-crimen-aldo-chueco-fuentes\/#primaryimage"},"image":{"@id":"https:\/\/diariotextual.com\/inicio\/index.php\/2019\/10\/21\/comienza-juicio-crimen-aldo-chueco-fuentes\/#primaryimage"},"thumbnailUrl":"https:\/\/diariotextual.com\/inicio\/wp-content\/uploads\/2019\/10\/juiciofuentessantillan111.jpg","datePublished":"2019-10-21T11:36:54+00:00","dateModified":"2019-10-21T19:55:07+00:00","breadcrumb":{"@id":"https:\/\/diariotextual.com\/inicio\/index.php\/2019\/10\/21\/comienza-juicio-crimen-aldo-chueco-fuentes\/#breadcrumb"},"inLanguage":"es","potentialAction":[{"@type":"ReadAction","target":["https:\/\/diariotextual.com\/inicio\/index.php\/2019\/10\/21\/comienza-juicio-crimen-aldo-chueco-fuentes\/"]}]},{"@type":"ImageObject","inLanguage":"es","@id":"https:\/\/diariotextual.com\/inicio\/index.php\/2019\/10\/21\/comienza-juicio-crimen-aldo-chueco-fuentes\/#primaryimage","url":"https:\/\/diariotextual.com\/inicio\/wp-content\/uploads\/2019\/10\/juiciofuentessantillan111.jpg","contentUrl":"https:\/\/diariotextual.com\/inicio\/wp-content\/uploads\/2019\/10\/juiciofuentessantillan111.jpg","width":4160,"height":2340},{"@type":"BreadcrumbList","@id":"https:\/\/diariotextual.com\/inicio\/index.php\/2019\/10\/21\/comienza-juicio-crimen-aldo-chueco-fuentes\/#breadcrumb","itemListElement":[{"@type":"ListItem","position":1,"name":"Portada","item":"https:\/\/diariotextual.com\/inicio\/"},{"@type":"ListItem","position":2,"name":"Comenz\u00f3 el juicio por el crimen del \u00abChueco\u00bb Fuentes: los acusados no declararon"}]},{"@type":"WebSite","@id":"https:\/\/diariotextual.com\/inicio\/#website","url":"https:\/\/diariotextual.com\/inicio\/","name":"Diario Textual","description":"","publisher":{"@id":"https:\/\/diariotextual.com\/inicio\/#organization"},"potentialAction":[{"@type":"SearchAction","target":{"@type":"EntryPoint","urlTemplate":"https:\/\/diariotextual.com\/inicio\/?s={search_term_string}"},"query-input":{"@type":"PropertyValueSpecification","valueRequired":true,"valueName":"search_term_string"}}],"inLanguage":"es"},{"@type":"Organization","@id":"https:\/\/diariotextual.com\/inicio\/#organization","name":"Diario Textual","url":"https:\/\/diariotextual.com\/inicio\/","logo":{"@type":"ImageObject","inLanguage":"es","@id":"https:\/\/diariotextual.com\/inicio\/#\/schema\/logo\/image\/","url":"https:\/\/diariotextual.com\/inicio\/wp-content\/uploads\/2023\/05\/logotextual1.jpg","contentUrl":"https:\/\/diariotextual.com\/inicio\/wp-content\/uploads\/2023\/05\/logotextual1.jpg","width":516,"height":76,"caption":"Diario Textual"},"image":{"@id":"https:\/\/diariotextual.com\/inicio\/#\/schema\/logo\/image\/"},"sameAs":["https:\/\/www.facebook.com\/eltextual","https:\/\/x.com\/eltextual","http:\/\/www.instagram.com\/eltextual"]},{"@type":"Person","@id":"https:\/\/diariotextual.com\/inicio\/#\/schema\/person\/c7834961ad8b29b1d9cdbf4571299067","name":"diario5","image":{"@type":"ImageObject","inLanguage":"es","@id":"https:\/\/secure.gravatar.com\/avatar\/948c893b847ca6df68216ead81b63f363408ec9b0f600fefc0641ce78613b111?s=96&d=mm&r=g","url":"https:\/\/secure.gravatar.com\/avatar\/948c893b847ca6df68216ead81b63f363408ec9b0f600fefc0641ce78613b111?s=96&d=mm&r=g","contentUrl":"https:\/\/secure.gravatar.com\/avatar\/948c893b847ca6df68216ead81b63f363408ec9b0f600fefc0641ce78613b111?s=96&d=mm&r=g","caption":"diario5"},"url":"https:\/\/diariotextual.com\/inicio\/index.php\/author\/diario5\/"}]}},"_links":{"self":[{"href":"https:\/\/diariotextual.com\/inicio\/index.php\/wp-json\/wp\/v2\/posts\/66645","targetHints":{"allow":["GET"]}}],"collection":[{"href":"https:\/\/diariotextual.com\/inicio\/index.php\/wp-json\/wp\/v2\/posts"}],"about":[{"href":"https:\/\/diariotextual.com\/inicio\/index.php\/wp-json\/wp\/v2\/types\/post"}],"author":[{"embeddable":true,"href":"https:\/\/diariotextual.com\/inicio\/index.php\/wp-json\/wp\/v2\/users\/7"}],"replies":[{"embeddable":true,"href":"https:\/\/diariotextual.com\/inicio\/index.php\/wp-json\/wp\/v2\/comments?post=66645"}],"version-history":[{"count":9,"href":"https:\/\/diariotextual.com\/inicio\/index.php\/wp-json\/wp\/v2\/posts\/66645\/revisions"}],"predecessor-version":[{"id":66678,"href":"https:\/\/diariotextual.com\/inicio\/index.php\/wp-json\/wp\/v2\/posts\/66645\/revisions\/66678"}],"wp:featuredmedia":[{"embeddable":true,"href":"https:\/\/diariotextual.com\/inicio\/index.php\/wp-json\/wp\/v2\/media\/66662"}],"wp:attachment":[{"href":"https:\/\/diariotextual.com\/inicio\/index.php\/wp-json\/wp\/v2\/media?parent=66645"}],"wp:term":[{"taxonomy":"category","embeddable":true,"href":"https:\/\/diariotextual.com\/inicio\/index.php\/wp-json\/wp\/v2\/categories?post=66645"},{"taxonomy":"post_tag","embeddable":true,"href":"https:\/\/diariotextual.com\/inicio\/index.php\/wp-json\/wp\/v2\/tags?post=66645"}],"curies":[{"name":"wp","href":"https:\/\/api.w.org\/{rel}","templated":true}]}}