{"id":66719,"date":"2019-10-21T17:03:02","date_gmt":"2019-10-21T20:03:02","guid":{"rendered":"http:\/\/diariotextual.com\/inicio\/?p=66719"},"modified":"2019-10-21T17:03:02","modified_gmt":"2019-10-21T20:03:02","slug":"dolar-rozo-los-61-anoto-decima-suba-pese-ventas-del-central","status":"publish","type":"post","link":"https:\/\/diariotextual.com\/inicio\/index.php\/2019\/10\/21\/dolar-rozo-los-61-anoto-decima-suba-pese-ventas-del-central\/","title":{"rendered":"El d\u00f3lar roz\u00f3 los $61 y anot\u00f3 su d\u00e9cima suba, pese a ventas del Central"},"content":{"rendered":"<p>El d<strong>\u00f3lar subi\u00f3 26 centavos este lunes a $60,99 en bancos y agencias de la city porte\u00f1a<\/strong>, seg\u00fan el promedio de \u00c1mbito Financiero. En el <strong>Banco de La Pampa, a trav\u00e9s del homebanking, el d\u00f3lar lleg\u00f3 a los $ 60,90 y para la compra a $ 57.<\/strong><\/p>\n<p><!--more--><\/p>\n<p>El <strong>Banco Central de la Rep\u00fablica Argentina intervino desde temprano con ventas de reservas -operadores estiman un total de u$s 160 millones- para contener el alza<\/strong> de la cotizaci\u00f3n de cara a la elecci\u00f3n presidencial del pr\u00f3ximo domingo.<\/p>\n<p>En el Banco Naci\u00f3n, el billete verde sum\u00f3 50 centavos a $60,50, mientras que en el canal electr\u00f3nico se consigui\u00f3 a $60,45.<\/p>\n<p>Asimismo, en el Mercado \u00danico y Libre de Cambios (MULC), la divisa avanz\u00f3 16 centavos a $58,51 en una jornada que registr\u00f3 el mayor volumen operado del mes.<\/p>\n<p>\u201cSe estima que el Banco Central, a pesar de que dej\u00f3 libres m\u00e1s de $55 mil millones en el mercado monetario producto del vencimiento de las Leliq, vendi\u00f3 cerca de u$s160 millones de las reservas para contener el alza de la cotizaci\u00f3n\u201d, destacaron desde ABC Mercado de Cambios.<\/p>\n<p>A su turno, Gustavo Quintana, operador de PR Corredores de Cambio, analiz\u00f3: \u201cLas <strong>expectativas derivadas del acto comicial del pr\u00f3ximo domingo mantienen la impronta compradora en el mercado por efecto de una propensi\u00f3n a tomar posiciones en moneda extranjera<\/strong> como resultado de una aversi\u00f3n al riesgo que potencia la demanda de divisas\u201d.<\/p>\n<p>Y agreg\u00f3 que el contexto actual no muestra signos de cambiar en lo que resta de la semana, por lo que <strong>se espera que la actividad del Banco Central sea intensa: \u201cCon la finalidad de evitar desbordes de la cotizaci\u00f3n por lo menos hasta el lunes pr\u00f3ximo\u201d.<\/strong><\/p>\n<p>Cabe remarcar que los precios m\u00e1ximos se anotaron a poco de comenzadas las operaciones de hoy, en los $58,58, veintitr\u00e9s centavos arriba del cierre previo. En ese marco, y como viene sucediendo en las \u00faltimas semanas, la aparici\u00f3n del Banco Central con sus habituales ventas en el sector donde operan bancos y empresas fij\u00f3 l\u00edmite preciso al techo de la impl\u00edcita banda de fluctuaci\u00f3n dispuesta para hoy.<\/p>\n<p>En esa l\u00ednea, las primeras ventas formalizadas por la autoridad monetaria, en los $58,55 se fueron corrigiendo hacia abajo durante el transcurso de la jornada, con operaciones que mermaron los precios de intervenci\u00f3n hasta hacerlos tocar m\u00ednimos en los $ 58,48.<\/p>\n<p>El volumen operado en el segmento de contado fue de u$s499 millones, el m\u00e1s alto en lo que va del mes.<\/p>\n<p>&nbsp;<\/p>\n<p><strong>D\u00f3lares<\/strong><\/p>\n<p>El <strong>d\u00f3lar blue subi\u00f3 $1 a $66,25<\/strong>,de acuerdo a un relevamiento efectuado por \u00c1mbito en cuevas de la city porte\u00f1a, por una ola vendedora de d\u00f3lares. De esta manera, <strong>la brecha con el oficial aumenta al 7,87%.<\/strong><\/p>\n<p>Por su parte, <strong>el d\u00f3lar \u00abcontado con liqui\u00bb -que surge de compra de bonos o acciones, y su posterior venta en el exterior para hacerse de divisas- sube $1,34 a $75,17y marca un spread de 28,5%<\/strong> con la divisa que cotiza en el MULC.<\/p>\n<p>Por su parte, <strong>el d\u00f3lar MEP o Bolsa asciende $1,80 a $72,06, lo que implica un spread de 23,2% frente a la cotizaci\u00f3n del MULC.<\/strong><\/p>\n","protected":false},"excerpt":{"rendered":"<p>El d\u00f3lar subi\u00f3 26 centavos este lunes a $60,99 en bancos y agencias de la city porte\u00f1a, seg\u00fan el promedio de \u00c1mbito Financiero. En el Banco de La Pampa, a&hellip;<\/p>\n","protected":false},"author":5,"featured_media":6085,"comment_status":"closed","ping_status":"open","sticky":false,"template":"","format":"standard","meta":{"_acf_changed":false,"footnotes":""},"categories":[11,5],"tags":[],"class_list":["post-66719","post","type-post","status-publish","format-standard","has-post-thumbnail","hentry","category-que-pasa","category-economia"],"acf":[],"yoast_head":"<!-- This site is optimized with the Yoast SEO plugin v27.5 - https:\/\/yoast.com\/product\/yoast-seo-wordpress\/ -->\n<title>El d\u00f3lar roz\u00f3 los $61 y anot\u00f3 su d\u00e9cima suba, pese a ventas del Central - Diario Textual<\/title>\n<meta name=\"robots\" content=\"index, follow, max-snippet:-1, max-image-preview:large, max-video-preview:-1\" \/>\n<link rel=\"canonical\" href=\"https:\/\/diariotextual.com\/inicio\/index.php\/2019\/10\/21\/dolar-rozo-los-61-anoto-decima-suba-pese-ventas-del-central\/\" \/>\n<meta property=\"og:locale\" content=\"es_ES\" \/>\n<meta property=\"og:type\" content=\"article\" \/>\n<meta property=\"og:title\" content=\"El d\u00f3lar roz\u00f3 los $61 y anot\u00f3 su d\u00e9cima suba, pese a ventas del Central - Diario Textual\" \/>\n<meta property=\"og:description\" content=\"El d\u00f3lar subi\u00f3 26 centavos este lunes a $60,99 en bancos y agencias de la city porte\u00f1a, seg\u00fan el promedio de \u00c1mbito Financiero. En el Banco de La Pampa, a&hellip;\" \/>\n<meta property=\"og:url\" content=\"https:\/\/diariotextual.com\/inicio\/index.php\/2019\/10\/21\/dolar-rozo-los-61-anoto-decima-suba-pese-ventas-del-central\/\" \/>\n<meta property=\"og:site_name\" content=\"Diario Textual\" \/>\n<meta property=\"article:publisher\" content=\"https:\/\/www.facebook.com\/eltextual\" \/>\n<meta property=\"article:published_time\" content=\"2019-10-21T20:03:02+00:00\" \/>\n<meta property=\"og:image\" content=\"https:\/\/diariotextual.com\/inicio\/wp-content\/uploads\/2018\/04\/dolarr23232.jpg\" \/>\n\t<meta property=\"og:image:width\" content=\"913\" \/>\n\t<meta property=\"og:image:height\" content=\"540\" \/>\n\t<meta property=\"og:image:type\" content=\"image\/jpeg\" \/>\n<meta name=\"author\" content=\"diario3\" \/>\n<meta name=\"twitter:card\" content=\"summary_large_image\" \/>\n<meta name=\"twitter:creator\" content=\"@eltextual\" \/>\n<meta name=\"twitter:site\" content=\"@eltextual\" \/>\n<meta name=\"twitter:label1\" content=\"Escrito por\" \/>\n\t<meta name=\"twitter:data1\" content=\"diario3\" \/>\n\t<meta name=\"twitter:label2\" content=\"Tiempo de lectura\" \/>\n\t<meta name=\"twitter:data2\" content=\"3 minutos\" \/>\n<script type=\"application\/ld+json\" class=\"yoast-schema-graph\">{\"@context\":\"https:\\\/\\\/schema.org\",\"@graph\":[{\"@type\":\"Article\",\"@id\":\"https:\\\/\\\/diariotextual.com\\\/inicio\\\/index.php\\\/2019\\\/10\\\/21\\\/dolar-rozo-los-61-anoto-decima-suba-pese-ventas-del-central\\\/#article\",\"isPartOf\":{\"@id\":\"https:\\\/\\\/diariotextual.com\\\/inicio\\\/index.php\\\/2019\\\/10\\\/21\\\/dolar-rozo-los-61-anoto-decima-suba-pese-ventas-del-central\\\/\"},\"author\":{\"name\":\"diario3\",\"@id\":\"https:\\\/\\\/diariotextual.com\\\/inicio\\\/#\\\/schema\\\/person\\\/a1b6f563e0ee944c60f98119389a4d9f\"},\"headline\":\"El d\u00f3lar roz\u00f3 los $61 y anot\u00f3 su d\u00e9cima suba, pese a ventas del Central\",\"datePublished\":\"2019-10-21T20:03:02+00:00\",\"mainEntityOfPage\":{\"@id\":\"https:\\\/\\\/diariotextual.com\\\/inicio\\\/index.php\\\/2019\\\/10\\\/21\\\/dolar-rozo-los-61-anoto-decima-suba-pese-ventas-del-central\\\/\"},\"wordCount\":549,\"publisher\":{\"@id\":\"https:\\\/\\\/diariotextual.com\\\/inicio\\\/#organization\"},\"image\":{\"@id\":\"https:\\\/\\\/diariotextual.com\\\/inicio\\\/index.php\\\/2019\\\/10\\\/21\\\/dolar-rozo-los-61-anoto-decima-suba-pese-ventas-del-central\\\/#primaryimage\"},\"thumbnailUrl\":\"https:\\\/\\\/diariotextual.com\\\/inicio\\\/wp-content\\\/uploads\\\/2018\\\/04\\\/dolarr23232.jpg\",\"articleSection\":[\"A - QUE PASA (al costado)\",\"ECONOMIA\"],\"inLanguage\":\"es\"},{\"@type\":\"WebPage\",\"@id\":\"https:\\\/\\\/diariotextual.com\\\/inicio\\\/index.php\\\/2019\\\/10\\\/21\\\/dolar-rozo-los-61-anoto-decima-suba-pese-ventas-del-central\\\/\",\"url\":\"https:\\\/\\\/diariotextual.com\\\/inicio\\\/index.php\\\/2019\\\/10\\\/21\\\/dolar-rozo-los-61-anoto-decima-suba-pese-ventas-del-central\\\/\",\"name\":\"El d\u00f3lar roz\u00f3 los $61 y anot\u00f3 su d\u00e9cima suba, pese a ventas del Central - Diario Textual\",\"isPartOf\":{\"@id\":\"https:\\\/\\\/diariotextual.com\\\/inicio\\\/#website\"},\"primaryImageOfPage\":{\"@id\":\"https:\\\/\\\/diariotextual.com\\\/inicio\\\/index.php\\\/2019\\\/10\\\/21\\\/dolar-rozo-los-61-anoto-decima-suba-pese-ventas-del-central\\\/#primaryimage\"},\"image\":{\"@id\":\"https:\\\/\\\/diariotextual.com\\\/inicio\\\/index.php\\\/2019\\\/10\\\/21\\\/dolar-rozo-los-61-anoto-decima-suba-pese-ventas-del-central\\\/#primaryimage\"},\"thumbnailUrl\":\"https:\\\/\\\/diariotextual.com\\\/inicio\\\/wp-content\\\/uploads\\\/2018\\\/04\\\/dolarr23232.jpg\",\"datePublished\":\"2019-10-21T20:03:02+00:00\",\"breadcrumb\":{\"@id\":\"https:\\\/\\\/diariotextual.com\\\/inicio\\\/index.php\\\/2019\\\/10\\\/21\\\/dolar-rozo-los-61-anoto-decima-suba-pese-ventas-del-central\\\/#breadcrumb\"},\"inLanguage\":\"es\",\"potentialAction\":[{\"@type\":\"ReadAction\",\"target\":[\"https:\\\/\\\/diariotextual.com\\\/inicio\\\/index.php\\\/2019\\\/10\\\/21\\\/dolar-rozo-los-61-anoto-decima-suba-pese-ventas-del-central\\\/\"]}]},{\"@type\":\"ImageObject\",\"inLanguage\":\"es\",\"@id\":\"https:\\\/\\\/diariotextual.com\\\/inicio\\\/index.php\\\/2019\\\/10\\\/21\\\/dolar-rozo-los-61-anoto-decima-suba-pese-ventas-del-central\\\/#primaryimage\",\"url\":\"https:\\\/\\\/diariotextual.com\\\/inicio\\\/wp-content\\\/uploads\\\/2018\\\/04\\\/dolarr23232.jpg\",\"contentUrl\":\"https:\\\/\\\/diariotextual.com\\\/inicio\\\/wp-content\\\/uploads\\\/2018\\\/04\\\/dolarr23232.jpg\",\"width\":913,\"height\":540},{\"@type\":\"BreadcrumbList\",\"@id\":\"https:\\\/\\\/diariotextual.com\\\/inicio\\\/index.php\\\/2019\\\/10\\\/21\\\/dolar-rozo-los-61-anoto-decima-suba-pese-ventas-del-central\\\/#breadcrumb\",\"itemListElement\":[{\"@type\":\"ListItem\",\"position\":1,\"name\":\"Portada\",\"item\":\"https:\\\/\\\/diariotextual.com\\\/inicio\\\/\"},{\"@type\":\"ListItem\",\"position\":2,\"name\":\"El d\u00f3lar roz\u00f3 los $61 y anot\u00f3 su d\u00e9cima suba, pese a ventas del Central\"}]},{\"@type\":\"WebSite\",\"@id\":\"https:\\\/\\\/diariotextual.com\\\/inicio\\\/#website\",\"url\":\"https:\\\/\\\/diariotextual.com\\\/inicio\\\/\",\"name\":\"Diario Textual\",\"description\":\"\",\"publisher\":{\"@id\":\"https:\\\/\\\/diariotextual.com\\\/inicio\\\/#organization\"},\"potentialAction\":[{\"@type\":\"SearchAction\",\"target\":{\"@type\":\"EntryPoint\",\"urlTemplate\":\"https:\\\/\\\/diariotextual.com\\\/inicio\\\/?s={search_term_string}\"},\"query-input\":{\"@type\":\"PropertyValueSpecification\",\"valueRequired\":true,\"valueName\":\"search_term_string\"}}],\"inLanguage\":\"es\"},{\"@type\":\"Organization\",\"@id\":\"https:\\\/\\\/diariotextual.com\\\/inicio\\\/#organization\",\"name\":\"Diario Textual\",\"url\":\"https:\\\/\\\/diariotextual.com\\\/inicio\\\/\",\"logo\":{\"@type\":\"ImageObject\",\"inLanguage\":\"es\",\"@id\":\"https:\\\/\\\/diariotextual.com\\\/inicio\\\/#\\\/schema\\\/logo\\\/image\\\/\",\"url\":\"https:\\\/\\\/diariotextual.com\\\/inicio\\\/wp-content\\\/uploads\\\/2023\\\/05\\\/logotextual1.jpg\",\"contentUrl\":\"https:\\\/\\\/diariotextual.com\\\/inicio\\\/wp-content\\\/uploads\\\/2023\\\/05\\\/logotextual1.jpg\",\"width\":516,\"height\":76,\"caption\":\"Diario Textual\"},\"image\":{\"@id\":\"https:\\\/\\\/diariotextual.com\\\/inicio\\\/#\\\/schema\\\/logo\\\/image\\\/\"},\"sameAs\":[\"https:\\\/\\\/www.facebook.com\\\/eltextual\",\"https:\\\/\\\/x.com\\\/eltextual\",\"http:\\\/\\\/www.instagram.com\\\/eltextual\"]},{\"@type\":\"Person\",\"@id\":\"https:\\\/\\\/diariotextual.com\\\/inicio\\\/#\\\/schema\\\/person\\\/a1b6f563e0ee944c60f98119389a4d9f\",\"name\":\"diario3\",\"image\":{\"@type\":\"ImageObject\",\"inLanguage\":\"es\",\"@id\":\"https:\\\/\\\/secure.gravatar.com\\\/avatar\\\/5e7ee62c82fc04d9dd79d746a390d93c69c43223e5faeeb3ea9461ef752bfc5d?s=96&d=mm&r=g\",\"url\":\"https:\\\/\\\/secure.gravatar.com\\\/avatar\\\/5e7ee62c82fc04d9dd79d746a390d93c69c43223e5faeeb3ea9461ef752bfc5d?s=96&d=mm&r=g\",\"contentUrl\":\"https:\\\/\\\/secure.gravatar.com\\\/avatar\\\/5e7ee62c82fc04d9dd79d746a390d93c69c43223e5faeeb3ea9461ef752bfc5d?s=96&d=mm&r=g\",\"caption\":\"diario3\"},\"url\":\"https:\\\/\\\/diariotextual.com\\\/inicio\\\/index.php\\\/author\\\/diario3\\\/\"}]}<\/script>\n<!-- \/ Yoast SEO plugin. -->","yoast_head_json":{"title":"El d\u00f3lar roz\u00f3 los $61 y anot\u00f3 su d\u00e9cima suba, pese a ventas del Central - Diario Textual","robots":{"index":"index","follow":"follow","max-snippet":"max-snippet:-1","max-image-preview":"max-image-preview:large","max-video-preview":"max-video-preview:-1"},"canonical":"https:\/\/diariotextual.com\/inicio\/index.php\/2019\/10\/21\/dolar-rozo-los-61-anoto-decima-suba-pese-ventas-del-central\/","og_locale":"es_ES","og_type":"article","og_title":"El d\u00f3lar roz\u00f3 los $61 y anot\u00f3 su d\u00e9cima suba, pese a ventas del Central - Diario Textual","og_description":"El d\u00f3lar subi\u00f3 26 centavos este lunes a $60,99 en bancos y agencias de la city porte\u00f1a, seg\u00fan el promedio de \u00c1mbito Financiero. En el Banco de La Pampa, a&hellip;","og_url":"https:\/\/diariotextual.com\/inicio\/index.php\/2019\/10\/21\/dolar-rozo-los-61-anoto-decima-suba-pese-ventas-del-central\/","og_site_name":"Diario Textual","article_publisher":"https:\/\/www.facebook.com\/eltextual","article_published_time":"2019-10-21T20:03:02+00:00","og_image":[{"width":913,"height":540,"url":"https:\/\/diariotextual.com\/inicio\/wp-content\/uploads\/2018\/04\/dolarr23232.jpg","type":"image\/jpeg"}],"author":"diario3","twitter_card":"summary_large_image","twitter_creator":"@eltextual","twitter_site":"@eltextual","twitter_misc":{"Escrito por":"diario3","Tiempo de lectura":"3 minutos"},"schema":{"@context":"https:\/\/schema.org","@graph":[{"@type":"Article","@id":"https:\/\/diariotextual.com\/inicio\/index.php\/2019\/10\/21\/dolar-rozo-los-61-anoto-decima-suba-pese-ventas-del-central\/#article","isPartOf":{"@id":"https:\/\/diariotextual.com\/inicio\/index.php\/2019\/10\/21\/dolar-rozo-los-61-anoto-decima-suba-pese-ventas-del-central\/"},"author":{"name":"diario3","@id":"https:\/\/diariotextual.com\/inicio\/#\/schema\/person\/a1b6f563e0ee944c60f98119389a4d9f"},"headline":"El d\u00f3lar roz\u00f3 los $61 y anot\u00f3 su d\u00e9cima suba, pese a ventas del Central","datePublished":"2019-10-21T20:03:02+00:00","mainEntityOfPage":{"@id":"https:\/\/diariotextual.com\/inicio\/index.php\/2019\/10\/21\/dolar-rozo-los-61-anoto-decima-suba-pese-ventas-del-central\/"},"wordCount":549,"publisher":{"@id":"https:\/\/diariotextual.com\/inicio\/#organization"},"image":{"@id":"https:\/\/diariotextual.com\/inicio\/index.php\/2019\/10\/21\/dolar-rozo-los-61-anoto-decima-suba-pese-ventas-del-central\/#primaryimage"},"thumbnailUrl":"https:\/\/diariotextual.com\/inicio\/wp-content\/uploads\/2018\/04\/dolarr23232.jpg","articleSection":["A - QUE PASA (al costado)","ECONOMIA"],"inLanguage":"es"},{"@type":"WebPage","@id":"https:\/\/diariotextual.com\/inicio\/index.php\/2019\/10\/21\/dolar-rozo-los-61-anoto-decima-suba-pese-ventas-del-central\/","url":"https:\/\/diariotextual.com\/inicio\/index.php\/2019\/10\/21\/dolar-rozo-los-61-anoto-decima-suba-pese-ventas-del-central\/","name":"El d\u00f3lar roz\u00f3 los $61 y anot\u00f3 su d\u00e9cima suba, pese a ventas del Central - Diario Textual","isPartOf":{"@id":"https:\/\/diariotextual.com\/inicio\/#website"},"primaryImageOfPage":{"@id":"https:\/\/diariotextual.com\/inicio\/index.php\/2019\/10\/21\/dolar-rozo-los-61-anoto-decima-suba-pese-ventas-del-central\/#primaryimage"},"image":{"@id":"https:\/\/diariotextual.com\/inicio\/index.php\/2019\/10\/21\/dolar-rozo-los-61-anoto-decima-suba-pese-ventas-del-central\/#primaryimage"},"thumbnailUrl":"https:\/\/diariotextual.com\/inicio\/wp-content\/uploads\/2018\/04\/dolarr23232.jpg","datePublished":"2019-10-21T20:03:02+00:00","breadcrumb":{"@id":"https:\/\/diariotextual.com\/inicio\/index.php\/2019\/10\/21\/dolar-rozo-los-61-anoto-decima-suba-pese-ventas-del-central\/#breadcrumb"},"inLanguage":"es","potentialAction":[{"@type":"ReadAction","target":["https:\/\/diariotextual.com\/inicio\/index.php\/2019\/10\/21\/dolar-rozo-los-61-anoto-decima-suba-pese-ventas-del-central\/"]}]},{"@type":"ImageObject","inLanguage":"es","@id":"https:\/\/diariotextual.com\/inicio\/index.php\/2019\/10\/21\/dolar-rozo-los-61-anoto-decima-suba-pese-ventas-del-central\/#primaryimage","url":"https:\/\/diariotextual.com\/inicio\/wp-content\/uploads\/2018\/04\/dolarr23232.jpg","contentUrl":"https:\/\/diariotextual.com\/inicio\/wp-content\/uploads\/2018\/04\/dolarr23232.jpg","width":913,"height":540},{"@type":"BreadcrumbList","@id":"https:\/\/diariotextual.com\/inicio\/index.php\/2019\/10\/21\/dolar-rozo-los-61-anoto-decima-suba-pese-ventas-del-central\/#breadcrumb","itemListElement":[{"@type":"ListItem","position":1,"name":"Portada","item":"https:\/\/diariotextual.com\/inicio\/"},{"@type":"ListItem","position":2,"name":"El d\u00f3lar roz\u00f3 los $61 y anot\u00f3 su d\u00e9cima suba, pese a ventas del Central"}]},{"@type":"WebSite","@id":"https:\/\/diariotextual.com\/inicio\/#website","url":"https:\/\/diariotextual.com\/inicio\/","name":"Diario Textual","description":"","publisher":{"@id":"https:\/\/diariotextual.com\/inicio\/#organization"},"potentialAction":[{"@type":"SearchAction","target":{"@type":"EntryPoint","urlTemplate":"https:\/\/diariotextual.com\/inicio\/?s={search_term_string}"},"query-input":{"@type":"PropertyValueSpecification","valueRequired":true,"valueName":"search_term_string"}}],"inLanguage":"es"},{"@type":"Organization","@id":"https:\/\/diariotextual.com\/inicio\/#organization","name":"Diario Textual","url":"https:\/\/diariotextual.com\/inicio\/","logo":{"@type":"ImageObject","inLanguage":"es","@id":"https:\/\/diariotextual.com\/inicio\/#\/schema\/logo\/image\/","url":"https:\/\/diariotextual.com\/inicio\/wp-content\/uploads\/2023\/05\/logotextual1.jpg","contentUrl":"https:\/\/diariotextual.com\/inicio\/wp-content\/uploads\/2023\/05\/logotextual1.jpg","width":516,"height":76,"caption":"Diario Textual"},"image":{"@id":"https:\/\/diariotextual.com\/inicio\/#\/schema\/logo\/image\/"},"sameAs":["https:\/\/www.facebook.com\/eltextual","https:\/\/x.com\/eltextual","http:\/\/www.instagram.com\/eltextual"]},{"@type":"Person","@id":"https:\/\/diariotextual.com\/inicio\/#\/schema\/person\/a1b6f563e0ee944c60f98119389a4d9f","name":"diario3","image":{"@type":"ImageObject","inLanguage":"es","@id":"https:\/\/secure.gravatar.com\/avatar\/5e7ee62c82fc04d9dd79d746a390d93c69c43223e5faeeb3ea9461ef752bfc5d?s=96&d=mm&r=g","url":"https:\/\/secure.gravatar.com\/avatar\/5e7ee62c82fc04d9dd79d746a390d93c69c43223e5faeeb3ea9461ef752bfc5d?s=96&d=mm&r=g","contentUrl":"https:\/\/secure.gravatar.com\/avatar\/5e7ee62c82fc04d9dd79d746a390d93c69c43223e5faeeb3ea9461ef752bfc5d?s=96&d=mm&r=g","caption":"diario3"},"url":"https:\/\/diariotextual.com\/inicio\/index.php\/author\/diario3\/"}]}},"_links":{"self":[{"href":"https:\/\/diariotextual.com\/inicio\/index.php\/wp-json\/wp\/v2\/posts\/66719","targetHints":{"allow":["GET"]}}],"collection":[{"href":"https:\/\/diariotextual.com\/inicio\/index.php\/wp-json\/wp\/v2\/posts"}],"about":[{"href":"https:\/\/diariotextual.com\/inicio\/index.php\/wp-json\/wp\/v2\/types\/post"}],"author":[{"embeddable":true,"href":"https:\/\/diariotextual.com\/inicio\/index.php\/wp-json\/wp\/v2\/users\/5"}],"replies":[{"embeddable":true,"href":"https:\/\/diariotextual.com\/inicio\/index.php\/wp-json\/wp\/v2\/comments?post=66719"}],"version-history":[{"count":1,"href":"https:\/\/diariotextual.com\/inicio\/index.php\/wp-json\/wp\/v2\/posts\/66719\/revisions"}],"predecessor-version":[{"id":66720,"href":"https:\/\/diariotextual.com\/inicio\/index.php\/wp-json\/wp\/v2\/posts\/66719\/revisions\/66720"}],"wp:featuredmedia":[{"embeddable":true,"href":"https:\/\/diariotextual.com\/inicio\/index.php\/wp-json\/wp\/v2\/media\/6085"}],"wp:attachment":[{"href":"https:\/\/diariotextual.com\/inicio\/index.php\/wp-json\/wp\/v2\/media?parent=66719"}],"wp:term":[{"taxonomy":"category","embeddable":true,"href":"https:\/\/diariotextual.com\/inicio\/index.php\/wp-json\/wp\/v2\/categories?post=66719"},{"taxonomy":"post_tag","embeddable":true,"href":"https:\/\/diariotextual.com\/inicio\/index.php\/wp-json\/wp\/v2\/tags?post=66719"}],"curies":[{"name":"wp","href":"https:\/\/api.w.org\/{rel}","templated":true}]}}