{"id":67071,"date":"2019-10-24T17:26:13","date_gmt":"2019-10-24T20:26:13","guid":{"rendered":"http:\/\/diariotextual.com\/inicio\/?p=67071"},"modified":"2019-10-24T21:24:58","modified_gmt":"2019-10-25T00:24:58","slug":"la-economia-cayo-38-acumulo-una-merma-23-8-meses","status":"publish","type":"post","link":"https:\/\/diariotextual.com\/inicio\/index.php\/2019\/10\/24\/la-economia-cayo-38-acumulo-una-merma-23-8-meses\/","title":{"rendered":"La econom\u00eda cay\u00f3 3,8% y acumul\u00f3 una merma de 2,3% en 8 meses"},"content":{"rendered":"<p>El <strong>Estimador Mensual de la Actividad Econ\u00f3mica (EMAE) cay\u00f3 un 3,8% interanual en agosto<\/strong>, inform\u00f3 este jueves el Instituto Nacional de Estad\u00edstica y Censos (INDEC), dato que <strong>fue peor al esperado por el mercado.<\/strong><\/p>\n<p><!--more--><\/p>\n<p>En <strong>agosto el EMAE cay\u00f3 un 1% respecto al mes anterior, mientras que en los primeros ocho meses del a\u00f1o registr\u00f3 un retroceso del 2,3% comparado a igual per\u00edodo del 2018<\/strong>, a\u00f1adi\u00f3 el ente oficial de estad\u00edsticas, public\u00f3 el diario \u00c1mbito Financiero.<\/p>\n<p>En el acumulado del a\u00f1o, <strong>el INDEC refiri\u00f3 que la actividad econ\u00f3mica acumul\u00f3 entre enero y agosto una baja de 2,3% respecto del acumulado de igual per\u00edodo del a\u00f1o anterior.<\/strong><\/p>\n<p>En <strong>agosto, el EMAE interrumpi\u00f3 una moderada recuperaci\u00f3n de tres meses consecutivos con n\u00fameros positivos en la comparaci\u00f3n interanual, observados en mayo (+2,7%), junio (+0,3%) y julio (+0,5%)<\/strong>, b\u00e1sicamente por el desempe\u00f1o positivo del agro, con r\u00e9cord de producci\u00f3n en la campa\u00f1a 2018\/2019, despu\u00e9s de la hist\u00f3rica sequ\u00eda que perjudic\u00f3 los cultivos en el verano del a\u00f1o pasado.<\/p>\n<p>En agosto fueron los \u00edtems Agricultura, ganader\u00eda, caza y silvicultura, con un crecimiento interanual de 6,5%, y Explotaci\u00f3n de minas y canteras (+3,8%) los que contribuyeron a atenuar el importante retroceso de la actividad. Intermediaci\u00f3n financiera (-16,4% interanual), Comercio mayorista, minorista y reparaciones (-8,8%), e Industria manufacturera (-6,6%) fueron los rubros que exhibieron las mayores ca\u00eddas.<\/p>\n<p>Analistas consultados por Reuters coincidieron en que la<strong> ya golpeada econom\u00eda del pa\u00eds podr\u00eda no registrar mejoras en lo que resta del a\u00f1o, con un arrastre recesivo tambi\u00e9n para el 2020.<\/strong><\/p>\n<p>\u201cLos <strong>datos de agosto muestran una aceleraci\u00f3n en la contracci\u00f3n de la actividad, evidenciando el golpe que signific\u00f3 la depreciaci\u00f3n del peso en la marcha econ\u00f3mica<\/strong>\u201d, afirm\u00f3 la consultora Orlando Ferreres &amp; Asociados en un reporte.<\/p>\n<p>La <strong>econom\u00eda argentina se vio afectada por una importante devaluaci\u00f3n del peso, un d\u00eda despu\u00e9s de las elecciones primarias del 11 de agosto, cuando el candidato opositor, Alberto Fern\u00e1ndez, del Frente de Todos, obtuvo un s\u00f3lido resultado<\/strong> y alej\u00f3 las posibilidades de reelecci\u00f3n del actual mandatario, Mauricio Macri.<\/p>\n<p>Cabe recordar que<strong> el d\u00f3lar mayorista se encareci\u00f3 un 36,6% durante agosto, para acumular una ganancia de cercana al 58% en los primeros ocho meses de 2019, tras una apreciaci\u00f3n del 101% en 2018.<\/strong><\/p>\n<p>\u201cPara los meses que restan del a\u00f1o no se espera un mejoramiento de las condiciones macroecon\u00f3micas; anticip\u00e1ndose que contin\u00fae el traslado a precios de la fuerte devaluaci\u00f3n (&#8230;), la actividad econ\u00f3mica seguir\u00e1 muy d\u00e9bil, y solo la baja base de comparaci\u00f3n atenuar\u00e1 las cifras negativas de los \u00faltimos meses del a\u00f1o\u201d, a\u00f1adi\u00f3 Ferreres.<\/p>\n","protected":false},"excerpt":{"rendered":"<p>El Estimador Mensual de la Actividad Econ\u00f3mica (EMAE) cay\u00f3 un 3,8% interanual en agosto, inform\u00f3 este jueves el Instituto Nacional de Estad\u00edstica y Censos (INDEC), dato que fue peor al&hellip;<\/p>\n","protected":false},"author":5,"featured_media":67072,"comment_status":"closed","ping_status":"open","sticky":false,"template":"","format":"standard","meta":{"_acf_changed":false,"footnotes":""},"categories":[11,5],"tags":[],"class_list":["post-67071","post","type-post","status-publish","format-standard","has-post-thumbnail","hentry","category-que-pasa","category-economia"],"acf":[],"yoast_head":"<!-- This site is optimized with the Yoast SEO plugin v27.5 - https:\/\/yoast.com\/product\/yoast-seo-wordpress\/ -->\n<title>La econom\u00eda cay\u00f3 3,8% y acumul\u00f3 una merma de 2,3% en 8 meses - Diario Textual<\/title>\n<meta name=\"robots\" content=\"index, follow, max-snippet:-1, max-image-preview:large, max-video-preview:-1\" \/>\n<link rel=\"canonical\" href=\"https:\/\/diariotextual.com\/inicio\/index.php\/2019\/10\/24\/la-economia-cayo-38-acumulo-una-merma-23-8-meses\/\" \/>\n<meta property=\"og:locale\" content=\"es_ES\" \/>\n<meta property=\"og:type\" content=\"article\" \/>\n<meta property=\"og:title\" content=\"La econom\u00eda cay\u00f3 3,8% y acumul\u00f3 una merma de 2,3% en 8 meses - Diario Textual\" \/>\n<meta property=\"og:description\" content=\"El Estimador Mensual de la Actividad Econ\u00f3mica (EMAE) cay\u00f3 un 3,8% interanual en agosto, inform\u00f3 este jueves el Instituto Nacional de Estad\u00edstica y Censos (INDEC), dato que fue peor al&hellip;\" \/>\n<meta property=\"og:url\" content=\"https:\/\/diariotextual.com\/inicio\/index.php\/2019\/10\/24\/la-economia-cayo-38-acumulo-una-merma-23-8-meses\/\" \/>\n<meta property=\"og:site_name\" content=\"Diario Textual\" \/>\n<meta property=\"article:publisher\" content=\"https:\/\/www.facebook.com\/eltextual\" \/>\n<meta property=\"article:published_time\" content=\"2019-10-24T20:26:13+00:00\" \/>\n<meta property=\"article:modified_time\" content=\"2019-10-25T00:24:58+00:00\" \/>\n<meta property=\"og:image\" content=\"https:\/\/diariotextual.com\/inicio\/wp-content\/uploads\/2019\/10\/industriaparada.jpg\" \/>\n\t<meta property=\"og:image:width\" content=\"700\" \/>\n\t<meta property=\"og:image:height\" content=\"469\" \/>\n\t<meta property=\"og:image:type\" content=\"image\/jpeg\" \/>\n<meta name=\"author\" content=\"diario3\" \/>\n<meta name=\"twitter:card\" content=\"summary_large_image\" \/>\n<meta name=\"twitter:creator\" content=\"@eltextual\" \/>\n<meta name=\"twitter:site\" content=\"@eltextual\" \/>\n<meta name=\"twitter:label1\" content=\"Escrito por\" \/>\n\t<meta name=\"twitter:data1\" content=\"diario3\" \/>\n\t<meta name=\"twitter:label2\" content=\"Tiempo de lectura\" \/>\n\t<meta name=\"twitter:data2\" content=\"2 minutos\" \/>\n<script type=\"application\/ld+json\" class=\"yoast-schema-graph\">{\"@context\":\"https:\\\/\\\/schema.org\",\"@graph\":[{\"@type\":\"Article\",\"@id\":\"https:\\\/\\\/diariotextual.com\\\/inicio\\\/index.php\\\/2019\\\/10\\\/24\\\/la-economia-cayo-38-acumulo-una-merma-23-8-meses\\\/#article\",\"isPartOf\":{\"@id\":\"https:\\\/\\\/diariotextual.com\\\/inicio\\\/index.php\\\/2019\\\/10\\\/24\\\/la-economia-cayo-38-acumulo-una-merma-23-8-meses\\\/\"},\"author\":{\"name\":\"diario3\",\"@id\":\"https:\\\/\\\/diariotextual.com\\\/inicio\\\/#\\\/schema\\\/person\\\/a1b6f563e0ee944c60f98119389a4d9f\"},\"headline\":\"La econom\u00eda cay\u00f3 3,8% y acumul\u00f3 una merma de 2,3% en 8 meses\",\"datePublished\":\"2019-10-24T20:26:13+00:00\",\"dateModified\":\"2019-10-25T00:24:58+00:00\",\"mainEntityOfPage\":{\"@id\":\"https:\\\/\\\/diariotextual.com\\\/inicio\\\/index.php\\\/2019\\\/10\\\/24\\\/la-economia-cayo-38-acumulo-una-merma-23-8-meses\\\/\"},\"wordCount\":468,\"publisher\":{\"@id\":\"https:\\\/\\\/diariotextual.com\\\/inicio\\\/#organization\"},\"image\":{\"@id\":\"https:\\\/\\\/diariotextual.com\\\/inicio\\\/index.php\\\/2019\\\/10\\\/24\\\/la-economia-cayo-38-acumulo-una-merma-23-8-meses\\\/#primaryimage\"},\"thumbnailUrl\":\"https:\\\/\\\/diariotextual.com\\\/inicio\\\/wp-content\\\/uploads\\\/2019\\\/10\\\/industriaparada.jpg\",\"articleSection\":[\"A - QUE PASA (al costado)\",\"ECONOMIA\"],\"inLanguage\":\"es\"},{\"@type\":\"WebPage\",\"@id\":\"https:\\\/\\\/diariotextual.com\\\/inicio\\\/index.php\\\/2019\\\/10\\\/24\\\/la-economia-cayo-38-acumulo-una-merma-23-8-meses\\\/\",\"url\":\"https:\\\/\\\/diariotextual.com\\\/inicio\\\/index.php\\\/2019\\\/10\\\/24\\\/la-economia-cayo-38-acumulo-una-merma-23-8-meses\\\/\",\"name\":\"La econom\u00eda cay\u00f3 3,8% y acumul\u00f3 una merma de 2,3% en 8 meses - Diario Textual\",\"isPartOf\":{\"@id\":\"https:\\\/\\\/diariotextual.com\\\/inicio\\\/#website\"},\"primaryImageOfPage\":{\"@id\":\"https:\\\/\\\/diariotextual.com\\\/inicio\\\/index.php\\\/2019\\\/10\\\/24\\\/la-economia-cayo-38-acumulo-una-merma-23-8-meses\\\/#primaryimage\"},\"image\":{\"@id\":\"https:\\\/\\\/diariotextual.com\\\/inicio\\\/index.php\\\/2019\\\/10\\\/24\\\/la-economia-cayo-38-acumulo-una-merma-23-8-meses\\\/#primaryimage\"},\"thumbnailUrl\":\"https:\\\/\\\/diariotextual.com\\\/inicio\\\/wp-content\\\/uploads\\\/2019\\\/10\\\/industriaparada.jpg\",\"datePublished\":\"2019-10-24T20:26:13+00:00\",\"dateModified\":\"2019-10-25T00:24:58+00:00\",\"breadcrumb\":{\"@id\":\"https:\\\/\\\/diariotextual.com\\\/inicio\\\/index.php\\\/2019\\\/10\\\/24\\\/la-economia-cayo-38-acumulo-una-merma-23-8-meses\\\/#breadcrumb\"},\"inLanguage\":\"es\",\"potentialAction\":[{\"@type\":\"ReadAction\",\"target\":[\"https:\\\/\\\/diariotextual.com\\\/inicio\\\/index.php\\\/2019\\\/10\\\/24\\\/la-economia-cayo-38-acumulo-una-merma-23-8-meses\\\/\"]}]},{\"@type\":\"ImageObject\",\"inLanguage\":\"es\",\"@id\":\"https:\\\/\\\/diariotextual.com\\\/inicio\\\/index.php\\\/2019\\\/10\\\/24\\\/la-economia-cayo-38-acumulo-una-merma-23-8-meses\\\/#primaryimage\",\"url\":\"https:\\\/\\\/diariotextual.com\\\/inicio\\\/wp-content\\\/uploads\\\/2019\\\/10\\\/industriaparada.jpg\",\"contentUrl\":\"https:\\\/\\\/diariotextual.com\\\/inicio\\\/wp-content\\\/uploads\\\/2019\\\/10\\\/industriaparada.jpg\",\"width\":700,\"height\":469},{\"@type\":\"BreadcrumbList\",\"@id\":\"https:\\\/\\\/diariotextual.com\\\/inicio\\\/index.php\\\/2019\\\/10\\\/24\\\/la-economia-cayo-38-acumulo-una-merma-23-8-meses\\\/#breadcrumb\",\"itemListElement\":[{\"@type\":\"ListItem\",\"position\":1,\"name\":\"Portada\",\"item\":\"https:\\\/\\\/diariotextual.com\\\/inicio\\\/\"},{\"@type\":\"ListItem\",\"position\":2,\"name\":\"La econom\u00eda cay\u00f3 3,8% y acumul\u00f3 una merma de 2,3% en 8 meses\"}]},{\"@type\":\"WebSite\",\"@id\":\"https:\\\/\\\/diariotextual.com\\\/inicio\\\/#website\",\"url\":\"https:\\\/\\\/diariotextual.com\\\/inicio\\\/\",\"name\":\"Diario Textual\",\"description\":\"\",\"publisher\":{\"@id\":\"https:\\\/\\\/diariotextual.com\\\/inicio\\\/#organization\"},\"potentialAction\":[{\"@type\":\"SearchAction\",\"target\":{\"@type\":\"EntryPoint\",\"urlTemplate\":\"https:\\\/\\\/diariotextual.com\\\/inicio\\\/?s={search_term_string}\"},\"query-input\":{\"@type\":\"PropertyValueSpecification\",\"valueRequired\":true,\"valueName\":\"search_term_string\"}}],\"inLanguage\":\"es\"},{\"@type\":\"Organization\",\"@id\":\"https:\\\/\\\/diariotextual.com\\\/inicio\\\/#organization\",\"name\":\"Diario Textual\",\"url\":\"https:\\\/\\\/diariotextual.com\\\/inicio\\\/\",\"logo\":{\"@type\":\"ImageObject\",\"inLanguage\":\"es\",\"@id\":\"https:\\\/\\\/diariotextual.com\\\/inicio\\\/#\\\/schema\\\/logo\\\/image\\\/\",\"url\":\"https:\\\/\\\/diariotextual.com\\\/inicio\\\/wp-content\\\/uploads\\\/2023\\\/05\\\/logotextual1.jpg\",\"contentUrl\":\"https:\\\/\\\/diariotextual.com\\\/inicio\\\/wp-content\\\/uploads\\\/2023\\\/05\\\/logotextual1.jpg\",\"width\":516,\"height\":76,\"caption\":\"Diario Textual\"},\"image\":{\"@id\":\"https:\\\/\\\/diariotextual.com\\\/inicio\\\/#\\\/schema\\\/logo\\\/image\\\/\"},\"sameAs\":[\"https:\\\/\\\/www.facebook.com\\\/eltextual\",\"https:\\\/\\\/x.com\\\/eltextual\",\"http:\\\/\\\/www.instagram.com\\\/eltextual\"]},{\"@type\":\"Person\",\"@id\":\"https:\\\/\\\/diariotextual.com\\\/inicio\\\/#\\\/schema\\\/person\\\/a1b6f563e0ee944c60f98119389a4d9f\",\"name\":\"diario3\",\"image\":{\"@type\":\"ImageObject\",\"inLanguage\":\"es\",\"@id\":\"https:\\\/\\\/secure.gravatar.com\\\/avatar\\\/5e7ee62c82fc04d9dd79d746a390d93c69c43223e5faeeb3ea9461ef752bfc5d?s=96&d=mm&r=g\",\"url\":\"https:\\\/\\\/secure.gravatar.com\\\/avatar\\\/5e7ee62c82fc04d9dd79d746a390d93c69c43223e5faeeb3ea9461ef752bfc5d?s=96&d=mm&r=g\",\"contentUrl\":\"https:\\\/\\\/secure.gravatar.com\\\/avatar\\\/5e7ee62c82fc04d9dd79d746a390d93c69c43223e5faeeb3ea9461ef752bfc5d?s=96&d=mm&r=g\",\"caption\":\"diario3\"},\"url\":\"https:\\\/\\\/diariotextual.com\\\/inicio\\\/index.php\\\/author\\\/diario3\\\/\"}]}<\/script>\n<!-- \/ Yoast SEO plugin. -->","yoast_head_json":{"title":"La econom\u00eda cay\u00f3 3,8% y acumul\u00f3 una merma de 2,3% en 8 meses - Diario Textual","robots":{"index":"index","follow":"follow","max-snippet":"max-snippet:-1","max-image-preview":"max-image-preview:large","max-video-preview":"max-video-preview:-1"},"canonical":"https:\/\/diariotextual.com\/inicio\/index.php\/2019\/10\/24\/la-economia-cayo-38-acumulo-una-merma-23-8-meses\/","og_locale":"es_ES","og_type":"article","og_title":"La econom\u00eda cay\u00f3 3,8% y acumul\u00f3 una merma de 2,3% en 8 meses - Diario Textual","og_description":"El Estimador Mensual de la Actividad Econ\u00f3mica (EMAE) cay\u00f3 un 3,8% interanual en agosto, inform\u00f3 este jueves el Instituto Nacional de Estad\u00edstica y Censos (INDEC), dato que fue peor al&hellip;","og_url":"https:\/\/diariotextual.com\/inicio\/index.php\/2019\/10\/24\/la-economia-cayo-38-acumulo-una-merma-23-8-meses\/","og_site_name":"Diario Textual","article_publisher":"https:\/\/www.facebook.com\/eltextual","article_published_time":"2019-10-24T20:26:13+00:00","article_modified_time":"2019-10-25T00:24:58+00:00","og_image":[{"width":700,"height":469,"url":"https:\/\/diariotextual.com\/inicio\/wp-content\/uploads\/2019\/10\/industriaparada.jpg","type":"image\/jpeg"}],"author":"diario3","twitter_card":"summary_large_image","twitter_creator":"@eltextual","twitter_site":"@eltextual","twitter_misc":{"Escrito por":"diario3","Tiempo de lectura":"2 minutos"},"schema":{"@context":"https:\/\/schema.org","@graph":[{"@type":"Article","@id":"https:\/\/diariotextual.com\/inicio\/index.php\/2019\/10\/24\/la-economia-cayo-38-acumulo-una-merma-23-8-meses\/#article","isPartOf":{"@id":"https:\/\/diariotextual.com\/inicio\/index.php\/2019\/10\/24\/la-economia-cayo-38-acumulo-una-merma-23-8-meses\/"},"author":{"name":"diario3","@id":"https:\/\/diariotextual.com\/inicio\/#\/schema\/person\/a1b6f563e0ee944c60f98119389a4d9f"},"headline":"La econom\u00eda cay\u00f3 3,8% y acumul\u00f3 una merma de 2,3% en 8 meses","datePublished":"2019-10-24T20:26:13+00:00","dateModified":"2019-10-25T00:24:58+00:00","mainEntityOfPage":{"@id":"https:\/\/diariotextual.com\/inicio\/index.php\/2019\/10\/24\/la-economia-cayo-38-acumulo-una-merma-23-8-meses\/"},"wordCount":468,"publisher":{"@id":"https:\/\/diariotextual.com\/inicio\/#organization"},"image":{"@id":"https:\/\/diariotextual.com\/inicio\/index.php\/2019\/10\/24\/la-economia-cayo-38-acumulo-una-merma-23-8-meses\/#primaryimage"},"thumbnailUrl":"https:\/\/diariotextual.com\/inicio\/wp-content\/uploads\/2019\/10\/industriaparada.jpg","articleSection":["A - QUE PASA (al costado)","ECONOMIA"],"inLanguage":"es"},{"@type":"WebPage","@id":"https:\/\/diariotextual.com\/inicio\/index.php\/2019\/10\/24\/la-economia-cayo-38-acumulo-una-merma-23-8-meses\/","url":"https:\/\/diariotextual.com\/inicio\/index.php\/2019\/10\/24\/la-economia-cayo-38-acumulo-una-merma-23-8-meses\/","name":"La econom\u00eda cay\u00f3 3,8% y acumul\u00f3 una merma de 2,3% en 8 meses - Diario Textual","isPartOf":{"@id":"https:\/\/diariotextual.com\/inicio\/#website"},"primaryImageOfPage":{"@id":"https:\/\/diariotextual.com\/inicio\/index.php\/2019\/10\/24\/la-economia-cayo-38-acumulo-una-merma-23-8-meses\/#primaryimage"},"image":{"@id":"https:\/\/diariotextual.com\/inicio\/index.php\/2019\/10\/24\/la-economia-cayo-38-acumulo-una-merma-23-8-meses\/#primaryimage"},"thumbnailUrl":"https:\/\/diariotextual.com\/inicio\/wp-content\/uploads\/2019\/10\/industriaparada.jpg","datePublished":"2019-10-24T20:26:13+00:00","dateModified":"2019-10-25T00:24:58+00:00","breadcrumb":{"@id":"https:\/\/diariotextual.com\/inicio\/index.php\/2019\/10\/24\/la-economia-cayo-38-acumulo-una-merma-23-8-meses\/#breadcrumb"},"inLanguage":"es","potentialAction":[{"@type":"ReadAction","target":["https:\/\/diariotextual.com\/inicio\/index.php\/2019\/10\/24\/la-economia-cayo-38-acumulo-una-merma-23-8-meses\/"]}]},{"@type":"ImageObject","inLanguage":"es","@id":"https:\/\/diariotextual.com\/inicio\/index.php\/2019\/10\/24\/la-economia-cayo-38-acumulo-una-merma-23-8-meses\/#primaryimage","url":"https:\/\/diariotextual.com\/inicio\/wp-content\/uploads\/2019\/10\/industriaparada.jpg","contentUrl":"https:\/\/diariotextual.com\/inicio\/wp-content\/uploads\/2019\/10\/industriaparada.jpg","width":700,"height":469},{"@type":"BreadcrumbList","@id":"https:\/\/diariotextual.com\/inicio\/index.php\/2019\/10\/24\/la-economia-cayo-38-acumulo-una-merma-23-8-meses\/#breadcrumb","itemListElement":[{"@type":"ListItem","position":1,"name":"Portada","item":"https:\/\/diariotextual.com\/inicio\/"},{"@type":"ListItem","position":2,"name":"La econom\u00eda cay\u00f3 3,8% y acumul\u00f3 una merma de 2,3% en 8 meses"}]},{"@type":"WebSite","@id":"https:\/\/diariotextual.com\/inicio\/#website","url":"https:\/\/diariotextual.com\/inicio\/","name":"Diario Textual","description":"","publisher":{"@id":"https:\/\/diariotextual.com\/inicio\/#organization"},"potentialAction":[{"@type":"SearchAction","target":{"@type":"EntryPoint","urlTemplate":"https:\/\/diariotextual.com\/inicio\/?s={search_term_string}"},"query-input":{"@type":"PropertyValueSpecification","valueRequired":true,"valueName":"search_term_string"}}],"inLanguage":"es"},{"@type":"Organization","@id":"https:\/\/diariotextual.com\/inicio\/#organization","name":"Diario Textual","url":"https:\/\/diariotextual.com\/inicio\/","logo":{"@type":"ImageObject","inLanguage":"es","@id":"https:\/\/diariotextual.com\/inicio\/#\/schema\/logo\/image\/","url":"https:\/\/diariotextual.com\/inicio\/wp-content\/uploads\/2023\/05\/logotextual1.jpg","contentUrl":"https:\/\/diariotextual.com\/inicio\/wp-content\/uploads\/2023\/05\/logotextual1.jpg","width":516,"height":76,"caption":"Diario Textual"},"image":{"@id":"https:\/\/diariotextual.com\/inicio\/#\/schema\/logo\/image\/"},"sameAs":["https:\/\/www.facebook.com\/eltextual","https:\/\/x.com\/eltextual","http:\/\/www.instagram.com\/eltextual"]},{"@type":"Person","@id":"https:\/\/diariotextual.com\/inicio\/#\/schema\/person\/a1b6f563e0ee944c60f98119389a4d9f","name":"diario3","image":{"@type":"ImageObject","inLanguage":"es","@id":"https:\/\/secure.gravatar.com\/avatar\/5e7ee62c82fc04d9dd79d746a390d93c69c43223e5faeeb3ea9461ef752bfc5d?s=96&d=mm&r=g","url":"https:\/\/secure.gravatar.com\/avatar\/5e7ee62c82fc04d9dd79d746a390d93c69c43223e5faeeb3ea9461ef752bfc5d?s=96&d=mm&r=g","contentUrl":"https:\/\/secure.gravatar.com\/avatar\/5e7ee62c82fc04d9dd79d746a390d93c69c43223e5faeeb3ea9461ef752bfc5d?s=96&d=mm&r=g","caption":"diario3"},"url":"https:\/\/diariotextual.com\/inicio\/index.php\/author\/diario3\/"}]}},"_links":{"self":[{"href":"https:\/\/diariotextual.com\/inicio\/index.php\/wp-json\/wp\/v2\/posts\/67071","targetHints":{"allow":["GET"]}}],"collection":[{"href":"https:\/\/diariotextual.com\/inicio\/index.php\/wp-json\/wp\/v2\/posts"}],"about":[{"href":"https:\/\/diariotextual.com\/inicio\/index.php\/wp-json\/wp\/v2\/types\/post"}],"author":[{"embeddable":true,"href":"https:\/\/diariotextual.com\/inicio\/index.php\/wp-json\/wp\/v2\/users\/5"}],"replies":[{"embeddable":true,"href":"https:\/\/diariotextual.com\/inicio\/index.php\/wp-json\/wp\/v2\/comments?post=67071"}],"version-history":[{"count":2,"href":"https:\/\/diariotextual.com\/inicio\/index.php\/wp-json\/wp\/v2\/posts\/67071\/revisions"}],"predecessor-version":[{"id":67108,"href":"https:\/\/diariotextual.com\/inicio\/index.php\/wp-json\/wp\/v2\/posts\/67071\/revisions\/67108"}],"wp:featuredmedia":[{"embeddable":true,"href":"https:\/\/diariotextual.com\/inicio\/index.php\/wp-json\/wp\/v2\/media\/67072"}],"wp:attachment":[{"href":"https:\/\/diariotextual.com\/inicio\/index.php\/wp-json\/wp\/v2\/media?parent=67071"}],"wp:term":[{"taxonomy":"category","embeddable":true,"href":"https:\/\/diariotextual.com\/inicio\/index.php\/wp-json\/wp\/v2\/categories?post=67071"},{"taxonomy":"post_tag","embeddable":true,"href":"https:\/\/diariotextual.com\/inicio\/index.php\/wp-json\/wp\/v2\/tags?post=67071"}],"curies":[{"name":"wp","href":"https:\/\/api.w.org\/{rel}","templated":true}]}}