{"id":67249,"date":"2019-10-25T18:59:39","date_gmt":"2019-10-25T21:59:39","guid":{"rendered":"http:\/\/diariotextual.com\/inicio\/?p=67249"},"modified":"2019-10-26T09:15:59","modified_gmt":"2019-10-26T12:15:59","slug":"la-marcha-mas-grande-chile-moviliza-millon-personas-santiago","status":"publish","type":"post","link":"https:\/\/diariotextual.com\/inicio\/index.php\/2019\/10\/25\/la-marcha-mas-grande-chile-moviliza-millon-personas-santiago\/","title":{"rendered":"La Marcha m\u00e1s grande de Chile moviliza a un mill\u00f3n de personas en Santiago"},"content":{"rendered":"<p>Este viernes se lleva a cabo la llamada \u00abMarcha m\u00e1s grande de Chile\u00bb, que parti\u00f3 en la Plaza Italia, en Santiago. La intendencia estim\u00f3 que hay un mill\u00f3n de personas. Pero adem\u00e1s hay manifestaciones en diferentes puntos del pa\u00eds.<\/p>\n<p>Esta nueva convocatoria, que es en contra de las pol\u00edticas neoliberales del Gobierno, tiene tres peticiones principales, seg\u00fan unos 70 movimientos y organizaciones sociales agrupados en la &#8216;Unidad Social&#8217;:\u00a0<strong>\u00abRetiro de las Fuerzas Armadas a sus cuarteles<\/strong>, retiro del Congreso de todas las leyes que vayan en contra del pueblo y una\u00a0<strong>nueva Constituci\u00f3n<\/strong>\u00a0a trav\u00e9s de una Asamblea Constituyente\u00bb.<\/p>\n<p><img fetchpriority=\"high\" decoding=\"async\" class=\"alignnone wp-image-67250 size-large\" src=\"http:\/\/diariotextual.com\/inicio\/wp-content\/uploads\/2019\/10\/chilelamarchamasgrande2019-1-1024x571.jpeg\" alt=\"\" width=\"1024\" height=\"571\" srcset=\"https:\/\/diariotextual.com\/inicio\/wp-content\/uploads\/2019\/10\/chilelamarchamasgrande2019-1-1024x571.jpeg 1024w, https:\/\/diariotextual.com\/inicio\/wp-content\/uploads\/2019\/10\/chilelamarchamasgrande2019-1-300x167.jpeg 300w, https:\/\/diariotextual.com\/inicio\/wp-content\/uploads\/2019\/10\/chilelamarchamasgrande2019-1-768x428.jpeg 768w, https:\/\/diariotextual.com\/inicio\/wp-content\/uploads\/2019\/10\/chilelamarchamasgrande2019-1-1170x653.jpeg 1170w, https:\/\/diariotextual.com\/inicio\/wp-content\/uploads\/2019\/10\/chilelamarchamasgrande2019-1-585x326.jpeg 585w, https:\/\/diariotextual.com\/inicio\/wp-content\/uploads\/2019\/10\/chilelamarchamasgrande2019-1.jpeg 1183w\" sizes=\"(max-width: 1024px) 100vw, 1024px\" \/><\/p>\n<p>&nbsp;<\/p>\n","protected":false},"excerpt":{"rendered":"<p>Este viernes se lleva a cabo la llamada \u00abMarcha m\u00e1s grande de Chile\u00bb, que parti\u00f3 en la Plaza Italia, en Santiago. La intendencia estim\u00f3 que hay un mill\u00f3n de personas.&hellip;<\/p>\n","protected":false},"author":3,"featured_media":67251,"comment_status":"closed","ping_status":"open","sticky":false,"template":"","format":"standard","meta":{"_acf_changed":false,"footnotes":""},"categories":[11,7],"tags":[],"class_list":["post-67249","post","type-post","status-publish","format-standard","has-post-thumbnail","hentry","category-que-pasa","category-mundo"],"acf":[],"yoast_head":"<!-- This site is optimized with the Yoast SEO plugin v27.4 - https:\/\/yoast.com\/product\/yoast-seo-wordpress\/ -->\n<title>La Marcha m\u00e1s grande de Chile moviliza a un mill\u00f3n de personas en Santiago - Diario Textual<\/title>\n<meta name=\"robots\" content=\"index, follow, max-snippet:-1, max-image-preview:large, max-video-preview:-1\" \/>\n<link rel=\"canonical\" href=\"https:\/\/diariotextual.com\/inicio\/index.php\/2019\/10\/25\/la-marcha-mas-grande-chile-moviliza-millon-personas-santiago\/\" \/>\n<meta property=\"og:locale\" content=\"es_ES\" \/>\n<meta property=\"og:type\" content=\"article\" \/>\n<meta property=\"og:title\" content=\"La Marcha m\u00e1s grande de Chile moviliza a un mill\u00f3n de personas en Santiago - Diario Textual\" \/>\n<meta property=\"og:description\" content=\"Este viernes se lleva a cabo la llamada \u00abMarcha m\u00e1s grande de Chile\u00bb, que parti\u00f3 en la Plaza Italia, en Santiago. La intendencia estim\u00f3 que hay un mill\u00f3n de personas.&hellip;\" \/>\n<meta property=\"og:url\" content=\"https:\/\/diariotextual.com\/inicio\/index.php\/2019\/10\/25\/la-marcha-mas-grande-chile-moviliza-millon-personas-santiago\/\" \/>\n<meta property=\"og:site_name\" content=\"Diario Textual\" \/>\n<meta property=\"article:publisher\" content=\"https:\/\/www.facebook.com\/eltextual\" \/>\n<meta property=\"article:published_time\" content=\"2019-10-25T21:59:39+00:00\" \/>\n<meta property=\"article:modified_time\" content=\"2019-10-26T12:15:59+00:00\" \/>\n<meta property=\"og:image\" content=\"https:\/\/diariotextual.com\/inicio\/wp-content\/uploads\/2019\/10\/chilelamarchamasgrande2019-2.jpeg\" \/>\n\t<meta property=\"og:image:width\" content=\"2048\" \/>\n\t<meta property=\"og:image:height\" content=\"1179\" \/>\n\t<meta property=\"og:image:type\" content=\"image\/jpeg\" \/>\n<meta name=\"author\" content=\"Diario1 Diario1\" \/>\n<meta name=\"twitter:card\" content=\"summary_large_image\" \/>\n<meta name=\"twitter:creator\" content=\"@eltextual\" \/>\n<meta name=\"twitter:site\" content=\"@eltextual\" \/>\n<meta name=\"twitter:label1\" content=\"Escrito por\" \/>\n\t<meta name=\"twitter:data1\" content=\"Diario1 Diario1\" \/>\n\t<meta name=\"twitter:label2\" content=\"Tiempo de lectura\" \/>\n\t<meta name=\"twitter:data2\" content=\"1 minuto\" \/>\n<script type=\"application\/ld+json\" class=\"yoast-schema-graph\">{\"@context\":\"https:\\\/\\\/schema.org\",\"@graph\":[{\"@type\":\"Article\",\"@id\":\"https:\\\/\\\/diariotextual.com\\\/inicio\\\/index.php\\\/2019\\\/10\\\/25\\\/la-marcha-mas-grande-chile-moviliza-millon-personas-santiago\\\/#article\",\"isPartOf\":{\"@id\":\"https:\\\/\\\/diariotextual.com\\\/inicio\\\/index.php\\\/2019\\\/10\\\/25\\\/la-marcha-mas-grande-chile-moviliza-millon-personas-santiago\\\/\"},\"author\":{\"name\":\"Diario1 Diario1\",\"@id\":\"https:\\\/\\\/diariotextual.com\\\/inicio\\\/#\\\/schema\\\/person\\\/418fc4093c33e86ed41562db3508f958\"},\"headline\":\"La Marcha m\u00e1s grande de Chile moviliza a un mill\u00f3n de personas en Santiago\",\"datePublished\":\"2019-10-25T21:59:39+00:00\",\"dateModified\":\"2019-10-26T12:15:59+00:00\",\"mainEntityOfPage\":{\"@id\":\"https:\\\/\\\/diariotextual.com\\\/inicio\\\/index.php\\\/2019\\\/10\\\/25\\\/la-marcha-mas-grande-chile-moviliza-millon-personas-santiago\\\/\"},\"wordCount\":123,\"publisher\":{\"@id\":\"https:\\\/\\\/diariotextual.com\\\/inicio\\\/#organization\"},\"image\":{\"@id\":\"https:\\\/\\\/diariotextual.com\\\/inicio\\\/index.php\\\/2019\\\/10\\\/25\\\/la-marcha-mas-grande-chile-moviliza-millon-personas-santiago\\\/#primaryimage\"},\"thumbnailUrl\":\"https:\\\/\\\/diariotextual.com\\\/inicio\\\/wp-content\\\/uploads\\\/2019\\\/10\\\/chilelamarchamasgrande2019-2.jpeg\",\"articleSection\":[\"A - QUE PASA (al costado)\",\"MUNDO\"],\"inLanguage\":\"es\"},{\"@type\":\"WebPage\",\"@id\":\"https:\\\/\\\/diariotextual.com\\\/inicio\\\/index.php\\\/2019\\\/10\\\/25\\\/la-marcha-mas-grande-chile-moviliza-millon-personas-santiago\\\/\",\"url\":\"https:\\\/\\\/diariotextual.com\\\/inicio\\\/index.php\\\/2019\\\/10\\\/25\\\/la-marcha-mas-grande-chile-moviliza-millon-personas-santiago\\\/\",\"name\":\"La Marcha m\u00e1s grande de Chile moviliza a un mill\u00f3n de personas en Santiago - Diario Textual\",\"isPartOf\":{\"@id\":\"https:\\\/\\\/diariotextual.com\\\/inicio\\\/#website\"},\"primaryImageOfPage\":{\"@id\":\"https:\\\/\\\/diariotextual.com\\\/inicio\\\/index.php\\\/2019\\\/10\\\/25\\\/la-marcha-mas-grande-chile-moviliza-millon-personas-santiago\\\/#primaryimage\"},\"image\":{\"@id\":\"https:\\\/\\\/diariotextual.com\\\/inicio\\\/index.php\\\/2019\\\/10\\\/25\\\/la-marcha-mas-grande-chile-moviliza-millon-personas-santiago\\\/#primaryimage\"},\"thumbnailUrl\":\"https:\\\/\\\/diariotextual.com\\\/inicio\\\/wp-content\\\/uploads\\\/2019\\\/10\\\/chilelamarchamasgrande2019-2.jpeg\",\"datePublished\":\"2019-10-25T21:59:39+00:00\",\"dateModified\":\"2019-10-26T12:15:59+00:00\",\"breadcrumb\":{\"@id\":\"https:\\\/\\\/diariotextual.com\\\/inicio\\\/index.php\\\/2019\\\/10\\\/25\\\/la-marcha-mas-grande-chile-moviliza-millon-personas-santiago\\\/#breadcrumb\"},\"inLanguage\":\"es\",\"potentialAction\":[{\"@type\":\"ReadAction\",\"target\":[\"https:\\\/\\\/diariotextual.com\\\/inicio\\\/index.php\\\/2019\\\/10\\\/25\\\/la-marcha-mas-grande-chile-moviliza-millon-personas-santiago\\\/\"]}]},{\"@type\":\"ImageObject\",\"inLanguage\":\"es\",\"@id\":\"https:\\\/\\\/diariotextual.com\\\/inicio\\\/index.php\\\/2019\\\/10\\\/25\\\/la-marcha-mas-grande-chile-moviliza-millon-personas-santiago\\\/#primaryimage\",\"url\":\"https:\\\/\\\/diariotextual.com\\\/inicio\\\/wp-content\\\/uploads\\\/2019\\\/10\\\/chilelamarchamasgrande2019-2.jpeg\",\"contentUrl\":\"https:\\\/\\\/diariotextual.com\\\/inicio\\\/wp-content\\\/uploads\\\/2019\\\/10\\\/chilelamarchamasgrande2019-2.jpeg\",\"width\":2048,\"height\":1179},{\"@type\":\"BreadcrumbList\",\"@id\":\"https:\\\/\\\/diariotextual.com\\\/inicio\\\/index.php\\\/2019\\\/10\\\/25\\\/la-marcha-mas-grande-chile-moviliza-millon-personas-santiago\\\/#breadcrumb\",\"itemListElement\":[{\"@type\":\"ListItem\",\"position\":1,\"name\":\"Portada\",\"item\":\"https:\\\/\\\/diariotextual.com\\\/inicio\\\/\"},{\"@type\":\"ListItem\",\"position\":2,\"name\":\"La Marcha m\u00e1s grande de Chile moviliza a un mill\u00f3n de personas en Santiago\"}]},{\"@type\":\"WebSite\",\"@id\":\"https:\\\/\\\/diariotextual.com\\\/inicio\\\/#website\",\"url\":\"https:\\\/\\\/diariotextual.com\\\/inicio\\\/\",\"name\":\"Diario Textual\",\"description\":\"\",\"publisher\":{\"@id\":\"https:\\\/\\\/diariotextual.com\\\/inicio\\\/#organization\"},\"potentialAction\":[{\"@type\":\"SearchAction\",\"target\":{\"@type\":\"EntryPoint\",\"urlTemplate\":\"https:\\\/\\\/diariotextual.com\\\/inicio\\\/?s={search_term_string}\"},\"query-input\":{\"@type\":\"PropertyValueSpecification\",\"valueRequired\":true,\"valueName\":\"search_term_string\"}}],\"inLanguage\":\"es\"},{\"@type\":\"Organization\",\"@id\":\"https:\\\/\\\/diariotextual.com\\\/inicio\\\/#organization\",\"name\":\"Diario Textual\",\"url\":\"https:\\\/\\\/diariotextual.com\\\/inicio\\\/\",\"logo\":{\"@type\":\"ImageObject\",\"inLanguage\":\"es\",\"@id\":\"https:\\\/\\\/diariotextual.com\\\/inicio\\\/#\\\/schema\\\/logo\\\/image\\\/\",\"url\":\"https:\\\/\\\/diariotextual.com\\\/inicio\\\/wp-content\\\/uploads\\\/2023\\\/05\\\/logotextual1.jpg\",\"contentUrl\":\"https:\\\/\\\/diariotextual.com\\\/inicio\\\/wp-content\\\/uploads\\\/2023\\\/05\\\/logotextual1.jpg\",\"width\":516,\"height\":76,\"caption\":\"Diario Textual\"},\"image\":{\"@id\":\"https:\\\/\\\/diariotextual.com\\\/inicio\\\/#\\\/schema\\\/logo\\\/image\\\/\"},\"sameAs\":[\"https:\\\/\\\/www.facebook.com\\\/eltextual\",\"https:\\\/\\\/x.com\\\/eltextual\",\"http:\\\/\\\/www.instagram.com\\\/eltextual\"]},{\"@type\":\"Person\",\"@id\":\"https:\\\/\\\/diariotextual.com\\\/inicio\\\/#\\\/schema\\\/person\\\/418fc4093c33e86ed41562db3508f958\",\"name\":\"Diario1 Diario1\",\"image\":{\"@type\":\"ImageObject\",\"inLanguage\":\"es\",\"@id\":\"https:\\\/\\\/secure.gravatar.com\\\/avatar\\\/9167d280179c85bc18be67aa7eda765854300033af4896dd779b608640f2ef7a?s=96&d=mm&r=g\",\"url\":\"https:\\\/\\\/secure.gravatar.com\\\/avatar\\\/9167d280179c85bc18be67aa7eda765854300033af4896dd779b608640f2ef7a?s=96&d=mm&r=g\",\"contentUrl\":\"https:\\\/\\\/secure.gravatar.com\\\/avatar\\\/9167d280179c85bc18be67aa7eda765854300033af4896dd779b608640f2ef7a?s=96&d=mm&r=g\",\"caption\":\"Diario1 Diario1\"},\"url\":\"https:\\\/\\\/diariotextual.com\\\/inicio\\\/index.php\\\/author\\\/diario1\\\/\"}]}<\/script>\n<!-- \/ Yoast SEO plugin. -->","yoast_head_json":{"title":"La Marcha m\u00e1s grande de Chile moviliza a un mill\u00f3n de personas en Santiago - Diario Textual","robots":{"index":"index","follow":"follow","max-snippet":"max-snippet:-1","max-image-preview":"max-image-preview:large","max-video-preview":"max-video-preview:-1"},"canonical":"https:\/\/diariotextual.com\/inicio\/index.php\/2019\/10\/25\/la-marcha-mas-grande-chile-moviliza-millon-personas-santiago\/","og_locale":"es_ES","og_type":"article","og_title":"La Marcha m\u00e1s grande de Chile moviliza a un mill\u00f3n de personas en Santiago - Diario Textual","og_description":"Este viernes se lleva a cabo la llamada \u00abMarcha m\u00e1s grande de Chile\u00bb, que parti\u00f3 en la Plaza Italia, en Santiago. La intendencia estim\u00f3 que hay un mill\u00f3n de personas.&hellip;","og_url":"https:\/\/diariotextual.com\/inicio\/index.php\/2019\/10\/25\/la-marcha-mas-grande-chile-moviliza-millon-personas-santiago\/","og_site_name":"Diario Textual","article_publisher":"https:\/\/www.facebook.com\/eltextual","article_published_time":"2019-10-25T21:59:39+00:00","article_modified_time":"2019-10-26T12:15:59+00:00","og_image":[{"width":2048,"height":1179,"url":"https:\/\/diariotextual.com\/inicio\/wp-content\/uploads\/2019\/10\/chilelamarchamasgrande2019-2.jpeg","type":"image\/jpeg"}],"author":"Diario1 Diario1","twitter_card":"summary_large_image","twitter_creator":"@eltextual","twitter_site":"@eltextual","twitter_misc":{"Escrito por":"Diario1 Diario1","Tiempo de lectura":"1 minuto"},"schema":{"@context":"https:\/\/schema.org","@graph":[{"@type":"Article","@id":"https:\/\/diariotextual.com\/inicio\/index.php\/2019\/10\/25\/la-marcha-mas-grande-chile-moviliza-millon-personas-santiago\/#article","isPartOf":{"@id":"https:\/\/diariotextual.com\/inicio\/index.php\/2019\/10\/25\/la-marcha-mas-grande-chile-moviliza-millon-personas-santiago\/"},"author":{"name":"Diario1 Diario1","@id":"https:\/\/diariotextual.com\/inicio\/#\/schema\/person\/418fc4093c33e86ed41562db3508f958"},"headline":"La Marcha m\u00e1s grande de Chile moviliza a un mill\u00f3n de personas en Santiago","datePublished":"2019-10-25T21:59:39+00:00","dateModified":"2019-10-26T12:15:59+00:00","mainEntityOfPage":{"@id":"https:\/\/diariotextual.com\/inicio\/index.php\/2019\/10\/25\/la-marcha-mas-grande-chile-moviliza-millon-personas-santiago\/"},"wordCount":123,"publisher":{"@id":"https:\/\/diariotextual.com\/inicio\/#organization"},"image":{"@id":"https:\/\/diariotextual.com\/inicio\/index.php\/2019\/10\/25\/la-marcha-mas-grande-chile-moviliza-millon-personas-santiago\/#primaryimage"},"thumbnailUrl":"https:\/\/diariotextual.com\/inicio\/wp-content\/uploads\/2019\/10\/chilelamarchamasgrande2019-2.jpeg","articleSection":["A - QUE PASA (al costado)","MUNDO"],"inLanguage":"es"},{"@type":"WebPage","@id":"https:\/\/diariotextual.com\/inicio\/index.php\/2019\/10\/25\/la-marcha-mas-grande-chile-moviliza-millon-personas-santiago\/","url":"https:\/\/diariotextual.com\/inicio\/index.php\/2019\/10\/25\/la-marcha-mas-grande-chile-moviliza-millon-personas-santiago\/","name":"La Marcha m\u00e1s grande de Chile moviliza a un mill\u00f3n de personas en Santiago - Diario Textual","isPartOf":{"@id":"https:\/\/diariotextual.com\/inicio\/#website"},"primaryImageOfPage":{"@id":"https:\/\/diariotextual.com\/inicio\/index.php\/2019\/10\/25\/la-marcha-mas-grande-chile-moviliza-millon-personas-santiago\/#primaryimage"},"image":{"@id":"https:\/\/diariotextual.com\/inicio\/index.php\/2019\/10\/25\/la-marcha-mas-grande-chile-moviliza-millon-personas-santiago\/#primaryimage"},"thumbnailUrl":"https:\/\/diariotextual.com\/inicio\/wp-content\/uploads\/2019\/10\/chilelamarchamasgrande2019-2.jpeg","datePublished":"2019-10-25T21:59:39+00:00","dateModified":"2019-10-26T12:15:59+00:00","breadcrumb":{"@id":"https:\/\/diariotextual.com\/inicio\/index.php\/2019\/10\/25\/la-marcha-mas-grande-chile-moviliza-millon-personas-santiago\/#breadcrumb"},"inLanguage":"es","potentialAction":[{"@type":"ReadAction","target":["https:\/\/diariotextual.com\/inicio\/index.php\/2019\/10\/25\/la-marcha-mas-grande-chile-moviliza-millon-personas-santiago\/"]}]},{"@type":"ImageObject","inLanguage":"es","@id":"https:\/\/diariotextual.com\/inicio\/index.php\/2019\/10\/25\/la-marcha-mas-grande-chile-moviliza-millon-personas-santiago\/#primaryimage","url":"https:\/\/diariotextual.com\/inicio\/wp-content\/uploads\/2019\/10\/chilelamarchamasgrande2019-2.jpeg","contentUrl":"https:\/\/diariotextual.com\/inicio\/wp-content\/uploads\/2019\/10\/chilelamarchamasgrande2019-2.jpeg","width":2048,"height":1179},{"@type":"BreadcrumbList","@id":"https:\/\/diariotextual.com\/inicio\/index.php\/2019\/10\/25\/la-marcha-mas-grande-chile-moviliza-millon-personas-santiago\/#breadcrumb","itemListElement":[{"@type":"ListItem","position":1,"name":"Portada","item":"https:\/\/diariotextual.com\/inicio\/"},{"@type":"ListItem","position":2,"name":"La Marcha m\u00e1s grande de Chile moviliza a un mill\u00f3n de personas en Santiago"}]},{"@type":"WebSite","@id":"https:\/\/diariotextual.com\/inicio\/#website","url":"https:\/\/diariotextual.com\/inicio\/","name":"Diario Textual","description":"","publisher":{"@id":"https:\/\/diariotextual.com\/inicio\/#organization"},"potentialAction":[{"@type":"SearchAction","target":{"@type":"EntryPoint","urlTemplate":"https:\/\/diariotextual.com\/inicio\/?s={search_term_string}"},"query-input":{"@type":"PropertyValueSpecification","valueRequired":true,"valueName":"search_term_string"}}],"inLanguage":"es"},{"@type":"Organization","@id":"https:\/\/diariotextual.com\/inicio\/#organization","name":"Diario Textual","url":"https:\/\/diariotextual.com\/inicio\/","logo":{"@type":"ImageObject","inLanguage":"es","@id":"https:\/\/diariotextual.com\/inicio\/#\/schema\/logo\/image\/","url":"https:\/\/diariotextual.com\/inicio\/wp-content\/uploads\/2023\/05\/logotextual1.jpg","contentUrl":"https:\/\/diariotextual.com\/inicio\/wp-content\/uploads\/2023\/05\/logotextual1.jpg","width":516,"height":76,"caption":"Diario Textual"},"image":{"@id":"https:\/\/diariotextual.com\/inicio\/#\/schema\/logo\/image\/"},"sameAs":["https:\/\/www.facebook.com\/eltextual","https:\/\/x.com\/eltextual","http:\/\/www.instagram.com\/eltextual"]},{"@type":"Person","@id":"https:\/\/diariotextual.com\/inicio\/#\/schema\/person\/418fc4093c33e86ed41562db3508f958","name":"Diario1 Diario1","image":{"@type":"ImageObject","inLanguage":"es","@id":"https:\/\/secure.gravatar.com\/avatar\/9167d280179c85bc18be67aa7eda765854300033af4896dd779b608640f2ef7a?s=96&d=mm&r=g","url":"https:\/\/secure.gravatar.com\/avatar\/9167d280179c85bc18be67aa7eda765854300033af4896dd779b608640f2ef7a?s=96&d=mm&r=g","contentUrl":"https:\/\/secure.gravatar.com\/avatar\/9167d280179c85bc18be67aa7eda765854300033af4896dd779b608640f2ef7a?s=96&d=mm&r=g","caption":"Diario1 Diario1"},"url":"https:\/\/diariotextual.com\/inicio\/index.php\/author\/diario1\/"}]}},"_links":{"self":[{"href":"https:\/\/diariotextual.com\/inicio\/index.php\/wp-json\/wp\/v2\/posts\/67249","targetHints":{"allow":["GET"]}}],"collection":[{"href":"https:\/\/diariotextual.com\/inicio\/index.php\/wp-json\/wp\/v2\/posts"}],"about":[{"href":"https:\/\/diariotextual.com\/inicio\/index.php\/wp-json\/wp\/v2\/types\/post"}],"author":[{"embeddable":true,"href":"https:\/\/diariotextual.com\/inicio\/index.php\/wp-json\/wp\/v2\/users\/3"}],"replies":[{"embeddable":true,"href":"https:\/\/diariotextual.com\/inicio\/index.php\/wp-json\/wp\/v2\/comments?post=67249"}],"version-history":[{"count":2,"href":"https:\/\/diariotextual.com\/inicio\/index.php\/wp-json\/wp\/v2\/posts\/67249\/revisions"}],"predecessor-version":[{"id":67253,"href":"https:\/\/diariotextual.com\/inicio\/index.php\/wp-json\/wp\/v2\/posts\/67249\/revisions\/67253"}],"wp:featuredmedia":[{"embeddable":true,"href":"https:\/\/diariotextual.com\/inicio\/index.php\/wp-json\/wp\/v2\/media\/67251"}],"wp:attachment":[{"href":"https:\/\/diariotextual.com\/inicio\/index.php\/wp-json\/wp\/v2\/media?parent=67249"}],"wp:term":[{"taxonomy":"category","embeddable":true,"href":"https:\/\/diariotextual.com\/inicio\/index.php\/wp-json\/wp\/v2\/categories?post=67249"},{"taxonomy":"post_tag","embeddable":true,"href":"https:\/\/diariotextual.com\/inicio\/index.php\/wp-json\/wp\/v2\/tags?post=67249"}],"curies":[{"name":"wp","href":"https:\/\/api.w.org\/{rel}","templated":true}]}}