{"id":67651,"date":"2019-10-28T09:33:47","date_gmt":"2019-10-28T12:33:47","guid":{"rendered":"http:\/\/diariotextual.com\/inicio\/?p=67651"},"modified":"2019-10-28T10:28:09","modified_gmt":"2019-10-28T13:28:09","slug":"la-ucr-alianza-pro-lo-definira-la-convencion","status":"publish","type":"post","link":"https:\/\/diariotextual.com\/inicio\/index.php\/2019\/10\/28\/la-ucr-alianza-pro-lo-definira-la-convencion\/","title":{"rendered":"La UCR y su alianza con el PRO: \u00abLo definir\u00e1 la Convenci\u00f3n\u00bb"},"content":{"rendered":"<p>El presidente de la <strong>UCR<\/strong> pampeana,<strong> Julio Pech\u00edn<\/strong>, dijo a Diario Textual que <strong>la continuidad de la alianza con el PRO \u00ablo definir\u00e1 la Convenci\u00f3n (Provincial de la UCR)\u00bb<\/strong>, que se reunir\u00e1 antes del 10 de diciembre. Afirm\u00f3 que <strong>\u00abhay duros y blandos\u00bb<\/strong> en el partido y sostuvo que <strong>\u00abel trato con el PRO no es malo\u00bb pero reconoci\u00f3 que hay \u00abdiferencias ideol\u00f3gicas\u00bb entre los socios<\/strong>. Adem\u00e1s, carg\u00f3 con dureza contra Carlos Mac Allister.<\/p>\n<blockquote class=\"wp-embedded-content\" data-secret=\"mDZDH1dTom\"><p><a href=\"http:\/\/diariotextual.com\/inicio\/index.php\/2019\/10\/27\/dia-la-eleccion-cambiemos-se-encamina-romperse-la-pampa\/\">En el d\u00eda de la elecci\u00f3n, Cambiemos se encamina a romperse en La Pampa<\/a><\/p><\/blockquote>\n<p><iframe class=\"wp-embedded-content\" sandbox=\"allow-scripts\" security=\"restricted\" style=\"position: absolute; clip: rect(1px, 1px, 1px, 1px);\" src=\"http:\/\/diariotextual.com\/inicio\/index.php\/2019\/10\/27\/dia-la-eleccion-cambiemos-se-encamina-romperse-la-pampa\/embed\/#?secret=mDZDH1dTom\" data-secret=\"mDZDH1dTom\" width=\"600\" height=\"338\" title=\"&#171;En el d\u00eda de la elecci\u00f3n, Cambiemos se encamina a romperse en La Pampa&#187; &#8212; Diario Textual\" frameborder=\"0\" marginwidth=\"0\" marginheight=\"0\" scrolling=\"no\"><\/iframe><\/p>\n<p>Pech\u00edn hizo un balance de la elecci\u00f3n nacional por parte de Juntos por el Cambio. <strong>\u00abHubo una\u00a0levantada importante, pese a la crisis se logr\u00f3 un buen resultado\u00bb<\/strong>, dijo.<\/p>\n<p><strong>\u00abFue sorprendente la elecci\u00f3n en General Pico. Creo que se debi\u00f3 a lo bien que se trabaj\u00f3 y lo bien que hizo la campa\u00f1a Mart\u00edn (Berhongaray) el mejor legislador de la historia de La Pampa\u00bb<\/strong>, remarc\u00f3.<\/p>\n<p>Cuestion\u00f3 las declaraciones del exprecandidato a gobernador Carlos Mac Allister, quien asever\u00f3 que la alianza con la UCR era hasta las elecciones generales del pasado domingo.<\/p>\n<p><strong>\u00a0\u00abOrg\u00e1nicamente Mac Allister no tiene ning\u00fan cargo en el PRO. Me tiene sin cuidado lo que diga. Me parecieron desatinadas las declaraciones. Pero me hubiera preocupado si las hac\u00edan (Mart\u00edn) Ardohain o (Mart\u00edn) Maquieyra\u00bb<\/strong>, opin\u00f3.<\/p>\n<p>\u00bfSi siguen con el PRO? \u00abEn la Convenci\u00f3n (de la UCR) lo definiremos. Hay de todo, est\u00e1n los m\u00e1s duros que quieren romper y los m\u00e1s blandos, que quieren continuar. No s\u00e9 qu\u00e9 postura va a ganar. Se decidir\u00e1 antes del 10 de diciembre. El trato con ellos (el PRO) no es malo, tenemos diferencias ideol\u00f3gicas\u00bb, dijo.<\/p>\n<blockquote class=\"wp-embedded-content\" data-secret=\"9RqyS18GE4\"><p><a href=\"http:\/\/diariotextual.com\/inicio\/index.php\/2019\/10\/28\/27-la-pampa-los-dos-bloques-la-nueva-geopolitica\/\">El 27-O en La Pampa: los dos bloques y la nueva geopol\u00edtica<\/a><\/p><\/blockquote>\n<p><iframe class=\"wp-embedded-content\" sandbox=\"allow-scripts\" security=\"restricted\" style=\"position: absolute; clip: rect(1px, 1px, 1px, 1px);\" src=\"http:\/\/diariotextual.com\/inicio\/index.php\/2019\/10\/28\/27-la-pampa-los-dos-bloques-la-nueva-geopolitica\/embed\/#?secret=9RqyS18GE4\" data-secret=\"9RqyS18GE4\" width=\"600\" height=\"338\" title=\"&#171;El 27-O en La Pampa: los dos bloques y la nueva geopol\u00edtica&#187; &#8212; Diario Textual\" frameborder=\"0\" marginwidth=\"0\" marginheight=\"0\" scrolling=\"no\"><\/iframe><\/p>\n<p>&nbsp;<\/p>\n<p>&nbsp;<\/p>\n<p>&nbsp;<\/p>\n<p>&nbsp;<\/p>\n","protected":false},"excerpt":{"rendered":"<p>El presidente de la UCR pampeana, Julio Pech\u00edn, dijo a Diario Textual que la continuidad de la alianza con el PRO \u00ablo definir\u00e1 la Convenci\u00f3n (Provincial de la UCR)\u00bb, que&hellip;<\/p>\n","protected":false},"author":7,"featured_media":33493,"comment_status":"closed","ping_status":"open","sticky":false,"template":"","format":"standard","meta":{"_acf_changed":false,"footnotes":""},"categories":[4,8],"tags":[22,2330,191],"class_list":["post-67651","post","type-post","status-publish","format-standard","has-post-thumbnail","hentry","category-destacadas","category-politica","tag-alianza","tag-pechin","tag-ucr"],"acf":[],"yoast_head":"<!-- This site is optimized with the Yoast SEO plugin v27.5 - https:\/\/yoast.com\/product\/yoast-seo-wordpress\/ -->\n<title>La UCR y su alianza con el PRO: &quot;Lo definir\u00e1 la Convenci\u00f3n&quot; - Diario Textual<\/title>\n<meta name=\"robots\" content=\"index, follow, max-snippet:-1, max-image-preview:large, max-video-preview:-1\" \/>\n<link rel=\"canonical\" href=\"https:\/\/diariotextual.com\/inicio\/index.php\/2019\/10\/28\/la-ucr-alianza-pro-lo-definira-la-convencion\/\" \/>\n<meta property=\"og:locale\" content=\"es_ES\" \/>\n<meta property=\"og:type\" content=\"article\" \/>\n<meta property=\"og:title\" content=\"La UCR y su alianza con el PRO: &quot;Lo definir\u00e1 la Convenci\u00f3n&quot; - Diario Textual\" \/>\n<meta property=\"og:description\" content=\"El presidente de la UCR pampeana, Julio Pech\u00edn, dijo a Diario Textual que la continuidad de la alianza con el PRO \u00ablo definir\u00e1 la Convenci\u00f3n (Provincial de la UCR)\u00bb, que&hellip;\" \/>\n<meta property=\"og:url\" content=\"https:\/\/diariotextual.com\/inicio\/index.php\/2019\/10\/28\/la-ucr-alianza-pro-lo-definira-la-convencion\/\" \/>\n<meta property=\"og:site_name\" content=\"Diario Textual\" \/>\n<meta property=\"article:publisher\" content=\"https:\/\/www.facebook.com\/eltextual\" \/>\n<meta property=\"article:published_time\" content=\"2019-10-28T12:33:47+00:00\" \/>\n<meta property=\"article:modified_time\" content=\"2019-10-28T13:28:09+00:00\" \/>\n<meta property=\"og:image\" content=\"https:\/\/diariotextual.com\/inicio\/wp-content\/uploads\/2019\/01\/PechinHector.jpg\" \/>\n\t<meta property=\"og:image:width\" content=\"515\" \/>\n\t<meta property=\"og:image:height\" content=\"400\" \/>\n\t<meta property=\"og:image:type\" content=\"image\/jpeg\" \/>\n<meta name=\"author\" content=\"diario5\" \/>\n<meta name=\"twitter:card\" content=\"summary_large_image\" \/>\n<meta name=\"twitter:creator\" content=\"@eltextual\" \/>\n<meta name=\"twitter:site\" content=\"@eltextual\" \/>\n<meta name=\"twitter:label1\" content=\"Escrito por\" \/>\n\t<meta name=\"twitter:data1\" content=\"diario5\" \/>\n\t<meta name=\"twitter:label2\" content=\"Tiempo de lectura\" \/>\n\t<meta name=\"twitter:data2\" content=\"1 minuto\" \/>\n<script type=\"application\/ld+json\" class=\"yoast-schema-graph\">{\"@context\":\"https:\\\/\\\/schema.org\",\"@graph\":[{\"@type\":\"Article\",\"@id\":\"https:\\\/\\\/diariotextual.com\\\/inicio\\\/index.php\\\/2019\\\/10\\\/28\\\/la-ucr-alianza-pro-lo-definira-la-convencion\\\/#article\",\"isPartOf\":{\"@id\":\"https:\\\/\\\/diariotextual.com\\\/inicio\\\/index.php\\\/2019\\\/10\\\/28\\\/la-ucr-alianza-pro-lo-definira-la-convencion\\\/\"},\"author\":{\"name\":\"diario5\",\"@id\":\"https:\\\/\\\/diariotextual.com\\\/inicio\\\/#\\\/schema\\\/person\\\/c7834961ad8b29b1d9cdbf4571299067\"},\"headline\":\"La UCR y su alianza con el PRO: \u00abLo definir\u00e1 la Convenci\u00f3n\u00bb\",\"datePublished\":\"2019-10-28T12:33:47+00:00\",\"dateModified\":\"2019-10-28T13:28:09+00:00\",\"mainEntityOfPage\":{\"@id\":\"https:\\\/\\\/diariotextual.com\\\/inicio\\\/index.php\\\/2019\\\/10\\\/28\\\/la-ucr-alianza-pro-lo-definira-la-convencion\\\/\"},\"wordCount\":305,\"publisher\":{\"@id\":\"https:\\\/\\\/diariotextual.com\\\/inicio\\\/#organization\"},\"image\":{\"@id\":\"https:\\\/\\\/diariotextual.com\\\/inicio\\\/index.php\\\/2019\\\/10\\\/28\\\/la-ucr-alianza-pro-lo-definira-la-convencion\\\/#primaryimage\"},\"thumbnailUrl\":\"https:\\\/\\\/diariotextual.com\\\/inicio\\\/wp-content\\\/uploads\\\/2019\\\/01\\\/PechinHector.jpg\",\"keywords\":[\"alianza\",\"pechin\",\"ucr\"],\"articleSection\":[\"A - DESTACADAS (mod 16)\",\"POLITICA\"],\"inLanguage\":\"es\"},{\"@type\":\"WebPage\",\"@id\":\"https:\\\/\\\/diariotextual.com\\\/inicio\\\/index.php\\\/2019\\\/10\\\/28\\\/la-ucr-alianza-pro-lo-definira-la-convencion\\\/\",\"url\":\"https:\\\/\\\/diariotextual.com\\\/inicio\\\/index.php\\\/2019\\\/10\\\/28\\\/la-ucr-alianza-pro-lo-definira-la-convencion\\\/\",\"name\":\"La UCR y su alianza con el PRO: \\\"Lo definir\u00e1 la Convenci\u00f3n\\\" - Diario Textual\",\"isPartOf\":{\"@id\":\"https:\\\/\\\/diariotextual.com\\\/inicio\\\/#website\"},\"primaryImageOfPage\":{\"@id\":\"https:\\\/\\\/diariotextual.com\\\/inicio\\\/index.php\\\/2019\\\/10\\\/28\\\/la-ucr-alianza-pro-lo-definira-la-convencion\\\/#primaryimage\"},\"image\":{\"@id\":\"https:\\\/\\\/diariotextual.com\\\/inicio\\\/index.php\\\/2019\\\/10\\\/28\\\/la-ucr-alianza-pro-lo-definira-la-convencion\\\/#primaryimage\"},\"thumbnailUrl\":\"https:\\\/\\\/diariotextual.com\\\/inicio\\\/wp-content\\\/uploads\\\/2019\\\/01\\\/PechinHector.jpg\",\"datePublished\":\"2019-10-28T12:33:47+00:00\",\"dateModified\":\"2019-10-28T13:28:09+00:00\",\"breadcrumb\":{\"@id\":\"https:\\\/\\\/diariotextual.com\\\/inicio\\\/index.php\\\/2019\\\/10\\\/28\\\/la-ucr-alianza-pro-lo-definira-la-convencion\\\/#breadcrumb\"},\"inLanguage\":\"es\",\"potentialAction\":[{\"@type\":\"ReadAction\",\"target\":[\"https:\\\/\\\/diariotextual.com\\\/inicio\\\/index.php\\\/2019\\\/10\\\/28\\\/la-ucr-alianza-pro-lo-definira-la-convencion\\\/\"]}]},{\"@type\":\"ImageObject\",\"inLanguage\":\"es\",\"@id\":\"https:\\\/\\\/diariotextual.com\\\/inicio\\\/index.php\\\/2019\\\/10\\\/28\\\/la-ucr-alianza-pro-lo-definira-la-convencion\\\/#primaryimage\",\"url\":\"https:\\\/\\\/diariotextual.com\\\/inicio\\\/wp-content\\\/uploads\\\/2019\\\/01\\\/PechinHector.jpg\",\"contentUrl\":\"https:\\\/\\\/diariotextual.com\\\/inicio\\\/wp-content\\\/uploads\\\/2019\\\/01\\\/PechinHector.jpg\",\"width\":515,\"height\":400},{\"@type\":\"BreadcrumbList\",\"@id\":\"https:\\\/\\\/diariotextual.com\\\/inicio\\\/index.php\\\/2019\\\/10\\\/28\\\/la-ucr-alianza-pro-lo-definira-la-convencion\\\/#breadcrumb\",\"itemListElement\":[{\"@type\":\"ListItem\",\"position\":1,\"name\":\"Portada\",\"item\":\"https:\\\/\\\/diariotextual.com\\\/inicio\\\/\"},{\"@type\":\"ListItem\",\"position\":2,\"name\":\"La UCR y su alianza con el PRO: \u00abLo definir\u00e1 la Convenci\u00f3n\u00bb\"}]},{\"@type\":\"WebSite\",\"@id\":\"https:\\\/\\\/diariotextual.com\\\/inicio\\\/#website\",\"url\":\"https:\\\/\\\/diariotextual.com\\\/inicio\\\/\",\"name\":\"Diario Textual\",\"description\":\"\",\"publisher\":{\"@id\":\"https:\\\/\\\/diariotextual.com\\\/inicio\\\/#organization\"},\"potentialAction\":[{\"@type\":\"SearchAction\",\"target\":{\"@type\":\"EntryPoint\",\"urlTemplate\":\"https:\\\/\\\/diariotextual.com\\\/inicio\\\/?s={search_term_string}\"},\"query-input\":{\"@type\":\"PropertyValueSpecification\",\"valueRequired\":true,\"valueName\":\"search_term_string\"}}],\"inLanguage\":\"es\"},{\"@type\":\"Organization\",\"@id\":\"https:\\\/\\\/diariotextual.com\\\/inicio\\\/#organization\",\"name\":\"Diario Textual\",\"url\":\"https:\\\/\\\/diariotextual.com\\\/inicio\\\/\",\"logo\":{\"@type\":\"ImageObject\",\"inLanguage\":\"es\",\"@id\":\"https:\\\/\\\/diariotextual.com\\\/inicio\\\/#\\\/schema\\\/logo\\\/image\\\/\",\"url\":\"https:\\\/\\\/diariotextual.com\\\/inicio\\\/wp-content\\\/uploads\\\/2023\\\/05\\\/logotextual1.jpg\",\"contentUrl\":\"https:\\\/\\\/diariotextual.com\\\/inicio\\\/wp-content\\\/uploads\\\/2023\\\/05\\\/logotextual1.jpg\",\"width\":516,\"height\":76,\"caption\":\"Diario Textual\"},\"image\":{\"@id\":\"https:\\\/\\\/diariotextual.com\\\/inicio\\\/#\\\/schema\\\/logo\\\/image\\\/\"},\"sameAs\":[\"https:\\\/\\\/www.facebook.com\\\/eltextual\",\"https:\\\/\\\/x.com\\\/eltextual\",\"http:\\\/\\\/www.instagram.com\\\/eltextual\"]},{\"@type\":\"Person\",\"@id\":\"https:\\\/\\\/diariotextual.com\\\/inicio\\\/#\\\/schema\\\/person\\\/c7834961ad8b29b1d9cdbf4571299067\",\"name\":\"diario5\",\"image\":{\"@type\":\"ImageObject\",\"inLanguage\":\"es\",\"@id\":\"https:\\\/\\\/secure.gravatar.com\\\/avatar\\\/948c893b847ca6df68216ead81b63f363408ec9b0f600fefc0641ce78613b111?s=96&d=mm&r=g\",\"url\":\"https:\\\/\\\/secure.gravatar.com\\\/avatar\\\/948c893b847ca6df68216ead81b63f363408ec9b0f600fefc0641ce78613b111?s=96&d=mm&r=g\",\"contentUrl\":\"https:\\\/\\\/secure.gravatar.com\\\/avatar\\\/948c893b847ca6df68216ead81b63f363408ec9b0f600fefc0641ce78613b111?s=96&d=mm&r=g\",\"caption\":\"diario5\"},\"url\":\"https:\\\/\\\/diariotextual.com\\\/inicio\\\/index.php\\\/author\\\/diario5\\\/\"}]}<\/script>\n<!-- \/ Yoast SEO plugin. -->","yoast_head_json":{"title":"La UCR y su alianza con el PRO: \"Lo definir\u00e1 la Convenci\u00f3n\" - Diario Textual","robots":{"index":"index","follow":"follow","max-snippet":"max-snippet:-1","max-image-preview":"max-image-preview:large","max-video-preview":"max-video-preview:-1"},"canonical":"https:\/\/diariotextual.com\/inicio\/index.php\/2019\/10\/28\/la-ucr-alianza-pro-lo-definira-la-convencion\/","og_locale":"es_ES","og_type":"article","og_title":"La UCR y su alianza con el PRO: \"Lo definir\u00e1 la Convenci\u00f3n\" - Diario Textual","og_description":"El presidente de la UCR pampeana, Julio Pech\u00edn, dijo a Diario Textual que la continuidad de la alianza con el PRO \u00ablo definir\u00e1 la Convenci\u00f3n (Provincial de la UCR)\u00bb, que&hellip;","og_url":"https:\/\/diariotextual.com\/inicio\/index.php\/2019\/10\/28\/la-ucr-alianza-pro-lo-definira-la-convencion\/","og_site_name":"Diario Textual","article_publisher":"https:\/\/www.facebook.com\/eltextual","article_published_time":"2019-10-28T12:33:47+00:00","article_modified_time":"2019-10-28T13:28:09+00:00","og_image":[{"width":515,"height":400,"url":"https:\/\/diariotextual.com\/inicio\/wp-content\/uploads\/2019\/01\/PechinHector.jpg","type":"image\/jpeg"}],"author":"diario5","twitter_card":"summary_large_image","twitter_creator":"@eltextual","twitter_site":"@eltextual","twitter_misc":{"Escrito por":"diario5","Tiempo de lectura":"1 minuto"},"schema":{"@context":"https:\/\/schema.org","@graph":[{"@type":"Article","@id":"https:\/\/diariotextual.com\/inicio\/index.php\/2019\/10\/28\/la-ucr-alianza-pro-lo-definira-la-convencion\/#article","isPartOf":{"@id":"https:\/\/diariotextual.com\/inicio\/index.php\/2019\/10\/28\/la-ucr-alianza-pro-lo-definira-la-convencion\/"},"author":{"name":"diario5","@id":"https:\/\/diariotextual.com\/inicio\/#\/schema\/person\/c7834961ad8b29b1d9cdbf4571299067"},"headline":"La UCR y su alianza con el PRO: \u00abLo definir\u00e1 la Convenci\u00f3n\u00bb","datePublished":"2019-10-28T12:33:47+00:00","dateModified":"2019-10-28T13:28:09+00:00","mainEntityOfPage":{"@id":"https:\/\/diariotextual.com\/inicio\/index.php\/2019\/10\/28\/la-ucr-alianza-pro-lo-definira-la-convencion\/"},"wordCount":305,"publisher":{"@id":"https:\/\/diariotextual.com\/inicio\/#organization"},"image":{"@id":"https:\/\/diariotextual.com\/inicio\/index.php\/2019\/10\/28\/la-ucr-alianza-pro-lo-definira-la-convencion\/#primaryimage"},"thumbnailUrl":"https:\/\/diariotextual.com\/inicio\/wp-content\/uploads\/2019\/01\/PechinHector.jpg","keywords":["alianza","pechin","ucr"],"articleSection":["A - DESTACADAS (mod 16)","POLITICA"],"inLanguage":"es"},{"@type":"WebPage","@id":"https:\/\/diariotextual.com\/inicio\/index.php\/2019\/10\/28\/la-ucr-alianza-pro-lo-definira-la-convencion\/","url":"https:\/\/diariotextual.com\/inicio\/index.php\/2019\/10\/28\/la-ucr-alianza-pro-lo-definira-la-convencion\/","name":"La UCR y su alianza con el PRO: \"Lo definir\u00e1 la Convenci\u00f3n\" - Diario Textual","isPartOf":{"@id":"https:\/\/diariotextual.com\/inicio\/#website"},"primaryImageOfPage":{"@id":"https:\/\/diariotextual.com\/inicio\/index.php\/2019\/10\/28\/la-ucr-alianza-pro-lo-definira-la-convencion\/#primaryimage"},"image":{"@id":"https:\/\/diariotextual.com\/inicio\/index.php\/2019\/10\/28\/la-ucr-alianza-pro-lo-definira-la-convencion\/#primaryimage"},"thumbnailUrl":"https:\/\/diariotextual.com\/inicio\/wp-content\/uploads\/2019\/01\/PechinHector.jpg","datePublished":"2019-10-28T12:33:47+00:00","dateModified":"2019-10-28T13:28:09+00:00","breadcrumb":{"@id":"https:\/\/diariotextual.com\/inicio\/index.php\/2019\/10\/28\/la-ucr-alianza-pro-lo-definira-la-convencion\/#breadcrumb"},"inLanguage":"es","potentialAction":[{"@type":"ReadAction","target":["https:\/\/diariotextual.com\/inicio\/index.php\/2019\/10\/28\/la-ucr-alianza-pro-lo-definira-la-convencion\/"]}]},{"@type":"ImageObject","inLanguage":"es","@id":"https:\/\/diariotextual.com\/inicio\/index.php\/2019\/10\/28\/la-ucr-alianza-pro-lo-definira-la-convencion\/#primaryimage","url":"https:\/\/diariotextual.com\/inicio\/wp-content\/uploads\/2019\/01\/PechinHector.jpg","contentUrl":"https:\/\/diariotextual.com\/inicio\/wp-content\/uploads\/2019\/01\/PechinHector.jpg","width":515,"height":400},{"@type":"BreadcrumbList","@id":"https:\/\/diariotextual.com\/inicio\/index.php\/2019\/10\/28\/la-ucr-alianza-pro-lo-definira-la-convencion\/#breadcrumb","itemListElement":[{"@type":"ListItem","position":1,"name":"Portada","item":"https:\/\/diariotextual.com\/inicio\/"},{"@type":"ListItem","position":2,"name":"La UCR y su alianza con el PRO: \u00abLo definir\u00e1 la Convenci\u00f3n\u00bb"}]},{"@type":"WebSite","@id":"https:\/\/diariotextual.com\/inicio\/#website","url":"https:\/\/diariotextual.com\/inicio\/","name":"Diario Textual","description":"","publisher":{"@id":"https:\/\/diariotextual.com\/inicio\/#organization"},"potentialAction":[{"@type":"SearchAction","target":{"@type":"EntryPoint","urlTemplate":"https:\/\/diariotextual.com\/inicio\/?s={search_term_string}"},"query-input":{"@type":"PropertyValueSpecification","valueRequired":true,"valueName":"search_term_string"}}],"inLanguage":"es"},{"@type":"Organization","@id":"https:\/\/diariotextual.com\/inicio\/#organization","name":"Diario Textual","url":"https:\/\/diariotextual.com\/inicio\/","logo":{"@type":"ImageObject","inLanguage":"es","@id":"https:\/\/diariotextual.com\/inicio\/#\/schema\/logo\/image\/","url":"https:\/\/diariotextual.com\/inicio\/wp-content\/uploads\/2023\/05\/logotextual1.jpg","contentUrl":"https:\/\/diariotextual.com\/inicio\/wp-content\/uploads\/2023\/05\/logotextual1.jpg","width":516,"height":76,"caption":"Diario Textual"},"image":{"@id":"https:\/\/diariotextual.com\/inicio\/#\/schema\/logo\/image\/"},"sameAs":["https:\/\/www.facebook.com\/eltextual","https:\/\/x.com\/eltextual","http:\/\/www.instagram.com\/eltextual"]},{"@type":"Person","@id":"https:\/\/diariotextual.com\/inicio\/#\/schema\/person\/c7834961ad8b29b1d9cdbf4571299067","name":"diario5","image":{"@type":"ImageObject","inLanguage":"es","@id":"https:\/\/secure.gravatar.com\/avatar\/948c893b847ca6df68216ead81b63f363408ec9b0f600fefc0641ce78613b111?s=96&d=mm&r=g","url":"https:\/\/secure.gravatar.com\/avatar\/948c893b847ca6df68216ead81b63f363408ec9b0f600fefc0641ce78613b111?s=96&d=mm&r=g","contentUrl":"https:\/\/secure.gravatar.com\/avatar\/948c893b847ca6df68216ead81b63f363408ec9b0f600fefc0641ce78613b111?s=96&d=mm&r=g","caption":"diario5"},"url":"https:\/\/diariotextual.com\/inicio\/index.php\/author\/diario5\/"}]}},"_links":{"self":[{"href":"https:\/\/diariotextual.com\/inicio\/index.php\/wp-json\/wp\/v2\/posts\/67651","targetHints":{"allow":["GET"]}}],"collection":[{"href":"https:\/\/diariotextual.com\/inicio\/index.php\/wp-json\/wp\/v2\/posts"}],"about":[{"href":"https:\/\/diariotextual.com\/inicio\/index.php\/wp-json\/wp\/v2\/types\/post"}],"author":[{"embeddable":true,"href":"https:\/\/diariotextual.com\/inicio\/index.php\/wp-json\/wp\/v2\/users\/7"}],"replies":[{"embeddable":true,"href":"https:\/\/diariotextual.com\/inicio\/index.php\/wp-json\/wp\/v2\/comments?post=67651"}],"version-history":[{"count":4,"href":"https:\/\/diariotextual.com\/inicio\/index.php\/wp-json\/wp\/v2\/posts\/67651\/revisions"}],"predecessor-version":[{"id":67670,"href":"https:\/\/diariotextual.com\/inicio\/index.php\/wp-json\/wp\/v2\/posts\/67651\/revisions\/67670"}],"wp:featuredmedia":[{"embeddable":true,"href":"https:\/\/diariotextual.com\/inicio\/index.php\/wp-json\/wp\/v2\/media\/33493"}],"wp:attachment":[{"href":"https:\/\/diariotextual.com\/inicio\/index.php\/wp-json\/wp\/v2\/media?parent=67651"}],"wp:term":[{"taxonomy":"category","embeddable":true,"href":"https:\/\/diariotextual.com\/inicio\/index.php\/wp-json\/wp\/v2\/categories?post=67651"},{"taxonomy":"post_tag","embeddable":true,"href":"https:\/\/diariotextual.com\/inicio\/index.php\/wp-json\/wp\/v2\/tags?post=67651"}],"curies":[{"name":"wp","href":"https:\/\/api.w.org\/{rel}","templated":true}]}}