{"id":67657,"date":"2019-10-28T10:10:29","date_gmt":"2019-10-28T13:10:29","guid":{"rendered":"http:\/\/diariotextual.com\/inicio\/?p=67657"},"modified":"2019-10-28T12:58:24","modified_gmt":"2019-10-28T15:58:24","slug":"las-claves-del-super-cepo-se-puede-no-dolar","status":"publish","type":"post","link":"https:\/\/diariotextual.com\/inicio\/index.php\/2019\/10\/28\/las-claves-del-super-cepo-se-puede-no-dolar\/","title":{"rendered":"Las claves del s\u00faper cepo: qu\u00e9 se puede hacer y qu\u00e9 no con el d\u00f3lar"},"content":{"rendered":"<p>Con el resultado electoral ya definido, <strong>el Banco Central endureci\u00f3 el cepo y restringi\u00f3 la compra para los particulares a 200 d\u00f3lares por mes.<\/strong> Hasta ahora, y luego de las medidas adoptadas tras las PASO, <strong>el tope mensual era de 10.000 d\u00f3lares<\/strong>.<\/p>\n<p>Ante el grado de incertidumbre actual, el directorio del BCRA decidi\u00f3 tomar este domingo una serie de medidas para preservar las reservas del Banco Central. Las medidas anunciadas son transitorias, hasta diciembre de 2019&#8243;, aseguraron desde la entidad en un comunicado.<\/p>\n<p>El presidente del BCRA, Guido Sandleris, <a href=\"http:\/\/diariotextual.com\/inicio\/index.php\/2019\/10\/28\/sandleris-confirma-cepo-asuma-nuevo-gobierno-afecta-muchas-personas\/\" target=\"_blank\" rel=\"noopener\"><strong>brind\u00f3 una conferencia de prensa esta ma\u00f1ana<\/strong><\/a> en la que explic\u00f3 el alcance de las nuevas medidas. \u00abEl nuevo l\u00edmite ser\u00e1 de U$S 200 mensuales a la compra de d\u00f3lares para personas f\u00edsicas con cuenta bancaria y de U$S 100 a la cantidad de d\u00f3lares que pueden ser comprados en efectivo\u00bb, detall\u00f3 Sandleris, quien aclar\u00f3 que ambos montos \u00abno son acumulativos\u00bb.<\/p>\n<blockquote class=\"wp-embedded-content\" data-secret=\"PaiLfRObEA\"><p><a href=\"http:\/\/diariotextual.com\/inicio\/index.php\/2019\/10\/28\/sandleris-confirma-cepo-asuma-nuevo-gobierno-afecta-muchas-personas\/\">Sandleris confirma el cepo hasta que asuma el nuevo gobierno: &#171;Afecta a muchas personas&#187;<\/a><\/p><\/blockquote>\n<p><iframe class=\"wp-embedded-content\" sandbox=\"allow-scripts\" security=\"restricted\" style=\"position: absolute; clip: rect(1px, 1px, 1px, 1px);\" src=\"http:\/\/diariotextual.com\/inicio\/index.php\/2019\/10\/28\/sandleris-confirma-cepo-asuma-nuevo-gobierno-afecta-muchas-personas\/embed\/#?secret=PaiLfRObEA\" data-secret=\"PaiLfRObEA\" width=\"600\" height=\"338\" title=\"&#171;Sandleris confirma el cepo hasta que asuma el nuevo gobierno: &#171;Afecta a muchas personas&#187;&#187; &#8212; Diario Textual\" frameborder=\"0\" marginwidth=\"0\" marginheight=\"0\" scrolling=\"no\"><\/iframe><\/p>\n<p id=\"m210-209-211\" class=\"paragraph \">En cuanto a los requisitos para acceder a la compra de d\u00f3lares, Sandleris indic\u00f3 que\u00a0<strong>s\u00f3lo ser\u00e1 necesario presentar el DNI a la hora de realizar la transacci\u00f3n<\/strong>.<\/p>\n<p id=\"m215-214-216\" class=\"paragraph \">Adem\u00e1s, el presidente del BCRA destac\u00f3 que \u00abel resto del esquema cambiario se mantiene sin modificaciones\u00bb y asegur\u00f3 que \u00ab<strong>no hay restricciones para los viajes al exterior<\/strong>\u00a0y en las extracciones de dinero en el exterior con tarjetas de d\u00e9bito cuenta como si fuera una extracci\u00f3n ac\u00e1\u00bb.<\/p>\n<p>\u00abLas medidas\u00a0<strong>no afectan el comercio exterior o el pago de deudas<\/strong>\u00ab, agreg\u00f3 Sandleris, quien anticip\u00f3 que podr\u00eda haber una baja en la tasa de inter\u00e9s si la inflaci\u00f3n baja con respecto al mes anterior.<\/p>\n<p id=\"m297-296-298\" class=\"paragraph \">Sandleris a\u00f1adi\u00f3 que mantendr\u00e1 di\u00e1logo con el equipo de Alberto Fern\u00e1ndez y que el objetivo de las medidas es proteger las reservas que quedan. La conferencia del presidente del BCRA se llev\u00f3 a cabo\u00a0<strong>antes del desayuno entre Mauricio Macri y Alberto Fern\u00e1ndez<\/strong>, previsto para las 10 de la ma\u00f1ana en la Casa Rosada.<\/p>\n<p id=\"m302-301-303\" class=\"paragraph \">Seg\u00fan la Comunicaci\u00f3n \u00abA\u00bb 6815, publicada este lunes en el Bolet\u00edn Oficial, las\u00a0<strong>excepciones<\/strong>\u00a0para el l\u00edmite impuesto por el BCRA incluyen a los\u00a0<strong>organismos internacionales o instituciones<\/strong>\u00a0\u00abque cumplan funciones de agencias oficiales de cr\u00e9dito a la exportaci\u00f3n\u00bb, las representaciones diplom\u00e1ticas y otros organismos internacionales en el pa\u00eds y las transferencias al exterior a nombre de beneficiarios de jubilaciones o pensiones abonadas por la Anses (siempre que el destino sea una cuenta propia).<\/p>\n<p id=\"m312-311-313\" class=\"paragraph \">Tambi\u00e9n quedar\u00e1n\u00a0<strong>afuera los fondos provenientes de pr\u00e9stamos hipotecarios<\/strong>\u00a0entregados por entidades financieras locales, incluyendo operaciones en el marco del plan Procrear.<\/p>\n<p>&nbsp;<\/p>\n<p>&nbsp;<\/p>\n<p>&nbsp;<\/p>\n<p>&nbsp;<\/p>\n<p>&nbsp;<\/p>\n<p>&nbsp;<\/p>\n<p>&nbsp;<\/p>\n<p>&nbsp;<\/p>\n<p>&nbsp;<\/p>\n","protected":false},"excerpt":{"rendered":"<p>Con el resultado electoral ya definido, el Banco Central endureci\u00f3 el cepo y restringi\u00f3 la compra para los particulares a 200 d\u00f3lares por mes. Hasta ahora, y luego de las&hellip;<\/p>\n","protected":false},"author":3,"featured_media":59272,"comment_status":"closed","ping_status":"open","sticky":false,"template":"","format":"standard","meta":{"_acf_changed":false,"footnotes":""},"categories":[11,5],"tags":[680,2329],"class_list":["post-67657","post","type-post","status-publish","format-standard","has-post-thumbnail","hentry","category-que-pasa","category-economia","tag-dolar","tag-dolares"],"acf":[],"yoast_head":"<!-- This site is optimized with the Yoast SEO plugin v27.5 - https:\/\/yoast.com\/product\/yoast-seo-wordpress\/ -->\n<title>Las claves del s\u00faper cepo: qu\u00e9 se puede hacer y qu\u00e9 no con el d\u00f3lar - Diario Textual<\/title>\n<meta name=\"robots\" content=\"index, follow, max-snippet:-1, max-image-preview:large, max-video-preview:-1\" \/>\n<link rel=\"canonical\" href=\"https:\/\/diariotextual.com\/inicio\/index.php\/2019\/10\/28\/las-claves-del-super-cepo-se-puede-no-dolar\/\" \/>\n<meta property=\"og:locale\" content=\"es_ES\" \/>\n<meta property=\"og:type\" content=\"article\" \/>\n<meta property=\"og:title\" content=\"Las claves del s\u00faper cepo: qu\u00e9 se puede hacer y qu\u00e9 no con el d\u00f3lar - Diario Textual\" \/>\n<meta property=\"og:description\" content=\"Con el resultado electoral ya definido, el Banco Central endureci\u00f3 el cepo y restringi\u00f3 la compra para los particulares a 200 d\u00f3lares por mes. Hasta ahora, y luego de las&hellip;\" \/>\n<meta property=\"og:url\" content=\"https:\/\/diariotextual.com\/inicio\/index.php\/2019\/10\/28\/las-claves-del-super-cepo-se-puede-no-dolar\/\" \/>\n<meta property=\"og:site_name\" content=\"Diario Textual\" \/>\n<meta property=\"article:publisher\" content=\"https:\/\/www.facebook.com\/eltextual\" \/>\n<meta property=\"article:published_time\" content=\"2019-10-28T13:10:29+00:00\" \/>\n<meta property=\"article:modified_time\" content=\"2019-10-28T15:58:24+00:00\" \/>\n<meta property=\"og:image\" content=\"https:\/\/diariotextual.com\/inicio\/wp-content\/uploads\/2019\/08\/dolartelam.jpg\" \/>\n\t<meta property=\"og:image:width\" content=\"1004\" \/>\n\t<meta property=\"og:image:height\" content=\"566\" \/>\n\t<meta property=\"og:image:type\" content=\"image\/jpeg\" \/>\n<meta name=\"author\" content=\"Diario1 Diario1\" \/>\n<meta name=\"twitter:card\" content=\"summary_large_image\" \/>\n<meta name=\"twitter:creator\" content=\"@eltextual\" \/>\n<meta name=\"twitter:site\" content=\"@eltextual\" \/>\n<meta name=\"twitter:label1\" content=\"Escrito por\" \/>\n\t<meta name=\"twitter:data1\" content=\"Diario1 Diario1\" \/>\n\t<meta name=\"twitter:label2\" content=\"Tiempo de lectura\" \/>\n\t<meta name=\"twitter:data2\" content=\"2 minutos\" \/>\n<script type=\"application\/ld+json\" class=\"yoast-schema-graph\">{\"@context\":\"https:\\\/\\\/schema.org\",\"@graph\":[{\"@type\":\"Article\",\"@id\":\"https:\\\/\\\/diariotextual.com\\\/inicio\\\/index.php\\\/2019\\\/10\\\/28\\\/las-claves-del-super-cepo-se-puede-no-dolar\\\/#article\",\"isPartOf\":{\"@id\":\"https:\\\/\\\/diariotextual.com\\\/inicio\\\/index.php\\\/2019\\\/10\\\/28\\\/las-claves-del-super-cepo-se-puede-no-dolar\\\/\"},\"author\":{\"name\":\"Diario1 Diario1\",\"@id\":\"https:\\\/\\\/diariotextual.com\\\/inicio\\\/#\\\/schema\\\/person\\\/418fc4093c33e86ed41562db3508f958\"},\"headline\":\"Las claves del s\u00faper cepo: qu\u00e9 se puede hacer y qu\u00e9 no con el d\u00f3lar\",\"datePublished\":\"2019-10-28T13:10:29+00:00\",\"dateModified\":\"2019-10-28T15:58:24+00:00\",\"mainEntityOfPage\":{\"@id\":\"https:\\\/\\\/diariotextual.com\\\/inicio\\\/index.php\\\/2019\\\/10\\\/28\\\/las-claves-del-super-cepo-se-puede-no-dolar\\\/\"},\"wordCount\":470,\"publisher\":{\"@id\":\"https:\\\/\\\/diariotextual.com\\\/inicio\\\/#organization\"},\"image\":{\"@id\":\"https:\\\/\\\/diariotextual.com\\\/inicio\\\/index.php\\\/2019\\\/10\\\/28\\\/las-claves-del-super-cepo-se-puede-no-dolar\\\/#primaryimage\"},\"thumbnailUrl\":\"https:\\\/\\\/diariotextual.com\\\/inicio\\\/wp-content\\\/uploads\\\/2019\\\/08\\\/dolartelam.jpg\",\"keywords\":[\"dolar\",\"dolares\"],\"articleSection\":[\"A - QUE PASA (al costado)\",\"ECONOMIA\"],\"inLanguage\":\"es\"},{\"@type\":\"WebPage\",\"@id\":\"https:\\\/\\\/diariotextual.com\\\/inicio\\\/index.php\\\/2019\\\/10\\\/28\\\/las-claves-del-super-cepo-se-puede-no-dolar\\\/\",\"url\":\"https:\\\/\\\/diariotextual.com\\\/inicio\\\/index.php\\\/2019\\\/10\\\/28\\\/las-claves-del-super-cepo-se-puede-no-dolar\\\/\",\"name\":\"Las claves del s\u00faper cepo: qu\u00e9 se puede hacer y qu\u00e9 no con el d\u00f3lar - Diario Textual\",\"isPartOf\":{\"@id\":\"https:\\\/\\\/diariotextual.com\\\/inicio\\\/#website\"},\"primaryImageOfPage\":{\"@id\":\"https:\\\/\\\/diariotextual.com\\\/inicio\\\/index.php\\\/2019\\\/10\\\/28\\\/las-claves-del-super-cepo-se-puede-no-dolar\\\/#primaryimage\"},\"image\":{\"@id\":\"https:\\\/\\\/diariotextual.com\\\/inicio\\\/index.php\\\/2019\\\/10\\\/28\\\/las-claves-del-super-cepo-se-puede-no-dolar\\\/#primaryimage\"},\"thumbnailUrl\":\"https:\\\/\\\/diariotextual.com\\\/inicio\\\/wp-content\\\/uploads\\\/2019\\\/08\\\/dolartelam.jpg\",\"datePublished\":\"2019-10-28T13:10:29+00:00\",\"dateModified\":\"2019-10-28T15:58:24+00:00\",\"breadcrumb\":{\"@id\":\"https:\\\/\\\/diariotextual.com\\\/inicio\\\/index.php\\\/2019\\\/10\\\/28\\\/las-claves-del-super-cepo-se-puede-no-dolar\\\/#breadcrumb\"},\"inLanguage\":\"es\",\"potentialAction\":[{\"@type\":\"ReadAction\",\"target\":[\"https:\\\/\\\/diariotextual.com\\\/inicio\\\/index.php\\\/2019\\\/10\\\/28\\\/las-claves-del-super-cepo-se-puede-no-dolar\\\/\"]}]},{\"@type\":\"ImageObject\",\"inLanguage\":\"es\",\"@id\":\"https:\\\/\\\/diariotextual.com\\\/inicio\\\/index.php\\\/2019\\\/10\\\/28\\\/las-claves-del-super-cepo-se-puede-no-dolar\\\/#primaryimage\",\"url\":\"https:\\\/\\\/diariotextual.com\\\/inicio\\\/wp-content\\\/uploads\\\/2019\\\/08\\\/dolartelam.jpg\",\"contentUrl\":\"https:\\\/\\\/diariotextual.com\\\/inicio\\\/wp-content\\\/uploads\\\/2019\\\/08\\\/dolartelam.jpg\",\"width\":1004,\"height\":566},{\"@type\":\"BreadcrumbList\",\"@id\":\"https:\\\/\\\/diariotextual.com\\\/inicio\\\/index.php\\\/2019\\\/10\\\/28\\\/las-claves-del-super-cepo-se-puede-no-dolar\\\/#breadcrumb\",\"itemListElement\":[{\"@type\":\"ListItem\",\"position\":1,\"name\":\"Portada\",\"item\":\"https:\\\/\\\/diariotextual.com\\\/inicio\\\/\"},{\"@type\":\"ListItem\",\"position\":2,\"name\":\"Las claves del s\u00faper cepo: qu\u00e9 se puede hacer y qu\u00e9 no con el d\u00f3lar\"}]},{\"@type\":\"WebSite\",\"@id\":\"https:\\\/\\\/diariotextual.com\\\/inicio\\\/#website\",\"url\":\"https:\\\/\\\/diariotextual.com\\\/inicio\\\/\",\"name\":\"Diario Textual\",\"description\":\"\",\"publisher\":{\"@id\":\"https:\\\/\\\/diariotextual.com\\\/inicio\\\/#organization\"},\"potentialAction\":[{\"@type\":\"SearchAction\",\"target\":{\"@type\":\"EntryPoint\",\"urlTemplate\":\"https:\\\/\\\/diariotextual.com\\\/inicio\\\/?s={search_term_string}\"},\"query-input\":{\"@type\":\"PropertyValueSpecification\",\"valueRequired\":true,\"valueName\":\"search_term_string\"}}],\"inLanguage\":\"es\"},{\"@type\":\"Organization\",\"@id\":\"https:\\\/\\\/diariotextual.com\\\/inicio\\\/#organization\",\"name\":\"Diario Textual\",\"url\":\"https:\\\/\\\/diariotextual.com\\\/inicio\\\/\",\"logo\":{\"@type\":\"ImageObject\",\"inLanguage\":\"es\",\"@id\":\"https:\\\/\\\/diariotextual.com\\\/inicio\\\/#\\\/schema\\\/logo\\\/image\\\/\",\"url\":\"https:\\\/\\\/diariotextual.com\\\/inicio\\\/wp-content\\\/uploads\\\/2023\\\/05\\\/logotextual1.jpg\",\"contentUrl\":\"https:\\\/\\\/diariotextual.com\\\/inicio\\\/wp-content\\\/uploads\\\/2023\\\/05\\\/logotextual1.jpg\",\"width\":516,\"height\":76,\"caption\":\"Diario Textual\"},\"image\":{\"@id\":\"https:\\\/\\\/diariotextual.com\\\/inicio\\\/#\\\/schema\\\/logo\\\/image\\\/\"},\"sameAs\":[\"https:\\\/\\\/www.facebook.com\\\/eltextual\",\"https:\\\/\\\/x.com\\\/eltextual\",\"http:\\\/\\\/www.instagram.com\\\/eltextual\"]},{\"@type\":\"Person\",\"@id\":\"https:\\\/\\\/diariotextual.com\\\/inicio\\\/#\\\/schema\\\/person\\\/418fc4093c33e86ed41562db3508f958\",\"name\":\"Diario1 Diario1\",\"image\":{\"@type\":\"ImageObject\",\"inLanguage\":\"es\",\"@id\":\"https:\\\/\\\/secure.gravatar.com\\\/avatar\\\/9167d280179c85bc18be67aa7eda765854300033af4896dd779b608640f2ef7a?s=96&d=mm&r=g\",\"url\":\"https:\\\/\\\/secure.gravatar.com\\\/avatar\\\/9167d280179c85bc18be67aa7eda765854300033af4896dd779b608640f2ef7a?s=96&d=mm&r=g\",\"contentUrl\":\"https:\\\/\\\/secure.gravatar.com\\\/avatar\\\/9167d280179c85bc18be67aa7eda765854300033af4896dd779b608640f2ef7a?s=96&d=mm&r=g\",\"caption\":\"Diario1 Diario1\"},\"url\":\"https:\\\/\\\/diariotextual.com\\\/inicio\\\/index.php\\\/author\\\/diario1\\\/\"}]}<\/script>\n<!-- \/ Yoast SEO plugin. -->","yoast_head_json":{"title":"Las claves del s\u00faper cepo: qu\u00e9 se puede hacer y qu\u00e9 no con el d\u00f3lar - Diario Textual","robots":{"index":"index","follow":"follow","max-snippet":"max-snippet:-1","max-image-preview":"max-image-preview:large","max-video-preview":"max-video-preview:-1"},"canonical":"https:\/\/diariotextual.com\/inicio\/index.php\/2019\/10\/28\/las-claves-del-super-cepo-se-puede-no-dolar\/","og_locale":"es_ES","og_type":"article","og_title":"Las claves del s\u00faper cepo: qu\u00e9 se puede hacer y qu\u00e9 no con el d\u00f3lar - Diario Textual","og_description":"Con el resultado electoral ya definido, el Banco Central endureci\u00f3 el cepo y restringi\u00f3 la compra para los particulares a 200 d\u00f3lares por mes. Hasta ahora, y luego de las&hellip;","og_url":"https:\/\/diariotextual.com\/inicio\/index.php\/2019\/10\/28\/las-claves-del-super-cepo-se-puede-no-dolar\/","og_site_name":"Diario Textual","article_publisher":"https:\/\/www.facebook.com\/eltextual","article_published_time":"2019-10-28T13:10:29+00:00","article_modified_time":"2019-10-28T15:58:24+00:00","og_image":[{"width":1004,"height":566,"url":"https:\/\/diariotextual.com\/inicio\/wp-content\/uploads\/2019\/08\/dolartelam.jpg","type":"image\/jpeg"}],"author":"Diario1 Diario1","twitter_card":"summary_large_image","twitter_creator":"@eltextual","twitter_site":"@eltextual","twitter_misc":{"Escrito por":"Diario1 Diario1","Tiempo de lectura":"2 minutos"},"schema":{"@context":"https:\/\/schema.org","@graph":[{"@type":"Article","@id":"https:\/\/diariotextual.com\/inicio\/index.php\/2019\/10\/28\/las-claves-del-super-cepo-se-puede-no-dolar\/#article","isPartOf":{"@id":"https:\/\/diariotextual.com\/inicio\/index.php\/2019\/10\/28\/las-claves-del-super-cepo-se-puede-no-dolar\/"},"author":{"name":"Diario1 Diario1","@id":"https:\/\/diariotextual.com\/inicio\/#\/schema\/person\/418fc4093c33e86ed41562db3508f958"},"headline":"Las claves del s\u00faper cepo: qu\u00e9 se puede hacer y qu\u00e9 no con el d\u00f3lar","datePublished":"2019-10-28T13:10:29+00:00","dateModified":"2019-10-28T15:58:24+00:00","mainEntityOfPage":{"@id":"https:\/\/diariotextual.com\/inicio\/index.php\/2019\/10\/28\/las-claves-del-super-cepo-se-puede-no-dolar\/"},"wordCount":470,"publisher":{"@id":"https:\/\/diariotextual.com\/inicio\/#organization"},"image":{"@id":"https:\/\/diariotextual.com\/inicio\/index.php\/2019\/10\/28\/las-claves-del-super-cepo-se-puede-no-dolar\/#primaryimage"},"thumbnailUrl":"https:\/\/diariotextual.com\/inicio\/wp-content\/uploads\/2019\/08\/dolartelam.jpg","keywords":["dolar","dolares"],"articleSection":["A - QUE PASA (al costado)","ECONOMIA"],"inLanguage":"es"},{"@type":"WebPage","@id":"https:\/\/diariotextual.com\/inicio\/index.php\/2019\/10\/28\/las-claves-del-super-cepo-se-puede-no-dolar\/","url":"https:\/\/diariotextual.com\/inicio\/index.php\/2019\/10\/28\/las-claves-del-super-cepo-se-puede-no-dolar\/","name":"Las claves del s\u00faper cepo: qu\u00e9 se puede hacer y qu\u00e9 no con el d\u00f3lar - Diario Textual","isPartOf":{"@id":"https:\/\/diariotextual.com\/inicio\/#website"},"primaryImageOfPage":{"@id":"https:\/\/diariotextual.com\/inicio\/index.php\/2019\/10\/28\/las-claves-del-super-cepo-se-puede-no-dolar\/#primaryimage"},"image":{"@id":"https:\/\/diariotextual.com\/inicio\/index.php\/2019\/10\/28\/las-claves-del-super-cepo-se-puede-no-dolar\/#primaryimage"},"thumbnailUrl":"https:\/\/diariotextual.com\/inicio\/wp-content\/uploads\/2019\/08\/dolartelam.jpg","datePublished":"2019-10-28T13:10:29+00:00","dateModified":"2019-10-28T15:58:24+00:00","breadcrumb":{"@id":"https:\/\/diariotextual.com\/inicio\/index.php\/2019\/10\/28\/las-claves-del-super-cepo-se-puede-no-dolar\/#breadcrumb"},"inLanguage":"es","potentialAction":[{"@type":"ReadAction","target":["https:\/\/diariotextual.com\/inicio\/index.php\/2019\/10\/28\/las-claves-del-super-cepo-se-puede-no-dolar\/"]}]},{"@type":"ImageObject","inLanguage":"es","@id":"https:\/\/diariotextual.com\/inicio\/index.php\/2019\/10\/28\/las-claves-del-super-cepo-se-puede-no-dolar\/#primaryimage","url":"https:\/\/diariotextual.com\/inicio\/wp-content\/uploads\/2019\/08\/dolartelam.jpg","contentUrl":"https:\/\/diariotextual.com\/inicio\/wp-content\/uploads\/2019\/08\/dolartelam.jpg","width":1004,"height":566},{"@type":"BreadcrumbList","@id":"https:\/\/diariotextual.com\/inicio\/index.php\/2019\/10\/28\/las-claves-del-super-cepo-se-puede-no-dolar\/#breadcrumb","itemListElement":[{"@type":"ListItem","position":1,"name":"Portada","item":"https:\/\/diariotextual.com\/inicio\/"},{"@type":"ListItem","position":2,"name":"Las claves del s\u00faper cepo: qu\u00e9 se puede hacer y qu\u00e9 no con el d\u00f3lar"}]},{"@type":"WebSite","@id":"https:\/\/diariotextual.com\/inicio\/#website","url":"https:\/\/diariotextual.com\/inicio\/","name":"Diario Textual","description":"","publisher":{"@id":"https:\/\/diariotextual.com\/inicio\/#organization"},"potentialAction":[{"@type":"SearchAction","target":{"@type":"EntryPoint","urlTemplate":"https:\/\/diariotextual.com\/inicio\/?s={search_term_string}"},"query-input":{"@type":"PropertyValueSpecification","valueRequired":true,"valueName":"search_term_string"}}],"inLanguage":"es"},{"@type":"Organization","@id":"https:\/\/diariotextual.com\/inicio\/#organization","name":"Diario Textual","url":"https:\/\/diariotextual.com\/inicio\/","logo":{"@type":"ImageObject","inLanguage":"es","@id":"https:\/\/diariotextual.com\/inicio\/#\/schema\/logo\/image\/","url":"https:\/\/diariotextual.com\/inicio\/wp-content\/uploads\/2023\/05\/logotextual1.jpg","contentUrl":"https:\/\/diariotextual.com\/inicio\/wp-content\/uploads\/2023\/05\/logotextual1.jpg","width":516,"height":76,"caption":"Diario Textual"},"image":{"@id":"https:\/\/diariotextual.com\/inicio\/#\/schema\/logo\/image\/"},"sameAs":["https:\/\/www.facebook.com\/eltextual","https:\/\/x.com\/eltextual","http:\/\/www.instagram.com\/eltextual"]},{"@type":"Person","@id":"https:\/\/diariotextual.com\/inicio\/#\/schema\/person\/418fc4093c33e86ed41562db3508f958","name":"Diario1 Diario1","image":{"@type":"ImageObject","inLanguage":"es","@id":"https:\/\/secure.gravatar.com\/avatar\/9167d280179c85bc18be67aa7eda765854300033af4896dd779b608640f2ef7a?s=96&d=mm&r=g","url":"https:\/\/secure.gravatar.com\/avatar\/9167d280179c85bc18be67aa7eda765854300033af4896dd779b608640f2ef7a?s=96&d=mm&r=g","contentUrl":"https:\/\/secure.gravatar.com\/avatar\/9167d280179c85bc18be67aa7eda765854300033af4896dd779b608640f2ef7a?s=96&d=mm&r=g","caption":"Diario1 Diario1"},"url":"https:\/\/diariotextual.com\/inicio\/index.php\/author\/diario1\/"}]}},"_links":{"self":[{"href":"https:\/\/diariotextual.com\/inicio\/index.php\/wp-json\/wp\/v2\/posts\/67657","targetHints":{"allow":["GET"]}}],"collection":[{"href":"https:\/\/diariotextual.com\/inicio\/index.php\/wp-json\/wp\/v2\/posts"}],"about":[{"href":"https:\/\/diariotextual.com\/inicio\/index.php\/wp-json\/wp\/v2\/types\/post"}],"author":[{"embeddable":true,"href":"https:\/\/diariotextual.com\/inicio\/index.php\/wp-json\/wp\/v2\/users\/3"}],"replies":[{"embeddable":true,"href":"https:\/\/diariotextual.com\/inicio\/index.php\/wp-json\/wp\/v2\/comments?post=67657"}],"version-history":[{"count":1,"href":"https:\/\/diariotextual.com\/inicio\/index.php\/wp-json\/wp\/v2\/posts\/67657\/revisions"}],"predecessor-version":[{"id":67658,"href":"https:\/\/diariotextual.com\/inicio\/index.php\/wp-json\/wp\/v2\/posts\/67657\/revisions\/67658"}],"wp:featuredmedia":[{"embeddable":true,"href":"https:\/\/diariotextual.com\/inicio\/index.php\/wp-json\/wp\/v2\/media\/59272"}],"wp:attachment":[{"href":"https:\/\/diariotextual.com\/inicio\/index.php\/wp-json\/wp\/v2\/media?parent=67657"}],"wp:term":[{"taxonomy":"category","embeddable":true,"href":"https:\/\/diariotextual.com\/inicio\/index.php\/wp-json\/wp\/v2\/categories?post=67657"},{"taxonomy":"post_tag","embeddable":true,"href":"https:\/\/diariotextual.com\/inicio\/index.php\/wp-json\/wp\/v2\/tags?post=67657"}],"curies":[{"name":"wp","href":"https:\/\/api.w.org\/{rel}","templated":true}]}}