{"id":67941,"date":"2019-10-30T09:21:14","date_gmt":"2019-10-30T12:21:14","guid":{"rendered":"http:\/\/diariotextual.com\/inicio\/?p=67941"},"modified":"2019-10-30T11:51:36","modified_gmt":"2019-10-30T14:51:36","slug":"nacion-quiere-pagar-compensacion-provincias-bienes-del-estado","status":"publish","type":"post","link":"https:\/\/diariotextual.com\/inicio\/index.php\/2019\/10\/30\/nacion-quiere-pagar-compensacion-provincias-bienes-del-estado\/","title":{"rendered":"Naci\u00f3n quiere pagar compensaci\u00f3n a provincias con bienes del Estado"},"content":{"rendered":"<p>El gobierno nacional resolvi\u00f3 pagar a las provincias, entre ellas La Pampa, la devoluci\u00f3n de los fondos afectados por el recorte del\u00a0IVA\u00a0a los alimentos y la elevaci\u00f3n del piso de Ganancias con fondos provenientes de la venta de bienes del Estado, seg\u00fan un decreto publicado el martes. Hoy se re\u00fanen los ministros de Econom\u00eda provinciales en el CFI para analizar los pasos a seguir.<\/p>\n<blockquote class=\"wp-embedded-content\" data-secret=\"S29PSCB5fO\"><p><a href=\"http:\/\/diariotextual.com\/inicio\/index.php\/2019\/10\/29\/franco-va-reunion-ministros-mayor-compensacion-iva-ganancias\/\">Franco va a reuni\u00f3n de ministros por mayor compensaci\u00f3n por IVA y Ganancias<\/a><\/p><\/blockquote>\n<p><iframe class=\"wp-embedded-content\" sandbox=\"allow-scripts\" security=\"restricted\" style=\"position: absolute; clip: rect(1px, 1px, 1px, 1px);\" src=\"http:\/\/diariotextual.com\/inicio\/index.php\/2019\/10\/29\/franco-va-reunion-ministros-mayor-compensacion-iva-ganancias\/embed\/#?secret=S29PSCB5fO\" data-secret=\"S29PSCB5fO\" width=\"600\" height=\"338\" title=\"&#171;Franco va a reuni\u00f3n de ministros por mayor compensaci\u00f3n por IVA y Ganancias&#187; &#8212; Diario Textual\" frameborder=\"0\" marginwidth=\"0\" marginheight=\"0\" scrolling=\"no\"><\/iframe><\/p>\n<p>La resoluci\u00f3n publicada ayer autoriz\u00f3 a la Agencia de Administraci\u00f3n de Bienes del Estado a \u00abdar en pago los bienes inmuebles desafectados del uso, declarados innecesarios y\/o sin destino, a fin de cancelar deudas y\/o afrontar compromisos de asistencia econ\u00f3mico financiera y\/o extinguir cualquier otra obligaci\u00f3n de caracter pecuniario que haya asumido el Estado Nacional, en el marco de convenios, contratos, actas o acuerdos celebrados con las Provincias y\/o la Ciudad Aut\u00f3noma de Buenos Aires\u00bb.<\/p>\n<p>Las provincias reclaman que el monto dispuesto por el Gobierno para compensarlas por la quita de IVA y Ganancias es exiguo luego de que la\u00a0Corte Suprema emitiera una medida cautelar que benefici\u00f3 a 15 jurisdicciones protegiendo la coparticipaci\u00f3n de las medidas que se dispusieron despu\u00e9s de las\u00a0PASO.<\/p>\n<p>La\u00a0Casa Rosada\u00a0hab\u00eda destrabado el pago de esa compensaci\u00f3n presupuestando alrededor de $2.629 millones, para pagos hasta el primero de enero, pero desde las provincias afirman que la compensaci\u00f3n deber\u00eda ser superior a los $45.000 millones.<\/p>\n<p>Hoy los ministros de Econom\u00eda provinciales, entre ellos el pampeano Ernesto Franco, se reunir\u00e1n en la sede del\u00a0Consejo Federal de Inversiones\u00a0(CFI), para analizar la situaci\u00f3n.<\/p>\n<p>&nbsp;<\/p>\n","protected":false},"excerpt":{"rendered":"<p>El gobierno nacional resolvi\u00f3 pagar a las provincias, entre ellas La Pampa, la devoluci\u00f3n de los fondos afectados por el recorte del\u00a0IVA\u00a0a los alimentos y la elevaci\u00f3n del piso de&hellip;<\/p>\n","protected":false},"author":7,"featured_media":60258,"comment_status":"closed","ping_status":"open","sticky":false,"template":"","format":"standard","meta":{"_acf_changed":false,"footnotes":""},"categories":[11,5],"tags":[],"class_list":["post-67941","post","type-post","status-publish","format-standard","has-post-thumbnail","hentry","category-que-pasa","category-economia"],"acf":[],"yoast_head":"<!-- This site is optimized with the Yoast SEO plugin v27.5 - https:\/\/yoast.com\/product\/yoast-seo-wordpress\/ -->\n<title>Naci\u00f3n quiere pagar compensaci\u00f3n a provincias con bienes del Estado - Diario Textual<\/title>\n<meta name=\"robots\" content=\"index, follow, max-snippet:-1, max-image-preview:large, max-video-preview:-1\" \/>\n<link rel=\"canonical\" href=\"https:\/\/diariotextual.com\/inicio\/index.php\/2019\/10\/30\/nacion-quiere-pagar-compensacion-provincias-bienes-del-estado\/\" \/>\n<meta property=\"og:locale\" content=\"es_ES\" \/>\n<meta property=\"og:type\" content=\"article\" \/>\n<meta property=\"og:title\" content=\"Naci\u00f3n quiere pagar compensaci\u00f3n a provincias con bienes del Estado - Diario Textual\" \/>\n<meta property=\"og:description\" content=\"El gobierno nacional resolvi\u00f3 pagar a las provincias, entre ellas La Pampa, la devoluci\u00f3n de los fondos afectados por el recorte del\u00a0IVA\u00a0a los alimentos y la elevaci\u00f3n del piso de&hellip;\" \/>\n<meta property=\"og:url\" content=\"https:\/\/diariotextual.com\/inicio\/index.php\/2019\/10\/30\/nacion-quiere-pagar-compensacion-provincias-bienes-del-estado\/\" \/>\n<meta property=\"og:site_name\" content=\"Diario Textual\" \/>\n<meta property=\"article:publisher\" content=\"https:\/\/www.facebook.com\/eltextual\" \/>\n<meta property=\"article:published_time\" content=\"2019-10-30T12:21:14+00:00\" \/>\n<meta property=\"article:modified_time\" content=\"2019-10-30T14:51:36+00:00\" \/>\n<meta property=\"og:image\" content=\"https:\/\/diariotextual.com\/inicio\/wp-content\/uploads\/2019\/08\/vernagobernadorespj8.jpg\" \/>\n\t<meta property=\"og:image:width\" content=\"819\" \/>\n\t<meta property=\"og:image:height\" content=\"521\" \/>\n\t<meta property=\"og:image:type\" content=\"image\/jpeg\" \/>\n<meta name=\"author\" content=\"diario5\" \/>\n<meta name=\"twitter:card\" content=\"summary_large_image\" \/>\n<meta name=\"twitter:creator\" content=\"@eltextual\" \/>\n<meta name=\"twitter:site\" content=\"@eltextual\" \/>\n<meta name=\"twitter:label1\" content=\"Escrito por\" \/>\n\t<meta name=\"twitter:data1\" content=\"diario5\" \/>\n\t<meta name=\"twitter:label2\" content=\"Tiempo de lectura\" \/>\n\t<meta name=\"twitter:data2\" content=\"1 minuto\" \/>\n<script type=\"application\/ld+json\" class=\"yoast-schema-graph\">{\"@context\":\"https:\\\/\\\/schema.org\",\"@graph\":[{\"@type\":\"Article\",\"@id\":\"https:\\\/\\\/diariotextual.com\\\/inicio\\\/index.php\\\/2019\\\/10\\\/30\\\/nacion-quiere-pagar-compensacion-provincias-bienes-del-estado\\\/#article\",\"isPartOf\":{\"@id\":\"https:\\\/\\\/diariotextual.com\\\/inicio\\\/index.php\\\/2019\\\/10\\\/30\\\/nacion-quiere-pagar-compensacion-provincias-bienes-del-estado\\\/\"},\"author\":{\"name\":\"diario5\",\"@id\":\"https:\\\/\\\/diariotextual.com\\\/inicio\\\/#\\\/schema\\\/person\\\/c7834961ad8b29b1d9cdbf4571299067\"},\"headline\":\"Naci\u00f3n quiere pagar compensaci\u00f3n a provincias con bienes del Estado\",\"datePublished\":\"2019-10-30T12:21:14+00:00\",\"dateModified\":\"2019-10-30T14:51:36+00:00\",\"mainEntityOfPage\":{\"@id\":\"https:\\\/\\\/diariotextual.com\\\/inicio\\\/index.php\\\/2019\\\/10\\\/30\\\/nacion-quiere-pagar-compensacion-provincias-bienes-del-estado\\\/\"},\"wordCount\":294,\"publisher\":{\"@id\":\"https:\\\/\\\/diariotextual.com\\\/inicio\\\/#organization\"},\"image\":{\"@id\":\"https:\\\/\\\/diariotextual.com\\\/inicio\\\/index.php\\\/2019\\\/10\\\/30\\\/nacion-quiere-pagar-compensacion-provincias-bienes-del-estado\\\/#primaryimage\"},\"thumbnailUrl\":\"https:\\\/\\\/diariotextual.com\\\/inicio\\\/wp-content\\\/uploads\\\/2019\\\/08\\\/vernagobernadorespj8.jpg\",\"articleSection\":[\"A - QUE PASA (al costado)\",\"ECONOMIA\"],\"inLanguage\":\"es\"},{\"@type\":\"WebPage\",\"@id\":\"https:\\\/\\\/diariotextual.com\\\/inicio\\\/index.php\\\/2019\\\/10\\\/30\\\/nacion-quiere-pagar-compensacion-provincias-bienes-del-estado\\\/\",\"url\":\"https:\\\/\\\/diariotextual.com\\\/inicio\\\/index.php\\\/2019\\\/10\\\/30\\\/nacion-quiere-pagar-compensacion-provincias-bienes-del-estado\\\/\",\"name\":\"Naci\u00f3n quiere pagar compensaci\u00f3n a provincias con bienes del Estado - Diario Textual\",\"isPartOf\":{\"@id\":\"https:\\\/\\\/diariotextual.com\\\/inicio\\\/#website\"},\"primaryImageOfPage\":{\"@id\":\"https:\\\/\\\/diariotextual.com\\\/inicio\\\/index.php\\\/2019\\\/10\\\/30\\\/nacion-quiere-pagar-compensacion-provincias-bienes-del-estado\\\/#primaryimage\"},\"image\":{\"@id\":\"https:\\\/\\\/diariotextual.com\\\/inicio\\\/index.php\\\/2019\\\/10\\\/30\\\/nacion-quiere-pagar-compensacion-provincias-bienes-del-estado\\\/#primaryimage\"},\"thumbnailUrl\":\"https:\\\/\\\/diariotextual.com\\\/inicio\\\/wp-content\\\/uploads\\\/2019\\\/08\\\/vernagobernadorespj8.jpg\",\"datePublished\":\"2019-10-30T12:21:14+00:00\",\"dateModified\":\"2019-10-30T14:51:36+00:00\",\"breadcrumb\":{\"@id\":\"https:\\\/\\\/diariotextual.com\\\/inicio\\\/index.php\\\/2019\\\/10\\\/30\\\/nacion-quiere-pagar-compensacion-provincias-bienes-del-estado\\\/#breadcrumb\"},\"inLanguage\":\"es\",\"potentialAction\":[{\"@type\":\"ReadAction\",\"target\":[\"https:\\\/\\\/diariotextual.com\\\/inicio\\\/index.php\\\/2019\\\/10\\\/30\\\/nacion-quiere-pagar-compensacion-provincias-bienes-del-estado\\\/\"]}]},{\"@type\":\"ImageObject\",\"inLanguage\":\"es\",\"@id\":\"https:\\\/\\\/diariotextual.com\\\/inicio\\\/index.php\\\/2019\\\/10\\\/30\\\/nacion-quiere-pagar-compensacion-provincias-bienes-del-estado\\\/#primaryimage\",\"url\":\"https:\\\/\\\/diariotextual.com\\\/inicio\\\/wp-content\\\/uploads\\\/2019\\\/08\\\/vernagobernadorespj8.jpg\",\"contentUrl\":\"https:\\\/\\\/diariotextual.com\\\/inicio\\\/wp-content\\\/uploads\\\/2019\\\/08\\\/vernagobernadorespj8.jpg\",\"width\":819,\"height\":521},{\"@type\":\"BreadcrumbList\",\"@id\":\"https:\\\/\\\/diariotextual.com\\\/inicio\\\/index.php\\\/2019\\\/10\\\/30\\\/nacion-quiere-pagar-compensacion-provincias-bienes-del-estado\\\/#breadcrumb\",\"itemListElement\":[{\"@type\":\"ListItem\",\"position\":1,\"name\":\"Portada\",\"item\":\"https:\\\/\\\/diariotextual.com\\\/inicio\\\/\"},{\"@type\":\"ListItem\",\"position\":2,\"name\":\"Naci\u00f3n quiere pagar compensaci\u00f3n a provincias con bienes del Estado\"}]},{\"@type\":\"WebSite\",\"@id\":\"https:\\\/\\\/diariotextual.com\\\/inicio\\\/#website\",\"url\":\"https:\\\/\\\/diariotextual.com\\\/inicio\\\/\",\"name\":\"Diario Textual\",\"description\":\"\",\"publisher\":{\"@id\":\"https:\\\/\\\/diariotextual.com\\\/inicio\\\/#organization\"},\"potentialAction\":[{\"@type\":\"SearchAction\",\"target\":{\"@type\":\"EntryPoint\",\"urlTemplate\":\"https:\\\/\\\/diariotextual.com\\\/inicio\\\/?s={search_term_string}\"},\"query-input\":{\"@type\":\"PropertyValueSpecification\",\"valueRequired\":true,\"valueName\":\"search_term_string\"}}],\"inLanguage\":\"es\"},{\"@type\":\"Organization\",\"@id\":\"https:\\\/\\\/diariotextual.com\\\/inicio\\\/#organization\",\"name\":\"Diario Textual\",\"url\":\"https:\\\/\\\/diariotextual.com\\\/inicio\\\/\",\"logo\":{\"@type\":\"ImageObject\",\"inLanguage\":\"es\",\"@id\":\"https:\\\/\\\/diariotextual.com\\\/inicio\\\/#\\\/schema\\\/logo\\\/image\\\/\",\"url\":\"https:\\\/\\\/diariotextual.com\\\/inicio\\\/wp-content\\\/uploads\\\/2023\\\/05\\\/logotextual1.jpg\",\"contentUrl\":\"https:\\\/\\\/diariotextual.com\\\/inicio\\\/wp-content\\\/uploads\\\/2023\\\/05\\\/logotextual1.jpg\",\"width\":516,\"height\":76,\"caption\":\"Diario Textual\"},\"image\":{\"@id\":\"https:\\\/\\\/diariotextual.com\\\/inicio\\\/#\\\/schema\\\/logo\\\/image\\\/\"},\"sameAs\":[\"https:\\\/\\\/www.facebook.com\\\/eltextual\",\"https:\\\/\\\/x.com\\\/eltextual\",\"http:\\\/\\\/www.instagram.com\\\/eltextual\"]},{\"@type\":\"Person\",\"@id\":\"https:\\\/\\\/diariotextual.com\\\/inicio\\\/#\\\/schema\\\/person\\\/c7834961ad8b29b1d9cdbf4571299067\",\"name\":\"diario5\",\"image\":{\"@type\":\"ImageObject\",\"inLanguage\":\"es\",\"@id\":\"https:\\\/\\\/secure.gravatar.com\\\/avatar\\\/948c893b847ca6df68216ead81b63f363408ec9b0f600fefc0641ce78613b111?s=96&d=mm&r=g\",\"url\":\"https:\\\/\\\/secure.gravatar.com\\\/avatar\\\/948c893b847ca6df68216ead81b63f363408ec9b0f600fefc0641ce78613b111?s=96&d=mm&r=g\",\"contentUrl\":\"https:\\\/\\\/secure.gravatar.com\\\/avatar\\\/948c893b847ca6df68216ead81b63f363408ec9b0f600fefc0641ce78613b111?s=96&d=mm&r=g\",\"caption\":\"diario5\"},\"url\":\"https:\\\/\\\/diariotextual.com\\\/inicio\\\/index.php\\\/author\\\/diario5\\\/\"}]}<\/script>\n<!-- \/ Yoast SEO plugin. -->","yoast_head_json":{"title":"Naci\u00f3n quiere pagar compensaci\u00f3n a provincias con bienes del Estado - Diario Textual","robots":{"index":"index","follow":"follow","max-snippet":"max-snippet:-1","max-image-preview":"max-image-preview:large","max-video-preview":"max-video-preview:-1"},"canonical":"https:\/\/diariotextual.com\/inicio\/index.php\/2019\/10\/30\/nacion-quiere-pagar-compensacion-provincias-bienes-del-estado\/","og_locale":"es_ES","og_type":"article","og_title":"Naci\u00f3n quiere pagar compensaci\u00f3n a provincias con bienes del Estado - Diario Textual","og_description":"El gobierno nacional resolvi\u00f3 pagar a las provincias, entre ellas La Pampa, la devoluci\u00f3n de los fondos afectados por el recorte del\u00a0IVA\u00a0a los alimentos y la elevaci\u00f3n del piso de&hellip;","og_url":"https:\/\/diariotextual.com\/inicio\/index.php\/2019\/10\/30\/nacion-quiere-pagar-compensacion-provincias-bienes-del-estado\/","og_site_name":"Diario Textual","article_publisher":"https:\/\/www.facebook.com\/eltextual","article_published_time":"2019-10-30T12:21:14+00:00","article_modified_time":"2019-10-30T14:51:36+00:00","og_image":[{"width":819,"height":521,"url":"https:\/\/diariotextual.com\/inicio\/wp-content\/uploads\/2019\/08\/vernagobernadorespj8.jpg","type":"image\/jpeg"}],"author":"diario5","twitter_card":"summary_large_image","twitter_creator":"@eltextual","twitter_site":"@eltextual","twitter_misc":{"Escrito por":"diario5","Tiempo de lectura":"1 minuto"},"schema":{"@context":"https:\/\/schema.org","@graph":[{"@type":"Article","@id":"https:\/\/diariotextual.com\/inicio\/index.php\/2019\/10\/30\/nacion-quiere-pagar-compensacion-provincias-bienes-del-estado\/#article","isPartOf":{"@id":"https:\/\/diariotextual.com\/inicio\/index.php\/2019\/10\/30\/nacion-quiere-pagar-compensacion-provincias-bienes-del-estado\/"},"author":{"name":"diario5","@id":"https:\/\/diariotextual.com\/inicio\/#\/schema\/person\/c7834961ad8b29b1d9cdbf4571299067"},"headline":"Naci\u00f3n quiere pagar compensaci\u00f3n a provincias con bienes del Estado","datePublished":"2019-10-30T12:21:14+00:00","dateModified":"2019-10-30T14:51:36+00:00","mainEntityOfPage":{"@id":"https:\/\/diariotextual.com\/inicio\/index.php\/2019\/10\/30\/nacion-quiere-pagar-compensacion-provincias-bienes-del-estado\/"},"wordCount":294,"publisher":{"@id":"https:\/\/diariotextual.com\/inicio\/#organization"},"image":{"@id":"https:\/\/diariotextual.com\/inicio\/index.php\/2019\/10\/30\/nacion-quiere-pagar-compensacion-provincias-bienes-del-estado\/#primaryimage"},"thumbnailUrl":"https:\/\/diariotextual.com\/inicio\/wp-content\/uploads\/2019\/08\/vernagobernadorespj8.jpg","articleSection":["A - QUE PASA (al costado)","ECONOMIA"],"inLanguage":"es"},{"@type":"WebPage","@id":"https:\/\/diariotextual.com\/inicio\/index.php\/2019\/10\/30\/nacion-quiere-pagar-compensacion-provincias-bienes-del-estado\/","url":"https:\/\/diariotextual.com\/inicio\/index.php\/2019\/10\/30\/nacion-quiere-pagar-compensacion-provincias-bienes-del-estado\/","name":"Naci\u00f3n quiere pagar compensaci\u00f3n a provincias con bienes del Estado - Diario Textual","isPartOf":{"@id":"https:\/\/diariotextual.com\/inicio\/#website"},"primaryImageOfPage":{"@id":"https:\/\/diariotextual.com\/inicio\/index.php\/2019\/10\/30\/nacion-quiere-pagar-compensacion-provincias-bienes-del-estado\/#primaryimage"},"image":{"@id":"https:\/\/diariotextual.com\/inicio\/index.php\/2019\/10\/30\/nacion-quiere-pagar-compensacion-provincias-bienes-del-estado\/#primaryimage"},"thumbnailUrl":"https:\/\/diariotextual.com\/inicio\/wp-content\/uploads\/2019\/08\/vernagobernadorespj8.jpg","datePublished":"2019-10-30T12:21:14+00:00","dateModified":"2019-10-30T14:51:36+00:00","breadcrumb":{"@id":"https:\/\/diariotextual.com\/inicio\/index.php\/2019\/10\/30\/nacion-quiere-pagar-compensacion-provincias-bienes-del-estado\/#breadcrumb"},"inLanguage":"es","potentialAction":[{"@type":"ReadAction","target":["https:\/\/diariotextual.com\/inicio\/index.php\/2019\/10\/30\/nacion-quiere-pagar-compensacion-provincias-bienes-del-estado\/"]}]},{"@type":"ImageObject","inLanguage":"es","@id":"https:\/\/diariotextual.com\/inicio\/index.php\/2019\/10\/30\/nacion-quiere-pagar-compensacion-provincias-bienes-del-estado\/#primaryimage","url":"https:\/\/diariotextual.com\/inicio\/wp-content\/uploads\/2019\/08\/vernagobernadorespj8.jpg","contentUrl":"https:\/\/diariotextual.com\/inicio\/wp-content\/uploads\/2019\/08\/vernagobernadorespj8.jpg","width":819,"height":521},{"@type":"BreadcrumbList","@id":"https:\/\/diariotextual.com\/inicio\/index.php\/2019\/10\/30\/nacion-quiere-pagar-compensacion-provincias-bienes-del-estado\/#breadcrumb","itemListElement":[{"@type":"ListItem","position":1,"name":"Portada","item":"https:\/\/diariotextual.com\/inicio\/"},{"@type":"ListItem","position":2,"name":"Naci\u00f3n quiere pagar compensaci\u00f3n a provincias con bienes del Estado"}]},{"@type":"WebSite","@id":"https:\/\/diariotextual.com\/inicio\/#website","url":"https:\/\/diariotextual.com\/inicio\/","name":"Diario Textual","description":"","publisher":{"@id":"https:\/\/diariotextual.com\/inicio\/#organization"},"potentialAction":[{"@type":"SearchAction","target":{"@type":"EntryPoint","urlTemplate":"https:\/\/diariotextual.com\/inicio\/?s={search_term_string}"},"query-input":{"@type":"PropertyValueSpecification","valueRequired":true,"valueName":"search_term_string"}}],"inLanguage":"es"},{"@type":"Organization","@id":"https:\/\/diariotextual.com\/inicio\/#organization","name":"Diario Textual","url":"https:\/\/diariotextual.com\/inicio\/","logo":{"@type":"ImageObject","inLanguage":"es","@id":"https:\/\/diariotextual.com\/inicio\/#\/schema\/logo\/image\/","url":"https:\/\/diariotextual.com\/inicio\/wp-content\/uploads\/2023\/05\/logotextual1.jpg","contentUrl":"https:\/\/diariotextual.com\/inicio\/wp-content\/uploads\/2023\/05\/logotextual1.jpg","width":516,"height":76,"caption":"Diario Textual"},"image":{"@id":"https:\/\/diariotextual.com\/inicio\/#\/schema\/logo\/image\/"},"sameAs":["https:\/\/www.facebook.com\/eltextual","https:\/\/x.com\/eltextual","http:\/\/www.instagram.com\/eltextual"]},{"@type":"Person","@id":"https:\/\/diariotextual.com\/inicio\/#\/schema\/person\/c7834961ad8b29b1d9cdbf4571299067","name":"diario5","image":{"@type":"ImageObject","inLanguage":"es","@id":"https:\/\/secure.gravatar.com\/avatar\/948c893b847ca6df68216ead81b63f363408ec9b0f600fefc0641ce78613b111?s=96&d=mm&r=g","url":"https:\/\/secure.gravatar.com\/avatar\/948c893b847ca6df68216ead81b63f363408ec9b0f600fefc0641ce78613b111?s=96&d=mm&r=g","contentUrl":"https:\/\/secure.gravatar.com\/avatar\/948c893b847ca6df68216ead81b63f363408ec9b0f600fefc0641ce78613b111?s=96&d=mm&r=g","caption":"diario5"},"url":"https:\/\/diariotextual.com\/inicio\/index.php\/author\/diario5\/"}]}},"_links":{"self":[{"href":"https:\/\/diariotextual.com\/inicio\/index.php\/wp-json\/wp\/v2\/posts\/67941","targetHints":{"allow":["GET"]}}],"collection":[{"href":"https:\/\/diariotextual.com\/inicio\/index.php\/wp-json\/wp\/v2\/posts"}],"about":[{"href":"https:\/\/diariotextual.com\/inicio\/index.php\/wp-json\/wp\/v2\/types\/post"}],"author":[{"embeddable":true,"href":"https:\/\/diariotextual.com\/inicio\/index.php\/wp-json\/wp\/v2\/users\/7"}],"replies":[{"embeddable":true,"href":"https:\/\/diariotextual.com\/inicio\/index.php\/wp-json\/wp\/v2\/comments?post=67941"}],"version-history":[{"count":2,"href":"https:\/\/diariotextual.com\/inicio\/index.php\/wp-json\/wp\/v2\/posts\/67941\/revisions"}],"predecessor-version":[{"id":67944,"href":"https:\/\/diariotextual.com\/inicio\/index.php\/wp-json\/wp\/v2\/posts\/67941\/revisions\/67944"}],"wp:featuredmedia":[{"embeddable":true,"href":"https:\/\/diariotextual.com\/inicio\/index.php\/wp-json\/wp\/v2\/media\/60258"}],"wp:attachment":[{"href":"https:\/\/diariotextual.com\/inicio\/index.php\/wp-json\/wp\/v2\/media?parent=67941"}],"wp:term":[{"taxonomy":"category","embeddable":true,"href":"https:\/\/diariotextual.com\/inicio\/index.php\/wp-json\/wp\/v2\/categories?post=67941"},{"taxonomy":"post_tag","embeddable":true,"href":"https:\/\/diariotextual.com\/inicio\/index.php\/wp-json\/wp\/v2\/tags?post=67941"}],"curies":[{"name":"wp","href":"https:\/\/api.w.org\/{rel}","templated":true}]}}