{"id":68058,"date":"2019-10-30T17:52:13","date_gmt":"2019-10-30T20:52:13","guid":{"rendered":"http:\/\/diariotextual.com\/inicio\/?p=68058"},"modified":"2019-10-30T20:05:52","modified_gmt":"2019-10-30T23:05:52","slug":"combustibles-se-viene-aumento-del-4-los-proximos-dias","status":"publish","type":"post","link":"https:\/\/diariotextual.com\/inicio\/index.php\/2019\/10\/30\/combustibles-se-viene-aumento-del-4-los-proximos-dias\/","title":{"rendered":"Combustibles: se viene un aumento del 4% en los pr\u00f3ximos d\u00edas"},"content":{"rendered":"<p>La <strong>Secretar\u00eda de Energ\u00eda de Naci\u00f3n podr\u00eda habilitar un nuevo incremento en torno al 4% en los pr\u00f3ximos d\u00edas.<\/strong> \u201cEstamos <strong>negociando con las provincias y las empresas petroleras<\/strong>\u201d, confirmaron desde el Gobierno Nacional y agregaron: \u201c<strong>Los precios est\u00e1n atrasados un 17% todav\u00eda. No vemos margen para subir lo que piden<\/strong>. Ser\u00e1 un aumento escalonado\u201d.<\/p>\n<p><!--more--><\/p>\n<p>La<strong> resoluci\u00f3n que fij\u00f3 el tipo de cambio a $49,30 y el precio del barril a US$59 vence en dos semanas, el pr\u00f3ximo 14 de noviembre<\/strong>. Para las <strong>empresas y los analistas que siguen el sector, los precios en surtidor est\u00e1n atrasados entre 20% y 22%<\/strong>, teniendo en cuenta un tipo de cambio mayorista de $59,48, un Brent (precio internacional del petr\u00f3leo) en torno a los US$60 por barril, manteniendo los m\u00e1rgenes de refinaci\u00f3n y actualizando el impuesto a los combustibles l\u00edquidos (ICL) y a los biocombustibles.<\/p>\n<p>Sin embargo, las petroleras repiten que nunca se aplic\u00f3 un incremento tan brusco.<strong> Cuando hubo estas diferencias entre el precio local y el internacional, las empresas realizaron aumentos escalonados. La m\u00e1xima suba que se hizo fue de 9,5%<\/strong> en el \u00e1rea metropolitana en septiembre del a\u00f1o pasado.<\/p>\n<p>Los consumidores tampoco convalidar\u00edan un aumento del 20%. <strong>En lo que va del a\u00f1o, la demanda de nafta s\u00faper se mantuvo estable, pero porque reemplaz\u00f3 el consumo de la premium, que se derrumb\u00f3 un 25% comparado con el a\u00f1o pasado<\/strong>, que tambi\u00e9n fue malo. Por otro lado, las tarifas de colectivos, subte y tren se mantendr\u00e1n congeladas hasta por lo menos fin de a\u00f1o, public\u00f3 el diario La Naci\u00f3n.<\/p>\n<p>La <strong>medida de fijar el precio de combustible y del crudo hab\u00eda tra\u00eddo mucho malestar en la industria. YPF le admiti\u00f3 a sus accionistas que la resoluci\u00f3n implicaba dejar de ganar hasta US$120 millones por mes<\/strong>. De hecho, la C\u00e1mara Argentina de la Energ\u00eda (CADE) present\u00f3 la semana pasada una acci\u00f3n de amparo judicial en reclamo de la inconstitucionalidad de los decretos de necesidad y urgencia (DNU). Entre las empresas que integran la c\u00e1mara est\u00e1n YPF, Pan American Energy (PAE), Ra\u00edzen, Pluspetrol, Total Austral, Chevron y Shell.<\/p>\n<p>En el comunicado que emitieron indicaron: \u201c<strong>El congelamiento de precios gener\u00f3 una grave distorsi\u00f3n que repercute en los niveles de inversi\u00f3n, la actividad y el empleo\u201d.<\/strong><\/p>\n<p>Hasta ese entonces,<strong> la petrolera Vista Oil &amp; Gas, que fund\u00f3 Miguel Galuccio, hab\u00eda sido la \u00fanica en presentarse ante la Justicia para rechazar la medida. Luego se sumaron las provincias de Neuqu\u00e9n y R\u00edo Negro<\/strong>, que tambi\u00e9n protestaron por las ganancias que dejan de percibir por el congelamiento de las regal\u00edas.<\/p>\n<p>&nbsp;<\/p>\n","protected":false},"excerpt":{"rendered":"<p>La Secretar\u00eda de Energ\u00eda de Naci\u00f3n podr\u00eda habilitar un nuevo incremento en torno al 4% en los pr\u00f3ximos d\u00edas. \u201cEstamos negociando con las provincias y las empresas petroleras\u201d, confirmaron desde&hellip;<\/p>\n","protected":false},"author":5,"featured_media":12301,"comment_status":"closed","ping_status":"open","sticky":false,"template":"","format":"standard","meta":{"_acf_changed":false,"footnotes":""},"categories":[10,5],"tags":[],"class_list":["post-68058","post","type-post","status-publish","format-standard","has-post-thumbnail","hentry","category-portada-2","category-economia"],"acf":[],"yoast_head":"<!-- This site is optimized with the Yoast SEO plugin v27.5 - https:\/\/yoast.com\/product\/yoast-seo-wordpress\/ -->\n<title>Combustibles: se viene un aumento del 4% en los pr\u00f3ximos d\u00edas - Diario Textual<\/title>\n<meta name=\"robots\" content=\"index, follow, max-snippet:-1, max-image-preview:large, max-video-preview:-1\" \/>\n<link rel=\"canonical\" href=\"https:\/\/diariotextual.com\/inicio\/index.php\/2019\/10\/30\/combustibles-se-viene-aumento-del-4-los-proximos-dias\/\" \/>\n<meta property=\"og:locale\" content=\"es_ES\" \/>\n<meta property=\"og:type\" content=\"article\" \/>\n<meta property=\"og:title\" content=\"Combustibles: se viene un aumento del 4% en los pr\u00f3ximos d\u00edas - Diario Textual\" \/>\n<meta property=\"og:description\" content=\"La Secretar\u00eda de Energ\u00eda de Naci\u00f3n podr\u00eda habilitar un nuevo incremento en torno al 4% en los pr\u00f3ximos d\u00edas. \u201cEstamos negociando con las provincias y las empresas petroleras\u201d, confirmaron desde&hellip;\" \/>\n<meta property=\"og:url\" content=\"https:\/\/diariotextual.com\/inicio\/index.php\/2019\/10\/30\/combustibles-se-viene-aumento-del-4-los-proximos-dias\/\" \/>\n<meta property=\"og:site_name\" content=\"Diario Textual\" \/>\n<meta property=\"article:publisher\" content=\"https:\/\/www.facebook.com\/eltextual\" \/>\n<meta property=\"article:published_time\" content=\"2019-10-30T20:52:13+00:00\" \/>\n<meta property=\"article:modified_time\" content=\"2019-10-30T23:05:52+00:00\" \/>\n<meta property=\"og:image\" content=\"https:\/\/diariotextual.com\/inicio\/wp-content\/uploads\/2018\/07\/estaciondeserviciosurtidor.jpg\" \/>\n\t<meta property=\"og:image:width\" content=\"700\" \/>\n\t<meta property=\"og:image:height\" content=\"394\" \/>\n\t<meta property=\"og:image:type\" content=\"image\/jpeg\" \/>\n<meta name=\"author\" content=\"diario3\" \/>\n<meta name=\"twitter:card\" content=\"summary_large_image\" \/>\n<meta name=\"twitter:creator\" content=\"@eltextual\" \/>\n<meta name=\"twitter:site\" content=\"@eltextual\" \/>\n<meta name=\"twitter:label1\" content=\"Escrito por\" \/>\n\t<meta name=\"twitter:data1\" content=\"diario3\" \/>\n\t<meta name=\"twitter:label2\" content=\"Tiempo de lectura\" \/>\n\t<meta name=\"twitter:data2\" content=\"2 minutos\" \/>\n<script type=\"application\/ld+json\" class=\"yoast-schema-graph\">{\"@context\":\"https:\\\/\\\/schema.org\",\"@graph\":[{\"@type\":\"Article\",\"@id\":\"https:\\\/\\\/diariotextual.com\\\/inicio\\\/index.php\\\/2019\\\/10\\\/30\\\/combustibles-se-viene-aumento-del-4-los-proximos-dias\\\/#article\",\"isPartOf\":{\"@id\":\"https:\\\/\\\/diariotextual.com\\\/inicio\\\/index.php\\\/2019\\\/10\\\/30\\\/combustibles-se-viene-aumento-del-4-los-proximos-dias\\\/\"},\"author\":{\"name\":\"diario3\",\"@id\":\"https:\\\/\\\/diariotextual.com\\\/inicio\\\/#\\\/schema\\\/person\\\/a1b6f563e0ee944c60f98119389a4d9f\"},\"headline\":\"Combustibles: se viene un aumento del 4% en los pr\u00f3ximos d\u00edas\",\"datePublished\":\"2019-10-30T20:52:13+00:00\",\"dateModified\":\"2019-10-30T23:05:52+00:00\",\"mainEntityOfPage\":{\"@id\":\"https:\\\/\\\/diariotextual.com\\\/inicio\\\/index.php\\\/2019\\\/10\\\/30\\\/combustibles-se-viene-aumento-del-4-los-proximos-dias\\\/\"},\"wordCount\":466,\"publisher\":{\"@id\":\"https:\\\/\\\/diariotextual.com\\\/inicio\\\/#organization\"},\"image\":{\"@id\":\"https:\\\/\\\/diariotextual.com\\\/inicio\\\/index.php\\\/2019\\\/10\\\/30\\\/combustibles-se-viene-aumento-del-4-los-proximos-dias\\\/#primaryimage\"},\"thumbnailUrl\":\"https:\\\/\\\/diariotextual.com\\\/inicio\\\/wp-content\\\/uploads\\\/2018\\\/07\\\/estaciondeserviciosurtidor.jpg\",\"articleSection\":[\"A - PORTADA2\",\"ECONOMIA\"],\"inLanguage\":\"es\"},{\"@type\":\"WebPage\",\"@id\":\"https:\\\/\\\/diariotextual.com\\\/inicio\\\/index.php\\\/2019\\\/10\\\/30\\\/combustibles-se-viene-aumento-del-4-los-proximos-dias\\\/\",\"url\":\"https:\\\/\\\/diariotextual.com\\\/inicio\\\/index.php\\\/2019\\\/10\\\/30\\\/combustibles-se-viene-aumento-del-4-los-proximos-dias\\\/\",\"name\":\"Combustibles: se viene un aumento del 4% en los pr\u00f3ximos d\u00edas - Diario Textual\",\"isPartOf\":{\"@id\":\"https:\\\/\\\/diariotextual.com\\\/inicio\\\/#website\"},\"primaryImageOfPage\":{\"@id\":\"https:\\\/\\\/diariotextual.com\\\/inicio\\\/index.php\\\/2019\\\/10\\\/30\\\/combustibles-se-viene-aumento-del-4-los-proximos-dias\\\/#primaryimage\"},\"image\":{\"@id\":\"https:\\\/\\\/diariotextual.com\\\/inicio\\\/index.php\\\/2019\\\/10\\\/30\\\/combustibles-se-viene-aumento-del-4-los-proximos-dias\\\/#primaryimage\"},\"thumbnailUrl\":\"https:\\\/\\\/diariotextual.com\\\/inicio\\\/wp-content\\\/uploads\\\/2018\\\/07\\\/estaciondeserviciosurtidor.jpg\",\"datePublished\":\"2019-10-30T20:52:13+00:00\",\"dateModified\":\"2019-10-30T23:05:52+00:00\",\"breadcrumb\":{\"@id\":\"https:\\\/\\\/diariotextual.com\\\/inicio\\\/index.php\\\/2019\\\/10\\\/30\\\/combustibles-se-viene-aumento-del-4-los-proximos-dias\\\/#breadcrumb\"},\"inLanguage\":\"es\",\"potentialAction\":[{\"@type\":\"ReadAction\",\"target\":[\"https:\\\/\\\/diariotextual.com\\\/inicio\\\/index.php\\\/2019\\\/10\\\/30\\\/combustibles-se-viene-aumento-del-4-los-proximos-dias\\\/\"]}]},{\"@type\":\"ImageObject\",\"inLanguage\":\"es\",\"@id\":\"https:\\\/\\\/diariotextual.com\\\/inicio\\\/index.php\\\/2019\\\/10\\\/30\\\/combustibles-se-viene-aumento-del-4-los-proximos-dias\\\/#primaryimage\",\"url\":\"https:\\\/\\\/diariotextual.com\\\/inicio\\\/wp-content\\\/uploads\\\/2018\\\/07\\\/estaciondeserviciosurtidor.jpg\",\"contentUrl\":\"https:\\\/\\\/diariotextual.com\\\/inicio\\\/wp-content\\\/uploads\\\/2018\\\/07\\\/estaciondeserviciosurtidor.jpg\",\"width\":700,\"height\":394},{\"@type\":\"BreadcrumbList\",\"@id\":\"https:\\\/\\\/diariotextual.com\\\/inicio\\\/index.php\\\/2019\\\/10\\\/30\\\/combustibles-se-viene-aumento-del-4-los-proximos-dias\\\/#breadcrumb\",\"itemListElement\":[{\"@type\":\"ListItem\",\"position\":1,\"name\":\"Portada\",\"item\":\"https:\\\/\\\/diariotextual.com\\\/inicio\\\/\"},{\"@type\":\"ListItem\",\"position\":2,\"name\":\"Combustibles: se viene un aumento del 4% en los pr\u00f3ximos d\u00edas\"}]},{\"@type\":\"WebSite\",\"@id\":\"https:\\\/\\\/diariotextual.com\\\/inicio\\\/#website\",\"url\":\"https:\\\/\\\/diariotextual.com\\\/inicio\\\/\",\"name\":\"Diario Textual\",\"description\":\"\",\"publisher\":{\"@id\":\"https:\\\/\\\/diariotextual.com\\\/inicio\\\/#organization\"},\"potentialAction\":[{\"@type\":\"SearchAction\",\"target\":{\"@type\":\"EntryPoint\",\"urlTemplate\":\"https:\\\/\\\/diariotextual.com\\\/inicio\\\/?s={search_term_string}\"},\"query-input\":{\"@type\":\"PropertyValueSpecification\",\"valueRequired\":true,\"valueName\":\"search_term_string\"}}],\"inLanguage\":\"es\"},{\"@type\":\"Organization\",\"@id\":\"https:\\\/\\\/diariotextual.com\\\/inicio\\\/#organization\",\"name\":\"Diario Textual\",\"url\":\"https:\\\/\\\/diariotextual.com\\\/inicio\\\/\",\"logo\":{\"@type\":\"ImageObject\",\"inLanguage\":\"es\",\"@id\":\"https:\\\/\\\/diariotextual.com\\\/inicio\\\/#\\\/schema\\\/logo\\\/image\\\/\",\"url\":\"https:\\\/\\\/diariotextual.com\\\/inicio\\\/wp-content\\\/uploads\\\/2023\\\/05\\\/logotextual1.jpg\",\"contentUrl\":\"https:\\\/\\\/diariotextual.com\\\/inicio\\\/wp-content\\\/uploads\\\/2023\\\/05\\\/logotextual1.jpg\",\"width\":516,\"height\":76,\"caption\":\"Diario Textual\"},\"image\":{\"@id\":\"https:\\\/\\\/diariotextual.com\\\/inicio\\\/#\\\/schema\\\/logo\\\/image\\\/\"},\"sameAs\":[\"https:\\\/\\\/www.facebook.com\\\/eltextual\",\"https:\\\/\\\/x.com\\\/eltextual\",\"http:\\\/\\\/www.instagram.com\\\/eltextual\"]},{\"@type\":\"Person\",\"@id\":\"https:\\\/\\\/diariotextual.com\\\/inicio\\\/#\\\/schema\\\/person\\\/a1b6f563e0ee944c60f98119389a4d9f\",\"name\":\"diario3\",\"image\":{\"@type\":\"ImageObject\",\"inLanguage\":\"es\",\"@id\":\"https:\\\/\\\/secure.gravatar.com\\\/avatar\\\/5e7ee62c82fc04d9dd79d746a390d93c69c43223e5faeeb3ea9461ef752bfc5d?s=96&d=mm&r=g\",\"url\":\"https:\\\/\\\/secure.gravatar.com\\\/avatar\\\/5e7ee62c82fc04d9dd79d746a390d93c69c43223e5faeeb3ea9461ef752bfc5d?s=96&d=mm&r=g\",\"contentUrl\":\"https:\\\/\\\/secure.gravatar.com\\\/avatar\\\/5e7ee62c82fc04d9dd79d746a390d93c69c43223e5faeeb3ea9461ef752bfc5d?s=96&d=mm&r=g\",\"caption\":\"diario3\"},\"url\":\"https:\\\/\\\/diariotextual.com\\\/inicio\\\/index.php\\\/author\\\/diario3\\\/\"}]}<\/script>\n<!-- \/ Yoast SEO plugin. -->","yoast_head_json":{"title":"Combustibles: se viene un aumento del 4% en los pr\u00f3ximos d\u00edas - Diario Textual","robots":{"index":"index","follow":"follow","max-snippet":"max-snippet:-1","max-image-preview":"max-image-preview:large","max-video-preview":"max-video-preview:-1"},"canonical":"https:\/\/diariotextual.com\/inicio\/index.php\/2019\/10\/30\/combustibles-se-viene-aumento-del-4-los-proximos-dias\/","og_locale":"es_ES","og_type":"article","og_title":"Combustibles: se viene un aumento del 4% en los pr\u00f3ximos d\u00edas - Diario Textual","og_description":"La Secretar\u00eda de Energ\u00eda de Naci\u00f3n podr\u00eda habilitar un nuevo incremento en torno al 4% en los pr\u00f3ximos d\u00edas. \u201cEstamos negociando con las provincias y las empresas petroleras\u201d, confirmaron desde&hellip;","og_url":"https:\/\/diariotextual.com\/inicio\/index.php\/2019\/10\/30\/combustibles-se-viene-aumento-del-4-los-proximos-dias\/","og_site_name":"Diario Textual","article_publisher":"https:\/\/www.facebook.com\/eltextual","article_published_time":"2019-10-30T20:52:13+00:00","article_modified_time":"2019-10-30T23:05:52+00:00","og_image":[{"width":700,"height":394,"url":"https:\/\/diariotextual.com\/inicio\/wp-content\/uploads\/2018\/07\/estaciondeserviciosurtidor.jpg","type":"image\/jpeg"}],"author":"diario3","twitter_card":"summary_large_image","twitter_creator":"@eltextual","twitter_site":"@eltextual","twitter_misc":{"Escrito por":"diario3","Tiempo de lectura":"2 minutos"},"schema":{"@context":"https:\/\/schema.org","@graph":[{"@type":"Article","@id":"https:\/\/diariotextual.com\/inicio\/index.php\/2019\/10\/30\/combustibles-se-viene-aumento-del-4-los-proximos-dias\/#article","isPartOf":{"@id":"https:\/\/diariotextual.com\/inicio\/index.php\/2019\/10\/30\/combustibles-se-viene-aumento-del-4-los-proximos-dias\/"},"author":{"name":"diario3","@id":"https:\/\/diariotextual.com\/inicio\/#\/schema\/person\/a1b6f563e0ee944c60f98119389a4d9f"},"headline":"Combustibles: se viene un aumento del 4% en los pr\u00f3ximos d\u00edas","datePublished":"2019-10-30T20:52:13+00:00","dateModified":"2019-10-30T23:05:52+00:00","mainEntityOfPage":{"@id":"https:\/\/diariotextual.com\/inicio\/index.php\/2019\/10\/30\/combustibles-se-viene-aumento-del-4-los-proximos-dias\/"},"wordCount":466,"publisher":{"@id":"https:\/\/diariotextual.com\/inicio\/#organization"},"image":{"@id":"https:\/\/diariotextual.com\/inicio\/index.php\/2019\/10\/30\/combustibles-se-viene-aumento-del-4-los-proximos-dias\/#primaryimage"},"thumbnailUrl":"https:\/\/diariotextual.com\/inicio\/wp-content\/uploads\/2018\/07\/estaciondeserviciosurtidor.jpg","articleSection":["A - PORTADA2","ECONOMIA"],"inLanguage":"es"},{"@type":"WebPage","@id":"https:\/\/diariotextual.com\/inicio\/index.php\/2019\/10\/30\/combustibles-se-viene-aumento-del-4-los-proximos-dias\/","url":"https:\/\/diariotextual.com\/inicio\/index.php\/2019\/10\/30\/combustibles-se-viene-aumento-del-4-los-proximos-dias\/","name":"Combustibles: se viene un aumento del 4% en los pr\u00f3ximos d\u00edas - Diario Textual","isPartOf":{"@id":"https:\/\/diariotextual.com\/inicio\/#website"},"primaryImageOfPage":{"@id":"https:\/\/diariotextual.com\/inicio\/index.php\/2019\/10\/30\/combustibles-se-viene-aumento-del-4-los-proximos-dias\/#primaryimage"},"image":{"@id":"https:\/\/diariotextual.com\/inicio\/index.php\/2019\/10\/30\/combustibles-se-viene-aumento-del-4-los-proximos-dias\/#primaryimage"},"thumbnailUrl":"https:\/\/diariotextual.com\/inicio\/wp-content\/uploads\/2018\/07\/estaciondeserviciosurtidor.jpg","datePublished":"2019-10-30T20:52:13+00:00","dateModified":"2019-10-30T23:05:52+00:00","breadcrumb":{"@id":"https:\/\/diariotextual.com\/inicio\/index.php\/2019\/10\/30\/combustibles-se-viene-aumento-del-4-los-proximos-dias\/#breadcrumb"},"inLanguage":"es","potentialAction":[{"@type":"ReadAction","target":["https:\/\/diariotextual.com\/inicio\/index.php\/2019\/10\/30\/combustibles-se-viene-aumento-del-4-los-proximos-dias\/"]}]},{"@type":"ImageObject","inLanguage":"es","@id":"https:\/\/diariotextual.com\/inicio\/index.php\/2019\/10\/30\/combustibles-se-viene-aumento-del-4-los-proximos-dias\/#primaryimage","url":"https:\/\/diariotextual.com\/inicio\/wp-content\/uploads\/2018\/07\/estaciondeserviciosurtidor.jpg","contentUrl":"https:\/\/diariotextual.com\/inicio\/wp-content\/uploads\/2018\/07\/estaciondeserviciosurtidor.jpg","width":700,"height":394},{"@type":"BreadcrumbList","@id":"https:\/\/diariotextual.com\/inicio\/index.php\/2019\/10\/30\/combustibles-se-viene-aumento-del-4-los-proximos-dias\/#breadcrumb","itemListElement":[{"@type":"ListItem","position":1,"name":"Portada","item":"https:\/\/diariotextual.com\/inicio\/"},{"@type":"ListItem","position":2,"name":"Combustibles: se viene un aumento del 4% en los pr\u00f3ximos d\u00edas"}]},{"@type":"WebSite","@id":"https:\/\/diariotextual.com\/inicio\/#website","url":"https:\/\/diariotextual.com\/inicio\/","name":"Diario Textual","description":"","publisher":{"@id":"https:\/\/diariotextual.com\/inicio\/#organization"},"potentialAction":[{"@type":"SearchAction","target":{"@type":"EntryPoint","urlTemplate":"https:\/\/diariotextual.com\/inicio\/?s={search_term_string}"},"query-input":{"@type":"PropertyValueSpecification","valueRequired":true,"valueName":"search_term_string"}}],"inLanguage":"es"},{"@type":"Organization","@id":"https:\/\/diariotextual.com\/inicio\/#organization","name":"Diario Textual","url":"https:\/\/diariotextual.com\/inicio\/","logo":{"@type":"ImageObject","inLanguage":"es","@id":"https:\/\/diariotextual.com\/inicio\/#\/schema\/logo\/image\/","url":"https:\/\/diariotextual.com\/inicio\/wp-content\/uploads\/2023\/05\/logotextual1.jpg","contentUrl":"https:\/\/diariotextual.com\/inicio\/wp-content\/uploads\/2023\/05\/logotextual1.jpg","width":516,"height":76,"caption":"Diario Textual"},"image":{"@id":"https:\/\/diariotextual.com\/inicio\/#\/schema\/logo\/image\/"},"sameAs":["https:\/\/www.facebook.com\/eltextual","https:\/\/x.com\/eltextual","http:\/\/www.instagram.com\/eltextual"]},{"@type":"Person","@id":"https:\/\/diariotextual.com\/inicio\/#\/schema\/person\/a1b6f563e0ee944c60f98119389a4d9f","name":"diario3","image":{"@type":"ImageObject","inLanguage":"es","@id":"https:\/\/secure.gravatar.com\/avatar\/5e7ee62c82fc04d9dd79d746a390d93c69c43223e5faeeb3ea9461ef752bfc5d?s=96&d=mm&r=g","url":"https:\/\/secure.gravatar.com\/avatar\/5e7ee62c82fc04d9dd79d746a390d93c69c43223e5faeeb3ea9461ef752bfc5d?s=96&d=mm&r=g","contentUrl":"https:\/\/secure.gravatar.com\/avatar\/5e7ee62c82fc04d9dd79d746a390d93c69c43223e5faeeb3ea9461ef752bfc5d?s=96&d=mm&r=g","caption":"diario3"},"url":"https:\/\/diariotextual.com\/inicio\/index.php\/author\/diario3\/"}]}},"_links":{"self":[{"href":"https:\/\/diariotextual.com\/inicio\/index.php\/wp-json\/wp\/v2\/posts\/68058","targetHints":{"allow":["GET"]}}],"collection":[{"href":"https:\/\/diariotextual.com\/inicio\/index.php\/wp-json\/wp\/v2\/posts"}],"about":[{"href":"https:\/\/diariotextual.com\/inicio\/index.php\/wp-json\/wp\/v2\/types\/post"}],"author":[{"embeddable":true,"href":"https:\/\/diariotextual.com\/inicio\/index.php\/wp-json\/wp\/v2\/users\/5"}],"replies":[{"embeddable":true,"href":"https:\/\/diariotextual.com\/inicio\/index.php\/wp-json\/wp\/v2\/comments?post=68058"}],"version-history":[{"count":1,"href":"https:\/\/diariotextual.com\/inicio\/index.php\/wp-json\/wp\/v2\/posts\/68058\/revisions"}],"predecessor-version":[{"id":68059,"href":"https:\/\/diariotextual.com\/inicio\/index.php\/wp-json\/wp\/v2\/posts\/68058\/revisions\/68059"}],"wp:featuredmedia":[{"embeddable":true,"href":"https:\/\/diariotextual.com\/inicio\/index.php\/wp-json\/wp\/v2\/media\/12301"}],"wp:attachment":[{"href":"https:\/\/diariotextual.com\/inicio\/index.php\/wp-json\/wp\/v2\/media?parent=68058"}],"wp:term":[{"taxonomy":"category","embeddable":true,"href":"https:\/\/diariotextual.com\/inicio\/index.php\/wp-json\/wp\/v2\/categories?post=68058"},{"taxonomy":"post_tag","embeddable":true,"href":"https:\/\/diariotextual.com\/inicio\/index.php\/wp-json\/wp\/v2\/tags?post=68058"}],"curies":[{"name":"wp","href":"https:\/\/api.w.org\/{rel}","templated":true}]}}