{"id":68103,"date":"2019-10-31T08:08:32","date_gmt":"2019-10-31T11:08:32","guid":{"rendered":"http:\/\/diariotextual.com\/inicio\/?p=68103"},"modified":"2019-10-31T13:06:50","modified_gmt":"2019-10-31T16:06:50","slug":"cec-quema-gomas-protesta-super-chino-la-avenida-peron","status":"publish","type":"post","link":"https:\/\/diariotextual.com\/inicio\/index.php\/2019\/10\/31\/cec-quema-gomas-protesta-super-chino-la-avenida-peron\/","title":{"rendered":"El CEC quema gomas y protesta en un s\u00faper chino de la avenida Per\u00f3n"},"content":{"rendered":"<p>El supermercado <strong>S\u00faper Per\u00f3n<\/strong> tuvo este jueves su primera manifestaci\u00f3n. El local, ubicado sobre la avenida Per\u00f3n y de propietarios de origen chino,<strong> \u00abno paga horas extras y solo blanquean 4 de las 8 horas\u00bb<\/strong> que trabajan sus empleados, seg\u00fan dijo a<strong> Diario Textual<\/strong> el secretario de Organizaci\u00f3n del Centro Empleados de Comercio, <strong>Roberto Rodr\u00edguez<\/strong>, a Diario Textual.<\/p>\n<div id=\"fb-root\"><\/div>\n<p><script async=\"1\" defer=\"1\" crossorigin=\"anonymous\" src=\"https:\/\/connect.facebook.net\/es_LA\/sdk.js#xfbml=1&amp;version=v5.0\"><\/script><\/p>\n<div class=\"fb-video\" data-href=\"https:\/\/www.facebook.com\/eltextual\/videos\/455523341747035\/\" data-width=\"1170\">\n<blockquote cite=\"https:\/\/www.facebook.com\/eltextual\/videos\/455523341747035\/\" class=\"fb-xfbml-parse-ignore\"><p><a href=\"https:\/\/www.facebook.com\/eltextual\/videos\/455523341747035\/\"><\/a><\/p>\n<p>Protesta del Centro Empleados de Comercio en el S\u00faper Per\u00f3n. Denuncia precarizaci\u00f3n laboral.<\/p>\n<p>Publicado por <a href=\"https:\/\/www.facebook.com\/eltextual\/\">Diario Textual<\/a> en Jueves, 31 de octubre de 2019<\/p><\/blockquote>\n<\/div>\n<p>Los dirigentes del CEC y trabajadores iniciaron a las 7 de la ma\u00f1ana la protesta. Est\u00e1n quemando neum\u00e1ticos y haciendo una batucada. Hubo un momento de tensi\u00f3n cuando aparecieron en el frente del local los propietarios y se dirigieron a los manifestantes para intentar parar la protesta.<strong> \u00abA usted le dijimos un mont\u00f3n de veces que regularice la situaci\u00f3n de los compa\u00f1eros y nos dec\u00eda que no entend\u00eda. Ahora entiende todo. Con nosotros no tiene nada que hablar, vaya a la Subsecretar\u00eda de Trabajo\u00bb<\/strong>, le dijo Rodr\u00edguez a uno de los due\u00f1os.<\/p>\n<p>En total, sostuvo Rodr\u00edguez, son 9 empleados que tiene este local que abri\u00f3 este a\u00f1o en la avenida Per\u00f3n al 4200, que comunica Santa Rosa con Toay.<\/p>\n<p>Este supermercado chino es todo un boom de ventas, alentado no solo por su llamativo nombre: tiene importantes descuentos, como todos los locales chinos, sobre todo en bebidas.<\/p>\n<p><img fetchpriority=\"high\" decoding=\"async\" class=\"alignnone wp-image-68099\" src=\"http:\/\/diariotextual.com\/inicio\/wp-content\/uploads\/2019\/10\/superperoncecmanifestacion2019-1.jpg\" alt=\"\" width=\"632\" height=\"404\" srcset=\"https:\/\/diariotextual.com\/inicio\/wp-content\/uploads\/2019\/10\/superperoncecmanifestacion2019-1.jpg 798w, https:\/\/diariotextual.com\/inicio\/wp-content\/uploads\/2019\/10\/superperoncecmanifestacion2019-1-300x192.jpg 300w, https:\/\/diariotextual.com\/inicio\/wp-content\/uploads\/2019\/10\/superperoncecmanifestacion2019-1-768x491.jpg 768w, https:\/\/diariotextual.com\/inicio\/wp-content\/uploads\/2019\/10\/superperoncecmanifestacion2019-1-585x374.jpg 585w\" sizes=\"(max-width: 632px) 100vw, 632px\" \/><\/p>\n<p>&nbsp;<\/p>\n<p>&nbsp;<\/p>\n","protected":false},"excerpt":{"rendered":"<p>El supermercado S\u00faper Per\u00f3n tuvo este jueves su primera manifestaci\u00f3n. El local, ubicado sobre la avenida Per\u00f3n y de propietarios de origen chino, \u00abno paga horas extras y solo blanquean&hellip;<\/p>\n","protected":false},"author":3,"featured_media":68111,"comment_status":"closed","ping_status":"open","sticky":false,"template":"","format":"standard","meta":{"_acf_changed":false,"footnotes":""},"categories":[5],"tags":[],"class_list":["post-68103","post","type-post","status-publish","format-standard","has-post-thumbnail","hentry","category-economia"],"acf":[],"yoast_head":"<!-- This site is optimized with the Yoast SEO plugin v27.5 - https:\/\/yoast.com\/product\/yoast-seo-wordpress\/ -->\n<title>El CEC quema gomas y protesta en un s\u00faper chino de la avenida Per\u00f3n - Diario Textual<\/title>\n<meta name=\"robots\" content=\"index, follow, max-snippet:-1, max-image-preview:large, max-video-preview:-1\" \/>\n<link rel=\"canonical\" href=\"https:\/\/diariotextual.com\/inicio\/index.php\/2019\/10\/31\/cec-quema-gomas-protesta-super-chino-la-avenida-peron\/\" \/>\n<meta property=\"og:locale\" content=\"es_ES\" \/>\n<meta property=\"og:type\" content=\"article\" \/>\n<meta property=\"og:title\" content=\"El CEC quema gomas y protesta en un s\u00faper chino de la avenida Per\u00f3n - Diario Textual\" \/>\n<meta property=\"og:description\" content=\"El supermercado S\u00faper Per\u00f3n tuvo este jueves su primera manifestaci\u00f3n. El local, ubicado sobre la avenida Per\u00f3n y de propietarios de origen chino, \u00abno paga horas extras y solo blanquean&hellip;\" \/>\n<meta property=\"og:url\" content=\"https:\/\/diariotextual.com\/inicio\/index.php\/2019\/10\/31\/cec-quema-gomas-protesta-super-chino-la-avenida-peron\/\" \/>\n<meta property=\"og:site_name\" content=\"Diario Textual\" \/>\n<meta property=\"article:publisher\" content=\"https:\/\/www.facebook.com\/eltextual\" \/>\n<meta property=\"article:published_time\" content=\"2019-10-31T11:08:32+00:00\" \/>\n<meta property=\"article:modified_time\" content=\"2019-10-31T16:06:50+00:00\" \/>\n<meta property=\"og:image\" content=\"https:\/\/diariotextual.com\/inicio\/wp-content\/uploads\/2019\/10\/quemaomassuperchino-1024x576.jpg\" \/>\n\t<meta property=\"og:image:width\" content=\"1024\" \/>\n\t<meta property=\"og:image:height\" content=\"576\" \/>\n\t<meta property=\"og:image:type\" content=\"image\/jpeg\" \/>\n<meta name=\"author\" content=\"Diario1 Diario1\" \/>\n<meta name=\"twitter:card\" content=\"summary_large_image\" \/>\n<meta name=\"twitter:creator\" content=\"@eltextual\" \/>\n<meta name=\"twitter:site\" content=\"@eltextual\" \/>\n<meta name=\"twitter:label1\" content=\"Escrito por\" \/>\n\t<meta name=\"twitter:data1\" content=\"Diario1 Diario1\" \/>\n\t<meta name=\"twitter:label2\" content=\"Tiempo de lectura\" \/>\n\t<meta name=\"twitter:data2\" content=\"1 minuto\" \/>\n<script type=\"application\/ld+json\" class=\"yoast-schema-graph\">{\"@context\":\"https:\\\/\\\/schema.org\",\"@graph\":[{\"@type\":\"Article\",\"@id\":\"https:\\\/\\\/diariotextual.com\\\/inicio\\\/index.php\\\/2019\\\/10\\\/31\\\/cec-quema-gomas-protesta-super-chino-la-avenida-peron\\\/#article\",\"isPartOf\":{\"@id\":\"https:\\\/\\\/diariotextual.com\\\/inicio\\\/index.php\\\/2019\\\/10\\\/31\\\/cec-quema-gomas-protesta-super-chino-la-avenida-peron\\\/\"},\"author\":{\"name\":\"Diario1 Diario1\",\"@id\":\"https:\\\/\\\/diariotextual.com\\\/inicio\\\/#\\\/schema\\\/person\\\/418fc4093c33e86ed41562db3508f958\"},\"headline\":\"El CEC quema gomas y protesta en un s\u00faper chino de la avenida Per\u00f3n\",\"datePublished\":\"2019-10-31T11:08:32+00:00\",\"dateModified\":\"2019-10-31T16:06:50+00:00\",\"mainEntityOfPage\":{\"@id\":\"https:\\\/\\\/diariotextual.com\\\/inicio\\\/index.php\\\/2019\\\/10\\\/31\\\/cec-quema-gomas-protesta-super-chino-la-avenida-peron\\\/\"},\"wordCount\":246,\"publisher\":{\"@id\":\"https:\\\/\\\/diariotextual.com\\\/inicio\\\/#organization\"},\"image\":{\"@id\":\"https:\\\/\\\/diariotextual.com\\\/inicio\\\/index.php\\\/2019\\\/10\\\/31\\\/cec-quema-gomas-protesta-super-chino-la-avenida-peron\\\/#primaryimage\"},\"thumbnailUrl\":\"https:\\\/\\\/diariotextual.com\\\/inicio\\\/wp-content\\\/uploads\\\/2019\\\/10\\\/quemaomassuperchino.jpg\",\"articleSection\":[\"ECONOMIA\"],\"inLanguage\":\"es\"},{\"@type\":\"WebPage\",\"@id\":\"https:\\\/\\\/diariotextual.com\\\/inicio\\\/index.php\\\/2019\\\/10\\\/31\\\/cec-quema-gomas-protesta-super-chino-la-avenida-peron\\\/\",\"url\":\"https:\\\/\\\/diariotextual.com\\\/inicio\\\/index.php\\\/2019\\\/10\\\/31\\\/cec-quema-gomas-protesta-super-chino-la-avenida-peron\\\/\",\"name\":\"El CEC quema gomas y protesta en un s\u00faper chino de la avenida Per\u00f3n - Diario Textual\",\"isPartOf\":{\"@id\":\"https:\\\/\\\/diariotextual.com\\\/inicio\\\/#website\"},\"primaryImageOfPage\":{\"@id\":\"https:\\\/\\\/diariotextual.com\\\/inicio\\\/index.php\\\/2019\\\/10\\\/31\\\/cec-quema-gomas-protesta-super-chino-la-avenida-peron\\\/#primaryimage\"},\"image\":{\"@id\":\"https:\\\/\\\/diariotextual.com\\\/inicio\\\/index.php\\\/2019\\\/10\\\/31\\\/cec-quema-gomas-protesta-super-chino-la-avenida-peron\\\/#primaryimage\"},\"thumbnailUrl\":\"https:\\\/\\\/diariotextual.com\\\/inicio\\\/wp-content\\\/uploads\\\/2019\\\/10\\\/quemaomassuperchino.jpg\",\"datePublished\":\"2019-10-31T11:08:32+00:00\",\"dateModified\":\"2019-10-31T16:06:50+00:00\",\"breadcrumb\":{\"@id\":\"https:\\\/\\\/diariotextual.com\\\/inicio\\\/index.php\\\/2019\\\/10\\\/31\\\/cec-quema-gomas-protesta-super-chino-la-avenida-peron\\\/#breadcrumb\"},\"inLanguage\":\"es\",\"potentialAction\":[{\"@type\":\"ReadAction\",\"target\":[\"https:\\\/\\\/diariotextual.com\\\/inicio\\\/index.php\\\/2019\\\/10\\\/31\\\/cec-quema-gomas-protesta-super-chino-la-avenida-peron\\\/\"]}]},{\"@type\":\"ImageObject\",\"inLanguage\":\"es\",\"@id\":\"https:\\\/\\\/diariotextual.com\\\/inicio\\\/index.php\\\/2019\\\/10\\\/31\\\/cec-quema-gomas-protesta-super-chino-la-avenida-peron\\\/#primaryimage\",\"url\":\"https:\\\/\\\/diariotextual.com\\\/inicio\\\/wp-content\\\/uploads\\\/2019\\\/10\\\/quemaomassuperchino.jpg\",\"contentUrl\":\"https:\\\/\\\/diariotextual.com\\\/inicio\\\/wp-content\\\/uploads\\\/2019\\\/10\\\/quemaomassuperchino.jpg\",\"width\":4160,\"height\":2340},{\"@type\":\"BreadcrumbList\",\"@id\":\"https:\\\/\\\/diariotextual.com\\\/inicio\\\/index.php\\\/2019\\\/10\\\/31\\\/cec-quema-gomas-protesta-super-chino-la-avenida-peron\\\/#breadcrumb\",\"itemListElement\":[{\"@type\":\"ListItem\",\"position\":1,\"name\":\"Portada\",\"item\":\"https:\\\/\\\/diariotextual.com\\\/inicio\\\/\"},{\"@type\":\"ListItem\",\"position\":2,\"name\":\"El CEC quema gomas y protesta en un s\u00faper chino de la avenida Per\u00f3n\"}]},{\"@type\":\"WebSite\",\"@id\":\"https:\\\/\\\/diariotextual.com\\\/inicio\\\/#website\",\"url\":\"https:\\\/\\\/diariotextual.com\\\/inicio\\\/\",\"name\":\"Diario Textual\",\"description\":\"\",\"publisher\":{\"@id\":\"https:\\\/\\\/diariotextual.com\\\/inicio\\\/#organization\"},\"potentialAction\":[{\"@type\":\"SearchAction\",\"target\":{\"@type\":\"EntryPoint\",\"urlTemplate\":\"https:\\\/\\\/diariotextual.com\\\/inicio\\\/?s={search_term_string}\"},\"query-input\":{\"@type\":\"PropertyValueSpecification\",\"valueRequired\":true,\"valueName\":\"search_term_string\"}}],\"inLanguage\":\"es\"},{\"@type\":\"Organization\",\"@id\":\"https:\\\/\\\/diariotextual.com\\\/inicio\\\/#organization\",\"name\":\"Diario Textual\",\"url\":\"https:\\\/\\\/diariotextual.com\\\/inicio\\\/\",\"logo\":{\"@type\":\"ImageObject\",\"inLanguage\":\"es\",\"@id\":\"https:\\\/\\\/diariotextual.com\\\/inicio\\\/#\\\/schema\\\/logo\\\/image\\\/\",\"url\":\"https:\\\/\\\/diariotextual.com\\\/inicio\\\/wp-content\\\/uploads\\\/2023\\\/05\\\/logotextual1.jpg\",\"contentUrl\":\"https:\\\/\\\/diariotextual.com\\\/inicio\\\/wp-content\\\/uploads\\\/2023\\\/05\\\/logotextual1.jpg\",\"width\":516,\"height\":76,\"caption\":\"Diario Textual\"},\"image\":{\"@id\":\"https:\\\/\\\/diariotextual.com\\\/inicio\\\/#\\\/schema\\\/logo\\\/image\\\/\"},\"sameAs\":[\"https:\\\/\\\/www.facebook.com\\\/eltextual\",\"https:\\\/\\\/x.com\\\/eltextual\",\"http:\\\/\\\/www.instagram.com\\\/eltextual\"]},{\"@type\":\"Person\",\"@id\":\"https:\\\/\\\/diariotextual.com\\\/inicio\\\/#\\\/schema\\\/person\\\/418fc4093c33e86ed41562db3508f958\",\"name\":\"Diario1 Diario1\",\"image\":{\"@type\":\"ImageObject\",\"inLanguage\":\"es\",\"@id\":\"https:\\\/\\\/secure.gravatar.com\\\/avatar\\\/9167d280179c85bc18be67aa7eda765854300033af4896dd779b608640f2ef7a?s=96&d=mm&r=g\",\"url\":\"https:\\\/\\\/secure.gravatar.com\\\/avatar\\\/9167d280179c85bc18be67aa7eda765854300033af4896dd779b608640f2ef7a?s=96&d=mm&r=g\",\"contentUrl\":\"https:\\\/\\\/secure.gravatar.com\\\/avatar\\\/9167d280179c85bc18be67aa7eda765854300033af4896dd779b608640f2ef7a?s=96&d=mm&r=g\",\"caption\":\"Diario1 Diario1\"},\"url\":\"https:\\\/\\\/diariotextual.com\\\/inicio\\\/index.php\\\/author\\\/diario1\\\/\"}]}<\/script>\n<!-- \/ Yoast SEO plugin. -->","yoast_head_json":{"title":"El CEC quema gomas y protesta en un s\u00faper chino de la avenida Per\u00f3n - Diario Textual","robots":{"index":"index","follow":"follow","max-snippet":"max-snippet:-1","max-image-preview":"max-image-preview:large","max-video-preview":"max-video-preview:-1"},"canonical":"https:\/\/diariotextual.com\/inicio\/index.php\/2019\/10\/31\/cec-quema-gomas-protesta-super-chino-la-avenida-peron\/","og_locale":"es_ES","og_type":"article","og_title":"El CEC quema gomas y protesta en un s\u00faper chino de la avenida Per\u00f3n - Diario Textual","og_description":"El supermercado S\u00faper Per\u00f3n tuvo este jueves su primera manifestaci\u00f3n. El local, ubicado sobre la avenida Per\u00f3n y de propietarios de origen chino, \u00abno paga horas extras y solo blanquean&hellip;","og_url":"https:\/\/diariotextual.com\/inicio\/index.php\/2019\/10\/31\/cec-quema-gomas-protesta-super-chino-la-avenida-peron\/","og_site_name":"Diario Textual","article_publisher":"https:\/\/www.facebook.com\/eltextual","article_published_time":"2019-10-31T11:08:32+00:00","article_modified_time":"2019-10-31T16:06:50+00:00","og_image":[{"width":1024,"height":576,"url":"https:\/\/diariotextual.com\/inicio\/wp-content\/uploads\/2019\/10\/quemaomassuperchino-1024x576.jpg","type":"image\/jpeg"}],"author":"Diario1 Diario1","twitter_card":"summary_large_image","twitter_creator":"@eltextual","twitter_site":"@eltextual","twitter_misc":{"Escrito por":"Diario1 Diario1","Tiempo de lectura":"1 minuto"},"schema":{"@context":"https:\/\/schema.org","@graph":[{"@type":"Article","@id":"https:\/\/diariotextual.com\/inicio\/index.php\/2019\/10\/31\/cec-quema-gomas-protesta-super-chino-la-avenida-peron\/#article","isPartOf":{"@id":"https:\/\/diariotextual.com\/inicio\/index.php\/2019\/10\/31\/cec-quema-gomas-protesta-super-chino-la-avenida-peron\/"},"author":{"name":"Diario1 Diario1","@id":"https:\/\/diariotextual.com\/inicio\/#\/schema\/person\/418fc4093c33e86ed41562db3508f958"},"headline":"El CEC quema gomas y protesta en un s\u00faper chino de la avenida Per\u00f3n","datePublished":"2019-10-31T11:08:32+00:00","dateModified":"2019-10-31T16:06:50+00:00","mainEntityOfPage":{"@id":"https:\/\/diariotextual.com\/inicio\/index.php\/2019\/10\/31\/cec-quema-gomas-protesta-super-chino-la-avenida-peron\/"},"wordCount":246,"publisher":{"@id":"https:\/\/diariotextual.com\/inicio\/#organization"},"image":{"@id":"https:\/\/diariotextual.com\/inicio\/index.php\/2019\/10\/31\/cec-quema-gomas-protesta-super-chino-la-avenida-peron\/#primaryimage"},"thumbnailUrl":"https:\/\/diariotextual.com\/inicio\/wp-content\/uploads\/2019\/10\/quemaomassuperchino.jpg","articleSection":["ECONOMIA"],"inLanguage":"es"},{"@type":"WebPage","@id":"https:\/\/diariotextual.com\/inicio\/index.php\/2019\/10\/31\/cec-quema-gomas-protesta-super-chino-la-avenida-peron\/","url":"https:\/\/diariotextual.com\/inicio\/index.php\/2019\/10\/31\/cec-quema-gomas-protesta-super-chino-la-avenida-peron\/","name":"El CEC quema gomas y protesta en un s\u00faper chino de la avenida Per\u00f3n - Diario Textual","isPartOf":{"@id":"https:\/\/diariotextual.com\/inicio\/#website"},"primaryImageOfPage":{"@id":"https:\/\/diariotextual.com\/inicio\/index.php\/2019\/10\/31\/cec-quema-gomas-protesta-super-chino-la-avenida-peron\/#primaryimage"},"image":{"@id":"https:\/\/diariotextual.com\/inicio\/index.php\/2019\/10\/31\/cec-quema-gomas-protesta-super-chino-la-avenida-peron\/#primaryimage"},"thumbnailUrl":"https:\/\/diariotextual.com\/inicio\/wp-content\/uploads\/2019\/10\/quemaomassuperchino.jpg","datePublished":"2019-10-31T11:08:32+00:00","dateModified":"2019-10-31T16:06:50+00:00","breadcrumb":{"@id":"https:\/\/diariotextual.com\/inicio\/index.php\/2019\/10\/31\/cec-quema-gomas-protesta-super-chino-la-avenida-peron\/#breadcrumb"},"inLanguage":"es","potentialAction":[{"@type":"ReadAction","target":["https:\/\/diariotextual.com\/inicio\/index.php\/2019\/10\/31\/cec-quema-gomas-protesta-super-chino-la-avenida-peron\/"]}]},{"@type":"ImageObject","inLanguage":"es","@id":"https:\/\/diariotextual.com\/inicio\/index.php\/2019\/10\/31\/cec-quema-gomas-protesta-super-chino-la-avenida-peron\/#primaryimage","url":"https:\/\/diariotextual.com\/inicio\/wp-content\/uploads\/2019\/10\/quemaomassuperchino.jpg","contentUrl":"https:\/\/diariotextual.com\/inicio\/wp-content\/uploads\/2019\/10\/quemaomassuperchino.jpg","width":4160,"height":2340},{"@type":"BreadcrumbList","@id":"https:\/\/diariotextual.com\/inicio\/index.php\/2019\/10\/31\/cec-quema-gomas-protesta-super-chino-la-avenida-peron\/#breadcrumb","itemListElement":[{"@type":"ListItem","position":1,"name":"Portada","item":"https:\/\/diariotextual.com\/inicio\/"},{"@type":"ListItem","position":2,"name":"El CEC quema gomas y protesta en un s\u00faper chino de la avenida Per\u00f3n"}]},{"@type":"WebSite","@id":"https:\/\/diariotextual.com\/inicio\/#website","url":"https:\/\/diariotextual.com\/inicio\/","name":"Diario Textual","description":"","publisher":{"@id":"https:\/\/diariotextual.com\/inicio\/#organization"},"potentialAction":[{"@type":"SearchAction","target":{"@type":"EntryPoint","urlTemplate":"https:\/\/diariotextual.com\/inicio\/?s={search_term_string}"},"query-input":{"@type":"PropertyValueSpecification","valueRequired":true,"valueName":"search_term_string"}}],"inLanguage":"es"},{"@type":"Organization","@id":"https:\/\/diariotextual.com\/inicio\/#organization","name":"Diario Textual","url":"https:\/\/diariotextual.com\/inicio\/","logo":{"@type":"ImageObject","inLanguage":"es","@id":"https:\/\/diariotextual.com\/inicio\/#\/schema\/logo\/image\/","url":"https:\/\/diariotextual.com\/inicio\/wp-content\/uploads\/2023\/05\/logotextual1.jpg","contentUrl":"https:\/\/diariotextual.com\/inicio\/wp-content\/uploads\/2023\/05\/logotextual1.jpg","width":516,"height":76,"caption":"Diario Textual"},"image":{"@id":"https:\/\/diariotextual.com\/inicio\/#\/schema\/logo\/image\/"},"sameAs":["https:\/\/www.facebook.com\/eltextual","https:\/\/x.com\/eltextual","http:\/\/www.instagram.com\/eltextual"]},{"@type":"Person","@id":"https:\/\/diariotextual.com\/inicio\/#\/schema\/person\/418fc4093c33e86ed41562db3508f958","name":"Diario1 Diario1","image":{"@type":"ImageObject","inLanguage":"es","@id":"https:\/\/secure.gravatar.com\/avatar\/9167d280179c85bc18be67aa7eda765854300033af4896dd779b608640f2ef7a?s=96&d=mm&r=g","url":"https:\/\/secure.gravatar.com\/avatar\/9167d280179c85bc18be67aa7eda765854300033af4896dd779b608640f2ef7a?s=96&d=mm&r=g","contentUrl":"https:\/\/secure.gravatar.com\/avatar\/9167d280179c85bc18be67aa7eda765854300033af4896dd779b608640f2ef7a?s=96&d=mm&r=g","caption":"Diario1 Diario1"},"url":"https:\/\/diariotextual.com\/inicio\/index.php\/author\/diario1\/"}]}},"_links":{"self":[{"href":"https:\/\/diariotextual.com\/inicio\/index.php\/wp-json\/wp\/v2\/posts\/68103","targetHints":{"allow":["GET"]}}],"collection":[{"href":"https:\/\/diariotextual.com\/inicio\/index.php\/wp-json\/wp\/v2\/posts"}],"about":[{"href":"https:\/\/diariotextual.com\/inicio\/index.php\/wp-json\/wp\/v2\/types\/post"}],"author":[{"embeddable":true,"href":"https:\/\/diariotextual.com\/inicio\/index.php\/wp-json\/wp\/v2\/users\/3"}],"replies":[{"embeddable":true,"href":"https:\/\/diariotextual.com\/inicio\/index.php\/wp-json\/wp\/v2\/comments?post=68103"}],"version-history":[{"count":7,"href":"https:\/\/diariotextual.com\/inicio\/index.php\/wp-json\/wp\/v2\/posts\/68103\/revisions"}],"predecessor-version":[{"id":68116,"href":"https:\/\/diariotextual.com\/inicio\/index.php\/wp-json\/wp\/v2\/posts\/68103\/revisions\/68116"}],"wp:featuredmedia":[{"embeddable":true,"href":"https:\/\/diariotextual.com\/inicio\/index.php\/wp-json\/wp\/v2\/media\/68111"}],"wp:attachment":[{"href":"https:\/\/diariotextual.com\/inicio\/index.php\/wp-json\/wp\/v2\/media?parent=68103"}],"wp:term":[{"taxonomy":"category","embeddable":true,"href":"https:\/\/diariotextual.com\/inicio\/index.php\/wp-json\/wp\/v2\/categories?post=68103"},{"taxonomy":"post_tag","embeddable":true,"href":"https:\/\/diariotextual.com\/inicio\/index.php\/wp-json\/wp\/v2\/tags?post=68103"}],"curies":[{"name":"wp","href":"https:\/\/api.w.org\/{rel}","templated":true}]}}