{"id":68360,"date":"2019-11-01T20:12:19","date_gmt":"2019-11-01T23:12:19","guid":{"rendered":"http:\/\/diariotextual.com\/inicio\/?p=68360"},"modified":"2019-11-02T10:02:21","modified_gmt":"2019-11-02T13:02:21","slug":"ano-mercado-argentino-perdio-millon-tarjetas-credito","status":"publish","type":"post","link":"https:\/\/diariotextual.com\/inicio\/index.php\/2019\/11\/01\/ano-mercado-argentino-perdio-millon-tarjetas-credito\/","title":{"rendered":"En un a\u00f1o el mercado argentino perdi\u00f3 un mill\u00f3n de tarjetas de cr\u00e9dito"},"content":{"rendered":"<p>El mercado argentino cuenta con <strong>un mill\u00f3n de tarjetas de cr\u00e9dito menos respecto a las registradas en 2018<\/strong> y se perdieron m\u00e1s de un mill\u00f3n de clientes de tarjetas regionales no bancarias activas desde mediados de 2016, seg\u00fan un informe de la <strong>C\u00e1mara de Tarjetas de Cr\u00e9dito y Compra<\/strong> (Atacyc).<\/p>\n<p>As\u00ed lo revel\u00f3 hoy el<strong>\u00a0director ejecutivo de Atacyc, C\u00e9sar Bastien<\/strong>, al exponer durante el\u00a0<strong>27\u00ba Congreso Internacional de Tarjetas de Cr\u00e9dito\u00a0<\/strong>que se realiz\u00f3 en el centro porte\u00f1o y donde se plante\u00f3 como eje del debate del sector a la tarjeta de cr\u00e9dito como\u00a0<strong>herramienta\u00a0<\/strong>de<strong>\u00a0inclusi\u00f3n financiera<\/strong>.<\/p>\n<p>Bastien present\u00f3 el\u00a0<strong>informe del<\/strong>\u00a0<strong>estado de uso de tarjetas comparado contra 2018<\/strong>, en el que se destac\u00f3 que \u00abhoy en Argentina hay un mill\u00f3n menos de pl\u00e1sticos que hace un a\u00f1o, y\u00a0<strong>se perdieron m\u00e1s de un mill\u00f3n de cuentas de tarjetas regionales no bancarias\u00a0<\/strong>activas desde mediados de 2016&#8243;.<\/p>\n<p id=\"m169-168-170\" class=\"paragraph \">\u00abEstos datos grafican la tremenda\u00a0<strong>crisis\u00a0<\/strong>que atraviesa el sector\u00bb, expuso el directivo al analizar que los motivos de este fen\u00f3meno se explican por \u00absucesivas\u00a0<strong>malas regulaciones realizadas desde el Estado, que van desde sobrecarga impositiva hasta exigencias operativas excesivas<\/strong>\u00ab.<\/p>\n<p id=\"m174-173-175\" class=\"paragraph \">Para Bastien, \u201ccuando los incentivos son negativos, como lo son estas\u00a0<strong>regulaciones distorsivas<\/strong>, y llevan a una empresa a perder dinero con su actividad, la reacci\u00f3n natural es a achicar el negocio\u00bb.<\/p>\n<p id=\"m179-178-180\" class=\"paragraph \">\u00abDe esta manera, se restringe la oferta de productos a los segmentos m\u00e1s rentables, y simult\u00e1neamente, se tiende a bajar la cantidad de beneficios que se prestan\u201d, expres\u00f3.<\/p>\n<p><strong>Entre las medidas tomadas desde el Estado en detrimento de las tarjetas, destaca el informe difundido hoy, se encuentra la ley que regula la tasa de inter\u00e9s m\u00e1xima \u00absin tener en cuenta las verdaderas condiciones del mercado\u00bb, dijo.<\/strong><\/p>\n<p>Tambi\u00e9n aport\u00f3 a \u00abla crisis de las tarjetas\u00bb, como definieron en el sector, a la decisi\u00f3n de 2017 de <strong>forzar la reducci\u00f3n artificial de los aranceles a los niveles m\u00e1s bajos de la regi\u00f3n, fuera del contexto macroecon\u00f3mico e impositivo<\/strong>.<\/p>\n<p>Tambi\u00e9n se identific\u00f3 al<strong> Programa Ahora 12<\/strong>, que dispone una tasa bonificada desde el banco emisor para el comerciante, \u00abun plan a tasas inferiores a la inflaci\u00f3n\u00bb, y que adem\u00e1s que se ampli\u00f3 a la mayor\u00eda de los rubros y se extendi\u00f3 a todos los d\u00edas de la semana.<\/p>\n<p>Otro de los puntos cuestionados es la reducci\u00f3n del plazo de pago a comercios a 10 d\u00edas h\u00e1biles a los emisores financieros, lo que provoca una \u00abp\u00e9rdida por pagar al comercio antes de cobrar del usuario\u00bb y la decisi\u00f3n de aplicar el impuesto a los d\u00e9bitos y cr\u00e9ditos sobre el pago de liquidaciones a comercios, y no sobre otros medio de pago electr\u00f3nicos.<\/p>\n<p>&nbsp;<\/p>\n<p>&nbsp;<\/p>\n<p>&nbsp;<\/p>\n<p>&nbsp;<\/p>\n<p>&nbsp;<\/p>\n<p>&nbsp;<\/p>\n<p>&nbsp;<\/p>\n<p>&nbsp;<\/p>\n","protected":false},"excerpt":{"rendered":"<p>El mercado argentino cuenta con un mill\u00f3n de tarjetas de cr\u00e9dito menos respecto a las registradas en 2018 y se perdieron m\u00e1s de un mill\u00f3n de clientes de tarjetas regionales&hellip;<\/p>\n","protected":false},"author":3,"featured_media":11540,"comment_status":"closed","ping_status":"open","sticky":false,"template":"","format":"standard","meta":{"_acf_changed":false,"footnotes":""},"categories":[11,5],"tags":[],"class_list":["post-68360","post","type-post","status-publish","format-standard","has-post-thumbnail","hentry","category-que-pasa","category-economia"],"acf":[],"yoast_head":"<!-- This site is optimized with the Yoast SEO plugin v27.5 - https:\/\/yoast.com\/product\/yoast-seo-wordpress\/ -->\n<title>En un a\u00f1o el mercado argentino perdi\u00f3 un mill\u00f3n de tarjetas de cr\u00e9dito - Diario Textual<\/title>\n<meta name=\"robots\" content=\"index, follow, max-snippet:-1, max-image-preview:large, max-video-preview:-1\" \/>\n<link rel=\"canonical\" href=\"https:\/\/diariotextual.com\/inicio\/index.php\/2019\/11\/01\/ano-mercado-argentino-perdio-millon-tarjetas-credito\/\" \/>\n<meta property=\"og:locale\" content=\"es_ES\" \/>\n<meta property=\"og:type\" content=\"article\" \/>\n<meta property=\"og:title\" content=\"En un a\u00f1o el mercado argentino perdi\u00f3 un mill\u00f3n de tarjetas de cr\u00e9dito - Diario Textual\" \/>\n<meta property=\"og:description\" content=\"El mercado argentino cuenta con un mill\u00f3n de tarjetas de cr\u00e9dito menos respecto a las registradas en 2018 y se perdieron m\u00e1s de un mill\u00f3n de clientes de tarjetas regionales&hellip;\" \/>\n<meta property=\"og:url\" content=\"https:\/\/diariotextual.com\/inicio\/index.php\/2019\/11\/01\/ano-mercado-argentino-perdio-millon-tarjetas-credito\/\" \/>\n<meta property=\"og:site_name\" content=\"Diario Textual\" \/>\n<meta property=\"article:publisher\" content=\"https:\/\/www.facebook.com\/eltextual\" \/>\n<meta property=\"article:published_time\" content=\"2019-11-01T23:12:19+00:00\" \/>\n<meta property=\"article:modified_time\" content=\"2019-11-02T13:02:21+00:00\" \/>\n<meta property=\"og:image\" content=\"https:\/\/diariotextual.com\/inicio\/wp-content\/uploads\/2018\/06\/tarjetascreditodebito1.jpg\" \/>\n\t<meta property=\"og:image:width\" content=\"1030\" \/>\n\t<meta property=\"og:image:height\" content=\"772\" \/>\n\t<meta property=\"og:image:type\" content=\"image\/jpeg\" \/>\n<meta name=\"author\" content=\"Diario1 Diario1\" \/>\n<meta name=\"twitter:card\" content=\"summary_large_image\" \/>\n<meta name=\"twitter:creator\" content=\"@eltextual\" \/>\n<meta name=\"twitter:site\" content=\"@eltextual\" \/>\n<meta name=\"twitter:label1\" content=\"Escrito por\" \/>\n\t<meta name=\"twitter:data1\" content=\"Diario1 Diario1\" \/>\n\t<meta name=\"twitter:label2\" content=\"Tiempo de lectura\" \/>\n\t<meta name=\"twitter:data2\" content=\"2 minutos\" \/>\n<script type=\"application\/ld+json\" class=\"yoast-schema-graph\">{\"@context\":\"https:\\\/\\\/schema.org\",\"@graph\":[{\"@type\":\"Article\",\"@id\":\"https:\\\/\\\/diariotextual.com\\\/inicio\\\/index.php\\\/2019\\\/11\\\/01\\\/ano-mercado-argentino-perdio-millon-tarjetas-credito\\\/#article\",\"isPartOf\":{\"@id\":\"https:\\\/\\\/diariotextual.com\\\/inicio\\\/index.php\\\/2019\\\/11\\\/01\\\/ano-mercado-argentino-perdio-millon-tarjetas-credito\\\/\"},\"author\":{\"name\":\"Diario1 Diario1\",\"@id\":\"https:\\\/\\\/diariotextual.com\\\/inicio\\\/#\\\/schema\\\/person\\\/418fc4093c33e86ed41562db3508f958\"},\"headline\":\"En un a\u00f1o el mercado argentino perdi\u00f3 un mill\u00f3n de tarjetas de cr\u00e9dito\",\"datePublished\":\"2019-11-01T23:12:19+00:00\",\"dateModified\":\"2019-11-02T13:02:21+00:00\",\"mainEntityOfPage\":{\"@id\":\"https:\\\/\\\/diariotextual.com\\\/inicio\\\/index.php\\\/2019\\\/11\\\/01\\\/ano-mercado-argentino-perdio-millon-tarjetas-credito\\\/\"},\"wordCount\":498,\"publisher\":{\"@id\":\"https:\\\/\\\/diariotextual.com\\\/inicio\\\/#organization\"},\"image\":{\"@id\":\"https:\\\/\\\/diariotextual.com\\\/inicio\\\/index.php\\\/2019\\\/11\\\/01\\\/ano-mercado-argentino-perdio-millon-tarjetas-credito\\\/#primaryimage\"},\"thumbnailUrl\":\"https:\\\/\\\/diariotextual.com\\\/inicio\\\/wp-content\\\/uploads\\\/2018\\\/06\\\/tarjetascreditodebito1.jpg\",\"articleSection\":[\"A - QUE PASA (al costado)\",\"ECONOMIA\"],\"inLanguage\":\"es\"},{\"@type\":\"WebPage\",\"@id\":\"https:\\\/\\\/diariotextual.com\\\/inicio\\\/index.php\\\/2019\\\/11\\\/01\\\/ano-mercado-argentino-perdio-millon-tarjetas-credito\\\/\",\"url\":\"https:\\\/\\\/diariotextual.com\\\/inicio\\\/index.php\\\/2019\\\/11\\\/01\\\/ano-mercado-argentino-perdio-millon-tarjetas-credito\\\/\",\"name\":\"En un a\u00f1o el mercado argentino perdi\u00f3 un mill\u00f3n de tarjetas de cr\u00e9dito - Diario Textual\",\"isPartOf\":{\"@id\":\"https:\\\/\\\/diariotextual.com\\\/inicio\\\/#website\"},\"primaryImageOfPage\":{\"@id\":\"https:\\\/\\\/diariotextual.com\\\/inicio\\\/index.php\\\/2019\\\/11\\\/01\\\/ano-mercado-argentino-perdio-millon-tarjetas-credito\\\/#primaryimage\"},\"image\":{\"@id\":\"https:\\\/\\\/diariotextual.com\\\/inicio\\\/index.php\\\/2019\\\/11\\\/01\\\/ano-mercado-argentino-perdio-millon-tarjetas-credito\\\/#primaryimage\"},\"thumbnailUrl\":\"https:\\\/\\\/diariotextual.com\\\/inicio\\\/wp-content\\\/uploads\\\/2018\\\/06\\\/tarjetascreditodebito1.jpg\",\"datePublished\":\"2019-11-01T23:12:19+00:00\",\"dateModified\":\"2019-11-02T13:02:21+00:00\",\"breadcrumb\":{\"@id\":\"https:\\\/\\\/diariotextual.com\\\/inicio\\\/index.php\\\/2019\\\/11\\\/01\\\/ano-mercado-argentino-perdio-millon-tarjetas-credito\\\/#breadcrumb\"},\"inLanguage\":\"es\",\"potentialAction\":[{\"@type\":\"ReadAction\",\"target\":[\"https:\\\/\\\/diariotextual.com\\\/inicio\\\/index.php\\\/2019\\\/11\\\/01\\\/ano-mercado-argentino-perdio-millon-tarjetas-credito\\\/\"]}]},{\"@type\":\"ImageObject\",\"inLanguage\":\"es\",\"@id\":\"https:\\\/\\\/diariotextual.com\\\/inicio\\\/index.php\\\/2019\\\/11\\\/01\\\/ano-mercado-argentino-perdio-millon-tarjetas-credito\\\/#primaryimage\",\"url\":\"https:\\\/\\\/diariotextual.com\\\/inicio\\\/wp-content\\\/uploads\\\/2018\\\/06\\\/tarjetascreditodebito1.jpg\",\"contentUrl\":\"https:\\\/\\\/diariotextual.com\\\/inicio\\\/wp-content\\\/uploads\\\/2018\\\/06\\\/tarjetascreditodebito1.jpg\",\"width\":1030,\"height\":772},{\"@type\":\"BreadcrumbList\",\"@id\":\"https:\\\/\\\/diariotextual.com\\\/inicio\\\/index.php\\\/2019\\\/11\\\/01\\\/ano-mercado-argentino-perdio-millon-tarjetas-credito\\\/#breadcrumb\",\"itemListElement\":[{\"@type\":\"ListItem\",\"position\":1,\"name\":\"Portada\",\"item\":\"https:\\\/\\\/diariotextual.com\\\/inicio\\\/\"},{\"@type\":\"ListItem\",\"position\":2,\"name\":\"En un a\u00f1o el mercado argentino perdi\u00f3 un mill\u00f3n de tarjetas de cr\u00e9dito\"}]},{\"@type\":\"WebSite\",\"@id\":\"https:\\\/\\\/diariotextual.com\\\/inicio\\\/#website\",\"url\":\"https:\\\/\\\/diariotextual.com\\\/inicio\\\/\",\"name\":\"Diario Textual\",\"description\":\"\",\"publisher\":{\"@id\":\"https:\\\/\\\/diariotextual.com\\\/inicio\\\/#organization\"},\"potentialAction\":[{\"@type\":\"SearchAction\",\"target\":{\"@type\":\"EntryPoint\",\"urlTemplate\":\"https:\\\/\\\/diariotextual.com\\\/inicio\\\/?s={search_term_string}\"},\"query-input\":{\"@type\":\"PropertyValueSpecification\",\"valueRequired\":true,\"valueName\":\"search_term_string\"}}],\"inLanguage\":\"es\"},{\"@type\":\"Organization\",\"@id\":\"https:\\\/\\\/diariotextual.com\\\/inicio\\\/#organization\",\"name\":\"Diario Textual\",\"url\":\"https:\\\/\\\/diariotextual.com\\\/inicio\\\/\",\"logo\":{\"@type\":\"ImageObject\",\"inLanguage\":\"es\",\"@id\":\"https:\\\/\\\/diariotextual.com\\\/inicio\\\/#\\\/schema\\\/logo\\\/image\\\/\",\"url\":\"https:\\\/\\\/diariotextual.com\\\/inicio\\\/wp-content\\\/uploads\\\/2023\\\/05\\\/logotextual1.jpg\",\"contentUrl\":\"https:\\\/\\\/diariotextual.com\\\/inicio\\\/wp-content\\\/uploads\\\/2023\\\/05\\\/logotextual1.jpg\",\"width\":516,\"height\":76,\"caption\":\"Diario Textual\"},\"image\":{\"@id\":\"https:\\\/\\\/diariotextual.com\\\/inicio\\\/#\\\/schema\\\/logo\\\/image\\\/\"},\"sameAs\":[\"https:\\\/\\\/www.facebook.com\\\/eltextual\",\"https:\\\/\\\/x.com\\\/eltextual\",\"http:\\\/\\\/www.instagram.com\\\/eltextual\"]},{\"@type\":\"Person\",\"@id\":\"https:\\\/\\\/diariotextual.com\\\/inicio\\\/#\\\/schema\\\/person\\\/418fc4093c33e86ed41562db3508f958\",\"name\":\"Diario1 Diario1\",\"image\":{\"@type\":\"ImageObject\",\"inLanguage\":\"es\",\"@id\":\"https:\\\/\\\/secure.gravatar.com\\\/avatar\\\/9167d280179c85bc18be67aa7eda765854300033af4896dd779b608640f2ef7a?s=96&d=mm&r=g\",\"url\":\"https:\\\/\\\/secure.gravatar.com\\\/avatar\\\/9167d280179c85bc18be67aa7eda765854300033af4896dd779b608640f2ef7a?s=96&d=mm&r=g\",\"contentUrl\":\"https:\\\/\\\/secure.gravatar.com\\\/avatar\\\/9167d280179c85bc18be67aa7eda765854300033af4896dd779b608640f2ef7a?s=96&d=mm&r=g\",\"caption\":\"Diario1 Diario1\"},\"url\":\"https:\\\/\\\/diariotextual.com\\\/inicio\\\/index.php\\\/author\\\/diario1\\\/\"}]}<\/script>\n<!-- \/ Yoast SEO plugin. -->","yoast_head_json":{"title":"En un a\u00f1o el mercado argentino perdi\u00f3 un mill\u00f3n de tarjetas de cr\u00e9dito - Diario Textual","robots":{"index":"index","follow":"follow","max-snippet":"max-snippet:-1","max-image-preview":"max-image-preview:large","max-video-preview":"max-video-preview:-1"},"canonical":"https:\/\/diariotextual.com\/inicio\/index.php\/2019\/11\/01\/ano-mercado-argentino-perdio-millon-tarjetas-credito\/","og_locale":"es_ES","og_type":"article","og_title":"En un a\u00f1o el mercado argentino perdi\u00f3 un mill\u00f3n de tarjetas de cr\u00e9dito - Diario Textual","og_description":"El mercado argentino cuenta con un mill\u00f3n de tarjetas de cr\u00e9dito menos respecto a las registradas en 2018 y se perdieron m\u00e1s de un mill\u00f3n de clientes de tarjetas regionales&hellip;","og_url":"https:\/\/diariotextual.com\/inicio\/index.php\/2019\/11\/01\/ano-mercado-argentino-perdio-millon-tarjetas-credito\/","og_site_name":"Diario Textual","article_publisher":"https:\/\/www.facebook.com\/eltextual","article_published_time":"2019-11-01T23:12:19+00:00","article_modified_time":"2019-11-02T13:02:21+00:00","og_image":[{"width":1030,"height":772,"url":"https:\/\/diariotextual.com\/inicio\/wp-content\/uploads\/2018\/06\/tarjetascreditodebito1.jpg","type":"image\/jpeg"}],"author":"Diario1 Diario1","twitter_card":"summary_large_image","twitter_creator":"@eltextual","twitter_site":"@eltextual","twitter_misc":{"Escrito por":"Diario1 Diario1","Tiempo de lectura":"2 minutos"},"schema":{"@context":"https:\/\/schema.org","@graph":[{"@type":"Article","@id":"https:\/\/diariotextual.com\/inicio\/index.php\/2019\/11\/01\/ano-mercado-argentino-perdio-millon-tarjetas-credito\/#article","isPartOf":{"@id":"https:\/\/diariotextual.com\/inicio\/index.php\/2019\/11\/01\/ano-mercado-argentino-perdio-millon-tarjetas-credito\/"},"author":{"name":"Diario1 Diario1","@id":"https:\/\/diariotextual.com\/inicio\/#\/schema\/person\/418fc4093c33e86ed41562db3508f958"},"headline":"En un a\u00f1o el mercado argentino perdi\u00f3 un mill\u00f3n de tarjetas de cr\u00e9dito","datePublished":"2019-11-01T23:12:19+00:00","dateModified":"2019-11-02T13:02:21+00:00","mainEntityOfPage":{"@id":"https:\/\/diariotextual.com\/inicio\/index.php\/2019\/11\/01\/ano-mercado-argentino-perdio-millon-tarjetas-credito\/"},"wordCount":498,"publisher":{"@id":"https:\/\/diariotextual.com\/inicio\/#organization"},"image":{"@id":"https:\/\/diariotextual.com\/inicio\/index.php\/2019\/11\/01\/ano-mercado-argentino-perdio-millon-tarjetas-credito\/#primaryimage"},"thumbnailUrl":"https:\/\/diariotextual.com\/inicio\/wp-content\/uploads\/2018\/06\/tarjetascreditodebito1.jpg","articleSection":["A - QUE PASA (al costado)","ECONOMIA"],"inLanguage":"es"},{"@type":"WebPage","@id":"https:\/\/diariotextual.com\/inicio\/index.php\/2019\/11\/01\/ano-mercado-argentino-perdio-millon-tarjetas-credito\/","url":"https:\/\/diariotextual.com\/inicio\/index.php\/2019\/11\/01\/ano-mercado-argentino-perdio-millon-tarjetas-credito\/","name":"En un a\u00f1o el mercado argentino perdi\u00f3 un mill\u00f3n de tarjetas de cr\u00e9dito - Diario Textual","isPartOf":{"@id":"https:\/\/diariotextual.com\/inicio\/#website"},"primaryImageOfPage":{"@id":"https:\/\/diariotextual.com\/inicio\/index.php\/2019\/11\/01\/ano-mercado-argentino-perdio-millon-tarjetas-credito\/#primaryimage"},"image":{"@id":"https:\/\/diariotextual.com\/inicio\/index.php\/2019\/11\/01\/ano-mercado-argentino-perdio-millon-tarjetas-credito\/#primaryimage"},"thumbnailUrl":"https:\/\/diariotextual.com\/inicio\/wp-content\/uploads\/2018\/06\/tarjetascreditodebito1.jpg","datePublished":"2019-11-01T23:12:19+00:00","dateModified":"2019-11-02T13:02:21+00:00","breadcrumb":{"@id":"https:\/\/diariotextual.com\/inicio\/index.php\/2019\/11\/01\/ano-mercado-argentino-perdio-millon-tarjetas-credito\/#breadcrumb"},"inLanguage":"es","potentialAction":[{"@type":"ReadAction","target":["https:\/\/diariotextual.com\/inicio\/index.php\/2019\/11\/01\/ano-mercado-argentino-perdio-millon-tarjetas-credito\/"]}]},{"@type":"ImageObject","inLanguage":"es","@id":"https:\/\/diariotextual.com\/inicio\/index.php\/2019\/11\/01\/ano-mercado-argentino-perdio-millon-tarjetas-credito\/#primaryimage","url":"https:\/\/diariotextual.com\/inicio\/wp-content\/uploads\/2018\/06\/tarjetascreditodebito1.jpg","contentUrl":"https:\/\/diariotextual.com\/inicio\/wp-content\/uploads\/2018\/06\/tarjetascreditodebito1.jpg","width":1030,"height":772},{"@type":"BreadcrumbList","@id":"https:\/\/diariotextual.com\/inicio\/index.php\/2019\/11\/01\/ano-mercado-argentino-perdio-millon-tarjetas-credito\/#breadcrumb","itemListElement":[{"@type":"ListItem","position":1,"name":"Portada","item":"https:\/\/diariotextual.com\/inicio\/"},{"@type":"ListItem","position":2,"name":"En un a\u00f1o el mercado argentino perdi\u00f3 un mill\u00f3n de tarjetas de cr\u00e9dito"}]},{"@type":"WebSite","@id":"https:\/\/diariotextual.com\/inicio\/#website","url":"https:\/\/diariotextual.com\/inicio\/","name":"Diario Textual","description":"","publisher":{"@id":"https:\/\/diariotextual.com\/inicio\/#organization"},"potentialAction":[{"@type":"SearchAction","target":{"@type":"EntryPoint","urlTemplate":"https:\/\/diariotextual.com\/inicio\/?s={search_term_string}"},"query-input":{"@type":"PropertyValueSpecification","valueRequired":true,"valueName":"search_term_string"}}],"inLanguage":"es"},{"@type":"Organization","@id":"https:\/\/diariotextual.com\/inicio\/#organization","name":"Diario Textual","url":"https:\/\/diariotextual.com\/inicio\/","logo":{"@type":"ImageObject","inLanguage":"es","@id":"https:\/\/diariotextual.com\/inicio\/#\/schema\/logo\/image\/","url":"https:\/\/diariotextual.com\/inicio\/wp-content\/uploads\/2023\/05\/logotextual1.jpg","contentUrl":"https:\/\/diariotextual.com\/inicio\/wp-content\/uploads\/2023\/05\/logotextual1.jpg","width":516,"height":76,"caption":"Diario Textual"},"image":{"@id":"https:\/\/diariotextual.com\/inicio\/#\/schema\/logo\/image\/"},"sameAs":["https:\/\/www.facebook.com\/eltextual","https:\/\/x.com\/eltextual","http:\/\/www.instagram.com\/eltextual"]},{"@type":"Person","@id":"https:\/\/diariotextual.com\/inicio\/#\/schema\/person\/418fc4093c33e86ed41562db3508f958","name":"Diario1 Diario1","image":{"@type":"ImageObject","inLanguage":"es","@id":"https:\/\/secure.gravatar.com\/avatar\/9167d280179c85bc18be67aa7eda765854300033af4896dd779b608640f2ef7a?s=96&d=mm&r=g","url":"https:\/\/secure.gravatar.com\/avatar\/9167d280179c85bc18be67aa7eda765854300033af4896dd779b608640f2ef7a?s=96&d=mm&r=g","contentUrl":"https:\/\/secure.gravatar.com\/avatar\/9167d280179c85bc18be67aa7eda765854300033af4896dd779b608640f2ef7a?s=96&d=mm&r=g","caption":"Diario1 Diario1"},"url":"https:\/\/diariotextual.com\/inicio\/index.php\/author\/diario1\/"}]}},"_links":{"self":[{"href":"https:\/\/diariotextual.com\/inicio\/index.php\/wp-json\/wp\/v2\/posts\/68360","targetHints":{"allow":["GET"]}}],"collection":[{"href":"https:\/\/diariotextual.com\/inicio\/index.php\/wp-json\/wp\/v2\/posts"}],"about":[{"href":"https:\/\/diariotextual.com\/inicio\/index.php\/wp-json\/wp\/v2\/types\/post"}],"author":[{"embeddable":true,"href":"https:\/\/diariotextual.com\/inicio\/index.php\/wp-json\/wp\/v2\/users\/3"}],"replies":[{"embeddable":true,"href":"https:\/\/diariotextual.com\/inicio\/index.php\/wp-json\/wp\/v2\/comments?post=68360"}],"version-history":[{"count":1,"href":"https:\/\/diariotextual.com\/inicio\/index.php\/wp-json\/wp\/v2\/posts\/68360\/revisions"}],"predecessor-version":[{"id":68361,"href":"https:\/\/diariotextual.com\/inicio\/index.php\/wp-json\/wp\/v2\/posts\/68360\/revisions\/68361"}],"wp:featuredmedia":[{"embeddable":true,"href":"https:\/\/diariotextual.com\/inicio\/index.php\/wp-json\/wp\/v2\/media\/11540"}],"wp:attachment":[{"href":"https:\/\/diariotextual.com\/inicio\/index.php\/wp-json\/wp\/v2\/media?parent=68360"}],"wp:term":[{"taxonomy":"category","embeddable":true,"href":"https:\/\/diariotextual.com\/inicio\/index.php\/wp-json\/wp\/v2\/categories?post=68360"},{"taxonomy":"post_tag","embeddable":true,"href":"https:\/\/diariotextual.com\/inicio\/index.php\/wp-json\/wp\/v2\/tags?post=68360"}],"curies":[{"name":"wp","href":"https:\/\/api.w.org\/{rel}","templated":true}]}}