{"id":68801,"date":"2019-11-06T08:29:18","date_gmt":"2019-11-06T11:29:18","guid":{"rendered":"http:\/\/diariotextual.com\/inicio\/?p=68801"},"modified":"2019-11-06T12:27:03","modified_gmt":"2019-11-06T15:27:03","slug":"saqueo-al-fgs-ate-advierte-corren-riesgo-las-jubilaciones-futuras","status":"publish","type":"post","link":"https:\/\/diariotextual.com\/inicio\/index.php\/2019\/11\/06\/saqueo-al-fgs-ate-advierte-corren-riesgo-las-jubilaciones-futuras\/","title":{"rendered":"Por el \u00absaqueo\u00bb al FGS, ATE advierte que corren riesgo las jubilaciones futuras"},"content":{"rendered":"<p>El delegado de la <strong>Asociaci\u00f3n Trabajadores del Estado<\/strong> en la oficina de Anses Santa Rosa, <strong>Pedro Rodr\u00edguez<\/strong>, advirti\u00f3 que por el <strong>\u00absaqueo\u00bb<\/strong> que hizo el Gobierno de Mauricio Macri al <strong>Fondo de Garant\u00eda de Sustentabilidad<\/strong> \u00abcorren riesgo las futuras jubilaciones\u00bb. Revel\u00f3 que <strong>cuando Cambiemos asumi\u00f3 el FGS ten\u00eda 70 mil millones de d\u00f3lares y ahora deja 19 mil millones.<\/strong><\/p>\n<blockquote class=\"wp-embedded-content\" data-secret=\"nyvfVZ9ER7\"><p><a href=\"http:\/\/diariotextual.com\/inicio\/index.php\/2019\/11\/02\/cuando-asumio-macri-fondo-la-anses-tenia-67-mil-millones-dolares-ya-saquearon-la-mitad\/\">&#171;Cuando asumi\u00f3 Macri el fondo de la Anses ten\u00eda 67 mil millones de d\u00f3lares y ya saquearon la mitad&#187;<\/a><\/p><\/blockquote>\n<p><iframe class=\"wp-embedded-content\" sandbox=\"allow-scripts\" security=\"restricted\" style=\"position: absolute; clip: rect(1px, 1px, 1px, 1px);\" src=\"http:\/\/diariotextual.com\/inicio\/index.php\/2019\/11\/02\/cuando-asumio-macri-fondo-la-anses-tenia-67-mil-millones-dolares-ya-saquearon-la-mitad\/embed\/#?secret=nyvfVZ9ER7\" data-secret=\"nyvfVZ9ER7\" width=\"600\" height=\"338\" title=\"&#171;&#171;Cuando asumi\u00f3 Macri el fondo de la Anses ten\u00eda 67 mil millones de d\u00f3lares y ya saquearon la mitad&#187;&#187; &#8212; Diario Textual\" frameborder=\"0\" marginwidth=\"0\" marginheight=\"0\" scrolling=\"no\"><\/iframe><\/p>\n<p>El Fondo de Garant\u00eda de Sustentabilidad\u00a0es<strong> un\u00a0fondo de inversi\u00f3n\u00a0argentino compuesto por diversos tipos de activos financieros y es parte del Sistema Integrado Previsional Argentino.<\/strong> Entre dichos activos se encuentran t\u00edtulos p\u00fablicos, acciones de empresas, tenencias de plazos fijos, obligaciones negociables, fondos comunes de inversi\u00f3n, valores representativos de deuda emitidos en el marco de fideicomisos y c\u00e9dulas hipotecarias.<\/p>\n<p><strong>Las inversiones del FGS procuran promover el crecimiento econ\u00f3mico, generar m\u00e1s empleos y evitar la especulaci\u00f3n financiera. El rendimiento de los activos ha sido utilizado como fuente de financiamiento para programas de seguridad social, incluyendo\u00a0Conectar Igualdad\u00a0y\u00a0Procrear, entre otros.<\/strong><\/p>\n<p>Pero <strong>el Gobierno de Mauricio Macri tom\u00f3 estos fondos para financiar gastos corrientes<\/strong> y lo dej\u00f3 en una situaci\u00f3n cr\u00edtica.<\/p>\n<p>\u00abTen\u00edamos al ingreso de este gobierno alrededor de 70 mil millones de d\u00f3lares ahorrados y hoy la caja tiene 19 mil millones, el resto solo Dios sabe adonde est\u00e1\u00bb, dijo el delegado de ATE en Anses Santa Rosa, Pedro Rodr\u00edguez.<\/p>\n<p>\u00abSin lugar a dudas corren riesgo las jubilaciones futuras con el nivel de recaudaci\u00f3n que tenemos hoy. Necesitamos un flujo de dinero de los aportantes, que no tenemos. Hay que volver a generar empleo, pero las f\u00e1bricas cerraron y no tenemos proyecci\u00f3n futura de que tengamos una apertura din\u00e1mica de desarrollo laboral en el pa\u00eds\u00bb, advirti\u00f3 el dirigente.<\/p>\n<blockquote class=\"wp-embedded-content\" data-secret=\"wMNiRf57XM\"><p><a href=\"http:\/\/diariotextual.com\/inicio\/index.php\/2019\/11\/05\/pese-al-amparo-gobierno-macri-toma-mas-dinero-la-anses-financiarse\/\">Pese al amparo, el Gobierno de Macri toma m\u00e1s dinero de la Anses para financiarse<\/a><\/p><\/blockquote>\n<p><iframe class=\"wp-embedded-content\" sandbox=\"allow-scripts\" security=\"restricted\" style=\"position: absolute; clip: rect(1px, 1px, 1px, 1px);\" src=\"http:\/\/diariotextual.com\/inicio\/index.php\/2019\/11\/05\/pese-al-amparo-gobierno-macri-toma-mas-dinero-la-anses-financiarse\/embed\/#?secret=wMNiRf57XM\" data-secret=\"wMNiRf57XM\" width=\"600\" height=\"338\" title=\"&#171;Pese al amparo, el Gobierno de Macri toma m\u00e1s dinero de la Anses para financiarse&#187; &#8212; Diario Textual\" frameborder=\"0\" marginwidth=\"0\" marginheight=\"0\" scrolling=\"no\"><\/iframe><\/p>\n<p>&nbsp;<\/p>\n<p>&nbsp;<\/p>\n<p>&nbsp;<\/p>\n","protected":false},"excerpt":{"rendered":"<p>El delegado de la Asociaci\u00f3n Trabajadores del Estado en la oficina de Anses Santa Rosa, Pedro Rodr\u00edguez, advirti\u00f3 que por el \u00absaqueo\u00bb que hizo el Gobierno de Mauricio Macri al&hellip;<\/p>\n","protected":false},"author":7,"featured_media":16945,"comment_status":"closed","ping_status":"open","sticky":false,"template":"","format":"standard","meta":{"_acf_changed":false,"footnotes":""},"categories":[11,5],"tags":[],"class_list":["post-68801","post","type-post","status-publish","format-standard","has-post-thumbnail","hentry","category-que-pasa","category-economia"],"acf":[],"yoast_head":"<!-- This site is optimized with the Yoast SEO plugin v27.5 - https:\/\/yoast.com\/product\/yoast-seo-wordpress\/ -->\n<title>Por el &quot;saqueo&quot; al FGS, ATE advierte que corren riesgo las jubilaciones futuras - Diario Textual<\/title>\n<meta name=\"robots\" content=\"index, follow, max-snippet:-1, max-image-preview:large, max-video-preview:-1\" \/>\n<link rel=\"canonical\" href=\"https:\/\/diariotextual.com\/inicio\/index.php\/2019\/11\/06\/saqueo-al-fgs-ate-advierte-corren-riesgo-las-jubilaciones-futuras\/\" \/>\n<meta property=\"og:locale\" content=\"es_ES\" \/>\n<meta property=\"og:type\" content=\"article\" \/>\n<meta property=\"og:title\" content=\"Por el &quot;saqueo&quot; al FGS, ATE advierte que corren riesgo las jubilaciones futuras - Diario Textual\" \/>\n<meta property=\"og:description\" content=\"El delegado de la Asociaci\u00f3n Trabajadores del Estado en la oficina de Anses Santa Rosa, Pedro Rodr\u00edguez, advirti\u00f3 que por el \u00absaqueo\u00bb que hizo el Gobierno de Mauricio Macri al&hellip;\" \/>\n<meta property=\"og:url\" content=\"https:\/\/diariotextual.com\/inicio\/index.php\/2019\/11\/06\/saqueo-al-fgs-ate-advierte-corren-riesgo-las-jubilaciones-futuras\/\" \/>\n<meta property=\"og:site_name\" content=\"Diario Textual\" \/>\n<meta property=\"article:publisher\" content=\"https:\/\/www.facebook.com\/eltextual\" \/>\n<meta property=\"article:published_time\" content=\"2019-11-06T11:29:18+00:00\" \/>\n<meta property=\"article:modified_time\" content=\"2019-11-06T15:27:03+00:00\" \/>\n<meta property=\"og:image\" content=\"https:\/\/diariotextual.com\/inicio\/wp-content\/uploads\/2018\/08\/anseslogo.jpg\" \/>\n\t<meta property=\"og:image:width\" content=\"700\" \/>\n\t<meta property=\"og:image:height\" content=\"397\" \/>\n\t<meta property=\"og:image:type\" content=\"image\/jpeg\" \/>\n<meta name=\"author\" content=\"diario5\" \/>\n<meta name=\"twitter:card\" content=\"summary_large_image\" \/>\n<meta name=\"twitter:creator\" content=\"@eltextual\" \/>\n<meta name=\"twitter:site\" content=\"@eltextual\" \/>\n<meta name=\"twitter:label1\" content=\"Escrito por\" \/>\n\t<meta name=\"twitter:data1\" content=\"diario5\" \/>\n\t<meta name=\"twitter:label2\" content=\"Tiempo de lectura\" \/>\n\t<meta name=\"twitter:data2\" content=\"2 minutos\" \/>\n<script type=\"application\/ld+json\" class=\"yoast-schema-graph\">{\"@context\":\"https:\\\/\\\/schema.org\",\"@graph\":[{\"@type\":\"Article\",\"@id\":\"https:\\\/\\\/diariotextual.com\\\/inicio\\\/index.php\\\/2019\\\/11\\\/06\\\/saqueo-al-fgs-ate-advierte-corren-riesgo-las-jubilaciones-futuras\\\/#article\",\"isPartOf\":{\"@id\":\"https:\\\/\\\/diariotextual.com\\\/inicio\\\/index.php\\\/2019\\\/11\\\/06\\\/saqueo-al-fgs-ate-advierte-corren-riesgo-las-jubilaciones-futuras\\\/\"},\"author\":{\"name\":\"diario5\",\"@id\":\"https:\\\/\\\/diariotextual.com\\\/inicio\\\/#\\\/schema\\\/person\\\/c7834961ad8b29b1d9cdbf4571299067\"},\"headline\":\"Por el \u00absaqueo\u00bb al FGS, ATE advierte que corren riesgo las jubilaciones futuras\",\"datePublished\":\"2019-11-06T11:29:18+00:00\",\"dateModified\":\"2019-11-06T15:27:03+00:00\",\"mainEntityOfPage\":{\"@id\":\"https:\\\/\\\/diariotextual.com\\\/inicio\\\/index.php\\\/2019\\\/11\\\/06\\\/saqueo-al-fgs-ate-advierte-corren-riesgo-las-jubilaciones-futuras\\\/\"},\"wordCount\":329,\"publisher\":{\"@id\":\"https:\\\/\\\/diariotextual.com\\\/inicio\\\/#organization\"},\"image\":{\"@id\":\"https:\\\/\\\/diariotextual.com\\\/inicio\\\/index.php\\\/2019\\\/11\\\/06\\\/saqueo-al-fgs-ate-advierte-corren-riesgo-las-jubilaciones-futuras\\\/#primaryimage\"},\"thumbnailUrl\":\"https:\\\/\\\/diariotextual.com\\\/inicio\\\/wp-content\\\/uploads\\\/2018\\\/08\\\/anseslogo.jpg\",\"articleSection\":[\"A - QUE PASA (al costado)\",\"ECONOMIA\"],\"inLanguage\":\"es\"},{\"@type\":\"WebPage\",\"@id\":\"https:\\\/\\\/diariotextual.com\\\/inicio\\\/index.php\\\/2019\\\/11\\\/06\\\/saqueo-al-fgs-ate-advierte-corren-riesgo-las-jubilaciones-futuras\\\/\",\"url\":\"https:\\\/\\\/diariotextual.com\\\/inicio\\\/index.php\\\/2019\\\/11\\\/06\\\/saqueo-al-fgs-ate-advierte-corren-riesgo-las-jubilaciones-futuras\\\/\",\"name\":\"Por el \\\"saqueo\\\" al FGS, ATE advierte que corren riesgo las jubilaciones futuras - Diario Textual\",\"isPartOf\":{\"@id\":\"https:\\\/\\\/diariotextual.com\\\/inicio\\\/#website\"},\"primaryImageOfPage\":{\"@id\":\"https:\\\/\\\/diariotextual.com\\\/inicio\\\/index.php\\\/2019\\\/11\\\/06\\\/saqueo-al-fgs-ate-advierte-corren-riesgo-las-jubilaciones-futuras\\\/#primaryimage\"},\"image\":{\"@id\":\"https:\\\/\\\/diariotextual.com\\\/inicio\\\/index.php\\\/2019\\\/11\\\/06\\\/saqueo-al-fgs-ate-advierte-corren-riesgo-las-jubilaciones-futuras\\\/#primaryimage\"},\"thumbnailUrl\":\"https:\\\/\\\/diariotextual.com\\\/inicio\\\/wp-content\\\/uploads\\\/2018\\\/08\\\/anseslogo.jpg\",\"datePublished\":\"2019-11-06T11:29:18+00:00\",\"dateModified\":\"2019-11-06T15:27:03+00:00\",\"breadcrumb\":{\"@id\":\"https:\\\/\\\/diariotextual.com\\\/inicio\\\/index.php\\\/2019\\\/11\\\/06\\\/saqueo-al-fgs-ate-advierte-corren-riesgo-las-jubilaciones-futuras\\\/#breadcrumb\"},\"inLanguage\":\"es\",\"potentialAction\":[{\"@type\":\"ReadAction\",\"target\":[\"https:\\\/\\\/diariotextual.com\\\/inicio\\\/index.php\\\/2019\\\/11\\\/06\\\/saqueo-al-fgs-ate-advierte-corren-riesgo-las-jubilaciones-futuras\\\/\"]}]},{\"@type\":\"ImageObject\",\"inLanguage\":\"es\",\"@id\":\"https:\\\/\\\/diariotextual.com\\\/inicio\\\/index.php\\\/2019\\\/11\\\/06\\\/saqueo-al-fgs-ate-advierte-corren-riesgo-las-jubilaciones-futuras\\\/#primaryimage\",\"url\":\"https:\\\/\\\/diariotextual.com\\\/inicio\\\/wp-content\\\/uploads\\\/2018\\\/08\\\/anseslogo.jpg\",\"contentUrl\":\"https:\\\/\\\/diariotextual.com\\\/inicio\\\/wp-content\\\/uploads\\\/2018\\\/08\\\/anseslogo.jpg\",\"width\":700,\"height\":397},{\"@type\":\"BreadcrumbList\",\"@id\":\"https:\\\/\\\/diariotextual.com\\\/inicio\\\/index.php\\\/2019\\\/11\\\/06\\\/saqueo-al-fgs-ate-advierte-corren-riesgo-las-jubilaciones-futuras\\\/#breadcrumb\",\"itemListElement\":[{\"@type\":\"ListItem\",\"position\":1,\"name\":\"Portada\",\"item\":\"https:\\\/\\\/diariotextual.com\\\/inicio\\\/\"},{\"@type\":\"ListItem\",\"position\":2,\"name\":\"Por el \u00absaqueo\u00bb al FGS, ATE advierte que corren riesgo las jubilaciones futuras\"}]},{\"@type\":\"WebSite\",\"@id\":\"https:\\\/\\\/diariotextual.com\\\/inicio\\\/#website\",\"url\":\"https:\\\/\\\/diariotextual.com\\\/inicio\\\/\",\"name\":\"Diario Textual\",\"description\":\"\",\"publisher\":{\"@id\":\"https:\\\/\\\/diariotextual.com\\\/inicio\\\/#organization\"},\"potentialAction\":[{\"@type\":\"SearchAction\",\"target\":{\"@type\":\"EntryPoint\",\"urlTemplate\":\"https:\\\/\\\/diariotextual.com\\\/inicio\\\/?s={search_term_string}\"},\"query-input\":{\"@type\":\"PropertyValueSpecification\",\"valueRequired\":true,\"valueName\":\"search_term_string\"}}],\"inLanguage\":\"es\"},{\"@type\":\"Organization\",\"@id\":\"https:\\\/\\\/diariotextual.com\\\/inicio\\\/#organization\",\"name\":\"Diario Textual\",\"url\":\"https:\\\/\\\/diariotextual.com\\\/inicio\\\/\",\"logo\":{\"@type\":\"ImageObject\",\"inLanguage\":\"es\",\"@id\":\"https:\\\/\\\/diariotextual.com\\\/inicio\\\/#\\\/schema\\\/logo\\\/image\\\/\",\"url\":\"https:\\\/\\\/diariotextual.com\\\/inicio\\\/wp-content\\\/uploads\\\/2023\\\/05\\\/logotextual1.jpg\",\"contentUrl\":\"https:\\\/\\\/diariotextual.com\\\/inicio\\\/wp-content\\\/uploads\\\/2023\\\/05\\\/logotextual1.jpg\",\"width\":516,\"height\":76,\"caption\":\"Diario Textual\"},\"image\":{\"@id\":\"https:\\\/\\\/diariotextual.com\\\/inicio\\\/#\\\/schema\\\/logo\\\/image\\\/\"},\"sameAs\":[\"https:\\\/\\\/www.facebook.com\\\/eltextual\",\"https:\\\/\\\/x.com\\\/eltextual\",\"http:\\\/\\\/www.instagram.com\\\/eltextual\"]},{\"@type\":\"Person\",\"@id\":\"https:\\\/\\\/diariotextual.com\\\/inicio\\\/#\\\/schema\\\/person\\\/c7834961ad8b29b1d9cdbf4571299067\",\"name\":\"diario5\",\"image\":{\"@type\":\"ImageObject\",\"inLanguage\":\"es\",\"@id\":\"https:\\\/\\\/secure.gravatar.com\\\/avatar\\\/948c893b847ca6df68216ead81b63f363408ec9b0f600fefc0641ce78613b111?s=96&d=mm&r=g\",\"url\":\"https:\\\/\\\/secure.gravatar.com\\\/avatar\\\/948c893b847ca6df68216ead81b63f363408ec9b0f600fefc0641ce78613b111?s=96&d=mm&r=g\",\"contentUrl\":\"https:\\\/\\\/secure.gravatar.com\\\/avatar\\\/948c893b847ca6df68216ead81b63f363408ec9b0f600fefc0641ce78613b111?s=96&d=mm&r=g\",\"caption\":\"diario5\"},\"url\":\"https:\\\/\\\/diariotextual.com\\\/inicio\\\/index.php\\\/author\\\/diario5\\\/\"}]}<\/script>\n<!-- \/ Yoast SEO plugin. -->","yoast_head_json":{"title":"Por el \"saqueo\" al FGS, ATE advierte que corren riesgo las jubilaciones futuras - Diario Textual","robots":{"index":"index","follow":"follow","max-snippet":"max-snippet:-1","max-image-preview":"max-image-preview:large","max-video-preview":"max-video-preview:-1"},"canonical":"https:\/\/diariotextual.com\/inicio\/index.php\/2019\/11\/06\/saqueo-al-fgs-ate-advierte-corren-riesgo-las-jubilaciones-futuras\/","og_locale":"es_ES","og_type":"article","og_title":"Por el \"saqueo\" al FGS, ATE advierte que corren riesgo las jubilaciones futuras - Diario Textual","og_description":"El delegado de la Asociaci\u00f3n Trabajadores del Estado en la oficina de Anses Santa Rosa, Pedro Rodr\u00edguez, advirti\u00f3 que por el \u00absaqueo\u00bb que hizo el Gobierno de Mauricio Macri al&hellip;","og_url":"https:\/\/diariotextual.com\/inicio\/index.php\/2019\/11\/06\/saqueo-al-fgs-ate-advierte-corren-riesgo-las-jubilaciones-futuras\/","og_site_name":"Diario Textual","article_publisher":"https:\/\/www.facebook.com\/eltextual","article_published_time":"2019-11-06T11:29:18+00:00","article_modified_time":"2019-11-06T15:27:03+00:00","og_image":[{"width":700,"height":397,"url":"https:\/\/diariotextual.com\/inicio\/wp-content\/uploads\/2018\/08\/anseslogo.jpg","type":"image\/jpeg"}],"author":"diario5","twitter_card":"summary_large_image","twitter_creator":"@eltextual","twitter_site":"@eltextual","twitter_misc":{"Escrito por":"diario5","Tiempo de lectura":"2 minutos"},"schema":{"@context":"https:\/\/schema.org","@graph":[{"@type":"Article","@id":"https:\/\/diariotextual.com\/inicio\/index.php\/2019\/11\/06\/saqueo-al-fgs-ate-advierte-corren-riesgo-las-jubilaciones-futuras\/#article","isPartOf":{"@id":"https:\/\/diariotextual.com\/inicio\/index.php\/2019\/11\/06\/saqueo-al-fgs-ate-advierte-corren-riesgo-las-jubilaciones-futuras\/"},"author":{"name":"diario5","@id":"https:\/\/diariotextual.com\/inicio\/#\/schema\/person\/c7834961ad8b29b1d9cdbf4571299067"},"headline":"Por el \u00absaqueo\u00bb al FGS, ATE advierte que corren riesgo las jubilaciones futuras","datePublished":"2019-11-06T11:29:18+00:00","dateModified":"2019-11-06T15:27:03+00:00","mainEntityOfPage":{"@id":"https:\/\/diariotextual.com\/inicio\/index.php\/2019\/11\/06\/saqueo-al-fgs-ate-advierte-corren-riesgo-las-jubilaciones-futuras\/"},"wordCount":329,"publisher":{"@id":"https:\/\/diariotextual.com\/inicio\/#organization"},"image":{"@id":"https:\/\/diariotextual.com\/inicio\/index.php\/2019\/11\/06\/saqueo-al-fgs-ate-advierte-corren-riesgo-las-jubilaciones-futuras\/#primaryimage"},"thumbnailUrl":"https:\/\/diariotextual.com\/inicio\/wp-content\/uploads\/2018\/08\/anseslogo.jpg","articleSection":["A - QUE PASA (al costado)","ECONOMIA"],"inLanguage":"es"},{"@type":"WebPage","@id":"https:\/\/diariotextual.com\/inicio\/index.php\/2019\/11\/06\/saqueo-al-fgs-ate-advierte-corren-riesgo-las-jubilaciones-futuras\/","url":"https:\/\/diariotextual.com\/inicio\/index.php\/2019\/11\/06\/saqueo-al-fgs-ate-advierte-corren-riesgo-las-jubilaciones-futuras\/","name":"Por el \"saqueo\" al FGS, ATE advierte que corren riesgo las jubilaciones futuras - Diario Textual","isPartOf":{"@id":"https:\/\/diariotextual.com\/inicio\/#website"},"primaryImageOfPage":{"@id":"https:\/\/diariotextual.com\/inicio\/index.php\/2019\/11\/06\/saqueo-al-fgs-ate-advierte-corren-riesgo-las-jubilaciones-futuras\/#primaryimage"},"image":{"@id":"https:\/\/diariotextual.com\/inicio\/index.php\/2019\/11\/06\/saqueo-al-fgs-ate-advierte-corren-riesgo-las-jubilaciones-futuras\/#primaryimage"},"thumbnailUrl":"https:\/\/diariotextual.com\/inicio\/wp-content\/uploads\/2018\/08\/anseslogo.jpg","datePublished":"2019-11-06T11:29:18+00:00","dateModified":"2019-11-06T15:27:03+00:00","breadcrumb":{"@id":"https:\/\/diariotextual.com\/inicio\/index.php\/2019\/11\/06\/saqueo-al-fgs-ate-advierte-corren-riesgo-las-jubilaciones-futuras\/#breadcrumb"},"inLanguage":"es","potentialAction":[{"@type":"ReadAction","target":["https:\/\/diariotextual.com\/inicio\/index.php\/2019\/11\/06\/saqueo-al-fgs-ate-advierte-corren-riesgo-las-jubilaciones-futuras\/"]}]},{"@type":"ImageObject","inLanguage":"es","@id":"https:\/\/diariotextual.com\/inicio\/index.php\/2019\/11\/06\/saqueo-al-fgs-ate-advierte-corren-riesgo-las-jubilaciones-futuras\/#primaryimage","url":"https:\/\/diariotextual.com\/inicio\/wp-content\/uploads\/2018\/08\/anseslogo.jpg","contentUrl":"https:\/\/diariotextual.com\/inicio\/wp-content\/uploads\/2018\/08\/anseslogo.jpg","width":700,"height":397},{"@type":"BreadcrumbList","@id":"https:\/\/diariotextual.com\/inicio\/index.php\/2019\/11\/06\/saqueo-al-fgs-ate-advierte-corren-riesgo-las-jubilaciones-futuras\/#breadcrumb","itemListElement":[{"@type":"ListItem","position":1,"name":"Portada","item":"https:\/\/diariotextual.com\/inicio\/"},{"@type":"ListItem","position":2,"name":"Por el \u00absaqueo\u00bb al FGS, ATE advierte que corren riesgo las jubilaciones futuras"}]},{"@type":"WebSite","@id":"https:\/\/diariotextual.com\/inicio\/#website","url":"https:\/\/diariotextual.com\/inicio\/","name":"Diario Textual","description":"","publisher":{"@id":"https:\/\/diariotextual.com\/inicio\/#organization"},"potentialAction":[{"@type":"SearchAction","target":{"@type":"EntryPoint","urlTemplate":"https:\/\/diariotextual.com\/inicio\/?s={search_term_string}"},"query-input":{"@type":"PropertyValueSpecification","valueRequired":true,"valueName":"search_term_string"}}],"inLanguage":"es"},{"@type":"Organization","@id":"https:\/\/diariotextual.com\/inicio\/#organization","name":"Diario Textual","url":"https:\/\/diariotextual.com\/inicio\/","logo":{"@type":"ImageObject","inLanguage":"es","@id":"https:\/\/diariotextual.com\/inicio\/#\/schema\/logo\/image\/","url":"https:\/\/diariotextual.com\/inicio\/wp-content\/uploads\/2023\/05\/logotextual1.jpg","contentUrl":"https:\/\/diariotextual.com\/inicio\/wp-content\/uploads\/2023\/05\/logotextual1.jpg","width":516,"height":76,"caption":"Diario Textual"},"image":{"@id":"https:\/\/diariotextual.com\/inicio\/#\/schema\/logo\/image\/"},"sameAs":["https:\/\/www.facebook.com\/eltextual","https:\/\/x.com\/eltextual","http:\/\/www.instagram.com\/eltextual"]},{"@type":"Person","@id":"https:\/\/diariotextual.com\/inicio\/#\/schema\/person\/c7834961ad8b29b1d9cdbf4571299067","name":"diario5","image":{"@type":"ImageObject","inLanguage":"es","@id":"https:\/\/secure.gravatar.com\/avatar\/948c893b847ca6df68216ead81b63f363408ec9b0f600fefc0641ce78613b111?s=96&d=mm&r=g","url":"https:\/\/secure.gravatar.com\/avatar\/948c893b847ca6df68216ead81b63f363408ec9b0f600fefc0641ce78613b111?s=96&d=mm&r=g","contentUrl":"https:\/\/secure.gravatar.com\/avatar\/948c893b847ca6df68216ead81b63f363408ec9b0f600fefc0641ce78613b111?s=96&d=mm&r=g","caption":"diario5"},"url":"https:\/\/diariotextual.com\/inicio\/index.php\/author\/diario5\/"}]}},"_links":{"self":[{"href":"https:\/\/diariotextual.com\/inicio\/index.php\/wp-json\/wp\/v2\/posts\/68801","targetHints":{"allow":["GET"]}}],"collection":[{"href":"https:\/\/diariotextual.com\/inicio\/index.php\/wp-json\/wp\/v2\/posts"}],"about":[{"href":"https:\/\/diariotextual.com\/inicio\/index.php\/wp-json\/wp\/v2\/types\/post"}],"author":[{"embeddable":true,"href":"https:\/\/diariotextual.com\/inicio\/index.php\/wp-json\/wp\/v2\/users\/7"}],"replies":[{"embeddable":true,"href":"https:\/\/diariotextual.com\/inicio\/index.php\/wp-json\/wp\/v2\/comments?post=68801"}],"version-history":[{"count":2,"href":"https:\/\/diariotextual.com\/inicio\/index.php\/wp-json\/wp\/v2\/posts\/68801\/revisions"}],"predecessor-version":[{"id":68804,"href":"https:\/\/diariotextual.com\/inicio\/index.php\/wp-json\/wp\/v2\/posts\/68801\/revisions\/68804"}],"wp:featuredmedia":[{"embeddable":true,"href":"https:\/\/diariotextual.com\/inicio\/index.php\/wp-json\/wp\/v2\/media\/16945"}],"wp:attachment":[{"href":"https:\/\/diariotextual.com\/inicio\/index.php\/wp-json\/wp\/v2\/media?parent=68801"}],"wp:term":[{"taxonomy":"category","embeddable":true,"href":"https:\/\/diariotextual.com\/inicio\/index.php\/wp-json\/wp\/v2\/categories?post=68801"},{"taxonomy":"post_tag","embeddable":true,"href":"https:\/\/diariotextual.com\/inicio\/index.php\/wp-json\/wp\/v2\/tags?post=68801"}],"curies":[{"name":"wp","href":"https:\/\/api.w.org\/{rel}","templated":true}]}}