{"id":68877,"date":"2019-11-06T16:48:13","date_gmt":"2019-11-06T19:48:13","guid":{"rendered":"http:\/\/diariotextual.com\/inicio\/?p=68877"},"modified":"2019-11-06T16:48:13","modified_gmt":"2019-11-06T19:48:13","slug":"diputados-logro-dictamen-la-ley-alquileres","status":"publish","type":"post","link":"https:\/\/diariotextual.com\/inicio\/index.php\/2019\/11\/06\/diputados-logro-dictamen-la-ley-alquileres\/","title":{"rendered":"Diputados logr\u00f3 dictamen para la ley de alquileres"},"content":{"rendered":"<p>La Comisi\u00f3n de Legislaci\u00f3n General de la C\u00e1mara de Diputados, que preside Daniel Lipovetzky (PRO), logr\u00f3 dictamen para avanzar en el <strong>dictamen del proyecto de ley de alquileres, que propone reducir los costos que deben enfrentar los inquilinos para ingresar a una vivienda<\/strong> y establecer una <strong>f\u00f3rmula para la actualizaci\u00f3n<\/strong> de los precios.<\/p>\n<p><!--more--><\/p>\n<p>Se trata de uno de los proyectos que figura en la agenda del actual gobierno y en la del presidente electo, Alberto Fern\u00e1ndez, que viene posterg\u00e1ndose desde hace tres a\u00f1os en el Congreso, public\u00f3 la agencia T\u00e9lam.<\/p>\n<p>En el temario de la reuni\u00f3n se incluye el debate de <strong>cuatro iniciativas presentadas<\/strong> por el propio Lipovetzky; el jefe del bloque FpV-PJ, Agust\u00edn Rossi; el titular del interbloque Red por Argentina, Felipe Sol\u00e1; el presidente de la comisi\u00f3n y el diputado del Movimiento Evita Leonardo Grosso.<\/p>\n<p>\u201cLos<strong>\u00a0proyectos son muy parecidos y el consenso est\u00e1 muy cerquita.<\/strong> Hay temas que estamos tratando de resolver, pero los tres van por el mismo sentido que es evitar los abusos que sufren los inquilinos y resolver la actualizaci\u00f3n del canon locativo y el tema de las garant\u00edas\u201d, explic\u00f3 a Infobae Daniel Lipovetzky, presidente de la comisi\u00f3n de Legislaci\u00f3n General de la C\u00e1mara de Diputados, que present\u00f3 varios proyectos sobre el tema en los \u00faltimos a\u00f1os.<\/p>\n<p>\u201cMi compromiso con este tema lo voy a seguir hasta que me vaya. <strong>Es importante dar media sanci\u00f3n ahora para que quede un camino m\u00e1s andado y que llegue al Senado. Quedan 20 d\u00edas<\/strong>\u201d, dijo Lipovetzky, que no renovar\u00e1 su banca a partir del 10 de diciembre.<\/p>\n<p>Entre sus principales puntos, los <strong>proyectos apuntan a reducir los costos que deben enfrentar los inquilinos para ingresar a una vivienda y buscan establecer una f\u00f3rmula para la actualizaci\u00f3n de los precios<\/strong>, combinando el IPC (\u00cdndice de Precios al Consumidor) con el RIPTE (Remuneraci\u00f3n Imponible Promedio de los Trabajadores Estables).<\/p>\n<p>Las diferencias principales pasan por el monto a partir del cual los alquileres se actualizar\u00e1n con un nuevo \u00edndice. En el caso del proyecto de Lipovetzky es a partir de alquileres equivalentes a 1.000 UVA (unos $43.000) y en el caso del proyecto de Rossi a partir de los 2.000 UVA (m\u00e1s de $87.000).<\/p>\n<p>Los <strong>proyectos tambi\u00e9n establecen que la comisi\u00f3n inmobiliaria estar\u00e1 solo a cargo del propietario y no podr\u00e1 ser mayor de un mes<\/strong>. Este es el tema que genera m\u00e1s rechazo en las c\u00e1maras que representan al sector inmobiliario, porque entienden que intervienen y limitan su actividad.<\/p>\n<p>Las c\u00e1maras inmobiliarias se\u00f1alaron que no fueron convocadas a dar su opini\u00f3n sobre los distintos proyectos. \u00abEstamos de acuerdo en discutir el tema en una mesa de trabajo y llegar a un resultado m\u00e1s consensuado. Lo que no estamos de acuerdo es en la intervenci\u00f3n en nuestra profesi\u00f3n con la eliminaci\u00f3n de los honorarios de parte de una de las partes que contrata, que son los inquilinos\u201d, expres\u00f3 Alejandro Bennazar, presidente de la C\u00e1mara Inmobiliaria Argentina (CIA).<\/p>\n","protected":false},"excerpt":{"rendered":"<p>La Comisi\u00f3n de Legislaci\u00f3n General de la C\u00e1mara de Diputados, que preside Daniel Lipovetzky (PRO), logr\u00f3 dictamen para avanzar en el dictamen del proyecto de ley de alquileres, que propone&hellip;<\/p>\n","protected":false},"author":5,"featured_media":21075,"comment_status":"closed","ping_status":"open","sticky":false,"template":"","format":"standard","meta":{"_acf_changed":false,"footnotes":""},"categories":[4,12],"tags":[],"class_list":["post-68877","post","type-post","status-publish","format-standard","has-post-thumbnail","hentry","category-destacadas","category-sociedad"],"acf":[],"yoast_head":"<!-- This site is optimized with the Yoast SEO plugin v27.5 - https:\/\/yoast.com\/product\/yoast-seo-wordpress\/ -->\n<title>Diputados logr\u00f3 dictamen para la ley de alquileres - Diario Textual<\/title>\n<meta name=\"robots\" content=\"index, follow, max-snippet:-1, max-image-preview:large, max-video-preview:-1\" \/>\n<link rel=\"canonical\" href=\"https:\/\/diariotextual.com\/inicio\/index.php\/2019\/11\/06\/diputados-logro-dictamen-la-ley-alquileres\/\" \/>\n<meta property=\"og:locale\" content=\"es_ES\" \/>\n<meta property=\"og:type\" content=\"article\" \/>\n<meta property=\"og:title\" content=\"Diputados logr\u00f3 dictamen para la ley de alquileres - Diario Textual\" \/>\n<meta property=\"og:description\" content=\"La Comisi\u00f3n de Legislaci\u00f3n General de la C\u00e1mara de Diputados, que preside Daniel Lipovetzky (PRO), logr\u00f3 dictamen para avanzar en el dictamen del proyecto de ley de alquileres, que propone&hellip;\" \/>\n<meta property=\"og:url\" content=\"https:\/\/diariotextual.com\/inicio\/index.php\/2019\/11\/06\/diputados-logro-dictamen-la-ley-alquileres\/\" \/>\n<meta property=\"og:site_name\" content=\"Diario Textual\" \/>\n<meta property=\"article:publisher\" content=\"https:\/\/www.facebook.com\/eltextual\" \/>\n<meta property=\"article:published_time\" content=\"2019-11-06T19:48:13+00:00\" \/>\n<meta property=\"og:image\" content=\"https:\/\/diariotextual.com\/inicio\/wp-content\/uploads\/2018\/09\/alquileres222.jpg\" \/>\n\t<meta property=\"og:image:width\" content=\"1024\" \/>\n\t<meta property=\"og:image:height\" content=\"664\" \/>\n\t<meta property=\"og:image:type\" content=\"image\/jpeg\" \/>\n<meta name=\"author\" content=\"diario3\" \/>\n<meta name=\"twitter:card\" content=\"summary_large_image\" \/>\n<meta name=\"twitter:creator\" content=\"@eltextual\" \/>\n<meta name=\"twitter:site\" content=\"@eltextual\" \/>\n<meta name=\"twitter:label1\" content=\"Escrito por\" \/>\n\t<meta name=\"twitter:data1\" content=\"diario3\" \/>\n\t<meta name=\"twitter:label2\" content=\"Tiempo de lectura\" \/>\n\t<meta name=\"twitter:data2\" content=\"3 minutos\" \/>\n<script type=\"application\/ld+json\" class=\"yoast-schema-graph\">{\"@context\":\"https:\\\/\\\/schema.org\",\"@graph\":[{\"@type\":\"Article\",\"@id\":\"https:\\\/\\\/diariotextual.com\\\/inicio\\\/index.php\\\/2019\\\/11\\\/06\\\/diputados-logro-dictamen-la-ley-alquileres\\\/#article\",\"isPartOf\":{\"@id\":\"https:\\\/\\\/diariotextual.com\\\/inicio\\\/index.php\\\/2019\\\/11\\\/06\\\/diputados-logro-dictamen-la-ley-alquileres\\\/\"},\"author\":{\"name\":\"diario3\",\"@id\":\"https:\\\/\\\/diariotextual.com\\\/inicio\\\/#\\\/schema\\\/person\\\/a1b6f563e0ee944c60f98119389a4d9f\"},\"headline\":\"Diputados logr\u00f3 dictamen para la ley de alquileres\",\"datePublished\":\"2019-11-06T19:48:13+00:00\",\"mainEntityOfPage\":{\"@id\":\"https:\\\/\\\/diariotextual.com\\\/inicio\\\/index.php\\\/2019\\\/11\\\/06\\\/diputados-logro-dictamen-la-ley-alquileres\\\/\"},\"wordCount\":527,\"publisher\":{\"@id\":\"https:\\\/\\\/diariotextual.com\\\/inicio\\\/#organization\"},\"image\":{\"@id\":\"https:\\\/\\\/diariotextual.com\\\/inicio\\\/index.php\\\/2019\\\/11\\\/06\\\/diputados-logro-dictamen-la-ley-alquileres\\\/#primaryimage\"},\"thumbnailUrl\":\"https:\\\/\\\/diariotextual.com\\\/inicio\\\/wp-content\\\/uploads\\\/2018\\\/09\\\/alquileres222.jpg\",\"articleSection\":[\"A - DESTACADAS (mod 16)\",\"SOCIEDAD\"],\"inLanguage\":\"es\"},{\"@type\":\"WebPage\",\"@id\":\"https:\\\/\\\/diariotextual.com\\\/inicio\\\/index.php\\\/2019\\\/11\\\/06\\\/diputados-logro-dictamen-la-ley-alquileres\\\/\",\"url\":\"https:\\\/\\\/diariotextual.com\\\/inicio\\\/index.php\\\/2019\\\/11\\\/06\\\/diputados-logro-dictamen-la-ley-alquileres\\\/\",\"name\":\"Diputados logr\u00f3 dictamen para la ley de alquileres - Diario Textual\",\"isPartOf\":{\"@id\":\"https:\\\/\\\/diariotextual.com\\\/inicio\\\/#website\"},\"primaryImageOfPage\":{\"@id\":\"https:\\\/\\\/diariotextual.com\\\/inicio\\\/index.php\\\/2019\\\/11\\\/06\\\/diputados-logro-dictamen-la-ley-alquileres\\\/#primaryimage\"},\"image\":{\"@id\":\"https:\\\/\\\/diariotextual.com\\\/inicio\\\/index.php\\\/2019\\\/11\\\/06\\\/diputados-logro-dictamen-la-ley-alquileres\\\/#primaryimage\"},\"thumbnailUrl\":\"https:\\\/\\\/diariotextual.com\\\/inicio\\\/wp-content\\\/uploads\\\/2018\\\/09\\\/alquileres222.jpg\",\"datePublished\":\"2019-11-06T19:48:13+00:00\",\"breadcrumb\":{\"@id\":\"https:\\\/\\\/diariotextual.com\\\/inicio\\\/index.php\\\/2019\\\/11\\\/06\\\/diputados-logro-dictamen-la-ley-alquileres\\\/#breadcrumb\"},\"inLanguage\":\"es\",\"potentialAction\":[{\"@type\":\"ReadAction\",\"target\":[\"https:\\\/\\\/diariotextual.com\\\/inicio\\\/index.php\\\/2019\\\/11\\\/06\\\/diputados-logro-dictamen-la-ley-alquileres\\\/\"]}]},{\"@type\":\"ImageObject\",\"inLanguage\":\"es\",\"@id\":\"https:\\\/\\\/diariotextual.com\\\/inicio\\\/index.php\\\/2019\\\/11\\\/06\\\/diputados-logro-dictamen-la-ley-alquileres\\\/#primaryimage\",\"url\":\"https:\\\/\\\/diariotextual.com\\\/inicio\\\/wp-content\\\/uploads\\\/2018\\\/09\\\/alquileres222.jpg\",\"contentUrl\":\"https:\\\/\\\/diariotextual.com\\\/inicio\\\/wp-content\\\/uploads\\\/2018\\\/09\\\/alquileres222.jpg\",\"width\":1024,\"height\":664},{\"@type\":\"BreadcrumbList\",\"@id\":\"https:\\\/\\\/diariotextual.com\\\/inicio\\\/index.php\\\/2019\\\/11\\\/06\\\/diputados-logro-dictamen-la-ley-alquileres\\\/#breadcrumb\",\"itemListElement\":[{\"@type\":\"ListItem\",\"position\":1,\"name\":\"Portada\",\"item\":\"https:\\\/\\\/diariotextual.com\\\/inicio\\\/\"},{\"@type\":\"ListItem\",\"position\":2,\"name\":\"Diputados logr\u00f3 dictamen para la ley de alquileres\"}]},{\"@type\":\"WebSite\",\"@id\":\"https:\\\/\\\/diariotextual.com\\\/inicio\\\/#website\",\"url\":\"https:\\\/\\\/diariotextual.com\\\/inicio\\\/\",\"name\":\"Diario Textual\",\"description\":\"\",\"publisher\":{\"@id\":\"https:\\\/\\\/diariotextual.com\\\/inicio\\\/#organization\"},\"potentialAction\":[{\"@type\":\"SearchAction\",\"target\":{\"@type\":\"EntryPoint\",\"urlTemplate\":\"https:\\\/\\\/diariotextual.com\\\/inicio\\\/?s={search_term_string}\"},\"query-input\":{\"@type\":\"PropertyValueSpecification\",\"valueRequired\":true,\"valueName\":\"search_term_string\"}}],\"inLanguage\":\"es\"},{\"@type\":\"Organization\",\"@id\":\"https:\\\/\\\/diariotextual.com\\\/inicio\\\/#organization\",\"name\":\"Diario Textual\",\"url\":\"https:\\\/\\\/diariotextual.com\\\/inicio\\\/\",\"logo\":{\"@type\":\"ImageObject\",\"inLanguage\":\"es\",\"@id\":\"https:\\\/\\\/diariotextual.com\\\/inicio\\\/#\\\/schema\\\/logo\\\/image\\\/\",\"url\":\"https:\\\/\\\/diariotextual.com\\\/inicio\\\/wp-content\\\/uploads\\\/2023\\\/05\\\/logotextual1.jpg\",\"contentUrl\":\"https:\\\/\\\/diariotextual.com\\\/inicio\\\/wp-content\\\/uploads\\\/2023\\\/05\\\/logotextual1.jpg\",\"width\":516,\"height\":76,\"caption\":\"Diario Textual\"},\"image\":{\"@id\":\"https:\\\/\\\/diariotextual.com\\\/inicio\\\/#\\\/schema\\\/logo\\\/image\\\/\"},\"sameAs\":[\"https:\\\/\\\/www.facebook.com\\\/eltextual\",\"https:\\\/\\\/x.com\\\/eltextual\",\"http:\\\/\\\/www.instagram.com\\\/eltextual\"]},{\"@type\":\"Person\",\"@id\":\"https:\\\/\\\/diariotextual.com\\\/inicio\\\/#\\\/schema\\\/person\\\/a1b6f563e0ee944c60f98119389a4d9f\",\"name\":\"diario3\",\"image\":{\"@type\":\"ImageObject\",\"inLanguage\":\"es\",\"@id\":\"https:\\\/\\\/secure.gravatar.com\\\/avatar\\\/5e7ee62c82fc04d9dd79d746a390d93c69c43223e5faeeb3ea9461ef752bfc5d?s=96&d=mm&r=g\",\"url\":\"https:\\\/\\\/secure.gravatar.com\\\/avatar\\\/5e7ee62c82fc04d9dd79d746a390d93c69c43223e5faeeb3ea9461ef752bfc5d?s=96&d=mm&r=g\",\"contentUrl\":\"https:\\\/\\\/secure.gravatar.com\\\/avatar\\\/5e7ee62c82fc04d9dd79d746a390d93c69c43223e5faeeb3ea9461ef752bfc5d?s=96&d=mm&r=g\",\"caption\":\"diario3\"},\"url\":\"https:\\\/\\\/diariotextual.com\\\/inicio\\\/index.php\\\/author\\\/diario3\\\/\"}]}<\/script>\n<!-- \/ Yoast SEO plugin. -->","yoast_head_json":{"title":"Diputados logr\u00f3 dictamen para la ley de alquileres - Diario Textual","robots":{"index":"index","follow":"follow","max-snippet":"max-snippet:-1","max-image-preview":"max-image-preview:large","max-video-preview":"max-video-preview:-1"},"canonical":"https:\/\/diariotextual.com\/inicio\/index.php\/2019\/11\/06\/diputados-logro-dictamen-la-ley-alquileres\/","og_locale":"es_ES","og_type":"article","og_title":"Diputados logr\u00f3 dictamen para la ley de alquileres - Diario Textual","og_description":"La Comisi\u00f3n de Legislaci\u00f3n General de la C\u00e1mara de Diputados, que preside Daniel Lipovetzky (PRO), logr\u00f3 dictamen para avanzar en el dictamen del proyecto de ley de alquileres, que propone&hellip;","og_url":"https:\/\/diariotextual.com\/inicio\/index.php\/2019\/11\/06\/diputados-logro-dictamen-la-ley-alquileres\/","og_site_name":"Diario Textual","article_publisher":"https:\/\/www.facebook.com\/eltextual","article_published_time":"2019-11-06T19:48:13+00:00","og_image":[{"width":1024,"height":664,"url":"https:\/\/diariotextual.com\/inicio\/wp-content\/uploads\/2018\/09\/alquileres222.jpg","type":"image\/jpeg"}],"author":"diario3","twitter_card":"summary_large_image","twitter_creator":"@eltextual","twitter_site":"@eltextual","twitter_misc":{"Escrito por":"diario3","Tiempo de lectura":"3 minutos"},"schema":{"@context":"https:\/\/schema.org","@graph":[{"@type":"Article","@id":"https:\/\/diariotextual.com\/inicio\/index.php\/2019\/11\/06\/diputados-logro-dictamen-la-ley-alquileres\/#article","isPartOf":{"@id":"https:\/\/diariotextual.com\/inicio\/index.php\/2019\/11\/06\/diputados-logro-dictamen-la-ley-alquileres\/"},"author":{"name":"diario3","@id":"https:\/\/diariotextual.com\/inicio\/#\/schema\/person\/a1b6f563e0ee944c60f98119389a4d9f"},"headline":"Diputados logr\u00f3 dictamen para la ley de alquileres","datePublished":"2019-11-06T19:48:13+00:00","mainEntityOfPage":{"@id":"https:\/\/diariotextual.com\/inicio\/index.php\/2019\/11\/06\/diputados-logro-dictamen-la-ley-alquileres\/"},"wordCount":527,"publisher":{"@id":"https:\/\/diariotextual.com\/inicio\/#organization"},"image":{"@id":"https:\/\/diariotextual.com\/inicio\/index.php\/2019\/11\/06\/diputados-logro-dictamen-la-ley-alquileres\/#primaryimage"},"thumbnailUrl":"https:\/\/diariotextual.com\/inicio\/wp-content\/uploads\/2018\/09\/alquileres222.jpg","articleSection":["A - DESTACADAS (mod 16)","SOCIEDAD"],"inLanguage":"es"},{"@type":"WebPage","@id":"https:\/\/diariotextual.com\/inicio\/index.php\/2019\/11\/06\/diputados-logro-dictamen-la-ley-alquileres\/","url":"https:\/\/diariotextual.com\/inicio\/index.php\/2019\/11\/06\/diputados-logro-dictamen-la-ley-alquileres\/","name":"Diputados logr\u00f3 dictamen para la ley de alquileres - Diario Textual","isPartOf":{"@id":"https:\/\/diariotextual.com\/inicio\/#website"},"primaryImageOfPage":{"@id":"https:\/\/diariotextual.com\/inicio\/index.php\/2019\/11\/06\/diputados-logro-dictamen-la-ley-alquileres\/#primaryimage"},"image":{"@id":"https:\/\/diariotextual.com\/inicio\/index.php\/2019\/11\/06\/diputados-logro-dictamen-la-ley-alquileres\/#primaryimage"},"thumbnailUrl":"https:\/\/diariotextual.com\/inicio\/wp-content\/uploads\/2018\/09\/alquileres222.jpg","datePublished":"2019-11-06T19:48:13+00:00","breadcrumb":{"@id":"https:\/\/diariotextual.com\/inicio\/index.php\/2019\/11\/06\/diputados-logro-dictamen-la-ley-alquileres\/#breadcrumb"},"inLanguage":"es","potentialAction":[{"@type":"ReadAction","target":["https:\/\/diariotextual.com\/inicio\/index.php\/2019\/11\/06\/diputados-logro-dictamen-la-ley-alquileres\/"]}]},{"@type":"ImageObject","inLanguage":"es","@id":"https:\/\/diariotextual.com\/inicio\/index.php\/2019\/11\/06\/diputados-logro-dictamen-la-ley-alquileres\/#primaryimage","url":"https:\/\/diariotextual.com\/inicio\/wp-content\/uploads\/2018\/09\/alquileres222.jpg","contentUrl":"https:\/\/diariotextual.com\/inicio\/wp-content\/uploads\/2018\/09\/alquileres222.jpg","width":1024,"height":664},{"@type":"BreadcrumbList","@id":"https:\/\/diariotextual.com\/inicio\/index.php\/2019\/11\/06\/diputados-logro-dictamen-la-ley-alquileres\/#breadcrumb","itemListElement":[{"@type":"ListItem","position":1,"name":"Portada","item":"https:\/\/diariotextual.com\/inicio\/"},{"@type":"ListItem","position":2,"name":"Diputados logr\u00f3 dictamen para la ley de alquileres"}]},{"@type":"WebSite","@id":"https:\/\/diariotextual.com\/inicio\/#website","url":"https:\/\/diariotextual.com\/inicio\/","name":"Diario Textual","description":"","publisher":{"@id":"https:\/\/diariotextual.com\/inicio\/#organization"},"potentialAction":[{"@type":"SearchAction","target":{"@type":"EntryPoint","urlTemplate":"https:\/\/diariotextual.com\/inicio\/?s={search_term_string}"},"query-input":{"@type":"PropertyValueSpecification","valueRequired":true,"valueName":"search_term_string"}}],"inLanguage":"es"},{"@type":"Organization","@id":"https:\/\/diariotextual.com\/inicio\/#organization","name":"Diario Textual","url":"https:\/\/diariotextual.com\/inicio\/","logo":{"@type":"ImageObject","inLanguage":"es","@id":"https:\/\/diariotextual.com\/inicio\/#\/schema\/logo\/image\/","url":"https:\/\/diariotextual.com\/inicio\/wp-content\/uploads\/2023\/05\/logotextual1.jpg","contentUrl":"https:\/\/diariotextual.com\/inicio\/wp-content\/uploads\/2023\/05\/logotextual1.jpg","width":516,"height":76,"caption":"Diario Textual"},"image":{"@id":"https:\/\/diariotextual.com\/inicio\/#\/schema\/logo\/image\/"},"sameAs":["https:\/\/www.facebook.com\/eltextual","https:\/\/x.com\/eltextual","http:\/\/www.instagram.com\/eltextual"]},{"@type":"Person","@id":"https:\/\/diariotextual.com\/inicio\/#\/schema\/person\/a1b6f563e0ee944c60f98119389a4d9f","name":"diario3","image":{"@type":"ImageObject","inLanguage":"es","@id":"https:\/\/secure.gravatar.com\/avatar\/5e7ee62c82fc04d9dd79d746a390d93c69c43223e5faeeb3ea9461ef752bfc5d?s=96&d=mm&r=g","url":"https:\/\/secure.gravatar.com\/avatar\/5e7ee62c82fc04d9dd79d746a390d93c69c43223e5faeeb3ea9461ef752bfc5d?s=96&d=mm&r=g","contentUrl":"https:\/\/secure.gravatar.com\/avatar\/5e7ee62c82fc04d9dd79d746a390d93c69c43223e5faeeb3ea9461ef752bfc5d?s=96&d=mm&r=g","caption":"diario3"},"url":"https:\/\/diariotextual.com\/inicio\/index.php\/author\/diario3\/"}]}},"_links":{"self":[{"href":"https:\/\/diariotextual.com\/inicio\/index.php\/wp-json\/wp\/v2\/posts\/68877","targetHints":{"allow":["GET"]}}],"collection":[{"href":"https:\/\/diariotextual.com\/inicio\/index.php\/wp-json\/wp\/v2\/posts"}],"about":[{"href":"https:\/\/diariotextual.com\/inicio\/index.php\/wp-json\/wp\/v2\/types\/post"}],"author":[{"embeddable":true,"href":"https:\/\/diariotextual.com\/inicio\/index.php\/wp-json\/wp\/v2\/users\/5"}],"replies":[{"embeddable":true,"href":"https:\/\/diariotextual.com\/inicio\/index.php\/wp-json\/wp\/v2\/comments?post=68877"}],"version-history":[{"count":1,"href":"https:\/\/diariotextual.com\/inicio\/index.php\/wp-json\/wp\/v2\/posts\/68877\/revisions"}],"predecessor-version":[{"id":68878,"href":"https:\/\/diariotextual.com\/inicio\/index.php\/wp-json\/wp\/v2\/posts\/68877\/revisions\/68878"}],"wp:featuredmedia":[{"embeddable":true,"href":"https:\/\/diariotextual.com\/inicio\/index.php\/wp-json\/wp\/v2\/media\/21075"}],"wp:attachment":[{"href":"https:\/\/diariotextual.com\/inicio\/index.php\/wp-json\/wp\/v2\/media?parent=68877"}],"wp:term":[{"taxonomy":"category","embeddable":true,"href":"https:\/\/diariotextual.com\/inicio\/index.php\/wp-json\/wp\/v2\/categories?post=68877"},{"taxonomy":"post_tag","embeddable":true,"href":"https:\/\/diariotextual.com\/inicio\/index.php\/wp-json\/wp\/v2\/tags?post=68877"}],"curies":[{"name":"wp","href":"https:\/\/api.w.org\/{rel}","templated":true}]}}