{"id":69128,"date":"2019-11-08T20:10:03","date_gmt":"2019-11-08T23:10:03","guid":{"rendered":"http:\/\/diariotextual.com\/inicio\/?p=69128"},"modified":"2019-11-08T20:13:50","modified_gmt":"2019-11-08T23:13:50","slug":"otra-manifestacion-chile-quemaron-una-universidad-carabineros-reprimio","status":"publish","type":"post","link":"https:\/\/diariotextual.com\/inicio\/index.php\/2019\/11\/08\/otra-manifestacion-chile-quemaron-una-universidad-carabineros-reprimio\/","title":{"rendered":"Otra manifestaci\u00f3n en Chile: quemaron una universidad y Carabineros reprimi\u00f3"},"content":{"rendered":"<p>Este viernes, se registr\u00f3 una nueva manifestaci\u00f3n en Santiago de Chile para protestar contra las pol\u00edticas neoliberales de Sebasti\u00e1n Pi\u00f1era, as\u00ed como para exigir una nueva Constituci\u00f3n donde se consagren los derechos a la educaci\u00f3n, a la salud y al medioambiente.<\/p>\n<p>A las 19:00 (hora local), se registr\u00f3 un incendio en la sede de la Universidad Pedro de Valdivia, ubicada en las avenidas Almirante Simpson y Vicu\u00f1a Mackenna, en la comuna Providencia,\u00a0a dos cuadras de Plaza Italia, el lugar en\u00a0donde se desarrollan las\u00a0protestas de este viernes.<\/p>\n<p>Varios camiones del Cuerpo de Bomberos de Santiago se movilizaron hasta la antigua sede del Comit\u00e9 Ol\u00edmpico Chileno para apagar el fuerte incendio, que dej\u00f3 una columna de humo que era visible a\u00a0cientos de metros de distancia del lugar.<\/p>\n<p>A algunos metros del incendio, algunos manifestantes colocaron una barricada con distintos objetos\u00a0para impedir el paso de las tanquetas de los carabineros.<\/p>\n<p>Previo al incendio en la universidad, a las 18:00 (hora local), carabineros a bordo de tanquetas reprimieron con chorros de agua a los manifestantes que protestaban en la capital chilena.<\/p>\n<p>La nueva\u00a0respuesta de la fuerza policial chilena hizo caso omiso a expertos de la Organizaci\u00f3n de Naciones Unidas (ONU), quienes en un comunicado de prensa, condenaron el uso excesivo de la fuerza durante las protestas antigubernamentales, incluyendo los balines y perdigones que han disparado los uniformados.<\/p>\n<p>\u00abEl elevado n\u00famero de heridos y la manera en la cual se han utilizado las armas no letales parece indicar que el uso de la fuerza fue excesivo y viol\u00f3 los requisitos de necesidad y proporcionalidad\u00bb, refirieron los expertos\u00a0nombrados por el Consejo de Derechos Humanos.<\/p>\n<p>&nbsp;<\/p>\n<p>&nbsp;<\/p>\n<p>&nbsp;<\/p>\n","protected":false},"excerpt":{"rendered":"<p>Este viernes, se registr\u00f3 una nueva manifestaci\u00f3n en Santiago de Chile para protestar contra las pol\u00edticas neoliberales de Sebasti\u00e1n Pi\u00f1era, as\u00ed como para exigir una nueva Constituci\u00f3n donde se consagren&hellip;<\/p>\n","protected":false},"author":3,"featured_media":69131,"comment_status":"closed","ping_status":"open","sticky":false,"template":"","format":"standard","meta":{"_acf_changed":false,"footnotes":""},"categories":[4,7],"tags":[],"class_list":["post-69128","post","type-post","status-publish","format-standard","has-post-thumbnail","hentry","category-destacadas","category-mundo"],"acf":[],"yoast_head":"<!-- This site is optimized with the Yoast SEO plugin v27.5 - https:\/\/yoast.com\/product\/yoast-seo-wordpress\/ -->\n<title>Otra manifestaci\u00f3n en Chile: quemaron una universidad y Carabineros reprimi\u00f3 - Diario Textual<\/title>\n<meta name=\"robots\" content=\"index, follow, max-snippet:-1, max-image-preview:large, max-video-preview:-1\" \/>\n<link rel=\"canonical\" href=\"https:\/\/diariotextual.com\/inicio\/index.php\/2019\/11\/08\/otra-manifestacion-chile-quemaron-una-universidad-carabineros-reprimio\/\" \/>\n<meta property=\"og:locale\" content=\"es_ES\" \/>\n<meta property=\"og:type\" content=\"article\" \/>\n<meta property=\"og:title\" content=\"Otra manifestaci\u00f3n en Chile: quemaron una universidad y Carabineros reprimi\u00f3 - Diario Textual\" \/>\n<meta property=\"og:description\" content=\"Este viernes, se registr\u00f3 una nueva manifestaci\u00f3n en Santiago de Chile para protestar contra las pol\u00edticas neoliberales de Sebasti\u00e1n Pi\u00f1era, as\u00ed como para exigir una nueva Constituci\u00f3n donde se consagren&hellip;\" \/>\n<meta property=\"og:url\" content=\"https:\/\/diariotextual.com\/inicio\/index.php\/2019\/11\/08\/otra-manifestacion-chile-quemaron-una-universidad-carabineros-reprimio\/\" \/>\n<meta property=\"og:site_name\" content=\"Diario Textual\" \/>\n<meta property=\"article:publisher\" content=\"https:\/\/www.facebook.com\/eltextual\" \/>\n<meta property=\"article:published_time\" content=\"2019-11-08T23:10:03+00:00\" \/>\n<meta property=\"article:modified_time\" content=\"2019-11-08T23:13:50+00:00\" \/>\n<meta property=\"og:image\" content=\"https:\/\/diariotextual.com\/inicio\/wp-content\/uploads\/2019\/11\/chileuniversidadprotestas2019-1.jpeg\" \/>\n\t<meta property=\"og:image:width\" content=\"1140\" \/>\n\t<meta property=\"og:image:height\" content=\"640\" \/>\n\t<meta property=\"og:image:type\" content=\"image\/jpeg\" \/>\n<meta name=\"author\" content=\"Diario1 Diario1\" \/>\n<meta name=\"twitter:card\" content=\"summary_large_image\" \/>\n<meta name=\"twitter:creator\" content=\"@eltextual\" \/>\n<meta name=\"twitter:site\" content=\"@eltextual\" \/>\n<meta name=\"twitter:label1\" content=\"Escrito por\" \/>\n\t<meta name=\"twitter:data1\" content=\"Diario1 Diario1\" \/>\n\t<meta name=\"twitter:label2\" content=\"Tiempo de lectura\" \/>\n\t<meta name=\"twitter:data2\" content=\"1 minuto\" \/>\n<script type=\"application\/ld+json\" class=\"yoast-schema-graph\">{\"@context\":\"https:\\\/\\\/schema.org\",\"@graph\":[{\"@type\":\"Article\",\"@id\":\"https:\\\/\\\/diariotextual.com\\\/inicio\\\/index.php\\\/2019\\\/11\\\/08\\\/otra-manifestacion-chile-quemaron-una-universidad-carabineros-reprimio\\\/#article\",\"isPartOf\":{\"@id\":\"https:\\\/\\\/diariotextual.com\\\/inicio\\\/index.php\\\/2019\\\/11\\\/08\\\/otra-manifestacion-chile-quemaron-una-universidad-carabineros-reprimio\\\/\"},\"author\":{\"name\":\"Diario1 Diario1\",\"@id\":\"https:\\\/\\\/diariotextual.com\\\/inicio\\\/#\\\/schema\\\/person\\\/418fc4093c33e86ed41562db3508f958\"},\"headline\":\"Otra manifestaci\u00f3n en Chile: quemaron una universidad y Carabineros reprimi\u00f3\",\"datePublished\":\"2019-11-08T23:10:03+00:00\",\"dateModified\":\"2019-11-08T23:13:50+00:00\",\"mainEntityOfPage\":{\"@id\":\"https:\\\/\\\/diariotextual.com\\\/inicio\\\/index.php\\\/2019\\\/11\\\/08\\\/otra-manifestacion-chile-quemaron-una-universidad-carabineros-reprimio\\\/\"},\"wordCount\":297,\"publisher\":{\"@id\":\"https:\\\/\\\/diariotextual.com\\\/inicio\\\/#organization\"},\"image\":{\"@id\":\"https:\\\/\\\/diariotextual.com\\\/inicio\\\/index.php\\\/2019\\\/11\\\/08\\\/otra-manifestacion-chile-quemaron-una-universidad-carabineros-reprimio\\\/#primaryimage\"},\"thumbnailUrl\":\"https:\\\/\\\/diariotextual.com\\\/inicio\\\/wp-content\\\/uploads\\\/2019\\\/11\\\/chileuniversidadprotestas2019-1.jpeg\",\"articleSection\":[\"A - DESTACADAS (mod 16)\",\"MUNDO\"],\"inLanguage\":\"es\"},{\"@type\":\"WebPage\",\"@id\":\"https:\\\/\\\/diariotextual.com\\\/inicio\\\/index.php\\\/2019\\\/11\\\/08\\\/otra-manifestacion-chile-quemaron-una-universidad-carabineros-reprimio\\\/\",\"url\":\"https:\\\/\\\/diariotextual.com\\\/inicio\\\/index.php\\\/2019\\\/11\\\/08\\\/otra-manifestacion-chile-quemaron-una-universidad-carabineros-reprimio\\\/\",\"name\":\"Otra manifestaci\u00f3n en Chile: quemaron una universidad y Carabineros reprimi\u00f3 - Diario Textual\",\"isPartOf\":{\"@id\":\"https:\\\/\\\/diariotextual.com\\\/inicio\\\/#website\"},\"primaryImageOfPage\":{\"@id\":\"https:\\\/\\\/diariotextual.com\\\/inicio\\\/index.php\\\/2019\\\/11\\\/08\\\/otra-manifestacion-chile-quemaron-una-universidad-carabineros-reprimio\\\/#primaryimage\"},\"image\":{\"@id\":\"https:\\\/\\\/diariotextual.com\\\/inicio\\\/index.php\\\/2019\\\/11\\\/08\\\/otra-manifestacion-chile-quemaron-una-universidad-carabineros-reprimio\\\/#primaryimage\"},\"thumbnailUrl\":\"https:\\\/\\\/diariotextual.com\\\/inicio\\\/wp-content\\\/uploads\\\/2019\\\/11\\\/chileuniversidadprotestas2019-1.jpeg\",\"datePublished\":\"2019-11-08T23:10:03+00:00\",\"dateModified\":\"2019-11-08T23:13:50+00:00\",\"breadcrumb\":{\"@id\":\"https:\\\/\\\/diariotextual.com\\\/inicio\\\/index.php\\\/2019\\\/11\\\/08\\\/otra-manifestacion-chile-quemaron-una-universidad-carabineros-reprimio\\\/#breadcrumb\"},\"inLanguage\":\"es\",\"potentialAction\":[{\"@type\":\"ReadAction\",\"target\":[\"https:\\\/\\\/diariotextual.com\\\/inicio\\\/index.php\\\/2019\\\/11\\\/08\\\/otra-manifestacion-chile-quemaron-una-universidad-carabineros-reprimio\\\/\"]}]},{\"@type\":\"ImageObject\",\"inLanguage\":\"es\",\"@id\":\"https:\\\/\\\/diariotextual.com\\\/inicio\\\/index.php\\\/2019\\\/11\\\/08\\\/otra-manifestacion-chile-quemaron-una-universidad-carabineros-reprimio\\\/#primaryimage\",\"url\":\"https:\\\/\\\/diariotextual.com\\\/inicio\\\/wp-content\\\/uploads\\\/2019\\\/11\\\/chileuniversidadprotestas2019-1.jpeg\",\"contentUrl\":\"https:\\\/\\\/diariotextual.com\\\/inicio\\\/wp-content\\\/uploads\\\/2019\\\/11\\\/chileuniversidadprotestas2019-1.jpeg\",\"width\":1140,\"height\":640},{\"@type\":\"BreadcrumbList\",\"@id\":\"https:\\\/\\\/diariotextual.com\\\/inicio\\\/index.php\\\/2019\\\/11\\\/08\\\/otra-manifestacion-chile-quemaron-una-universidad-carabineros-reprimio\\\/#breadcrumb\",\"itemListElement\":[{\"@type\":\"ListItem\",\"position\":1,\"name\":\"Portada\",\"item\":\"https:\\\/\\\/diariotextual.com\\\/inicio\\\/\"},{\"@type\":\"ListItem\",\"position\":2,\"name\":\"Otra manifestaci\u00f3n en Chile: quemaron una universidad y Carabineros reprimi\u00f3\"}]},{\"@type\":\"WebSite\",\"@id\":\"https:\\\/\\\/diariotextual.com\\\/inicio\\\/#website\",\"url\":\"https:\\\/\\\/diariotextual.com\\\/inicio\\\/\",\"name\":\"Diario Textual\",\"description\":\"\",\"publisher\":{\"@id\":\"https:\\\/\\\/diariotextual.com\\\/inicio\\\/#organization\"},\"potentialAction\":[{\"@type\":\"SearchAction\",\"target\":{\"@type\":\"EntryPoint\",\"urlTemplate\":\"https:\\\/\\\/diariotextual.com\\\/inicio\\\/?s={search_term_string}\"},\"query-input\":{\"@type\":\"PropertyValueSpecification\",\"valueRequired\":true,\"valueName\":\"search_term_string\"}}],\"inLanguage\":\"es\"},{\"@type\":\"Organization\",\"@id\":\"https:\\\/\\\/diariotextual.com\\\/inicio\\\/#organization\",\"name\":\"Diario Textual\",\"url\":\"https:\\\/\\\/diariotextual.com\\\/inicio\\\/\",\"logo\":{\"@type\":\"ImageObject\",\"inLanguage\":\"es\",\"@id\":\"https:\\\/\\\/diariotextual.com\\\/inicio\\\/#\\\/schema\\\/logo\\\/image\\\/\",\"url\":\"https:\\\/\\\/diariotextual.com\\\/inicio\\\/wp-content\\\/uploads\\\/2023\\\/05\\\/logotextual1.jpg\",\"contentUrl\":\"https:\\\/\\\/diariotextual.com\\\/inicio\\\/wp-content\\\/uploads\\\/2023\\\/05\\\/logotextual1.jpg\",\"width\":516,\"height\":76,\"caption\":\"Diario Textual\"},\"image\":{\"@id\":\"https:\\\/\\\/diariotextual.com\\\/inicio\\\/#\\\/schema\\\/logo\\\/image\\\/\"},\"sameAs\":[\"https:\\\/\\\/www.facebook.com\\\/eltextual\",\"https:\\\/\\\/x.com\\\/eltextual\",\"http:\\\/\\\/www.instagram.com\\\/eltextual\"]},{\"@type\":\"Person\",\"@id\":\"https:\\\/\\\/diariotextual.com\\\/inicio\\\/#\\\/schema\\\/person\\\/418fc4093c33e86ed41562db3508f958\",\"name\":\"Diario1 Diario1\",\"image\":{\"@type\":\"ImageObject\",\"inLanguage\":\"es\",\"@id\":\"https:\\\/\\\/secure.gravatar.com\\\/avatar\\\/9167d280179c85bc18be67aa7eda765854300033af4896dd779b608640f2ef7a?s=96&d=mm&r=g\",\"url\":\"https:\\\/\\\/secure.gravatar.com\\\/avatar\\\/9167d280179c85bc18be67aa7eda765854300033af4896dd779b608640f2ef7a?s=96&d=mm&r=g\",\"contentUrl\":\"https:\\\/\\\/secure.gravatar.com\\\/avatar\\\/9167d280179c85bc18be67aa7eda765854300033af4896dd779b608640f2ef7a?s=96&d=mm&r=g\",\"caption\":\"Diario1 Diario1\"},\"url\":\"https:\\\/\\\/diariotextual.com\\\/inicio\\\/index.php\\\/author\\\/diario1\\\/\"}]}<\/script>\n<!-- \/ Yoast SEO plugin. -->","yoast_head_json":{"title":"Otra manifestaci\u00f3n en Chile: quemaron una universidad y Carabineros reprimi\u00f3 - Diario Textual","robots":{"index":"index","follow":"follow","max-snippet":"max-snippet:-1","max-image-preview":"max-image-preview:large","max-video-preview":"max-video-preview:-1"},"canonical":"https:\/\/diariotextual.com\/inicio\/index.php\/2019\/11\/08\/otra-manifestacion-chile-quemaron-una-universidad-carabineros-reprimio\/","og_locale":"es_ES","og_type":"article","og_title":"Otra manifestaci\u00f3n en Chile: quemaron una universidad y Carabineros reprimi\u00f3 - Diario Textual","og_description":"Este viernes, se registr\u00f3 una nueva manifestaci\u00f3n en Santiago de Chile para protestar contra las pol\u00edticas neoliberales de Sebasti\u00e1n Pi\u00f1era, as\u00ed como para exigir una nueva Constituci\u00f3n donde se consagren&hellip;","og_url":"https:\/\/diariotextual.com\/inicio\/index.php\/2019\/11\/08\/otra-manifestacion-chile-quemaron-una-universidad-carabineros-reprimio\/","og_site_name":"Diario Textual","article_publisher":"https:\/\/www.facebook.com\/eltextual","article_published_time":"2019-11-08T23:10:03+00:00","article_modified_time":"2019-11-08T23:13:50+00:00","og_image":[{"width":1140,"height":640,"url":"https:\/\/diariotextual.com\/inicio\/wp-content\/uploads\/2019\/11\/chileuniversidadprotestas2019-1.jpeg","type":"image\/jpeg"}],"author":"Diario1 Diario1","twitter_card":"summary_large_image","twitter_creator":"@eltextual","twitter_site":"@eltextual","twitter_misc":{"Escrito por":"Diario1 Diario1","Tiempo de lectura":"1 minuto"},"schema":{"@context":"https:\/\/schema.org","@graph":[{"@type":"Article","@id":"https:\/\/diariotextual.com\/inicio\/index.php\/2019\/11\/08\/otra-manifestacion-chile-quemaron-una-universidad-carabineros-reprimio\/#article","isPartOf":{"@id":"https:\/\/diariotextual.com\/inicio\/index.php\/2019\/11\/08\/otra-manifestacion-chile-quemaron-una-universidad-carabineros-reprimio\/"},"author":{"name":"Diario1 Diario1","@id":"https:\/\/diariotextual.com\/inicio\/#\/schema\/person\/418fc4093c33e86ed41562db3508f958"},"headline":"Otra manifestaci\u00f3n en Chile: quemaron una universidad y Carabineros reprimi\u00f3","datePublished":"2019-11-08T23:10:03+00:00","dateModified":"2019-11-08T23:13:50+00:00","mainEntityOfPage":{"@id":"https:\/\/diariotextual.com\/inicio\/index.php\/2019\/11\/08\/otra-manifestacion-chile-quemaron-una-universidad-carabineros-reprimio\/"},"wordCount":297,"publisher":{"@id":"https:\/\/diariotextual.com\/inicio\/#organization"},"image":{"@id":"https:\/\/diariotextual.com\/inicio\/index.php\/2019\/11\/08\/otra-manifestacion-chile-quemaron-una-universidad-carabineros-reprimio\/#primaryimage"},"thumbnailUrl":"https:\/\/diariotextual.com\/inicio\/wp-content\/uploads\/2019\/11\/chileuniversidadprotestas2019-1.jpeg","articleSection":["A - DESTACADAS (mod 16)","MUNDO"],"inLanguage":"es"},{"@type":"WebPage","@id":"https:\/\/diariotextual.com\/inicio\/index.php\/2019\/11\/08\/otra-manifestacion-chile-quemaron-una-universidad-carabineros-reprimio\/","url":"https:\/\/diariotextual.com\/inicio\/index.php\/2019\/11\/08\/otra-manifestacion-chile-quemaron-una-universidad-carabineros-reprimio\/","name":"Otra manifestaci\u00f3n en Chile: quemaron una universidad y Carabineros reprimi\u00f3 - Diario Textual","isPartOf":{"@id":"https:\/\/diariotextual.com\/inicio\/#website"},"primaryImageOfPage":{"@id":"https:\/\/diariotextual.com\/inicio\/index.php\/2019\/11\/08\/otra-manifestacion-chile-quemaron-una-universidad-carabineros-reprimio\/#primaryimage"},"image":{"@id":"https:\/\/diariotextual.com\/inicio\/index.php\/2019\/11\/08\/otra-manifestacion-chile-quemaron-una-universidad-carabineros-reprimio\/#primaryimage"},"thumbnailUrl":"https:\/\/diariotextual.com\/inicio\/wp-content\/uploads\/2019\/11\/chileuniversidadprotestas2019-1.jpeg","datePublished":"2019-11-08T23:10:03+00:00","dateModified":"2019-11-08T23:13:50+00:00","breadcrumb":{"@id":"https:\/\/diariotextual.com\/inicio\/index.php\/2019\/11\/08\/otra-manifestacion-chile-quemaron-una-universidad-carabineros-reprimio\/#breadcrumb"},"inLanguage":"es","potentialAction":[{"@type":"ReadAction","target":["https:\/\/diariotextual.com\/inicio\/index.php\/2019\/11\/08\/otra-manifestacion-chile-quemaron-una-universidad-carabineros-reprimio\/"]}]},{"@type":"ImageObject","inLanguage":"es","@id":"https:\/\/diariotextual.com\/inicio\/index.php\/2019\/11\/08\/otra-manifestacion-chile-quemaron-una-universidad-carabineros-reprimio\/#primaryimage","url":"https:\/\/diariotextual.com\/inicio\/wp-content\/uploads\/2019\/11\/chileuniversidadprotestas2019-1.jpeg","contentUrl":"https:\/\/diariotextual.com\/inicio\/wp-content\/uploads\/2019\/11\/chileuniversidadprotestas2019-1.jpeg","width":1140,"height":640},{"@type":"BreadcrumbList","@id":"https:\/\/diariotextual.com\/inicio\/index.php\/2019\/11\/08\/otra-manifestacion-chile-quemaron-una-universidad-carabineros-reprimio\/#breadcrumb","itemListElement":[{"@type":"ListItem","position":1,"name":"Portada","item":"https:\/\/diariotextual.com\/inicio\/"},{"@type":"ListItem","position":2,"name":"Otra manifestaci\u00f3n en Chile: quemaron una universidad y Carabineros reprimi\u00f3"}]},{"@type":"WebSite","@id":"https:\/\/diariotextual.com\/inicio\/#website","url":"https:\/\/diariotextual.com\/inicio\/","name":"Diario Textual","description":"","publisher":{"@id":"https:\/\/diariotextual.com\/inicio\/#organization"},"potentialAction":[{"@type":"SearchAction","target":{"@type":"EntryPoint","urlTemplate":"https:\/\/diariotextual.com\/inicio\/?s={search_term_string}"},"query-input":{"@type":"PropertyValueSpecification","valueRequired":true,"valueName":"search_term_string"}}],"inLanguage":"es"},{"@type":"Organization","@id":"https:\/\/diariotextual.com\/inicio\/#organization","name":"Diario Textual","url":"https:\/\/diariotextual.com\/inicio\/","logo":{"@type":"ImageObject","inLanguage":"es","@id":"https:\/\/diariotextual.com\/inicio\/#\/schema\/logo\/image\/","url":"https:\/\/diariotextual.com\/inicio\/wp-content\/uploads\/2023\/05\/logotextual1.jpg","contentUrl":"https:\/\/diariotextual.com\/inicio\/wp-content\/uploads\/2023\/05\/logotextual1.jpg","width":516,"height":76,"caption":"Diario Textual"},"image":{"@id":"https:\/\/diariotextual.com\/inicio\/#\/schema\/logo\/image\/"},"sameAs":["https:\/\/www.facebook.com\/eltextual","https:\/\/x.com\/eltextual","http:\/\/www.instagram.com\/eltextual"]},{"@type":"Person","@id":"https:\/\/diariotextual.com\/inicio\/#\/schema\/person\/418fc4093c33e86ed41562db3508f958","name":"Diario1 Diario1","image":{"@type":"ImageObject","inLanguage":"es","@id":"https:\/\/secure.gravatar.com\/avatar\/9167d280179c85bc18be67aa7eda765854300033af4896dd779b608640f2ef7a?s=96&d=mm&r=g","url":"https:\/\/secure.gravatar.com\/avatar\/9167d280179c85bc18be67aa7eda765854300033af4896dd779b608640f2ef7a?s=96&d=mm&r=g","contentUrl":"https:\/\/secure.gravatar.com\/avatar\/9167d280179c85bc18be67aa7eda765854300033af4896dd779b608640f2ef7a?s=96&d=mm&r=g","caption":"Diario1 Diario1"},"url":"https:\/\/diariotextual.com\/inicio\/index.php\/author\/diario1\/"}]}},"_links":{"self":[{"href":"https:\/\/diariotextual.com\/inicio\/index.php\/wp-json\/wp\/v2\/posts\/69128","targetHints":{"allow":["GET"]}}],"collection":[{"href":"https:\/\/diariotextual.com\/inicio\/index.php\/wp-json\/wp\/v2\/posts"}],"about":[{"href":"https:\/\/diariotextual.com\/inicio\/index.php\/wp-json\/wp\/v2\/types\/post"}],"author":[{"embeddable":true,"href":"https:\/\/diariotextual.com\/inicio\/index.php\/wp-json\/wp\/v2\/users\/3"}],"replies":[{"embeddable":true,"href":"https:\/\/diariotextual.com\/inicio\/index.php\/wp-json\/wp\/v2\/comments?post=69128"}],"version-history":[{"count":4,"href":"https:\/\/diariotextual.com\/inicio\/index.php\/wp-json\/wp\/v2\/posts\/69128\/revisions"}],"predecessor-version":[{"id":69133,"href":"https:\/\/diariotextual.com\/inicio\/index.php\/wp-json\/wp\/v2\/posts\/69128\/revisions\/69133"}],"wp:featuredmedia":[{"embeddable":true,"href":"https:\/\/diariotextual.com\/inicio\/index.php\/wp-json\/wp\/v2\/media\/69131"}],"wp:attachment":[{"href":"https:\/\/diariotextual.com\/inicio\/index.php\/wp-json\/wp\/v2\/media?parent=69128"}],"wp:term":[{"taxonomy":"category","embeddable":true,"href":"https:\/\/diariotextual.com\/inicio\/index.php\/wp-json\/wp\/v2\/categories?post=69128"},{"taxonomy":"post_tag","embeddable":true,"href":"https:\/\/diariotextual.com\/inicio\/index.php\/wp-json\/wp\/v2\/tags?post=69128"}],"curies":[{"name":"wp","href":"https:\/\/api.w.org\/{rel}","templated":true}]}}