{"id":69226,"date":"2019-11-10T10:02:23","date_gmt":"2019-11-10T13:02:23","guid":{"rendered":"http:\/\/diariotextual.com\/inicio\/?p=69226"},"modified":"2019-11-10T12:52:27","modified_gmt":"2019-11-10T15:52:27","slug":"pinera-dice-la-violencia-chile-no-algo-espontaneo-casual","status":"publish","type":"post","link":"https:\/\/diariotextual.com\/inicio\/index.php\/2019\/11\/10\/pinera-dice-la-violencia-chile-no-algo-espontaneo-casual\/","title":{"rendered":"Pi\u00f1era dice que la violencia en Chile \u201cno es algo espont\u00e1neo ni casual\u201d"},"content":{"rendered":"<p>El presidente de Chile,<strong> Sebasti\u00e1n Pi\u00f1era<\/strong>, reconoci\u00f3 que<strong> no supieron entender el \u201cclamor\u201d por una sociedad m\u00e1s justa<\/strong>, despu\u00e9s de treinta a\u00f1os de crecimiento econ\u00f3mico y prometi\u00f3 \u201cacelerar el ritmo\u201d de las reformas sociales como la de las pensiones, el sistema de salud y la educaci\u00f3n. Sin embargo, <strong>no descart\u00f3 la injerencia de gobiernos extranjeros fogoneando las violentas protestas en el vecino pa\u00eds<\/strong>.<\/p>\n<p>\u201cNo supimos entender que hab\u00eda un clamor subterr\u00e1neo de la ciudadan\u00eda por lograr una sociedad m\u00e1s justa, m\u00e1s igualitaria, con m\u00e1s movilidad social, m\u00e1s igualdad de oportunidades, menos abusos\u201d, afirm\u00f3 Pi\u00f1era en una entrevista que publica hoy el diario espa\u00f1ol El Pa\u00eds.<\/p>\n<p>El presidente chileno, que estren\u00f3 su segundo mandato en 2018 despu\u00e9s de estar en el poder de 2010 a 2014, reconoci\u00f3 que han sufrido \u201c<strong>las tres semanas m\u00e1s violentas y disruptivas que yo recuerdo<\/strong>\u201d y dijo que fueron provocadas \u201cpor grupos criminales organizados\u201d, adem\u00e1s de la delincuencia tradicional, el narcotr\u00e1fico, los anarquistas y muchos m\u00e1s.<\/p>\n<p id=\"m210-209-211\" class=\"paragraph \">Las protestas, que han causado al menos 20 muertos seg\u00fan datos oficiales, seis de ellos ciudadanos extranjeros, se iniciaron el pasado 18 de octubre en respuesta a la suba del precio del pasaje de metro en la capital, pero se convirtieron luego en un\u00a0<strong>clamor popular contra el Gobierno<\/strong>\u00a0del conservador Pi\u00f1era y las desigualdades de la sociedad chilena.<\/p>\n<p id=\"m215-214-216\" class=\"paragraph \">\u201cAhora nos damos cuenta de que la demanda social era m\u00e1s urgente y m\u00e1s profunda y hay que acelerar el ritmo\u201d, dijo el presiente chileno. \u00abPero hay que tener muy claro el norte para\u00a0<strong>no caer en la tentaci\u00f3n de la demagogia y el populismo<\/strong>\u201d.<\/p>\n<p>&nbsp;<\/p>\n<p>&nbsp;<\/p>\n<p>&nbsp;<\/p>\n<p>&nbsp;<\/p>\n<p>&nbsp;<\/p>\n<p>&nbsp;<\/p>\n<p>&nbsp;<\/p>\n","protected":false},"excerpt":{"rendered":"<p>El presidente de Chile, Sebasti\u00e1n Pi\u00f1era, reconoci\u00f3 que no supieron entender el \u201cclamor\u201d por una sociedad m\u00e1s justa, despu\u00e9s de treinta a\u00f1os de crecimiento econ\u00f3mico y prometi\u00f3 \u201cacelerar el ritmo\u201d&hellip;<\/p>\n","protected":false},"author":3,"featured_media":66746,"comment_status":"closed","ping_status":"open","sticky":false,"template":"","format":"standard","meta":{"_acf_changed":false,"footnotes":""},"categories":[10,7],"tags":[],"class_list":["post-69226","post","type-post","status-publish","format-standard","has-post-thumbnail","hentry","category-portada-2","category-mundo"],"acf":[],"yoast_head":"<!-- This site is optimized with the Yoast SEO plugin v27.4 - https:\/\/yoast.com\/product\/yoast-seo-wordpress\/ -->\n<title>Pi\u00f1era dice que la violencia en Chile \u201cno es algo espont\u00e1neo ni casual\u201d - Diario Textual<\/title>\n<meta name=\"robots\" content=\"index, follow, max-snippet:-1, max-image-preview:large, max-video-preview:-1\" \/>\n<link rel=\"canonical\" href=\"https:\/\/diariotextual.com\/inicio\/index.php\/2019\/11\/10\/pinera-dice-la-violencia-chile-no-algo-espontaneo-casual\/\" \/>\n<meta property=\"og:locale\" content=\"es_ES\" \/>\n<meta property=\"og:type\" content=\"article\" \/>\n<meta property=\"og:title\" content=\"Pi\u00f1era dice que la violencia en Chile \u201cno es algo espont\u00e1neo ni casual\u201d - Diario Textual\" \/>\n<meta property=\"og:description\" content=\"El presidente de Chile, Sebasti\u00e1n Pi\u00f1era, reconoci\u00f3 que no supieron entender el \u201cclamor\u201d por una sociedad m\u00e1s justa, despu\u00e9s de treinta a\u00f1os de crecimiento econ\u00f3mico y prometi\u00f3 \u201cacelerar el ritmo\u201d&hellip;\" \/>\n<meta property=\"og:url\" content=\"https:\/\/diariotextual.com\/inicio\/index.php\/2019\/11\/10\/pinera-dice-la-violencia-chile-no-algo-espontaneo-casual\/\" \/>\n<meta property=\"og:site_name\" content=\"Diario Textual\" \/>\n<meta property=\"article:publisher\" content=\"https:\/\/www.facebook.com\/eltextual\" \/>\n<meta property=\"article:published_time\" content=\"2019-11-10T13:02:23+00:00\" \/>\n<meta property=\"article:modified_time\" content=\"2019-11-10T15:52:27+00:00\" \/>\n<meta property=\"og:image\" content=\"https:\/\/diariotextual.com\/inicio\/wp-content\/uploads\/2019\/10\/chileprotestas2019-2.jpg\" \/>\n\t<meta property=\"og:image:width\" content=\"900\" \/>\n\t<meta property=\"og:image:height\" content=\"600\" \/>\n\t<meta property=\"og:image:type\" content=\"image\/jpeg\" \/>\n<meta name=\"author\" content=\"Diario1 Diario1\" \/>\n<meta name=\"twitter:card\" content=\"summary_large_image\" \/>\n<meta name=\"twitter:creator\" content=\"@eltextual\" \/>\n<meta name=\"twitter:site\" content=\"@eltextual\" \/>\n<meta name=\"twitter:label1\" content=\"Escrito por\" \/>\n\t<meta name=\"twitter:data1\" content=\"Diario1 Diario1\" \/>\n\t<meta name=\"twitter:label2\" content=\"Tiempo de lectura\" \/>\n\t<meta name=\"twitter:data2\" content=\"1 minuto\" \/>\n<script type=\"application\/ld+json\" class=\"yoast-schema-graph\">{\"@context\":\"https:\\\/\\\/schema.org\",\"@graph\":[{\"@type\":\"Article\",\"@id\":\"https:\\\/\\\/diariotextual.com\\\/inicio\\\/index.php\\\/2019\\\/11\\\/10\\\/pinera-dice-la-violencia-chile-no-algo-espontaneo-casual\\\/#article\",\"isPartOf\":{\"@id\":\"https:\\\/\\\/diariotextual.com\\\/inicio\\\/index.php\\\/2019\\\/11\\\/10\\\/pinera-dice-la-violencia-chile-no-algo-espontaneo-casual\\\/\"},\"author\":{\"name\":\"Diario1 Diario1\",\"@id\":\"https:\\\/\\\/diariotextual.com\\\/inicio\\\/#\\\/schema\\\/person\\\/418fc4093c33e86ed41562db3508f958\"},\"headline\":\"Pi\u00f1era dice que la violencia en Chile \u201cno es algo espont\u00e1neo ni casual\u201d\",\"datePublished\":\"2019-11-10T13:02:23+00:00\",\"dateModified\":\"2019-11-10T15:52:27+00:00\",\"mainEntityOfPage\":{\"@id\":\"https:\\\/\\\/diariotextual.com\\\/inicio\\\/index.php\\\/2019\\\/11\\\/10\\\/pinera-dice-la-violencia-chile-no-algo-espontaneo-casual\\\/\"},\"wordCount\":309,\"publisher\":{\"@id\":\"https:\\\/\\\/diariotextual.com\\\/inicio\\\/#organization\"},\"image\":{\"@id\":\"https:\\\/\\\/diariotextual.com\\\/inicio\\\/index.php\\\/2019\\\/11\\\/10\\\/pinera-dice-la-violencia-chile-no-algo-espontaneo-casual\\\/#primaryimage\"},\"thumbnailUrl\":\"https:\\\/\\\/diariotextual.com\\\/inicio\\\/wp-content\\\/uploads\\\/2019\\\/10\\\/chileprotestas2019-2.jpg\",\"articleSection\":[\"A - PORTADA2\",\"MUNDO\"],\"inLanguage\":\"es\"},{\"@type\":\"WebPage\",\"@id\":\"https:\\\/\\\/diariotextual.com\\\/inicio\\\/index.php\\\/2019\\\/11\\\/10\\\/pinera-dice-la-violencia-chile-no-algo-espontaneo-casual\\\/\",\"url\":\"https:\\\/\\\/diariotextual.com\\\/inicio\\\/index.php\\\/2019\\\/11\\\/10\\\/pinera-dice-la-violencia-chile-no-algo-espontaneo-casual\\\/\",\"name\":\"Pi\u00f1era dice que la violencia en Chile \u201cno es algo espont\u00e1neo ni casual\u201d - Diario Textual\",\"isPartOf\":{\"@id\":\"https:\\\/\\\/diariotextual.com\\\/inicio\\\/#website\"},\"primaryImageOfPage\":{\"@id\":\"https:\\\/\\\/diariotextual.com\\\/inicio\\\/index.php\\\/2019\\\/11\\\/10\\\/pinera-dice-la-violencia-chile-no-algo-espontaneo-casual\\\/#primaryimage\"},\"image\":{\"@id\":\"https:\\\/\\\/diariotextual.com\\\/inicio\\\/index.php\\\/2019\\\/11\\\/10\\\/pinera-dice-la-violencia-chile-no-algo-espontaneo-casual\\\/#primaryimage\"},\"thumbnailUrl\":\"https:\\\/\\\/diariotextual.com\\\/inicio\\\/wp-content\\\/uploads\\\/2019\\\/10\\\/chileprotestas2019-2.jpg\",\"datePublished\":\"2019-11-10T13:02:23+00:00\",\"dateModified\":\"2019-11-10T15:52:27+00:00\",\"breadcrumb\":{\"@id\":\"https:\\\/\\\/diariotextual.com\\\/inicio\\\/index.php\\\/2019\\\/11\\\/10\\\/pinera-dice-la-violencia-chile-no-algo-espontaneo-casual\\\/#breadcrumb\"},\"inLanguage\":\"es\",\"potentialAction\":[{\"@type\":\"ReadAction\",\"target\":[\"https:\\\/\\\/diariotextual.com\\\/inicio\\\/index.php\\\/2019\\\/11\\\/10\\\/pinera-dice-la-violencia-chile-no-algo-espontaneo-casual\\\/\"]}]},{\"@type\":\"ImageObject\",\"inLanguage\":\"es\",\"@id\":\"https:\\\/\\\/diariotextual.com\\\/inicio\\\/index.php\\\/2019\\\/11\\\/10\\\/pinera-dice-la-violencia-chile-no-algo-espontaneo-casual\\\/#primaryimage\",\"url\":\"https:\\\/\\\/diariotextual.com\\\/inicio\\\/wp-content\\\/uploads\\\/2019\\\/10\\\/chileprotestas2019-2.jpg\",\"contentUrl\":\"https:\\\/\\\/diariotextual.com\\\/inicio\\\/wp-content\\\/uploads\\\/2019\\\/10\\\/chileprotestas2019-2.jpg\",\"width\":900,\"height\":600},{\"@type\":\"BreadcrumbList\",\"@id\":\"https:\\\/\\\/diariotextual.com\\\/inicio\\\/index.php\\\/2019\\\/11\\\/10\\\/pinera-dice-la-violencia-chile-no-algo-espontaneo-casual\\\/#breadcrumb\",\"itemListElement\":[{\"@type\":\"ListItem\",\"position\":1,\"name\":\"Portada\",\"item\":\"https:\\\/\\\/diariotextual.com\\\/inicio\\\/\"},{\"@type\":\"ListItem\",\"position\":2,\"name\":\"Pi\u00f1era dice que la violencia en Chile \u201cno es algo espont\u00e1neo ni casual\u201d\"}]},{\"@type\":\"WebSite\",\"@id\":\"https:\\\/\\\/diariotextual.com\\\/inicio\\\/#website\",\"url\":\"https:\\\/\\\/diariotextual.com\\\/inicio\\\/\",\"name\":\"Diario Textual\",\"description\":\"\",\"publisher\":{\"@id\":\"https:\\\/\\\/diariotextual.com\\\/inicio\\\/#organization\"},\"potentialAction\":[{\"@type\":\"SearchAction\",\"target\":{\"@type\":\"EntryPoint\",\"urlTemplate\":\"https:\\\/\\\/diariotextual.com\\\/inicio\\\/?s={search_term_string}\"},\"query-input\":{\"@type\":\"PropertyValueSpecification\",\"valueRequired\":true,\"valueName\":\"search_term_string\"}}],\"inLanguage\":\"es\"},{\"@type\":\"Organization\",\"@id\":\"https:\\\/\\\/diariotextual.com\\\/inicio\\\/#organization\",\"name\":\"Diario Textual\",\"url\":\"https:\\\/\\\/diariotextual.com\\\/inicio\\\/\",\"logo\":{\"@type\":\"ImageObject\",\"inLanguage\":\"es\",\"@id\":\"https:\\\/\\\/diariotextual.com\\\/inicio\\\/#\\\/schema\\\/logo\\\/image\\\/\",\"url\":\"https:\\\/\\\/diariotextual.com\\\/inicio\\\/wp-content\\\/uploads\\\/2023\\\/05\\\/logotextual1.jpg\",\"contentUrl\":\"https:\\\/\\\/diariotextual.com\\\/inicio\\\/wp-content\\\/uploads\\\/2023\\\/05\\\/logotextual1.jpg\",\"width\":516,\"height\":76,\"caption\":\"Diario Textual\"},\"image\":{\"@id\":\"https:\\\/\\\/diariotextual.com\\\/inicio\\\/#\\\/schema\\\/logo\\\/image\\\/\"},\"sameAs\":[\"https:\\\/\\\/www.facebook.com\\\/eltextual\",\"https:\\\/\\\/x.com\\\/eltextual\",\"http:\\\/\\\/www.instagram.com\\\/eltextual\"]},{\"@type\":\"Person\",\"@id\":\"https:\\\/\\\/diariotextual.com\\\/inicio\\\/#\\\/schema\\\/person\\\/418fc4093c33e86ed41562db3508f958\",\"name\":\"Diario1 Diario1\",\"image\":{\"@type\":\"ImageObject\",\"inLanguage\":\"es\",\"@id\":\"https:\\\/\\\/secure.gravatar.com\\\/avatar\\\/9167d280179c85bc18be67aa7eda765854300033af4896dd779b608640f2ef7a?s=96&d=mm&r=g\",\"url\":\"https:\\\/\\\/secure.gravatar.com\\\/avatar\\\/9167d280179c85bc18be67aa7eda765854300033af4896dd779b608640f2ef7a?s=96&d=mm&r=g\",\"contentUrl\":\"https:\\\/\\\/secure.gravatar.com\\\/avatar\\\/9167d280179c85bc18be67aa7eda765854300033af4896dd779b608640f2ef7a?s=96&d=mm&r=g\",\"caption\":\"Diario1 Diario1\"},\"url\":\"https:\\\/\\\/diariotextual.com\\\/inicio\\\/index.php\\\/author\\\/diario1\\\/\"}]}<\/script>\n<!-- \/ Yoast SEO plugin. -->","yoast_head_json":{"title":"Pi\u00f1era dice que la violencia en Chile \u201cno es algo espont\u00e1neo ni casual\u201d - Diario Textual","robots":{"index":"index","follow":"follow","max-snippet":"max-snippet:-1","max-image-preview":"max-image-preview:large","max-video-preview":"max-video-preview:-1"},"canonical":"https:\/\/diariotextual.com\/inicio\/index.php\/2019\/11\/10\/pinera-dice-la-violencia-chile-no-algo-espontaneo-casual\/","og_locale":"es_ES","og_type":"article","og_title":"Pi\u00f1era dice que la violencia en Chile \u201cno es algo espont\u00e1neo ni casual\u201d - Diario Textual","og_description":"El presidente de Chile, Sebasti\u00e1n Pi\u00f1era, reconoci\u00f3 que no supieron entender el \u201cclamor\u201d por una sociedad m\u00e1s justa, despu\u00e9s de treinta a\u00f1os de crecimiento econ\u00f3mico y prometi\u00f3 \u201cacelerar el ritmo\u201d&hellip;","og_url":"https:\/\/diariotextual.com\/inicio\/index.php\/2019\/11\/10\/pinera-dice-la-violencia-chile-no-algo-espontaneo-casual\/","og_site_name":"Diario Textual","article_publisher":"https:\/\/www.facebook.com\/eltextual","article_published_time":"2019-11-10T13:02:23+00:00","article_modified_time":"2019-11-10T15:52:27+00:00","og_image":[{"width":900,"height":600,"url":"https:\/\/diariotextual.com\/inicio\/wp-content\/uploads\/2019\/10\/chileprotestas2019-2.jpg","type":"image\/jpeg"}],"author":"Diario1 Diario1","twitter_card":"summary_large_image","twitter_creator":"@eltextual","twitter_site":"@eltextual","twitter_misc":{"Escrito por":"Diario1 Diario1","Tiempo de lectura":"1 minuto"},"schema":{"@context":"https:\/\/schema.org","@graph":[{"@type":"Article","@id":"https:\/\/diariotextual.com\/inicio\/index.php\/2019\/11\/10\/pinera-dice-la-violencia-chile-no-algo-espontaneo-casual\/#article","isPartOf":{"@id":"https:\/\/diariotextual.com\/inicio\/index.php\/2019\/11\/10\/pinera-dice-la-violencia-chile-no-algo-espontaneo-casual\/"},"author":{"name":"Diario1 Diario1","@id":"https:\/\/diariotextual.com\/inicio\/#\/schema\/person\/418fc4093c33e86ed41562db3508f958"},"headline":"Pi\u00f1era dice que la violencia en Chile \u201cno es algo espont\u00e1neo ni casual\u201d","datePublished":"2019-11-10T13:02:23+00:00","dateModified":"2019-11-10T15:52:27+00:00","mainEntityOfPage":{"@id":"https:\/\/diariotextual.com\/inicio\/index.php\/2019\/11\/10\/pinera-dice-la-violencia-chile-no-algo-espontaneo-casual\/"},"wordCount":309,"publisher":{"@id":"https:\/\/diariotextual.com\/inicio\/#organization"},"image":{"@id":"https:\/\/diariotextual.com\/inicio\/index.php\/2019\/11\/10\/pinera-dice-la-violencia-chile-no-algo-espontaneo-casual\/#primaryimage"},"thumbnailUrl":"https:\/\/diariotextual.com\/inicio\/wp-content\/uploads\/2019\/10\/chileprotestas2019-2.jpg","articleSection":["A - PORTADA2","MUNDO"],"inLanguage":"es"},{"@type":"WebPage","@id":"https:\/\/diariotextual.com\/inicio\/index.php\/2019\/11\/10\/pinera-dice-la-violencia-chile-no-algo-espontaneo-casual\/","url":"https:\/\/diariotextual.com\/inicio\/index.php\/2019\/11\/10\/pinera-dice-la-violencia-chile-no-algo-espontaneo-casual\/","name":"Pi\u00f1era dice que la violencia en Chile \u201cno es algo espont\u00e1neo ni casual\u201d - Diario Textual","isPartOf":{"@id":"https:\/\/diariotextual.com\/inicio\/#website"},"primaryImageOfPage":{"@id":"https:\/\/diariotextual.com\/inicio\/index.php\/2019\/11\/10\/pinera-dice-la-violencia-chile-no-algo-espontaneo-casual\/#primaryimage"},"image":{"@id":"https:\/\/diariotextual.com\/inicio\/index.php\/2019\/11\/10\/pinera-dice-la-violencia-chile-no-algo-espontaneo-casual\/#primaryimage"},"thumbnailUrl":"https:\/\/diariotextual.com\/inicio\/wp-content\/uploads\/2019\/10\/chileprotestas2019-2.jpg","datePublished":"2019-11-10T13:02:23+00:00","dateModified":"2019-11-10T15:52:27+00:00","breadcrumb":{"@id":"https:\/\/diariotextual.com\/inicio\/index.php\/2019\/11\/10\/pinera-dice-la-violencia-chile-no-algo-espontaneo-casual\/#breadcrumb"},"inLanguage":"es","potentialAction":[{"@type":"ReadAction","target":["https:\/\/diariotextual.com\/inicio\/index.php\/2019\/11\/10\/pinera-dice-la-violencia-chile-no-algo-espontaneo-casual\/"]}]},{"@type":"ImageObject","inLanguage":"es","@id":"https:\/\/diariotextual.com\/inicio\/index.php\/2019\/11\/10\/pinera-dice-la-violencia-chile-no-algo-espontaneo-casual\/#primaryimage","url":"https:\/\/diariotextual.com\/inicio\/wp-content\/uploads\/2019\/10\/chileprotestas2019-2.jpg","contentUrl":"https:\/\/diariotextual.com\/inicio\/wp-content\/uploads\/2019\/10\/chileprotestas2019-2.jpg","width":900,"height":600},{"@type":"BreadcrumbList","@id":"https:\/\/diariotextual.com\/inicio\/index.php\/2019\/11\/10\/pinera-dice-la-violencia-chile-no-algo-espontaneo-casual\/#breadcrumb","itemListElement":[{"@type":"ListItem","position":1,"name":"Portada","item":"https:\/\/diariotextual.com\/inicio\/"},{"@type":"ListItem","position":2,"name":"Pi\u00f1era dice que la violencia en Chile \u201cno es algo espont\u00e1neo ni casual\u201d"}]},{"@type":"WebSite","@id":"https:\/\/diariotextual.com\/inicio\/#website","url":"https:\/\/diariotextual.com\/inicio\/","name":"Diario Textual","description":"","publisher":{"@id":"https:\/\/diariotextual.com\/inicio\/#organization"},"potentialAction":[{"@type":"SearchAction","target":{"@type":"EntryPoint","urlTemplate":"https:\/\/diariotextual.com\/inicio\/?s={search_term_string}"},"query-input":{"@type":"PropertyValueSpecification","valueRequired":true,"valueName":"search_term_string"}}],"inLanguage":"es"},{"@type":"Organization","@id":"https:\/\/diariotextual.com\/inicio\/#organization","name":"Diario Textual","url":"https:\/\/diariotextual.com\/inicio\/","logo":{"@type":"ImageObject","inLanguage":"es","@id":"https:\/\/diariotextual.com\/inicio\/#\/schema\/logo\/image\/","url":"https:\/\/diariotextual.com\/inicio\/wp-content\/uploads\/2023\/05\/logotextual1.jpg","contentUrl":"https:\/\/diariotextual.com\/inicio\/wp-content\/uploads\/2023\/05\/logotextual1.jpg","width":516,"height":76,"caption":"Diario Textual"},"image":{"@id":"https:\/\/diariotextual.com\/inicio\/#\/schema\/logo\/image\/"},"sameAs":["https:\/\/www.facebook.com\/eltextual","https:\/\/x.com\/eltextual","http:\/\/www.instagram.com\/eltextual"]},{"@type":"Person","@id":"https:\/\/diariotextual.com\/inicio\/#\/schema\/person\/418fc4093c33e86ed41562db3508f958","name":"Diario1 Diario1","image":{"@type":"ImageObject","inLanguage":"es","@id":"https:\/\/secure.gravatar.com\/avatar\/9167d280179c85bc18be67aa7eda765854300033af4896dd779b608640f2ef7a?s=96&d=mm&r=g","url":"https:\/\/secure.gravatar.com\/avatar\/9167d280179c85bc18be67aa7eda765854300033af4896dd779b608640f2ef7a?s=96&d=mm&r=g","contentUrl":"https:\/\/secure.gravatar.com\/avatar\/9167d280179c85bc18be67aa7eda765854300033af4896dd779b608640f2ef7a?s=96&d=mm&r=g","caption":"Diario1 Diario1"},"url":"https:\/\/diariotextual.com\/inicio\/index.php\/author\/diario1\/"}]}},"_links":{"self":[{"href":"https:\/\/diariotextual.com\/inicio\/index.php\/wp-json\/wp\/v2\/posts\/69226","targetHints":{"allow":["GET"]}}],"collection":[{"href":"https:\/\/diariotextual.com\/inicio\/index.php\/wp-json\/wp\/v2\/posts"}],"about":[{"href":"https:\/\/diariotextual.com\/inicio\/index.php\/wp-json\/wp\/v2\/types\/post"}],"author":[{"embeddable":true,"href":"https:\/\/diariotextual.com\/inicio\/index.php\/wp-json\/wp\/v2\/users\/3"}],"replies":[{"embeddable":true,"href":"https:\/\/diariotextual.com\/inicio\/index.php\/wp-json\/wp\/v2\/comments?post=69226"}],"version-history":[{"count":1,"href":"https:\/\/diariotextual.com\/inicio\/index.php\/wp-json\/wp\/v2\/posts\/69226\/revisions"}],"predecessor-version":[{"id":69227,"href":"https:\/\/diariotextual.com\/inicio\/index.php\/wp-json\/wp\/v2\/posts\/69226\/revisions\/69227"}],"wp:featuredmedia":[{"embeddable":true,"href":"https:\/\/diariotextual.com\/inicio\/index.php\/wp-json\/wp\/v2\/media\/66746"}],"wp:attachment":[{"href":"https:\/\/diariotextual.com\/inicio\/index.php\/wp-json\/wp\/v2\/media?parent=69226"}],"wp:term":[{"taxonomy":"category","embeddable":true,"href":"https:\/\/diariotextual.com\/inicio\/index.php\/wp-json\/wp\/v2\/categories?post=69226"},{"taxonomy":"post_tag","embeddable":true,"href":"https:\/\/diariotextual.com\/inicio\/index.php\/wp-json\/wp\/v2\/tags?post=69226"}],"curies":[{"name":"wp","href":"https:\/\/api.w.org\/{rel}","templated":true}]}}