{"id":69591,"date":"2019-11-12T17:50:34","date_gmt":"2019-11-12T20:50:34","guid":{"rendered":"http:\/\/diariotextual.com\/inicio\/?p=69591"},"modified":"2019-11-12T20:25:45","modified_gmt":"2019-11-12T23:25:45","slug":"combustibles-habria-dos-aumentos-10-diciembre","status":"publish","type":"post","link":"https:\/\/diariotextual.com\/inicio\/index.php\/2019\/11\/12\/combustibles-habria-dos-aumentos-10-diciembre\/","title":{"rendered":"Combustibles: habr\u00eda dos aumentos hasta el 10 de diciembre"},"content":{"rendered":"<p>Este jueves llega a su fin el congelamiento de precios de combustibles decretado por el presidente Mauricio Macri el 16 de agosto. Es por eso que desde el sector esperan que <strong>a partir del fin de semana se d\u00e9 un primer aumento en las naftas en torno del 5%.<\/strong><\/p>\n<p><!--more--><\/p>\n<p>Seg\u00fan aclararon, el Gobierno y las petroleras mantienen reuniones para que el impacto en el bolsillo de los consumidores no sea tan fuerte: estiman que<strong> el precio qued\u00f3 atrasado un 15%, por lo que en los primeros d\u00edas de diciembre -previo al 10-D, d\u00eda de la asunci\u00f3n de Alberto Fern\u00e1ndez- podr\u00eda haber otro incremento<\/strong> que generar\u00e1 m\u00e1s presi\u00f3n sobre la inflaci\u00f3n.<\/p>\n<p>Gabriel Bornoroni, presidente de la Confederaci\u00f3n de Entidades del Comercio de Hidrocarburos y Afines (CECHA), analiz\u00f3 el escenario actual y lo que podr\u00eda ocurrir desde el jueves. \u201c<strong>El Gobierno est\u00e1 negociando con las petroleras para definir los pasos a seguir luego del congelamiento. Podr\u00eda haber una actualizaci\u00f3n del 5% al 6%. Las petroleras est\u00e1n informando que tienen un atraso del 15%, luego de que les hayan permitido -dentro del congelamiento- dos aumentos del 5%<\/strong>. Todav\u00eda no hay nada oficial\u201d, sostuvo Bornoroni, y agreg\u00f3: \u201cEs una negociaci\u00f3n que es positiva, que el Gobierno y las petroleras se sienten para ver c\u00f3mo seguir, para que de esta forma afecte de la menor manera posible a los ciudadanos\u201d.<\/p>\n<p>El gesto que destaca el representante de las estaciones de servicio tiene que ver con que, en efecto, <strong>desde el jueves las petroleras no necesitar\u00e1n de la autorizaci\u00f3n del Ejecutivo para aplicar aumentos<\/strong>, public\u00f3 \u00c1mbito Financiero.<\/p>\n<p>En el sector sostienen que<strong> lo que defina YPF marcar\u00e1, de alguna manera, el camino del resto de las petroleras<\/strong>, ya que cuenta con el 60% del mercado. Y Daniel Gonz\u00e1lez, su CEO, declar\u00f3 d\u00edas atr\u00e1s cuando le consultaron al respecto: \u201cSeremos muy responsables en la forma en que aumentamos los precios. Nos importan nuestros clientes, as\u00ed que lo que haremos ser\u00e1 lo necesario\u201d.<\/p>\n<p>El decreto firmado por Macri en agosto (luego de las PASO) establec\u00eda que por noventa d\u00edas corridos, el precio de la nafta se determinara aplicando un tipo de cambio de referencia de $45,19 por d\u00f3lar y un precio de referencia Brent de u$s 59 por barril.<\/p>\n<p>La <strong>devaluaci\u00f3n oblig\u00f3 a que, en medio del congelamiento, se permitieran dos subas: una fue a mediados de septiembre y la otra el 1\u00b0 de noviembre<\/strong> (despu\u00e9s de las elecciones) que buscaban, adem\u00e1s, hacer frente al desabastecimiento que afectaba a diferentes estaciones de las denominadas sin bandera.<\/p>\n<p>Seg\u00fan los datos que difundi\u00f3 la secretar\u00eda de Energ\u00eda a fines de octubre, el congelamiento de los precios de combustibles contribuy\u00f3 a frenar la ca\u00edda en las ventas: en septiembre, el despacho creci\u00f3 un 4,9% frente al mismo mes de 2018. \u201cEl congelamiento aplicado desde mediados de agosto, si bien no incentiv\u00f3 un mayor consumo, al menos estar\u00eda contribuyendo a frenar la ca\u00edda que suced\u00eda mes a mes previo al DNU\u201d, destacaron desde CECHA, que re\u00fane a m\u00e1s de 4.800 estaciones de servicio de todo el pa\u00eds.<\/p>\n<p>&nbsp;<\/p>\n","protected":false},"excerpt":{"rendered":"<p>Este jueves llega a su fin el congelamiento de precios de combustibles decretado por el presidente Mauricio Macri el 16 de agosto. Es por eso que desde el sector esperan&hellip;<\/p>\n","protected":false},"author":5,"featured_media":20815,"comment_status":"closed","ping_status":"open","sticky":false,"template":"","format":"standard","meta":{"_acf_changed":false,"footnotes":""},"categories":[11,5],"tags":[],"class_list":["post-69591","post","type-post","status-publish","format-standard","has-post-thumbnail","hentry","category-que-pasa","category-economia"],"acf":[],"yoast_head":"<!-- This site is optimized with the Yoast SEO plugin v27.5 - https:\/\/yoast.com\/product\/yoast-seo-wordpress\/ -->\n<title>Combustibles: habr\u00eda dos aumentos hasta el 10 de diciembre - Diario Textual<\/title>\n<meta name=\"robots\" content=\"index, follow, max-snippet:-1, max-image-preview:large, max-video-preview:-1\" \/>\n<link rel=\"canonical\" href=\"https:\/\/diariotextual.com\/inicio\/index.php\/2019\/11\/12\/combustibles-habria-dos-aumentos-10-diciembre\/\" \/>\n<meta property=\"og:locale\" content=\"es_ES\" \/>\n<meta property=\"og:type\" content=\"article\" \/>\n<meta property=\"og:title\" content=\"Combustibles: habr\u00eda dos aumentos hasta el 10 de diciembre - Diario Textual\" \/>\n<meta property=\"og:description\" content=\"Este jueves llega a su fin el congelamiento de precios de combustibles decretado por el presidente Mauricio Macri el 16 de agosto. Es por eso que desde el sector esperan&hellip;\" \/>\n<meta property=\"og:url\" content=\"https:\/\/diariotextual.com\/inicio\/index.php\/2019\/11\/12\/combustibles-habria-dos-aumentos-10-diciembre\/\" \/>\n<meta property=\"og:site_name\" content=\"Diario Textual\" \/>\n<meta property=\"article:publisher\" content=\"https:\/\/www.facebook.com\/eltextual\" \/>\n<meta property=\"article:published_time\" content=\"2019-11-12T20:50:34+00:00\" \/>\n<meta property=\"article:modified_time\" content=\"2019-11-12T23:25:45+00:00\" \/>\n<meta property=\"og:image\" content=\"https:\/\/diariotextual.com\/inicio\/wp-content\/uploads\/2018\/09\/ventanaftacontarjeta.jpg\" \/>\n\t<meta property=\"og:image:width\" content=\"752\" \/>\n\t<meta property=\"og:image:height\" content=\"447\" \/>\n\t<meta property=\"og:image:type\" content=\"image\/jpeg\" \/>\n<meta name=\"author\" content=\"diario3\" \/>\n<meta name=\"twitter:card\" content=\"summary_large_image\" \/>\n<meta name=\"twitter:creator\" content=\"@eltextual\" \/>\n<meta name=\"twitter:site\" content=\"@eltextual\" \/>\n<meta name=\"twitter:label1\" content=\"Escrito por\" \/>\n\t<meta name=\"twitter:data1\" content=\"diario3\" \/>\n\t<meta name=\"twitter:label2\" content=\"Tiempo de lectura\" \/>\n\t<meta name=\"twitter:data2\" content=\"3 minutos\" \/>\n<script type=\"application\/ld+json\" class=\"yoast-schema-graph\">{\"@context\":\"https:\\\/\\\/schema.org\",\"@graph\":[{\"@type\":\"Article\",\"@id\":\"https:\\\/\\\/diariotextual.com\\\/inicio\\\/index.php\\\/2019\\\/11\\\/12\\\/combustibles-habria-dos-aumentos-10-diciembre\\\/#article\",\"isPartOf\":{\"@id\":\"https:\\\/\\\/diariotextual.com\\\/inicio\\\/index.php\\\/2019\\\/11\\\/12\\\/combustibles-habria-dos-aumentos-10-diciembre\\\/\"},\"author\":{\"name\":\"diario3\",\"@id\":\"https:\\\/\\\/diariotextual.com\\\/inicio\\\/#\\\/schema\\\/person\\\/a1b6f563e0ee944c60f98119389a4d9f\"},\"headline\":\"Combustibles: habr\u00eda dos aumentos hasta el 10 de diciembre\",\"datePublished\":\"2019-11-12T20:50:34+00:00\",\"dateModified\":\"2019-11-12T23:25:45+00:00\",\"mainEntityOfPage\":{\"@id\":\"https:\\\/\\\/diariotextual.com\\\/inicio\\\/index.php\\\/2019\\\/11\\\/12\\\/combustibles-habria-dos-aumentos-10-diciembre\\\/\"},\"wordCount\":540,\"publisher\":{\"@id\":\"https:\\\/\\\/diariotextual.com\\\/inicio\\\/#organization\"},\"image\":{\"@id\":\"https:\\\/\\\/diariotextual.com\\\/inicio\\\/index.php\\\/2019\\\/11\\\/12\\\/combustibles-habria-dos-aumentos-10-diciembre\\\/#primaryimage\"},\"thumbnailUrl\":\"https:\\\/\\\/diariotextual.com\\\/inicio\\\/wp-content\\\/uploads\\\/2018\\\/09\\\/ventanaftacontarjeta.jpg\",\"articleSection\":[\"A - QUE PASA (al costado)\",\"ECONOMIA\"],\"inLanguage\":\"es\"},{\"@type\":\"WebPage\",\"@id\":\"https:\\\/\\\/diariotextual.com\\\/inicio\\\/index.php\\\/2019\\\/11\\\/12\\\/combustibles-habria-dos-aumentos-10-diciembre\\\/\",\"url\":\"https:\\\/\\\/diariotextual.com\\\/inicio\\\/index.php\\\/2019\\\/11\\\/12\\\/combustibles-habria-dos-aumentos-10-diciembre\\\/\",\"name\":\"Combustibles: habr\u00eda dos aumentos hasta el 10 de diciembre - Diario Textual\",\"isPartOf\":{\"@id\":\"https:\\\/\\\/diariotextual.com\\\/inicio\\\/#website\"},\"primaryImageOfPage\":{\"@id\":\"https:\\\/\\\/diariotextual.com\\\/inicio\\\/index.php\\\/2019\\\/11\\\/12\\\/combustibles-habria-dos-aumentos-10-diciembre\\\/#primaryimage\"},\"image\":{\"@id\":\"https:\\\/\\\/diariotextual.com\\\/inicio\\\/index.php\\\/2019\\\/11\\\/12\\\/combustibles-habria-dos-aumentos-10-diciembre\\\/#primaryimage\"},\"thumbnailUrl\":\"https:\\\/\\\/diariotextual.com\\\/inicio\\\/wp-content\\\/uploads\\\/2018\\\/09\\\/ventanaftacontarjeta.jpg\",\"datePublished\":\"2019-11-12T20:50:34+00:00\",\"dateModified\":\"2019-11-12T23:25:45+00:00\",\"breadcrumb\":{\"@id\":\"https:\\\/\\\/diariotextual.com\\\/inicio\\\/index.php\\\/2019\\\/11\\\/12\\\/combustibles-habria-dos-aumentos-10-diciembre\\\/#breadcrumb\"},\"inLanguage\":\"es\",\"potentialAction\":[{\"@type\":\"ReadAction\",\"target\":[\"https:\\\/\\\/diariotextual.com\\\/inicio\\\/index.php\\\/2019\\\/11\\\/12\\\/combustibles-habria-dos-aumentos-10-diciembre\\\/\"]}]},{\"@type\":\"ImageObject\",\"inLanguage\":\"es\",\"@id\":\"https:\\\/\\\/diariotextual.com\\\/inicio\\\/index.php\\\/2019\\\/11\\\/12\\\/combustibles-habria-dos-aumentos-10-diciembre\\\/#primaryimage\",\"url\":\"https:\\\/\\\/diariotextual.com\\\/inicio\\\/wp-content\\\/uploads\\\/2018\\\/09\\\/ventanaftacontarjeta.jpg\",\"contentUrl\":\"https:\\\/\\\/diariotextual.com\\\/inicio\\\/wp-content\\\/uploads\\\/2018\\\/09\\\/ventanaftacontarjeta.jpg\",\"width\":752,\"height\":447},{\"@type\":\"BreadcrumbList\",\"@id\":\"https:\\\/\\\/diariotextual.com\\\/inicio\\\/index.php\\\/2019\\\/11\\\/12\\\/combustibles-habria-dos-aumentos-10-diciembre\\\/#breadcrumb\",\"itemListElement\":[{\"@type\":\"ListItem\",\"position\":1,\"name\":\"Portada\",\"item\":\"https:\\\/\\\/diariotextual.com\\\/inicio\\\/\"},{\"@type\":\"ListItem\",\"position\":2,\"name\":\"Combustibles: habr\u00eda dos aumentos hasta el 10 de diciembre\"}]},{\"@type\":\"WebSite\",\"@id\":\"https:\\\/\\\/diariotextual.com\\\/inicio\\\/#website\",\"url\":\"https:\\\/\\\/diariotextual.com\\\/inicio\\\/\",\"name\":\"Diario Textual\",\"description\":\"\",\"publisher\":{\"@id\":\"https:\\\/\\\/diariotextual.com\\\/inicio\\\/#organization\"},\"potentialAction\":[{\"@type\":\"SearchAction\",\"target\":{\"@type\":\"EntryPoint\",\"urlTemplate\":\"https:\\\/\\\/diariotextual.com\\\/inicio\\\/?s={search_term_string}\"},\"query-input\":{\"@type\":\"PropertyValueSpecification\",\"valueRequired\":true,\"valueName\":\"search_term_string\"}}],\"inLanguage\":\"es\"},{\"@type\":\"Organization\",\"@id\":\"https:\\\/\\\/diariotextual.com\\\/inicio\\\/#organization\",\"name\":\"Diario Textual\",\"url\":\"https:\\\/\\\/diariotextual.com\\\/inicio\\\/\",\"logo\":{\"@type\":\"ImageObject\",\"inLanguage\":\"es\",\"@id\":\"https:\\\/\\\/diariotextual.com\\\/inicio\\\/#\\\/schema\\\/logo\\\/image\\\/\",\"url\":\"https:\\\/\\\/diariotextual.com\\\/inicio\\\/wp-content\\\/uploads\\\/2023\\\/05\\\/logotextual1.jpg\",\"contentUrl\":\"https:\\\/\\\/diariotextual.com\\\/inicio\\\/wp-content\\\/uploads\\\/2023\\\/05\\\/logotextual1.jpg\",\"width\":516,\"height\":76,\"caption\":\"Diario Textual\"},\"image\":{\"@id\":\"https:\\\/\\\/diariotextual.com\\\/inicio\\\/#\\\/schema\\\/logo\\\/image\\\/\"},\"sameAs\":[\"https:\\\/\\\/www.facebook.com\\\/eltextual\",\"https:\\\/\\\/x.com\\\/eltextual\",\"http:\\\/\\\/www.instagram.com\\\/eltextual\"]},{\"@type\":\"Person\",\"@id\":\"https:\\\/\\\/diariotextual.com\\\/inicio\\\/#\\\/schema\\\/person\\\/a1b6f563e0ee944c60f98119389a4d9f\",\"name\":\"diario3\",\"image\":{\"@type\":\"ImageObject\",\"inLanguage\":\"es\",\"@id\":\"https:\\\/\\\/secure.gravatar.com\\\/avatar\\\/5e7ee62c82fc04d9dd79d746a390d93c69c43223e5faeeb3ea9461ef752bfc5d?s=96&d=mm&r=g\",\"url\":\"https:\\\/\\\/secure.gravatar.com\\\/avatar\\\/5e7ee62c82fc04d9dd79d746a390d93c69c43223e5faeeb3ea9461ef752bfc5d?s=96&d=mm&r=g\",\"contentUrl\":\"https:\\\/\\\/secure.gravatar.com\\\/avatar\\\/5e7ee62c82fc04d9dd79d746a390d93c69c43223e5faeeb3ea9461ef752bfc5d?s=96&d=mm&r=g\",\"caption\":\"diario3\"},\"url\":\"https:\\\/\\\/diariotextual.com\\\/inicio\\\/index.php\\\/author\\\/diario3\\\/\"}]}<\/script>\n<!-- \/ Yoast SEO plugin. -->","yoast_head_json":{"title":"Combustibles: habr\u00eda dos aumentos hasta el 10 de diciembre - Diario Textual","robots":{"index":"index","follow":"follow","max-snippet":"max-snippet:-1","max-image-preview":"max-image-preview:large","max-video-preview":"max-video-preview:-1"},"canonical":"https:\/\/diariotextual.com\/inicio\/index.php\/2019\/11\/12\/combustibles-habria-dos-aumentos-10-diciembre\/","og_locale":"es_ES","og_type":"article","og_title":"Combustibles: habr\u00eda dos aumentos hasta el 10 de diciembre - Diario Textual","og_description":"Este jueves llega a su fin el congelamiento de precios de combustibles decretado por el presidente Mauricio Macri el 16 de agosto. Es por eso que desde el sector esperan&hellip;","og_url":"https:\/\/diariotextual.com\/inicio\/index.php\/2019\/11\/12\/combustibles-habria-dos-aumentos-10-diciembre\/","og_site_name":"Diario Textual","article_publisher":"https:\/\/www.facebook.com\/eltextual","article_published_time":"2019-11-12T20:50:34+00:00","article_modified_time":"2019-11-12T23:25:45+00:00","og_image":[{"width":752,"height":447,"url":"https:\/\/diariotextual.com\/inicio\/wp-content\/uploads\/2018\/09\/ventanaftacontarjeta.jpg","type":"image\/jpeg"}],"author":"diario3","twitter_card":"summary_large_image","twitter_creator":"@eltextual","twitter_site":"@eltextual","twitter_misc":{"Escrito por":"diario3","Tiempo de lectura":"3 minutos"},"schema":{"@context":"https:\/\/schema.org","@graph":[{"@type":"Article","@id":"https:\/\/diariotextual.com\/inicio\/index.php\/2019\/11\/12\/combustibles-habria-dos-aumentos-10-diciembre\/#article","isPartOf":{"@id":"https:\/\/diariotextual.com\/inicio\/index.php\/2019\/11\/12\/combustibles-habria-dos-aumentos-10-diciembre\/"},"author":{"name":"diario3","@id":"https:\/\/diariotextual.com\/inicio\/#\/schema\/person\/a1b6f563e0ee944c60f98119389a4d9f"},"headline":"Combustibles: habr\u00eda dos aumentos hasta el 10 de diciembre","datePublished":"2019-11-12T20:50:34+00:00","dateModified":"2019-11-12T23:25:45+00:00","mainEntityOfPage":{"@id":"https:\/\/diariotextual.com\/inicio\/index.php\/2019\/11\/12\/combustibles-habria-dos-aumentos-10-diciembre\/"},"wordCount":540,"publisher":{"@id":"https:\/\/diariotextual.com\/inicio\/#organization"},"image":{"@id":"https:\/\/diariotextual.com\/inicio\/index.php\/2019\/11\/12\/combustibles-habria-dos-aumentos-10-diciembre\/#primaryimage"},"thumbnailUrl":"https:\/\/diariotextual.com\/inicio\/wp-content\/uploads\/2018\/09\/ventanaftacontarjeta.jpg","articleSection":["A - QUE PASA (al costado)","ECONOMIA"],"inLanguage":"es"},{"@type":"WebPage","@id":"https:\/\/diariotextual.com\/inicio\/index.php\/2019\/11\/12\/combustibles-habria-dos-aumentos-10-diciembre\/","url":"https:\/\/diariotextual.com\/inicio\/index.php\/2019\/11\/12\/combustibles-habria-dos-aumentos-10-diciembre\/","name":"Combustibles: habr\u00eda dos aumentos hasta el 10 de diciembre - Diario Textual","isPartOf":{"@id":"https:\/\/diariotextual.com\/inicio\/#website"},"primaryImageOfPage":{"@id":"https:\/\/diariotextual.com\/inicio\/index.php\/2019\/11\/12\/combustibles-habria-dos-aumentos-10-diciembre\/#primaryimage"},"image":{"@id":"https:\/\/diariotextual.com\/inicio\/index.php\/2019\/11\/12\/combustibles-habria-dos-aumentos-10-diciembre\/#primaryimage"},"thumbnailUrl":"https:\/\/diariotextual.com\/inicio\/wp-content\/uploads\/2018\/09\/ventanaftacontarjeta.jpg","datePublished":"2019-11-12T20:50:34+00:00","dateModified":"2019-11-12T23:25:45+00:00","breadcrumb":{"@id":"https:\/\/diariotextual.com\/inicio\/index.php\/2019\/11\/12\/combustibles-habria-dos-aumentos-10-diciembre\/#breadcrumb"},"inLanguage":"es","potentialAction":[{"@type":"ReadAction","target":["https:\/\/diariotextual.com\/inicio\/index.php\/2019\/11\/12\/combustibles-habria-dos-aumentos-10-diciembre\/"]}]},{"@type":"ImageObject","inLanguage":"es","@id":"https:\/\/diariotextual.com\/inicio\/index.php\/2019\/11\/12\/combustibles-habria-dos-aumentos-10-diciembre\/#primaryimage","url":"https:\/\/diariotextual.com\/inicio\/wp-content\/uploads\/2018\/09\/ventanaftacontarjeta.jpg","contentUrl":"https:\/\/diariotextual.com\/inicio\/wp-content\/uploads\/2018\/09\/ventanaftacontarjeta.jpg","width":752,"height":447},{"@type":"BreadcrumbList","@id":"https:\/\/diariotextual.com\/inicio\/index.php\/2019\/11\/12\/combustibles-habria-dos-aumentos-10-diciembre\/#breadcrumb","itemListElement":[{"@type":"ListItem","position":1,"name":"Portada","item":"https:\/\/diariotextual.com\/inicio\/"},{"@type":"ListItem","position":2,"name":"Combustibles: habr\u00eda dos aumentos hasta el 10 de diciembre"}]},{"@type":"WebSite","@id":"https:\/\/diariotextual.com\/inicio\/#website","url":"https:\/\/diariotextual.com\/inicio\/","name":"Diario Textual","description":"","publisher":{"@id":"https:\/\/diariotextual.com\/inicio\/#organization"},"potentialAction":[{"@type":"SearchAction","target":{"@type":"EntryPoint","urlTemplate":"https:\/\/diariotextual.com\/inicio\/?s={search_term_string}"},"query-input":{"@type":"PropertyValueSpecification","valueRequired":true,"valueName":"search_term_string"}}],"inLanguage":"es"},{"@type":"Organization","@id":"https:\/\/diariotextual.com\/inicio\/#organization","name":"Diario Textual","url":"https:\/\/diariotextual.com\/inicio\/","logo":{"@type":"ImageObject","inLanguage":"es","@id":"https:\/\/diariotextual.com\/inicio\/#\/schema\/logo\/image\/","url":"https:\/\/diariotextual.com\/inicio\/wp-content\/uploads\/2023\/05\/logotextual1.jpg","contentUrl":"https:\/\/diariotextual.com\/inicio\/wp-content\/uploads\/2023\/05\/logotextual1.jpg","width":516,"height":76,"caption":"Diario Textual"},"image":{"@id":"https:\/\/diariotextual.com\/inicio\/#\/schema\/logo\/image\/"},"sameAs":["https:\/\/www.facebook.com\/eltextual","https:\/\/x.com\/eltextual","http:\/\/www.instagram.com\/eltextual"]},{"@type":"Person","@id":"https:\/\/diariotextual.com\/inicio\/#\/schema\/person\/a1b6f563e0ee944c60f98119389a4d9f","name":"diario3","image":{"@type":"ImageObject","inLanguage":"es","@id":"https:\/\/secure.gravatar.com\/avatar\/5e7ee62c82fc04d9dd79d746a390d93c69c43223e5faeeb3ea9461ef752bfc5d?s=96&d=mm&r=g","url":"https:\/\/secure.gravatar.com\/avatar\/5e7ee62c82fc04d9dd79d746a390d93c69c43223e5faeeb3ea9461ef752bfc5d?s=96&d=mm&r=g","contentUrl":"https:\/\/secure.gravatar.com\/avatar\/5e7ee62c82fc04d9dd79d746a390d93c69c43223e5faeeb3ea9461ef752bfc5d?s=96&d=mm&r=g","caption":"diario3"},"url":"https:\/\/diariotextual.com\/inicio\/index.php\/author\/diario3\/"}]}},"_links":{"self":[{"href":"https:\/\/diariotextual.com\/inicio\/index.php\/wp-json\/wp\/v2\/posts\/69591","targetHints":{"allow":["GET"]}}],"collection":[{"href":"https:\/\/diariotextual.com\/inicio\/index.php\/wp-json\/wp\/v2\/posts"}],"about":[{"href":"https:\/\/diariotextual.com\/inicio\/index.php\/wp-json\/wp\/v2\/types\/post"}],"author":[{"embeddable":true,"href":"https:\/\/diariotextual.com\/inicio\/index.php\/wp-json\/wp\/v2\/users\/5"}],"replies":[{"embeddable":true,"href":"https:\/\/diariotextual.com\/inicio\/index.php\/wp-json\/wp\/v2\/comments?post=69591"}],"version-history":[{"count":1,"href":"https:\/\/diariotextual.com\/inicio\/index.php\/wp-json\/wp\/v2\/posts\/69591\/revisions"}],"predecessor-version":[{"id":69592,"href":"https:\/\/diariotextual.com\/inicio\/index.php\/wp-json\/wp\/v2\/posts\/69591\/revisions\/69592"}],"wp:featuredmedia":[{"embeddable":true,"href":"https:\/\/diariotextual.com\/inicio\/index.php\/wp-json\/wp\/v2\/media\/20815"}],"wp:attachment":[{"href":"https:\/\/diariotextual.com\/inicio\/index.php\/wp-json\/wp\/v2\/media?parent=69591"}],"wp:term":[{"taxonomy":"category","embeddable":true,"href":"https:\/\/diariotextual.com\/inicio\/index.php\/wp-json\/wp\/v2\/categories?post=69591"},{"taxonomy":"post_tag","embeddable":true,"href":"https:\/\/diariotextual.com\/inicio\/index.php\/wp-json\/wp\/v2\/tags?post=69591"}],"curies":[{"name":"wp","href":"https:\/\/api.w.org\/{rel}","templated":true}]}}