{"id":69743,"date":"2019-11-13T18:01:47","date_gmt":"2019-11-13T21:01:47","guid":{"rendered":"http:\/\/diariotextual.com\/inicio\/?p=69743"},"modified":"2019-11-13T18:01:47","modified_gmt":"2019-11-13T21:01:47","slug":"fernandez-le-pidio-macri-no-reconozca-la-asuncion-anez","status":"publish","type":"post","link":"https:\/\/diariotextual.com\/inicio\/index.php\/2019\/11\/13\/fernandez-le-pidio-macri-no-reconozca-la-asuncion-anez\/","title":{"rendered":"Fern\u00e1ndez le pidi\u00f3 a Macri que no reconozca la asunci\u00f3n de \u00c1\u00f1ez"},"content":{"rendered":"<p>El presidente electo <strong>Alberto Fern\u00e1ndez le pidi\u00f3 hoy al Gobierno Nacional que \u201cno reconozca el resultado del Golpe de Estado\u201d en Bolivia<\/strong>, ante la asunci\u00f3n de la senadora Jeanine \u00c1\u00f1ez como presidenta interina de Bolivia tras la salida de Evo Morales, luego de una intimaci\u00f3n militar.<\/p>\n<p><!--more--><\/p>\n<p>El mandatario electo <strong>cuestion\u00f3 la postura del canciller Jorge Faurie: \u201cTuvo muchas dificultades para ver lo obvio\u201d.<\/strong><\/p>\n<p><strong>Argentina, a diferencia de las manifestaciones p\u00fablicas de funcionarios de Estados Unidos y Brasil, no reconocer\u00e1 a \u00c1\u00f1ez, seg\u00fan confirmaron a Infobae fuentes de Canciller\u00eda<\/strong>: \u00abNo vamos a pronunciarnos por el momento; entendemos que es la m\u00e1xima autoridad del Senado pero no hay elementos suficientes para reconocerla como presidenta, es algo que estamos estudiando\u201d.<\/p>\n<p>La crisis de Bolivia pas\u00f3 a ocupar un lugar central en la agenda pol\u00edtica de la Argentina. Ayer, antes de la asunci\u00f3n de \u00c1\u00f1ez como presidenta interina en una sesi\u00f3n del Congreso sin qu\u00f3rum, que no cont\u00f3 con la presencia de los congresistas del MAS, <strong>Macri repudi\u00f3 la violencia en las calles del pa\u00eds vecino, evit\u00f3 calificar el proceso como un \u201cgolpe de Estado\u00bb y pidi\u00f3 elecciones libres y justas.<\/strong><\/p>\n<p>&nbsp;<\/p>\n<p><strong>Congreso<\/strong><\/p>\n<p>Esta es la <strong>postura oficial del Gobierno Nacional, que se ver\u00e1 reflejada durante la sesi\u00f3n especial que se desarrollar\u00e1 durante la tarde de hoy en el Congreso<\/strong>, donde el oficialismo consensu\u00f3 un discurso para las discusiones en Diputados y el Senado con referencias al \u201cquiebre del orden institucional\u201d y cuestionamientos a la falta de transparencia en las elecciones bolivianas.<\/p>\n<p>\u201cEs verdad que el Tribunal Constitucional reconoci\u00f3 a \u00c1\u00f1ez como presidenta provisional en base a jurisprudencia de 2001, y eso lo contemplaron pa\u00edses como Brasil para pronunciarse. Eso hay que estudiarlo\u201d, revel\u00f3 la misma fuente a Infobae.<\/p>\n<p>Los<strong> gobiernos de Donald Trump y Jair Bolsonaro, en tanto, s\u00ed reconocieron la presidencia provisoria de \u00c1\u00f1ez<\/strong>. \u201cLa presidenta en funciones del Senado ha asumido las responsabilidades de presidenta interina de Bolivia\u201d, declar\u00f3 en las redes sociales el encargado de Latinoam\u00e9rica en el Departamento de Estado, Michael Kozak.<\/p>\n<p>Por su lado, el canciller de Brasil Ernesto Ara\u00fajo indic\u00f3 que la senadora boliviana opositora asumi\u00f3 \u201clegalmente\u201d como mandataria interina y se est\u00e1 cumpliendo la Constituci\u00f3n en Bolivia.<\/p>\n<p>Asilado en M\u00e9xico, <strong>Evo Morales consider\u00f3 que con la proclamaci\u00f3n de una presidencia interina \u201cse ha consumado el golpe m\u00e1s artero y nefasto de la historia\u201d<\/strong>. Adem\u00e1s, denunci\u00f3 \u201cante la comunidad internacional\u201d que el acto de autoproclamaci\u00f3n de una senadora como presidente \u00abviola la CPE (Constituci\u00f3n Pol\u00edtica del Estado) de Bolivia y normas internas de la Asamblea Legislativa. Se consuma sobre la sangre de hermanos asesinados por fuerzas policiales y militares usadas para el golpe\u201d.<\/p>\n<p>En las \u00faltimas horas tambi\u00e9n se expres\u00f3 la expresidenta \u2013y actual vicepresidenta electa\u2013 Cristina Kirchner, que se encuentra en Cuba, junto a su hija Florencia: \u201cSe ha instalado una nueva moda en Latinoam\u00e9rica: parece que a los Presidentes ya no los eligen los pueblos&#8230; Ahora, se autoproclaman con gran patrocinio medi\u00e1tico e inmediato reconocimiento de ya sabemos qui\u00e9n. Lo curioso, adem\u00e1s, es que dicen hacerlo en nombre de la democracia\u201d.<\/p>\n","protected":false},"excerpt":{"rendered":"<p>El presidente electo Alberto Fern\u00e1ndez le pidi\u00f3 hoy al Gobierno Nacional que \u201cno reconozca el resultado del Golpe de Estado\u201d en Bolivia, ante la asunci\u00f3n de la senadora Jeanine \u00c1\u00f1ez&hellip;<\/p>\n","protected":false},"author":5,"featured_media":67690,"comment_status":"closed","ping_status":"open","sticky":false,"template":"","format":"standard","meta":{"_acf_changed":false,"footnotes":""},"categories":[4,8],"tags":[],"class_list":["post-69743","post","type-post","status-publish","format-standard","has-post-thumbnail","hentry","category-destacadas","category-politica"],"acf":[],"yoast_head":"<!-- This site is optimized with the Yoast SEO plugin v27.5 - https:\/\/yoast.com\/product\/yoast-seo-wordpress\/ -->\n<title>Fern\u00e1ndez le pidi\u00f3 a Macri que no reconozca la asunci\u00f3n de \u00c1\u00f1ez - Diario Textual<\/title>\n<meta name=\"robots\" content=\"index, follow, max-snippet:-1, max-image-preview:large, max-video-preview:-1\" \/>\n<link rel=\"canonical\" href=\"https:\/\/diariotextual.com\/inicio\/index.php\/2019\/11\/13\/fernandez-le-pidio-macri-no-reconozca-la-asuncion-anez\/\" \/>\n<meta property=\"og:locale\" content=\"es_ES\" \/>\n<meta property=\"og:type\" content=\"article\" \/>\n<meta property=\"og:title\" content=\"Fern\u00e1ndez le pidi\u00f3 a Macri que no reconozca la asunci\u00f3n de \u00c1\u00f1ez - Diario Textual\" \/>\n<meta property=\"og:description\" content=\"El presidente electo Alberto Fern\u00e1ndez le pidi\u00f3 hoy al Gobierno Nacional que \u201cno reconozca el resultado del Golpe de Estado\u201d en Bolivia, ante la asunci\u00f3n de la senadora Jeanine \u00c1\u00f1ez&hellip;\" \/>\n<meta property=\"og:url\" content=\"https:\/\/diariotextual.com\/inicio\/index.php\/2019\/11\/13\/fernandez-le-pidio-macri-no-reconozca-la-asuncion-anez\/\" \/>\n<meta property=\"og:site_name\" content=\"Diario Textual\" \/>\n<meta property=\"article:publisher\" content=\"https:\/\/www.facebook.com\/eltextual\" \/>\n<meta property=\"article:published_time\" content=\"2019-11-13T21:01:47+00:00\" \/>\n<meta property=\"og:image\" content=\"https:\/\/diariotextual.com\/inicio\/wp-content\/uploads\/2019\/10\/macrialbertofernandez2019-00.jpeg\" \/>\n\t<meta property=\"og:image:width\" content=\"1024\" \/>\n\t<meta property=\"og:image:height\" content=\"746\" \/>\n\t<meta property=\"og:image:type\" content=\"image\/jpeg\" \/>\n<meta name=\"author\" content=\"diario3\" \/>\n<meta name=\"twitter:card\" content=\"summary_large_image\" \/>\n<meta name=\"twitter:creator\" content=\"@eltextual\" \/>\n<meta name=\"twitter:site\" content=\"@eltextual\" \/>\n<meta name=\"twitter:label1\" content=\"Escrito por\" \/>\n\t<meta name=\"twitter:data1\" content=\"diario3\" \/>\n\t<meta name=\"twitter:label2\" content=\"Tiempo de lectura\" \/>\n\t<meta name=\"twitter:data2\" content=\"3 minutos\" \/>\n<script type=\"application\/ld+json\" class=\"yoast-schema-graph\">{\"@context\":\"https:\\\/\\\/schema.org\",\"@graph\":[{\"@type\":\"Article\",\"@id\":\"https:\\\/\\\/diariotextual.com\\\/inicio\\\/index.php\\\/2019\\\/11\\\/13\\\/fernandez-le-pidio-macri-no-reconozca-la-asuncion-anez\\\/#article\",\"isPartOf\":{\"@id\":\"https:\\\/\\\/diariotextual.com\\\/inicio\\\/index.php\\\/2019\\\/11\\\/13\\\/fernandez-le-pidio-macri-no-reconozca-la-asuncion-anez\\\/\"},\"author\":{\"name\":\"diario3\",\"@id\":\"https:\\\/\\\/diariotextual.com\\\/inicio\\\/#\\\/schema\\\/person\\\/a1b6f563e0ee944c60f98119389a4d9f\"},\"headline\":\"Fern\u00e1ndez le pidi\u00f3 a Macri que no reconozca la asunci\u00f3n de \u00c1\u00f1ez\",\"datePublished\":\"2019-11-13T21:01:47+00:00\",\"mainEntityOfPage\":{\"@id\":\"https:\\\/\\\/diariotextual.com\\\/inicio\\\/index.php\\\/2019\\\/11\\\/13\\\/fernandez-le-pidio-macri-no-reconozca-la-asuncion-anez\\\/\"},\"wordCount\":548,\"publisher\":{\"@id\":\"https:\\\/\\\/diariotextual.com\\\/inicio\\\/#organization\"},\"image\":{\"@id\":\"https:\\\/\\\/diariotextual.com\\\/inicio\\\/index.php\\\/2019\\\/11\\\/13\\\/fernandez-le-pidio-macri-no-reconozca-la-asuncion-anez\\\/#primaryimage\"},\"thumbnailUrl\":\"https:\\\/\\\/diariotextual.com\\\/inicio\\\/wp-content\\\/uploads\\\/2019\\\/10\\\/macrialbertofernandez2019-00.jpeg\",\"articleSection\":[\"A - DESTACADAS (mod 16)\",\"POLITICA\"],\"inLanguage\":\"es\"},{\"@type\":\"WebPage\",\"@id\":\"https:\\\/\\\/diariotextual.com\\\/inicio\\\/index.php\\\/2019\\\/11\\\/13\\\/fernandez-le-pidio-macri-no-reconozca-la-asuncion-anez\\\/\",\"url\":\"https:\\\/\\\/diariotextual.com\\\/inicio\\\/index.php\\\/2019\\\/11\\\/13\\\/fernandez-le-pidio-macri-no-reconozca-la-asuncion-anez\\\/\",\"name\":\"Fern\u00e1ndez le pidi\u00f3 a Macri que no reconozca la asunci\u00f3n de \u00c1\u00f1ez - Diario Textual\",\"isPartOf\":{\"@id\":\"https:\\\/\\\/diariotextual.com\\\/inicio\\\/#website\"},\"primaryImageOfPage\":{\"@id\":\"https:\\\/\\\/diariotextual.com\\\/inicio\\\/index.php\\\/2019\\\/11\\\/13\\\/fernandez-le-pidio-macri-no-reconozca-la-asuncion-anez\\\/#primaryimage\"},\"image\":{\"@id\":\"https:\\\/\\\/diariotextual.com\\\/inicio\\\/index.php\\\/2019\\\/11\\\/13\\\/fernandez-le-pidio-macri-no-reconozca-la-asuncion-anez\\\/#primaryimage\"},\"thumbnailUrl\":\"https:\\\/\\\/diariotextual.com\\\/inicio\\\/wp-content\\\/uploads\\\/2019\\\/10\\\/macrialbertofernandez2019-00.jpeg\",\"datePublished\":\"2019-11-13T21:01:47+00:00\",\"breadcrumb\":{\"@id\":\"https:\\\/\\\/diariotextual.com\\\/inicio\\\/index.php\\\/2019\\\/11\\\/13\\\/fernandez-le-pidio-macri-no-reconozca-la-asuncion-anez\\\/#breadcrumb\"},\"inLanguage\":\"es\",\"potentialAction\":[{\"@type\":\"ReadAction\",\"target\":[\"https:\\\/\\\/diariotextual.com\\\/inicio\\\/index.php\\\/2019\\\/11\\\/13\\\/fernandez-le-pidio-macri-no-reconozca-la-asuncion-anez\\\/\"]}]},{\"@type\":\"ImageObject\",\"inLanguage\":\"es\",\"@id\":\"https:\\\/\\\/diariotextual.com\\\/inicio\\\/index.php\\\/2019\\\/11\\\/13\\\/fernandez-le-pidio-macri-no-reconozca-la-asuncion-anez\\\/#primaryimage\",\"url\":\"https:\\\/\\\/diariotextual.com\\\/inicio\\\/wp-content\\\/uploads\\\/2019\\\/10\\\/macrialbertofernandez2019-00.jpeg\",\"contentUrl\":\"https:\\\/\\\/diariotextual.com\\\/inicio\\\/wp-content\\\/uploads\\\/2019\\\/10\\\/macrialbertofernandez2019-00.jpeg\",\"width\":1024,\"height\":746},{\"@type\":\"BreadcrumbList\",\"@id\":\"https:\\\/\\\/diariotextual.com\\\/inicio\\\/index.php\\\/2019\\\/11\\\/13\\\/fernandez-le-pidio-macri-no-reconozca-la-asuncion-anez\\\/#breadcrumb\",\"itemListElement\":[{\"@type\":\"ListItem\",\"position\":1,\"name\":\"Portada\",\"item\":\"https:\\\/\\\/diariotextual.com\\\/inicio\\\/\"},{\"@type\":\"ListItem\",\"position\":2,\"name\":\"Fern\u00e1ndez le pidi\u00f3 a Macri que no reconozca la asunci\u00f3n de \u00c1\u00f1ez\"}]},{\"@type\":\"WebSite\",\"@id\":\"https:\\\/\\\/diariotextual.com\\\/inicio\\\/#website\",\"url\":\"https:\\\/\\\/diariotextual.com\\\/inicio\\\/\",\"name\":\"Diario Textual\",\"description\":\"\",\"publisher\":{\"@id\":\"https:\\\/\\\/diariotextual.com\\\/inicio\\\/#organization\"},\"potentialAction\":[{\"@type\":\"SearchAction\",\"target\":{\"@type\":\"EntryPoint\",\"urlTemplate\":\"https:\\\/\\\/diariotextual.com\\\/inicio\\\/?s={search_term_string}\"},\"query-input\":{\"@type\":\"PropertyValueSpecification\",\"valueRequired\":true,\"valueName\":\"search_term_string\"}}],\"inLanguage\":\"es\"},{\"@type\":\"Organization\",\"@id\":\"https:\\\/\\\/diariotextual.com\\\/inicio\\\/#organization\",\"name\":\"Diario Textual\",\"url\":\"https:\\\/\\\/diariotextual.com\\\/inicio\\\/\",\"logo\":{\"@type\":\"ImageObject\",\"inLanguage\":\"es\",\"@id\":\"https:\\\/\\\/diariotextual.com\\\/inicio\\\/#\\\/schema\\\/logo\\\/image\\\/\",\"url\":\"https:\\\/\\\/diariotextual.com\\\/inicio\\\/wp-content\\\/uploads\\\/2023\\\/05\\\/logotextual1.jpg\",\"contentUrl\":\"https:\\\/\\\/diariotextual.com\\\/inicio\\\/wp-content\\\/uploads\\\/2023\\\/05\\\/logotextual1.jpg\",\"width\":516,\"height\":76,\"caption\":\"Diario Textual\"},\"image\":{\"@id\":\"https:\\\/\\\/diariotextual.com\\\/inicio\\\/#\\\/schema\\\/logo\\\/image\\\/\"},\"sameAs\":[\"https:\\\/\\\/www.facebook.com\\\/eltextual\",\"https:\\\/\\\/x.com\\\/eltextual\",\"http:\\\/\\\/www.instagram.com\\\/eltextual\"]},{\"@type\":\"Person\",\"@id\":\"https:\\\/\\\/diariotextual.com\\\/inicio\\\/#\\\/schema\\\/person\\\/a1b6f563e0ee944c60f98119389a4d9f\",\"name\":\"diario3\",\"image\":{\"@type\":\"ImageObject\",\"inLanguage\":\"es\",\"@id\":\"https:\\\/\\\/secure.gravatar.com\\\/avatar\\\/5e7ee62c82fc04d9dd79d746a390d93c69c43223e5faeeb3ea9461ef752bfc5d?s=96&d=mm&r=g\",\"url\":\"https:\\\/\\\/secure.gravatar.com\\\/avatar\\\/5e7ee62c82fc04d9dd79d746a390d93c69c43223e5faeeb3ea9461ef752bfc5d?s=96&d=mm&r=g\",\"contentUrl\":\"https:\\\/\\\/secure.gravatar.com\\\/avatar\\\/5e7ee62c82fc04d9dd79d746a390d93c69c43223e5faeeb3ea9461ef752bfc5d?s=96&d=mm&r=g\",\"caption\":\"diario3\"},\"url\":\"https:\\\/\\\/diariotextual.com\\\/inicio\\\/index.php\\\/author\\\/diario3\\\/\"}]}<\/script>\n<!-- \/ Yoast SEO plugin. -->","yoast_head_json":{"title":"Fern\u00e1ndez le pidi\u00f3 a Macri que no reconozca la asunci\u00f3n de \u00c1\u00f1ez - Diario Textual","robots":{"index":"index","follow":"follow","max-snippet":"max-snippet:-1","max-image-preview":"max-image-preview:large","max-video-preview":"max-video-preview:-1"},"canonical":"https:\/\/diariotextual.com\/inicio\/index.php\/2019\/11\/13\/fernandez-le-pidio-macri-no-reconozca-la-asuncion-anez\/","og_locale":"es_ES","og_type":"article","og_title":"Fern\u00e1ndez le pidi\u00f3 a Macri que no reconozca la asunci\u00f3n de \u00c1\u00f1ez - Diario Textual","og_description":"El presidente electo Alberto Fern\u00e1ndez le pidi\u00f3 hoy al Gobierno Nacional que \u201cno reconozca el resultado del Golpe de Estado\u201d en Bolivia, ante la asunci\u00f3n de la senadora Jeanine \u00c1\u00f1ez&hellip;","og_url":"https:\/\/diariotextual.com\/inicio\/index.php\/2019\/11\/13\/fernandez-le-pidio-macri-no-reconozca-la-asuncion-anez\/","og_site_name":"Diario Textual","article_publisher":"https:\/\/www.facebook.com\/eltextual","article_published_time":"2019-11-13T21:01:47+00:00","og_image":[{"width":1024,"height":746,"url":"https:\/\/diariotextual.com\/inicio\/wp-content\/uploads\/2019\/10\/macrialbertofernandez2019-00.jpeg","type":"image\/jpeg"}],"author":"diario3","twitter_card":"summary_large_image","twitter_creator":"@eltextual","twitter_site":"@eltextual","twitter_misc":{"Escrito por":"diario3","Tiempo de lectura":"3 minutos"},"schema":{"@context":"https:\/\/schema.org","@graph":[{"@type":"Article","@id":"https:\/\/diariotextual.com\/inicio\/index.php\/2019\/11\/13\/fernandez-le-pidio-macri-no-reconozca-la-asuncion-anez\/#article","isPartOf":{"@id":"https:\/\/diariotextual.com\/inicio\/index.php\/2019\/11\/13\/fernandez-le-pidio-macri-no-reconozca-la-asuncion-anez\/"},"author":{"name":"diario3","@id":"https:\/\/diariotextual.com\/inicio\/#\/schema\/person\/a1b6f563e0ee944c60f98119389a4d9f"},"headline":"Fern\u00e1ndez le pidi\u00f3 a Macri que no reconozca la asunci\u00f3n de \u00c1\u00f1ez","datePublished":"2019-11-13T21:01:47+00:00","mainEntityOfPage":{"@id":"https:\/\/diariotextual.com\/inicio\/index.php\/2019\/11\/13\/fernandez-le-pidio-macri-no-reconozca-la-asuncion-anez\/"},"wordCount":548,"publisher":{"@id":"https:\/\/diariotextual.com\/inicio\/#organization"},"image":{"@id":"https:\/\/diariotextual.com\/inicio\/index.php\/2019\/11\/13\/fernandez-le-pidio-macri-no-reconozca-la-asuncion-anez\/#primaryimage"},"thumbnailUrl":"https:\/\/diariotextual.com\/inicio\/wp-content\/uploads\/2019\/10\/macrialbertofernandez2019-00.jpeg","articleSection":["A - DESTACADAS (mod 16)","POLITICA"],"inLanguage":"es"},{"@type":"WebPage","@id":"https:\/\/diariotextual.com\/inicio\/index.php\/2019\/11\/13\/fernandez-le-pidio-macri-no-reconozca-la-asuncion-anez\/","url":"https:\/\/diariotextual.com\/inicio\/index.php\/2019\/11\/13\/fernandez-le-pidio-macri-no-reconozca-la-asuncion-anez\/","name":"Fern\u00e1ndez le pidi\u00f3 a Macri que no reconozca la asunci\u00f3n de \u00c1\u00f1ez - Diario Textual","isPartOf":{"@id":"https:\/\/diariotextual.com\/inicio\/#website"},"primaryImageOfPage":{"@id":"https:\/\/diariotextual.com\/inicio\/index.php\/2019\/11\/13\/fernandez-le-pidio-macri-no-reconozca-la-asuncion-anez\/#primaryimage"},"image":{"@id":"https:\/\/diariotextual.com\/inicio\/index.php\/2019\/11\/13\/fernandez-le-pidio-macri-no-reconozca-la-asuncion-anez\/#primaryimage"},"thumbnailUrl":"https:\/\/diariotextual.com\/inicio\/wp-content\/uploads\/2019\/10\/macrialbertofernandez2019-00.jpeg","datePublished":"2019-11-13T21:01:47+00:00","breadcrumb":{"@id":"https:\/\/diariotextual.com\/inicio\/index.php\/2019\/11\/13\/fernandez-le-pidio-macri-no-reconozca-la-asuncion-anez\/#breadcrumb"},"inLanguage":"es","potentialAction":[{"@type":"ReadAction","target":["https:\/\/diariotextual.com\/inicio\/index.php\/2019\/11\/13\/fernandez-le-pidio-macri-no-reconozca-la-asuncion-anez\/"]}]},{"@type":"ImageObject","inLanguage":"es","@id":"https:\/\/diariotextual.com\/inicio\/index.php\/2019\/11\/13\/fernandez-le-pidio-macri-no-reconozca-la-asuncion-anez\/#primaryimage","url":"https:\/\/diariotextual.com\/inicio\/wp-content\/uploads\/2019\/10\/macrialbertofernandez2019-00.jpeg","contentUrl":"https:\/\/diariotextual.com\/inicio\/wp-content\/uploads\/2019\/10\/macrialbertofernandez2019-00.jpeg","width":1024,"height":746},{"@type":"BreadcrumbList","@id":"https:\/\/diariotextual.com\/inicio\/index.php\/2019\/11\/13\/fernandez-le-pidio-macri-no-reconozca-la-asuncion-anez\/#breadcrumb","itemListElement":[{"@type":"ListItem","position":1,"name":"Portada","item":"https:\/\/diariotextual.com\/inicio\/"},{"@type":"ListItem","position":2,"name":"Fern\u00e1ndez le pidi\u00f3 a Macri que no reconozca la asunci\u00f3n de \u00c1\u00f1ez"}]},{"@type":"WebSite","@id":"https:\/\/diariotextual.com\/inicio\/#website","url":"https:\/\/diariotextual.com\/inicio\/","name":"Diario Textual","description":"","publisher":{"@id":"https:\/\/diariotextual.com\/inicio\/#organization"},"potentialAction":[{"@type":"SearchAction","target":{"@type":"EntryPoint","urlTemplate":"https:\/\/diariotextual.com\/inicio\/?s={search_term_string}"},"query-input":{"@type":"PropertyValueSpecification","valueRequired":true,"valueName":"search_term_string"}}],"inLanguage":"es"},{"@type":"Organization","@id":"https:\/\/diariotextual.com\/inicio\/#organization","name":"Diario Textual","url":"https:\/\/diariotextual.com\/inicio\/","logo":{"@type":"ImageObject","inLanguage":"es","@id":"https:\/\/diariotextual.com\/inicio\/#\/schema\/logo\/image\/","url":"https:\/\/diariotextual.com\/inicio\/wp-content\/uploads\/2023\/05\/logotextual1.jpg","contentUrl":"https:\/\/diariotextual.com\/inicio\/wp-content\/uploads\/2023\/05\/logotextual1.jpg","width":516,"height":76,"caption":"Diario Textual"},"image":{"@id":"https:\/\/diariotextual.com\/inicio\/#\/schema\/logo\/image\/"},"sameAs":["https:\/\/www.facebook.com\/eltextual","https:\/\/x.com\/eltextual","http:\/\/www.instagram.com\/eltextual"]},{"@type":"Person","@id":"https:\/\/diariotextual.com\/inicio\/#\/schema\/person\/a1b6f563e0ee944c60f98119389a4d9f","name":"diario3","image":{"@type":"ImageObject","inLanguage":"es","@id":"https:\/\/secure.gravatar.com\/avatar\/5e7ee62c82fc04d9dd79d746a390d93c69c43223e5faeeb3ea9461ef752bfc5d?s=96&d=mm&r=g","url":"https:\/\/secure.gravatar.com\/avatar\/5e7ee62c82fc04d9dd79d746a390d93c69c43223e5faeeb3ea9461ef752bfc5d?s=96&d=mm&r=g","contentUrl":"https:\/\/secure.gravatar.com\/avatar\/5e7ee62c82fc04d9dd79d746a390d93c69c43223e5faeeb3ea9461ef752bfc5d?s=96&d=mm&r=g","caption":"diario3"},"url":"https:\/\/diariotextual.com\/inicio\/index.php\/author\/diario3\/"}]}},"_links":{"self":[{"href":"https:\/\/diariotextual.com\/inicio\/index.php\/wp-json\/wp\/v2\/posts\/69743","targetHints":{"allow":["GET"]}}],"collection":[{"href":"https:\/\/diariotextual.com\/inicio\/index.php\/wp-json\/wp\/v2\/posts"}],"about":[{"href":"https:\/\/diariotextual.com\/inicio\/index.php\/wp-json\/wp\/v2\/types\/post"}],"author":[{"embeddable":true,"href":"https:\/\/diariotextual.com\/inicio\/index.php\/wp-json\/wp\/v2\/users\/5"}],"replies":[{"embeddable":true,"href":"https:\/\/diariotextual.com\/inicio\/index.php\/wp-json\/wp\/v2\/comments?post=69743"}],"version-history":[{"count":1,"href":"https:\/\/diariotextual.com\/inicio\/index.php\/wp-json\/wp\/v2\/posts\/69743\/revisions"}],"predecessor-version":[{"id":69744,"href":"https:\/\/diariotextual.com\/inicio\/index.php\/wp-json\/wp\/v2\/posts\/69743\/revisions\/69744"}],"wp:featuredmedia":[{"embeddable":true,"href":"https:\/\/diariotextual.com\/inicio\/index.php\/wp-json\/wp\/v2\/media\/67690"}],"wp:attachment":[{"href":"https:\/\/diariotextual.com\/inicio\/index.php\/wp-json\/wp\/v2\/media?parent=69743"}],"wp:term":[{"taxonomy":"category","embeddable":true,"href":"https:\/\/diariotextual.com\/inicio\/index.php\/wp-json\/wp\/v2\/categories?post=69743"},{"taxonomy":"post_tag","embeddable":true,"href":"https:\/\/diariotextual.com\/inicio\/index.php\/wp-json\/wp\/v2\/tags?post=69743"}],"curies":[{"name":"wp","href":"https:\/\/api.w.org\/{rel}","templated":true}]}}