{"id":69890,"date":"2019-11-14T16:51:44","date_gmt":"2019-11-14T19:51:44","guid":{"rendered":"http:\/\/diariotextual.com\/inicio\/?p=69890"},"modified":"2019-11-15T05:07:20","modified_gmt":"2019-11-15T08:07:20","slug":"la-inflacion-octubre-fue-33-acumulo-doce-meses-una-suba-505","status":"publish","type":"post","link":"https:\/\/diariotextual.com\/inicio\/index.php\/2019\/11\/14\/la-inflacion-octubre-fue-33-acumulo-doce-meses-una-suba-505\/","title":{"rendered":"La inflaci\u00f3n de octubre fue de 3,3% y acumul\u00f3 en doce meses una suba de 50,5%"},"content":{"rendered":"<p><strong>La inflaci\u00f3n de octubre alcanz\u00f3 el 3,3%<\/strong> y el acumulado de 2019 lleg\u00f3 al 42,2%, seg\u00fan inform\u00f3 este jueves el Instituto Nacional de Estad\u00edsticas y Censos (INDEC). <strong>En la regi\u00f3n pampeana, que integra La Pampa, fue del 3,4%.<\/strong><\/p>\n<p>Seg\u00fan analistas, los precios se desaceleraron en el d\u00e9cimo mes del a\u00f1o porque despu\u00e9s de remarcar con fuerza tras la devaluaci\u00f3n de agosto, los formadores de precios se quedaron con poco margen para seguir aumentando y el d\u00f3lar estuvo m\u00e1s contenido.<\/p>\n<p>La inflaci\u00f3n result\u00f3 sensiblemente inferior a la estimada por los analistas econ\u00f3micos (4,2%), seg\u00fan el Relevamiento de Expectativas de Mercado (REM) que elabora el BCRA.<\/p>\n<blockquote class=\"twitter-tweet\">\n<p dir=\"ltr\" lang=\"es\"><a href=\"https:\/\/twitter.com\/hashtag\/DatoINDEC?src=hash&amp;ref_src=twsrc%5Etfw\">#DatoINDEC<\/a><br \/>\nLos precios al consumidor (<a href=\"https:\/\/twitter.com\/hashtag\/IPC?src=hash&amp;ref_src=twsrc%5Etfw\">#IPC<\/a>) subieron 3,3% en octubre de 2019 respecto del mes previo y 50,5% interanual <a href=\"https:\/\/t.co\/G6jqwiQTpI\">https:\/\/t.co\/G6jqwiQTpI<\/a> <a href=\"https:\/\/t.co\/o5823qfbsZ\">pic.twitter.com\/o5823qfbsZ<\/a><\/p>\n<p>\u2014 INDEC Argentina (@INDECArgentina) <a href=\"https:\/\/twitter.com\/INDECArgentina\/status\/1195053907728318464?ref_src=twsrc%5Etfw\">November 14, 2019<\/a><\/p><\/blockquote>\n<p><script async src=\"https:\/\/platform.twitter.com\/widgets.js\" charset=\"utf-8\"><\/script><\/p>\n<p>La disminuci\u00f3n de la inflaci\u00f3n en octubre se vio impulsada, en gran medida, por los menores aumentos en el rubro alimentos: se incrementaron 2,5%, frente al 5,7% de septiembre.<\/p>\n<p>Por su parte, el IPC N\u00facleo subi\u00f3 3,8% (2,6 p.p. por debajo del de septiembre); los Precios Regulados aumentaron 2% (1,4 p.p. menos que en septiembre); y los \u00edtems estacionales se incrementaron 2,8%, (5,7 p.p. menos que el mes anterior).<\/p>\n<p>Hay que destacar que el costo de vida se desaceler\u00f3 levemente luego de que en septiembre se disparara al 5,9%.<\/p>\n<blockquote class=\"wp-embedded-content\" data-secret=\"Qrnn80G0R6\"><p><a href=\"http:\/\/diariotextual.com\/inicio\/index.php\/2019\/11\/14\/subieron-las-naftas-la-super-ya-supero-los-45-santa-rosa\/\">Subieron las naftas: la S\u00faper ya super\u00f3 los $45 en Santa Rosa<\/a><\/p><\/blockquote>\n<p><iframe class=\"wp-embedded-content\" sandbox=\"allow-scripts\" security=\"restricted\" style=\"position: absolute; clip: rect(1px, 1px, 1px, 1px);\" src=\"http:\/\/diariotextual.com\/inicio\/index.php\/2019\/11\/14\/subieron-las-naftas-la-super-ya-supero-los-45-santa-rosa\/embed\/#?secret=Qrnn80G0R6\" data-secret=\"Qrnn80G0R6\" width=\"600\" height=\"338\" title=\"&#171;Subieron las naftas: la S\u00faper ya super\u00f3 los $45 en Santa Rosa&#187; &#8212; Diario Textual\" frameborder=\"0\" marginwidth=\"0\" marginheight=\"0\" scrolling=\"no\"><\/iframe><\/p>\n<p>La perspectiva es otra para noviembre, ya que se not\u00f3 mayor movimiento en los precios de alimentos y bebidas, de acuerdo con las empresas que realizan monitoreo de precios.<\/p>\n<p>A eso se sumar\u00e1 el incremento previsto desde este jueves en los precios de los combustibles, ya que termina el congelamiento que hab\u00eda dispuesto el Gobierno aunque a principios de septiembre hab\u00eda habilitado un incremento del 5%.<\/p>\n<p>La desaceleraci\u00f3n de precios de octubre es entonces coyuntural ya que en noviembre se anticipa una remarcaci\u00f3n de precios en los supermercados en torno al 15% a lo que habr\u00eda que sumar los aumentos en combustibles, que repercuten sobre todo la cadena de comercializaci\u00f3n.<\/p>\n<p>&nbsp;<\/p>\n<p>&nbsp;<\/p>\n<p>&nbsp;<\/p>\n","protected":false},"excerpt":{"rendered":"<p>La inflaci\u00f3n de octubre alcanz\u00f3 el 3,3% y el acumulado de 2019 lleg\u00f3 al 42,2%, seg\u00fan inform\u00f3 este jueves el Instituto Nacional de Estad\u00edsticas y Censos (INDEC). En la regi\u00f3n&hellip;<\/p>\n","protected":false},"author":3,"featured_media":13707,"comment_status":"closed","ping_status":"open","sticky":false,"template":"","format":"standard","meta":{"_acf_changed":false,"footnotes":""},"categories":[11,5],"tags":[],"class_list":["post-69890","post","type-post","status-publish","format-standard","has-post-thumbnail","hentry","category-que-pasa","category-economia"],"acf":[],"yoast_head":"<!-- This site is optimized with the Yoast SEO plugin v27.5 - https:\/\/yoast.com\/product\/yoast-seo-wordpress\/ -->\n<title>La inflaci\u00f3n de octubre fue de 3,3% y acumul\u00f3 en doce meses una suba de 50,5% - Diario Textual<\/title>\n<meta name=\"robots\" content=\"index, follow, max-snippet:-1, max-image-preview:large, max-video-preview:-1\" \/>\n<link rel=\"canonical\" href=\"https:\/\/diariotextual.com\/inicio\/index.php\/2019\/11\/14\/la-inflacion-octubre-fue-33-acumulo-doce-meses-una-suba-505\/\" \/>\n<meta property=\"og:locale\" content=\"es_ES\" \/>\n<meta property=\"og:type\" content=\"article\" \/>\n<meta property=\"og:title\" content=\"La inflaci\u00f3n de octubre fue de 3,3% y acumul\u00f3 en doce meses una suba de 50,5% - Diario Textual\" \/>\n<meta property=\"og:description\" content=\"La inflaci\u00f3n de octubre alcanz\u00f3 el 3,3% y el acumulado de 2019 lleg\u00f3 al 42,2%, seg\u00fan inform\u00f3 este jueves el Instituto Nacional de Estad\u00edsticas y Censos (INDEC). En la regi\u00f3n&hellip;\" \/>\n<meta property=\"og:url\" content=\"https:\/\/diariotextual.com\/inicio\/index.php\/2019\/11\/14\/la-inflacion-octubre-fue-33-acumulo-doce-meses-una-suba-505\/\" \/>\n<meta property=\"og:site_name\" content=\"Diario Textual\" \/>\n<meta property=\"article:publisher\" content=\"https:\/\/www.facebook.com\/eltextual\" \/>\n<meta property=\"article:published_time\" content=\"2019-11-14T19:51:44+00:00\" \/>\n<meta property=\"article:modified_time\" content=\"2019-11-15T08:07:20+00:00\" \/>\n<meta property=\"og:image\" content=\"https:\/\/diariotextual.com\/inicio\/wp-content\/uploads\/2018\/07\/supermercadochango.jpg\" \/>\n\t<meta property=\"og:image:width\" content=\"645\" \/>\n\t<meta property=\"og:image:height\" content=\"430\" \/>\n\t<meta property=\"og:image:type\" content=\"image\/jpeg\" \/>\n<meta name=\"author\" content=\"Diario1 Diario1\" \/>\n<meta name=\"twitter:card\" content=\"summary_large_image\" \/>\n<meta name=\"twitter:creator\" content=\"@eltextual\" \/>\n<meta name=\"twitter:site\" content=\"@eltextual\" \/>\n<meta name=\"twitter:label1\" content=\"Escrito por\" \/>\n\t<meta name=\"twitter:data1\" content=\"Diario1 Diario1\" \/>\n\t<meta name=\"twitter:label2\" content=\"Tiempo de lectura\" \/>\n\t<meta name=\"twitter:data2\" content=\"2 minutos\" \/>\n<script type=\"application\/ld+json\" class=\"yoast-schema-graph\">{\"@context\":\"https:\\\/\\\/schema.org\",\"@graph\":[{\"@type\":\"Article\",\"@id\":\"https:\\\/\\\/diariotextual.com\\\/inicio\\\/index.php\\\/2019\\\/11\\\/14\\\/la-inflacion-octubre-fue-33-acumulo-doce-meses-una-suba-505\\\/#article\",\"isPartOf\":{\"@id\":\"https:\\\/\\\/diariotextual.com\\\/inicio\\\/index.php\\\/2019\\\/11\\\/14\\\/la-inflacion-octubre-fue-33-acumulo-doce-meses-una-suba-505\\\/\"},\"author\":{\"name\":\"Diario1 Diario1\",\"@id\":\"https:\\\/\\\/diariotextual.com\\\/inicio\\\/#\\\/schema\\\/person\\\/418fc4093c33e86ed41562db3508f958\"},\"headline\":\"La inflaci\u00f3n de octubre fue de 3,3% y acumul\u00f3 en doce meses una suba de 50,5%\",\"datePublished\":\"2019-11-14T19:51:44+00:00\",\"dateModified\":\"2019-11-15T08:07:20+00:00\",\"mainEntityOfPage\":{\"@id\":\"https:\\\/\\\/diariotextual.com\\\/inicio\\\/index.php\\\/2019\\\/11\\\/14\\\/la-inflacion-octubre-fue-33-acumulo-doce-meses-una-suba-505\\\/\"},\"wordCount\":369,\"publisher\":{\"@id\":\"https:\\\/\\\/diariotextual.com\\\/inicio\\\/#organization\"},\"image\":{\"@id\":\"https:\\\/\\\/diariotextual.com\\\/inicio\\\/index.php\\\/2019\\\/11\\\/14\\\/la-inflacion-octubre-fue-33-acumulo-doce-meses-una-suba-505\\\/#primaryimage\"},\"thumbnailUrl\":\"https:\\\/\\\/diariotextual.com\\\/inicio\\\/wp-content\\\/uploads\\\/2018\\\/07\\\/supermercadochango.jpg\",\"articleSection\":[\"A - QUE PASA (al costado)\",\"ECONOMIA\"],\"inLanguage\":\"es\"},{\"@type\":\"WebPage\",\"@id\":\"https:\\\/\\\/diariotextual.com\\\/inicio\\\/index.php\\\/2019\\\/11\\\/14\\\/la-inflacion-octubre-fue-33-acumulo-doce-meses-una-suba-505\\\/\",\"url\":\"https:\\\/\\\/diariotextual.com\\\/inicio\\\/index.php\\\/2019\\\/11\\\/14\\\/la-inflacion-octubre-fue-33-acumulo-doce-meses-una-suba-505\\\/\",\"name\":\"La inflaci\u00f3n de octubre fue de 3,3% y acumul\u00f3 en doce meses una suba de 50,5% - Diario Textual\",\"isPartOf\":{\"@id\":\"https:\\\/\\\/diariotextual.com\\\/inicio\\\/#website\"},\"primaryImageOfPage\":{\"@id\":\"https:\\\/\\\/diariotextual.com\\\/inicio\\\/index.php\\\/2019\\\/11\\\/14\\\/la-inflacion-octubre-fue-33-acumulo-doce-meses-una-suba-505\\\/#primaryimage\"},\"image\":{\"@id\":\"https:\\\/\\\/diariotextual.com\\\/inicio\\\/index.php\\\/2019\\\/11\\\/14\\\/la-inflacion-octubre-fue-33-acumulo-doce-meses-una-suba-505\\\/#primaryimage\"},\"thumbnailUrl\":\"https:\\\/\\\/diariotextual.com\\\/inicio\\\/wp-content\\\/uploads\\\/2018\\\/07\\\/supermercadochango.jpg\",\"datePublished\":\"2019-11-14T19:51:44+00:00\",\"dateModified\":\"2019-11-15T08:07:20+00:00\",\"breadcrumb\":{\"@id\":\"https:\\\/\\\/diariotextual.com\\\/inicio\\\/index.php\\\/2019\\\/11\\\/14\\\/la-inflacion-octubre-fue-33-acumulo-doce-meses-una-suba-505\\\/#breadcrumb\"},\"inLanguage\":\"es\",\"potentialAction\":[{\"@type\":\"ReadAction\",\"target\":[\"https:\\\/\\\/diariotextual.com\\\/inicio\\\/index.php\\\/2019\\\/11\\\/14\\\/la-inflacion-octubre-fue-33-acumulo-doce-meses-una-suba-505\\\/\"]}]},{\"@type\":\"ImageObject\",\"inLanguage\":\"es\",\"@id\":\"https:\\\/\\\/diariotextual.com\\\/inicio\\\/index.php\\\/2019\\\/11\\\/14\\\/la-inflacion-octubre-fue-33-acumulo-doce-meses-una-suba-505\\\/#primaryimage\",\"url\":\"https:\\\/\\\/diariotextual.com\\\/inicio\\\/wp-content\\\/uploads\\\/2018\\\/07\\\/supermercadochango.jpg\",\"contentUrl\":\"https:\\\/\\\/diariotextual.com\\\/inicio\\\/wp-content\\\/uploads\\\/2018\\\/07\\\/supermercadochango.jpg\",\"width\":645,\"height\":430},{\"@type\":\"BreadcrumbList\",\"@id\":\"https:\\\/\\\/diariotextual.com\\\/inicio\\\/index.php\\\/2019\\\/11\\\/14\\\/la-inflacion-octubre-fue-33-acumulo-doce-meses-una-suba-505\\\/#breadcrumb\",\"itemListElement\":[{\"@type\":\"ListItem\",\"position\":1,\"name\":\"Portada\",\"item\":\"https:\\\/\\\/diariotextual.com\\\/inicio\\\/\"},{\"@type\":\"ListItem\",\"position\":2,\"name\":\"La inflaci\u00f3n de octubre fue de 3,3% y acumul\u00f3 en doce meses una suba de 50,5%\"}]},{\"@type\":\"WebSite\",\"@id\":\"https:\\\/\\\/diariotextual.com\\\/inicio\\\/#website\",\"url\":\"https:\\\/\\\/diariotextual.com\\\/inicio\\\/\",\"name\":\"Diario Textual\",\"description\":\"\",\"publisher\":{\"@id\":\"https:\\\/\\\/diariotextual.com\\\/inicio\\\/#organization\"},\"potentialAction\":[{\"@type\":\"SearchAction\",\"target\":{\"@type\":\"EntryPoint\",\"urlTemplate\":\"https:\\\/\\\/diariotextual.com\\\/inicio\\\/?s={search_term_string}\"},\"query-input\":{\"@type\":\"PropertyValueSpecification\",\"valueRequired\":true,\"valueName\":\"search_term_string\"}}],\"inLanguage\":\"es\"},{\"@type\":\"Organization\",\"@id\":\"https:\\\/\\\/diariotextual.com\\\/inicio\\\/#organization\",\"name\":\"Diario Textual\",\"url\":\"https:\\\/\\\/diariotextual.com\\\/inicio\\\/\",\"logo\":{\"@type\":\"ImageObject\",\"inLanguage\":\"es\",\"@id\":\"https:\\\/\\\/diariotextual.com\\\/inicio\\\/#\\\/schema\\\/logo\\\/image\\\/\",\"url\":\"https:\\\/\\\/diariotextual.com\\\/inicio\\\/wp-content\\\/uploads\\\/2023\\\/05\\\/logotextual1.jpg\",\"contentUrl\":\"https:\\\/\\\/diariotextual.com\\\/inicio\\\/wp-content\\\/uploads\\\/2023\\\/05\\\/logotextual1.jpg\",\"width\":516,\"height\":76,\"caption\":\"Diario Textual\"},\"image\":{\"@id\":\"https:\\\/\\\/diariotextual.com\\\/inicio\\\/#\\\/schema\\\/logo\\\/image\\\/\"},\"sameAs\":[\"https:\\\/\\\/www.facebook.com\\\/eltextual\",\"https:\\\/\\\/x.com\\\/eltextual\",\"http:\\\/\\\/www.instagram.com\\\/eltextual\"]},{\"@type\":\"Person\",\"@id\":\"https:\\\/\\\/diariotextual.com\\\/inicio\\\/#\\\/schema\\\/person\\\/418fc4093c33e86ed41562db3508f958\",\"name\":\"Diario1 Diario1\",\"image\":{\"@type\":\"ImageObject\",\"inLanguage\":\"es\",\"@id\":\"https:\\\/\\\/secure.gravatar.com\\\/avatar\\\/9167d280179c85bc18be67aa7eda765854300033af4896dd779b608640f2ef7a?s=96&d=mm&r=g\",\"url\":\"https:\\\/\\\/secure.gravatar.com\\\/avatar\\\/9167d280179c85bc18be67aa7eda765854300033af4896dd779b608640f2ef7a?s=96&d=mm&r=g\",\"contentUrl\":\"https:\\\/\\\/secure.gravatar.com\\\/avatar\\\/9167d280179c85bc18be67aa7eda765854300033af4896dd779b608640f2ef7a?s=96&d=mm&r=g\",\"caption\":\"Diario1 Diario1\"},\"url\":\"https:\\\/\\\/diariotextual.com\\\/inicio\\\/index.php\\\/author\\\/diario1\\\/\"}]}<\/script>\n<!-- \/ Yoast SEO plugin. -->","yoast_head_json":{"title":"La inflaci\u00f3n de octubre fue de 3,3% y acumul\u00f3 en doce meses una suba de 50,5% - Diario Textual","robots":{"index":"index","follow":"follow","max-snippet":"max-snippet:-1","max-image-preview":"max-image-preview:large","max-video-preview":"max-video-preview:-1"},"canonical":"https:\/\/diariotextual.com\/inicio\/index.php\/2019\/11\/14\/la-inflacion-octubre-fue-33-acumulo-doce-meses-una-suba-505\/","og_locale":"es_ES","og_type":"article","og_title":"La inflaci\u00f3n de octubre fue de 3,3% y acumul\u00f3 en doce meses una suba de 50,5% - Diario Textual","og_description":"La inflaci\u00f3n de octubre alcanz\u00f3 el 3,3% y el acumulado de 2019 lleg\u00f3 al 42,2%, seg\u00fan inform\u00f3 este jueves el Instituto Nacional de Estad\u00edsticas y Censos (INDEC). En la regi\u00f3n&hellip;","og_url":"https:\/\/diariotextual.com\/inicio\/index.php\/2019\/11\/14\/la-inflacion-octubre-fue-33-acumulo-doce-meses-una-suba-505\/","og_site_name":"Diario Textual","article_publisher":"https:\/\/www.facebook.com\/eltextual","article_published_time":"2019-11-14T19:51:44+00:00","article_modified_time":"2019-11-15T08:07:20+00:00","og_image":[{"width":645,"height":430,"url":"https:\/\/diariotextual.com\/inicio\/wp-content\/uploads\/2018\/07\/supermercadochango.jpg","type":"image\/jpeg"}],"author":"Diario1 Diario1","twitter_card":"summary_large_image","twitter_creator":"@eltextual","twitter_site":"@eltextual","twitter_misc":{"Escrito por":"Diario1 Diario1","Tiempo de lectura":"2 minutos"},"schema":{"@context":"https:\/\/schema.org","@graph":[{"@type":"Article","@id":"https:\/\/diariotextual.com\/inicio\/index.php\/2019\/11\/14\/la-inflacion-octubre-fue-33-acumulo-doce-meses-una-suba-505\/#article","isPartOf":{"@id":"https:\/\/diariotextual.com\/inicio\/index.php\/2019\/11\/14\/la-inflacion-octubre-fue-33-acumulo-doce-meses-una-suba-505\/"},"author":{"name":"Diario1 Diario1","@id":"https:\/\/diariotextual.com\/inicio\/#\/schema\/person\/418fc4093c33e86ed41562db3508f958"},"headline":"La inflaci\u00f3n de octubre fue de 3,3% y acumul\u00f3 en doce meses una suba de 50,5%","datePublished":"2019-11-14T19:51:44+00:00","dateModified":"2019-11-15T08:07:20+00:00","mainEntityOfPage":{"@id":"https:\/\/diariotextual.com\/inicio\/index.php\/2019\/11\/14\/la-inflacion-octubre-fue-33-acumulo-doce-meses-una-suba-505\/"},"wordCount":369,"publisher":{"@id":"https:\/\/diariotextual.com\/inicio\/#organization"},"image":{"@id":"https:\/\/diariotextual.com\/inicio\/index.php\/2019\/11\/14\/la-inflacion-octubre-fue-33-acumulo-doce-meses-una-suba-505\/#primaryimage"},"thumbnailUrl":"https:\/\/diariotextual.com\/inicio\/wp-content\/uploads\/2018\/07\/supermercadochango.jpg","articleSection":["A - QUE PASA (al costado)","ECONOMIA"],"inLanguage":"es"},{"@type":"WebPage","@id":"https:\/\/diariotextual.com\/inicio\/index.php\/2019\/11\/14\/la-inflacion-octubre-fue-33-acumulo-doce-meses-una-suba-505\/","url":"https:\/\/diariotextual.com\/inicio\/index.php\/2019\/11\/14\/la-inflacion-octubre-fue-33-acumulo-doce-meses-una-suba-505\/","name":"La inflaci\u00f3n de octubre fue de 3,3% y acumul\u00f3 en doce meses una suba de 50,5% - Diario Textual","isPartOf":{"@id":"https:\/\/diariotextual.com\/inicio\/#website"},"primaryImageOfPage":{"@id":"https:\/\/diariotextual.com\/inicio\/index.php\/2019\/11\/14\/la-inflacion-octubre-fue-33-acumulo-doce-meses-una-suba-505\/#primaryimage"},"image":{"@id":"https:\/\/diariotextual.com\/inicio\/index.php\/2019\/11\/14\/la-inflacion-octubre-fue-33-acumulo-doce-meses-una-suba-505\/#primaryimage"},"thumbnailUrl":"https:\/\/diariotextual.com\/inicio\/wp-content\/uploads\/2018\/07\/supermercadochango.jpg","datePublished":"2019-11-14T19:51:44+00:00","dateModified":"2019-11-15T08:07:20+00:00","breadcrumb":{"@id":"https:\/\/diariotextual.com\/inicio\/index.php\/2019\/11\/14\/la-inflacion-octubre-fue-33-acumulo-doce-meses-una-suba-505\/#breadcrumb"},"inLanguage":"es","potentialAction":[{"@type":"ReadAction","target":["https:\/\/diariotextual.com\/inicio\/index.php\/2019\/11\/14\/la-inflacion-octubre-fue-33-acumulo-doce-meses-una-suba-505\/"]}]},{"@type":"ImageObject","inLanguage":"es","@id":"https:\/\/diariotextual.com\/inicio\/index.php\/2019\/11\/14\/la-inflacion-octubre-fue-33-acumulo-doce-meses-una-suba-505\/#primaryimage","url":"https:\/\/diariotextual.com\/inicio\/wp-content\/uploads\/2018\/07\/supermercadochango.jpg","contentUrl":"https:\/\/diariotextual.com\/inicio\/wp-content\/uploads\/2018\/07\/supermercadochango.jpg","width":645,"height":430},{"@type":"BreadcrumbList","@id":"https:\/\/diariotextual.com\/inicio\/index.php\/2019\/11\/14\/la-inflacion-octubre-fue-33-acumulo-doce-meses-una-suba-505\/#breadcrumb","itemListElement":[{"@type":"ListItem","position":1,"name":"Portada","item":"https:\/\/diariotextual.com\/inicio\/"},{"@type":"ListItem","position":2,"name":"La inflaci\u00f3n de octubre fue de 3,3% y acumul\u00f3 en doce meses una suba de 50,5%"}]},{"@type":"WebSite","@id":"https:\/\/diariotextual.com\/inicio\/#website","url":"https:\/\/diariotextual.com\/inicio\/","name":"Diario Textual","description":"","publisher":{"@id":"https:\/\/diariotextual.com\/inicio\/#organization"},"potentialAction":[{"@type":"SearchAction","target":{"@type":"EntryPoint","urlTemplate":"https:\/\/diariotextual.com\/inicio\/?s={search_term_string}"},"query-input":{"@type":"PropertyValueSpecification","valueRequired":true,"valueName":"search_term_string"}}],"inLanguage":"es"},{"@type":"Organization","@id":"https:\/\/diariotextual.com\/inicio\/#organization","name":"Diario Textual","url":"https:\/\/diariotextual.com\/inicio\/","logo":{"@type":"ImageObject","inLanguage":"es","@id":"https:\/\/diariotextual.com\/inicio\/#\/schema\/logo\/image\/","url":"https:\/\/diariotextual.com\/inicio\/wp-content\/uploads\/2023\/05\/logotextual1.jpg","contentUrl":"https:\/\/diariotextual.com\/inicio\/wp-content\/uploads\/2023\/05\/logotextual1.jpg","width":516,"height":76,"caption":"Diario Textual"},"image":{"@id":"https:\/\/diariotextual.com\/inicio\/#\/schema\/logo\/image\/"},"sameAs":["https:\/\/www.facebook.com\/eltextual","https:\/\/x.com\/eltextual","http:\/\/www.instagram.com\/eltextual"]},{"@type":"Person","@id":"https:\/\/diariotextual.com\/inicio\/#\/schema\/person\/418fc4093c33e86ed41562db3508f958","name":"Diario1 Diario1","image":{"@type":"ImageObject","inLanguage":"es","@id":"https:\/\/secure.gravatar.com\/avatar\/9167d280179c85bc18be67aa7eda765854300033af4896dd779b608640f2ef7a?s=96&d=mm&r=g","url":"https:\/\/secure.gravatar.com\/avatar\/9167d280179c85bc18be67aa7eda765854300033af4896dd779b608640f2ef7a?s=96&d=mm&r=g","contentUrl":"https:\/\/secure.gravatar.com\/avatar\/9167d280179c85bc18be67aa7eda765854300033af4896dd779b608640f2ef7a?s=96&d=mm&r=g","caption":"Diario1 Diario1"},"url":"https:\/\/diariotextual.com\/inicio\/index.php\/author\/diario1\/"}]}},"_links":{"self":[{"href":"https:\/\/diariotextual.com\/inicio\/index.php\/wp-json\/wp\/v2\/posts\/69890","targetHints":{"allow":["GET"]}}],"collection":[{"href":"https:\/\/diariotextual.com\/inicio\/index.php\/wp-json\/wp\/v2\/posts"}],"about":[{"href":"https:\/\/diariotextual.com\/inicio\/index.php\/wp-json\/wp\/v2\/types\/post"}],"author":[{"embeddable":true,"href":"https:\/\/diariotextual.com\/inicio\/index.php\/wp-json\/wp\/v2\/users\/3"}],"replies":[{"embeddable":true,"href":"https:\/\/diariotextual.com\/inicio\/index.php\/wp-json\/wp\/v2\/comments?post=69890"}],"version-history":[{"count":2,"href":"https:\/\/diariotextual.com\/inicio\/index.php\/wp-json\/wp\/v2\/posts\/69890\/revisions"}],"predecessor-version":[{"id":69892,"href":"https:\/\/diariotextual.com\/inicio\/index.php\/wp-json\/wp\/v2\/posts\/69890\/revisions\/69892"}],"wp:featuredmedia":[{"embeddable":true,"href":"https:\/\/diariotextual.com\/inicio\/index.php\/wp-json\/wp\/v2\/media\/13707"}],"wp:attachment":[{"href":"https:\/\/diariotextual.com\/inicio\/index.php\/wp-json\/wp\/v2\/media?parent=69890"}],"wp:term":[{"taxonomy":"category","embeddable":true,"href":"https:\/\/diariotextual.com\/inicio\/index.php\/wp-json\/wp\/v2\/categories?post=69890"},{"taxonomy":"post_tag","embeddable":true,"href":"https:\/\/diariotextual.com\/inicio\/index.php\/wp-json\/wp\/v2\/tags?post=69890"}],"curies":[{"name":"wp","href":"https:\/\/api.w.org\/{rel}","templated":true}]}}