{"id":70645,"date":"2019-11-21T17:59:24","date_gmt":"2019-11-21T20:59:24","guid":{"rendered":"http:\/\/diariotextual.com\/inicio\/?p=70645"},"modified":"2019-11-21T18:40:19","modified_gmt":"2019-11-21T21:40:19","slug":"indec-enviaran-proyecto-ley-garantizar-autarquia","status":"publish","type":"post","link":"https:\/\/diariotextual.com\/inicio\/index.php\/2019\/11\/21\/indec-enviaran-proyecto-ley-garantizar-autarquia\/","title":{"rendered":"INDEC: enviar\u00e1n un proyecto de ley para garantizar su autarqu\u00eda"},"content":{"rendered":"<p>El <strong>ministro de Hacienda, Hern\u00e1n Lacunza<\/strong>, anunci\u00f3 que el Gobierno Nacional enviar\u00e1 al Congreso un proyecto de Ley de Estad\u00edsticas para garantizar la <strong>autarqu\u00eda institucional del Instituto Nacional de Estad\u00edstica y Censos (INDEC), con un director que tendr\u00e1 mandato fijo de cinco a\u00f1os, designado por concurso con acuerdo del Senado<\/strong> para el director nacional, y una <strong>comisi\u00f3n bicameral para el monitoreo de la gesti\u00f3n<\/strong> del organismo.<\/p>\n<p><!--more--><\/p>\n<p>Seg\u00fan Lacunza, uno de los objetivos centrales del <strong>proyecto es proveer un \u201cmarco institucional robusto para que pueda hacer frente a las presiones pol\u00edticas\u201d.<\/strong> Otro objetivo, plante\u00f3 el funcionario, <strong>es la necesidad de \u201cadaptar una ley de estad\u00edsticas bastante antigua, de 51 a\u00f1os, a las mejores pr\u00e1cticas internacionales<\/strong> que han evolucionado mucho en estas \u00faltimas cinco d\u00e9cadas\u201d.<\/p>\n<p>El proyecto de ley busca <strong>consolidar al INDEC como una entidad aut\u00e1rquica, con autonom\u00eda funcional, personer\u00eda jur\u00eddica y patrimonio propio, dependiente de la Jefatura de Gabinete de Ministros<\/strong>, y afianzarlo en su rol de \u00f3rgano rector del Sistema de Estad\u00edsticas P\u00fablicas, se inform\u00f3 en conferencia de prensa en la que participaron -adem\u00e1s de Lacunza- el director general del Indec, Jorge Todesca; y el secretario de Pol\u00edtica Econ\u00f3mica, Sebasti\u00e1n Katz.<\/p>\n<p>En caso de ser aprobada, <strong>la nueva ley buscar\u00e1 adjudicarle al organismo \u201cstatus de servicio p\u00fablico para las estad\u00edsticas oficiales\u201d y fijar \u201cestabilidad y pautas claras para el nombramiento y la remoci\u00f3n de autoridades\u201d,<\/strong> con un <strong>mandato fijo de cinco a\u00f1os para el director general. \u00c9ste deber\u00e1 ser designado por concurso p\u00fablico<\/strong>, del mismo modo que el director t\u00e9cnico.<\/p>\n<p>El <strong>proyecto ser\u00e1 enviado al Parlamento en las pr\u00f3ximas horas, anunci\u00f3 Lacunza<\/strong>.<\/p>\n<p>Seg\u00fan lo anticipado a la prensa, el INDEC contar\u00e1 con un Consejo del Sistema Estad\u00edstico Nacional integrado por seis representantes del Poder Ejecutivo, un representante del Banco Central y ocho personalidades de la comunidad cient\u00edfica, estad\u00edstica y universitaria.<\/p>\n","protected":false},"excerpt":{"rendered":"<p>El ministro de Hacienda, Hern\u00e1n Lacunza, anunci\u00f3 que el Gobierno Nacional enviar\u00e1 al Congreso un proyecto de Ley de Estad\u00edsticas para garantizar la autarqu\u00eda institucional del Instituto Nacional de Estad\u00edstica&hellip;<\/p>\n","protected":false},"author":5,"featured_media":60449,"comment_status":"closed","ping_status":"open","sticky":false,"template":"","format":"standard","meta":{"_acf_changed":false,"footnotes":""},"categories":[11,5],"tags":[],"class_list":["post-70645","post","type-post","status-publish","format-standard","has-post-thumbnail","hentry","category-que-pasa","category-economia"],"acf":[],"yoast_head":"<!-- This site is optimized with the Yoast SEO plugin v27.5 - https:\/\/yoast.com\/product\/yoast-seo-wordpress\/ -->\n<title>INDEC: enviar\u00e1n un proyecto de ley para garantizar su autarqu\u00eda - Diario Textual<\/title>\n<meta name=\"robots\" content=\"index, follow, max-snippet:-1, max-image-preview:large, max-video-preview:-1\" \/>\n<link rel=\"canonical\" href=\"https:\/\/diariotextual.com\/inicio\/index.php\/2019\/11\/21\/indec-enviaran-proyecto-ley-garantizar-autarquia\/\" \/>\n<meta property=\"og:locale\" content=\"es_ES\" \/>\n<meta property=\"og:type\" content=\"article\" \/>\n<meta property=\"og:title\" content=\"INDEC: enviar\u00e1n un proyecto de ley para garantizar su autarqu\u00eda - Diario Textual\" \/>\n<meta property=\"og:description\" content=\"El ministro de Hacienda, Hern\u00e1n Lacunza, anunci\u00f3 que el Gobierno Nacional enviar\u00e1 al Congreso un proyecto de Ley de Estad\u00edsticas para garantizar la autarqu\u00eda institucional del Instituto Nacional de Estad\u00edstica&hellip;\" \/>\n<meta property=\"og:url\" content=\"https:\/\/diariotextual.com\/inicio\/index.php\/2019\/11\/21\/indec-enviaran-proyecto-ley-garantizar-autarquia\/\" \/>\n<meta property=\"og:site_name\" content=\"Diario Textual\" \/>\n<meta property=\"article:publisher\" content=\"https:\/\/www.facebook.com\/eltextual\" \/>\n<meta property=\"article:published_time\" content=\"2019-11-21T20:59:24+00:00\" \/>\n<meta property=\"article:modified_time\" content=\"2019-11-21T21:40:19+00:00\" \/>\n<meta property=\"og:image\" content=\"https:\/\/diariotextual.com\/inicio\/wp-content\/uploads\/2019\/08\/indec.jpg\" \/>\n\t<meta property=\"og:image:width\" content=\"1004\" \/>\n\t<meta property=\"og:image:height\" content=\"565\" \/>\n\t<meta property=\"og:image:type\" content=\"image\/jpeg\" \/>\n<meta name=\"author\" content=\"diario3\" \/>\n<meta name=\"twitter:card\" content=\"summary_large_image\" \/>\n<meta name=\"twitter:creator\" content=\"@eltextual\" \/>\n<meta name=\"twitter:site\" content=\"@eltextual\" \/>\n<meta name=\"twitter:label1\" content=\"Escrito por\" \/>\n\t<meta name=\"twitter:data1\" content=\"diario3\" \/>\n\t<meta name=\"twitter:label2\" content=\"Tiempo de lectura\" \/>\n\t<meta name=\"twitter:data2\" content=\"2 minutos\" \/>\n<script type=\"application\/ld+json\" class=\"yoast-schema-graph\">{\"@context\":\"https:\\\/\\\/schema.org\",\"@graph\":[{\"@type\":\"Article\",\"@id\":\"https:\\\/\\\/diariotextual.com\\\/inicio\\\/index.php\\\/2019\\\/11\\\/21\\\/indec-enviaran-proyecto-ley-garantizar-autarquia\\\/#article\",\"isPartOf\":{\"@id\":\"https:\\\/\\\/diariotextual.com\\\/inicio\\\/index.php\\\/2019\\\/11\\\/21\\\/indec-enviaran-proyecto-ley-garantizar-autarquia\\\/\"},\"author\":{\"name\":\"diario3\",\"@id\":\"https:\\\/\\\/diariotextual.com\\\/inicio\\\/#\\\/schema\\\/person\\\/a1b6f563e0ee944c60f98119389a4d9f\"},\"headline\":\"INDEC: enviar\u00e1n un proyecto de ley para garantizar su autarqu\u00eda\",\"datePublished\":\"2019-11-21T20:59:24+00:00\",\"dateModified\":\"2019-11-21T21:40:19+00:00\",\"mainEntityOfPage\":{\"@id\":\"https:\\\/\\\/diariotextual.com\\\/inicio\\\/index.php\\\/2019\\\/11\\\/21\\\/indec-enviaran-proyecto-ley-garantizar-autarquia\\\/\"},\"wordCount\":346,\"publisher\":{\"@id\":\"https:\\\/\\\/diariotextual.com\\\/inicio\\\/#organization\"},\"image\":{\"@id\":\"https:\\\/\\\/diariotextual.com\\\/inicio\\\/index.php\\\/2019\\\/11\\\/21\\\/indec-enviaran-proyecto-ley-garantizar-autarquia\\\/#primaryimage\"},\"thumbnailUrl\":\"https:\\\/\\\/diariotextual.com\\\/inicio\\\/wp-content\\\/uploads\\\/2019\\\/08\\\/indec.jpg\",\"articleSection\":[\"A - QUE PASA (al costado)\",\"ECONOMIA\"],\"inLanguage\":\"es\"},{\"@type\":\"WebPage\",\"@id\":\"https:\\\/\\\/diariotextual.com\\\/inicio\\\/index.php\\\/2019\\\/11\\\/21\\\/indec-enviaran-proyecto-ley-garantizar-autarquia\\\/\",\"url\":\"https:\\\/\\\/diariotextual.com\\\/inicio\\\/index.php\\\/2019\\\/11\\\/21\\\/indec-enviaran-proyecto-ley-garantizar-autarquia\\\/\",\"name\":\"INDEC: enviar\u00e1n un proyecto de ley para garantizar su autarqu\u00eda - Diario Textual\",\"isPartOf\":{\"@id\":\"https:\\\/\\\/diariotextual.com\\\/inicio\\\/#website\"},\"primaryImageOfPage\":{\"@id\":\"https:\\\/\\\/diariotextual.com\\\/inicio\\\/index.php\\\/2019\\\/11\\\/21\\\/indec-enviaran-proyecto-ley-garantizar-autarquia\\\/#primaryimage\"},\"image\":{\"@id\":\"https:\\\/\\\/diariotextual.com\\\/inicio\\\/index.php\\\/2019\\\/11\\\/21\\\/indec-enviaran-proyecto-ley-garantizar-autarquia\\\/#primaryimage\"},\"thumbnailUrl\":\"https:\\\/\\\/diariotextual.com\\\/inicio\\\/wp-content\\\/uploads\\\/2019\\\/08\\\/indec.jpg\",\"datePublished\":\"2019-11-21T20:59:24+00:00\",\"dateModified\":\"2019-11-21T21:40:19+00:00\",\"breadcrumb\":{\"@id\":\"https:\\\/\\\/diariotextual.com\\\/inicio\\\/index.php\\\/2019\\\/11\\\/21\\\/indec-enviaran-proyecto-ley-garantizar-autarquia\\\/#breadcrumb\"},\"inLanguage\":\"es\",\"potentialAction\":[{\"@type\":\"ReadAction\",\"target\":[\"https:\\\/\\\/diariotextual.com\\\/inicio\\\/index.php\\\/2019\\\/11\\\/21\\\/indec-enviaran-proyecto-ley-garantizar-autarquia\\\/\"]}]},{\"@type\":\"ImageObject\",\"inLanguage\":\"es\",\"@id\":\"https:\\\/\\\/diariotextual.com\\\/inicio\\\/index.php\\\/2019\\\/11\\\/21\\\/indec-enviaran-proyecto-ley-garantizar-autarquia\\\/#primaryimage\",\"url\":\"https:\\\/\\\/diariotextual.com\\\/inicio\\\/wp-content\\\/uploads\\\/2019\\\/08\\\/indec.jpg\",\"contentUrl\":\"https:\\\/\\\/diariotextual.com\\\/inicio\\\/wp-content\\\/uploads\\\/2019\\\/08\\\/indec.jpg\",\"width\":1004,\"height\":565},{\"@type\":\"BreadcrumbList\",\"@id\":\"https:\\\/\\\/diariotextual.com\\\/inicio\\\/index.php\\\/2019\\\/11\\\/21\\\/indec-enviaran-proyecto-ley-garantizar-autarquia\\\/#breadcrumb\",\"itemListElement\":[{\"@type\":\"ListItem\",\"position\":1,\"name\":\"Portada\",\"item\":\"https:\\\/\\\/diariotextual.com\\\/inicio\\\/\"},{\"@type\":\"ListItem\",\"position\":2,\"name\":\"INDEC: enviar\u00e1n un proyecto de ley para garantizar su autarqu\u00eda\"}]},{\"@type\":\"WebSite\",\"@id\":\"https:\\\/\\\/diariotextual.com\\\/inicio\\\/#website\",\"url\":\"https:\\\/\\\/diariotextual.com\\\/inicio\\\/\",\"name\":\"Diario Textual\",\"description\":\"\",\"publisher\":{\"@id\":\"https:\\\/\\\/diariotextual.com\\\/inicio\\\/#organization\"},\"potentialAction\":[{\"@type\":\"SearchAction\",\"target\":{\"@type\":\"EntryPoint\",\"urlTemplate\":\"https:\\\/\\\/diariotextual.com\\\/inicio\\\/?s={search_term_string}\"},\"query-input\":{\"@type\":\"PropertyValueSpecification\",\"valueRequired\":true,\"valueName\":\"search_term_string\"}}],\"inLanguage\":\"es\"},{\"@type\":\"Organization\",\"@id\":\"https:\\\/\\\/diariotextual.com\\\/inicio\\\/#organization\",\"name\":\"Diario Textual\",\"url\":\"https:\\\/\\\/diariotextual.com\\\/inicio\\\/\",\"logo\":{\"@type\":\"ImageObject\",\"inLanguage\":\"es\",\"@id\":\"https:\\\/\\\/diariotextual.com\\\/inicio\\\/#\\\/schema\\\/logo\\\/image\\\/\",\"url\":\"https:\\\/\\\/diariotextual.com\\\/inicio\\\/wp-content\\\/uploads\\\/2023\\\/05\\\/logotextual1.jpg\",\"contentUrl\":\"https:\\\/\\\/diariotextual.com\\\/inicio\\\/wp-content\\\/uploads\\\/2023\\\/05\\\/logotextual1.jpg\",\"width\":516,\"height\":76,\"caption\":\"Diario Textual\"},\"image\":{\"@id\":\"https:\\\/\\\/diariotextual.com\\\/inicio\\\/#\\\/schema\\\/logo\\\/image\\\/\"},\"sameAs\":[\"https:\\\/\\\/www.facebook.com\\\/eltextual\",\"https:\\\/\\\/x.com\\\/eltextual\",\"http:\\\/\\\/www.instagram.com\\\/eltextual\"]},{\"@type\":\"Person\",\"@id\":\"https:\\\/\\\/diariotextual.com\\\/inicio\\\/#\\\/schema\\\/person\\\/a1b6f563e0ee944c60f98119389a4d9f\",\"name\":\"diario3\",\"image\":{\"@type\":\"ImageObject\",\"inLanguage\":\"es\",\"@id\":\"https:\\\/\\\/secure.gravatar.com\\\/avatar\\\/5e7ee62c82fc04d9dd79d746a390d93c69c43223e5faeeb3ea9461ef752bfc5d?s=96&d=mm&r=g\",\"url\":\"https:\\\/\\\/secure.gravatar.com\\\/avatar\\\/5e7ee62c82fc04d9dd79d746a390d93c69c43223e5faeeb3ea9461ef752bfc5d?s=96&d=mm&r=g\",\"contentUrl\":\"https:\\\/\\\/secure.gravatar.com\\\/avatar\\\/5e7ee62c82fc04d9dd79d746a390d93c69c43223e5faeeb3ea9461ef752bfc5d?s=96&d=mm&r=g\",\"caption\":\"diario3\"},\"url\":\"https:\\\/\\\/diariotextual.com\\\/inicio\\\/index.php\\\/author\\\/diario3\\\/\"}]}<\/script>\n<!-- \/ Yoast SEO plugin. -->","yoast_head_json":{"title":"INDEC: enviar\u00e1n un proyecto de ley para garantizar su autarqu\u00eda - Diario Textual","robots":{"index":"index","follow":"follow","max-snippet":"max-snippet:-1","max-image-preview":"max-image-preview:large","max-video-preview":"max-video-preview:-1"},"canonical":"https:\/\/diariotextual.com\/inicio\/index.php\/2019\/11\/21\/indec-enviaran-proyecto-ley-garantizar-autarquia\/","og_locale":"es_ES","og_type":"article","og_title":"INDEC: enviar\u00e1n un proyecto de ley para garantizar su autarqu\u00eda - Diario Textual","og_description":"El ministro de Hacienda, Hern\u00e1n Lacunza, anunci\u00f3 que el Gobierno Nacional enviar\u00e1 al Congreso un proyecto de Ley de Estad\u00edsticas para garantizar la autarqu\u00eda institucional del Instituto Nacional de Estad\u00edstica&hellip;","og_url":"https:\/\/diariotextual.com\/inicio\/index.php\/2019\/11\/21\/indec-enviaran-proyecto-ley-garantizar-autarquia\/","og_site_name":"Diario Textual","article_publisher":"https:\/\/www.facebook.com\/eltextual","article_published_time":"2019-11-21T20:59:24+00:00","article_modified_time":"2019-11-21T21:40:19+00:00","og_image":[{"width":1004,"height":565,"url":"https:\/\/diariotextual.com\/inicio\/wp-content\/uploads\/2019\/08\/indec.jpg","type":"image\/jpeg"}],"author":"diario3","twitter_card":"summary_large_image","twitter_creator":"@eltextual","twitter_site":"@eltextual","twitter_misc":{"Escrito por":"diario3","Tiempo de lectura":"2 minutos"},"schema":{"@context":"https:\/\/schema.org","@graph":[{"@type":"Article","@id":"https:\/\/diariotextual.com\/inicio\/index.php\/2019\/11\/21\/indec-enviaran-proyecto-ley-garantizar-autarquia\/#article","isPartOf":{"@id":"https:\/\/diariotextual.com\/inicio\/index.php\/2019\/11\/21\/indec-enviaran-proyecto-ley-garantizar-autarquia\/"},"author":{"name":"diario3","@id":"https:\/\/diariotextual.com\/inicio\/#\/schema\/person\/a1b6f563e0ee944c60f98119389a4d9f"},"headline":"INDEC: enviar\u00e1n un proyecto de ley para garantizar su autarqu\u00eda","datePublished":"2019-11-21T20:59:24+00:00","dateModified":"2019-11-21T21:40:19+00:00","mainEntityOfPage":{"@id":"https:\/\/diariotextual.com\/inicio\/index.php\/2019\/11\/21\/indec-enviaran-proyecto-ley-garantizar-autarquia\/"},"wordCount":346,"publisher":{"@id":"https:\/\/diariotextual.com\/inicio\/#organization"},"image":{"@id":"https:\/\/diariotextual.com\/inicio\/index.php\/2019\/11\/21\/indec-enviaran-proyecto-ley-garantizar-autarquia\/#primaryimage"},"thumbnailUrl":"https:\/\/diariotextual.com\/inicio\/wp-content\/uploads\/2019\/08\/indec.jpg","articleSection":["A - QUE PASA (al costado)","ECONOMIA"],"inLanguage":"es"},{"@type":"WebPage","@id":"https:\/\/diariotextual.com\/inicio\/index.php\/2019\/11\/21\/indec-enviaran-proyecto-ley-garantizar-autarquia\/","url":"https:\/\/diariotextual.com\/inicio\/index.php\/2019\/11\/21\/indec-enviaran-proyecto-ley-garantizar-autarquia\/","name":"INDEC: enviar\u00e1n un proyecto de ley para garantizar su autarqu\u00eda - Diario Textual","isPartOf":{"@id":"https:\/\/diariotextual.com\/inicio\/#website"},"primaryImageOfPage":{"@id":"https:\/\/diariotextual.com\/inicio\/index.php\/2019\/11\/21\/indec-enviaran-proyecto-ley-garantizar-autarquia\/#primaryimage"},"image":{"@id":"https:\/\/diariotextual.com\/inicio\/index.php\/2019\/11\/21\/indec-enviaran-proyecto-ley-garantizar-autarquia\/#primaryimage"},"thumbnailUrl":"https:\/\/diariotextual.com\/inicio\/wp-content\/uploads\/2019\/08\/indec.jpg","datePublished":"2019-11-21T20:59:24+00:00","dateModified":"2019-11-21T21:40:19+00:00","breadcrumb":{"@id":"https:\/\/diariotextual.com\/inicio\/index.php\/2019\/11\/21\/indec-enviaran-proyecto-ley-garantizar-autarquia\/#breadcrumb"},"inLanguage":"es","potentialAction":[{"@type":"ReadAction","target":["https:\/\/diariotextual.com\/inicio\/index.php\/2019\/11\/21\/indec-enviaran-proyecto-ley-garantizar-autarquia\/"]}]},{"@type":"ImageObject","inLanguage":"es","@id":"https:\/\/diariotextual.com\/inicio\/index.php\/2019\/11\/21\/indec-enviaran-proyecto-ley-garantizar-autarquia\/#primaryimage","url":"https:\/\/diariotextual.com\/inicio\/wp-content\/uploads\/2019\/08\/indec.jpg","contentUrl":"https:\/\/diariotextual.com\/inicio\/wp-content\/uploads\/2019\/08\/indec.jpg","width":1004,"height":565},{"@type":"BreadcrumbList","@id":"https:\/\/diariotextual.com\/inicio\/index.php\/2019\/11\/21\/indec-enviaran-proyecto-ley-garantizar-autarquia\/#breadcrumb","itemListElement":[{"@type":"ListItem","position":1,"name":"Portada","item":"https:\/\/diariotextual.com\/inicio\/"},{"@type":"ListItem","position":2,"name":"INDEC: enviar\u00e1n un proyecto de ley para garantizar su autarqu\u00eda"}]},{"@type":"WebSite","@id":"https:\/\/diariotextual.com\/inicio\/#website","url":"https:\/\/diariotextual.com\/inicio\/","name":"Diario Textual","description":"","publisher":{"@id":"https:\/\/diariotextual.com\/inicio\/#organization"},"potentialAction":[{"@type":"SearchAction","target":{"@type":"EntryPoint","urlTemplate":"https:\/\/diariotextual.com\/inicio\/?s={search_term_string}"},"query-input":{"@type":"PropertyValueSpecification","valueRequired":true,"valueName":"search_term_string"}}],"inLanguage":"es"},{"@type":"Organization","@id":"https:\/\/diariotextual.com\/inicio\/#organization","name":"Diario Textual","url":"https:\/\/diariotextual.com\/inicio\/","logo":{"@type":"ImageObject","inLanguage":"es","@id":"https:\/\/diariotextual.com\/inicio\/#\/schema\/logo\/image\/","url":"https:\/\/diariotextual.com\/inicio\/wp-content\/uploads\/2023\/05\/logotextual1.jpg","contentUrl":"https:\/\/diariotextual.com\/inicio\/wp-content\/uploads\/2023\/05\/logotextual1.jpg","width":516,"height":76,"caption":"Diario Textual"},"image":{"@id":"https:\/\/diariotextual.com\/inicio\/#\/schema\/logo\/image\/"},"sameAs":["https:\/\/www.facebook.com\/eltextual","https:\/\/x.com\/eltextual","http:\/\/www.instagram.com\/eltextual"]},{"@type":"Person","@id":"https:\/\/diariotextual.com\/inicio\/#\/schema\/person\/a1b6f563e0ee944c60f98119389a4d9f","name":"diario3","image":{"@type":"ImageObject","inLanguage":"es","@id":"https:\/\/secure.gravatar.com\/avatar\/5e7ee62c82fc04d9dd79d746a390d93c69c43223e5faeeb3ea9461ef752bfc5d?s=96&d=mm&r=g","url":"https:\/\/secure.gravatar.com\/avatar\/5e7ee62c82fc04d9dd79d746a390d93c69c43223e5faeeb3ea9461ef752bfc5d?s=96&d=mm&r=g","contentUrl":"https:\/\/secure.gravatar.com\/avatar\/5e7ee62c82fc04d9dd79d746a390d93c69c43223e5faeeb3ea9461ef752bfc5d?s=96&d=mm&r=g","caption":"diario3"},"url":"https:\/\/diariotextual.com\/inicio\/index.php\/author\/diario3\/"}]}},"_links":{"self":[{"href":"https:\/\/diariotextual.com\/inicio\/index.php\/wp-json\/wp\/v2\/posts\/70645","targetHints":{"allow":["GET"]}}],"collection":[{"href":"https:\/\/diariotextual.com\/inicio\/index.php\/wp-json\/wp\/v2\/posts"}],"about":[{"href":"https:\/\/diariotextual.com\/inicio\/index.php\/wp-json\/wp\/v2\/types\/post"}],"author":[{"embeddable":true,"href":"https:\/\/diariotextual.com\/inicio\/index.php\/wp-json\/wp\/v2\/users\/5"}],"replies":[{"embeddable":true,"href":"https:\/\/diariotextual.com\/inicio\/index.php\/wp-json\/wp\/v2\/comments?post=70645"}],"version-history":[{"count":1,"href":"https:\/\/diariotextual.com\/inicio\/index.php\/wp-json\/wp\/v2\/posts\/70645\/revisions"}],"predecessor-version":[{"id":70648,"href":"https:\/\/diariotextual.com\/inicio\/index.php\/wp-json\/wp\/v2\/posts\/70645\/revisions\/70648"}],"wp:featuredmedia":[{"embeddable":true,"href":"https:\/\/diariotextual.com\/inicio\/index.php\/wp-json\/wp\/v2\/media\/60449"}],"wp:attachment":[{"href":"https:\/\/diariotextual.com\/inicio\/index.php\/wp-json\/wp\/v2\/media?parent=70645"}],"wp:term":[{"taxonomy":"category","embeddable":true,"href":"https:\/\/diariotextual.com\/inicio\/index.php\/wp-json\/wp\/v2\/categories?post=70645"},{"taxonomy":"post_tag","embeddable":true,"href":"https:\/\/diariotextual.com\/inicio\/index.php\/wp-json\/wp\/v2\/tags?post=70645"}],"curies":[{"name":"wp","href":"https:\/\/api.w.org\/{rel}","templated":true}]}}