{"id":70733,"date":"2019-11-22T14:14:43","date_gmt":"2019-11-22T17:14:43","guid":{"rendered":"http:\/\/diariotextual.com\/inicio\/?p=70733"},"modified":"2019-11-22T22:52:45","modified_gmt":"2019-11-23T01:52:45","slug":"la-zona-franca-pico-cumple-20-anos-440-empleados","status":"publish","type":"post","link":"https:\/\/diariotextual.com\/inicio\/index.php\/2019\/11\/22\/la-zona-franca-pico-cumple-20-anos-440-empleados\/","title":{"rendered":"La Zona Franca de Pico cumple 20 a\u00f1os: hay 440 empleados"},"content":{"rendered":"<p>Este mediod\u00eda, autoridades provinciales y municipales, encabezadas por el ministro de la Producci\u00f3n, Ricardo Moralejo, recorrieron la Zona Franca de General Pico con motivo de cumplirse 20 a\u00f1os de su creaci\u00f3n. Actualmente hay 440 empleados trabajando en diferentes empresas.<\/p>\n<p>Moralejo estuvo acompa\u00f1ado por el intendente municipal, Juan Jos\u00e9 Rainone, la ministra de Desarrollo Social, Fernanda Alonso, el presidente del Comit\u00e9 de Vigilancia de Zona Franca, Germ\u00e1n Luqui, y el vicepresidente del Banco de La Pampa, Alberto Giorgis, entre otras autoridades provinciales y municipales.<\/p>\n<p>\u00abHa crecido mucho, se ha consolidado como tal, es una zona de referencia a nivel nacional por su capacidad de producci\u00f3n, con su caracter\u00edstica propia de poder ingresar lo que produce al territorio nacional lo que la hace diferente a todas las zonas francas del pa\u00eds, similar a lo que ocurre con la Zona Franca de Ushuaia\u201d, dijo.<\/p>\n<p>Moralejo explic\u00f3 que el nivel de usuarios radicados y en producci\u00f3n aument\u00f3 en un 50% en cuatro a\u00f1os. \u201cHemos pasado de unas 13 empresas a 20, esto es muy importante en su crecimiento y tambi\u00e9n aument\u00f3 la cantidad de personas que trabajan en Zona Franca, de unas 335 que ten\u00edamos en 2016 a unas 440 personas en la actualidad\u201d, dijo.<\/p>\n<p>El aumento de empleabilidad se dio en un contexto nacional de cierre de empresas y de p\u00e9rdida de empleo.\u00a0 \u00abEso hace doblemente meritorio el crecimiento en empleabilidad dentro de Zona Franca, el potencial que queda es mucho a futuro y junto al concesionario se trabaja en seguir creando condiciones adecuadas\u201d, dijo.<\/p>\n<p>\u00abel compromiso es continuar trabajando junto a las empresas radicadas, para que nuestras empresas sean competitivas tanto en el mercado nacional como internacional y estamos dispuestos a ayudarlos a trav\u00e9s de l\u00edneas de cr\u00e9ditos junto al Banco de La Pampa, a trav\u00e9s de la Direcci\u00f3n de Comercio en la b\u00fasqueda de nuevos mercados y despu\u00e9s seguir haciendo una promoci\u00f3n fuerte y pidiendo al concesionario que colabore en lo que es dar a conocer la Zona Franca de General Pico\u201d, dijo. \u201cA la Zona Franca hay que descubrirla como un lugar de importaci\u00f3n y de importancia comercial para toda la regi\u00f3n. En la medida que la Zona Franca se afiance y se haga conocer en el pa\u00eds tambi\u00e9n va a ir desarrollando una actividad comercial importante\u201d, continu\u00f3 el ministro.<\/p>\n<p>Asimismo, hizo hincapi\u00e9 en que tambi\u00e9n \u00abhay unos 10 o 12 usuarios\u00bb que act\u00faan como importadores dentro de la Zona Franca. \u201cY creemos que esto tiene que estar creciendo porque hay oportunidades para hacer negocios y muy importantes. Por eso invitamos a todos aquellos que est\u00e9n dentro de actividades comerciales y que tengan actividades o piensen en importaci\u00f3n, que piensen en la ZF, como tambi\u00e9n para la compra de equipamiento necesario\u201d, finaliz\u00f3.<\/p>\n<p>&nbsp;<\/p>\n<p>&nbsp;<\/p>\n","protected":false},"excerpt":{"rendered":"<p>Este mediod\u00eda, autoridades provinciales y municipales, encabezadas por el ministro de la Producci\u00f3n, Ricardo Moralejo, recorrieron la Zona Franca de General Pico con motivo de cumplirse 20 a\u00f1os de su&hellip;<\/p>\n","protected":false},"author":3,"featured_media":70738,"comment_status":"closed","ping_status":"open","sticky":false,"template":"","format":"standard","meta":{"_acf_changed":false,"footnotes":""},"categories":[11,5],"tags":[2427,2426],"class_list":["post-70733","post","type-post","status-publish","format-standard","has-post-thumbnail","hentry","category-que-pasa","category-economia","tag-franca","tag-zona"],"acf":[],"yoast_head":"<!-- This site is optimized with the Yoast SEO plugin v27.5 - https:\/\/yoast.com\/product\/yoast-seo-wordpress\/ -->\n<title>La Zona Franca de Pico cumple 20 a\u00f1os: hay 440 empleados - Diario Textual<\/title>\n<meta name=\"robots\" content=\"index, follow, max-snippet:-1, max-image-preview:large, max-video-preview:-1\" \/>\n<link rel=\"canonical\" href=\"https:\/\/diariotextual.com\/inicio\/index.php\/2019\/11\/22\/la-zona-franca-pico-cumple-20-anos-440-empleados\/\" \/>\n<meta property=\"og:locale\" content=\"es_ES\" \/>\n<meta property=\"og:type\" content=\"article\" \/>\n<meta property=\"og:title\" content=\"La Zona Franca de Pico cumple 20 a\u00f1os: hay 440 empleados - Diario Textual\" \/>\n<meta property=\"og:description\" content=\"Este mediod\u00eda, autoridades provinciales y municipales, encabezadas por el ministro de la Producci\u00f3n, Ricardo Moralejo, recorrieron la Zona Franca de General Pico con motivo de cumplirse 20 a\u00f1os de su&hellip;\" \/>\n<meta property=\"og:url\" content=\"https:\/\/diariotextual.com\/inicio\/index.php\/2019\/11\/22\/la-zona-franca-pico-cumple-20-anos-440-empleados\/\" \/>\n<meta property=\"og:site_name\" content=\"Diario Textual\" \/>\n<meta property=\"article:publisher\" content=\"https:\/\/www.facebook.com\/eltextual\" \/>\n<meta property=\"article:published_time\" content=\"2019-11-22T17:14:43+00:00\" \/>\n<meta property=\"article:modified_time\" content=\"2019-11-23T01:52:45+00:00\" \/>\n<meta property=\"og:image\" content=\"https:\/\/diariotextual.com\/inicio\/wp-content\/uploads\/2019\/11\/moralejozonafranca2019-1.jpeg\" \/>\n\t<meta property=\"og:image:width\" content=\"1280\" \/>\n\t<meta property=\"og:image:height\" content=\"720\" \/>\n\t<meta property=\"og:image:type\" content=\"image\/jpeg\" \/>\n<meta name=\"author\" content=\"Diario1 Diario1\" \/>\n<meta name=\"twitter:card\" content=\"summary_large_image\" \/>\n<meta name=\"twitter:creator\" content=\"@eltextual\" \/>\n<meta name=\"twitter:site\" content=\"@eltextual\" \/>\n<meta name=\"twitter:label1\" content=\"Escrito por\" \/>\n\t<meta name=\"twitter:data1\" content=\"Diario1 Diario1\" \/>\n\t<meta name=\"twitter:label2\" content=\"Tiempo de lectura\" \/>\n\t<meta name=\"twitter:data2\" content=\"2 minutos\" \/>\n<script type=\"application\/ld+json\" class=\"yoast-schema-graph\">{\"@context\":\"https:\\\/\\\/schema.org\",\"@graph\":[{\"@type\":\"Article\",\"@id\":\"https:\\\/\\\/diariotextual.com\\\/inicio\\\/index.php\\\/2019\\\/11\\\/22\\\/la-zona-franca-pico-cumple-20-anos-440-empleados\\\/#article\",\"isPartOf\":{\"@id\":\"https:\\\/\\\/diariotextual.com\\\/inicio\\\/index.php\\\/2019\\\/11\\\/22\\\/la-zona-franca-pico-cumple-20-anos-440-empleados\\\/\"},\"author\":{\"name\":\"Diario1 Diario1\",\"@id\":\"https:\\\/\\\/diariotextual.com\\\/inicio\\\/#\\\/schema\\\/person\\\/418fc4093c33e86ed41562db3508f958\"},\"headline\":\"La Zona Franca de Pico cumple 20 a\u00f1os: hay 440 empleados\",\"datePublished\":\"2019-11-22T17:14:43+00:00\",\"dateModified\":\"2019-11-23T01:52:45+00:00\",\"mainEntityOfPage\":{\"@id\":\"https:\\\/\\\/diariotextual.com\\\/inicio\\\/index.php\\\/2019\\\/11\\\/22\\\/la-zona-franca-pico-cumple-20-anos-440-empleados\\\/\"},\"wordCount\":485,\"publisher\":{\"@id\":\"https:\\\/\\\/diariotextual.com\\\/inicio\\\/#organization\"},\"image\":{\"@id\":\"https:\\\/\\\/diariotextual.com\\\/inicio\\\/index.php\\\/2019\\\/11\\\/22\\\/la-zona-franca-pico-cumple-20-anos-440-empleados\\\/#primaryimage\"},\"thumbnailUrl\":\"https:\\\/\\\/diariotextual.com\\\/inicio\\\/wp-content\\\/uploads\\\/2019\\\/11\\\/moralejozonafranca2019-1.jpeg\",\"keywords\":[\"franca\",\"zona\"],\"articleSection\":[\"A - QUE PASA (al costado)\",\"ECONOMIA\"],\"inLanguage\":\"es\"},{\"@type\":\"WebPage\",\"@id\":\"https:\\\/\\\/diariotextual.com\\\/inicio\\\/index.php\\\/2019\\\/11\\\/22\\\/la-zona-franca-pico-cumple-20-anos-440-empleados\\\/\",\"url\":\"https:\\\/\\\/diariotextual.com\\\/inicio\\\/index.php\\\/2019\\\/11\\\/22\\\/la-zona-franca-pico-cumple-20-anos-440-empleados\\\/\",\"name\":\"La Zona Franca de Pico cumple 20 a\u00f1os: hay 440 empleados - Diario Textual\",\"isPartOf\":{\"@id\":\"https:\\\/\\\/diariotextual.com\\\/inicio\\\/#website\"},\"primaryImageOfPage\":{\"@id\":\"https:\\\/\\\/diariotextual.com\\\/inicio\\\/index.php\\\/2019\\\/11\\\/22\\\/la-zona-franca-pico-cumple-20-anos-440-empleados\\\/#primaryimage\"},\"image\":{\"@id\":\"https:\\\/\\\/diariotextual.com\\\/inicio\\\/index.php\\\/2019\\\/11\\\/22\\\/la-zona-franca-pico-cumple-20-anos-440-empleados\\\/#primaryimage\"},\"thumbnailUrl\":\"https:\\\/\\\/diariotextual.com\\\/inicio\\\/wp-content\\\/uploads\\\/2019\\\/11\\\/moralejozonafranca2019-1.jpeg\",\"datePublished\":\"2019-11-22T17:14:43+00:00\",\"dateModified\":\"2019-11-23T01:52:45+00:00\",\"breadcrumb\":{\"@id\":\"https:\\\/\\\/diariotextual.com\\\/inicio\\\/index.php\\\/2019\\\/11\\\/22\\\/la-zona-franca-pico-cumple-20-anos-440-empleados\\\/#breadcrumb\"},\"inLanguage\":\"es\",\"potentialAction\":[{\"@type\":\"ReadAction\",\"target\":[\"https:\\\/\\\/diariotextual.com\\\/inicio\\\/index.php\\\/2019\\\/11\\\/22\\\/la-zona-franca-pico-cumple-20-anos-440-empleados\\\/\"]}]},{\"@type\":\"ImageObject\",\"inLanguage\":\"es\",\"@id\":\"https:\\\/\\\/diariotextual.com\\\/inicio\\\/index.php\\\/2019\\\/11\\\/22\\\/la-zona-franca-pico-cumple-20-anos-440-empleados\\\/#primaryimage\",\"url\":\"https:\\\/\\\/diariotextual.com\\\/inicio\\\/wp-content\\\/uploads\\\/2019\\\/11\\\/moralejozonafranca2019-1.jpeg\",\"contentUrl\":\"https:\\\/\\\/diariotextual.com\\\/inicio\\\/wp-content\\\/uploads\\\/2019\\\/11\\\/moralejozonafranca2019-1.jpeg\",\"width\":1280,\"height\":720},{\"@type\":\"BreadcrumbList\",\"@id\":\"https:\\\/\\\/diariotextual.com\\\/inicio\\\/index.php\\\/2019\\\/11\\\/22\\\/la-zona-franca-pico-cumple-20-anos-440-empleados\\\/#breadcrumb\",\"itemListElement\":[{\"@type\":\"ListItem\",\"position\":1,\"name\":\"Portada\",\"item\":\"https:\\\/\\\/diariotextual.com\\\/inicio\\\/\"},{\"@type\":\"ListItem\",\"position\":2,\"name\":\"La Zona Franca de Pico cumple 20 a\u00f1os: hay 440 empleados\"}]},{\"@type\":\"WebSite\",\"@id\":\"https:\\\/\\\/diariotextual.com\\\/inicio\\\/#website\",\"url\":\"https:\\\/\\\/diariotextual.com\\\/inicio\\\/\",\"name\":\"Diario Textual\",\"description\":\"\",\"publisher\":{\"@id\":\"https:\\\/\\\/diariotextual.com\\\/inicio\\\/#organization\"},\"potentialAction\":[{\"@type\":\"SearchAction\",\"target\":{\"@type\":\"EntryPoint\",\"urlTemplate\":\"https:\\\/\\\/diariotextual.com\\\/inicio\\\/?s={search_term_string}\"},\"query-input\":{\"@type\":\"PropertyValueSpecification\",\"valueRequired\":true,\"valueName\":\"search_term_string\"}}],\"inLanguage\":\"es\"},{\"@type\":\"Organization\",\"@id\":\"https:\\\/\\\/diariotextual.com\\\/inicio\\\/#organization\",\"name\":\"Diario Textual\",\"url\":\"https:\\\/\\\/diariotextual.com\\\/inicio\\\/\",\"logo\":{\"@type\":\"ImageObject\",\"inLanguage\":\"es\",\"@id\":\"https:\\\/\\\/diariotextual.com\\\/inicio\\\/#\\\/schema\\\/logo\\\/image\\\/\",\"url\":\"https:\\\/\\\/diariotextual.com\\\/inicio\\\/wp-content\\\/uploads\\\/2023\\\/05\\\/logotextual1.jpg\",\"contentUrl\":\"https:\\\/\\\/diariotextual.com\\\/inicio\\\/wp-content\\\/uploads\\\/2023\\\/05\\\/logotextual1.jpg\",\"width\":516,\"height\":76,\"caption\":\"Diario Textual\"},\"image\":{\"@id\":\"https:\\\/\\\/diariotextual.com\\\/inicio\\\/#\\\/schema\\\/logo\\\/image\\\/\"},\"sameAs\":[\"https:\\\/\\\/www.facebook.com\\\/eltextual\",\"https:\\\/\\\/x.com\\\/eltextual\",\"http:\\\/\\\/www.instagram.com\\\/eltextual\"]},{\"@type\":\"Person\",\"@id\":\"https:\\\/\\\/diariotextual.com\\\/inicio\\\/#\\\/schema\\\/person\\\/418fc4093c33e86ed41562db3508f958\",\"name\":\"Diario1 Diario1\",\"image\":{\"@type\":\"ImageObject\",\"inLanguage\":\"es\",\"@id\":\"https:\\\/\\\/secure.gravatar.com\\\/avatar\\\/9167d280179c85bc18be67aa7eda765854300033af4896dd779b608640f2ef7a?s=96&d=mm&r=g\",\"url\":\"https:\\\/\\\/secure.gravatar.com\\\/avatar\\\/9167d280179c85bc18be67aa7eda765854300033af4896dd779b608640f2ef7a?s=96&d=mm&r=g\",\"contentUrl\":\"https:\\\/\\\/secure.gravatar.com\\\/avatar\\\/9167d280179c85bc18be67aa7eda765854300033af4896dd779b608640f2ef7a?s=96&d=mm&r=g\",\"caption\":\"Diario1 Diario1\"},\"url\":\"https:\\\/\\\/diariotextual.com\\\/inicio\\\/index.php\\\/author\\\/diario1\\\/\"}]}<\/script>\n<!-- \/ Yoast SEO plugin. -->","yoast_head_json":{"title":"La Zona Franca de Pico cumple 20 a\u00f1os: hay 440 empleados - Diario Textual","robots":{"index":"index","follow":"follow","max-snippet":"max-snippet:-1","max-image-preview":"max-image-preview:large","max-video-preview":"max-video-preview:-1"},"canonical":"https:\/\/diariotextual.com\/inicio\/index.php\/2019\/11\/22\/la-zona-franca-pico-cumple-20-anos-440-empleados\/","og_locale":"es_ES","og_type":"article","og_title":"La Zona Franca de Pico cumple 20 a\u00f1os: hay 440 empleados - Diario Textual","og_description":"Este mediod\u00eda, autoridades provinciales y municipales, encabezadas por el ministro de la Producci\u00f3n, Ricardo Moralejo, recorrieron la Zona Franca de General Pico con motivo de cumplirse 20 a\u00f1os de su&hellip;","og_url":"https:\/\/diariotextual.com\/inicio\/index.php\/2019\/11\/22\/la-zona-franca-pico-cumple-20-anos-440-empleados\/","og_site_name":"Diario Textual","article_publisher":"https:\/\/www.facebook.com\/eltextual","article_published_time":"2019-11-22T17:14:43+00:00","article_modified_time":"2019-11-23T01:52:45+00:00","og_image":[{"width":1280,"height":720,"url":"https:\/\/diariotextual.com\/inicio\/wp-content\/uploads\/2019\/11\/moralejozonafranca2019-1.jpeg","type":"image\/jpeg"}],"author":"Diario1 Diario1","twitter_card":"summary_large_image","twitter_creator":"@eltextual","twitter_site":"@eltextual","twitter_misc":{"Escrito por":"Diario1 Diario1","Tiempo de lectura":"2 minutos"},"schema":{"@context":"https:\/\/schema.org","@graph":[{"@type":"Article","@id":"https:\/\/diariotextual.com\/inicio\/index.php\/2019\/11\/22\/la-zona-franca-pico-cumple-20-anos-440-empleados\/#article","isPartOf":{"@id":"https:\/\/diariotextual.com\/inicio\/index.php\/2019\/11\/22\/la-zona-franca-pico-cumple-20-anos-440-empleados\/"},"author":{"name":"Diario1 Diario1","@id":"https:\/\/diariotextual.com\/inicio\/#\/schema\/person\/418fc4093c33e86ed41562db3508f958"},"headline":"La Zona Franca de Pico cumple 20 a\u00f1os: hay 440 empleados","datePublished":"2019-11-22T17:14:43+00:00","dateModified":"2019-11-23T01:52:45+00:00","mainEntityOfPage":{"@id":"https:\/\/diariotextual.com\/inicio\/index.php\/2019\/11\/22\/la-zona-franca-pico-cumple-20-anos-440-empleados\/"},"wordCount":485,"publisher":{"@id":"https:\/\/diariotextual.com\/inicio\/#organization"},"image":{"@id":"https:\/\/diariotextual.com\/inicio\/index.php\/2019\/11\/22\/la-zona-franca-pico-cumple-20-anos-440-empleados\/#primaryimage"},"thumbnailUrl":"https:\/\/diariotextual.com\/inicio\/wp-content\/uploads\/2019\/11\/moralejozonafranca2019-1.jpeg","keywords":["franca","zona"],"articleSection":["A - QUE PASA (al costado)","ECONOMIA"],"inLanguage":"es"},{"@type":"WebPage","@id":"https:\/\/diariotextual.com\/inicio\/index.php\/2019\/11\/22\/la-zona-franca-pico-cumple-20-anos-440-empleados\/","url":"https:\/\/diariotextual.com\/inicio\/index.php\/2019\/11\/22\/la-zona-franca-pico-cumple-20-anos-440-empleados\/","name":"La Zona Franca de Pico cumple 20 a\u00f1os: hay 440 empleados - Diario Textual","isPartOf":{"@id":"https:\/\/diariotextual.com\/inicio\/#website"},"primaryImageOfPage":{"@id":"https:\/\/diariotextual.com\/inicio\/index.php\/2019\/11\/22\/la-zona-franca-pico-cumple-20-anos-440-empleados\/#primaryimage"},"image":{"@id":"https:\/\/diariotextual.com\/inicio\/index.php\/2019\/11\/22\/la-zona-franca-pico-cumple-20-anos-440-empleados\/#primaryimage"},"thumbnailUrl":"https:\/\/diariotextual.com\/inicio\/wp-content\/uploads\/2019\/11\/moralejozonafranca2019-1.jpeg","datePublished":"2019-11-22T17:14:43+00:00","dateModified":"2019-11-23T01:52:45+00:00","breadcrumb":{"@id":"https:\/\/diariotextual.com\/inicio\/index.php\/2019\/11\/22\/la-zona-franca-pico-cumple-20-anos-440-empleados\/#breadcrumb"},"inLanguage":"es","potentialAction":[{"@type":"ReadAction","target":["https:\/\/diariotextual.com\/inicio\/index.php\/2019\/11\/22\/la-zona-franca-pico-cumple-20-anos-440-empleados\/"]}]},{"@type":"ImageObject","inLanguage":"es","@id":"https:\/\/diariotextual.com\/inicio\/index.php\/2019\/11\/22\/la-zona-franca-pico-cumple-20-anos-440-empleados\/#primaryimage","url":"https:\/\/diariotextual.com\/inicio\/wp-content\/uploads\/2019\/11\/moralejozonafranca2019-1.jpeg","contentUrl":"https:\/\/diariotextual.com\/inicio\/wp-content\/uploads\/2019\/11\/moralejozonafranca2019-1.jpeg","width":1280,"height":720},{"@type":"BreadcrumbList","@id":"https:\/\/diariotextual.com\/inicio\/index.php\/2019\/11\/22\/la-zona-franca-pico-cumple-20-anos-440-empleados\/#breadcrumb","itemListElement":[{"@type":"ListItem","position":1,"name":"Portada","item":"https:\/\/diariotextual.com\/inicio\/"},{"@type":"ListItem","position":2,"name":"La Zona Franca de Pico cumple 20 a\u00f1os: hay 440 empleados"}]},{"@type":"WebSite","@id":"https:\/\/diariotextual.com\/inicio\/#website","url":"https:\/\/diariotextual.com\/inicio\/","name":"Diario Textual","description":"","publisher":{"@id":"https:\/\/diariotextual.com\/inicio\/#organization"},"potentialAction":[{"@type":"SearchAction","target":{"@type":"EntryPoint","urlTemplate":"https:\/\/diariotextual.com\/inicio\/?s={search_term_string}"},"query-input":{"@type":"PropertyValueSpecification","valueRequired":true,"valueName":"search_term_string"}}],"inLanguage":"es"},{"@type":"Organization","@id":"https:\/\/diariotextual.com\/inicio\/#organization","name":"Diario Textual","url":"https:\/\/diariotextual.com\/inicio\/","logo":{"@type":"ImageObject","inLanguage":"es","@id":"https:\/\/diariotextual.com\/inicio\/#\/schema\/logo\/image\/","url":"https:\/\/diariotextual.com\/inicio\/wp-content\/uploads\/2023\/05\/logotextual1.jpg","contentUrl":"https:\/\/diariotextual.com\/inicio\/wp-content\/uploads\/2023\/05\/logotextual1.jpg","width":516,"height":76,"caption":"Diario Textual"},"image":{"@id":"https:\/\/diariotextual.com\/inicio\/#\/schema\/logo\/image\/"},"sameAs":["https:\/\/www.facebook.com\/eltextual","https:\/\/x.com\/eltextual","http:\/\/www.instagram.com\/eltextual"]},{"@type":"Person","@id":"https:\/\/diariotextual.com\/inicio\/#\/schema\/person\/418fc4093c33e86ed41562db3508f958","name":"Diario1 Diario1","image":{"@type":"ImageObject","inLanguage":"es","@id":"https:\/\/secure.gravatar.com\/avatar\/9167d280179c85bc18be67aa7eda765854300033af4896dd779b608640f2ef7a?s=96&d=mm&r=g","url":"https:\/\/secure.gravatar.com\/avatar\/9167d280179c85bc18be67aa7eda765854300033af4896dd779b608640f2ef7a?s=96&d=mm&r=g","contentUrl":"https:\/\/secure.gravatar.com\/avatar\/9167d280179c85bc18be67aa7eda765854300033af4896dd779b608640f2ef7a?s=96&d=mm&r=g","caption":"Diario1 Diario1"},"url":"https:\/\/diariotextual.com\/inicio\/index.php\/author\/diario1\/"}]}},"_links":{"self":[{"href":"https:\/\/diariotextual.com\/inicio\/index.php\/wp-json\/wp\/v2\/posts\/70733","targetHints":{"allow":["GET"]}}],"collection":[{"href":"https:\/\/diariotextual.com\/inicio\/index.php\/wp-json\/wp\/v2\/posts"}],"about":[{"href":"https:\/\/diariotextual.com\/inicio\/index.php\/wp-json\/wp\/v2\/types\/post"}],"author":[{"embeddable":true,"href":"https:\/\/diariotextual.com\/inicio\/index.php\/wp-json\/wp\/v2\/users\/3"}],"replies":[{"embeddable":true,"href":"https:\/\/diariotextual.com\/inicio\/index.php\/wp-json\/wp\/v2\/comments?post=70733"}],"version-history":[{"count":2,"href":"https:\/\/diariotextual.com\/inicio\/index.php\/wp-json\/wp\/v2\/posts\/70733\/revisions"}],"predecessor-version":[{"id":70737,"href":"https:\/\/diariotextual.com\/inicio\/index.php\/wp-json\/wp\/v2\/posts\/70733\/revisions\/70737"}],"wp:featuredmedia":[{"embeddable":true,"href":"https:\/\/diariotextual.com\/inicio\/index.php\/wp-json\/wp\/v2\/media\/70738"}],"wp:attachment":[{"href":"https:\/\/diariotextual.com\/inicio\/index.php\/wp-json\/wp\/v2\/media?parent=70733"}],"wp:term":[{"taxonomy":"category","embeddable":true,"href":"https:\/\/diariotextual.com\/inicio\/index.php\/wp-json\/wp\/v2\/categories?post=70733"},{"taxonomy":"post_tag","embeddable":true,"href":"https:\/\/diariotextual.com\/inicio\/index.php\/wp-json\/wp\/v2\/tags?post=70733"}],"curies":[{"name":"wp","href":"https:\/\/api.w.org\/{rel}","templated":true}]}}