{"id":71328,"date":"2019-11-28T08:20:21","date_gmt":"2019-11-28T11:20:21","guid":{"rendered":"http:\/\/diariotextual.com\/inicio\/?p=71328"},"modified":"2019-11-28T08:55:01","modified_gmt":"2019-11-28T11:55:01","slug":"la-pampa-septiembre-cayo-198-empleo-registrado-la-construccion","status":"publish","type":"post","link":"https:\/\/diariotextual.com\/inicio\/index.php\/2019\/11\/28\/la-pampa-septiembre-cayo-198-empleo-registrado-la-construccion\/","title":{"rendered":"La Pampa: en septiembre cay\u00f3 19,8% el empleo registrado en la construcci\u00f3n"},"content":{"rendered":"<p>El Instituto de Estad\u00edstica y Registro de la Industria de la Construcci\u00f3n\u00a0revel\u00f3 en su \u00faltimo informe de coyuntura correspondiente al mes de septiembre que el empleo registrado en la construcci\u00f3n en La Pampa cay\u00f3 un 19,8% en la comparaci\u00f3n interanual. En tanto, en la comparaci\u00f3n con agosto, el descenso fue del 4,4%.<\/p>\n<p>El IERIC precis\u00f3 que a nivel nacional el empleo en la construcci\u00f3n tuvo una ca\u00edda en setiembre del 4,6%\u00a0interanual y result\u00f3 ser la baja m\u00e1s significativa en lo que va del a\u00f1o, completando trece meses consecutivos de variaciones interanuales negativas.<\/p>\n<p>\u201cSeg\u00fan los datos de car\u00e1cter provisorio, el n\u00famero de puestos de trabajo registrados en la industria de la construcci\u00f3n durante el mes de setiembre fue de 396.545, lo que supuso un descenso por debajo del nivel de los 400.000 puestos por primera vez desde abril de 2017\u201d, indic\u00f3 el IERIC.<\/p>\n<p>\u201cEn s\u00f3lo cuatro jurisdicciones lograron crecimientos superiores al 10% interanual (San Luis, Santa Cruz, Neuqu\u00e9n y resto de Buenos Aires), hubo trece provincias que registraron contracciones mayores al 10% (Catamarca, La Rioja, Chaco, Tierra del Fuego, La Pampa, Entre R\u00edos, C\u00f3rdoba, Corrientes, Formosa, Jujuy, Santiago del Estero, San Juan y Misiones). Incluso en las cuatro primeras de ese conjunto la ca\u00edda super\u00f3 al 20%\u201d, agreg\u00f3 el informe.<\/p>\n","protected":false},"excerpt":{"rendered":"<p>El Instituto de Estad\u00edstica y Registro de la Industria de la Construcci\u00f3n\u00a0revel\u00f3 en su \u00faltimo informe de coyuntura correspondiente al mes de septiembre que el empleo registrado en la construcci\u00f3n&hellip;<\/p>\n","protected":false},"author":7,"featured_media":68895,"comment_status":"closed","ping_status":"open","sticky":false,"template":"","format":"standard","meta":{"_acf_changed":false,"footnotes":""},"categories":[11,5],"tags":[],"class_list":["post-71328","post","type-post","status-publish","format-standard","has-post-thumbnail","hentry","category-que-pasa","category-economia"],"acf":[],"yoast_head":"<!-- This site is optimized with the Yoast SEO plugin v27.5 - https:\/\/yoast.com\/product\/yoast-seo-wordpress\/ -->\n<title>La Pampa: en septiembre cay\u00f3 19,8% el empleo registrado en la construcci\u00f3n - Diario Textual<\/title>\n<meta name=\"robots\" content=\"index, follow, max-snippet:-1, max-image-preview:large, max-video-preview:-1\" \/>\n<link rel=\"canonical\" href=\"https:\/\/diariotextual.com\/inicio\/index.php\/2019\/11\/28\/la-pampa-septiembre-cayo-198-empleo-registrado-la-construccion\/\" \/>\n<meta property=\"og:locale\" content=\"es_ES\" \/>\n<meta property=\"og:type\" content=\"article\" \/>\n<meta property=\"og:title\" content=\"La Pampa: en septiembre cay\u00f3 19,8% el empleo registrado en la construcci\u00f3n - Diario Textual\" \/>\n<meta property=\"og:description\" content=\"El Instituto de Estad\u00edstica y Registro de la Industria de la Construcci\u00f3n\u00a0revel\u00f3 en su \u00faltimo informe de coyuntura correspondiente al mes de septiembre que el empleo registrado en la construcci\u00f3n&hellip;\" \/>\n<meta property=\"og:url\" content=\"https:\/\/diariotextual.com\/inicio\/index.php\/2019\/11\/28\/la-pampa-septiembre-cayo-198-empleo-registrado-la-construccion\/\" \/>\n<meta property=\"og:site_name\" content=\"Diario Textual\" \/>\n<meta property=\"article:publisher\" content=\"https:\/\/www.facebook.com\/eltextual\" \/>\n<meta property=\"article:published_time\" content=\"2019-11-28T11:20:21+00:00\" \/>\n<meta property=\"article:modified_time\" content=\"2019-11-28T11:55:01+00:00\" \/>\n<meta property=\"og:image\" content=\"https:\/\/diariotextual.com\/inicio\/wp-content\/uploads\/2019\/11\/casasconstruccionalba\u00f1il33.jpg\" \/>\n\t<meta property=\"og:image:width\" content=\"960\" \/>\n\t<meta property=\"og:image:height\" content=\"640\" \/>\n\t<meta property=\"og:image:type\" content=\"image\/jpeg\" \/>\n<meta name=\"author\" content=\"diario5\" \/>\n<meta name=\"twitter:card\" content=\"summary_large_image\" \/>\n<meta name=\"twitter:creator\" content=\"@eltextual\" \/>\n<meta name=\"twitter:site\" content=\"@eltextual\" \/>\n<meta name=\"twitter:label1\" content=\"Escrito por\" \/>\n\t<meta name=\"twitter:data1\" content=\"diario5\" \/>\n\t<meta name=\"twitter:label2\" content=\"Tiempo de lectura\" \/>\n\t<meta name=\"twitter:data2\" content=\"1 minuto\" \/>\n<script type=\"application\/ld+json\" class=\"yoast-schema-graph\">{\"@context\":\"https:\\\/\\\/schema.org\",\"@graph\":[{\"@type\":\"Article\",\"@id\":\"https:\\\/\\\/diariotextual.com\\\/inicio\\\/index.php\\\/2019\\\/11\\\/28\\\/la-pampa-septiembre-cayo-198-empleo-registrado-la-construccion\\\/#article\",\"isPartOf\":{\"@id\":\"https:\\\/\\\/diariotextual.com\\\/inicio\\\/index.php\\\/2019\\\/11\\\/28\\\/la-pampa-septiembre-cayo-198-empleo-registrado-la-construccion\\\/\"},\"author\":{\"name\":\"diario5\",\"@id\":\"https:\\\/\\\/diariotextual.com\\\/inicio\\\/#\\\/schema\\\/person\\\/c7834961ad8b29b1d9cdbf4571299067\"},\"headline\":\"La Pampa: en septiembre cay\u00f3 19,8% el empleo registrado en la construcci\u00f3n\",\"datePublished\":\"2019-11-28T11:20:21+00:00\",\"dateModified\":\"2019-11-28T11:55:01+00:00\",\"mainEntityOfPage\":{\"@id\":\"https:\\\/\\\/diariotextual.com\\\/inicio\\\/index.php\\\/2019\\\/11\\\/28\\\/la-pampa-septiembre-cayo-198-empleo-registrado-la-construccion\\\/\"},\"wordCount\":232,\"publisher\":{\"@id\":\"https:\\\/\\\/diariotextual.com\\\/inicio\\\/#organization\"},\"image\":{\"@id\":\"https:\\\/\\\/diariotextual.com\\\/inicio\\\/index.php\\\/2019\\\/11\\\/28\\\/la-pampa-septiembre-cayo-198-empleo-registrado-la-construccion\\\/#primaryimage\"},\"thumbnailUrl\":\"https:\\\/\\\/diariotextual.com\\\/inicio\\\/wp-content\\\/uploads\\\/2019\\\/11\\\/casasconstruccionalba\u00f1il33.jpg\",\"articleSection\":[\"A - QUE PASA (al costado)\",\"ECONOMIA\"],\"inLanguage\":\"es\"},{\"@type\":\"WebPage\",\"@id\":\"https:\\\/\\\/diariotextual.com\\\/inicio\\\/index.php\\\/2019\\\/11\\\/28\\\/la-pampa-septiembre-cayo-198-empleo-registrado-la-construccion\\\/\",\"url\":\"https:\\\/\\\/diariotextual.com\\\/inicio\\\/index.php\\\/2019\\\/11\\\/28\\\/la-pampa-septiembre-cayo-198-empleo-registrado-la-construccion\\\/\",\"name\":\"La Pampa: en septiembre cay\u00f3 19,8% el empleo registrado en la construcci\u00f3n - Diario Textual\",\"isPartOf\":{\"@id\":\"https:\\\/\\\/diariotextual.com\\\/inicio\\\/#website\"},\"primaryImageOfPage\":{\"@id\":\"https:\\\/\\\/diariotextual.com\\\/inicio\\\/index.php\\\/2019\\\/11\\\/28\\\/la-pampa-septiembre-cayo-198-empleo-registrado-la-construccion\\\/#primaryimage\"},\"image\":{\"@id\":\"https:\\\/\\\/diariotextual.com\\\/inicio\\\/index.php\\\/2019\\\/11\\\/28\\\/la-pampa-septiembre-cayo-198-empleo-registrado-la-construccion\\\/#primaryimage\"},\"thumbnailUrl\":\"https:\\\/\\\/diariotextual.com\\\/inicio\\\/wp-content\\\/uploads\\\/2019\\\/11\\\/casasconstruccionalba\u00f1il33.jpg\",\"datePublished\":\"2019-11-28T11:20:21+00:00\",\"dateModified\":\"2019-11-28T11:55:01+00:00\",\"breadcrumb\":{\"@id\":\"https:\\\/\\\/diariotextual.com\\\/inicio\\\/index.php\\\/2019\\\/11\\\/28\\\/la-pampa-septiembre-cayo-198-empleo-registrado-la-construccion\\\/#breadcrumb\"},\"inLanguage\":\"es\",\"potentialAction\":[{\"@type\":\"ReadAction\",\"target\":[\"https:\\\/\\\/diariotextual.com\\\/inicio\\\/index.php\\\/2019\\\/11\\\/28\\\/la-pampa-septiembre-cayo-198-empleo-registrado-la-construccion\\\/\"]}]},{\"@type\":\"ImageObject\",\"inLanguage\":\"es\",\"@id\":\"https:\\\/\\\/diariotextual.com\\\/inicio\\\/index.php\\\/2019\\\/11\\\/28\\\/la-pampa-septiembre-cayo-198-empleo-registrado-la-construccion\\\/#primaryimage\",\"url\":\"https:\\\/\\\/diariotextual.com\\\/inicio\\\/wp-content\\\/uploads\\\/2019\\\/11\\\/casasconstruccionalba\u00f1il33.jpg\",\"contentUrl\":\"https:\\\/\\\/diariotextual.com\\\/inicio\\\/wp-content\\\/uploads\\\/2019\\\/11\\\/casasconstruccionalba\u00f1il33.jpg\",\"width\":960,\"height\":640},{\"@type\":\"BreadcrumbList\",\"@id\":\"https:\\\/\\\/diariotextual.com\\\/inicio\\\/index.php\\\/2019\\\/11\\\/28\\\/la-pampa-septiembre-cayo-198-empleo-registrado-la-construccion\\\/#breadcrumb\",\"itemListElement\":[{\"@type\":\"ListItem\",\"position\":1,\"name\":\"Portada\",\"item\":\"https:\\\/\\\/diariotextual.com\\\/inicio\\\/\"},{\"@type\":\"ListItem\",\"position\":2,\"name\":\"La Pampa: en septiembre cay\u00f3 19,8% el empleo registrado en la construcci\u00f3n\"}]},{\"@type\":\"WebSite\",\"@id\":\"https:\\\/\\\/diariotextual.com\\\/inicio\\\/#website\",\"url\":\"https:\\\/\\\/diariotextual.com\\\/inicio\\\/\",\"name\":\"Diario Textual\",\"description\":\"\",\"publisher\":{\"@id\":\"https:\\\/\\\/diariotextual.com\\\/inicio\\\/#organization\"},\"potentialAction\":[{\"@type\":\"SearchAction\",\"target\":{\"@type\":\"EntryPoint\",\"urlTemplate\":\"https:\\\/\\\/diariotextual.com\\\/inicio\\\/?s={search_term_string}\"},\"query-input\":{\"@type\":\"PropertyValueSpecification\",\"valueRequired\":true,\"valueName\":\"search_term_string\"}}],\"inLanguage\":\"es\"},{\"@type\":\"Organization\",\"@id\":\"https:\\\/\\\/diariotextual.com\\\/inicio\\\/#organization\",\"name\":\"Diario Textual\",\"url\":\"https:\\\/\\\/diariotextual.com\\\/inicio\\\/\",\"logo\":{\"@type\":\"ImageObject\",\"inLanguage\":\"es\",\"@id\":\"https:\\\/\\\/diariotextual.com\\\/inicio\\\/#\\\/schema\\\/logo\\\/image\\\/\",\"url\":\"https:\\\/\\\/diariotextual.com\\\/inicio\\\/wp-content\\\/uploads\\\/2023\\\/05\\\/logotextual1.jpg\",\"contentUrl\":\"https:\\\/\\\/diariotextual.com\\\/inicio\\\/wp-content\\\/uploads\\\/2023\\\/05\\\/logotextual1.jpg\",\"width\":516,\"height\":76,\"caption\":\"Diario Textual\"},\"image\":{\"@id\":\"https:\\\/\\\/diariotextual.com\\\/inicio\\\/#\\\/schema\\\/logo\\\/image\\\/\"},\"sameAs\":[\"https:\\\/\\\/www.facebook.com\\\/eltextual\",\"https:\\\/\\\/x.com\\\/eltextual\",\"http:\\\/\\\/www.instagram.com\\\/eltextual\"]},{\"@type\":\"Person\",\"@id\":\"https:\\\/\\\/diariotextual.com\\\/inicio\\\/#\\\/schema\\\/person\\\/c7834961ad8b29b1d9cdbf4571299067\",\"name\":\"diario5\",\"image\":{\"@type\":\"ImageObject\",\"inLanguage\":\"es\",\"@id\":\"https:\\\/\\\/secure.gravatar.com\\\/avatar\\\/948c893b847ca6df68216ead81b63f363408ec9b0f600fefc0641ce78613b111?s=96&d=mm&r=g\",\"url\":\"https:\\\/\\\/secure.gravatar.com\\\/avatar\\\/948c893b847ca6df68216ead81b63f363408ec9b0f600fefc0641ce78613b111?s=96&d=mm&r=g\",\"contentUrl\":\"https:\\\/\\\/secure.gravatar.com\\\/avatar\\\/948c893b847ca6df68216ead81b63f363408ec9b0f600fefc0641ce78613b111?s=96&d=mm&r=g\",\"caption\":\"diario5\"},\"url\":\"https:\\\/\\\/diariotextual.com\\\/inicio\\\/index.php\\\/author\\\/diario5\\\/\"}]}<\/script>\n<!-- \/ Yoast SEO plugin. -->","yoast_head_json":{"title":"La Pampa: en septiembre cay\u00f3 19,8% el empleo registrado en la construcci\u00f3n - Diario Textual","robots":{"index":"index","follow":"follow","max-snippet":"max-snippet:-1","max-image-preview":"max-image-preview:large","max-video-preview":"max-video-preview:-1"},"canonical":"https:\/\/diariotextual.com\/inicio\/index.php\/2019\/11\/28\/la-pampa-septiembre-cayo-198-empleo-registrado-la-construccion\/","og_locale":"es_ES","og_type":"article","og_title":"La Pampa: en septiembre cay\u00f3 19,8% el empleo registrado en la construcci\u00f3n - Diario Textual","og_description":"El Instituto de Estad\u00edstica y Registro de la Industria de la Construcci\u00f3n\u00a0revel\u00f3 en su \u00faltimo informe de coyuntura correspondiente al mes de septiembre que el empleo registrado en la construcci\u00f3n&hellip;","og_url":"https:\/\/diariotextual.com\/inicio\/index.php\/2019\/11\/28\/la-pampa-septiembre-cayo-198-empleo-registrado-la-construccion\/","og_site_name":"Diario Textual","article_publisher":"https:\/\/www.facebook.com\/eltextual","article_published_time":"2019-11-28T11:20:21+00:00","article_modified_time":"2019-11-28T11:55:01+00:00","og_image":[{"width":960,"height":640,"url":"https:\/\/diariotextual.com\/inicio\/wp-content\/uploads\/2019\/11\/casasconstruccionalba\u00f1il33.jpg","type":"image\/jpeg"}],"author":"diario5","twitter_card":"summary_large_image","twitter_creator":"@eltextual","twitter_site":"@eltextual","twitter_misc":{"Escrito por":"diario5","Tiempo de lectura":"1 minuto"},"schema":{"@context":"https:\/\/schema.org","@graph":[{"@type":"Article","@id":"https:\/\/diariotextual.com\/inicio\/index.php\/2019\/11\/28\/la-pampa-septiembre-cayo-198-empleo-registrado-la-construccion\/#article","isPartOf":{"@id":"https:\/\/diariotextual.com\/inicio\/index.php\/2019\/11\/28\/la-pampa-septiembre-cayo-198-empleo-registrado-la-construccion\/"},"author":{"name":"diario5","@id":"https:\/\/diariotextual.com\/inicio\/#\/schema\/person\/c7834961ad8b29b1d9cdbf4571299067"},"headline":"La Pampa: en septiembre cay\u00f3 19,8% el empleo registrado en la construcci\u00f3n","datePublished":"2019-11-28T11:20:21+00:00","dateModified":"2019-11-28T11:55:01+00:00","mainEntityOfPage":{"@id":"https:\/\/diariotextual.com\/inicio\/index.php\/2019\/11\/28\/la-pampa-septiembre-cayo-198-empleo-registrado-la-construccion\/"},"wordCount":232,"publisher":{"@id":"https:\/\/diariotextual.com\/inicio\/#organization"},"image":{"@id":"https:\/\/diariotextual.com\/inicio\/index.php\/2019\/11\/28\/la-pampa-septiembre-cayo-198-empleo-registrado-la-construccion\/#primaryimage"},"thumbnailUrl":"https:\/\/diariotextual.com\/inicio\/wp-content\/uploads\/2019\/11\/casasconstruccionalba\u00f1il33.jpg","articleSection":["A - QUE PASA (al costado)","ECONOMIA"],"inLanguage":"es"},{"@type":"WebPage","@id":"https:\/\/diariotextual.com\/inicio\/index.php\/2019\/11\/28\/la-pampa-septiembre-cayo-198-empleo-registrado-la-construccion\/","url":"https:\/\/diariotextual.com\/inicio\/index.php\/2019\/11\/28\/la-pampa-septiembre-cayo-198-empleo-registrado-la-construccion\/","name":"La Pampa: en septiembre cay\u00f3 19,8% el empleo registrado en la construcci\u00f3n - Diario Textual","isPartOf":{"@id":"https:\/\/diariotextual.com\/inicio\/#website"},"primaryImageOfPage":{"@id":"https:\/\/diariotextual.com\/inicio\/index.php\/2019\/11\/28\/la-pampa-septiembre-cayo-198-empleo-registrado-la-construccion\/#primaryimage"},"image":{"@id":"https:\/\/diariotextual.com\/inicio\/index.php\/2019\/11\/28\/la-pampa-septiembre-cayo-198-empleo-registrado-la-construccion\/#primaryimage"},"thumbnailUrl":"https:\/\/diariotextual.com\/inicio\/wp-content\/uploads\/2019\/11\/casasconstruccionalba\u00f1il33.jpg","datePublished":"2019-11-28T11:20:21+00:00","dateModified":"2019-11-28T11:55:01+00:00","breadcrumb":{"@id":"https:\/\/diariotextual.com\/inicio\/index.php\/2019\/11\/28\/la-pampa-septiembre-cayo-198-empleo-registrado-la-construccion\/#breadcrumb"},"inLanguage":"es","potentialAction":[{"@type":"ReadAction","target":["https:\/\/diariotextual.com\/inicio\/index.php\/2019\/11\/28\/la-pampa-septiembre-cayo-198-empleo-registrado-la-construccion\/"]}]},{"@type":"ImageObject","inLanguage":"es","@id":"https:\/\/diariotextual.com\/inicio\/index.php\/2019\/11\/28\/la-pampa-septiembre-cayo-198-empleo-registrado-la-construccion\/#primaryimage","url":"https:\/\/diariotextual.com\/inicio\/wp-content\/uploads\/2019\/11\/casasconstruccionalba\u00f1il33.jpg","contentUrl":"https:\/\/diariotextual.com\/inicio\/wp-content\/uploads\/2019\/11\/casasconstruccionalba\u00f1il33.jpg","width":960,"height":640},{"@type":"BreadcrumbList","@id":"https:\/\/diariotextual.com\/inicio\/index.php\/2019\/11\/28\/la-pampa-septiembre-cayo-198-empleo-registrado-la-construccion\/#breadcrumb","itemListElement":[{"@type":"ListItem","position":1,"name":"Portada","item":"https:\/\/diariotextual.com\/inicio\/"},{"@type":"ListItem","position":2,"name":"La Pampa: en septiembre cay\u00f3 19,8% el empleo registrado en la construcci\u00f3n"}]},{"@type":"WebSite","@id":"https:\/\/diariotextual.com\/inicio\/#website","url":"https:\/\/diariotextual.com\/inicio\/","name":"Diario Textual","description":"","publisher":{"@id":"https:\/\/diariotextual.com\/inicio\/#organization"},"potentialAction":[{"@type":"SearchAction","target":{"@type":"EntryPoint","urlTemplate":"https:\/\/diariotextual.com\/inicio\/?s={search_term_string}"},"query-input":{"@type":"PropertyValueSpecification","valueRequired":true,"valueName":"search_term_string"}}],"inLanguage":"es"},{"@type":"Organization","@id":"https:\/\/diariotextual.com\/inicio\/#organization","name":"Diario Textual","url":"https:\/\/diariotextual.com\/inicio\/","logo":{"@type":"ImageObject","inLanguage":"es","@id":"https:\/\/diariotextual.com\/inicio\/#\/schema\/logo\/image\/","url":"https:\/\/diariotextual.com\/inicio\/wp-content\/uploads\/2023\/05\/logotextual1.jpg","contentUrl":"https:\/\/diariotextual.com\/inicio\/wp-content\/uploads\/2023\/05\/logotextual1.jpg","width":516,"height":76,"caption":"Diario Textual"},"image":{"@id":"https:\/\/diariotextual.com\/inicio\/#\/schema\/logo\/image\/"},"sameAs":["https:\/\/www.facebook.com\/eltextual","https:\/\/x.com\/eltextual","http:\/\/www.instagram.com\/eltextual"]},{"@type":"Person","@id":"https:\/\/diariotextual.com\/inicio\/#\/schema\/person\/c7834961ad8b29b1d9cdbf4571299067","name":"diario5","image":{"@type":"ImageObject","inLanguage":"es","@id":"https:\/\/secure.gravatar.com\/avatar\/948c893b847ca6df68216ead81b63f363408ec9b0f600fefc0641ce78613b111?s=96&d=mm&r=g","url":"https:\/\/secure.gravatar.com\/avatar\/948c893b847ca6df68216ead81b63f363408ec9b0f600fefc0641ce78613b111?s=96&d=mm&r=g","contentUrl":"https:\/\/secure.gravatar.com\/avatar\/948c893b847ca6df68216ead81b63f363408ec9b0f600fefc0641ce78613b111?s=96&d=mm&r=g","caption":"diario5"},"url":"https:\/\/diariotextual.com\/inicio\/index.php\/author\/diario5\/"}]}},"_links":{"self":[{"href":"https:\/\/diariotextual.com\/inicio\/index.php\/wp-json\/wp\/v2\/posts\/71328","targetHints":{"allow":["GET"]}}],"collection":[{"href":"https:\/\/diariotextual.com\/inicio\/index.php\/wp-json\/wp\/v2\/posts"}],"about":[{"href":"https:\/\/diariotextual.com\/inicio\/index.php\/wp-json\/wp\/v2\/types\/post"}],"author":[{"embeddable":true,"href":"https:\/\/diariotextual.com\/inicio\/index.php\/wp-json\/wp\/v2\/users\/7"}],"replies":[{"embeddable":true,"href":"https:\/\/diariotextual.com\/inicio\/index.php\/wp-json\/wp\/v2\/comments?post=71328"}],"version-history":[{"count":2,"href":"https:\/\/diariotextual.com\/inicio\/index.php\/wp-json\/wp\/v2\/posts\/71328\/revisions"}],"predecessor-version":[{"id":71332,"href":"https:\/\/diariotextual.com\/inicio\/index.php\/wp-json\/wp\/v2\/posts\/71328\/revisions\/71332"}],"wp:featuredmedia":[{"embeddable":true,"href":"https:\/\/diariotextual.com\/inicio\/index.php\/wp-json\/wp\/v2\/media\/68895"}],"wp:attachment":[{"href":"https:\/\/diariotextual.com\/inicio\/index.php\/wp-json\/wp\/v2\/media?parent=71328"}],"wp:term":[{"taxonomy":"category","embeddable":true,"href":"https:\/\/diariotextual.com\/inicio\/index.php\/wp-json\/wp\/v2\/categories?post=71328"},{"taxonomy":"post_tag","embeddable":true,"href":"https:\/\/diariotextual.com\/inicio\/index.php\/wp-json\/wp\/v2\/tags?post=71328"}],"curies":[{"name":"wp","href":"https:\/\/api.w.org\/{rel}","templated":true}]}}