{"id":71523,"date":"2019-11-29T11:10:26","date_gmt":"2019-11-29T14:10:26","guid":{"rendered":"http:\/\/diariotextual.com\/inicio\/?p=71523"},"modified":"2019-11-29T13:24:18","modified_gmt":"2019-11-29T16:24:18","slug":"alberto-pidio-la-liberacion-exfuncionarios-supuestamente-recibio-coimas-esta-detenido-las-pago-no","status":"publish","type":"post","link":"https:\/\/diariotextual.com\/inicio\/index.php\/2019\/11\/29\/alberto-pidio-la-liberacion-exfuncionarios-supuestamente-recibio-coimas-esta-detenido-las-pago-no\/","title":{"rendered":"Alberto Fern\u00e1ndez pidi\u00f3 la liberaci\u00f3n de exfuncionarios detenidos"},"content":{"rendered":"<p>El presidente electo\u00a0Alberto Fern\u00e1ndez\u00a0pidi\u00f3 la liberaci\u00f3n de los ex funcionarios que contin\u00faan detenidos y sobre los cuales todav\u00eda no pesa una sentencia firme. <strong>\u201cNo tengan dudas de que est\u00e1n mal detenidos en la mayor\u00eda de los casos\u201d,<\/strong> asegur\u00f3 en una extensa entrevista en\u00a0radio Colonia. Y analiz\u00f3: \u201c\u00bfPor qu\u00e9 el que supuestamente recibi\u00f3 coimas est\u00e1 detenido y el que las pag\u00f3 no? Ninguno de los dos tiene que estar preso\u201d.<\/p>\n<p>Pese a ello, el futuro jefe de Estado se diferenci\u00f3 de quienes hablan de \u201cpresos pol\u00edticos\u201d en Argentina. \u201cUn preso pol\u00edtico es una persona que fue detenida sin un proceso;\u00a0en la Argentina lo que hay son detenidos arbitrarios, que es otra cosa, es gente que podr\u00eda soportar sus procesos en libertad pero los detienen porque son opositores\u00bb, especific\u00f3.<\/p>\n<p>Este jueves, el kirchnerismo realiz\u00f3 un acto en Comodoro Py para solicitar \u00abuna Navidad sin presos pol\u00edticos\u00bb. Pidieron especialmente por los casos de Amado Boudou, Julio De Vido, Milagro Sala, Juan Pablo el \u201cPata\u201d Medina y Luis D\u2019El\u00eda. Entre los asistentes, estuvieron Gabriel Mariotto, Horacio Pietragalla, Rodolfo Tailhade, Walter Correa, Alessandra Minnicelli, M\u00f3nica Garc\u00eda de la Fuente, Gerardo Ferreyra, Fernando Esteche, Santiago C\u00faneo y An\u00edbal Ibarra, seg\u00fan public\u00f3 Infobae.<\/p>\n<p>&nbsp;<\/p>\n","protected":false},"excerpt":{"rendered":"<p>El presidente electo\u00a0Alberto Fern\u00e1ndez\u00a0pidi\u00f3 la liberaci\u00f3n de los ex funcionarios que contin\u00faan detenidos y sobre los cuales todav\u00eda no pesa una sentencia firme. \u201cNo tengan dudas de que est\u00e1n mal&hellip;<\/p>\n","protected":false},"author":4,"featured_media":71536,"comment_status":"closed","ping_status":"open","sticky":false,"template":"","format":"standard","meta":{"_acf_changed":false,"footnotes":""},"categories":[4,8],"tags":[1984],"class_list":["post-71523","post","type-post","status-publish","format-standard","has-post-thumbnail","hentry","category-destacadas","category-politica","tag-alberto"],"acf":[],"yoast_head":"<!-- This site is optimized with the Yoast SEO plugin v27.5 - https:\/\/yoast.com\/product\/yoast-seo-wordpress\/ -->\n<title>Alberto Fern\u00e1ndez pidi\u00f3 la liberaci\u00f3n de exfuncionarios detenidos - Diario Textual<\/title>\n<meta name=\"robots\" content=\"index, follow, max-snippet:-1, max-image-preview:large, max-video-preview:-1\" \/>\n<link rel=\"canonical\" href=\"https:\/\/diariotextual.com\/inicio\/index.php\/2019\/11\/29\/alberto-pidio-la-liberacion-exfuncionarios-supuestamente-recibio-coimas-esta-detenido-las-pago-no\/\" \/>\n<meta property=\"og:locale\" content=\"es_ES\" \/>\n<meta property=\"og:type\" content=\"article\" \/>\n<meta property=\"og:title\" content=\"Alberto Fern\u00e1ndez pidi\u00f3 la liberaci\u00f3n de exfuncionarios detenidos - Diario Textual\" \/>\n<meta property=\"og:description\" content=\"El presidente electo\u00a0Alberto Fern\u00e1ndez\u00a0pidi\u00f3 la liberaci\u00f3n de los ex funcionarios que contin\u00faan detenidos y sobre los cuales todav\u00eda no pesa una sentencia firme. \u201cNo tengan dudas de que est\u00e1n mal&hellip;\" \/>\n<meta property=\"og:url\" content=\"https:\/\/diariotextual.com\/inicio\/index.php\/2019\/11\/29\/alberto-pidio-la-liberacion-exfuncionarios-supuestamente-recibio-coimas-esta-detenido-las-pago-no\/\" \/>\n<meta property=\"og:site_name\" content=\"Diario Textual\" \/>\n<meta property=\"article:publisher\" content=\"https:\/\/www.facebook.com\/eltextual\" \/>\n<meta property=\"article:published_time\" content=\"2019-11-29T14:10:26+00:00\" \/>\n<meta property=\"article:modified_time\" content=\"2019-11-29T16:24:18+00:00\" \/>\n<meta property=\"og:image\" content=\"https:\/\/diariotextual.com\/inicio\/wp-content\/uploads\/2019\/11\/fernandezalberto2019-2009.jpg\" \/>\n\t<meta property=\"og:image:width\" content=\"959\" \/>\n\t<meta property=\"og:image:height\" content=\"640\" \/>\n\t<meta property=\"og:image:type\" content=\"image\/jpeg\" \/>\n<meta name=\"author\" content=\"diario2\" \/>\n<meta name=\"twitter:card\" content=\"summary_large_image\" \/>\n<meta name=\"twitter:creator\" content=\"@eltextual\" \/>\n<meta name=\"twitter:site\" content=\"@eltextual\" \/>\n<meta name=\"twitter:label1\" content=\"Escrito por\" \/>\n\t<meta name=\"twitter:data1\" content=\"diario2\" \/>\n\t<meta name=\"twitter:label2\" content=\"Tiempo de lectura\" \/>\n\t<meta name=\"twitter:data2\" content=\"1 minuto\" \/>\n<script type=\"application\/ld+json\" class=\"yoast-schema-graph\">{\"@context\":\"https:\\\/\\\/schema.org\",\"@graph\":[{\"@type\":\"Article\",\"@id\":\"https:\\\/\\\/diariotextual.com\\\/inicio\\\/index.php\\\/2019\\\/11\\\/29\\\/alberto-pidio-la-liberacion-exfuncionarios-supuestamente-recibio-coimas-esta-detenido-las-pago-no\\\/#article\",\"isPartOf\":{\"@id\":\"https:\\\/\\\/diariotextual.com\\\/inicio\\\/index.php\\\/2019\\\/11\\\/29\\\/alberto-pidio-la-liberacion-exfuncionarios-supuestamente-recibio-coimas-esta-detenido-las-pago-no\\\/\"},\"author\":{\"name\":\"diario2\",\"@id\":\"https:\\\/\\\/diariotextual.com\\\/inicio\\\/#\\\/schema\\\/person\\\/694f60677f23c4a530867a98f22b3768\"},\"headline\":\"Alberto Fern\u00e1ndez pidi\u00f3 la liberaci\u00f3n de exfuncionarios detenidos\",\"datePublished\":\"2019-11-29T14:10:26+00:00\",\"dateModified\":\"2019-11-29T16:24:18+00:00\",\"mainEntityOfPage\":{\"@id\":\"https:\\\/\\\/diariotextual.com\\\/inicio\\\/index.php\\\/2019\\\/11\\\/29\\\/alberto-pidio-la-liberacion-exfuncionarios-supuestamente-recibio-coimas-esta-detenido-las-pago-no\\\/\"},\"wordCount\":228,\"publisher\":{\"@id\":\"https:\\\/\\\/diariotextual.com\\\/inicio\\\/#organization\"},\"image\":{\"@id\":\"https:\\\/\\\/diariotextual.com\\\/inicio\\\/index.php\\\/2019\\\/11\\\/29\\\/alberto-pidio-la-liberacion-exfuncionarios-supuestamente-recibio-coimas-esta-detenido-las-pago-no\\\/#primaryimage\"},\"thumbnailUrl\":\"https:\\\/\\\/diariotextual.com\\\/inicio\\\/wp-content\\\/uploads\\\/2019\\\/11\\\/fernandezalberto2019-2009.jpg\",\"keywords\":[\"alberto\"],\"articleSection\":[\"A - DESTACADAS (mod 16)\",\"POLITICA\"],\"inLanguage\":\"es\"},{\"@type\":\"WebPage\",\"@id\":\"https:\\\/\\\/diariotextual.com\\\/inicio\\\/index.php\\\/2019\\\/11\\\/29\\\/alberto-pidio-la-liberacion-exfuncionarios-supuestamente-recibio-coimas-esta-detenido-las-pago-no\\\/\",\"url\":\"https:\\\/\\\/diariotextual.com\\\/inicio\\\/index.php\\\/2019\\\/11\\\/29\\\/alberto-pidio-la-liberacion-exfuncionarios-supuestamente-recibio-coimas-esta-detenido-las-pago-no\\\/\",\"name\":\"Alberto Fern\u00e1ndez pidi\u00f3 la liberaci\u00f3n de exfuncionarios detenidos - Diario Textual\",\"isPartOf\":{\"@id\":\"https:\\\/\\\/diariotextual.com\\\/inicio\\\/#website\"},\"primaryImageOfPage\":{\"@id\":\"https:\\\/\\\/diariotextual.com\\\/inicio\\\/index.php\\\/2019\\\/11\\\/29\\\/alberto-pidio-la-liberacion-exfuncionarios-supuestamente-recibio-coimas-esta-detenido-las-pago-no\\\/#primaryimage\"},\"image\":{\"@id\":\"https:\\\/\\\/diariotextual.com\\\/inicio\\\/index.php\\\/2019\\\/11\\\/29\\\/alberto-pidio-la-liberacion-exfuncionarios-supuestamente-recibio-coimas-esta-detenido-las-pago-no\\\/#primaryimage\"},\"thumbnailUrl\":\"https:\\\/\\\/diariotextual.com\\\/inicio\\\/wp-content\\\/uploads\\\/2019\\\/11\\\/fernandezalberto2019-2009.jpg\",\"datePublished\":\"2019-11-29T14:10:26+00:00\",\"dateModified\":\"2019-11-29T16:24:18+00:00\",\"breadcrumb\":{\"@id\":\"https:\\\/\\\/diariotextual.com\\\/inicio\\\/index.php\\\/2019\\\/11\\\/29\\\/alberto-pidio-la-liberacion-exfuncionarios-supuestamente-recibio-coimas-esta-detenido-las-pago-no\\\/#breadcrumb\"},\"inLanguage\":\"es\",\"potentialAction\":[{\"@type\":\"ReadAction\",\"target\":[\"https:\\\/\\\/diariotextual.com\\\/inicio\\\/index.php\\\/2019\\\/11\\\/29\\\/alberto-pidio-la-liberacion-exfuncionarios-supuestamente-recibio-coimas-esta-detenido-las-pago-no\\\/\"]}]},{\"@type\":\"ImageObject\",\"inLanguage\":\"es\",\"@id\":\"https:\\\/\\\/diariotextual.com\\\/inicio\\\/index.php\\\/2019\\\/11\\\/29\\\/alberto-pidio-la-liberacion-exfuncionarios-supuestamente-recibio-coimas-esta-detenido-las-pago-no\\\/#primaryimage\",\"url\":\"https:\\\/\\\/diariotextual.com\\\/inicio\\\/wp-content\\\/uploads\\\/2019\\\/11\\\/fernandezalberto2019-2009.jpg\",\"contentUrl\":\"https:\\\/\\\/diariotextual.com\\\/inicio\\\/wp-content\\\/uploads\\\/2019\\\/11\\\/fernandezalberto2019-2009.jpg\",\"width\":959,\"height\":640},{\"@type\":\"BreadcrumbList\",\"@id\":\"https:\\\/\\\/diariotextual.com\\\/inicio\\\/index.php\\\/2019\\\/11\\\/29\\\/alberto-pidio-la-liberacion-exfuncionarios-supuestamente-recibio-coimas-esta-detenido-las-pago-no\\\/#breadcrumb\",\"itemListElement\":[{\"@type\":\"ListItem\",\"position\":1,\"name\":\"Portada\",\"item\":\"https:\\\/\\\/diariotextual.com\\\/inicio\\\/\"},{\"@type\":\"ListItem\",\"position\":2,\"name\":\"Alberto Fern\u00e1ndez pidi\u00f3 la liberaci\u00f3n de exfuncionarios detenidos\"}]},{\"@type\":\"WebSite\",\"@id\":\"https:\\\/\\\/diariotextual.com\\\/inicio\\\/#website\",\"url\":\"https:\\\/\\\/diariotextual.com\\\/inicio\\\/\",\"name\":\"Diario Textual\",\"description\":\"\",\"publisher\":{\"@id\":\"https:\\\/\\\/diariotextual.com\\\/inicio\\\/#organization\"},\"potentialAction\":[{\"@type\":\"SearchAction\",\"target\":{\"@type\":\"EntryPoint\",\"urlTemplate\":\"https:\\\/\\\/diariotextual.com\\\/inicio\\\/?s={search_term_string}\"},\"query-input\":{\"@type\":\"PropertyValueSpecification\",\"valueRequired\":true,\"valueName\":\"search_term_string\"}}],\"inLanguage\":\"es\"},{\"@type\":\"Organization\",\"@id\":\"https:\\\/\\\/diariotextual.com\\\/inicio\\\/#organization\",\"name\":\"Diario Textual\",\"url\":\"https:\\\/\\\/diariotextual.com\\\/inicio\\\/\",\"logo\":{\"@type\":\"ImageObject\",\"inLanguage\":\"es\",\"@id\":\"https:\\\/\\\/diariotextual.com\\\/inicio\\\/#\\\/schema\\\/logo\\\/image\\\/\",\"url\":\"https:\\\/\\\/diariotextual.com\\\/inicio\\\/wp-content\\\/uploads\\\/2023\\\/05\\\/logotextual1.jpg\",\"contentUrl\":\"https:\\\/\\\/diariotextual.com\\\/inicio\\\/wp-content\\\/uploads\\\/2023\\\/05\\\/logotextual1.jpg\",\"width\":516,\"height\":76,\"caption\":\"Diario Textual\"},\"image\":{\"@id\":\"https:\\\/\\\/diariotextual.com\\\/inicio\\\/#\\\/schema\\\/logo\\\/image\\\/\"},\"sameAs\":[\"https:\\\/\\\/www.facebook.com\\\/eltextual\",\"https:\\\/\\\/x.com\\\/eltextual\",\"http:\\\/\\\/www.instagram.com\\\/eltextual\"]},{\"@type\":\"Person\",\"@id\":\"https:\\\/\\\/diariotextual.com\\\/inicio\\\/#\\\/schema\\\/person\\\/694f60677f23c4a530867a98f22b3768\",\"name\":\"diario2\",\"image\":{\"@type\":\"ImageObject\",\"inLanguage\":\"es\",\"@id\":\"https:\\\/\\\/secure.gravatar.com\\\/avatar\\\/5a2567495ba16b852fcd8f1ed006a2e24fcace936018ed8237e95f488ad6e0a7?s=96&d=mm&r=g\",\"url\":\"https:\\\/\\\/secure.gravatar.com\\\/avatar\\\/5a2567495ba16b852fcd8f1ed006a2e24fcace936018ed8237e95f488ad6e0a7?s=96&d=mm&r=g\",\"contentUrl\":\"https:\\\/\\\/secure.gravatar.com\\\/avatar\\\/5a2567495ba16b852fcd8f1ed006a2e24fcace936018ed8237e95f488ad6e0a7?s=96&d=mm&r=g\",\"caption\":\"diario2\"},\"url\":\"https:\\\/\\\/diariotextual.com\\\/inicio\\\/index.php\\\/author\\\/diario2\\\/\"}]}<\/script>\n<!-- \/ Yoast SEO plugin. -->","yoast_head_json":{"title":"Alberto Fern\u00e1ndez pidi\u00f3 la liberaci\u00f3n de exfuncionarios detenidos - Diario Textual","robots":{"index":"index","follow":"follow","max-snippet":"max-snippet:-1","max-image-preview":"max-image-preview:large","max-video-preview":"max-video-preview:-1"},"canonical":"https:\/\/diariotextual.com\/inicio\/index.php\/2019\/11\/29\/alberto-pidio-la-liberacion-exfuncionarios-supuestamente-recibio-coimas-esta-detenido-las-pago-no\/","og_locale":"es_ES","og_type":"article","og_title":"Alberto Fern\u00e1ndez pidi\u00f3 la liberaci\u00f3n de exfuncionarios detenidos - Diario Textual","og_description":"El presidente electo\u00a0Alberto Fern\u00e1ndez\u00a0pidi\u00f3 la liberaci\u00f3n de los ex funcionarios que contin\u00faan detenidos y sobre los cuales todav\u00eda no pesa una sentencia firme. \u201cNo tengan dudas de que est\u00e1n mal&hellip;","og_url":"https:\/\/diariotextual.com\/inicio\/index.php\/2019\/11\/29\/alberto-pidio-la-liberacion-exfuncionarios-supuestamente-recibio-coimas-esta-detenido-las-pago-no\/","og_site_name":"Diario Textual","article_publisher":"https:\/\/www.facebook.com\/eltextual","article_published_time":"2019-11-29T14:10:26+00:00","article_modified_time":"2019-11-29T16:24:18+00:00","og_image":[{"width":959,"height":640,"url":"https:\/\/diariotextual.com\/inicio\/wp-content\/uploads\/2019\/11\/fernandezalberto2019-2009.jpg","type":"image\/jpeg"}],"author":"diario2","twitter_card":"summary_large_image","twitter_creator":"@eltextual","twitter_site":"@eltextual","twitter_misc":{"Escrito por":"diario2","Tiempo de lectura":"1 minuto"},"schema":{"@context":"https:\/\/schema.org","@graph":[{"@type":"Article","@id":"https:\/\/diariotextual.com\/inicio\/index.php\/2019\/11\/29\/alberto-pidio-la-liberacion-exfuncionarios-supuestamente-recibio-coimas-esta-detenido-las-pago-no\/#article","isPartOf":{"@id":"https:\/\/diariotextual.com\/inicio\/index.php\/2019\/11\/29\/alberto-pidio-la-liberacion-exfuncionarios-supuestamente-recibio-coimas-esta-detenido-las-pago-no\/"},"author":{"name":"diario2","@id":"https:\/\/diariotextual.com\/inicio\/#\/schema\/person\/694f60677f23c4a530867a98f22b3768"},"headline":"Alberto Fern\u00e1ndez pidi\u00f3 la liberaci\u00f3n de exfuncionarios detenidos","datePublished":"2019-11-29T14:10:26+00:00","dateModified":"2019-11-29T16:24:18+00:00","mainEntityOfPage":{"@id":"https:\/\/diariotextual.com\/inicio\/index.php\/2019\/11\/29\/alberto-pidio-la-liberacion-exfuncionarios-supuestamente-recibio-coimas-esta-detenido-las-pago-no\/"},"wordCount":228,"publisher":{"@id":"https:\/\/diariotextual.com\/inicio\/#organization"},"image":{"@id":"https:\/\/diariotextual.com\/inicio\/index.php\/2019\/11\/29\/alberto-pidio-la-liberacion-exfuncionarios-supuestamente-recibio-coimas-esta-detenido-las-pago-no\/#primaryimage"},"thumbnailUrl":"https:\/\/diariotextual.com\/inicio\/wp-content\/uploads\/2019\/11\/fernandezalberto2019-2009.jpg","keywords":["alberto"],"articleSection":["A - DESTACADAS (mod 16)","POLITICA"],"inLanguage":"es"},{"@type":"WebPage","@id":"https:\/\/diariotextual.com\/inicio\/index.php\/2019\/11\/29\/alberto-pidio-la-liberacion-exfuncionarios-supuestamente-recibio-coimas-esta-detenido-las-pago-no\/","url":"https:\/\/diariotextual.com\/inicio\/index.php\/2019\/11\/29\/alberto-pidio-la-liberacion-exfuncionarios-supuestamente-recibio-coimas-esta-detenido-las-pago-no\/","name":"Alberto Fern\u00e1ndez pidi\u00f3 la liberaci\u00f3n de exfuncionarios detenidos - Diario Textual","isPartOf":{"@id":"https:\/\/diariotextual.com\/inicio\/#website"},"primaryImageOfPage":{"@id":"https:\/\/diariotextual.com\/inicio\/index.php\/2019\/11\/29\/alberto-pidio-la-liberacion-exfuncionarios-supuestamente-recibio-coimas-esta-detenido-las-pago-no\/#primaryimage"},"image":{"@id":"https:\/\/diariotextual.com\/inicio\/index.php\/2019\/11\/29\/alberto-pidio-la-liberacion-exfuncionarios-supuestamente-recibio-coimas-esta-detenido-las-pago-no\/#primaryimage"},"thumbnailUrl":"https:\/\/diariotextual.com\/inicio\/wp-content\/uploads\/2019\/11\/fernandezalberto2019-2009.jpg","datePublished":"2019-11-29T14:10:26+00:00","dateModified":"2019-11-29T16:24:18+00:00","breadcrumb":{"@id":"https:\/\/diariotextual.com\/inicio\/index.php\/2019\/11\/29\/alberto-pidio-la-liberacion-exfuncionarios-supuestamente-recibio-coimas-esta-detenido-las-pago-no\/#breadcrumb"},"inLanguage":"es","potentialAction":[{"@type":"ReadAction","target":["https:\/\/diariotextual.com\/inicio\/index.php\/2019\/11\/29\/alberto-pidio-la-liberacion-exfuncionarios-supuestamente-recibio-coimas-esta-detenido-las-pago-no\/"]}]},{"@type":"ImageObject","inLanguage":"es","@id":"https:\/\/diariotextual.com\/inicio\/index.php\/2019\/11\/29\/alberto-pidio-la-liberacion-exfuncionarios-supuestamente-recibio-coimas-esta-detenido-las-pago-no\/#primaryimage","url":"https:\/\/diariotextual.com\/inicio\/wp-content\/uploads\/2019\/11\/fernandezalberto2019-2009.jpg","contentUrl":"https:\/\/diariotextual.com\/inicio\/wp-content\/uploads\/2019\/11\/fernandezalberto2019-2009.jpg","width":959,"height":640},{"@type":"BreadcrumbList","@id":"https:\/\/diariotextual.com\/inicio\/index.php\/2019\/11\/29\/alberto-pidio-la-liberacion-exfuncionarios-supuestamente-recibio-coimas-esta-detenido-las-pago-no\/#breadcrumb","itemListElement":[{"@type":"ListItem","position":1,"name":"Portada","item":"https:\/\/diariotextual.com\/inicio\/"},{"@type":"ListItem","position":2,"name":"Alberto Fern\u00e1ndez pidi\u00f3 la liberaci\u00f3n de exfuncionarios detenidos"}]},{"@type":"WebSite","@id":"https:\/\/diariotextual.com\/inicio\/#website","url":"https:\/\/diariotextual.com\/inicio\/","name":"Diario Textual","description":"","publisher":{"@id":"https:\/\/diariotextual.com\/inicio\/#organization"},"potentialAction":[{"@type":"SearchAction","target":{"@type":"EntryPoint","urlTemplate":"https:\/\/diariotextual.com\/inicio\/?s={search_term_string}"},"query-input":{"@type":"PropertyValueSpecification","valueRequired":true,"valueName":"search_term_string"}}],"inLanguage":"es"},{"@type":"Organization","@id":"https:\/\/diariotextual.com\/inicio\/#organization","name":"Diario Textual","url":"https:\/\/diariotextual.com\/inicio\/","logo":{"@type":"ImageObject","inLanguage":"es","@id":"https:\/\/diariotextual.com\/inicio\/#\/schema\/logo\/image\/","url":"https:\/\/diariotextual.com\/inicio\/wp-content\/uploads\/2023\/05\/logotextual1.jpg","contentUrl":"https:\/\/diariotextual.com\/inicio\/wp-content\/uploads\/2023\/05\/logotextual1.jpg","width":516,"height":76,"caption":"Diario Textual"},"image":{"@id":"https:\/\/diariotextual.com\/inicio\/#\/schema\/logo\/image\/"},"sameAs":["https:\/\/www.facebook.com\/eltextual","https:\/\/x.com\/eltextual","http:\/\/www.instagram.com\/eltextual"]},{"@type":"Person","@id":"https:\/\/diariotextual.com\/inicio\/#\/schema\/person\/694f60677f23c4a530867a98f22b3768","name":"diario2","image":{"@type":"ImageObject","inLanguage":"es","@id":"https:\/\/secure.gravatar.com\/avatar\/5a2567495ba16b852fcd8f1ed006a2e24fcace936018ed8237e95f488ad6e0a7?s=96&d=mm&r=g","url":"https:\/\/secure.gravatar.com\/avatar\/5a2567495ba16b852fcd8f1ed006a2e24fcace936018ed8237e95f488ad6e0a7?s=96&d=mm&r=g","contentUrl":"https:\/\/secure.gravatar.com\/avatar\/5a2567495ba16b852fcd8f1ed006a2e24fcace936018ed8237e95f488ad6e0a7?s=96&d=mm&r=g","caption":"diario2"},"url":"https:\/\/diariotextual.com\/inicio\/index.php\/author\/diario2\/"}]}},"_links":{"self":[{"href":"https:\/\/diariotextual.com\/inicio\/index.php\/wp-json\/wp\/v2\/posts\/71523","targetHints":{"allow":["GET"]}}],"collection":[{"href":"https:\/\/diariotextual.com\/inicio\/index.php\/wp-json\/wp\/v2\/posts"}],"about":[{"href":"https:\/\/diariotextual.com\/inicio\/index.php\/wp-json\/wp\/v2\/types\/post"}],"author":[{"embeddable":true,"href":"https:\/\/diariotextual.com\/inicio\/index.php\/wp-json\/wp\/v2\/users\/4"}],"replies":[{"embeddable":true,"href":"https:\/\/diariotextual.com\/inicio\/index.php\/wp-json\/wp\/v2\/comments?post=71523"}],"version-history":[{"count":3,"href":"https:\/\/diariotextual.com\/inicio\/index.php\/wp-json\/wp\/v2\/posts\/71523\/revisions"}],"predecessor-version":[{"id":71537,"href":"https:\/\/diariotextual.com\/inicio\/index.php\/wp-json\/wp\/v2\/posts\/71523\/revisions\/71537"}],"wp:featuredmedia":[{"embeddable":true,"href":"https:\/\/diariotextual.com\/inicio\/index.php\/wp-json\/wp\/v2\/media\/71536"}],"wp:attachment":[{"href":"https:\/\/diariotextual.com\/inicio\/index.php\/wp-json\/wp\/v2\/media?parent=71523"}],"wp:term":[{"taxonomy":"category","embeddable":true,"href":"https:\/\/diariotextual.com\/inicio\/index.php\/wp-json\/wp\/v2\/categories?post=71523"},{"taxonomy":"post_tag","embeddable":true,"href":"https:\/\/diariotextual.com\/inicio\/index.php\/wp-json\/wp\/v2\/tags?post=71523"}],"curies":[{"name":"wp","href":"https:\/\/api.w.org\/{rel}","templated":true}]}}