{"id":71775,"date":"2019-12-02T11:33:00","date_gmt":"2019-12-02T14:33:00","guid":{"rendered":"http:\/\/diariotextual.com\/inicio\/?p=71775"},"modified":"2019-12-02T19:25:18","modified_gmt":"2019-12-02T22:25:18","slug":"una-obra-la-pampa-elegida-monumento-historico-nacional","status":"publish","type":"post","link":"https:\/\/diariotextual.com\/inicio\/index.php\/2019\/12\/02\/una-obra-la-pampa-elegida-monumento-historico-nacional\/","title":{"rendered":"Una obra de La Pampa fue declarada Monumento Hist\u00f3rico Nacional"},"content":{"rendered":"<p>El Gobierno nacional declar\u00f3\u00a0<strong>Monumento Hist\u00f3rico Nacional<\/strong> la imponente obra que homenajea al expresidente norteamericano<strong> John Fitzgerald Kennedy<\/strong>. Este monumento es autor\u00eda\u00a0del artista uruguayo<strong> Lincoln Presno<\/strong>.\u00a0Lo financiaron y levantaron productores rurales de Quem\u00fa Quem\u00fa en la d\u00e9cada del &#8217;60.<\/p>\n<p>Est\u00e1 emplazado en la ruta provincial 1, en proximidades del acceso a Quem\u00fa. Fue inaugurado el 29 de junio del a\u00f1o 1967.<\/p>\n<p>La decisi\u00f3n es del Gobierno nacional: mediante un decreto, <strong>124 obras de todo el pa\u00eds fueron declaradas Monumento Hist\u00f3rico Nacional.<\/strong><\/p>\n<p><iframe style=\"border: none; overflow: hidden;\" src=\"https:\/\/www.facebook.com\/plugins\/video.php?href=https%3A%2F%2Fwww.facebook.com%2FGERAAudiovisuales%2Fvideos%2F1776230222433502%2F&amp;show_text=1&amp;width=560\" width=\"560\" height=\"483\" frameborder=\"0\" scrolling=\"no\" allowfullscreen=\"allowfullscreen\"><\/iframe><\/p>\n<p>&nbsp;<\/p>\n<p>En la pr\u00e1ctica eso significa que <strong>no podr\u00e1n ser destruidas, ni relocalizadas, vendidas o restauradas sin una consulta a la Comisi\u00f3n Nacional de Museos y de Monumentos y Lugares Hist\u00f3ricos.<\/strong> En la Argentina, un pa\u00eds con un amplio patrimonio escult\u00f3rico que muchas veces no se preserva, la decisi\u00f3n representa una gran noticia.<\/p>\n<p>La lista es amplia y diversa. Incluye desde homenajes a pr\u00f3ceres de la patria, hasta gigantescos monumentos que funcionan como postales indiscutidas, como el caso de los Lobos Marinos. Pero tambi\u00e9n abarca esculturas menos conocidas como el Monumento a Falucho de Palermo, un homenaje al soldado de la comunidad negra que fue un h\u00e9roe de la Independencia Argentina, o El Gaucho Resero, que pas\u00f3 de estar originalmente en el Palais de Glace de Recoleta a estar ahora en el barrio de Mataderos. <strong>De La Pampa, solo se incluye esta obra.<\/strong><\/p>\n<p>Este es el listado completo de las obras declaradas Monumento Hist\u00f3rico Nacional:<\/p>\n<p>&nbsp;<\/p>\n<p><strong>Ciudad de Buenos Aires<\/strong><\/p>\n<p>1) EL CID CAMPEADOR\u200b, de Anna Hyatt Huntington<\/p>\n<p>2) JULIO ARGENTINO ROCA, de Jos\u00e9 Luis Zorrilla de San Mart\u00edn y Alejandro Bustillo<\/p>\n<p>3) JOS\u00c9 GERVASIO DE ARTIGAS, de Jos\u00e9 Luis Zorrilla de San Mart\u00edn y Alejandro Bustillo.<\/p>\n<p>4) A ESPA\u00d1A, de Arturo Desco.<\/p>\n<p>5) ROQUE S\u00c1ENZ PE\u00d1A, de Jos\u00e9 Fioravanti.<\/p>\n<p>6) NICOL\u00c1S AVELLANEDA, de Jos\u00e9 Fioravanti.<\/p>\n<p>7) SIM\u00d3N BOL\u00cdVAR, de Jos\u00e9 Fioravanti.<\/p>\n<p>8) RUB\u00c9N DAR\u00cdO, de Jos\u00e9 Fioravanti.<\/p>\n<p>9) OFRENDA FLORAL A SARMIENTO, de Emile Edmond Peynot.<\/p>\n<p>10) FRANCIA A LA ARGENTINA, de Emile Edmond Peynot y Henry Paul Nenot.<\/p>\n<p>11) EL ESCLAVO o LA ESCLAVITUD, de Francisco Cafferata.<\/p>\n<p>12) CRIST\u00d3BAL COL\u00d3N, de Arnaldo Zocchi.<\/p>\n<p>13) PEDRO DE MENDOZA, de Juan Carlos Oliva Navarro.<\/p>\n<p>14) A LA CORDIALIDAD ARGENTINO URUGUAYA, de Antonio Pena y Julio Vilamaj\u00f3.<\/p>\n<p>15) RIQUEZA AGROPECUARIA ARGENTINA, de Gustav Adolf Bredow.<\/p>\n<p>16) HERACLES ARQUERO, de Emile Antoine Bourdelle.<\/p>\n<p>17) CENTAURO HERIDO o LA MUERTE DEL \u00daLTIMO CENTAURO, de Emile Antoine Bourdelle.<\/p>\n<p>18) CARLOS MAR\u00cdA DE ALVEAR, de Emile Antoine Bourdelle.<\/p>\n<p>19) A LOS DOS CONGRESOS, de Jules Lagae y Eug\u00e8ne D\u00b4Huicque.<\/p>\n<p>20) EL PENSADOR, de Auguste Rodin\u200b.<\/p>\n<p>21) MANUEL BELGRANO, de Albert Carrier-Belleuse y Manuel Santa Coloma.<\/p>\n<p>22) GIUSEPPE GARIBALDI, de Eugenio Maccagnani.<\/p>\n<p>23) BARTOLOM\u00c9 MITRE, de David Calandra y Eduardo Rubino.<\/p>\n<p>24) OBELISCO, de Alberto Prebisch.<\/p>\n<p>25) BERNARDO O\u2019HIGGINS, de Guillermo C\u00f3rdova.<\/p>\n<p>26) ARGENTINA Y SUIZA UNIDAS SOBRE EL MUNDO, de Franz Sales Amlehn.<\/p>\n<p>27) BERNARDO DE IRIGOYEN, de Mariano Benlliure y Gil.<\/p>\n<p>28) JOS\u00c9 DE SAN MART\u00cdN Y A LOS EJ\u00c9RCITOS DE LA INDEPENDENCIA, de Louis Joseph Daumas y Gustavo Eberlein.<\/p>\n<p>29) CARLOS ENRIQUE PELLEGRINI, de Julio F\u00e9lix Coutan.<\/p>\n<p>30) CANTO AL TRABAJO, de Rogelio Yrurtia.<\/p>\n<p>31) MANUEL DORREGO, de Rogelio Yrurtia.<\/p>\n<p>32) FRANKLIN DELANO ROOSEVELT, de Jos\u00e9 Fioravanti.<\/p>\n<p>33) LA CARTA MAGNA Y LAS CUATRO REGIONES ARGENTINAS, de Agust\u00edn Querol y Subirats.<\/p>\n<p>34) TORRE MONUMENTAL, Ambrose Poynter.<\/p>\n<p>35) GEORGE WASHINGTON, de Charles Keck.<\/p>\n<p>36) SIRIOS A LA NACI\u00d3N ARGENTINA, de Garibaldi Affani.<\/p>\n<p>37) DOMINGO FAUSTINO SARMIENTO, de Auguste Rodin.<\/p>\n<p>38) LEANDRO NIC\u00c9FORO ALEM, de Pedro Zonza Briano.<\/p>\n<p>39) JUAN MANUEL DE ROSAS, de Ricardo Dalla Lasta.<\/p>\n<p>40) JUAN DE GARAY, de Gustavo Eberlein.<\/p>\n<p>41) EL ARQUERO, de Alberto Lagos.<\/p>\n<p>42) SAGUNTO, Agust\u00edn Querol y Subirats.<\/p>\n<p>43) LA AGRICULTURA (1), de Louis-Ernest Barrias.<\/p>\n<p>44) LA AGRICULTURA (2), de Louis-Ernest Barrias.<\/p>\n<p>45) LA NAVEGACI\u00d3N (1), de Louis-Ernest Barrias.<\/p>\n<p>46) LA NAVEGACI\u00d3N (2), de Louis-Ernest Barrias.<\/p>\n<p>47) EL RESERO, de Emilio Sarniguet.<\/p>\n<p>48) LOS PRIMEROS FR\u00cdOS, de Miguel Blay y F\u00e1brega.<\/p>\n<p>49) SATURNALIA, de Ernesto Biondi.<\/p>\n<p>50) LA AURORA, de Emile Edmont Peynot.<\/p>\n<p>51) JUAN JOS\u00c9 CASTELLI, de Gustavo Eberlein.<\/p>\n<p>52) LA DUDA, de Charles Henri Joseph Cordier.<\/p>\n<p>53) LA ASTRONOM\u00cdA, LA GEOGRAF\u00cdA, LA MEC\u00c1NICA (O LA INDUSTRIA) y LA NAVEGACI\u00d3N, de artista desconocido.<\/p>\n<p>54) FALUCHO, de Lucio Correa Morales.<\/p>\n<p>55) IZANDO LA BANDERA, de Julio C\u00e9sar Vergottini.<\/p>\n<p>56) JUAN GALO LAVALLE, de Pietro Costa.<\/p>\n<p>57) EL PERD\u00d3N, de Eug\u00e8ne- Jean Boverie.<\/p>\n<p>58) LA CIGALE (LA CIGARRA), de F\u00e9lix Maurice Charpentier.<\/p>\n<p>59) EL PROGRESO, de Edme-Anthony Paul No\u00ebl.<\/p>\n<p>60) GIUSEPPE MAZZINI, Giulio Monteverde.<\/p>\n<p>61) JEAN MERMOZ, de Alberto Lagos.<\/p>\n<p>62) OBLIGADO y SARMIENTO.<\/p>\n<p>63) LA FUENTE DE LA DONCELLA, de Jos\u00e9 Llimona Brughera.<\/p>\n<p>&nbsp;<\/p>\n<p><strong>Provincia de Buenos Aires<\/strong><\/p>\n<p>64) BARTOLOM\u00c9 MITRE, de Alfredo Bigatti.<\/p>\n<p>65) LOBOS MARINOS, de Jos\u00e9 Fioravanti.<\/p>\n<p>66) ALMIRANTE BROWN, de Francisco Cafferata.<\/p>\n<p>67) NICOL\u00c1S AVELLANEDA, de Lola Mora.<\/p>\n<p>68) BAH\u00cdA BLANCA A SUS FUNDADORES, de C\u00e9sar Sforza y Francisco Marseill\u00e1n.<\/p>\n<p>69) BERNARDINO RIVADAVIA, de Luis Carlos Rovatti.<\/p>\n<p>70) PORTADOR DE LA ANTORCHA OL\u00cdMPICA, de V\u00edctor De Pol.<\/p>\n<p>71) EL ARQUERO DIVINO, de Troiano Troiani.<\/p>\n<p>72) FARO DE CULTURA, de Gyula Kosice.<\/p>\n<p>73) GUILLERMO BROWN, de Nicasio Fern\u00e1ndez del Mar.<\/p>\n<p>74) DARDO ROCHA, de C\u00e9sar Sforza.<\/p>\n<p>75) JOS\u00c9 DE SAN MART\u00cdN, de Henri Allouard.<\/p>\n<p>76) JOAQU\u00cdN V. GONZ\u00c1LEZ, de Hern\u00e1n Cullen Ayerza.<\/p>\n<p>77) SAN MART\u00cdN, de Luis Perlotti.<\/p>\n<p>78) LA INDEPENDENCIA ECON\u00d3MICA, de Leone Tommasi.<\/p>\n<p>79) MONUMENTO CONMEMORATIVO DEL CENTENARIO DE LA REVOLUCI\u00d3N DE MAYO (tambi\u00e9n llamado EL \u00c1GUILA), de Emilio Andina.<\/p>\n<p>80) EVA o LA RAZ\u00d3N DE MI VIDA, (pieza mutilada) de Leone Tommasi.<\/p>\n<p>81) LA SOLIDARIDAD, (pieza inconclusa) de Leone Tommasi.<\/p>\n<p>82) PER\u00d3N o LOS DERECHOS DEL TRABAJADOR, (pieza mutilada) de Leone Tommasi.<\/p>\n<p>&nbsp;<\/p>\n<p><strong>Chaco<\/strong><\/p>\n<p>82) ANSIA DE LUZ de Erminio Blotta.<\/p>\n<p>83) REMORDIMIENTO, de Hern\u00e1n Cullen Ayerza.<\/p>\n<p>84) FLOR IND\u00cdGENA, de Leguizam\u00f3n Pondal.<\/p>\n<p>85) EL ALMA, de L\u00edbero Badii.<\/p>\n<p>87) MATERNIDAD, de Antonio Devoto.<\/p>\n<p>88) COLUMNA ENSANCH\u00c1NDOSE EN EL CENTRO, de Ferruccio Polacco.<\/p>\n<p>89) CRUCES, de Mar\u00eda Juana Heras Velasco.<\/p>\n<p>90) MART\u00cdN MIGUEL DE G\u00dcEMES, de Alberto Balietti.<\/p>\n<p>91) DESPERTAR, de Lucio Fontana.<\/p>\n<p>&nbsp;<\/p>\n<p><strong>Salta<\/strong><\/p>\n<p>92) MART\u00cdN MIGUEL DE G\u00dcEMES, de V\u00edctor Garino, Andr\u00e9s I\u00f1igo, Ren\u00e9 Villemont y Alberto Milillo.<\/p>\n<p>93) JUAN ANTONIO \u00c1LVAREZ DE ARENALES, de Arturo Dresco.<\/p>\n<p>94) MANUEL BELGRANO, de Francisco Cafferata.<\/p>\n<p>95) FACUNDO DE ZUVIR\u00cdA, de Lola Mora.<\/p>\n<p>96) BATALLA 20 DE FEBRERO DE 1813, de Torcuato Tasso y Domingo Offredi.<\/p>\n<p>&nbsp;<\/p>\n<p><strong>Jujuy<\/strong><\/p>\n<p>97) LA JUSTICIA, LA LIBERTAD, LA PAZ, EL PROGRESO, de Lola Mora.<\/p>\n<p>98) EL TRABAJO, de Lola Mora.<\/p>\n<p>99) LOS LEONES, de Lola Mora.<\/p>\n<p>100) MANUEL BELGRANO, de V\u00edctor Garino.<\/p>\n<p>101) A LOS H\u00c9ROES DE LA INDEPENDENCIA, de Ernesto Soto Avenda\u00f1o.<\/p>\n<p>&nbsp;<\/p>\n<p><strong>Mendoza<\/strong><\/p>\n<p>102) RETORNO A LA PATRIA, de Luis Perlotti.<\/p>\n<p>103) CONFRATERNIDAD ARGENTINO-ITALIANA, de Luis Perlotti.<\/p>\n<p>104) A LA AMISTAD INMORTAL, de Lorenzo Dom\u00ednguez Villar.<\/p>\n<p>105) EJ\u00c9RCITO DE LOS ANDES, de Juan Manuel Ferrari y Daniel Ramos.<\/p>\n<p>&nbsp;<\/p>\n<p><strong>R\u00edo Negro<\/strong><\/p>\n<p>106) FRANCISCO PASCASIO MORENO o PERITO MORENO, de Juan Carlos Oliva Navarro.<\/p>\n<p>107) VIVAC DEL EJ\u00c9RCITO EXPEDICIONARIO AL DESIERTO, de Alfredo Bigatti y Eduardo Mar\u00eda Lan\u00fas, Federico Woodgate y Enrique E. L\u00e1n\u00fas R\u00edo Negro.<\/p>\n<p>&nbsp;<\/p>\n<p><strong>La Rioja<\/strong><\/p>\n<p>108) TINKUNACO, de Mario Aciar.<\/p>\n<p>109) PEDRO IGNACIO CASTRO BARROS, de Garibaldi Affani.<\/p>\n<p>&nbsp;<\/p>\n<p><strong>Santa Fe<\/strong><\/p>\n<p>110) A LA AGRICULTURA NACIONAL, de Luis Fontana y Juan Scarabelli.<\/p>\n<p>111) MANUEL BELGRANO, de Arnaldo Zocchi. Incluye tambi\u00e9n LA LIBERTAD; LA VICTORIA o LA GLORIA; LA MATERNIDAD; BELGRANO Y LA BANDERA; FRAY GORRITI BENDICIENDO LA BANDERA; SOLDADO 1; SOLDADO 2; GAUCHO Y PAISANO; EL CLAR\u00cdN DE LA PATRIA; MUJERES Y NI\u00d1O, de Lola Mora.<\/p>\n<p>&nbsp;<\/p>\n<p><strong>San Juan<\/strong><\/p>\n<p>112) DOMINGO FAUSTINO SARMIENTO, de V\u00edctor de Pol.<\/p>\n<p>113) JUAN JUFR\u00c9, de Miguel \u00c1ngel Sugo.<\/p>\n<p>&nbsp;<\/p>\n<p><strong>Chubut<\/strong><\/p>\n<p>114) A LOS GALESES, de Luis Perlotti y Tomislao F. Boric.<\/p>\n<p>115) INDIO TEHUELCHE, de Luis Perlotti.<\/p>\n<p>&nbsp;<\/p>\n<p><strong>Corrientes<\/strong><\/p>\n<p>116) BARTOLOM\u00c9 MITRE Y LAS CAUTIVAS, de Luis Perlotti.<\/p>\n<p>117) LA TARAG\u00dc\u00cd, de Amado Higinio Puyau.<\/p>\n<p>&nbsp;<\/p>\n<p><strong>Entre R\u00edos<\/strong><\/p>\n<p>118) JUSTO JOS\u00c9 DE URQUIZA, de Agust\u00edn Querol y Subirats y Mariano Benlliure y Gil.<\/p>\n<p>&nbsp;<\/p>\n<p><strong>La Pampa<\/strong><\/p>\n<p>119) JOHN FITZGERALD KENNEDY, de Lincoln Presno.<\/p>\n<p>&nbsp;<\/p>\n<p><strong>Misiones<\/strong><\/p>\n<p>120) JOS\u00c9 DE SAN MART\u00cdN, de Ra\u00fal Taurant Delavy.<\/p>\n<p>&nbsp;<\/p>\n<p><strong>San Luis<\/strong><\/p>\n<p>121) JUAN PASCUAL PRINGLES, de Rafael Radogna.<\/p>\n<p>&nbsp;<\/p>\n<p><strong>Santiago del Estero<\/strong><\/p>\n<p>122) MANUEL BELGRANO, de Arturo Tomagnini.<\/p>\n<p>&nbsp;<\/p>\n<p><strong>Tucum\u00e1n<\/strong><\/p>\n<p>123) JUAN BAUTISTA ALBERDI de Lola Mora.<\/p>\n<p>&nbsp;<\/p>\n<p><strong>C\u00f3rdoba<\/strong><\/p>\n<p>124) DALMACIO V\u00c9LEZ SARSFIELD, de Giulio Tadolini.<\/p>\n<p>&nbsp;<\/p>\n<p>&nbsp;<\/p>\n<p>&nbsp;<\/p>\n<p><em><strong>(Foto gentileza de C\u00e9sar Gatica)<\/strong><\/em><\/p>\n<p>&nbsp;<\/p>\n<p>&nbsp;<\/p>\n","protected":false},"excerpt":{"rendered":"<p>El Gobierno nacional declar\u00f3\u00a0Monumento Hist\u00f3rico Nacional la imponente obra que homenajea al expresidente norteamericano John Fitzgerald Kennedy. Este monumento es autor\u00eda\u00a0del artista uruguayo Lincoln Presno.\u00a0Lo financiaron y levantaron productores rurales&hellip;<\/p>\n","protected":false},"author":3,"featured_media":71776,"comment_status":"closed","ping_status":"open","sticky":false,"template":"","format":"standard","meta":{"_acf_changed":false,"footnotes":""},"categories":[319,12],"tags":[2468,2469],"class_list":["post-71775","post","type-post","status-publish","format-standard","has-post-thumbnail","hentry","category-a-temporales","category-sociedad","tag-kennedy","tag-monumento"],"acf":[],"yoast_head":"<!-- This site is optimized with the Yoast SEO plugin v27.5 - https:\/\/yoast.com\/product\/yoast-seo-wordpress\/ -->\n<title>Una obra de La Pampa fue declarada Monumento Hist\u00f3rico Nacional - Diario Textual<\/title>\n<meta name=\"robots\" content=\"index, follow, max-snippet:-1, max-image-preview:large, max-video-preview:-1\" \/>\n<link rel=\"canonical\" href=\"https:\/\/diariotextual.com\/inicio\/index.php\/2019\/12\/02\/una-obra-la-pampa-elegida-monumento-historico-nacional\/\" \/>\n<meta property=\"og:locale\" content=\"es_ES\" \/>\n<meta property=\"og:type\" content=\"article\" \/>\n<meta property=\"og:title\" content=\"Una obra de La Pampa fue declarada Monumento Hist\u00f3rico Nacional - Diario Textual\" \/>\n<meta property=\"og:description\" content=\"El Gobierno nacional declar\u00f3\u00a0Monumento Hist\u00f3rico Nacional la imponente obra que homenajea al expresidente norteamericano John Fitzgerald Kennedy. Este monumento es autor\u00eda\u00a0del artista uruguayo Lincoln Presno.\u00a0Lo financiaron y levantaron productores rurales&hellip;\" \/>\n<meta property=\"og:url\" content=\"https:\/\/diariotextual.com\/inicio\/index.php\/2019\/12\/02\/una-obra-la-pampa-elegida-monumento-historico-nacional\/\" \/>\n<meta property=\"og:site_name\" content=\"Diario Textual\" \/>\n<meta property=\"article:publisher\" content=\"https:\/\/www.facebook.com\/eltextual\" \/>\n<meta property=\"article:published_time\" content=\"2019-12-02T14:33:00+00:00\" \/>\n<meta property=\"article:modified_time\" content=\"2019-12-02T22:25:18+00:00\" \/>\n<meta property=\"og:image\" content=\"https:\/\/diariotextual.com\/inicio\/wp-content\/uploads\/2019\/12\/monumentokennedy333.jpg\" \/>\n\t<meta property=\"og:image:width\" content=\"960\" \/>\n\t<meta property=\"og:image:height\" content=\"720\" \/>\n\t<meta property=\"og:image:type\" content=\"image\/jpeg\" \/>\n<meta name=\"author\" content=\"Diario1 Diario1\" \/>\n<meta name=\"twitter:card\" content=\"summary_large_image\" \/>\n<meta name=\"twitter:creator\" content=\"@eltextual\" \/>\n<meta name=\"twitter:site\" content=\"@eltextual\" \/>\n<meta name=\"twitter:label1\" content=\"Escrito por\" \/>\n\t<meta name=\"twitter:data1\" content=\"Diario1 Diario1\" \/>\n\t<meta name=\"twitter:label2\" content=\"Tiempo de lectura\" \/>\n\t<meta name=\"twitter:data2\" content=\"7 minutos\" \/>\n<script type=\"application\/ld+json\" class=\"yoast-schema-graph\">{\"@context\":\"https:\\\/\\\/schema.org\",\"@graph\":[{\"@type\":\"Article\",\"@id\":\"https:\\\/\\\/diariotextual.com\\\/inicio\\\/index.php\\\/2019\\\/12\\\/02\\\/una-obra-la-pampa-elegida-monumento-historico-nacional\\\/#article\",\"isPartOf\":{\"@id\":\"https:\\\/\\\/diariotextual.com\\\/inicio\\\/index.php\\\/2019\\\/12\\\/02\\\/una-obra-la-pampa-elegida-monumento-historico-nacional\\\/\"},\"author\":{\"name\":\"Diario1 Diario1\",\"@id\":\"https:\\\/\\\/diariotextual.com\\\/inicio\\\/#\\\/schema\\\/person\\\/418fc4093c33e86ed41562db3508f958\"},\"headline\":\"Una obra de La Pampa fue declarada Monumento Hist\u00f3rico Nacional\",\"datePublished\":\"2019-12-02T14:33:00+00:00\",\"dateModified\":\"2019-12-02T22:25:18+00:00\",\"mainEntityOfPage\":{\"@id\":\"https:\\\/\\\/diariotextual.com\\\/inicio\\\/index.php\\\/2019\\\/12\\\/02\\\/una-obra-la-pampa-elegida-monumento-historico-nacional\\\/\"},\"wordCount\":1356,\"publisher\":{\"@id\":\"https:\\\/\\\/diariotextual.com\\\/inicio\\\/#organization\"},\"image\":{\"@id\":\"https:\\\/\\\/diariotextual.com\\\/inicio\\\/index.php\\\/2019\\\/12\\\/02\\\/una-obra-la-pampa-elegida-monumento-historico-nacional\\\/#primaryimage\"},\"thumbnailUrl\":\"https:\\\/\\\/diariotextual.com\\\/inicio\\\/wp-content\\\/uploads\\\/2019\\\/12\\\/monumentokennedy333.jpg\",\"keywords\":[\"kennedy\",\"monumento\"],\"articleSection\":[\"A - TEMPORALES\",\"SOCIEDAD\"],\"inLanguage\":\"es\"},{\"@type\":\"WebPage\",\"@id\":\"https:\\\/\\\/diariotextual.com\\\/inicio\\\/index.php\\\/2019\\\/12\\\/02\\\/una-obra-la-pampa-elegida-monumento-historico-nacional\\\/\",\"url\":\"https:\\\/\\\/diariotextual.com\\\/inicio\\\/index.php\\\/2019\\\/12\\\/02\\\/una-obra-la-pampa-elegida-monumento-historico-nacional\\\/\",\"name\":\"Una obra de La Pampa fue declarada Monumento Hist\u00f3rico Nacional - Diario Textual\",\"isPartOf\":{\"@id\":\"https:\\\/\\\/diariotextual.com\\\/inicio\\\/#website\"},\"primaryImageOfPage\":{\"@id\":\"https:\\\/\\\/diariotextual.com\\\/inicio\\\/index.php\\\/2019\\\/12\\\/02\\\/una-obra-la-pampa-elegida-monumento-historico-nacional\\\/#primaryimage\"},\"image\":{\"@id\":\"https:\\\/\\\/diariotextual.com\\\/inicio\\\/index.php\\\/2019\\\/12\\\/02\\\/una-obra-la-pampa-elegida-monumento-historico-nacional\\\/#primaryimage\"},\"thumbnailUrl\":\"https:\\\/\\\/diariotextual.com\\\/inicio\\\/wp-content\\\/uploads\\\/2019\\\/12\\\/monumentokennedy333.jpg\",\"datePublished\":\"2019-12-02T14:33:00+00:00\",\"dateModified\":\"2019-12-02T22:25:18+00:00\",\"breadcrumb\":{\"@id\":\"https:\\\/\\\/diariotextual.com\\\/inicio\\\/index.php\\\/2019\\\/12\\\/02\\\/una-obra-la-pampa-elegida-monumento-historico-nacional\\\/#breadcrumb\"},\"inLanguage\":\"es\",\"potentialAction\":[{\"@type\":\"ReadAction\",\"target\":[\"https:\\\/\\\/diariotextual.com\\\/inicio\\\/index.php\\\/2019\\\/12\\\/02\\\/una-obra-la-pampa-elegida-monumento-historico-nacional\\\/\"]}]},{\"@type\":\"ImageObject\",\"inLanguage\":\"es\",\"@id\":\"https:\\\/\\\/diariotextual.com\\\/inicio\\\/index.php\\\/2019\\\/12\\\/02\\\/una-obra-la-pampa-elegida-monumento-historico-nacional\\\/#primaryimage\",\"url\":\"https:\\\/\\\/diariotextual.com\\\/inicio\\\/wp-content\\\/uploads\\\/2019\\\/12\\\/monumentokennedy333.jpg\",\"contentUrl\":\"https:\\\/\\\/diariotextual.com\\\/inicio\\\/wp-content\\\/uploads\\\/2019\\\/12\\\/monumentokennedy333.jpg\",\"width\":960,\"height\":720,\"caption\":\"El Gobierno nacional declar\u00f3\u00a0Monumento Hist\u00f3rico Nacional la imponente obra que homenajea al expresidente norteamericano John Fitzgerald Kennedy (foto C\u00e9sar Gatica)\"},{\"@type\":\"BreadcrumbList\",\"@id\":\"https:\\\/\\\/diariotextual.com\\\/inicio\\\/index.php\\\/2019\\\/12\\\/02\\\/una-obra-la-pampa-elegida-monumento-historico-nacional\\\/#breadcrumb\",\"itemListElement\":[{\"@type\":\"ListItem\",\"position\":1,\"name\":\"Portada\",\"item\":\"https:\\\/\\\/diariotextual.com\\\/inicio\\\/\"},{\"@type\":\"ListItem\",\"position\":2,\"name\":\"Una obra de La Pampa fue declarada Monumento Hist\u00f3rico Nacional\"}]},{\"@type\":\"WebSite\",\"@id\":\"https:\\\/\\\/diariotextual.com\\\/inicio\\\/#website\",\"url\":\"https:\\\/\\\/diariotextual.com\\\/inicio\\\/\",\"name\":\"Diario Textual\",\"description\":\"\",\"publisher\":{\"@id\":\"https:\\\/\\\/diariotextual.com\\\/inicio\\\/#organization\"},\"potentialAction\":[{\"@type\":\"SearchAction\",\"target\":{\"@type\":\"EntryPoint\",\"urlTemplate\":\"https:\\\/\\\/diariotextual.com\\\/inicio\\\/?s={search_term_string}\"},\"query-input\":{\"@type\":\"PropertyValueSpecification\",\"valueRequired\":true,\"valueName\":\"search_term_string\"}}],\"inLanguage\":\"es\"},{\"@type\":\"Organization\",\"@id\":\"https:\\\/\\\/diariotextual.com\\\/inicio\\\/#organization\",\"name\":\"Diario Textual\",\"url\":\"https:\\\/\\\/diariotextual.com\\\/inicio\\\/\",\"logo\":{\"@type\":\"ImageObject\",\"inLanguage\":\"es\",\"@id\":\"https:\\\/\\\/diariotextual.com\\\/inicio\\\/#\\\/schema\\\/logo\\\/image\\\/\",\"url\":\"https:\\\/\\\/diariotextual.com\\\/inicio\\\/wp-content\\\/uploads\\\/2023\\\/05\\\/logotextual1.jpg\",\"contentUrl\":\"https:\\\/\\\/diariotextual.com\\\/inicio\\\/wp-content\\\/uploads\\\/2023\\\/05\\\/logotextual1.jpg\",\"width\":516,\"height\":76,\"caption\":\"Diario Textual\"},\"image\":{\"@id\":\"https:\\\/\\\/diariotextual.com\\\/inicio\\\/#\\\/schema\\\/logo\\\/image\\\/\"},\"sameAs\":[\"https:\\\/\\\/www.facebook.com\\\/eltextual\",\"https:\\\/\\\/x.com\\\/eltextual\",\"http:\\\/\\\/www.instagram.com\\\/eltextual\"]},{\"@type\":\"Person\",\"@id\":\"https:\\\/\\\/diariotextual.com\\\/inicio\\\/#\\\/schema\\\/person\\\/418fc4093c33e86ed41562db3508f958\",\"name\":\"Diario1 Diario1\",\"image\":{\"@type\":\"ImageObject\",\"inLanguage\":\"es\",\"@id\":\"https:\\\/\\\/secure.gravatar.com\\\/avatar\\\/9167d280179c85bc18be67aa7eda765854300033af4896dd779b608640f2ef7a?s=96&d=mm&r=g\",\"url\":\"https:\\\/\\\/secure.gravatar.com\\\/avatar\\\/9167d280179c85bc18be67aa7eda765854300033af4896dd779b608640f2ef7a?s=96&d=mm&r=g\",\"contentUrl\":\"https:\\\/\\\/secure.gravatar.com\\\/avatar\\\/9167d280179c85bc18be67aa7eda765854300033af4896dd779b608640f2ef7a?s=96&d=mm&r=g\",\"caption\":\"Diario1 Diario1\"},\"url\":\"https:\\\/\\\/diariotextual.com\\\/inicio\\\/index.php\\\/author\\\/diario1\\\/\"}]}<\/script>\n<!-- \/ Yoast SEO plugin. -->","yoast_head_json":{"title":"Una obra de La Pampa fue declarada Monumento Hist\u00f3rico Nacional - Diario Textual","robots":{"index":"index","follow":"follow","max-snippet":"max-snippet:-1","max-image-preview":"max-image-preview:large","max-video-preview":"max-video-preview:-1"},"canonical":"https:\/\/diariotextual.com\/inicio\/index.php\/2019\/12\/02\/una-obra-la-pampa-elegida-monumento-historico-nacional\/","og_locale":"es_ES","og_type":"article","og_title":"Una obra de La Pampa fue declarada Monumento Hist\u00f3rico Nacional - Diario Textual","og_description":"El Gobierno nacional declar\u00f3\u00a0Monumento Hist\u00f3rico Nacional la imponente obra que homenajea al expresidente norteamericano John Fitzgerald Kennedy. Este monumento es autor\u00eda\u00a0del artista uruguayo Lincoln Presno.\u00a0Lo financiaron y levantaron productores rurales&hellip;","og_url":"https:\/\/diariotextual.com\/inicio\/index.php\/2019\/12\/02\/una-obra-la-pampa-elegida-monumento-historico-nacional\/","og_site_name":"Diario Textual","article_publisher":"https:\/\/www.facebook.com\/eltextual","article_published_time":"2019-12-02T14:33:00+00:00","article_modified_time":"2019-12-02T22:25:18+00:00","og_image":[{"width":960,"height":720,"url":"https:\/\/diariotextual.com\/inicio\/wp-content\/uploads\/2019\/12\/monumentokennedy333.jpg","type":"image\/jpeg"}],"author":"Diario1 Diario1","twitter_card":"summary_large_image","twitter_creator":"@eltextual","twitter_site":"@eltextual","twitter_misc":{"Escrito por":"Diario1 Diario1","Tiempo de lectura":"7 minutos"},"schema":{"@context":"https:\/\/schema.org","@graph":[{"@type":"Article","@id":"https:\/\/diariotextual.com\/inicio\/index.php\/2019\/12\/02\/una-obra-la-pampa-elegida-monumento-historico-nacional\/#article","isPartOf":{"@id":"https:\/\/diariotextual.com\/inicio\/index.php\/2019\/12\/02\/una-obra-la-pampa-elegida-monumento-historico-nacional\/"},"author":{"name":"Diario1 Diario1","@id":"https:\/\/diariotextual.com\/inicio\/#\/schema\/person\/418fc4093c33e86ed41562db3508f958"},"headline":"Una obra de La Pampa fue declarada Monumento Hist\u00f3rico Nacional","datePublished":"2019-12-02T14:33:00+00:00","dateModified":"2019-12-02T22:25:18+00:00","mainEntityOfPage":{"@id":"https:\/\/diariotextual.com\/inicio\/index.php\/2019\/12\/02\/una-obra-la-pampa-elegida-monumento-historico-nacional\/"},"wordCount":1356,"publisher":{"@id":"https:\/\/diariotextual.com\/inicio\/#organization"},"image":{"@id":"https:\/\/diariotextual.com\/inicio\/index.php\/2019\/12\/02\/una-obra-la-pampa-elegida-monumento-historico-nacional\/#primaryimage"},"thumbnailUrl":"https:\/\/diariotextual.com\/inicio\/wp-content\/uploads\/2019\/12\/monumentokennedy333.jpg","keywords":["kennedy","monumento"],"articleSection":["A - TEMPORALES","SOCIEDAD"],"inLanguage":"es"},{"@type":"WebPage","@id":"https:\/\/diariotextual.com\/inicio\/index.php\/2019\/12\/02\/una-obra-la-pampa-elegida-monumento-historico-nacional\/","url":"https:\/\/diariotextual.com\/inicio\/index.php\/2019\/12\/02\/una-obra-la-pampa-elegida-monumento-historico-nacional\/","name":"Una obra de La Pampa fue declarada Monumento Hist\u00f3rico Nacional - Diario Textual","isPartOf":{"@id":"https:\/\/diariotextual.com\/inicio\/#website"},"primaryImageOfPage":{"@id":"https:\/\/diariotextual.com\/inicio\/index.php\/2019\/12\/02\/una-obra-la-pampa-elegida-monumento-historico-nacional\/#primaryimage"},"image":{"@id":"https:\/\/diariotextual.com\/inicio\/index.php\/2019\/12\/02\/una-obra-la-pampa-elegida-monumento-historico-nacional\/#primaryimage"},"thumbnailUrl":"https:\/\/diariotextual.com\/inicio\/wp-content\/uploads\/2019\/12\/monumentokennedy333.jpg","datePublished":"2019-12-02T14:33:00+00:00","dateModified":"2019-12-02T22:25:18+00:00","breadcrumb":{"@id":"https:\/\/diariotextual.com\/inicio\/index.php\/2019\/12\/02\/una-obra-la-pampa-elegida-monumento-historico-nacional\/#breadcrumb"},"inLanguage":"es","potentialAction":[{"@type":"ReadAction","target":["https:\/\/diariotextual.com\/inicio\/index.php\/2019\/12\/02\/una-obra-la-pampa-elegida-monumento-historico-nacional\/"]}]},{"@type":"ImageObject","inLanguage":"es","@id":"https:\/\/diariotextual.com\/inicio\/index.php\/2019\/12\/02\/una-obra-la-pampa-elegida-monumento-historico-nacional\/#primaryimage","url":"https:\/\/diariotextual.com\/inicio\/wp-content\/uploads\/2019\/12\/monumentokennedy333.jpg","contentUrl":"https:\/\/diariotextual.com\/inicio\/wp-content\/uploads\/2019\/12\/monumentokennedy333.jpg","width":960,"height":720,"caption":"El Gobierno nacional declar\u00f3\u00a0Monumento Hist\u00f3rico Nacional la imponente obra que homenajea al expresidente norteamericano John Fitzgerald Kennedy (foto C\u00e9sar Gatica)"},{"@type":"BreadcrumbList","@id":"https:\/\/diariotextual.com\/inicio\/index.php\/2019\/12\/02\/una-obra-la-pampa-elegida-monumento-historico-nacional\/#breadcrumb","itemListElement":[{"@type":"ListItem","position":1,"name":"Portada","item":"https:\/\/diariotextual.com\/inicio\/"},{"@type":"ListItem","position":2,"name":"Una obra de La Pampa fue declarada Monumento Hist\u00f3rico Nacional"}]},{"@type":"WebSite","@id":"https:\/\/diariotextual.com\/inicio\/#website","url":"https:\/\/diariotextual.com\/inicio\/","name":"Diario Textual","description":"","publisher":{"@id":"https:\/\/diariotextual.com\/inicio\/#organization"},"potentialAction":[{"@type":"SearchAction","target":{"@type":"EntryPoint","urlTemplate":"https:\/\/diariotextual.com\/inicio\/?s={search_term_string}"},"query-input":{"@type":"PropertyValueSpecification","valueRequired":true,"valueName":"search_term_string"}}],"inLanguage":"es"},{"@type":"Organization","@id":"https:\/\/diariotextual.com\/inicio\/#organization","name":"Diario Textual","url":"https:\/\/diariotextual.com\/inicio\/","logo":{"@type":"ImageObject","inLanguage":"es","@id":"https:\/\/diariotextual.com\/inicio\/#\/schema\/logo\/image\/","url":"https:\/\/diariotextual.com\/inicio\/wp-content\/uploads\/2023\/05\/logotextual1.jpg","contentUrl":"https:\/\/diariotextual.com\/inicio\/wp-content\/uploads\/2023\/05\/logotextual1.jpg","width":516,"height":76,"caption":"Diario Textual"},"image":{"@id":"https:\/\/diariotextual.com\/inicio\/#\/schema\/logo\/image\/"},"sameAs":["https:\/\/www.facebook.com\/eltextual","https:\/\/x.com\/eltextual","http:\/\/www.instagram.com\/eltextual"]},{"@type":"Person","@id":"https:\/\/diariotextual.com\/inicio\/#\/schema\/person\/418fc4093c33e86ed41562db3508f958","name":"Diario1 Diario1","image":{"@type":"ImageObject","inLanguage":"es","@id":"https:\/\/secure.gravatar.com\/avatar\/9167d280179c85bc18be67aa7eda765854300033af4896dd779b608640f2ef7a?s=96&d=mm&r=g","url":"https:\/\/secure.gravatar.com\/avatar\/9167d280179c85bc18be67aa7eda765854300033af4896dd779b608640f2ef7a?s=96&d=mm&r=g","contentUrl":"https:\/\/secure.gravatar.com\/avatar\/9167d280179c85bc18be67aa7eda765854300033af4896dd779b608640f2ef7a?s=96&d=mm&r=g","caption":"Diario1 Diario1"},"url":"https:\/\/diariotextual.com\/inicio\/index.php\/author\/diario1\/"}]}},"_links":{"self":[{"href":"https:\/\/diariotextual.com\/inicio\/index.php\/wp-json\/wp\/v2\/posts\/71775","targetHints":{"allow":["GET"]}}],"collection":[{"href":"https:\/\/diariotextual.com\/inicio\/index.php\/wp-json\/wp\/v2\/posts"}],"about":[{"href":"https:\/\/diariotextual.com\/inicio\/index.php\/wp-json\/wp\/v2\/types\/post"}],"author":[{"embeddable":true,"href":"https:\/\/diariotextual.com\/inicio\/index.php\/wp-json\/wp\/v2\/users\/3"}],"replies":[{"embeddable":true,"href":"https:\/\/diariotextual.com\/inicio\/index.php\/wp-json\/wp\/v2\/comments?post=71775"}],"version-history":[{"count":9,"href":"https:\/\/diariotextual.com\/inicio\/index.php\/wp-json\/wp\/v2\/posts\/71775\/revisions"}],"predecessor-version":[{"id":71788,"href":"https:\/\/diariotextual.com\/inicio\/index.php\/wp-json\/wp\/v2\/posts\/71775\/revisions\/71788"}],"wp:featuredmedia":[{"embeddable":true,"href":"https:\/\/diariotextual.com\/inicio\/index.php\/wp-json\/wp\/v2\/media\/71776"}],"wp:attachment":[{"href":"https:\/\/diariotextual.com\/inicio\/index.php\/wp-json\/wp\/v2\/media?parent=71775"}],"wp:term":[{"taxonomy":"category","embeddable":true,"href":"https:\/\/diariotextual.com\/inicio\/index.php\/wp-json\/wp\/v2\/categories?post=71775"},{"taxonomy":"post_tag","embeddable":true,"href":"https:\/\/diariotextual.com\/inicio\/index.php\/wp-json\/wp\/v2\/tags?post=71775"}],"curies":[{"name":"wp","href":"https:\/\/api.w.org\/{rel}","templated":true}]}}