{"id":72197,"date":"2019-12-06T07:25:53","date_gmt":"2019-12-06T10:25:53","guid":{"rendered":"http:\/\/diariotextual.com\/inicio\/?p=72197"},"modified":"2019-12-06T12:00:00","modified_gmt":"2019-12-06T15:00:00","slug":"alvear-pusieron-una-camara-oculta-despacho-del-intendente","status":"publish","type":"post","link":"https:\/\/diariotextual.com\/inicio\/index.php\/2019\/12\/06\/alvear-pusieron-una-camara-oculta-despacho-del-intendente\/","title":{"rendered":"Alvear: pusieron una c\u00e1mara oculta en el despacho del intendente"},"content":{"rendered":"<p>En el despacho del jefe comunal de Intendente Alvear encontraron una c\u00e1mara que se encontraba oculta dentro de un sensor de una alarma.<\/p>\n<p>Lo hall\u00f3 el mismo intendente Francisco Traverso.\u00a0\u201cHemos descubierto que en la oficina del despacho del intendente municipal se ha colocado una c\u00e1mara oculta, disimulada en un sensor de alarma\u00bb, dijo. \u00abEl mi\u00e9rcoles vi ese sensor. Es un sensor de alarmas\u2026 me llam\u00f3 un poco la atenci\u00f3n porque no estaba anteriormente, le saqu\u00e9 una foto y consult\u00e9 con los secretarios\u00bb, cont\u00f3, seg\u00fan reprodujo El Norte en Movimiento.<\/p>\n<p>Seg\u00fan explic\u00f3 el intendente, el dispositivo estaba conectado a un cable que sal\u00eda hacia al patio interno de la oficina y que se perd\u00eda entre un conjunto de cables.<\/p>\n<p><img fetchpriority=\"high\" decoding=\"async\" class=\"alignnone wp-image-72199 size-full\" src=\"http:\/\/diariotextual.com\/inicio\/wp-content\/uploads\/2019\/12\/camaraocultaalvear2019-1.jpg\" alt=\"\" width=\"800\" height=\"791\" srcset=\"https:\/\/diariotextual.com\/inicio\/wp-content\/uploads\/2019\/12\/camaraocultaalvear2019-1.jpg 800w, https:\/\/diariotextual.com\/inicio\/wp-content\/uploads\/2019\/12\/camaraocultaalvear2019-1-300x297.jpg 300w, https:\/\/diariotextual.com\/inicio\/wp-content\/uploads\/2019\/12\/camaraocultaalvear2019-1-768x759.jpg 768w, https:\/\/diariotextual.com\/inicio\/wp-content\/uploads\/2019\/12\/camaraocultaalvear2019-1-585x578.jpg 585w\" sizes=\"(max-width: 800px) 100vw, 800px\" \/><\/p>\n<p>En la ma\u00f1ana de ayer decidieron consultar con un ingeniero para saber espec\u00edficamente de qu\u00e9 se trataba. \u00abEl ingeniero lo abri\u00f3, lo estudi\u00f3 y, s\u00ed, efectivamente, corrobor\u00f3 que era una c\u00e1mara. Nos dio tambi\u00e9n los datos de la c\u00e1mara, nos dijo que tiene como un almacenador de HD, de video, que es una c\u00e1mara que filma pero que no graba sonido\u2026 Es una c\u00e1mara que es accesible, que est\u00e1 al alcance de cualquier persona digamos\u00bb.<\/p>\n<p>Traverso se comunic\u00f3 con el intendente entrante Juan Cruz Barton.\u00a0\u201cPrimero que nada, decido llamarlo a Juan Cruz y a la Polic\u00eda. Estamos a muy pocos d\u00edas de que asuman las nuevas autoridades, y me pareci\u00f3 que era fundamental que \u00e9l estuviera al tanto de este hecho que me parece grav\u00edsimo; en este momento tambi\u00e9n est\u00e1 viniendo hacia la localidad polic\u00eda cient\u00edfica, se comunic\u00f3 conmigo adem\u00e1s el fiscal general Armando Ag\u00fcero, por lo que esta situaci\u00f3n ya est\u00e1 en manos de la Justicia para que se investigue\u00bb.<\/p>\n<p>\u00bfQui\u00e9n puso esa c\u00e1mara? \u00abNo voy a hacer ning\u00fan tipo de conjeturas, pero es mi obligaci\u00f3n darlo a conocer, en primer lugar al intendente electo, y por supuesto a toda la comunidad. No puedo saber si esto ten\u00eda un objetivo, si era (algo) para m\u00ed o para \u00e9l (por Barton). S\u00ed quiero que la Justicia investigue, qui\u00e9n coloc\u00f3 esto, con qu\u00e9 objetivo se coloc\u00f3 y por qu\u00e9\u00bb.<\/p>\n<p>Juan Cruz Barton, por su parte, coincidi\u00f3 en manifestar su preocupaci\u00f3n por esta acci\u00f3n. \u00abLa Polic\u00eda est\u00e1 trabajando, estuvo viendo cada una de oficinas, vimos tambi\u00e9n algunos elementos que estaban antes y ahora no est\u00e1n m\u00e1s\u2026 en fin, una serie de situaciones que llaman la atenci\u00f3n y que l\u00f3gicamente derivan de este hecho, que la verdad nos shocke\u00f3 a todos\u201d, dijo.<\/p>\n<p>&nbsp;<\/p>\n<p>&nbsp;<\/p>\n","protected":false},"excerpt":{"rendered":"<p>En el despacho del jefe comunal de Intendente Alvear encontraron una c\u00e1mara que se encontraba oculta dentro de un sensor de una alarma. Lo hall\u00f3 el mismo intendente Francisco Traverso.\u00a0\u201cHemos&hellip;<\/p>\n","protected":false},"author":3,"featured_media":72201,"comment_status":"closed","ping_status":"open","sticky":false,"template":"","format":"standard","meta":{"_acf_changed":false,"footnotes":""},"categories":[4,8],"tags":[],"class_list":["post-72197","post","type-post","status-publish","format-standard","has-post-thumbnail","hentry","category-destacadas","category-politica"],"acf":[],"yoast_head":"<!-- This site is optimized with the Yoast SEO plugin v27.5 - https:\/\/yoast.com\/product\/yoast-seo-wordpress\/ -->\n<title>Alvear: pusieron una c\u00e1mara oculta en el despacho del intendente - Diario Textual<\/title>\n<meta name=\"robots\" content=\"index, follow, max-snippet:-1, max-image-preview:large, max-video-preview:-1\" \/>\n<link rel=\"canonical\" href=\"https:\/\/diariotextual.com\/inicio\/index.php\/2019\/12\/06\/alvear-pusieron-una-camara-oculta-despacho-del-intendente\/\" \/>\n<meta property=\"og:locale\" content=\"es_ES\" \/>\n<meta property=\"og:type\" content=\"article\" \/>\n<meta property=\"og:title\" content=\"Alvear: pusieron una c\u00e1mara oculta en el despacho del intendente - Diario Textual\" \/>\n<meta property=\"og:description\" content=\"En el despacho del jefe comunal de Intendente Alvear encontraron una c\u00e1mara que se encontraba oculta dentro de un sensor de una alarma. Lo hall\u00f3 el mismo intendente Francisco Traverso.\u00a0\u201cHemos&hellip;\" \/>\n<meta property=\"og:url\" content=\"https:\/\/diariotextual.com\/inicio\/index.php\/2019\/12\/06\/alvear-pusieron-una-camara-oculta-despacho-del-intendente\/\" \/>\n<meta property=\"og:site_name\" content=\"Diario Textual\" \/>\n<meta property=\"article:publisher\" content=\"https:\/\/www.facebook.com\/eltextual\" \/>\n<meta property=\"article:published_time\" content=\"2019-12-06T10:25:53+00:00\" \/>\n<meta property=\"article:modified_time\" content=\"2019-12-06T15:00:00+00:00\" \/>\n<meta property=\"og:image\" content=\"https:\/\/diariotextual.com\/inicio\/wp-content\/uploads\/2019\/12\/traversofrancisco111.jpg\" \/>\n\t<meta property=\"og:image:width\" content=\"2048\" \/>\n\t<meta property=\"og:image:height\" content=\"1368\" \/>\n\t<meta property=\"og:image:type\" content=\"image\/jpeg\" \/>\n<meta name=\"author\" content=\"Diario1 Diario1\" \/>\n<meta name=\"twitter:card\" content=\"summary_large_image\" \/>\n<meta name=\"twitter:creator\" content=\"@eltextual\" \/>\n<meta name=\"twitter:site\" content=\"@eltextual\" \/>\n<meta name=\"twitter:label1\" content=\"Escrito por\" \/>\n\t<meta name=\"twitter:data1\" content=\"Diario1 Diario1\" \/>\n\t<meta name=\"twitter:label2\" content=\"Tiempo de lectura\" \/>\n\t<meta name=\"twitter:data2\" content=\"2 minutos\" \/>\n<script type=\"application\/ld+json\" class=\"yoast-schema-graph\">{\"@context\":\"https:\\\/\\\/schema.org\",\"@graph\":[{\"@type\":\"Article\",\"@id\":\"https:\\\/\\\/diariotextual.com\\\/inicio\\\/index.php\\\/2019\\\/12\\\/06\\\/alvear-pusieron-una-camara-oculta-despacho-del-intendente\\\/#article\",\"isPartOf\":{\"@id\":\"https:\\\/\\\/diariotextual.com\\\/inicio\\\/index.php\\\/2019\\\/12\\\/06\\\/alvear-pusieron-una-camara-oculta-despacho-del-intendente\\\/\"},\"author\":{\"name\":\"Diario1 Diario1\",\"@id\":\"https:\\\/\\\/diariotextual.com\\\/inicio\\\/#\\\/schema\\\/person\\\/418fc4093c33e86ed41562db3508f958\"},\"headline\":\"Alvear: pusieron una c\u00e1mara oculta en el despacho del intendente\",\"datePublished\":\"2019-12-06T10:25:53+00:00\",\"dateModified\":\"2019-12-06T15:00:00+00:00\",\"mainEntityOfPage\":{\"@id\":\"https:\\\/\\\/diariotextual.com\\\/inicio\\\/index.php\\\/2019\\\/12\\\/06\\\/alvear-pusieron-una-camara-oculta-despacho-del-intendente\\\/\"},\"wordCount\":460,\"publisher\":{\"@id\":\"https:\\\/\\\/diariotextual.com\\\/inicio\\\/#organization\"},\"image\":{\"@id\":\"https:\\\/\\\/diariotextual.com\\\/inicio\\\/index.php\\\/2019\\\/12\\\/06\\\/alvear-pusieron-una-camara-oculta-despacho-del-intendente\\\/#primaryimage\"},\"thumbnailUrl\":\"https:\\\/\\\/diariotextual.com\\\/inicio\\\/wp-content\\\/uploads\\\/2019\\\/12\\\/traversofrancisco111.jpg\",\"articleSection\":[\"A - DESTACADAS (mod 16)\",\"POLITICA\"],\"inLanguage\":\"es\"},{\"@type\":\"WebPage\",\"@id\":\"https:\\\/\\\/diariotextual.com\\\/inicio\\\/index.php\\\/2019\\\/12\\\/06\\\/alvear-pusieron-una-camara-oculta-despacho-del-intendente\\\/\",\"url\":\"https:\\\/\\\/diariotextual.com\\\/inicio\\\/index.php\\\/2019\\\/12\\\/06\\\/alvear-pusieron-una-camara-oculta-despacho-del-intendente\\\/\",\"name\":\"Alvear: pusieron una c\u00e1mara oculta en el despacho del intendente - Diario Textual\",\"isPartOf\":{\"@id\":\"https:\\\/\\\/diariotextual.com\\\/inicio\\\/#website\"},\"primaryImageOfPage\":{\"@id\":\"https:\\\/\\\/diariotextual.com\\\/inicio\\\/index.php\\\/2019\\\/12\\\/06\\\/alvear-pusieron-una-camara-oculta-despacho-del-intendente\\\/#primaryimage\"},\"image\":{\"@id\":\"https:\\\/\\\/diariotextual.com\\\/inicio\\\/index.php\\\/2019\\\/12\\\/06\\\/alvear-pusieron-una-camara-oculta-despacho-del-intendente\\\/#primaryimage\"},\"thumbnailUrl\":\"https:\\\/\\\/diariotextual.com\\\/inicio\\\/wp-content\\\/uploads\\\/2019\\\/12\\\/traversofrancisco111.jpg\",\"datePublished\":\"2019-12-06T10:25:53+00:00\",\"dateModified\":\"2019-12-06T15:00:00+00:00\",\"breadcrumb\":{\"@id\":\"https:\\\/\\\/diariotextual.com\\\/inicio\\\/index.php\\\/2019\\\/12\\\/06\\\/alvear-pusieron-una-camara-oculta-despacho-del-intendente\\\/#breadcrumb\"},\"inLanguage\":\"es\",\"potentialAction\":[{\"@type\":\"ReadAction\",\"target\":[\"https:\\\/\\\/diariotextual.com\\\/inicio\\\/index.php\\\/2019\\\/12\\\/06\\\/alvear-pusieron-una-camara-oculta-despacho-del-intendente\\\/\"]}]},{\"@type\":\"ImageObject\",\"inLanguage\":\"es\",\"@id\":\"https:\\\/\\\/diariotextual.com\\\/inicio\\\/index.php\\\/2019\\\/12\\\/06\\\/alvear-pusieron-una-camara-oculta-despacho-del-intendente\\\/#primaryimage\",\"url\":\"https:\\\/\\\/diariotextual.com\\\/inicio\\\/wp-content\\\/uploads\\\/2019\\\/12\\\/traversofrancisco111.jpg\",\"contentUrl\":\"https:\\\/\\\/diariotextual.com\\\/inicio\\\/wp-content\\\/uploads\\\/2019\\\/12\\\/traversofrancisco111.jpg\",\"width\":2048,\"height\":1368},{\"@type\":\"BreadcrumbList\",\"@id\":\"https:\\\/\\\/diariotextual.com\\\/inicio\\\/index.php\\\/2019\\\/12\\\/06\\\/alvear-pusieron-una-camara-oculta-despacho-del-intendente\\\/#breadcrumb\",\"itemListElement\":[{\"@type\":\"ListItem\",\"position\":1,\"name\":\"Portada\",\"item\":\"https:\\\/\\\/diariotextual.com\\\/inicio\\\/\"},{\"@type\":\"ListItem\",\"position\":2,\"name\":\"Alvear: pusieron una c\u00e1mara oculta en el despacho del intendente\"}]},{\"@type\":\"WebSite\",\"@id\":\"https:\\\/\\\/diariotextual.com\\\/inicio\\\/#website\",\"url\":\"https:\\\/\\\/diariotextual.com\\\/inicio\\\/\",\"name\":\"Diario Textual\",\"description\":\"\",\"publisher\":{\"@id\":\"https:\\\/\\\/diariotextual.com\\\/inicio\\\/#organization\"},\"potentialAction\":[{\"@type\":\"SearchAction\",\"target\":{\"@type\":\"EntryPoint\",\"urlTemplate\":\"https:\\\/\\\/diariotextual.com\\\/inicio\\\/?s={search_term_string}\"},\"query-input\":{\"@type\":\"PropertyValueSpecification\",\"valueRequired\":true,\"valueName\":\"search_term_string\"}}],\"inLanguage\":\"es\"},{\"@type\":\"Organization\",\"@id\":\"https:\\\/\\\/diariotextual.com\\\/inicio\\\/#organization\",\"name\":\"Diario Textual\",\"url\":\"https:\\\/\\\/diariotextual.com\\\/inicio\\\/\",\"logo\":{\"@type\":\"ImageObject\",\"inLanguage\":\"es\",\"@id\":\"https:\\\/\\\/diariotextual.com\\\/inicio\\\/#\\\/schema\\\/logo\\\/image\\\/\",\"url\":\"https:\\\/\\\/diariotextual.com\\\/inicio\\\/wp-content\\\/uploads\\\/2023\\\/05\\\/logotextual1.jpg\",\"contentUrl\":\"https:\\\/\\\/diariotextual.com\\\/inicio\\\/wp-content\\\/uploads\\\/2023\\\/05\\\/logotextual1.jpg\",\"width\":516,\"height\":76,\"caption\":\"Diario Textual\"},\"image\":{\"@id\":\"https:\\\/\\\/diariotextual.com\\\/inicio\\\/#\\\/schema\\\/logo\\\/image\\\/\"},\"sameAs\":[\"https:\\\/\\\/www.facebook.com\\\/eltextual\",\"https:\\\/\\\/x.com\\\/eltextual\",\"http:\\\/\\\/www.instagram.com\\\/eltextual\"]},{\"@type\":\"Person\",\"@id\":\"https:\\\/\\\/diariotextual.com\\\/inicio\\\/#\\\/schema\\\/person\\\/418fc4093c33e86ed41562db3508f958\",\"name\":\"Diario1 Diario1\",\"image\":{\"@type\":\"ImageObject\",\"inLanguage\":\"es\",\"@id\":\"https:\\\/\\\/secure.gravatar.com\\\/avatar\\\/9167d280179c85bc18be67aa7eda765854300033af4896dd779b608640f2ef7a?s=96&d=mm&r=g\",\"url\":\"https:\\\/\\\/secure.gravatar.com\\\/avatar\\\/9167d280179c85bc18be67aa7eda765854300033af4896dd779b608640f2ef7a?s=96&d=mm&r=g\",\"contentUrl\":\"https:\\\/\\\/secure.gravatar.com\\\/avatar\\\/9167d280179c85bc18be67aa7eda765854300033af4896dd779b608640f2ef7a?s=96&d=mm&r=g\",\"caption\":\"Diario1 Diario1\"},\"url\":\"https:\\\/\\\/diariotextual.com\\\/inicio\\\/index.php\\\/author\\\/diario1\\\/\"}]}<\/script>\n<!-- \/ Yoast SEO plugin. -->","yoast_head_json":{"title":"Alvear: pusieron una c\u00e1mara oculta en el despacho del intendente - Diario Textual","robots":{"index":"index","follow":"follow","max-snippet":"max-snippet:-1","max-image-preview":"max-image-preview:large","max-video-preview":"max-video-preview:-1"},"canonical":"https:\/\/diariotextual.com\/inicio\/index.php\/2019\/12\/06\/alvear-pusieron-una-camara-oculta-despacho-del-intendente\/","og_locale":"es_ES","og_type":"article","og_title":"Alvear: pusieron una c\u00e1mara oculta en el despacho del intendente - Diario Textual","og_description":"En el despacho del jefe comunal de Intendente Alvear encontraron una c\u00e1mara que se encontraba oculta dentro de un sensor de una alarma. Lo hall\u00f3 el mismo intendente Francisco Traverso.\u00a0\u201cHemos&hellip;","og_url":"https:\/\/diariotextual.com\/inicio\/index.php\/2019\/12\/06\/alvear-pusieron-una-camara-oculta-despacho-del-intendente\/","og_site_name":"Diario Textual","article_publisher":"https:\/\/www.facebook.com\/eltextual","article_published_time":"2019-12-06T10:25:53+00:00","article_modified_time":"2019-12-06T15:00:00+00:00","og_image":[{"width":2048,"height":1368,"url":"https:\/\/diariotextual.com\/inicio\/wp-content\/uploads\/2019\/12\/traversofrancisco111.jpg","type":"image\/jpeg"}],"author":"Diario1 Diario1","twitter_card":"summary_large_image","twitter_creator":"@eltextual","twitter_site":"@eltextual","twitter_misc":{"Escrito por":"Diario1 Diario1","Tiempo de lectura":"2 minutos"},"schema":{"@context":"https:\/\/schema.org","@graph":[{"@type":"Article","@id":"https:\/\/diariotextual.com\/inicio\/index.php\/2019\/12\/06\/alvear-pusieron-una-camara-oculta-despacho-del-intendente\/#article","isPartOf":{"@id":"https:\/\/diariotextual.com\/inicio\/index.php\/2019\/12\/06\/alvear-pusieron-una-camara-oculta-despacho-del-intendente\/"},"author":{"name":"Diario1 Diario1","@id":"https:\/\/diariotextual.com\/inicio\/#\/schema\/person\/418fc4093c33e86ed41562db3508f958"},"headline":"Alvear: pusieron una c\u00e1mara oculta en el despacho del intendente","datePublished":"2019-12-06T10:25:53+00:00","dateModified":"2019-12-06T15:00:00+00:00","mainEntityOfPage":{"@id":"https:\/\/diariotextual.com\/inicio\/index.php\/2019\/12\/06\/alvear-pusieron-una-camara-oculta-despacho-del-intendente\/"},"wordCount":460,"publisher":{"@id":"https:\/\/diariotextual.com\/inicio\/#organization"},"image":{"@id":"https:\/\/diariotextual.com\/inicio\/index.php\/2019\/12\/06\/alvear-pusieron-una-camara-oculta-despacho-del-intendente\/#primaryimage"},"thumbnailUrl":"https:\/\/diariotextual.com\/inicio\/wp-content\/uploads\/2019\/12\/traversofrancisco111.jpg","articleSection":["A - DESTACADAS (mod 16)","POLITICA"],"inLanguage":"es"},{"@type":"WebPage","@id":"https:\/\/diariotextual.com\/inicio\/index.php\/2019\/12\/06\/alvear-pusieron-una-camara-oculta-despacho-del-intendente\/","url":"https:\/\/diariotextual.com\/inicio\/index.php\/2019\/12\/06\/alvear-pusieron-una-camara-oculta-despacho-del-intendente\/","name":"Alvear: pusieron una c\u00e1mara oculta en el despacho del intendente - Diario Textual","isPartOf":{"@id":"https:\/\/diariotextual.com\/inicio\/#website"},"primaryImageOfPage":{"@id":"https:\/\/diariotextual.com\/inicio\/index.php\/2019\/12\/06\/alvear-pusieron-una-camara-oculta-despacho-del-intendente\/#primaryimage"},"image":{"@id":"https:\/\/diariotextual.com\/inicio\/index.php\/2019\/12\/06\/alvear-pusieron-una-camara-oculta-despacho-del-intendente\/#primaryimage"},"thumbnailUrl":"https:\/\/diariotextual.com\/inicio\/wp-content\/uploads\/2019\/12\/traversofrancisco111.jpg","datePublished":"2019-12-06T10:25:53+00:00","dateModified":"2019-12-06T15:00:00+00:00","breadcrumb":{"@id":"https:\/\/diariotextual.com\/inicio\/index.php\/2019\/12\/06\/alvear-pusieron-una-camara-oculta-despacho-del-intendente\/#breadcrumb"},"inLanguage":"es","potentialAction":[{"@type":"ReadAction","target":["https:\/\/diariotextual.com\/inicio\/index.php\/2019\/12\/06\/alvear-pusieron-una-camara-oculta-despacho-del-intendente\/"]}]},{"@type":"ImageObject","inLanguage":"es","@id":"https:\/\/diariotextual.com\/inicio\/index.php\/2019\/12\/06\/alvear-pusieron-una-camara-oculta-despacho-del-intendente\/#primaryimage","url":"https:\/\/diariotextual.com\/inicio\/wp-content\/uploads\/2019\/12\/traversofrancisco111.jpg","contentUrl":"https:\/\/diariotextual.com\/inicio\/wp-content\/uploads\/2019\/12\/traversofrancisco111.jpg","width":2048,"height":1368},{"@type":"BreadcrumbList","@id":"https:\/\/diariotextual.com\/inicio\/index.php\/2019\/12\/06\/alvear-pusieron-una-camara-oculta-despacho-del-intendente\/#breadcrumb","itemListElement":[{"@type":"ListItem","position":1,"name":"Portada","item":"https:\/\/diariotextual.com\/inicio\/"},{"@type":"ListItem","position":2,"name":"Alvear: pusieron una c\u00e1mara oculta en el despacho del intendente"}]},{"@type":"WebSite","@id":"https:\/\/diariotextual.com\/inicio\/#website","url":"https:\/\/diariotextual.com\/inicio\/","name":"Diario Textual","description":"","publisher":{"@id":"https:\/\/diariotextual.com\/inicio\/#organization"},"potentialAction":[{"@type":"SearchAction","target":{"@type":"EntryPoint","urlTemplate":"https:\/\/diariotextual.com\/inicio\/?s={search_term_string}"},"query-input":{"@type":"PropertyValueSpecification","valueRequired":true,"valueName":"search_term_string"}}],"inLanguage":"es"},{"@type":"Organization","@id":"https:\/\/diariotextual.com\/inicio\/#organization","name":"Diario Textual","url":"https:\/\/diariotextual.com\/inicio\/","logo":{"@type":"ImageObject","inLanguage":"es","@id":"https:\/\/diariotextual.com\/inicio\/#\/schema\/logo\/image\/","url":"https:\/\/diariotextual.com\/inicio\/wp-content\/uploads\/2023\/05\/logotextual1.jpg","contentUrl":"https:\/\/diariotextual.com\/inicio\/wp-content\/uploads\/2023\/05\/logotextual1.jpg","width":516,"height":76,"caption":"Diario Textual"},"image":{"@id":"https:\/\/diariotextual.com\/inicio\/#\/schema\/logo\/image\/"},"sameAs":["https:\/\/www.facebook.com\/eltextual","https:\/\/x.com\/eltextual","http:\/\/www.instagram.com\/eltextual"]},{"@type":"Person","@id":"https:\/\/diariotextual.com\/inicio\/#\/schema\/person\/418fc4093c33e86ed41562db3508f958","name":"Diario1 Diario1","image":{"@type":"ImageObject","inLanguage":"es","@id":"https:\/\/secure.gravatar.com\/avatar\/9167d280179c85bc18be67aa7eda765854300033af4896dd779b608640f2ef7a?s=96&d=mm&r=g","url":"https:\/\/secure.gravatar.com\/avatar\/9167d280179c85bc18be67aa7eda765854300033af4896dd779b608640f2ef7a?s=96&d=mm&r=g","contentUrl":"https:\/\/secure.gravatar.com\/avatar\/9167d280179c85bc18be67aa7eda765854300033af4896dd779b608640f2ef7a?s=96&d=mm&r=g","caption":"Diario1 Diario1"},"url":"https:\/\/diariotextual.com\/inicio\/index.php\/author\/diario1\/"}]}},"_links":{"self":[{"href":"https:\/\/diariotextual.com\/inicio\/index.php\/wp-json\/wp\/v2\/posts\/72197","targetHints":{"allow":["GET"]}}],"collection":[{"href":"https:\/\/diariotextual.com\/inicio\/index.php\/wp-json\/wp\/v2\/posts"}],"about":[{"href":"https:\/\/diariotextual.com\/inicio\/index.php\/wp-json\/wp\/v2\/types\/post"}],"author":[{"embeddable":true,"href":"https:\/\/diariotextual.com\/inicio\/index.php\/wp-json\/wp\/v2\/users\/3"}],"replies":[{"embeddable":true,"href":"https:\/\/diariotextual.com\/inicio\/index.php\/wp-json\/wp\/v2\/comments?post=72197"}],"version-history":[{"count":2,"href":"https:\/\/diariotextual.com\/inicio\/index.php\/wp-json\/wp\/v2\/posts\/72197\/revisions"}],"predecessor-version":[{"id":72200,"href":"https:\/\/diariotextual.com\/inicio\/index.php\/wp-json\/wp\/v2\/posts\/72197\/revisions\/72200"}],"wp:featuredmedia":[{"embeddable":true,"href":"https:\/\/diariotextual.com\/inicio\/index.php\/wp-json\/wp\/v2\/media\/72201"}],"wp:attachment":[{"href":"https:\/\/diariotextual.com\/inicio\/index.php\/wp-json\/wp\/v2\/media?parent=72197"}],"wp:term":[{"taxonomy":"category","embeddable":true,"href":"https:\/\/diariotextual.com\/inicio\/index.php\/wp-json\/wp\/v2\/categories?post=72197"},{"taxonomy":"post_tag","embeddable":true,"href":"https:\/\/diariotextual.com\/inicio\/index.php\/wp-json\/wp\/v2\/tags?post=72197"}],"curies":[{"name":"wp","href":"https:\/\/api.w.org\/{rel}","templated":true}]}}