{"id":73194,"date":"2019-12-14T17:48:17","date_gmt":"2019-12-14T20:48:17","guid":{"rendered":"http:\/\/diariotextual.com\/inicio\/?p=73194"},"modified":"2019-12-15T11:29:55","modified_gmt":"2019-12-15T14:29:55","slug":"cafiero-la-ley-emergencia-no-congelar-tarifas","status":"publish","type":"post","link":"https:\/\/diariotextual.com\/inicio\/index.php\/2019\/12\/14\/cafiero-la-ley-emergencia-no-congelar-tarifas\/","title":{"rendered":"Cafiero, sobre la ley de emergencia: \u00abNo vamos a congelar tarifas\u00bb"},"content":{"rendered":"<p>El jefe de Gabinete, <strong>Santiago Cafiero<\/strong>, anticip\u00f3 en di\u00e1logo con el diario<a href=\"https:\/\/www.lanacion.com.ar\/politica\/santiago-cafiero-detalles-ley-emergencia-no-vamos-nid2315773\" target=\"_blank\" rel=\"noopener\"><strong> La Naci\u00f3n<\/strong> <\/a>que el proyecto llamado de \u00absolidaridad y reactivaci\u00f3n productiva\u00bb incluir\u00e1 la instauraci\u00f3n de un impuesto del alrededor del 20% a los consumos en d\u00f3lares, una modificaci\u00f3n de las al\u00edcuotas de Bienes Personales (aunque no se tocar\u00e1n los m\u00ednimos desde los cuales se paga), una moratoria fiscal para las pymes y se facultar\u00e1 al Poder Ejecutivo a dar aumentos de jubilaciones, planes sociales y salarios, con la idea de anunciarlos antes de Fin de A\u00f1o.<\/p>\n<p>Adem\u00e1s, descart\u00f3 cambios en el Impuesto a las Ganancias, neg\u00f3 que se estuviera pensando en un congelamiento del cuadro tarifario y trat\u00f3 de bajarle el tono a la pol\u00e9mica con las entidades ruralistas por la suba de retenciones publicada esta ma\u00f1ana.<\/p>\n<p><strong>-Las entidades cuestionan que no haya habido una consulta previa como se hab\u00eda prometido durante la campa\u00f1a. \u00bfPor qu\u00e9 se tom\u00f3 la medida de ese modo?- le consultaron desde La Naci\u00f3n.<\/strong><\/p>\n<p>-Esas mesas de di\u00e1logo s\u00ed se van a conformar. Ac\u00e1 lo que se hizo fue actualizar el valor de las retenciones que se hab\u00edan fijado en 4 pesos. Las retenciones ten\u00edan una parte m\u00f3vil y otra fija. As\u00ed lo estableci\u00f3 Macri y as\u00ed est\u00e1 hoy el r\u00e9gimen. Eso no se toc\u00f3. Lo que se hizo es actualizar el monto fijo, que era un componente de esas retenciones. Cuando Macri estableci\u00f3 este sistema, para la soja era 18% de retenciones m\u00f3viles, m\u00e1s un 12% fijo al d\u00f3lar de ese momento ($36), con un tope m\u00e1ximo de 4 pesos. Lo que dijimos es: pasaste de un d\u00f3lar de 36 a uno de 63, modifiquemos ese tope. Obviamente se actualizan los valores, pero no se modific\u00f3 el r\u00e9gimen de retenciones. Si lo hici\u00e9ramos, l\u00f3gicamente vamos a estar convocando a las entidades.<\/p>\n<p><strong>-\u00bfEst\u00e1 previsto hacer ese cambio de r\u00e9gimen?<\/strong><\/p>\n<p>-No. Lo que est\u00e1 previsto es ir convocando a los sectores a este \u00e1mbito de acuerdo para evaluar cu\u00e1l es el mejor r\u00e9gimen exportador de la Argentina. Nosotros necesitamos traer d\u00f3lares. Nuestro programa se define en parte en la idea de mejorar el perfil exportador del pa\u00eds. No buscamos ning\u00fan r\u00e9gimen prohibitivo ni mucho menos, pero s\u00ed que se adecue a las necesidades que tiene el resto de la Argentina.<\/p>\n<p><strong>-Pero en los hechos las retenciones a la soja aumentaron.<\/strong><\/p>\n<p>-Depende. En alg\u00fan punto no. Las retenciones de Macri para la soja estaban en un 18% m\u00e1s un 12%, con lo cual da 30%. Lo que ten\u00edan esas retenciones era un tope fijo, de 4 pesos, que es lo que nosotros sacamos. Excepto eso son las mismas retenciones que ten\u00edan con Macri.<\/p>\n<p><strong>-\u00bfQu\u00e9 mensaje le da el Gobierno a los productores, que ya est\u00e1n expresando su malestar? Sobre todo frente a los que sospechan que esto puede dar pie a un nuevo conflicto despu\u00e9s de lo que pas\u00f3 hace 10 a\u00f1os.<\/strong><\/p>\n<p>-Pensamos que no tiene asidero eso. Lo que estamos buscando es actualizar valores que quedaron muy desactualizados. Las medidas las vamos a tomar en mesas de acuerdo, siempre vamos a tratar de consensuar. Nosotros no tocamos al campo, sino los derechos de exportaci\u00f3n. Entendemos las dificultades que tuvo el campo por cuestiones clim\u00e1ticas, entendemos que hay muchos insumos que son en d\u00f3lares, pero tambi\u00e9n tenemos que ser conscientes de que el gobierno de Macri tuvo una devaluaci\u00f3n de m\u00e1s del 500% y eso genera rentabilidad extraordinaria.<\/p>\n<p><strong>-\u00bfVan a avanzar con el impuesto a los consumos en el exterior o el d\u00f3lar turista, como se le suele decir?<\/strong><\/p>\n<p>-Va a ser parte de la ley de solidaridad y reactivaci\u00f3n econ\u00f3mica que mandaremos el lunes al Congreso. Con esto buscamos cuidar los d\u00f3lares que tiene la econom\u00eda argentina y reactivar la industria tur\u00edstica local. Persigue una l\u00f3gica distributiva. A los sectores que tienen la capacidad de hacer un viaje al exterior van a tener un tributo.<\/p>\n<p><strong>-\u00bfDe cu\u00e1nto es, seg\u00fan el proyecto de ley?<\/strong><\/p>\n<p>-Alrededor del 20%.<\/p>\n<p><strong>-\u00bfIncluye la compra de pasajes?<\/strong><\/p>\n<p>-Si el pasaje est\u00e1 en d\u00f3lares s\u00ed.<\/p>\n<p><strong>-\u00bfServicios como Netflix?<\/strong><\/p>\n<p>-Tambi\u00e9n.<\/p>\n<p><strong>-\u00bfHabr\u00e1 devoluci\u00f3n de Ganancias despu\u00e9s, como ocurri\u00f3 en el gobierno de Cristina Kirchner?<\/strong><\/p>\n<p>-Se est\u00e1 estudiando. Pero el tema es conceptual: no prohibirle a nadie que viaje o compre lo que quiera. Es importante que el que tenga capacidad de viajar al extranjero haga un aporte a los sectores m\u00e1s postergados.<\/p>\n<p><strong>-\u00bfPara ustedes el valor del d\u00f3lar est\u00e1 bien hoy?<\/strong><br \/>\n-S\u00ed. Para lo productivo, para el esquema exportador, s\u00ed.<\/p>\n<p><strong>-El proyecto del lunes, \u00bfincluye tambi\u00e9n aumentos de bienes personales?<\/strong><\/p>\n<p>-S\u00ed, tiene un aumento de las al\u00edcuotas de bienes personales, con los mismos topes. O sea, no se mueven los m\u00ednimos imponibles.<\/p>\n<p><strong>-\u00bfEl que no pagaba antes no pagar\u00eda ahora?<\/strong><\/p>\n<p>-Exacto. Eso es lo que figura en el proyecto al Congreso, que ser\u00e1 el que decida. Lo que hacemos es actualizar los porcentajes de las al\u00edcuotas. Del 0,25% pasar\u00eda al 0,50%; lo que ahora 0,50% pasa a 0,70% y as\u00ed. Siempre queda afuera del sistema las viviendas familiares.<\/p>\n<p><strong>-\u00bfHay un aumento mayor para los bienes en el exterior?<\/strong><\/p>\n<p>-A los que tienen bienes en el exterior se les aumenta un poco m\u00e1s. Hay una retribuci\u00f3n extraordinaria. Si traen los bienes al pa\u00eds tendr\u00edan una compensaci\u00f3n. Junto a esto habr\u00e1 una moratoria importante a las pymes. Vamos a agregar un concepto que el Estado les pide a sus acreedores. Le vamos a dar tiempo para crecer as\u00ed despu\u00e9s puedan pagar sus obligaciones a la AFIP. El proyecto nuestro supone un per\u00edodo de gracia entre 4 y 6 meses.<\/p>\n<p><strong>-\u00bfDel impuesto a las Ganancias tambi\u00e9n se va a tocar la al\u00edcuota?<\/strong><\/p>\n<p>-No. No hay previsto cambios en Ganancias. Solo bienes personales, siempre con una l\u00f3gica distributiva.<\/p>\n<p><strong>-Este esfuerzo que les piden a ciertos sectores tiene una contracara&#8230;<\/strong><\/p>\n<p>-Nosotros estamos en un sendero muy fino. No tenemos una instancia de expansi\u00f3n fiscal. Y estamos muy retra\u00eddos por una econom\u00eda que viene en ca\u00edda. Lo primero que tenemos que hacer es parar la ca\u00edda. Despu\u00e9s tenemos que dise\u00f1ar un horizonte de crecimiento. Ese horizonte tiene componentes redistributivos y productivos. Nosotros necesitamos que los sectores que han sido m\u00e1s golpeados sean los primeros que sientan un alivio. Que vuelva la capacidad de compra y de consumo. Y eso har\u00e1 que la econom\u00eda vuelva a crecer. Para eso tenemos pensado una bater\u00eda de medidas para los sectores m\u00e1s postergados.<\/p>\n<p><strong>-\u00bfComo qu\u00e9?<\/strong><\/p>\n<p>-Los detalles los tiene cada ministerio. Lo que har\u00e1 la ley es dar facultades para avanzar.<\/p>\n<p><strong>-\u00bfLos aumentos de jubilaciones, salarios y AUH no van a estar especificados en la ley?<\/strong><\/p>\n<p>-No, se va a facultar al Ejecutivo. Los aumentos van a tener que ver con la capacidad que tenga el fisco en el momento. Estamos definiendo los montos y las formas de pago.<\/p>\n<p><strong>-\u00bfLa f\u00f3rmula de actualizaci\u00f3n jubilatoria se va a modificar?<\/strong><\/p>\n<p>-Vamos a facultar a la Anses y a los organismos del Ministerio de Trabajo para que pongan en estudio la f\u00f3rmula actual. Vemos que se produce una inequidad muy grande: el \u00fanico a\u00f1o de Macri en que la econom\u00eda creci\u00f3, 2017, y eso se podr\u00eda haber socializado con los jubilados se cambi\u00f3 la f\u00f3rmula. Lo que hizo fue anclarla a la inflaci\u00f3n. As\u00ed nunca vas a crecer, a lo sumo empat\u00e1s y siempre corr\u00e9s de atr\u00e1s. Hay que hacer un estudio pormenorizado y en el entretanto, a partir de montos fijos, mejorar las escalas m\u00e1s bajas.<\/p>\n<p><strong>-\u00bfEl problema de la deuda debe resolverse en los pr\u00f3ximos dos meses?<\/strong><\/p>\n<p>-El equipo econ\u00f3mico est\u00e1 negociando.<\/p>\n<p><strong>-\u00bfEl <em>deadline<\/em> es marzo, por el tama\u00f1o de los vencimientos que vienen despu\u00e9s?<\/strong><\/p>\n<p>-S\u00ed. Nosotros tenemos que buscar resolver las cuestiones de deuda para que, fundamentalmente, encajen dentro de un programa macroecon\u00f3mico sostenible.<\/p>\n<p><strong>-Y ese programa no puede estar hasta que no se sepa qu\u00e9 va a pasar con la deuda, \u00bfentonces?<\/strong><\/p>\n<p>-Exactamente.<\/p>\n<p><strong>-\u00bfEl ajuste de tarifas va a ser incluido en la ley de emergencia?<\/strong><\/p>\n<p>-Lo que estamos proponiendo en el proyecto de emergencia es dar facultades. Se est\u00e1 trabajando en dos sentidos. Primero, en reconfigurar los entes de control, sobre todos los que tienen impacto sobre la Ciudad y la provincia de Buenos Aires. Segundo, buscamos la facultad para rediscutir el nuevo cuadro tarifario. \u00bfQu\u00e9 l\u00f3gica va a perseguir? Siempre la l\u00f3gica de que sean tarifas que se puedan pagar y que hagan que las empresas puedan seguir invirtiendo. Hay que buscar ese equilibrio.<\/p>\n<p><strong>-\u00bfSe descarta un congelamiento?<\/strong><\/p>\n<p>-S\u00ed. En principio no est\u00e1 previsto un congelamiento. El cuadro tarifario no va a quedar congelado. No veo que tengamos una posibilidad de congelar tarifas sin impactar fuertemente sobre n\u00facleos de inversi\u00f3n que son necesarios. Por eso no podemos avanzar en esa l\u00edneas.<\/p>\n<p><strong>-El presidente habl\u00f3 de la posibilidad de retraer aumentos de precios que hubo en las \u00faltimas semanas. \u00bfEn qu\u00e9 est\u00e1n pensando concretamente?<\/strong><\/p>\n<p>-Eso lo estamos negociando con dos formadores de precios muy generales: alimentos y medicamentos. Producci\u00f3n est\u00e1 negociando un nuevo esquema de Precios Cuidados, con el eje en el cuidado de la canasta b\u00e1sica. Eso va a entrar en vigencia en enero. Salud est\u00e1 discutiendo con los productores de medicamentos para ver c\u00f3mo hacemos para reducir el valor.<\/p>\n<p>&nbsp;<\/p>\n<p>&nbsp;<\/p>\n<p>&nbsp;<\/p>\n<p>&nbsp;<\/p>\n","protected":false},"excerpt":{"rendered":"<p>El jefe de Gabinete, Santiago Cafiero, anticip\u00f3 en di\u00e1logo con el diario La Naci\u00f3n que el proyecto llamado de \u00absolidaridad y reactivaci\u00f3n productiva\u00bb incluir\u00e1 la instauraci\u00f3n de un impuesto del&hellip;<\/p>\n","protected":false},"author":3,"featured_media":5567,"comment_status":"closed","ping_status":"open","sticky":false,"template":"","format":"standard","meta":{"_acf_changed":false,"footnotes":""},"categories":[11,5],"tags":[],"class_list":["post-73194","post","type-post","status-publish","format-standard","has-post-thumbnail","hentry","category-que-pasa","category-economia"],"acf":[],"yoast_head":"<!-- This site is optimized with the Yoast SEO plugin v27.5 - https:\/\/yoast.com\/product\/yoast-seo-wordpress\/ -->\n<title>Cafiero, sobre la ley de emergencia: &quot;No vamos a congelar tarifas&quot; - Diario Textual<\/title>\n<meta name=\"robots\" content=\"index, follow, max-snippet:-1, max-image-preview:large, max-video-preview:-1\" \/>\n<link rel=\"canonical\" href=\"https:\/\/diariotextual.com\/inicio\/index.php\/2019\/12\/14\/cafiero-la-ley-emergencia-no-congelar-tarifas\/\" \/>\n<meta property=\"og:locale\" content=\"es_ES\" \/>\n<meta property=\"og:type\" content=\"article\" \/>\n<meta property=\"og:title\" content=\"Cafiero, sobre la ley de emergencia: &quot;No vamos a congelar tarifas&quot; - Diario Textual\" \/>\n<meta property=\"og:description\" content=\"El jefe de Gabinete, Santiago Cafiero, anticip\u00f3 en di\u00e1logo con el diario La Naci\u00f3n que el proyecto llamado de \u00absolidaridad y reactivaci\u00f3n productiva\u00bb incluir\u00e1 la instauraci\u00f3n de un impuesto del&hellip;\" \/>\n<meta property=\"og:url\" content=\"https:\/\/diariotextual.com\/inicio\/index.php\/2019\/12\/14\/cafiero-la-ley-emergencia-no-congelar-tarifas\/\" \/>\n<meta property=\"og:site_name\" content=\"Diario Textual\" \/>\n<meta property=\"article:publisher\" content=\"https:\/\/www.facebook.com\/eltextual\" \/>\n<meta property=\"article:published_time\" content=\"2019-12-14T20:48:17+00:00\" \/>\n<meta property=\"article:modified_time\" content=\"2019-12-15T14:29:55+00:00\" \/>\n<meta property=\"og:image\" content=\"https:\/\/diariotextual.com\/inicio\/wp-content\/uploads\/2018\/04\/gastarifas31212.jpg\" \/>\n\t<meta property=\"og:image:width\" content=\"901\" \/>\n\t<meta property=\"og:image:height\" content=\"561\" \/>\n\t<meta property=\"og:image:type\" content=\"image\/jpeg\" \/>\n<meta name=\"author\" content=\"Diario1 Diario1\" \/>\n<meta name=\"twitter:card\" content=\"summary_large_image\" \/>\n<meta name=\"twitter:creator\" content=\"@eltextual\" \/>\n<meta name=\"twitter:site\" content=\"@eltextual\" \/>\n<meta name=\"twitter:label1\" content=\"Escrito por\" \/>\n\t<meta name=\"twitter:data1\" content=\"Diario1 Diario1\" \/>\n\t<meta name=\"twitter:label2\" content=\"Tiempo de lectura\" \/>\n\t<meta name=\"twitter:data2\" content=\"8 minutos\" \/>\n<script type=\"application\/ld+json\" class=\"yoast-schema-graph\">{\"@context\":\"https:\\\/\\\/schema.org\",\"@graph\":[{\"@type\":\"Article\",\"@id\":\"https:\\\/\\\/diariotextual.com\\\/inicio\\\/index.php\\\/2019\\\/12\\\/14\\\/cafiero-la-ley-emergencia-no-congelar-tarifas\\\/#article\",\"isPartOf\":{\"@id\":\"https:\\\/\\\/diariotextual.com\\\/inicio\\\/index.php\\\/2019\\\/12\\\/14\\\/cafiero-la-ley-emergencia-no-congelar-tarifas\\\/\"},\"author\":{\"name\":\"Diario1 Diario1\",\"@id\":\"https:\\\/\\\/diariotextual.com\\\/inicio\\\/#\\\/schema\\\/person\\\/418fc4093c33e86ed41562db3508f958\"},\"headline\":\"Cafiero, sobre la ley de emergencia: \u00abNo vamos a congelar tarifas\u00bb\",\"datePublished\":\"2019-12-14T20:48:17+00:00\",\"dateModified\":\"2019-12-15T14:29:55+00:00\",\"mainEntityOfPage\":{\"@id\":\"https:\\\/\\\/diariotextual.com\\\/inicio\\\/index.php\\\/2019\\\/12\\\/14\\\/cafiero-la-ley-emergencia-no-congelar-tarifas\\\/\"},\"wordCount\":1638,\"publisher\":{\"@id\":\"https:\\\/\\\/diariotextual.com\\\/inicio\\\/#organization\"},\"image\":{\"@id\":\"https:\\\/\\\/diariotextual.com\\\/inicio\\\/index.php\\\/2019\\\/12\\\/14\\\/cafiero-la-ley-emergencia-no-congelar-tarifas\\\/#primaryimage\"},\"thumbnailUrl\":\"https:\\\/\\\/diariotextual.com\\\/inicio\\\/wp-content\\\/uploads\\\/2018\\\/04\\\/gastarifas31212.jpg\",\"articleSection\":[\"A - QUE PASA (al costado)\",\"ECONOMIA\"],\"inLanguage\":\"es\"},{\"@type\":\"WebPage\",\"@id\":\"https:\\\/\\\/diariotextual.com\\\/inicio\\\/index.php\\\/2019\\\/12\\\/14\\\/cafiero-la-ley-emergencia-no-congelar-tarifas\\\/\",\"url\":\"https:\\\/\\\/diariotextual.com\\\/inicio\\\/index.php\\\/2019\\\/12\\\/14\\\/cafiero-la-ley-emergencia-no-congelar-tarifas\\\/\",\"name\":\"Cafiero, sobre la ley de emergencia: \\\"No vamos a congelar tarifas\\\" - Diario Textual\",\"isPartOf\":{\"@id\":\"https:\\\/\\\/diariotextual.com\\\/inicio\\\/#website\"},\"primaryImageOfPage\":{\"@id\":\"https:\\\/\\\/diariotextual.com\\\/inicio\\\/index.php\\\/2019\\\/12\\\/14\\\/cafiero-la-ley-emergencia-no-congelar-tarifas\\\/#primaryimage\"},\"image\":{\"@id\":\"https:\\\/\\\/diariotextual.com\\\/inicio\\\/index.php\\\/2019\\\/12\\\/14\\\/cafiero-la-ley-emergencia-no-congelar-tarifas\\\/#primaryimage\"},\"thumbnailUrl\":\"https:\\\/\\\/diariotextual.com\\\/inicio\\\/wp-content\\\/uploads\\\/2018\\\/04\\\/gastarifas31212.jpg\",\"datePublished\":\"2019-12-14T20:48:17+00:00\",\"dateModified\":\"2019-12-15T14:29:55+00:00\",\"breadcrumb\":{\"@id\":\"https:\\\/\\\/diariotextual.com\\\/inicio\\\/index.php\\\/2019\\\/12\\\/14\\\/cafiero-la-ley-emergencia-no-congelar-tarifas\\\/#breadcrumb\"},\"inLanguage\":\"es\",\"potentialAction\":[{\"@type\":\"ReadAction\",\"target\":[\"https:\\\/\\\/diariotextual.com\\\/inicio\\\/index.php\\\/2019\\\/12\\\/14\\\/cafiero-la-ley-emergencia-no-congelar-tarifas\\\/\"]}]},{\"@type\":\"ImageObject\",\"inLanguage\":\"es\",\"@id\":\"https:\\\/\\\/diariotextual.com\\\/inicio\\\/index.php\\\/2019\\\/12\\\/14\\\/cafiero-la-ley-emergencia-no-congelar-tarifas\\\/#primaryimage\",\"url\":\"https:\\\/\\\/diariotextual.com\\\/inicio\\\/wp-content\\\/uploads\\\/2018\\\/04\\\/gastarifas31212.jpg\",\"contentUrl\":\"https:\\\/\\\/diariotextual.com\\\/inicio\\\/wp-content\\\/uploads\\\/2018\\\/04\\\/gastarifas31212.jpg\",\"width\":901,\"height\":561},{\"@type\":\"BreadcrumbList\",\"@id\":\"https:\\\/\\\/diariotextual.com\\\/inicio\\\/index.php\\\/2019\\\/12\\\/14\\\/cafiero-la-ley-emergencia-no-congelar-tarifas\\\/#breadcrumb\",\"itemListElement\":[{\"@type\":\"ListItem\",\"position\":1,\"name\":\"Portada\",\"item\":\"https:\\\/\\\/diariotextual.com\\\/inicio\\\/\"},{\"@type\":\"ListItem\",\"position\":2,\"name\":\"Cafiero, sobre la ley de emergencia: \u00abNo vamos a congelar tarifas\u00bb\"}]},{\"@type\":\"WebSite\",\"@id\":\"https:\\\/\\\/diariotextual.com\\\/inicio\\\/#website\",\"url\":\"https:\\\/\\\/diariotextual.com\\\/inicio\\\/\",\"name\":\"Diario Textual\",\"description\":\"\",\"publisher\":{\"@id\":\"https:\\\/\\\/diariotextual.com\\\/inicio\\\/#organization\"},\"potentialAction\":[{\"@type\":\"SearchAction\",\"target\":{\"@type\":\"EntryPoint\",\"urlTemplate\":\"https:\\\/\\\/diariotextual.com\\\/inicio\\\/?s={search_term_string}\"},\"query-input\":{\"@type\":\"PropertyValueSpecification\",\"valueRequired\":true,\"valueName\":\"search_term_string\"}}],\"inLanguage\":\"es\"},{\"@type\":\"Organization\",\"@id\":\"https:\\\/\\\/diariotextual.com\\\/inicio\\\/#organization\",\"name\":\"Diario Textual\",\"url\":\"https:\\\/\\\/diariotextual.com\\\/inicio\\\/\",\"logo\":{\"@type\":\"ImageObject\",\"inLanguage\":\"es\",\"@id\":\"https:\\\/\\\/diariotextual.com\\\/inicio\\\/#\\\/schema\\\/logo\\\/image\\\/\",\"url\":\"https:\\\/\\\/diariotextual.com\\\/inicio\\\/wp-content\\\/uploads\\\/2023\\\/05\\\/logotextual1.jpg\",\"contentUrl\":\"https:\\\/\\\/diariotextual.com\\\/inicio\\\/wp-content\\\/uploads\\\/2023\\\/05\\\/logotextual1.jpg\",\"width\":516,\"height\":76,\"caption\":\"Diario Textual\"},\"image\":{\"@id\":\"https:\\\/\\\/diariotextual.com\\\/inicio\\\/#\\\/schema\\\/logo\\\/image\\\/\"},\"sameAs\":[\"https:\\\/\\\/www.facebook.com\\\/eltextual\",\"https:\\\/\\\/x.com\\\/eltextual\",\"http:\\\/\\\/www.instagram.com\\\/eltextual\"]},{\"@type\":\"Person\",\"@id\":\"https:\\\/\\\/diariotextual.com\\\/inicio\\\/#\\\/schema\\\/person\\\/418fc4093c33e86ed41562db3508f958\",\"name\":\"Diario1 Diario1\",\"image\":{\"@type\":\"ImageObject\",\"inLanguage\":\"es\",\"@id\":\"https:\\\/\\\/secure.gravatar.com\\\/avatar\\\/9167d280179c85bc18be67aa7eda765854300033af4896dd779b608640f2ef7a?s=96&d=mm&r=g\",\"url\":\"https:\\\/\\\/secure.gravatar.com\\\/avatar\\\/9167d280179c85bc18be67aa7eda765854300033af4896dd779b608640f2ef7a?s=96&d=mm&r=g\",\"contentUrl\":\"https:\\\/\\\/secure.gravatar.com\\\/avatar\\\/9167d280179c85bc18be67aa7eda765854300033af4896dd779b608640f2ef7a?s=96&d=mm&r=g\",\"caption\":\"Diario1 Diario1\"},\"url\":\"https:\\\/\\\/diariotextual.com\\\/inicio\\\/index.php\\\/author\\\/diario1\\\/\"}]}<\/script>\n<!-- \/ Yoast SEO plugin. -->","yoast_head_json":{"title":"Cafiero, sobre la ley de emergencia: \"No vamos a congelar tarifas\" - Diario Textual","robots":{"index":"index","follow":"follow","max-snippet":"max-snippet:-1","max-image-preview":"max-image-preview:large","max-video-preview":"max-video-preview:-1"},"canonical":"https:\/\/diariotextual.com\/inicio\/index.php\/2019\/12\/14\/cafiero-la-ley-emergencia-no-congelar-tarifas\/","og_locale":"es_ES","og_type":"article","og_title":"Cafiero, sobre la ley de emergencia: \"No vamos a congelar tarifas\" - Diario Textual","og_description":"El jefe de Gabinete, Santiago Cafiero, anticip\u00f3 en di\u00e1logo con el diario La Naci\u00f3n que el proyecto llamado de \u00absolidaridad y reactivaci\u00f3n productiva\u00bb incluir\u00e1 la instauraci\u00f3n de un impuesto del&hellip;","og_url":"https:\/\/diariotextual.com\/inicio\/index.php\/2019\/12\/14\/cafiero-la-ley-emergencia-no-congelar-tarifas\/","og_site_name":"Diario Textual","article_publisher":"https:\/\/www.facebook.com\/eltextual","article_published_time":"2019-12-14T20:48:17+00:00","article_modified_time":"2019-12-15T14:29:55+00:00","og_image":[{"width":901,"height":561,"url":"https:\/\/diariotextual.com\/inicio\/wp-content\/uploads\/2018\/04\/gastarifas31212.jpg","type":"image\/jpeg"}],"author":"Diario1 Diario1","twitter_card":"summary_large_image","twitter_creator":"@eltextual","twitter_site":"@eltextual","twitter_misc":{"Escrito por":"Diario1 Diario1","Tiempo de lectura":"8 minutos"},"schema":{"@context":"https:\/\/schema.org","@graph":[{"@type":"Article","@id":"https:\/\/diariotextual.com\/inicio\/index.php\/2019\/12\/14\/cafiero-la-ley-emergencia-no-congelar-tarifas\/#article","isPartOf":{"@id":"https:\/\/diariotextual.com\/inicio\/index.php\/2019\/12\/14\/cafiero-la-ley-emergencia-no-congelar-tarifas\/"},"author":{"name":"Diario1 Diario1","@id":"https:\/\/diariotextual.com\/inicio\/#\/schema\/person\/418fc4093c33e86ed41562db3508f958"},"headline":"Cafiero, sobre la ley de emergencia: \u00abNo vamos a congelar tarifas\u00bb","datePublished":"2019-12-14T20:48:17+00:00","dateModified":"2019-12-15T14:29:55+00:00","mainEntityOfPage":{"@id":"https:\/\/diariotextual.com\/inicio\/index.php\/2019\/12\/14\/cafiero-la-ley-emergencia-no-congelar-tarifas\/"},"wordCount":1638,"publisher":{"@id":"https:\/\/diariotextual.com\/inicio\/#organization"},"image":{"@id":"https:\/\/diariotextual.com\/inicio\/index.php\/2019\/12\/14\/cafiero-la-ley-emergencia-no-congelar-tarifas\/#primaryimage"},"thumbnailUrl":"https:\/\/diariotextual.com\/inicio\/wp-content\/uploads\/2018\/04\/gastarifas31212.jpg","articleSection":["A - QUE PASA (al costado)","ECONOMIA"],"inLanguage":"es"},{"@type":"WebPage","@id":"https:\/\/diariotextual.com\/inicio\/index.php\/2019\/12\/14\/cafiero-la-ley-emergencia-no-congelar-tarifas\/","url":"https:\/\/diariotextual.com\/inicio\/index.php\/2019\/12\/14\/cafiero-la-ley-emergencia-no-congelar-tarifas\/","name":"Cafiero, sobre la ley de emergencia: \"No vamos a congelar tarifas\" - Diario Textual","isPartOf":{"@id":"https:\/\/diariotextual.com\/inicio\/#website"},"primaryImageOfPage":{"@id":"https:\/\/diariotextual.com\/inicio\/index.php\/2019\/12\/14\/cafiero-la-ley-emergencia-no-congelar-tarifas\/#primaryimage"},"image":{"@id":"https:\/\/diariotextual.com\/inicio\/index.php\/2019\/12\/14\/cafiero-la-ley-emergencia-no-congelar-tarifas\/#primaryimage"},"thumbnailUrl":"https:\/\/diariotextual.com\/inicio\/wp-content\/uploads\/2018\/04\/gastarifas31212.jpg","datePublished":"2019-12-14T20:48:17+00:00","dateModified":"2019-12-15T14:29:55+00:00","breadcrumb":{"@id":"https:\/\/diariotextual.com\/inicio\/index.php\/2019\/12\/14\/cafiero-la-ley-emergencia-no-congelar-tarifas\/#breadcrumb"},"inLanguage":"es","potentialAction":[{"@type":"ReadAction","target":["https:\/\/diariotextual.com\/inicio\/index.php\/2019\/12\/14\/cafiero-la-ley-emergencia-no-congelar-tarifas\/"]}]},{"@type":"ImageObject","inLanguage":"es","@id":"https:\/\/diariotextual.com\/inicio\/index.php\/2019\/12\/14\/cafiero-la-ley-emergencia-no-congelar-tarifas\/#primaryimage","url":"https:\/\/diariotextual.com\/inicio\/wp-content\/uploads\/2018\/04\/gastarifas31212.jpg","contentUrl":"https:\/\/diariotextual.com\/inicio\/wp-content\/uploads\/2018\/04\/gastarifas31212.jpg","width":901,"height":561},{"@type":"BreadcrumbList","@id":"https:\/\/diariotextual.com\/inicio\/index.php\/2019\/12\/14\/cafiero-la-ley-emergencia-no-congelar-tarifas\/#breadcrumb","itemListElement":[{"@type":"ListItem","position":1,"name":"Portada","item":"https:\/\/diariotextual.com\/inicio\/"},{"@type":"ListItem","position":2,"name":"Cafiero, sobre la ley de emergencia: \u00abNo vamos a congelar tarifas\u00bb"}]},{"@type":"WebSite","@id":"https:\/\/diariotextual.com\/inicio\/#website","url":"https:\/\/diariotextual.com\/inicio\/","name":"Diario Textual","description":"","publisher":{"@id":"https:\/\/diariotextual.com\/inicio\/#organization"},"potentialAction":[{"@type":"SearchAction","target":{"@type":"EntryPoint","urlTemplate":"https:\/\/diariotextual.com\/inicio\/?s={search_term_string}"},"query-input":{"@type":"PropertyValueSpecification","valueRequired":true,"valueName":"search_term_string"}}],"inLanguage":"es"},{"@type":"Organization","@id":"https:\/\/diariotextual.com\/inicio\/#organization","name":"Diario Textual","url":"https:\/\/diariotextual.com\/inicio\/","logo":{"@type":"ImageObject","inLanguage":"es","@id":"https:\/\/diariotextual.com\/inicio\/#\/schema\/logo\/image\/","url":"https:\/\/diariotextual.com\/inicio\/wp-content\/uploads\/2023\/05\/logotextual1.jpg","contentUrl":"https:\/\/diariotextual.com\/inicio\/wp-content\/uploads\/2023\/05\/logotextual1.jpg","width":516,"height":76,"caption":"Diario Textual"},"image":{"@id":"https:\/\/diariotextual.com\/inicio\/#\/schema\/logo\/image\/"},"sameAs":["https:\/\/www.facebook.com\/eltextual","https:\/\/x.com\/eltextual","http:\/\/www.instagram.com\/eltextual"]},{"@type":"Person","@id":"https:\/\/diariotextual.com\/inicio\/#\/schema\/person\/418fc4093c33e86ed41562db3508f958","name":"Diario1 Diario1","image":{"@type":"ImageObject","inLanguage":"es","@id":"https:\/\/secure.gravatar.com\/avatar\/9167d280179c85bc18be67aa7eda765854300033af4896dd779b608640f2ef7a?s=96&d=mm&r=g","url":"https:\/\/secure.gravatar.com\/avatar\/9167d280179c85bc18be67aa7eda765854300033af4896dd779b608640f2ef7a?s=96&d=mm&r=g","contentUrl":"https:\/\/secure.gravatar.com\/avatar\/9167d280179c85bc18be67aa7eda765854300033af4896dd779b608640f2ef7a?s=96&d=mm&r=g","caption":"Diario1 Diario1"},"url":"https:\/\/diariotextual.com\/inicio\/index.php\/author\/diario1\/"}]}},"_links":{"self":[{"href":"https:\/\/diariotextual.com\/inicio\/index.php\/wp-json\/wp\/v2\/posts\/73194","targetHints":{"allow":["GET"]}}],"collection":[{"href":"https:\/\/diariotextual.com\/inicio\/index.php\/wp-json\/wp\/v2\/posts"}],"about":[{"href":"https:\/\/diariotextual.com\/inicio\/index.php\/wp-json\/wp\/v2\/types\/post"}],"author":[{"embeddable":true,"href":"https:\/\/diariotextual.com\/inicio\/index.php\/wp-json\/wp\/v2\/users\/3"}],"replies":[{"embeddable":true,"href":"https:\/\/diariotextual.com\/inicio\/index.php\/wp-json\/wp\/v2\/comments?post=73194"}],"version-history":[{"count":3,"href":"https:\/\/diariotextual.com\/inicio\/index.php\/wp-json\/wp\/v2\/posts\/73194\/revisions"}],"predecessor-version":[{"id":73197,"href":"https:\/\/diariotextual.com\/inicio\/index.php\/wp-json\/wp\/v2\/posts\/73194\/revisions\/73197"}],"wp:featuredmedia":[{"embeddable":true,"href":"https:\/\/diariotextual.com\/inicio\/index.php\/wp-json\/wp\/v2\/media\/5567"}],"wp:attachment":[{"href":"https:\/\/diariotextual.com\/inicio\/index.php\/wp-json\/wp\/v2\/media?parent=73194"}],"wp:term":[{"taxonomy":"category","embeddable":true,"href":"https:\/\/diariotextual.com\/inicio\/index.php\/wp-json\/wp\/v2\/categories?post=73194"},{"taxonomy":"post_tag","embeddable":true,"href":"https:\/\/diariotextual.com\/inicio\/index.php\/wp-json\/wp\/v2\/tags?post=73194"}],"curies":[{"name":"wp","href":"https:\/\/api.w.org\/{rel}","templated":true}]}}