{"id":73272,"date":"2019-12-16T10:24:41","date_gmt":"2019-12-16T13:24:41","guid":{"rendered":"http:\/\/diariotextual.com\/inicio\/?p=73272"},"modified":"2019-12-16T12:06:06","modified_gmt":"2019-12-16T15:06:06","slug":"ya-arranco-programa-rebajas-navidad-la-pampa","status":"publish","type":"post","link":"https:\/\/diariotextual.com\/inicio\/index.php\/2019\/12\/16\/ya-arranco-programa-rebajas-navidad-la-pampa\/","title":{"rendered":"Ya arranc\u00f3 el programa de rebajas de Navidad en La Pampa"},"content":{"rendered":"<p>Este lunes se inici\u00f3 el programa La Pampa en Navidad, con promociones y descuentos en unos 200 supermercados, autoservicios y carnicer\u00edas de unas 40 localidades.<\/p>\n<p>Hay locales que ofrecen unos 25 productos, con rebajas de entre el 20 y el 25 por ciento, entre el lunes 16 hasta el martes 31. Tambi\u00e9n algunos pondr\u00e1n cortes de carne a 219 pesos el kilo entre el mi\u00e9rcoles 18 y el martes 31.<\/p>\n<p>Hasta el momento se anotaron supermercados,autoservicios y carnicer\u00edas de Abramo, Alpachiri, Anchorena, Larroud\u00e9, Ataliva Roca, Bar\u00f3n, Bernasconi, Caleuf\u00fa, Catril\u00f3, 25 de Mayo, Conhelo, Castex, Acha, Pico, San Mart\u00edn, Guatrach\u00e9, Luiggi, Alvear, Arauz, La Adela, La Humada, La Maruja, Luan Toro, Macach\u00edn, Can\u00e9, Riglos, Quem\u00fa, Realic\u00f3, Rancul, Rucanelo, Santa Isabel, Santa Rosa, Tel\u00e9n, Toay, Trenel, Uriburu, Victorica, Villa Mirasol y Winifreda.<\/p>\n<p>La Pampa en Navidad se cre\u00f3 con la finalidad de poder llegar a todas las familias de la Provincia con productos que hacen a la canasta navide\u00f1a, con un precio razonable. Consiste en que cada comercio o supermercado pueda ofrecer unos 25 productos a precios rebajados, tanto de alimentos como bebidas de consumo en las tradicionales fiestas. Tambi\u00e9n se lleg\u00f3 a un acuerdo con los frigor\u00edficos pampeanos para que puedan comercializar en las carnicer\u00edas o en las bocas de expendios de supermercados con cortes de asado, tira de asado y cima a 219,9 pesos por kilo.<\/p>\n<p>Este es el listado difundido por el Ministerio de la Producci\u00f3n:<\/p>\n<p>Localidad &#8211; Comercio\/Punto de Venta &#8211; Direcci\u00f3n &#8211; Tipo de Promo &#8211; \u00bfTiene 3 Cuotas S.I.?<\/p>\n<p>Abramo . Fuhr Ricardo &#8211; Santa Cruz 34 &#8211; Carne &#8211; No<br \/>\nAlpachiri . Carnicer\u00eda \u00abLa Tiernita\u00bb 9 De Julio 315 Carne No<br \/>\nAlpachiri . Autoservicio Pe\u00f1i-Ruca &#8211; Brown N\u00b095 Canasta Si<br \/>\nAlpachiri . Autoservicio El Centro &#8211; Alberdi 180 Cuotas Si<br \/>\nAnchorena . La Familia &#8211; Justiniano Mu\u00f1oz 158 Carne No<br \/>\nArata . El Desaf\u00edo &#8211; Sarmiento 143 Canasta Si<br \/>\nAtaliva Roca . La Casona &#8211; Libertad 1 Cuotas Si<br \/>\nBernardo Larroud\u00e9 . Autoservicio Angy &#8211; Rafael Di Asenso 546 Carne No<br \/>\nBernasconi . Carnicer\u00eda Los Hermanos &#8211; La Rioja 833 Carne No<br \/>\nCaleuf\u00fa. Autoservicio Ecotal &#8211; Espa\u00f1a Y Rivadavia Canasta Si<br \/>\nCaleuf\u00fa . La Estacion &#8211; Belgrano 128 Cuotas Si<br \/>\nCatril\u00f3 . Autoservicio La Nueva &#8211; Del Carril Y Bell Cuotas Si<br \/>\nCatril\u00f3 . Paseo De La Carne &#8211; Primera Junta Y Espa\u00f1a Cuotas Si<br \/>\nCatril\u00f3 . Verduleria Centro &#8211; Roque Saenz Pe\u00f1a 242 Canasta Si<br \/>\nCatril\u00f3 . Mis Viejos &#8211; Avellaneda E Italia Cuotas Si<br \/>\nCatril\u00f3 . Oscar Y Romina &#8211; Roque Saenz Pe\u00f1a 575 Cuotas Si<br \/>\nCatril\u00f3. Despensa Anita &#8211; H Irigoyen 286 Cuotas Si<br \/>\nCatril\u00f3 . Despensa Toto &#8211; Belgrano 869 Cuotas Si<br \/>\nCatril\u00f3 . Autoservicio Fabi &#8211; Av. Viale 168 Canasta Si<br \/>\nCatril\u00f3 . Autoservicio Cata &#8211; Avellaneda 680 Cuotas Si<br \/>\nCatril\u00f3 . Panaderia Chaves &#8211; San Martin 408 Cuotas Si<br \/>\nColonia 25 De Mayo . La Muralla &#8211; San Martin 701 Cuotas Si<br \/>\nColonia 25 De Mayo . La Paloma Srl &#8211; Gral Acha N\u00b0154 Cuotas Si<br \/>\nColonia 25 De Mayo . Gim.Car &#8211; Int. Alvear N\u00b0616 Cuotas Si<br \/>\nColonia 25 De Mayo . Despensa Los Hermanitos &#8211; Guatrache 399 Canasta Si<br \/>\nColonia 25 De Mayo . Mini Mercado Sol Cami &#8211; Guatrache 448 Cuotas Si<br \/>\nColonia 25 De Mayo . Los Gallegos &#8211; Avda Santa Rosa 228 Cuotas Si<br \/>\nColonia 25 De Mayo . El Ceibo &#8211; San Martin 419 Cuotas Si<br \/>\nColonia 25 De Mayo . Despensa Augusta &#8211; San Martin 90 Cuotas Si<br \/>\nColonia 25 De Mayo . Puelen Agua &#8211; La Adela 137 Cuotas Si<br \/>\nColonia 25 De Mayo . Despensa Magali &#8211; Metileo 428 Cuotas Si<br \/>\nColonia 25 De Mayo . Ossadia Santa Rosa 120e Cuotas Si<br \/>\nColonia 25 De Mayo . Despensa Belen General Acha 274 Cuotas Si<br \/>\nColonia Bar\u00f3n . Renacer Supermercado 4 De Febrero 201 Cuotas Si<br \/>\nColonia Bar\u00f3n . La Vieja Esquina -Santa Fe 391 Cuotas Si<br \/>\nColonia Bar\u00f3n . Almacen Ramos Generales -Bv Vilfrid Baron 112 Cuotas Si<br \/>\nColonia Bar\u00f3n . Lo De Nestor -Pellegrini Y Congreso Canasta Si<br \/>\nColonia Bar\u00f3n . Despensa Angelina -Rivadavia 1664 Canasta Si<br \/>\nColonia Bar\u00f3n . La Granja -Benito Dolce 242 Cuotas Si<br \/>\nColonia Bar\u00f3n . Eben-Ezer -Calle 24 274 Canasta Si<br \/>\nConhelo . Super Ale -S\/D Carne No<br \/>\nEduardo Castex . Supermercado Don Pedrin -Diagonal 9 De Julio N\u00b0 1200 Mixta Si<br \/>\nEduardo Castex . La An\u00f3nima -Av. Independencia 2575, Edo. Castex Mixta Si<br \/>\nEduardo Castex . Plan &#8211; Co San Mart\u00edn 1202 Ed. Castex Mixta Si<br \/>\nEduardo Castex . Plan &#8211; Co Sarmiento Y Palacios &#8211; Ed. Castex Mixta Si<br \/>\nEduardo Castex . Autoservio San Nicolas -Allen Y Sarmiento Carne No<br \/>\nEduardo Castex . Don Quijote -Diag.San Martin 1035 Cuotas Si<br \/>\nEduardo Castex . Supermercado Silvia -Av Independencia Canasta Si<br \/>\nGeneral Acha . Saratov Srl -Las Cautivas Cuotas Si<br \/>\nGeneral Pico . Supermercado Llodra -Calle 40 Esq. 33 Mixta Si<br \/>\nGeneral Pico . Supermercados Tom\u00e1s De Leon -Calle 20 Esq.13 Mixta Si<br \/>\nGeneral Pico . Supermercados Tom\u00e1s De Leon -Calle 23 N\u00b0 1125 Mixta Si<br \/>\nGeneral Pico . Supermercados Tom\u00e1s De Leon -Calle 105 N\u00b0 941 Mixta Si<br \/>\nGeneral Pico . Supermercados Tom\u00e1s De Leon -Calle 116 N\u00b0 293 Mixta Si<br \/>\nGeneral Pico . Supermercados Tom\u00e1s De Leon -Calle 10 Esq.27 Mixta Si<br \/>\nGeneral Pico . La An\u00f3nima Calle 7 Nro.1064, (6360), General Pico. Mixta Si<br \/>\nGeneral Pico . La An\u00f3nima Calle 9 N\u00b0 51 (6330), General Pico. Mixta Si<br \/>\nGeneral Pico . Supermercados Chango M\u00e1s<br \/>\nGeneral Pico &#8211; Av. 319 Y Calle 308, Ceferino San Juan Canasta Si<br \/>\nGeneral Pico . Pignatta Distribuciones Srl -Ruta Prov 1 743 Cuotas Si<br \/>\nGeneral Pico . Autoservicio Shun -Calle 108 N\u00b0 715 Cuotas Si<br \/>\nGeneral Pico . Mundo Lacteo -Calle 24 N\u00b0 602 Cuotas Si<br \/>\nGeneral Pico . A Granel -19 N\u00b0806 Cuotas Si<br \/>\nGeneral Pico . Polleria Trenel -Ruben Marin 282 Cuotas Si<br \/>\nGeneral Pico . La Esquina -Calle 32, Esquina 107 Canasta Si<br \/>\nGeneral Pico . Supermercado Shun -24 N\u00b0 1245 Cuotas Si<br \/>\nGeneral Pico . Lacteos Kelolac -Calle 22 N\u00b0 310 Cuotas Si<br \/>\nGeneral Pico . Yan -Menghua 102 25 Cuotas Si<br \/>\nGeneral Pico . La Polleria -Calle 10 N\u00b0 495 Cuotas Si<br \/>\nGeneral Pico . Dany -Calle 36 N\u00b0 1496 Cuotas Si<br \/>\nGeneral Pico . Despensa Garro -Calle 10 Norte N\u00b0504-L.7 Cuotas Si<br \/>\nGeneral Pico . Carnicer\u00eda \u00ab2 Mil Diez\u00bb -Calle 2 N\u00ba 96 Canasta Si<br \/>\nGeneral San Mart\u00edn . Cooperativa San Martin -Alvear 576 Cuotas Si<br \/>\nGeneral San Mart\u00edn . Depensa El Parque -Av Colon Y Artigas Cuotas Si<br \/>\nGuatrach\u00e9 . Supermercado Gabi -Zeballos N\u00b0975 Cuotas Si<br \/>\nGuatrach\u00e9 . Benito Emilio Schroeder -Guatrache Cuotas Si<br \/>\nGuatrach\u00e9 . Carniceria L Y M -Sarmiento Y M Pugliesi Cuotas Si<br \/>\nIngeniero Luiggi . Agit Sociedad Simple -Avenida San Martin 271 Canasta Si<br \/>\nIntendente Alvear . La An\u00f3nima -Av. Sarmiento 1065 (6221) Mixta Si<br \/>\nIntendente Alvear . Carniceria Tati -Avenida Sarmiento 767 Carne No<br \/>\nIntendente Alvear . Supermercado Shun -Belgrano 467 Cuotas Si<br \/>\nIntendente Alvear . Autoservicio La Nona -Iribarne 710 Canasta Si<br \/>\nIntendente Alvear . San Nicolas -Pasaje Chubut 507 Cuotas Si<br \/>\nJacinto Arauz . Todo Natural -San Martin 318 Cuotas Si<br \/>\nJacinto Arauz . Bertalot Pablo -Ayacucho 1024 Carne No<br \/>\nLa Adela . Mercadito Sorpresa -Pasaje Rio Negro 235 Cuotas Si<br \/>\nLa Adela . La Nueva Esperanza -Av. Del Libertador 874 Canasta Si<br \/>\nLa Adela . Nuestro Angel -Av. Del Libertador N\u00b0 2085 Cuotas Si<br \/>\nLa Adela . Carnicer\u00eda Pilotti -R\u00edo Negro 215 Carne No<br \/>\nLa Humada . Autoservicio La Humada -Calle 6 E\/ 4 Y 7 Cuotas Si<br \/>\nLa Maruja . Kawell -Mario Porta 10 Cuotas Si<br \/>\nLuan Toro . Carniceria Claudio -S\/D Carne No<br \/>\nMacachin . Don Miguel -Pampa 334 Carne No<br \/>\nMacachin . Atreuco Coop Agrop Ltda -Parodi 286 Cuotas Si<br \/>\nMacachin . Casa D&#8217;amico -Parodi Nro. 579 Cuotas Si<br \/>\nMacachin . Autoservicio Tito -9 De Julio 440 Cuotas Si<br \/>\nMacachin . Almacen De Sabores -Parodi 482 Cuotas Si<br \/>\nMiguel Can\u00e9 . Benedetti Edgardo -Ruta 1 Km 141 Cuotas Si<br \/>\nMiguel Riglos . El Amanecer -Estados Unidos 125 Carne No<br \/>\nMiguel Riglos . Minisuper Los Gallegos -Av San Martin 374 Cuotas Si<br \/>\nMiguel Riglos . Minimercado Mica -Catriel-Casa 19 Cuotas Si<br \/>\nMiguel Riglos . Autoservicio Luli -Espa\u00f1a 252 Cuotas Si<br \/>\nMiguel Riglos . Minimercado La Amistad -Jujuy 468 Canasta Si<br \/>\nMiguel Riglos . Almacen Jf -Pasaje Rio Atuel 192 Canasta Si<br \/>\nQuem\u00fa Quem\u00fa . Supermercado Modelo -Boulevard 25 De Mayo 206 Cuotas Si<br \/>\nRancul . Giuliano Adrian Alfredo -Belgrano 680 Cuotas Si<br \/>\nRealic\u00f3 . Autoservicio Arroyo -Espa\u00f1a E Italia Carne No<br \/>\nRealic\u00f3 . Av\u00edcola Realic\u00f3 -Francia 1735 Carne No<br \/>\nRealic\u00f3 . Zig Zag Realico Srl -Mullally 1894 Canasta Si<br \/>\nRealic\u00f3 . Carniceria La Amistad -Indios Pampas N\u00b01087 Cuotas Si<br \/>\nRealic\u00f3 . Ambroggio J Vda. De -Avda. San Martin Y Mitre Cuotas Si<br \/>\nRucanelo . Linera Jos\u00e9 Luis -Carne No<br \/>\nSanta Isabel . Super Santa Isabel -Juan B. Bianchi S\/N Cuotas Si<br \/>\nSanta Isabel . M Y L -Avda San Martin Y Espa\u00f1a Cuotas Si<br \/>\nSanta Isabel . Ger-Nic -Ruta Nac 143 S\/N Cuotas Si<br \/>\nSanta Isabel . Los Hermanos Emilio -Fernandez 296 Cuotas Si<br \/>\nSanta Rosa . Supermercado Gonzalez -Juan Xxiii N\u00b0 1716 Mixta Si<br \/>\nSanta Rosa . Supermercado Gabiand -Tomas Mason N\u00b0 1163 Mixta Si<br \/>\nSanta Rosa . Supermercado Gabiand -Av. Luro N\u00ba 65 Mixta Si<br \/>\nSanta Rosa . Hital Supermecados -J. V. Gonz\u00e1lez 745. Tel: (02954) &#8211; 425904 Mixta Si<br \/>\nSanta Rosa . Hital Supermecados -M\u00e9xico 1658 Mixta Si<br \/>\nSanta Rosa . Hital Supermecados -Duarte Y Castro. Mixta Si<br \/>\nSanta Rosa . Hital Supermecados -9 De Julio 342. Toay Mixta Si<br \/>\nSanta Rosa . La An\u00f3nima -Avenida Pedro Luro Y Mart\u00edn Fierro &#8211; Toay Mixta Si<br \/>\nSanta Rosa . La An\u00f3nima -Lisandro De La Torre N\u00b0 333 Mixta Si<br \/>\nSanta Rosa . La An\u00f3nima -La Rioja N\u00b0 357 Mixta Si<br \/>\nSanta Rosa . La An\u00f3nima -Av. Amhegino N\u00b0 1250 Mixta Si<br \/>\nSanta Rosa . La An\u00f3nima -Pilcomayo N\u00b0 1561 Mixta Si<br \/>\nSanta Rosa . Carrefour -Avellaneda N\u00b0 161 Canasta Si<br \/>\nSanta Rosa . Carrefour -Avenida Spinetto N\u00b0 1230 Canasta Si<br \/>\nSanta Rosa . Supermercados Chango M\u00e1s -Avenida Santiago Marzo N\u00b01550 Canasta Si<br \/>\nSanta Rosa . Supermercados Chango M\u00e1s -Colectora Av, Pte. Per\u00f3n Y Utrac\u00e1n Canasta Si<br \/>\nSanta Rosa . El Cencerro -Avila Esq. Smidt Canasta Si<br \/>\nSanta Rosa . Carnicer\u00eda Carnes Pampeanas -Plumerillo Y, Allan Kardec Carne No<br \/>\nSanta Rosa . Carnicer\u00eda Carnes Pampeanas -Ruta Nacional 5, Km 598,2 Carne No<br \/>\nSanta Rosa . Panader\u00eda Y Confiter\u00eda Santa Fe -Av San Martin 262 Cuotas Si<br \/>\nSanta Rosa . Mic -Unanue 314 Cuotas Si<br \/>\nSanta Rosa . Supermercado De La Carne -Antartida Argentina 895 Cuotas Si<br \/>\nSanta Rosa . Autoservicio Viky -Eduardo Castex 1664 Cuotas Si<br \/>\nSanta Rosa . Luz Azul -Luro 821 Cuotas Si<br \/>\nSanta Rosa . Autoservicio Alecha -As. Del Paraguay 1345 Cuotas Si<br \/>\nSanta Rosa . El Paso (Mc Prisma) -A Brown 2066 Cuotas Si<br \/>\nSanta Rosa . Mercado Jc -Mexico 1153 Cuotas Si<br \/>\nSanta Rosa . Chacinados Oscar Ruf -Edison 1425 Cuotas Si<br \/>\nSanta Rosa . Proveeduria La Familia -Liberato Rosas N\u00b01436 Cuotas Si<br \/>\nSanta Rosa . La Torre Especias -L De La Torre 355 Cuotas Si<br \/>\nSanta Rosa . Loma Dorada -Schmidt 2481 Cuotas Si<br \/>\nSanta Rosa . La Famiglia -Scmidt 1216 Cuotas Si<br \/>\nSanta Rosa . Granja El Amanecer -Pasaje Grassi 1672 Cuotas Si<br \/>\nSanta Rosa . Don Francisco -Lisandro De La Torre 96 Cuotas Si<br \/>\nSanta Rosa . La Avicola -E. Zola 340 Cuotas Si<br \/>\nSanta Rosa . A Tu Gusto -Almirante Brown 700 Cuotas Si<br \/>\nSanta Rosa . Despensa Quinquela -Quinquela Martin 2360 Cuotas Si<br \/>\nSanta Rosa . Mercadito Pestalozzi -Pestalozzi 396 Cuotas Si<br \/>\nSanta Rosa . Emmanuel Autoservicio -Pueyrredon 765 Cuotas Si<br \/>\nSanta Rosa . El Chaparral -Errecalde 801 Cuotas Si<br \/>\nSanta Rosa . Garcia Carlos Alberto -Libertad 66 Cuotas Si<br \/>\nSanta Rosa . San Expedito -Santiago Marzo Este 2351 Cuotas Si<br \/>\nSanta Rosa . Carniceria Independencia -Larrea 236 Cuotas Si<br \/>\nSanta Rosa . Despensa Pablito -Utracan 174 Cuotas Si<br \/>\nSanta Rosa . Nu\u00f1ez Rosalia Noemi -Ferrando 2260 Cuotas Si<br \/>\nSanta Rosa . La Boutique Del Fiambres -Mexico 1684 Cuotas Si<br \/>\nSanta Rosa . Delicatessen -Corrientes 45 Cuotas Si<br \/>\nSanta Rosa . Cardo Almac\u00e9n De Campo -Av Belgrano Norte 560 Cuotas Si<br \/>\nSanta Rosa . Amankay -Tierno 662 Cuotas Si<br \/>\nSanta Rosa . M.Coto Cia De Alimentos -Bonnet 575 Cuotas Si<br \/>\nSanta Rosa . Don Jamon Proveeduria -Belgrano Sur 270 Cuotas Si<br \/>\nSanta Rosa . Be-Cris -Victorica 2285 Cuotas Si<br \/>\nSanta Rosa . Mundo Dulce -Pasteur 797 Canasta Si<br \/>\nSanta Rosa . Lo Nuestro -Antartida Argentina 1020 Cuotas Si<br \/>\nSanta Rosa . El Pernil -Escalante 352 Canasta Si<br \/>\nTel\u00e9n . La Buena Onda -San Martin 520 Cuotas Si<br \/>\nTel\u00e9n . Los Cholitos -Durando 557 Canasta Si<br \/>\nToay . Sun &#8211; R.S Pe\u00f1a 1302 Cuotas Si<br \/>\nToay . Proveeduria Stella Mary -Av. Peron Y Cotorra 5750 Cuotas Si<br \/>\nToay . Autoservicio Lowo-Che -Avda Peron 4535 Canasta Si<br \/>\nToay . Polirubro David -Corrientes N\u00b02046 Cuotas Si<br \/>\nToay . El Rusito -Saavedra 1065 Cuotas Si<br \/>\nToay . Despensa De Malvinas -Pasaje Ladrillero 77 Canasta Si<br \/>\nToay . San Cayetano -Sarmiento 616 Cuotas Si<br \/>\nToay . La Criolla -San Luis 1565 Cuotas Si<br \/>\nToay . Despensa De Norita -Avda 13 De Caballeria 893 Cuotas Si<br \/>\nTrenel . Plan &#8211; Co 9 De Julio Y Devoto &#8211; Trenel Mixta Si<br \/>\nTrenel . Charly -S\/D Carne No<br \/>\nTrenel . Torrejon Claudia -S\/D Carne No<br \/>\nTrenel . Casa Mauro -S\/D Carne No<br \/>\nTrenel . El Calden -S\/D Carne No<br \/>\nTrenel . El Manjar -S\/D Carne No<br \/>\nTrenel . Poco A Poco -S\/D Carne No<br \/>\nUriburu . Despensa Gaby -Avda Espa\u00f1a Y Goyena Cuotas Si<br \/>\nVictorica . Don Rosario S\/D -Carne No<br \/>\nVictorica . Supermercado Martin S.R.L. -Calle 12 N\u00ba715 Canasta Si<br \/>\nVictorica . Mak -Calle 15 N\u00ba1024 Cuotas Si<br \/>\nVictorica . La Hermandad -Avda San Martin 602 Cuotas Si<br \/>\nVictorica . Los Tres Hermanos -12 N\u00b0498 Cuotas Si<br \/>\nVictorica . Proveeduria Nina &#8211; Calle 11 Nro 1327 Cuotas Si<br \/>\nVictorica . La Granja Raul -Orgales 190 Cuotas Si<br \/>\nVictorica . El Fara\u00f3n -Calle 15 Entre 18 Y 20 Canasta No<br \/>\nVilla Mirasol . Vadex Shop -Av San Martin 125 Cuotas Si<br \/>\nWinifreda . Autoservicio Claudio- Sarmiento 262 Carne No<br \/>\nWinifreda . Dorimar -Falletti 63 Cuotas Si<\/p>\n","protected":false},"excerpt":{"rendered":"<p>Este lunes se inici\u00f3 el programa La Pampa en Navidad, con promociones y descuentos en unos 200 supermercados, autoservicios y carnicer\u00edas de unas 40 localidades. Hay locales que ofrecen unos&hellip;<\/p>\n","protected":false},"author":3,"featured_media":73274,"comment_status":"closed","ping_status":"open","sticky":false,"template":"","format":"standard","meta":{"_acf_changed":false,"footnotes":""},"categories":[11,5],"tags":[],"class_list":["post-73272","post","type-post","status-publish","format-standard","has-post-thumbnail","hentry","category-que-pasa","category-economia"],"acf":[],"yoast_head":"<!-- This site is optimized with the Yoast SEO plugin v27.5 - https:\/\/yoast.com\/product\/yoast-seo-wordpress\/ -->\n<title>Ya arranc\u00f3 el programa de rebajas de Navidad en La Pampa - Diario Textual<\/title>\n<meta name=\"robots\" content=\"index, follow, max-snippet:-1, max-image-preview:large, max-video-preview:-1\" \/>\n<link rel=\"canonical\" href=\"https:\/\/diariotextual.com\/inicio\/index.php\/2019\/12\/16\/ya-arranco-programa-rebajas-navidad-la-pampa\/\" \/>\n<meta property=\"og:locale\" content=\"es_ES\" \/>\n<meta property=\"og:type\" content=\"article\" \/>\n<meta property=\"og:title\" content=\"Ya arranc\u00f3 el programa de rebajas de Navidad en La Pampa - Diario Textual\" \/>\n<meta property=\"og:description\" content=\"Este lunes se inici\u00f3 el programa La Pampa en Navidad, con promociones y descuentos en unos 200 supermercados, autoservicios y carnicer\u00edas de unas 40 localidades. Hay locales que ofrecen unos&hellip;\" \/>\n<meta property=\"og:url\" content=\"https:\/\/diariotextual.com\/inicio\/index.php\/2019\/12\/16\/ya-arranco-programa-rebajas-navidad-la-pampa\/\" \/>\n<meta property=\"og:site_name\" content=\"Diario Textual\" \/>\n<meta property=\"article:publisher\" content=\"https:\/\/www.facebook.com\/eltextual\" \/>\n<meta property=\"article:published_time\" content=\"2019-12-16T13:24:41+00:00\" \/>\n<meta property=\"article:modified_time\" content=\"2019-12-16T15:06:06+00:00\" \/>\n<meta property=\"og:image\" content=\"https:\/\/diariotextual.com\/inicio\/wp-content\/uploads\/2019\/12\/programalapampaennavidad2019-10.jpg\" \/>\n\t<meta property=\"og:image:width\" content=\"1300\" \/>\n\t<meta property=\"og:image:height\" content=\"777\" \/>\n\t<meta property=\"og:image:type\" content=\"image\/jpeg\" \/>\n<meta name=\"author\" content=\"Diario1 Diario1\" \/>\n<meta name=\"twitter:card\" content=\"summary_large_image\" \/>\n<meta name=\"twitter:creator\" content=\"@eltextual\" \/>\n<meta name=\"twitter:site\" content=\"@eltextual\" \/>\n<meta name=\"twitter:label1\" content=\"Escrito por\" \/>\n\t<meta name=\"twitter:data1\" content=\"Diario1 Diario1\" \/>\n\t<meta name=\"twitter:label2\" content=\"Tiempo de lectura\" \/>\n\t<meta name=\"twitter:data2\" content=\"10 minutos\" \/>\n<script type=\"application\/ld+json\" class=\"yoast-schema-graph\">{\"@context\":\"https:\\\/\\\/schema.org\",\"@graph\":[{\"@type\":\"Article\",\"@id\":\"https:\\\/\\\/diariotextual.com\\\/inicio\\\/index.php\\\/2019\\\/12\\\/16\\\/ya-arranco-programa-rebajas-navidad-la-pampa\\\/#article\",\"isPartOf\":{\"@id\":\"https:\\\/\\\/diariotextual.com\\\/inicio\\\/index.php\\\/2019\\\/12\\\/16\\\/ya-arranco-programa-rebajas-navidad-la-pampa\\\/\"},\"author\":{\"name\":\"Diario1 Diario1\",\"@id\":\"https:\\\/\\\/diariotextual.com\\\/inicio\\\/#\\\/schema\\\/person\\\/418fc4093c33e86ed41562db3508f958\"},\"headline\":\"Ya arranc\u00f3 el programa de rebajas de Navidad en La Pampa\",\"datePublished\":\"2019-12-16T13:24:41+00:00\",\"dateModified\":\"2019-12-16T15:06:06+00:00\",\"mainEntityOfPage\":{\"@id\":\"https:\\\/\\\/diariotextual.com\\\/inicio\\\/index.php\\\/2019\\\/12\\\/16\\\/ya-arranco-programa-rebajas-navidad-la-pampa\\\/\"},\"wordCount\":2051,\"publisher\":{\"@id\":\"https:\\\/\\\/diariotextual.com\\\/inicio\\\/#organization\"},\"image\":{\"@id\":\"https:\\\/\\\/diariotextual.com\\\/inicio\\\/index.php\\\/2019\\\/12\\\/16\\\/ya-arranco-programa-rebajas-navidad-la-pampa\\\/#primaryimage\"},\"thumbnailUrl\":\"https:\\\/\\\/diariotextual.com\\\/inicio\\\/wp-content\\\/uploads\\\/2019\\\/12\\\/programalapampaennavidad2019-10.jpg\",\"articleSection\":[\"A - QUE PASA (al costado)\",\"ECONOMIA\"],\"inLanguage\":\"es\"},{\"@type\":\"WebPage\",\"@id\":\"https:\\\/\\\/diariotextual.com\\\/inicio\\\/index.php\\\/2019\\\/12\\\/16\\\/ya-arranco-programa-rebajas-navidad-la-pampa\\\/\",\"url\":\"https:\\\/\\\/diariotextual.com\\\/inicio\\\/index.php\\\/2019\\\/12\\\/16\\\/ya-arranco-programa-rebajas-navidad-la-pampa\\\/\",\"name\":\"Ya arranc\u00f3 el programa de rebajas de Navidad en La Pampa - Diario Textual\",\"isPartOf\":{\"@id\":\"https:\\\/\\\/diariotextual.com\\\/inicio\\\/#website\"},\"primaryImageOfPage\":{\"@id\":\"https:\\\/\\\/diariotextual.com\\\/inicio\\\/index.php\\\/2019\\\/12\\\/16\\\/ya-arranco-programa-rebajas-navidad-la-pampa\\\/#primaryimage\"},\"image\":{\"@id\":\"https:\\\/\\\/diariotextual.com\\\/inicio\\\/index.php\\\/2019\\\/12\\\/16\\\/ya-arranco-programa-rebajas-navidad-la-pampa\\\/#primaryimage\"},\"thumbnailUrl\":\"https:\\\/\\\/diariotextual.com\\\/inicio\\\/wp-content\\\/uploads\\\/2019\\\/12\\\/programalapampaennavidad2019-10.jpg\",\"datePublished\":\"2019-12-16T13:24:41+00:00\",\"dateModified\":\"2019-12-16T15:06:06+00:00\",\"breadcrumb\":{\"@id\":\"https:\\\/\\\/diariotextual.com\\\/inicio\\\/index.php\\\/2019\\\/12\\\/16\\\/ya-arranco-programa-rebajas-navidad-la-pampa\\\/#breadcrumb\"},\"inLanguage\":\"es\",\"potentialAction\":[{\"@type\":\"ReadAction\",\"target\":[\"https:\\\/\\\/diariotextual.com\\\/inicio\\\/index.php\\\/2019\\\/12\\\/16\\\/ya-arranco-programa-rebajas-navidad-la-pampa\\\/\"]}]},{\"@type\":\"ImageObject\",\"inLanguage\":\"es\",\"@id\":\"https:\\\/\\\/diariotextual.com\\\/inicio\\\/index.php\\\/2019\\\/12\\\/16\\\/ya-arranco-programa-rebajas-navidad-la-pampa\\\/#primaryimage\",\"url\":\"https:\\\/\\\/diariotextual.com\\\/inicio\\\/wp-content\\\/uploads\\\/2019\\\/12\\\/programalapampaennavidad2019-10.jpg\",\"contentUrl\":\"https:\\\/\\\/diariotextual.com\\\/inicio\\\/wp-content\\\/uploads\\\/2019\\\/12\\\/programalapampaennavidad2019-10.jpg\",\"width\":1300,\"height\":777},{\"@type\":\"BreadcrumbList\",\"@id\":\"https:\\\/\\\/diariotextual.com\\\/inicio\\\/index.php\\\/2019\\\/12\\\/16\\\/ya-arranco-programa-rebajas-navidad-la-pampa\\\/#breadcrumb\",\"itemListElement\":[{\"@type\":\"ListItem\",\"position\":1,\"name\":\"Portada\",\"item\":\"https:\\\/\\\/diariotextual.com\\\/inicio\\\/\"},{\"@type\":\"ListItem\",\"position\":2,\"name\":\"Ya arranc\u00f3 el programa de rebajas de Navidad en La Pampa\"}]},{\"@type\":\"WebSite\",\"@id\":\"https:\\\/\\\/diariotextual.com\\\/inicio\\\/#website\",\"url\":\"https:\\\/\\\/diariotextual.com\\\/inicio\\\/\",\"name\":\"Diario Textual\",\"description\":\"\",\"publisher\":{\"@id\":\"https:\\\/\\\/diariotextual.com\\\/inicio\\\/#organization\"},\"potentialAction\":[{\"@type\":\"SearchAction\",\"target\":{\"@type\":\"EntryPoint\",\"urlTemplate\":\"https:\\\/\\\/diariotextual.com\\\/inicio\\\/?s={search_term_string}\"},\"query-input\":{\"@type\":\"PropertyValueSpecification\",\"valueRequired\":true,\"valueName\":\"search_term_string\"}}],\"inLanguage\":\"es\"},{\"@type\":\"Organization\",\"@id\":\"https:\\\/\\\/diariotextual.com\\\/inicio\\\/#organization\",\"name\":\"Diario Textual\",\"url\":\"https:\\\/\\\/diariotextual.com\\\/inicio\\\/\",\"logo\":{\"@type\":\"ImageObject\",\"inLanguage\":\"es\",\"@id\":\"https:\\\/\\\/diariotextual.com\\\/inicio\\\/#\\\/schema\\\/logo\\\/image\\\/\",\"url\":\"https:\\\/\\\/diariotextual.com\\\/inicio\\\/wp-content\\\/uploads\\\/2023\\\/05\\\/logotextual1.jpg\",\"contentUrl\":\"https:\\\/\\\/diariotextual.com\\\/inicio\\\/wp-content\\\/uploads\\\/2023\\\/05\\\/logotextual1.jpg\",\"width\":516,\"height\":76,\"caption\":\"Diario Textual\"},\"image\":{\"@id\":\"https:\\\/\\\/diariotextual.com\\\/inicio\\\/#\\\/schema\\\/logo\\\/image\\\/\"},\"sameAs\":[\"https:\\\/\\\/www.facebook.com\\\/eltextual\",\"https:\\\/\\\/x.com\\\/eltextual\",\"http:\\\/\\\/www.instagram.com\\\/eltextual\"]},{\"@type\":\"Person\",\"@id\":\"https:\\\/\\\/diariotextual.com\\\/inicio\\\/#\\\/schema\\\/person\\\/418fc4093c33e86ed41562db3508f958\",\"name\":\"Diario1 Diario1\",\"image\":{\"@type\":\"ImageObject\",\"inLanguage\":\"es\",\"@id\":\"https:\\\/\\\/secure.gravatar.com\\\/avatar\\\/9167d280179c85bc18be67aa7eda765854300033af4896dd779b608640f2ef7a?s=96&d=mm&r=g\",\"url\":\"https:\\\/\\\/secure.gravatar.com\\\/avatar\\\/9167d280179c85bc18be67aa7eda765854300033af4896dd779b608640f2ef7a?s=96&d=mm&r=g\",\"contentUrl\":\"https:\\\/\\\/secure.gravatar.com\\\/avatar\\\/9167d280179c85bc18be67aa7eda765854300033af4896dd779b608640f2ef7a?s=96&d=mm&r=g\",\"caption\":\"Diario1 Diario1\"},\"url\":\"https:\\\/\\\/diariotextual.com\\\/inicio\\\/index.php\\\/author\\\/diario1\\\/\"}]}<\/script>\n<!-- \/ Yoast SEO plugin. -->","yoast_head_json":{"title":"Ya arranc\u00f3 el programa de rebajas de Navidad en La Pampa - Diario Textual","robots":{"index":"index","follow":"follow","max-snippet":"max-snippet:-1","max-image-preview":"max-image-preview:large","max-video-preview":"max-video-preview:-1"},"canonical":"https:\/\/diariotextual.com\/inicio\/index.php\/2019\/12\/16\/ya-arranco-programa-rebajas-navidad-la-pampa\/","og_locale":"es_ES","og_type":"article","og_title":"Ya arranc\u00f3 el programa de rebajas de Navidad en La Pampa - Diario Textual","og_description":"Este lunes se inici\u00f3 el programa La Pampa en Navidad, con promociones y descuentos en unos 200 supermercados, autoservicios y carnicer\u00edas de unas 40 localidades. Hay locales que ofrecen unos&hellip;","og_url":"https:\/\/diariotextual.com\/inicio\/index.php\/2019\/12\/16\/ya-arranco-programa-rebajas-navidad-la-pampa\/","og_site_name":"Diario Textual","article_publisher":"https:\/\/www.facebook.com\/eltextual","article_published_time":"2019-12-16T13:24:41+00:00","article_modified_time":"2019-12-16T15:06:06+00:00","og_image":[{"width":1300,"height":777,"url":"https:\/\/diariotextual.com\/inicio\/wp-content\/uploads\/2019\/12\/programalapampaennavidad2019-10.jpg","type":"image\/jpeg"}],"author":"Diario1 Diario1","twitter_card":"summary_large_image","twitter_creator":"@eltextual","twitter_site":"@eltextual","twitter_misc":{"Escrito por":"Diario1 Diario1","Tiempo de lectura":"10 minutos"},"schema":{"@context":"https:\/\/schema.org","@graph":[{"@type":"Article","@id":"https:\/\/diariotextual.com\/inicio\/index.php\/2019\/12\/16\/ya-arranco-programa-rebajas-navidad-la-pampa\/#article","isPartOf":{"@id":"https:\/\/diariotextual.com\/inicio\/index.php\/2019\/12\/16\/ya-arranco-programa-rebajas-navidad-la-pampa\/"},"author":{"name":"Diario1 Diario1","@id":"https:\/\/diariotextual.com\/inicio\/#\/schema\/person\/418fc4093c33e86ed41562db3508f958"},"headline":"Ya arranc\u00f3 el programa de rebajas de Navidad en La Pampa","datePublished":"2019-12-16T13:24:41+00:00","dateModified":"2019-12-16T15:06:06+00:00","mainEntityOfPage":{"@id":"https:\/\/diariotextual.com\/inicio\/index.php\/2019\/12\/16\/ya-arranco-programa-rebajas-navidad-la-pampa\/"},"wordCount":2051,"publisher":{"@id":"https:\/\/diariotextual.com\/inicio\/#organization"},"image":{"@id":"https:\/\/diariotextual.com\/inicio\/index.php\/2019\/12\/16\/ya-arranco-programa-rebajas-navidad-la-pampa\/#primaryimage"},"thumbnailUrl":"https:\/\/diariotextual.com\/inicio\/wp-content\/uploads\/2019\/12\/programalapampaennavidad2019-10.jpg","articleSection":["A - QUE PASA (al costado)","ECONOMIA"],"inLanguage":"es"},{"@type":"WebPage","@id":"https:\/\/diariotextual.com\/inicio\/index.php\/2019\/12\/16\/ya-arranco-programa-rebajas-navidad-la-pampa\/","url":"https:\/\/diariotextual.com\/inicio\/index.php\/2019\/12\/16\/ya-arranco-programa-rebajas-navidad-la-pampa\/","name":"Ya arranc\u00f3 el programa de rebajas de Navidad en La Pampa - Diario Textual","isPartOf":{"@id":"https:\/\/diariotextual.com\/inicio\/#website"},"primaryImageOfPage":{"@id":"https:\/\/diariotextual.com\/inicio\/index.php\/2019\/12\/16\/ya-arranco-programa-rebajas-navidad-la-pampa\/#primaryimage"},"image":{"@id":"https:\/\/diariotextual.com\/inicio\/index.php\/2019\/12\/16\/ya-arranco-programa-rebajas-navidad-la-pampa\/#primaryimage"},"thumbnailUrl":"https:\/\/diariotextual.com\/inicio\/wp-content\/uploads\/2019\/12\/programalapampaennavidad2019-10.jpg","datePublished":"2019-12-16T13:24:41+00:00","dateModified":"2019-12-16T15:06:06+00:00","breadcrumb":{"@id":"https:\/\/diariotextual.com\/inicio\/index.php\/2019\/12\/16\/ya-arranco-programa-rebajas-navidad-la-pampa\/#breadcrumb"},"inLanguage":"es","potentialAction":[{"@type":"ReadAction","target":["https:\/\/diariotextual.com\/inicio\/index.php\/2019\/12\/16\/ya-arranco-programa-rebajas-navidad-la-pampa\/"]}]},{"@type":"ImageObject","inLanguage":"es","@id":"https:\/\/diariotextual.com\/inicio\/index.php\/2019\/12\/16\/ya-arranco-programa-rebajas-navidad-la-pampa\/#primaryimage","url":"https:\/\/diariotextual.com\/inicio\/wp-content\/uploads\/2019\/12\/programalapampaennavidad2019-10.jpg","contentUrl":"https:\/\/diariotextual.com\/inicio\/wp-content\/uploads\/2019\/12\/programalapampaennavidad2019-10.jpg","width":1300,"height":777},{"@type":"BreadcrumbList","@id":"https:\/\/diariotextual.com\/inicio\/index.php\/2019\/12\/16\/ya-arranco-programa-rebajas-navidad-la-pampa\/#breadcrumb","itemListElement":[{"@type":"ListItem","position":1,"name":"Portada","item":"https:\/\/diariotextual.com\/inicio\/"},{"@type":"ListItem","position":2,"name":"Ya arranc\u00f3 el programa de rebajas de Navidad en La Pampa"}]},{"@type":"WebSite","@id":"https:\/\/diariotextual.com\/inicio\/#website","url":"https:\/\/diariotextual.com\/inicio\/","name":"Diario Textual","description":"","publisher":{"@id":"https:\/\/diariotextual.com\/inicio\/#organization"},"potentialAction":[{"@type":"SearchAction","target":{"@type":"EntryPoint","urlTemplate":"https:\/\/diariotextual.com\/inicio\/?s={search_term_string}"},"query-input":{"@type":"PropertyValueSpecification","valueRequired":true,"valueName":"search_term_string"}}],"inLanguage":"es"},{"@type":"Organization","@id":"https:\/\/diariotextual.com\/inicio\/#organization","name":"Diario Textual","url":"https:\/\/diariotextual.com\/inicio\/","logo":{"@type":"ImageObject","inLanguage":"es","@id":"https:\/\/diariotextual.com\/inicio\/#\/schema\/logo\/image\/","url":"https:\/\/diariotextual.com\/inicio\/wp-content\/uploads\/2023\/05\/logotextual1.jpg","contentUrl":"https:\/\/diariotextual.com\/inicio\/wp-content\/uploads\/2023\/05\/logotextual1.jpg","width":516,"height":76,"caption":"Diario Textual"},"image":{"@id":"https:\/\/diariotextual.com\/inicio\/#\/schema\/logo\/image\/"},"sameAs":["https:\/\/www.facebook.com\/eltextual","https:\/\/x.com\/eltextual","http:\/\/www.instagram.com\/eltextual"]},{"@type":"Person","@id":"https:\/\/diariotextual.com\/inicio\/#\/schema\/person\/418fc4093c33e86ed41562db3508f958","name":"Diario1 Diario1","image":{"@type":"ImageObject","inLanguage":"es","@id":"https:\/\/secure.gravatar.com\/avatar\/9167d280179c85bc18be67aa7eda765854300033af4896dd779b608640f2ef7a?s=96&d=mm&r=g","url":"https:\/\/secure.gravatar.com\/avatar\/9167d280179c85bc18be67aa7eda765854300033af4896dd779b608640f2ef7a?s=96&d=mm&r=g","contentUrl":"https:\/\/secure.gravatar.com\/avatar\/9167d280179c85bc18be67aa7eda765854300033af4896dd779b608640f2ef7a?s=96&d=mm&r=g","caption":"Diario1 Diario1"},"url":"https:\/\/diariotextual.com\/inicio\/index.php\/author\/diario1\/"}]}},"_links":{"self":[{"href":"https:\/\/diariotextual.com\/inicio\/index.php\/wp-json\/wp\/v2\/posts\/73272","targetHints":{"allow":["GET"]}}],"collection":[{"href":"https:\/\/diariotextual.com\/inicio\/index.php\/wp-json\/wp\/v2\/posts"}],"about":[{"href":"https:\/\/diariotextual.com\/inicio\/index.php\/wp-json\/wp\/v2\/types\/post"}],"author":[{"embeddable":true,"href":"https:\/\/diariotextual.com\/inicio\/index.php\/wp-json\/wp\/v2\/users\/3"}],"replies":[{"embeddable":true,"href":"https:\/\/diariotextual.com\/inicio\/index.php\/wp-json\/wp\/v2\/comments?post=73272"}],"version-history":[{"count":2,"href":"https:\/\/diariotextual.com\/inicio\/index.php\/wp-json\/wp\/v2\/posts\/73272\/revisions"}],"predecessor-version":[{"id":73275,"href":"https:\/\/diariotextual.com\/inicio\/index.php\/wp-json\/wp\/v2\/posts\/73272\/revisions\/73275"}],"wp:featuredmedia":[{"embeddable":true,"href":"https:\/\/diariotextual.com\/inicio\/index.php\/wp-json\/wp\/v2\/media\/73274"}],"wp:attachment":[{"href":"https:\/\/diariotextual.com\/inicio\/index.php\/wp-json\/wp\/v2\/media?parent=73272"}],"wp:term":[{"taxonomy":"category","embeddable":true,"href":"https:\/\/diariotextual.com\/inicio\/index.php\/wp-json\/wp\/v2\/categories?post=73272"},{"taxonomy":"post_tag","embeddable":true,"href":"https:\/\/diariotextual.com\/inicio\/index.php\/wp-json\/wp\/v2\/tags?post=73272"}],"curies":[{"name":"wp","href":"https:\/\/api.w.org\/{rel}","templated":true}]}}