{"id":7375,"date":"2018-05-14T10:01:45","date_gmt":"2018-05-14T13:01:45","guid":{"rendered":"http:\/\/diariotextual.com\/inicio\/?p=7375"},"modified":"2018-05-15T08:26:08","modified_gmt":"2018-05-15T11:26:08","slug":"eeuu-traslada-embajada-jerusalen-decenas-muertos-1700-heridos","status":"publish","type":"post","link":"https:\/\/diariotextual.com\/inicio\/index.php\/2018\/05\/14\/eeuu-traslada-embajada-jerusalen-decenas-muertos-1700-heridos\/","title":{"rendered":"Masacre en la Franja de Gaza: ya hay 52 muertos"},"content":{"rendered":"<p><b>El n\u00famero de muertos por disparos del Ej\u00e9rcito israel\u00ed en las protestas de Gaza contra el traslado de la Embajada de Estados Unidos a Jerusal\u00e9n subi\u00f3 a 52, seg\u00fan datos del Ministerio de Salud palestino, que cifra en 2.410 los heridos, entre ellos 200 menores.<\/b><\/p>\n<p>Al menos una treintena de los heridos se encuentran en estado de\u00a0<b>extrema gravedad<\/b>, 71 tienen consideraci\u00f3n grave, unos 800 de gravedad media y cerca de un millar sufrieron heridas leves.<\/p>\n<p>M\u00e1s de 918 de los heridos lo fueron por munici\u00f3n real, cinco por balas recauchutadas, 98 por restos de metralla, 196 por golpes y contusiones y m\u00e1s de 700 fueron atendidos por asfixia por gases lacrim\u00f3genos.<\/p>\n<p>El ministerio tambi\u00e9n denunci\u00f3 que hubo disparos contra periodistas y personal m\u00e9dico, por los que un param\u00e9dico muri\u00f3 y dos fueron heridos. Las protestas, convocadas por todas las facciones en el marco de la Marcha del Retorno se han hecho coincidir hoy con el traslado de la Embajada de Estados Unidos a Jerusal\u00e9n y se espera que contin\u00faen ma\u00f1ana, d\u00eda en que los palestinos conmemoran la Nakba (Cat\u00e1strofe) que para ellos supuso el nacimiento de Israel hace hoy 70 a\u00f1os.<\/p>\n<p>Las autoridades sanitarias palestinas han pedido a su contraparte en Egipto que env\u00eden a los hospitales de la Franja de Gaza medicinas y material m\u00e9dico de emergencia, as\u00ed como equipos m\u00e9dicos especializados en cirug\u00eda vascular, ortopedia, anestesia y cuidados intensivos, y han solicitado tambi\u00e9n se autorice la salida de heridos para ser atendidos en centros especializados en Egipto.<\/p>\n<p>Seg\u00fan el Ej\u00e9rcito israel\u00ed,\u00a0<b>m\u00e1s de 40.000 personas participaron en las protestas<\/b>\u00a0cerca de la divisoria y cientos de ellos trataron de asaltar la verja.<\/p>\n<p>El Ministerio de Salud palestino acus\u00f3 a Israel de cometer \u00ab<b>una masacre<\/b>\u00bb contra los manifestantes y el ministro, Jawad Awad, hizo un \u00abllamado urgente\u00bb a la comunidad internacional para que presione a Israel y que detenga la violencia.<\/p>\n<p>&nbsp;<\/p>\n","protected":false},"excerpt":{"rendered":"<p>El n\u00famero de muertos por disparos del Ej\u00e9rcito israel\u00ed en las protestas de Gaza contra el traslado de la Embajada de Estados Unidos a Jerusal\u00e9n subi\u00f3 a 52, seg\u00fan datos&hellip;<\/p>\n","protected":false},"author":3,"featured_media":7376,"comment_status":"open","ping_status":"open","sticky":false,"template":"","format":"standard","meta":{"_acf_changed":false,"footnotes":""},"categories":[1,11,7],"tags":[],"class_list":["post-7375","post","type-post","status-publish","format-standard","has-post-thumbnail","hentry","category-es-noticia","category-que-pasa","category-mundo"],"acf":[],"yoast_head":"<!-- This site is optimized with the Yoast SEO plugin v27.5 - https:\/\/yoast.com\/product\/yoast-seo-wordpress\/ -->\n<title>Masacre en la Franja de Gaza: ya hay 52 muertos - Diario Textual<\/title>\n<meta name=\"robots\" content=\"index, follow, max-snippet:-1, max-image-preview:large, max-video-preview:-1\" \/>\n<link rel=\"canonical\" href=\"https:\/\/diariotextual.com\/inicio\/index.php\/2018\/05\/14\/eeuu-traslada-embajada-jerusalen-decenas-muertos-1700-heridos\/\" \/>\n<meta property=\"og:locale\" content=\"es_ES\" \/>\n<meta property=\"og:type\" content=\"article\" \/>\n<meta property=\"og:title\" content=\"Masacre en la Franja de Gaza: ya hay 52 muertos - Diario Textual\" \/>\n<meta property=\"og:description\" content=\"El n\u00famero de muertos por disparos del Ej\u00e9rcito israel\u00ed en las protestas de Gaza contra el traslado de la Embajada de Estados Unidos a Jerusal\u00e9n subi\u00f3 a 52, seg\u00fan datos&hellip;\" \/>\n<meta property=\"og:url\" content=\"https:\/\/diariotextual.com\/inicio\/index.php\/2018\/05\/14\/eeuu-traslada-embajada-jerusalen-decenas-muertos-1700-heridos\/\" \/>\n<meta property=\"og:site_name\" content=\"Diario Textual\" \/>\n<meta property=\"article:publisher\" content=\"https:\/\/www.facebook.com\/eltextual\" \/>\n<meta property=\"article:published_time\" content=\"2018-05-14T13:01:45+00:00\" \/>\n<meta property=\"article:modified_time\" content=\"2018-05-15T11:26:08+00:00\" \/>\n<meta property=\"og:image\" content=\"https:\/\/diariotextual.com\/inicio\/wp-content\/uploads\/2018\/05\/palestinaisraelataque2018-11.jpg\" \/>\n\t<meta property=\"og:image:width\" content=\"824\" \/>\n\t<meta property=\"og:image:height\" content=\"464\" \/>\n\t<meta property=\"og:image:type\" content=\"image\/jpeg\" \/>\n<meta name=\"author\" content=\"Diario1 Diario1\" \/>\n<meta name=\"twitter:card\" content=\"summary_large_image\" \/>\n<meta name=\"twitter:creator\" content=\"@eltextual\" \/>\n<meta name=\"twitter:site\" content=\"@eltextual\" \/>\n<meta name=\"twitter:label1\" content=\"Escrito por\" \/>\n\t<meta name=\"twitter:data1\" content=\"Diario1 Diario1\" \/>\n\t<meta name=\"twitter:label2\" content=\"Tiempo de lectura\" \/>\n\t<meta name=\"twitter:data2\" content=\"2 minutos\" \/>\n<script type=\"application\/ld+json\" class=\"yoast-schema-graph\">{\"@context\":\"https:\\\/\\\/schema.org\",\"@graph\":[{\"@type\":\"Article\",\"@id\":\"https:\\\/\\\/diariotextual.com\\\/inicio\\\/index.php\\\/2018\\\/05\\\/14\\\/eeuu-traslada-embajada-jerusalen-decenas-muertos-1700-heridos\\\/#article\",\"isPartOf\":{\"@id\":\"https:\\\/\\\/diariotextual.com\\\/inicio\\\/index.php\\\/2018\\\/05\\\/14\\\/eeuu-traslada-embajada-jerusalen-decenas-muertos-1700-heridos\\\/\"},\"author\":{\"name\":\"Diario1 Diario1\",\"@id\":\"https:\\\/\\\/diariotextual.com\\\/inicio\\\/#\\\/schema\\\/person\\\/418fc4093c33e86ed41562db3508f958\"},\"headline\":\"Masacre en la Franja de Gaza: ya hay 52 muertos\",\"datePublished\":\"2018-05-14T13:01:45+00:00\",\"dateModified\":\"2018-05-15T11:26:08+00:00\",\"mainEntityOfPage\":{\"@id\":\"https:\\\/\\\/diariotextual.com\\\/inicio\\\/index.php\\\/2018\\\/05\\\/14\\\/eeuu-traslada-embajada-jerusalen-decenas-muertos-1700-heridos\\\/\"},\"wordCount\":338,\"commentCount\":0,\"publisher\":{\"@id\":\"https:\\\/\\\/diariotextual.com\\\/inicio\\\/#organization\"},\"image\":{\"@id\":\"https:\\\/\\\/diariotextual.com\\\/inicio\\\/index.php\\\/2018\\\/05\\\/14\\\/eeuu-traslada-embajada-jerusalen-decenas-muertos-1700-heridos\\\/#primaryimage\"},\"thumbnailUrl\":\"https:\\\/\\\/diariotextual.com\\\/inicio\\\/wp-content\\\/uploads\\\/2018\\\/05\\\/palestinaisraelataque2018-11.jpg\",\"articleSection\":[\"A - ES NOTICIA (van abajo)\",\"A - QUE PASA (al costado)\",\"MUNDO\"],\"inLanguage\":\"es\",\"potentialAction\":[{\"@type\":\"CommentAction\",\"name\":\"Comment\",\"target\":[\"https:\\\/\\\/diariotextual.com\\\/inicio\\\/index.php\\\/2018\\\/05\\\/14\\\/eeuu-traslada-embajada-jerusalen-decenas-muertos-1700-heridos\\\/#respond\"]}]},{\"@type\":\"WebPage\",\"@id\":\"https:\\\/\\\/diariotextual.com\\\/inicio\\\/index.php\\\/2018\\\/05\\\/14\\\/eeuu-traslada-embajada-jerusalen-decenas-muertos-1700-heridos\\\/\",\"url\":\"https:\\\/\\\/diariotextual.com\\\/inicio\\\/index.php\\\/2018\\\/05\\\/14\\\/eeuu-traslada-embajada-jerusalen-decenas-muertos-1700-heridos\\\/\",\"name\":\"Masacre en la Franja de Gaza: ya hay 52 muertos - Diario Textual\",\"isPartOf\":{\"@id\":\"https:\\\/\\\/diariotextual.com\\\/inicio\\\/#website\"},\"primaryImageOfPage\":{\"@id\":\"https:\\\/\\\/diariotextual.com\\\/inicio\\\/index.php\\\/2018\\\/05\\\/14\\\/eeuu-traslada-embajada-jerusalen-decenas-muertos-1700-heridos\\\/#primaryimage\"},\"image\":{\"@id\":\"https:\\\/\\\/diariotextual.com\\\/inicio\\\/index.php\\\/2018\\\/05\\\/14\\\/eeuu-traslada-embajada-jerusalen-decenas-muertos-1700-heridos\\\/#primaryimage\"},\"thumbnailUrl\":\"https:\\\/\\\/diariotextual.com\\\/inicio\\\/wp-content\\\/uploads\\\/2018\\\/05\\\/palestinaisraelataque2018-11.jpg\",\"datePublished\":\"2018-05-14T13:01:45+00:00\",\"dateModified\":\"2018-05-15T11:26:08+00:00\",\"breadcrumb\":{\"@id\":\"https:\\\/\\\/diariotextual.com\\\/inicio\\\/index.php\\\/2018\\\/05\\\/14\\\/eeuu-traslada-embajada-jerusalen-decenas-muertos-1700-heridos\\\/#breadcrumb\"},\"inLanguage\":\"es\",\"potentialAction\":[{\"@type\":\"ReadAction\",\"target\":[\"https:\\\/\\\/diariotextual.com\\\/inicio\\\/index.php\\\/2018\\\/05\\\/14\\\/eeuu-traslada-embajada-jerusalen-decenas-muertos-1700-heridos\\\/\"]}]},{\"@type\":\"ImageObject\",\"inLanguage\":\"es\",\"@id\":\"https:\\\/\\\/diariotextual.com\\\/inicio\\\/index.php\\\/2018\\\/05\\\/14\\\/eeuu-traslada-embajada-jerusalen-decenas-muertos-1700-heridos\\\/#primaryimage\",\"url\":\"https:\\\/\\\/diariotextual.com\\\/inicio\\\/wp-content\\\/uploads\\\/2018\\\/05\\\/palestinaisraelataque2018-11.jpg\",\"contentUrl\":\"https:\\\/\\\/diariotextual.com\\\/inicio\\\/wp-content\\\/uploads\\\/2018\\\/05\\\/palestinaisraelataque2018-11.jpg\",\"width\":824,\"height\":464},{\"@type\":\"BreadcrumbList\",\"@id\":\"https:\\\/\\\/diariotextual.com\\\/inicio\\\/index.php\\\/2018\\\/05\\\/14\\\/eeuu-traslada-embajada-jerusalen-decenas-muertos-1700-heridos\\\/#breadcrumb\",\"itemListElement\":[{\"@type\":\"ListItem\",\"position\":1,\"name\":\"Portada\",\"item\":\"https:\\\/\\\/diariotextual.com\\\/inicio\\\/\"},{\"@type\":\"ListItem\",\"position\":2,\"name\":\"Masacre en la Franja de Gaza: ya hay 52 muertos\"}]},{\"@type\":\"WebSite\",\"@id\":\"https:\\\/\\\/diariotextual.com\\\/inicio\\\/#website\",\"url\":\"https:\\\/\\\/diariotextual.com\\\/inicio\\\/\",\"name\":\"Diario Textual\",\"description\":\"\",\"publisher\":{\"@id\":\"https:\\\/\\\/diariotextual.com\\\/inicio\\\/#organization\"},\"potentialAction\":[{\"@type\":\"SearchAction\",\"target\":{\"@type\":\"EntryPoint\",\"urlTemplate\":\"https:\\\/\\\/diariotextual.com\\\/inicio\\\/?s={search_term_string}\"},\"query-input\":{\"@type\":\"PropertyValueSpecification\",\"valueRequired\":true,\"valueName\":\"search_term_string\"}}],\"inLanguage\":\"es\"},{\"@type\":\"Organization\",\"@id\":\"https:\\\/\\\/diariotextual.com\\\/inicio\\\/#organization\",\"name\":\"Diario Textual\",\"url\":\"https:\\\/\\\/diariotextual.com\\\/inicio\\\/\",\"logo\":{\"@type\":\"ImageObject\",\"inLanguage\":\"es\",\"@id\":\"https:\\\/\\\/diariotextual.com\\\/inicio\\\/#\\\/schema\\\/logo\\\/image\\\/\",\"url\":\"https:\\\/\\\/diariotextual.com\\\/inicio\\\/wp-content\\\/uploads\\\/2023\\\/05\\\/logotextual1.jpg\",\"contentUrl\":\"https:\\\/\\\/diariotextual.com\\\/inicio\\\/wp-content\\\/uploads\\\/2023\\\/05\\\/logotextual1.jpg\",\"width\":516,\"height\":76,\"caption\":\"Diario Textual\"},\"image\":{\"@id\":\"https:\\\/\\\/diariotextual.com\\\/inicio\\\/#\\\/schema\\\/logo\\\/image\\\/\"},\"sameAs\":[\"https:\\\/\\\/www.facebook.com\\\/eltextual\",\"https:\\\/\\\/x.com\\\/eltextual\",\"http:\\\/\\\/www.instagram.com\\\/eltextual\"]},{\"@type\":\"Person\",\"@id\":\"https:\\\/\\\/diariotextual.com\\\/inicio\\\/#\\\/schema\\\/person\\\/418fc4093c33e86ed41562db3508f958\",\"name\":\"Diario1 Diario1\",\"image\":{\"@type\":\"ImageObject\",\"inLanguage\":\"es\",\"@id\":\"https:\\\/\\\/secure.gravatar.com\\\/avatar\\\/9167d280179c85bc18be67aa7eda765854300033af4896dd779b608640f2ef7a?s=96&d=mm&r=g\",\"url\":\"https:\\\/\\\/secure.gravatar.com\\\/avatar\\\/9167d280179c85bc18be67aa7eda765854300033af4896dd779b608640f2ef7a?s=96&d=mm&r=g\",\"contentUrl\":\"https:\\\/\\\/secure.gravatar.com\\\/avatar\\\/9167d280179c85bc18be67aa7eda765854300033af4896dd779b608640f2ef7a?s=96&d=mm&r=g\",\"caption\":\"Diario1 Diario1\"},\"url\":\"https:\\\/\\\/diariotextual.com\\\/inicio\\\/index.php\\\/author\\\/diario1\\\/\"}]}<\/script>\n<!-- \/ Yoast SEO plugin. -->","yoast_head_json":{"title":"Masacre en la Franja de Gaza: ya hay 52 muertos - Diario Textual","robots":{"index":"index","follow":"follow","max-snippet":"max-snippet:-1","max-image-preview":"max-image-preview:large","max-video-preview":"max-video-preview:-1"},"canonical":"https:\/\/diariotextual.com\/inicio\/index.php\/2018\/05\/14\/eeuu-traslada-embajada-jerusalen-decenas-muertos-1700-heridos\/","og_locale":"es_ES","og_type":"article","og_title":"Masacre en la Franja de Gaza: ya hay 52 muertos - Diario Textual","og_description":"El n\u00famero de muertos por disparos del Ej\u00e9rcito israel\u00ed en las protestas de Gaza contra el traslado de la Embajada de Estados Unidos a Jerusal\u00e9n subi\u00f3 a 52, seg\u00fan datos&hellip;","og_url":"https:\/\/diariotextual.com\/inicio\/index.php\/2018\/05\/14\/eeuu-traslada-embajada-jerusalen-decenas-muertos-1700-heridos\/","og_site_name":"Diario Textual","article_publisher":"https:\/\/www.facebook.com\/eltextual","article_published_time":"2018-05-14T13:01:45+00:00","article_modified_time":"2018-05-15T11:26:08+00:00","og_image":[{"width":824,"height":464,"url":"https:\/\/diariotextual.com\/inicio\/wp-content\/uploads\/2018\/05\/palestinaisraelataque2018-11.jpg","type":"image\/jpeg"}],"author":"Diario1 Diario1","twitter_card":"summary_large_image","twitter_creator":"@eltextual","twitter_site":"@eltextual","twitter_misc":{"Escrito por":"Diario1 Diario1","Tiempo de lectura":"2 minutos"},"schema":{"@context":"https:\/\/schema.org","@graph":[{"@type":"Article","@id":"https:\/\/diariotextual.com\/inicio\/index.php\/2018\/05\/14\/eeuu-traslada-embajada-jerusalen-decenas-muertos-1700-heridos\/#article","isPartOf":{"@id":"https:\/\/diariotextual.com\/inicio\/index.php\/2018\/05\/14\/eeuu-traslada-embajada-jerusalen-decenas-muertos-1700-heridos\/"},"author":{"name":"Diario1 Diario1","@id":"https:\/\/diariotextual.com\/inicio\/#\/schema\/person\/418fc4093c33e86ed41562db3508f958"},"headline":"Masacre en la Franja de Gaza: ya hay 52 muertos","datePublished":"2018-05-14T13:01:45+00:00","dateModified":"2018-05-15T11:26:08+00:00","mainEntityOfPage":{"@id":"https:\/\/diariotextual.com\/inicio\/index.php\/2018\/05\/14\/eeuu-traslada-embajada-jerusalen-decenas-muertos-1700-heridos\/"},"wordCount":338,"commentCount":0,"publisher":{"@id":"https:\/\/diariotextual.com\/inicio\/#organization"},"image":{"@id":"https:\/\/diariotextual.com\/inicio\/index.php\/2018\/05\/14\/eeuu-traslada-embajada-jerusalen-decenas-muertos-1700-heridos\/#primaryimage"},"thumbnailUrl":"https:\/\/diariotextual.com\/inicio\/wp-content\/uploads\/2018\/05\/palestinaisraelataque2018-11.jpg","articleSection":["A - ES NOTICIA (van abajo)","A - QUE PASA (al costado)","MUNDO"],"inLanguage":"es","potentialAction":[{"@type":"CommentAction","name":"Comment","target":["https:\/\/diariotextual.com\/inicio\/index.php\/2018\/05\/14\/eeuu-traslada-embajada-jerusalen-decenas-muertos-1700-heridos\/#respond"]}]},{"@type":"WebPage","@id":"https:\/\/diariotextual.com\/inicio\/index.php\/2018\/05\/14\/eeuu-traslada-embajada-jerusalen-decenas-muertos-1700-heridos\/","url":"https:\/\/diariotextual.com\/inicio\/index.php\/2018\/05\/14\/eeuu-traslada-embajada-jerusalen-decenas-muertos-1700-heridos\/","name":"Masacre en la Franja de Gaza: ya hay 52 muertos - Diario Textual","isPartOf":{"@id":"https:\/\/diariotextual.com\/inicio\/#website"},"primaryImageOfPage":{"@id":"https:\/\/diariotextual.com\/inicio\/index.php\/2018\/05\/14\/eeuu-traslada-embajada-jerusalen-decenas-muertos-1700-heridos\/#primaryimage"},"image":{"@id":"https:\/\/diariotextual.com\/inicio\/index.php\/2018\/05\/14\/eeuu-traslada-embajada-jerusalen-decenas-muertos-1700-heridos\/#primaryimage"},"thumbnailUrl":"https:\/\/diariotextual.com\/inicio\/wp-content\/uploads\/2018\/05\/palestinaisraelataque2018-11.jpg","datePublished":"2018-05-14T13:01:45+00:00","dateModified":"2018-05-15T11:26:08+00:00","breadcrumb":{"@id":"https:\/\/diariotextual.com\/inicio\/index.php\/2018\/05\/14\/eeuu-traslada-embajada-jerusalen-decenas-muertos-1700-heridos\/#breadcrumb"},"inLanguage":"es","potentialAction":[{"@type":"ReadAction","target":["https:\/\/diariotextual.com\/inicio\/index.php\/2018\/05\/14\/eeuu-traslada-embajada-jerusalen-decenas-muertos-1700-heridos\/"]}]},{"@type":"ImageObject","inLanguage":"es","@id":"https:\/\/diariotextual.com\/inicio\/index.php\/2018\/05\/14\/eeuu-traslada-embajada-jerusalen-decenas-muertos-1700-heridos\/#primaryimage","url":"https:\/\/diariotextual.com\/inicio\/wp-content\/uploads\/2018\/05\/palestinaisraelataque2018-11.jpg","contentUrl":"https:\/\/diariotextual.com\/inicio\/wp-content\/uploads\/2018\/05\/palestinaisraelataque2018-11.jpg","width":824,"height":464},{"@type":"BreadcrumbList","@id":"https:\/\/diariotextual.com\/inicio\/index.php\/2018\/05\/14\/eeuu-traslada-embajada-jerusalen-decenas-muertos-1700-heridos\/#breadcrumb","itemListElement":[{"@type":"ListItem","position":1,"name":"Portada","item":"https:\/\/diariotextual.com\/inicio\/"},{"@type":"ListItem","position":2,"name":"Masacre en la Franja de Gaza: ya hay 52 muertos"}]},{"@type":"WebSite","@id":"https:\/\/diariotextual.com\/inicio\/#website","url":"https:\/\/diariotextual.com\/inicio\/","name":"Diario Textual","description":"","publisher":{"@id":"https:\/\/diariotextual.com\/inicio\/#organization"},"potentialAction":[{"@type":"SearchAction","target":{"@type":"EntryPoint","urlTemplate":"https:\/\/diariotextual.com\/inicio\/?s={search_term_string}"},"query-input":{"@type":"PropertyValueSpecification","valueRequired":true,"valueName":"search_term_string"}}],"inLanguage":"es"},{"@type":"Organization","@id":"https:\/\/diariotextual.com\/inicio\/#organization","name":"Diario Textual","url":"https:\/\/diariotextual.com\/inicio\/","logo":{"@type":"ImageObject","inLanguage":"es","@id":"https:\/\/diariotextual.com\/inicio\/#\/schema\/logo\/image\/","url":"https:\/\/diariotextual.com\/inicio\/wp-content\/uploads\/2023\/05\/logotextual1.jpg","contentUrl":"https:\/\/diariotextual.com\/inicio\/wp-content\/uploads\/2023\/05\/logotextual1.jpg","width":516,"height":76,"caption":"Diario Textual"},"image":{"@id":"https:\/\/diariotextual.com\/inicio\/#\/schema\/logo\/image\/"},"sameAs":["https:\/\/www.facebook.com\/eltextual","https:\/\/x.com\/eltextual","http:\/\/www.instagram.com\/eltextual"]},{"@type":"Person","@id":"https:\/\/diariotextual.com\/inicio\/#\/schema\/person\/418fc4093c33e86ed41562db3508f958","name":"Diario1 Diario1","image":{"@type":"ImageObject","inLanguage":"es","@id":"https:\/\/secure.gravatar.com\/avatar\/9167d280179c85bc18be67aa7eda765854300033af4896dd779b608640f2ef7a?s=96&d=mm&r=g","url":"https:\/\/secure.gravatar.com\/avatar\/9167d280179c85bc18be67aa7eda765854300033af4896dd779b608640f2ef7a?s=96&d=mm&r=g","contentUrl":"https:\/\/secure.gravatar.com\/avatar\/9167d280179c85bc18be67aa7eda765854300033af4896dd779b608640f2ef7a?s=96&d=mm&r=g","caption":"Diario1 Diario1"},"url":"https:\/\/diariotextual.com\/inicio\/index.php\/author\/diario1\/"}]}},"_links":{"self":[{"href":"https:\/\/diariotextual.com\/inicio\/index.php\/wp-json\/wp\/v2\/posts\/7375","targetHints":{"allow":["GET"]}}],"collection":[{"href":"https:\/\/diariotextual.com\/inicio\/index.php\/wp-json\/wp\/v2\/posts"}],"about":[{"href":"https:\/\/diariotextual.com\/inicio\/index.php\/wp-json\/wp\/v2\/types\/post"}],"author":[{"embeddable":true,"href":"https:\/\/diariotextual.com\/inicio\/index.php\/wp-json\/wp\/v2\/users\/3"}],"replies":[{"embeddable":true,"href":"https:\/\/diariotextual.com\/inicio\/index.php\/wp-json\/wp\/v2\/comments?post=7375"}],"version-history":[{"count":4,"href":"https:\/\/diariotextual.com\/inicio\/index.php\/wp-json\/wp\/v2\/posts\/7375\/revisions"}],"predecessor-version":[{"id":7434,"href":"https:\/\/diariotextual.com\/inicio\/index.php\/wp-json\/wp\/v2\/posts\/7375\/revisions\/7434"}],"wp:featuredmedia":[{"embeddable":true,"href":"https:\/\/diariotextual.com\/inicio\/index.php\/wp-json\/wp\/v2\/media\/7376"}],"wp:attachment":[{"href":"https:\/\/diariotextual.com\/inicio\/index.php\/wp-json\/wp\/v2\/media?parent=7375"}],"wp:term":[{"taxonomy":"category","embeddable":true,"href":"https:\/\/diariotextual.com\/inicio\/index.php\/wp-json\/wp\/v2\/categories?post=7375"},{"taxonomy":"post_tag","embeddable":true,"href":"https:\/\/diariotextual.com\/inicio\/index.php\/wp-json\/wp\/v2\/tags?post=7375"}],"curies":[{"name":"wp","href":"https:\/\/api.w.org\/{rel}","templated":true}]}}