{"id":74047,"date":"2019-12-20T13:44:15","date_gmt":"2019-12-20T16:44:15","guid":{"rendered":"http:\/\/diariotextual.com\/inicio\/?p=74047"},"modified":"2019-12-20T20:18:40","modified_gmt":"2019-12-20T23:18:40","slug":"ziliotto-anuncio-creditos-250-millones-pequenas-medianas-empresas","status":"publish","type":"post","link":"https:\/\/diariotextual.com\/inicio\/index.php\/2019\/12\/20\/ziliotto-anuncio-creditos-250-millones-pequenas-medianas-empresas\/","title":{"rendered":"Ziliotto anunci\u00f3 cr\u00e9ditos por $350 millones para peque\u00f1as y medianas empresas"},"content":{"rendered":"<p>El gobernador <strong>Sergio Ziliotto<\/strong> anunci\u00f3, en el tradicional brindis de fin de a\u00f1o con la prensa, el lanzamiento de una l\u00ednea de cr\u00e9ditos por $350 millones para empresas peque\u00f1as y medianas.<\/p>\n<p><strong>\u00abUno de los objetivos es reactivar el consumo\u00bb<\/strong>, sostuvo el mandatario desde el Sal\u00f3n de Acuerdos, en el brindis con los periodistas.<\/p>\n<p>\u00abEstamos poniendo a disposici\u00f3n de ese sector una cartera de cr\u00e9ditos por 350 millones de pesos con una bonificaci\u00f3n del 15%, resultando una tasa del 38%, para lo que es capital de trabajo\u00bb, dijo. \u00abEn tanto para productores afectados por la sequ\u00eda logramos bonificarlos hasta un 17%, resultando tasas del 36%. Tambi\u00e9n bajamos la tasa para ese instrumento formidable que da posibilidades de ventas a las empresas, como lo es el Programa Compre Pampeano y es otro aporte del Gobierno Provincial para reactivar la econom\u00eda y el consumo interno\u00bb, expres\u00f3.<\/p>\n<p>\u201cApostamos a que<strong> la inversi\u00f3n productiva sea mucho mejor negocio que la especulaci\u00f3n financiera y eso es darle al sector privado las herramientas para que puedan poner a produci<\/strong>r. Adem\u00e1s, se fomenta tambi\u00e9n el consumo y que se tenga la posibilidad de vender en el mercado los productos que se est\u00e9n fabricando o vendiendo\u201d, expres\u00f3.<\/p>\n<p>\u201cEso tiene que ver con la reactivaci\u00f3n econ\u00f3mica y tenemos como ideolog\u00eda, como convicci\u00f3n, un rol claro del Estado: intervenir en la econom\u00eda a favor de la gente y en este caso, a favor de los empresarios de La Pampa\u00bb, dijo. \u00abEso significa dar m\u00e1s trabajo, mejorar las condiciones econ\u00f3micas de las empresas y eso va a redundar en una mejor calidad de vida de todos los pampeanos. Tenemos\u00a0 que gobernar para todos: los m\u00e1s vulnerables, los empleados p\u00fablicos y el sector privado y esta es una de las muestras, m\u00e1s todas las que estaremos anunciando en enero\u201d, dijo.<\/p>\n<p><strong>-\u00bfPor la relaci\u00f3n con el gobierno nacional, La Pampa podr\u00e1 contar con obras y viviendas?<\/strong><\/p>\n<p>-Con respecto a ese tema, yo quiero tomar el \u00faltimo p\u00e1rrafo de mi discurso, cuando hablaba que convocaba a todos los sectores para consolidar el desarrollo de La Pampa y estemos orgullosos de ser pampeanos. En estos d\u00edas, concurrimos a una convocatoria del Presidente y cuando ve\u00eda que los mandatarios firmaban una adenda, me sent\u00eda orgulloso de ser pampeano. La enorme mayor\u00eda de las provincia fue a que el presidente les determinara un salvataje financiero, para pagar sueldos, deudas y nosotros, en La Pampa, con nuestros propios recursos, con los impuestos que pagan los pampeanos, destinamos m\u00e1s de 1300 millones de pesos. Anunciamos obras p\u00fablicas en General Pico, con el Parque Industrial, en Santa Rosa, en Uriburu, en La Adela, en Toay, suman 643 millones de pesos, con dineros nuestros. Y lo que tiene que ver con los programas de contenci\u00f3n social, invertimos 610 millones de pesos, m\u00e1s el aporte del Banco de La Pampa. Si hay algo que me entusiasma, es que el Gobierno Nacional va a premiar la eficiencia y es lo que mostramos nosotros. Yo no estaba en la lista de los gobernadores desesperados que fueron a Naci\u00f3n, para pedirles que les perdonen obligaciones y\u00a0 puedan recuperar su caja. Eso es parte del orgullo que siento como gobernador y el que tienen que tener todos los pampeanos.<\/p>\n<p><strong>-Municipios pidieron auxilio para el bono navide\u00f1o, \u00bfse tiene que pensar en modificar la ley de coparticipaci\u00f3n?<\/strong><\/p>\n<p>&#8211;<strong>Nunca como Gobierno provincial dejamos a los municipios librados a su propia suerte<\/strong>. Lo dije en la C\u00e1mara, en los \u00faltimos 12 a\u00f1os, aumentamos el 50% la incidencia del presupuesto provincial de los recursos que en forma autom\u00e1tica llegan a los municipios. La descentralizaci\u00f3n no es un lema y siempre vamos a ayudar a los municipios, pero tambi\u00e9n vamos a estar exigiendo eficiencia. <strong>Vamos a analizar con cada intendente, caso por caso y empezar a trabajar pensando en esa eficiencia, no solo en el gasto<\/strong>. Y eso es una obligaci\u00f3n como\u00a0 funcionario, y es tambi\u00e9n una demanda de la sociedad y en eso, vamos a trabajar.<\/p>\n<p><strong>-\u00bfHay alguna novedad con respecto a Empatel?<\/strong><\/p>\n<p>-Con respecto a Empatel, todav\u00eda no tenemos conocimiento que se haya designado a un titular. Wado de Pedro sabe que este es un tema neur\u00e1lgico para La Pampa y quien m\u00e1s sabe del tema, entienden el rol del estado y es del interior profundo como nosotros, es M\u00e1ximo Kirchner. Vamos a trabajar en conjunto. La Pampa ya tiene la licencia como operador de red de telecomunicaciones, porque hemos cumplido con toda la normativa. Eso lo estamos peleando, junto con Verna y el doctor Gigena, hicimos un pronto despacho, para que el Gobierno nacional nos otorgue esa licencia. El pr\u00f3ximo paso es la asignaci\u00f3n del espectro de red, las 4G.<\/p>\n<p><strong>-Infobae destac\u00f3 su buena relaci\u00f3n con Wado de Pedro\u2026<\/strong><\/p>\n<p>-En estos cuatro a\u00f1os como diputado nacional, he tenido la oportunidad de tratar con diputados de todos los bloques y fuerzas pol\u00edticas y me toca compartir gesti\u00f3n con muchos compa\u00f1eros y amigos, de pelear leyes, como la primera ley anti despidos, la ley anti tarifas, de trabajar todos en comisi\u00f3n y nos une una forma de ver la pol\u00edtica en forma distintas, de ver c\u00f3mo se aplican las pol\u00edticas p\u00fablicas y en eso tengo, una excelente relaci\u00f3n con Wado de Pedro. Ustedes han visto que hay una gran cantidad de diputados ocupando ministerios. Tengo una excelente relaci\u00f3n con Gin\u00e9s Garc\u00eda de la gesti\u00f3n anterior, con Arroyo, con Salvarezza. La \u00faltima buena noticia que tuvimos con Toti Garay, reunidos con Gabriel Katopodis, es que el presidente de Vialidad Nacional tambi\u00e9n es un amigo como Gustavo Varela, intendente del conurbano bonaerense, fue diputado conmigo y trabajamos juntos en el r\u00e9gimen anti tarifas. Ah\u00ed tambi\u00e9n tenemos una puerta abierta. Nos tienen en cuenta porque siempre hemos hecho bien las cosas.<\/p>\n<p><strong>-\u00bfQu\u00e9 opina del congelamiento por seis meses de las tarifas de energ\u00eda?<\/strong><\/p>\n<p>&#8211;<strong>Compartimos al decisi\u00f3n pol\u00edtica de congelar por lo menos por seis meses<\/strong>. Ahora, con los aumentos de salarios, ese dinero podr\u00e1 volcarse al consumo. Adem\u00e1s, hay una decisi\u00f3n del gobierno nacional con las empresas privatizadas. En el caso de las cooperativas, tendr\u00e1n un desahogo de tanta gente que no podr\u00e1 pagar sus tarifas. Y en el marco de distribuci\u00f3n de la energ\u00eda, como provincia, vamos a seguir defendiendo el modelo cooperativo.<\/p>\n<p><strong>-\u00bfEsta relaci\u00f3n con Naci\u00f3n, permitir\u00e1 que paguen la deuda con La Pampa?<\/strong><\/p>\n<p>-Cada vez que saludamos al presidente o un ministro, les decimos que no se olviden de la deuda con La Pampa y en eso tenemos en cuenta de la coherencia del reclamo.<strong> Los dos reclamos de deudas hechos por La Pampa, est\u00e1n en la Justicia, que fall\u00f3 en uno y se declar\u00f3 competente en la otra, tenemos un aval de la Justicia<\/strong>. Tenemos que encontrar el momento, hoy por hoy, el gobierno nacional est\u00e1 recomponiendo la caja. La caja no existe y lo mismo pasa en los ministerios. No hay un peso y hay deudas.<\/p>\n<p>&nbsp;<\/p>\n<p>&nbsp;<\/p>\n<p>&nbsp;<\/p>\n<p>&nbsp;<\/p>\n","protected":false},"excerpt":{"rendered":"<p>El gobernador Sergio Ziliotto anunci\u00f3, en el tradicional brindis de fin de a\u00f1o con la prensa, el lanzamiento de una l\u00ednea de cr\u00e9ditos por $350 millones para empresas peque\u00f1as y&hellip;<\/p>\n","protected":false},"author":3,"featured_media":74073,"comment_status":"closed","ping_status":"open","sticky":false,"template":"","format":"standard","meta":{"_acf_changed":false,"footnotes":""},"categories":[10,5],"tags":[424],"class_list":["post-74047","post","type-post","status-publish","format-standard","has-post-thumbnail","hentry","category-portada-2","category-economia","tag-ziliotto"],"acf":[],"yoast_head":"<!-- This site is optimized with the Yoast SEO plugin v27.5 - https:\/\/yoast.com\/product\/yoast-seo-wordpress\/ -->\n<title>Ziliotto anunci\u00f3 cr\u00e9ditos por $350 millones para peque\u00f1as y medianas empresas - Diario Textual<\/title>\n<meta name=\"robots\" content=\"index, follow, max-snippet:-1, max-image-preview:large, max-video-preview:-1\" \/>\n<link rel=\"canonical\" href=\"https:\/\/diariotextual.com\/inicio\/index.php\/2019\/12\/20\/ziliotto-anuncio-creditos-250-millones-pequenas-medianas-empresas\/\" \/>\n<meta property=\"og:locale\" content=\"es_ES\" \/>\n<meta property=\"og:type\" content=\"article\" \/>\n<meta property=\"og:title\" content=\"Ziliotto anunci\u00f3 cr\u00e9ditos por $350 millones para peque\u00f1as y medianas empresas - Diario Textual\" \/>\n<meta property=\"og:description\" content=\"El gobernador Sergio Ziliotto anunci\u00f3, en el tradicional brindis de fin de a\u00f1o con la prensa, el lanzamiento de una l\u00ednea de cr\u00e9ditos por $350 millones para empresas peque\u00f1as y&hellip;\" \/>\n<meta property=\"og:url\" content=\"https:\/\/diariotextual.com\/inicio\/index.php\/2019\/12\/20\/ziliotto-anuncio-creditos-250-millones-pequenas-medianas-empresas\/\" \/>\n<meta property=\"og:site_name\" content=\"Diario Textual\" \/>\n<meta property=\"article:publisher\" content=\"https:\/\/www.facebook.com\/eltextual\" \/>\n<meta property=\"article:published_time\" content=\"2019-12-20T16:44:15+00:00\" \/>\n<meta property=\"article:modified_time\" content=\"2019-12-20T23:18:40+00:00\" \/>\n<meta property=\"og:image\" content=\"https:\/\/diariotextual.com\/inicio\/wp-content\/uploads\/2019\/12\/ziliottosergiobrindisfindea\u00f1operiodistas2019-2.jpg\" \/>\n\t<meta property=\"og:image:width\" content=\"955\" \/>\n\t<meta property=\"og:image:height\" content=\"608\" \/>\n\t<meta property=\"og:image:type\" content=\"image\/jpeg\" \/>\n<meta name=\"author\" content=\"Diario1 Diario1\" \/>\n<meta name=\"twitter:card\" content=\"summary_large_image\" \/>\n<meta name=\"twitter:creator\" content=\"@eltextual\" \/>\n<meta name=\"twitter:site\" content=\"@eltextual\" \/>\n<meta name=\"twitter:label1\" content=\"Escrito por\" \/>\n\t<meta name=\"twitter:data1\" content=\"Diario1 Diario1\" \/>\n\t<meta name=\"twitter:label2\" content=\"Tiempo de lectura\" \/>\n\t<meta name=\"twitter:data2\" content=\"6 minutos\" \/>\n<script type=\"application\/ld+json\" class=\"yoast-schema-graph\">{\"@context\":\"https:\\\/\\\/schema.org\",\"@graph\":[{\"@type\":\"Article\",\"@id\":\"https:\\\/\\\/diariotextual.com\\\/inicio\\\/index.php\\\/2019\\\/12\\\/20\\\/ziliotto-anuncio-creditos-250-millones-pequenas-medianas-empresas\\\/#article\",\"isPartOf\":{\"@id\":\"https:\\\/\\\/diariotextual.com\\\/inicio\\\/index.php\\\/2019\\\/12\\\/20\\\/ziliotto-anuncio-creditos-250-millones-pequenas-medianas-empresas\\\/\"},\"author\":{\"name\":\"Diario1 Diario1\",\"@id\":\"https:\\\/\\\/diariotextual.com\\\/inicio\\\/#\\\/schema\\\/person\\\/418fc4093c33e86ed41562db3508f958\"},\"headline\":\"Ziliotto anunci\u00f3 cr\u00e9ditos por $350 millones para peque\u00f1as y medianas empresas\",\"datePublished\":\"2019-12-20T16:44:15+00:00\",\"dateModified\":\"2019-12-20T23:18:40+00:00\",\"mainEntityOfPage\":{\"@id\":\"https:\\\/\\\/diariotextual.com\\\/inicio\\\/index.php\\\/2019\\\/12\\\/20\\\/ziliotto-anuncio-creditos-250-millones-pequenas-medianas-empresas\\\/\"},\"wordCount\":1227,\"publisher\":{\"@id\":\"https:\\\/\\\/diariotextual.com\\\/inicio\\\/#organization\"},\"image\":{\"@id\":\"https:\\\/\\\/diariotextual.com\\\/inicio\\\/index.php\\\/2019\\\/12\\\/20\\\/ziliotto-anuncio-creditos-250-millones-pequenas-medianas-empresas\\\/#primaryimage\"},\"thumbnailUrl\":\"https:\\\/\\\/diariotextual.com\\\/inicio\\\/wp-content\\\/uploads\\\/2019\\\/12\\\/ziliottosergiobrindisfindea\u00f1operiodistas2019-2.jpg\",\"keywords\":[\"ziliotto\"],\"articleSection\":[\"A - PORTADA2\",\"ECONOMIA\"],\"inLanguage\":\"es\"},{\"@type\":\"WebPage\",\"@id\":\"https:\\\/\\\/diariotextual.com\\\/inicio\\\/index.php\\\/2019\\\/12\\\/20\\\/ziliotto-anuncio-creditos-250-millones-pequenas-medianas-empresas\\\/\",\"url\":\"https:\\\/\\\/diariotextual.com\\\/inicio\\\/index.php\\\/2019\\\/12\\\/20\\\/ziliotto-anuncio-creditos-250-millones-pequenas-medianas-empresas\\\/\",\"name\":\"Ziliotto anunci\u00f3 cr\u00e9ditos por $350 millones para peque\u00f1as y medianas empresas - Diario Textual\",\"isPartOf\":{\"@id\":\"https:\\\/\\\/diariotextual.com\\\/inicio\\\/#website\"},\"primaryImageOfPage\":{\"@id\":\"https:\\\/\\\/diariotextual.com\\\/inicio\\\/index.php\\\/2019\\\/12\\\/20\\\/ziliotto-anuncio-creditos-250-millones-pequenas-medianas-empresas\\\/#primaryimage\"},\"image\":{\"@id\":\"https:\\\/\\\/diariotextual.com\\\/inicio\\\/index.php\\\/2019\\\/12\\\/20\\\/ziliotto-anuncio-creditos-250-millones-pequenas-medianas-empresas\\\/#primaryimage\"},\"thumbnailUrl\":\"https:\\\/\\\/diariotextual.com\\\/inicio\\\/wp-content\\\/uploads\\\/2019\\\/12\\\/ziliottosergiobrindisfindea\u00f1operiodistas2019-2.jpg\",\"datePublished\":\"2019-12-20T16:44:15+00:00\",\"dateModified\":\"2019-12-20T23:18:40+00:00\",\"breadcrumb\":{\"@id\":\"https:\\\/\\\/diariotextual.com\\\/inicio\\\/index.php\\\/2019\\\/12\\\/20\\\/ziliotto-anuncio-creditos-250-millones-pequenas-medianas-empresas\\\/#breadcrumb\"},\"inLanguage\":\"es\",\"potentialAction\":[{\"@type\":\"ReadAction\",\"target\":[\"https:\\\/\\\/diariotextual.com\\\/inicio\\\/index.php\\\/2019\\\/12\\\/20\\\/ziliotto-anuncio-creditos-250-millones-pequenas-medianas-empresas\\\/\"]}]},{\"@type\":\"ImageObject\",\"inLanguage\":\"es\",\"@id\":\"https:\\\/\\\/diariotextual.com\\\/inicio\\\/index.php\\\/2019\\\/12\\\/20\\\/ziliotto-anuncio-creditos-250-millones-pequenas-medianas-empresas\\\/#primaryimage\",\"url\":\"https:\\\/\\\/diariotextual.com\\\/inicio\\\/wp-content\\\/uploads\\\/2019\\\/12\\\/ziliottosergiobrindisfindea\u00f1operiodistas2019-2.jpg\",\"contentUrl\":\"https:\\\/\\\/diariotextual.com\\\/inicio\\\/wp-content\\\/uploads\\\/2019\\\/12\\\/ziliottosergiobrindisfindea\u00f1operiodistas2019-2.jpg\",\"width\":955,\"height\":608},{\"@type\":\"BreadcrumbList\",\"@id\":\"https:\\\/\\\/diariotextual.com\\\/inicio\\\/index.php\\\/2019\\\/12\\\/20\\\/ziliotto-anuncio-creditos-250-millones-pequenas-medianas-empresas\\\/#breadcrumb\",\"itemListElement\":[{\"@type\":\"ListItem\",\"position\":1,\"name\":\"Portada\",\"item\":\"https:\\\/\\\/diariotextual.com\\\/inicio\\\/\"},{\"@type\":\"ListItem\",\"position\":2,\"name\":\"Ziliotto anunci\u00f3 cr\u00e9ditos por $350 millones para peque\u00f1as y medianas empresas\"}]},{\"@type\":\"WebSite\",\"@id\":\"https:\\\/\\\/diariotextual.com\\\/inicio\\\/#website\",\"url\":\"https:\\\/\\\/diariotextual.com\\\/inicio\\\/\",\"name\":\"Diario Textual\",\"description\":\"\",\"publisher\":{\"@id\":\"https:\\\/\\\/diariotextual.com\\\/inicio\\\/#organization\"},\"potentialAction\":[{\"@type\":\"SearchAction\",\"target\":{\"@type\":\"EntryPoint\",\"urlTemplate\":\"https:\\\/\\\/diariotextual.com\\\/inicio\\\/?s={search_term_string}\"},\"query-input\":{\"@type\":\"PropertyValueSpecification\",\"valueRequired\":true,\"valueName\":\"search_term_string\"}}],\"inLanguage\":\"es\"},{\"@type\":\"Organization\",\"@id\":\"https:\\\/\\\/diariotextual.com\\\/inicio\\\/#organization\",\"name\":\"Diario Textual\",\"url\":\"https:\\\/\\\/diariotextual.com\\\/inicio\\\/\",\"logo\":{\"@type\":\"ImageObject\",\"inLanguage\":\"es\",\"@id\":\"https:\\\/\\\/diariotextual.com\\\/inicio\\\/#\\\/schema\\\/logo\\\/image\\\/\",\"url\":\"https:\\\/\\\/diariotextual.com\\\/inicio\\\/wp-content\\\/uploads\\\/2023\\\/05\\\/logotextual1.jpg\",\"contentUrl\":\"https:\\\/\\\/diariotextual.com\\\/inicio\\\/wp-content\\\/uploads\\\/2023\\\/05\\\/logotextual1.jpg\",\"width\":516,\"height\":76,\"caption\":\"Diario Textual\"},\"image\":{\"@id\":\"https:\\\/\\\/diariotextual.com\\\/inicio\\\/#\\\/schema\\\/logo\\\/image\\\/\"},\"sameAs\":[\"https:\\\/\\\/www.facebook.com\\\/eltextual\",\"https:\\\/\\\/x.com\\\/eltextual\",\"http:\\\/\\\/www.instagram.com\\\/eltextual\"]},{\"@type\":\"Person\",\"@id\":\"https:\\\/\\\/diariotextual.com\\\/inicio\\\/#\\\/schema\\\/person\\\/418fc4093c33e86ed41562db3508f958\",\"name\":\"Diario1 Diario1\",\"image\":{\"@type\":\"ImageObject\",\"inLanguage\":\"es\",\"@id\":\"https:\\\/\\\/secure.gravatar.com\\\/avatar\\\/9167d280179c85bc18be67aa7eda765854300033af4896dd779b608640f2ef7a?s=96&d=mm&r=g\",\"url\":\"https:\\\/\\\/secure.gravatar.com\\\/avatar\\\/9167d280179c85bc18be67aa7eda765854300033af4896dd779b608640f2ef7a?s=96&d=mm&r=g\",\"contentUrl\":\"https:\\\/\\\/secure.gravatar.com\\\/avatar\\\/9167d280179c85bc18be67aa7eda765854300033af4896dd779b608640f2ef7a?s=96&d=mm&r=g\",\"caption\":\"Diario1 Diario1\"},\"url\":\"https:\\\/\\\/diariotextual.com\\\/inicio\\\/index.php\\\/author\\\/diario1\\\/\"}]}<\/script>\n<!-- \/ Yoast SEO plugin. -->","yoast_head_json":{"title":"Ziliotto anunci\u00f3 cr\u00e9ditos por $350 millones para peque\u00f1as y medianas empresas - Diario Textual","robots":{"index":"index","follow":"follow","max-snippet":"max-snippet:-1","max-image-preview":"max-image-preview:large","max-video-preview":"max-video-preview:-1"},"canonical":"https:\/\/diariotextual.com\/inicio\/index.php\/2019\/12\/20\/ziliotto-anuncio-creditos-250-millones-pequenas-medianas-empresas\/","og_locale":"es_ES","og_type":"article","og_title":"Ziliotto anunci\u00f3 cr\u00e9ditos por $350 millones para peque\u00f1as y medianas empresas - Diario Textual","og_description":"El gobernador Sergio Ziliotto anunci\u00f3, en el tradicional brindis de fin de a\u00f1o con la prensa, el lanzamiento de una l\u00ednea de cr\u00e9ditos por $350 millones para empresas peque\u00f1as y&hellip;","og_url":"https:\/\/diariotextual.com\/inicio\/index.php\/2019\/12\/20\/ziliotto-anuncio-creditos-250-millones-pequenas-medianas-empresas\/","og_site_name":"Diario Textual","article_publisher":"https:\/\/www.facebook.com\/eltextual","article_published_time":"2019-12-20T16:44:15+00:00","article_modified_time":"2019-12-20T23:18:40+00:00","og_image":[{"width":955,"height":608,"url":"https:\/\/diariotextual.com\/inicio\/wp-content\/uploads\/2019\/12\/ziliottosergiobrindisfindea\u00f1operiodistas2019-2.jpg","type":"image\/jpeg"}],"author":"Diario1 Diario1","twitter_card":"summary_large_image","twitter_creator":"@eltextual","twitter_site":"@eltextual","twitter_misc":{"Escrito por":"Diario1 Diario1","Tiempo de lectura":"6 minutos"},"schema":{"@context":"https:\/\/schema.org","@graph":[{"@type":"Article","@id":"https:\/\/diariotextual.com\/inicio\/index.php\/2019\/12\/20\/ziliotto-anuncio-creditos-250-millones-pequenas-medianas-empresas\/#article","isPartOf":{"@id":"https:\/\/diariotextual.com\/inicio\/index.php\/2019\/12\/20\/ziliotto-anuncio-creditos-250-millones-pequenas-medianas-empresas\/"},"author":{"name":"Diario1 Diario1","@id":"https:\/\/diariotextual.com\/inicio\/#\/schema\/person\/418fc4093c33e86ed41562db3508f958"},"headline":"Ziliotto anunci\u00f3 cr\u00e9ditos por $350 millones para peque\u00f1as y medianas empresas","datePublished":"2019-12-20T16:44:15+00:00","dateModified":"2019-12-20T23:18:40+00:00","mainEntityOfPage":{"@id":"https:\/\/diariotextual.com\/inicio\/index.php\/2019\/12\/20\/ziliotto-anuncio-creditos-250-millones-pequenas-medianas-empresas\/"},"wordCount":1227,"publisher":{"@id":"https:\/\/diariotextual.com\/inicio\/#organization"},"image":{"@id":"https:\/\/diariotextual.com\/inicio\/index.php\/2019\/12\/20\/ziliotto-anuncio-creditos-250-millones-pequenas-medianas-empresas\/#primaryimage"},"thumbnailUrl":"https:\/\/diariotextual.com\/inicio\/wp-content\/uploads\/2019\/12\/ziliottosergiobrindisfindea\u00f1operiodistas2019-2.jpg","keywords":["ziliotto"],"articleSection":["A - PORTADA2","ECONOMIA"],"inLanguage":"es"},{"@type":"WebPage","@id":"https:\/\/diariotextual.com\/inicio\/index.php\/2019\/12\/20\/ziliotto-anuncio-creditos-250-millones-pequenas-medianas-empresas\/","url":"https:\/\/diariotextual.com\/inicio\/index.php\/2019\/12\/20\/ziliotto-anuncio-creditos-250-millones-pequenas-medianas-empresas\/","name":"Ziliotto anunci\u00f3 cr\u00e9ditos por $350 millones para peque\u00f1as y medianas empresas - Diario Textual","isPartOf":{"@id":"https:\/\/diariotextual.com\/inicio\/#website"},"primaryImageOfPage":{"@id":"https:\/\/diariotextual.com\/inicio\/index.php\/2019\/12\/20\/ziliotto-anuncio-creditos-250-millones-pequenas-medianas-empresas\/#primaryimage"},"image":{"@id":"https:\/\/diariotextual.com\/inicio\/index.php\/2019\/12\/20\/ziliotto-anuncio-creditos-250-millones-pequenas-medianas-empresas\/#primaryimage"},"thumbnailUrl":"https:\/\/diariotextual.com\/inicio\/wp-content\/uploads\/2019\/12\/ziliottosergiobrindisfindea\u00f1operiodistas2019-2.jpg","datePublished":"2019-12-20T16:44:15+00:00","dateModified":"2019-12-20T23:18:40+00:00","breadcrumb":{"@id":"https:\/\/diariotextual.com\/inicio\/index.php\/2019\/12\/20\/ziliotto-anuncio-creditos-250-millones-pequenas-medianas-empresas\/#breadcrumb"},"inLanguage":"es","potentialAction":[{"@type":"ReadAction","target":["https:\/\/diariotextual.com\/inicio\/index.php\/2019\/12\/20\/ziliotto-anuncio-creditos-250-millones-pequenas-medianas-empresas\/"]}]},{"@type":"ImageObject","inLanguage":"es","@id":"https:\/\/diariotextual.com\/inicio\/index.php\/2019\/12\/20\/ziliotto-anuncio-creditos-250-millones-pequenas-medianas-empresas\/#primaryimage","url":"https:\/\/diariotextual.com\/inicio\/wp-content\/uploads\/2019\/12\/ziliottosergiobrindisfindea\u00f1operiodistas2019-2.jpg","contentUrl":"https:\/\/diariotextual.com\/inicio\/wp-content\/uploads\/2019\/12\/ziliottosergiobrindisfindea\u00f1operiodistas2019-2.jpg","width":955,"height":608},{"@type":"BreadcrumbList","@id":"https:\/\/diariotextual.com\/inicio\/index.php\/2019\/12\/20\/ziliotto-anuncio-creditos-250-millones-pequenas-medianas-empresas\/#breadcrumb","itemListElement":[{"@type":"ListItem","position":1,"name":"Portada","item":"https:\/\/diariotextual.com\/inicio\/"},{"@type":"ListItem","position":2,"name":"Ziliotto anunci\u00f3 cr\u00e9ditos por $350 millones para peque\u00f1as y medianas empresas"}]},{"@type":"WebSite","@id":"https:\/\/diariotextual.com\/inicio\/#website","url":"https:\/\/diariotextual.com\/inicio\/","name":"Diario Textual","description":"","publisher":{"@id":"https:\/\/diariotextual.com\/inicio\/#organization"},"potentialAction":[{"@type":"SearchAction","target":{"@type":"EntryPoint","urlTemplate":"https:\/\/diariotextual.com\/inicio\/?s={search_term_string}"},"query-input":{"@type":"PropertyValueSpecification","valueRequired":true,"valueName":"search_term_string"}}],"inLanguage":"es"},{"@type":"Organization","@id":"https:\/\/diariotextual.com\/inicio\/#organization","name":"Diario Textual","url":"https:\/\/diariotextual.com\/inicio\/","logo":{"@type":"ImageObject","inLanguage":"es","@id":"https:\/\/diariotextual.com\/inicio\/#\/schema\/logo\/image\/","url":"https:\/\/diariotextual.com\/inicio\/wp-content\/uploads\/2023\/05\/logotextual1.jpg","contentUrl":"https:\/\/diariotextual.com\/inicio\/wp-content\/uploads\/2023\/05\/logotextual1.jpg","width":516,"height":76,"caption":"Diario Textual"},"image":{"@id":"https:\/\/diariotextual.com\/inicio\/#\/schema\/logo\/image\/"},"sameAs":["https:\/\/www.facebook.com\/eltextual","https:\/\/x.com\/eltextual","http:\/\/www.instagram.com\/eltextual"]},{"@type":"Person","@id":"https:\/\/diariotextual.com\/inicio\/#\/schema\/person\/418fc4093c33e86ed41562db3508f958","name":"Diario1 Diario1","image":{"@type":"ImageObject","inLanguage":"es","@id":"https:\/\/secure.gravatar.com\/avatar\/9167d280179c85bc18be67aa7eda765854300033af4896dd779b608640f2ef7a?s=96&d=mm&r=g","url":"https:\/\/secure.gravatar.com\/avatar\/9167d280179c85bc18be67aa7eda765854300033af4896dd779b608640f2ef7a?s=96&d=mm&r=g","contentUrl":"https:\/\/secure.gravatar.com\/avatar\/9167d280179c85bc18be67aa7eda765854300033af4896dd779b608640f2ef7a?s=96&d=mm&r=g","caption":"Diario1 Diario1"},"url":"https:\/\/diariotextual.com\/inicio\/index.php\/author\/diario1\/"}]}},"_links":{"self":[{"href":"https:\/\/diariotextual.com\/inicio\/index.php\/wp-json\/wp\/v2\/posts\/74047","targetHints":{"allow":["GET"]}}],"collection":[{"href":"https:\/\/diariotextual.com\/inicio\/index.php\/wp-json\/wp\/v2\/posts"}],"about":[{"href":"https:\/\/diariotextual.com\/inicio\/index.php\/wp-json\/wp\/v2\/types\/post"}],"author":[{"embeddable":true,"href":"https:\/\/diariotextual.com\/inicio\/index.php\/wp-json\/wp\/v2\/users\/3"}],"replies":[{"embeddable":true,"href":"https:\/\/diariotextual.com\/inicio\/index.php\/wp-json\/wp\/v2\/comments?post=74047"}],"version-history":[{"count":6,"href":"https:\/\/diariotextual.com\/inicio\/index.php\/wp-json\/wp\/v2\/posts\/74047\/revisions"}],"predecessor-version":[{"id":74097,"href":"https:\/\/diariotextual.com\/inicio\/index.php\/wp-json\/wp\/v2\/posts\/74047\/revisions\/74097"}],"wp:featuredmedia":[{"embeddable":true,"href":"https:\/\/diariotextual.com\/inicio\/index.php\/wp-json\/wp\/v2\/media\/74073"}],"wp:attachment":[{"href":"https:\/\/diariotextual.com\/inicio\/index.php\/wp-json\/wp\/v2\/media?parent=74047"}],"wp:term":[{"taxonomy":"category","embeddable":true,"href":"https:\/\/diariotextual.com\/inicio\/index.php\/wp-json\/wp\/v2\/categories?post=74047"},{"taxonomy":"post_tag","embeddable":true,"href":"https:\/\/diariotextual.com\/inicio\/index.php\/wp-json\/wp\/v2\/tags?post=74047"}],"curies":[{"name":"wp","href":"https:\/\/api.w.org\/{rel}","templated":true}]}}